{"id":121989,"date":"2026-04-30T12:10:21","date_gmt":"2026-04-30T09:10:21","guid":{"rendered":"https:\/\/urbeamea.ro\/albaiulia\/?p=121989"},"modified":"2026-04-30T12:10:23","modified_gmt":"2026-04-30T09:10:23","slug":"16-22-mai-are-loc-cea-de-a-xix-a-editie-a-festivalul-international-de-teatru-povesti","status":"publish","type":"post","link":"https:\/\/urbeamea.ro\/albaiulia\/16-22-mai-are-loc-cea-de-a-xix-a-editie-a-festivalul-international-de-teatru-povesti\/","title":{"rendered":"16 &#8211; 22 mai, are loc cea de-a XIX-a edi\u021bie a Festivalul Interna\u021bional de Teatru \u201ePove\u0219ti\u201d"},"content":{"rendered":"\n<p>Teatrul de P\u0103pu\u0219i \u201ePrichindel\u201d \u0219i Consiliul Jude\u021bean Alba organizeaz\u0103, \u00een perioada 16 &#8211; 22 mai, Festivalul Interna\u021bional de Teatru \u201ePove\u0219ti\u201d, care ajunge anul acesta la cea de-a XIX-a edi\u021bie.<\/p>\n\n\n\n<p>Spectacole de teatru pentru copii, tineri \u0219i adul\u021bi, evenimente \u00een aer liber, expozi\u021bii, conferin\u021be, concert \u2013 toate aduc cu ele o poveste, perfect\u0103 pentru a fi \u00eemp\u0103rt\u0103\u0219it\u0103 tuturor.<\/p>\n\n\n\n<p>V\u0103 invit\u0103m s\u0103 c\u0103l\u0103torim \u00eempreun\u0103 \u00een lumea de poveste, care aduce z\u00e2mbet, care provoac\u0103 amintiri, care ne pune pe g\u00e2nduri \u0219i st\u00e2rne\u0219te emo\u021bie.<\/p>\n\n\n\n<p>Continu\u0103m \u0219i la aceast\u0103 edi\u021bie seria evenimentelor \u00een aer liber, cuprinse \u00eentr-un program complex: anima\u021bie stradal\u0103, parad\u0103 cu p\u0103pu\u0219i \u0219i marionete gigant, spectacole pentru \u00eentreaga familie, care aduce povestea \u00een mijlocul oamenilor.<\/p>\n\n\n\n<p>A\u0219adar, \u00eencep\u00e2nd de miercuri, 29 aprilie 2026, v\u0103 a\u0219tept\u0103m la casieria Teatrului de P\u0103pu\u0219i \u201ePrichindel\u201d, de luni p\u00e2n\u0103 vineri, \u00eentre orele 9:00 \u0219i 14:00, respectiv la casieria Casei de Cultur\u0103 a Sindicatelor, de luni p\u00e2n\u0103 vineri, \u00eentre orele 9:00 \u0219i 13:00 sau online pe <a href=\"http:\/\/www.teatrulalba.ro\">www.teatrulalba.ro<\/a> \u0219i <a href=\"http:\/\/www.fitab.ro\">www.fitab.ro<\/a>.<\/p>\n\n\n\n<p>Pre\u021bul biletelor este de:<\/p>\n\n\n\n<ul class=\"wp-block-list\">\n<li>8 lei pentru copii \u0219i elevi;<\/li>\n\n\n\n<li>15 lei pentru studen\u021bi \u0219i pensionari;<\/li>\n\n\n\n<li>35 lei pentru adul\u021bi;<\/li>\n\n\n\n<li>15 lei pentru persoane cu dizabilit\u0103\u021bi, respectiv adultul cu handicap mediu \u0219i u\u0219or;<\/li>\n\n\n\n<li>gratuit pentru copilul cu handicap, precum \u0219i persoana care \u00eel \u00eenso\u021be\u0219te;<\/li>\n<\/ul>\n\n\n\n<p>gratuit pentru adultul cu handicap grav \u0219i accentuat, precum \u0219i persoana care \u00eel \u00eenso\u021be\u0219te.<\/p>\n\n\n\n<figure class=\"wp-block-gallery has-nested-images columns-default is-cropped wp-block-gallery-1 is-layout-flex wp-block-gallery-is-layout-flex\">\n<figure class=\"wp-block-image size-large\"><img loading=\"lazy\" decoding=\"async\" width=\"914\" height=\"1280\" data-id=\"121991\" src=\"https:\/\/urbeamea.ro\/albaiulia\/wp-content\/uploads\/2026\/04\/50x70-imagine-final-914x1280.jpg\" alt=\"\" class=\"wp-image-121991\" srcset=\"https:\/\/urbeamea.ro\/albaiulia\/wp-content\/uploads\/2026\/04\/50x70-imagine-final-914x1280.jpg 914w, https:\/\/urbeamea.ro\/albaiulia\/wp-content\/uploads\/2026\/04\/50x70-imagine-final-457x640.jpg 457w, https:\/\/urbeamea.ro\/albaiulia\/wp-content\/uploads\/2026\/04\/50x70-imagine-final-107x150.jpg 107w, https:\/\/urbeamea.ro\/albaiulia\/wp-content\/uploads\/2026\/04\/50x70-imagine-final-768x1075.jpg 768w, https:\/\/urbeamea.ro\/albaiulia\/wp-content\/uploads\/2026\/04\/50x70-imagine-final-1097x1536.jpg 1097w, https:\/\/urbeamea.ro\/albaiulia\/wp-content\/uploads\/2026\/04\/50x70-imagine-final.jpg 1143w\" sizes=\"auto, (max-width: 914px) 100vw, 914px\" \/><\/figure>\n\n\n\n<figure class=\"wp-block-image size-large\"><img loading=\"lazy\" decoding=\"async\" width=\"910\" height=\"1280\" data-id=\"121990\" src=\"https:\/\/urbeamea.ro\/albaiulia\/wp-content\/uploads\/2026\/04\/50x70-program-ocru-910x1280.jpg\" alt=\"\" class=\"wp-image-121990\" srcset=\"https:\/\/urbeamea.ro\/albaiulia\/wp-content\/uploads\/2026\/04\/50x70-program-ocru-910x1280.jpg 910w, https:\/\/urbeamea.ro\/albaiulia\/wp-content\/uploads\/2026\/04\/50x70-program-ocru-455x640.jpg 455w, https:\/\/urbeamea.ro\/albaiulia\/wp-content\/uploads\/2026\/04\/50x70-program-ocru-107x150.jpg 107w, https:\/\/urbeamea.ro\/albaiulia\/wp-content\/uploads\/2026\/04\/50x70-program-ocru-768x1081.jpg 768w, https:\/\/urbeamea.ro\/albaiulia\/wp-content\/uploads\/2026\/04\/50x70-program-ocru-1092x1536.jpg 1092w, https:\/\/urbeamea.ro\/albaiulia\/wp-content\/uploads\/2026\/04\/50x70-program-ocru.jpg 1137w\" sizes=\"auto, (max-width: 910px) 100vw, 910px\" \/><\/figure>\n<\/figure>\n\n\n\n<p><\/p>\n","protected":false},"excerpt":{"rendered":"<p>Teatrul de P\u0103pu\u0219i \u201ePrichindel\u201d \u0219i Consiliul Jude\u021bean Alba organizeaz\u0103, \u00een perioada 16 &#8211; 22 mai, Festivalul Interna\u021bional de Teatru \u201ePove\u0219ti\u201d, care ajunge anul acesta la cea de-a XIX-a edi\u021bie. Spectacole de teatru pentru copii, tineri \u0219i adul\u021bi, evenimente \u00een aer liber, expozi\u021bii, conferin\u021be, concert \u2013 toate aduc cu ele o poveste, perfect\u0103 pentru a fi &hellip;<\/p>\n","protected":false},"author":16,"featured_media":121992,"comment_status":"open","ping_status":"open","sticky":false,"template":"","format":"standard","meta":{"inline_featured_image":false,"footnotes":""},"categories":[4],"tags":[],"class_list":["post-121989","post","type-post","status-publish","format-standard","has-post-thumbnail","hentry","category-eveniment"],"yoast_head":"<!-- This site is optimized with the Yoast SEO plugin v27.4 - https:\/\/yoast.com\/product\/yoast-seo-wordpress\/ -->\n<title>16 - 22 mai, are loc cea de-a XIX-a edi\u021bie a Festivalul Interna\u021bional de Teatru \u201ePove\u0219ti\u201d - Revista Urbea Mea - Revista de Alba<\/title>\n<meta name=\"description\" content=\"Teatrul de P\u0103pu\u0219i \u201ePrichindel\u201d \u0219i Consiliul Jude\u021bean Alba organizeaz\u0103, \u00een perioada 16 - 22 mai, Festivalul Interna\u021bional de Teatru \u201ePove\u0219ti\u201d, care ajunge\" \/>\n<meta name=\"robots\" content=\"index, follow, max-snippet:-1, max-image-preview:large, max-video-preview:-1\" \/>\n<link rel=\"canonical\" href=\"https:\/\/urbeamea.ro\/albaiulia\/16-22-mai-are-loc-cea-de-a-xix-a-editie-a-festivalul-international-de-teatru-povesti\/\" \/>\n<meta name=\"twitter:card\" content=\"summary_large_image\" \/>\n<meta name=\"twitter:title\" content=\"16 - 22 mai, are loc cea de-a XIX-a edi\u021bie a Festivalul Interna\u021bional de Teatru \u201ePove\u0219ti\u201d - Revista Urbea Mea - Revista de Alba\" \/>\n<meta name=\"twitter:description\" content=\"Teatrul de P\u0103pu\u0219i \u201ePrichindel\u201d \u0219i Consiliul Jude\u021bean Alba organizeaz\u0103, \u00een perioada 16 - 22 mai, Festivalul Interna\u021bional de Teatru \u201ePove\u0219ti\u201d, care ajunge\" \/>\n<meta name=\"twitter:image\" content=\"https:\/\/urbeamea.ro\/albaiulia\/wp-content\/uploads\/2026\/04\/686100308_1782708746357336_689977159486666682_n.jpg\" \/>\n<meta name=\"twitter:creator\" content=\"@urbeameaweb\" \/>\n<meta name=\"twitter:site\" content=\"@urbeameaweb\" \/>\n<script type=\"application\/ld+json\" class=\"yoast-schema-graph\">{\"@context\":\"https:\\\/\\\/schema.org\",\"@graph\":[{\"@type\":\"Article\",\"@id\":\"https:\\\/\\\/urbeamea.ro\\\/albaiulia\\\/16-22-mai-are-loc-cea-de-a-xix-a-editie-a-festivalul-international-de-teatru-povesti\\\/#article\",\"isPartOf\":{\"@id\":\"https:\\\/\\\/urbeamea.ro\\\/albaiulia\\\/16-22-mai-are-loc-cea-de-a-xix-a-editie-a-festivalul-international-de-teatru-povesti\\\/\"},\"author\":{\"name\":\"Redac\u021bia UrbeaMea\",\"@id\":\"https:\\\/\\\/urbeamea.ro\\\/albaiulia\\\/#\\\/schema\\\/person\\\/272ae98052f8ee8980f59848df070247\"},\"headline\":\"16 &#8211; 22 mai, are loc cea de-a XIX-a edi\u021bie a Festivalul Interna\u021bional de Teatru \u201ePove\u0219ti\u201d\",\"datePublished\":\"2026-04-30T09:10:21+00:00\",\"dateModified\":\"2026-04-30T09:10:23+00:00\",\"mainEntityOfPage\":{\"@id\":\"https:\\\/\\\/urbeamea.ro\\\/albaiulia\\\/16-22-mai-are-loc-cea-de-a-xix-a-editie-a-festivalul-international-de-teatru-povesti\\\/\"},\"wordCount\":266,\"commentCount\":0,\"image\":{\"@id\":\"https:\\\/\\\/urbeamea.ro\\\/albaiulia\\\/16-22-mai-are-loc-cea-de-a-xix-a-editie-a-festivalul-international-de-teatru-povesti\\\/#primaryimage\"},\"thumbnailUrl\":\"https:\\\/\\\/urbeamea.ro\\\/albaiulia\\\/wp-content\\\/uploads\\\/2026\\\/04\\\/686100308_1782708746357336_689977159486666682_n.jpg\",\"articleSection\":[\"Evenimente\"],\"inLanguage\":\"ro-RO\",\"potentialAction\":[{\"@type\":\"CommentAction\",\"name\":\"Comment\",\"target\":[\"https:\\\/\\\/urbeamea.ro\\\/albaiulia\\\/16-22-mai-are-loc-cea-de-a-xix-a-editie-a-festivalul-international-de-teatru-povesti\\\/#respond\"]}]},{\"@type\":\"WebPage\",\"@id\":\"https:\\\/\\\/urbeamea.ro\\\/albaiulia\\\/16-22-mai-are-loc-cea-de-a-xix-a-editie-a-festivalul-international-de-teatru-povesti\\\/\",\"url\":\"https:\\\/\\\/urbeamea.ro\\\/albaiulia\\\/16-22-mai-are-loc-cea-de-a-xix-a-editie-a-festivalul-international-de-teatru-povesti\\\/\",\"name\":\"16 - 22 mai, are loc cea de-a XIX-a edi\u021bie a Festivalul Interna\u021bional de Teatru \u201ePove\u0219ti\u201d - Revista Urbea Mea - Revista de Alba\",\"isPartOf\":{\"@id\":\"https:\\\/\\\/urbeamea.ro\\\/albaiulia\\\/#website\"},\"primaryImageOfPage\":{\"@id\":\"https:\\\/\\\/urbeamea.ro\\\/albaiulia\\\/16-22-mai-are-loc-cea-de-a-xix-a-editie-a-festivalul-international-de-teatru-povesti\\\/#primaryimage\"},\"image\":{\"@id\":\"https:\\\/\\\/urbeamea.ro\\\/albaiulia\\\/16-22-mai-are-loc-cea-de-a-xix-a-editie-a-festivalul-international-de-teatru-povesti\\\/#primaryimage\"},\"thumbnailUrl\":\"https:\\\/\\\/urbeamea.ro\\\/albaiulia\\\/wp-content\\\/uploads\\\/2026\\\/04\\\/686100308_1782708746357336_689977159486666682_n.jpg\",\"datePublished\":\"2026-04-30T09:10:21+00:00\",\"dateModified\":\"2026-04-30T09:10:23+00:00\",\"author\":{\"@id\":\"https:\\\/\\\/urbeamea.ro\\\/albaiulia\\\/#\\\/schema\\\/person\\\/272ae98052f8ee8980f59848df070247\"},\"description\":\"Teatrul de P\u0103pu\u0219i \u201ePrichindel\u201d \u0219i Consiliul Jude\u021bean Alba organizeaz\u0103, \u00een perioada 16 - 22 mai, Festivalul Interna\u021bional de Teatru \u201ePove\u0219ti\u201d, care ajunge\",\"breadcrumb\":{\"@id\":\"https:\\\/\\\/urbeamea.ro\\\/albaiulia\\\/16-22-mai-are-loc-cea-de-a-xix-a-editie-a-festivalul-international-de-teatru-povesti\\\/#breadcrumb\"},\"inLanguage\":\"ro-RO\",\"potentialAction\":[{\"@type\":\"ReadAction\",\"target\":[\"https:\\\/\\\/urbeamea.ro\\\/albaiulia\\\/16-22-mai-are-loc-cea-de-a-xix-a-editie-a-festivalul-international-de-teatru-povesti\\\/\"]}]},{\"@type\":\"ImageObject\",\"inLanguage\":\"ro-RO\",\"@id\":\"https:\\\/\\\/urbeamea.ro\\\/albaiulia\\\/16-22-mai-are-loc-cea-de-a-xix-a-editie-a-festivalul-international-de-teatru-povesti\\\/#primaryimage\",\"url\":\"https:\\\/\\\/urbeamea.ro\\\/albaiulia\\\/wp-content\\\/uploads\\\/2026\\\/04\\\/686100308_1782708746357336_689977159486666682_n.jpg\",\"contentUrl\":\"https:\\\/\\\/urbeamea.ro\\\/albaiulia\\\/wp-content\\\/uploads\\\/2026\\\/04\\\/686100308_1782708746357336_689977159486666682_n.jpg\",\"width\":1600,\"height\":702},{\"@type\":\"BreadcrumbList\",\"@id\":\"https:\\\/\\\/urbeamea.ro\\\/albaiulia\\\/16-22-mai-are-loc-cea-de-a-xix-a-editie-a-festivalul-international-de-teatru-povesti\\\/#breadcrumb\",\"itemListElement\":[{\"@type\":\"ListItem\",\"position\":1,\"name\":\"Prima pagin\u0103\",\"item\":\"https:\\\/\\\/urbeamea.ro\\\/albaiulia\\\/\"},{\"@type\":\"ListItem\",\"position\":2,\"name\":\"16 &#8211; 22 mai, are loc cea de-a XIX-a edi\u021bie a Festivalul Interna\u021bional de Teatru \u201ePove\u0219ti\u201d\"}]},{\"@type\":\"WebSite\",\"@id\":\"https:\\\/\\\/urbeamea.ro\\\/albaiulia\\\/#website\",\"url\":\"https:\\\/\\\/urbeamea.ro\\\/albaiulia\\\/\",\"name\":\"Revista Urbea Mea, Stiri urbane\",\"description\":\"Evenimente \u0219i \u0219tiri din Alba Iulia, Sebe\u0219, Aiud, Blaj\",\"potentialAction\":[{\"@type\":\"SearchAction\",\"target\":{\"@type\":\"EntryPoint\",\"urlTemplate\":\"https:\\\/\\\/urbeamea.ro\\\/albaiulia\\\/?s={search_term_string}\"},\"query-input\":{\"@type\":\"PropertyValueSpecification\",\"valueRequired\":true,\"valueName\":\"search_term_string\"}}],\"inLanguage\":\"ro-RO\"},{\"@type\":\"Person\",\"@id\":\"https:\\\/\\\/urbeamea.ro\\\/albaiulia\\\/#\\\/schema\\\/person\\\/272ae98052f8ee8980f59848df070247\",\"name\":\"Redac\u021bia UrbeaMea\",\"image\":{\"@type\":\"ImageObject\",\"inLanguage\":\"ro-RO\",\"@id\":\"https:\\\/\\\/secure.gravatar.com\\\/avatar\\\/9ce5a9435071fa1037e8468053ead8e513dbbff59009d3069aadb85506d85a27?s=96&d=mm&r=g\",\"url\":\"https:\\\/\\\/secure.gravatar.com\\\/avatar\\\/9ce5a9435071fa1037e8468053ead8e513dbbff59009d3069aadb85506d85a27?s=96&d=mm&r=g\",\"contentUrl\":\"https:\\\/\\\/secure.gravatar.com\\\/avatar\\\/9ce5a9435071fa1037e8468053ead8e513dbbff59009d3069aadb85506d85a27?s=96&d=mm&r=g\",\"caption\":\"Redac\u021bia UrbeaMea\"},\"description\":\"contact@urbeamea.ro\",\"sameAs\":[\"https:\\\/\\\/www.urbeamea.ro\"],\"url\":\"https:\\\/\\\/urbeamea.ro\\\/albaiulia\\\/author\\\/redactia-urbeamea\\\/\"}]}<\/script>\n<!-- \/ Yoast SEO plugin. -->","yoast_head_json":{"title":"16 - 22 mai, are loc cea de-a XIX-a edi\u021bie a Festivalul Interna\u021bional de Teatru \u201ePove\u0219ti\u201d - Revista Urbea Mea - Revista de Alba","description":"Teatrul de P\u0103pu\u0219i \u201ePrichindel\u201d \u0219i Consiliul Jude\u021bean Alba organizeaz\u0103, \u00een perioada 16 - 22 mai, Festivalul Interna\u021bional de Teatru \u201ePove\u0219ti\u201d, care ajunge","robots":{"index":"index","follow":"follow","max-snippet":"max-snippet:-1","max-image-preview":"max-image-preview:large","max-video-preview":"max-video-preview:-1"},"canonical":"https:\/\/urbeamea.ro\/albaiulia\/16-22-mai-are-loc-cea-de-a-xix-a-editie-a-festivalul-international-de-teatru-povesti\/","twitter_card":"summary_large_image","twitter_title":"16 - 22 mai, are loc cea de-a XIX-a edi\u021bie a Festivalul Interna\u021bional de Teatru \u201ePove\u0219ti\u201d - Revista Urbea Mea - Revista de Alba","twitter_description":"Teatrul de P\u0103pu\u0219i \u201ePrichindel\u201d \u0219i Consiliul Jude\u021bean Alba organizeaz\u0103, \u00een perioada 16 - 22 mai, Festivalul Interna\u021bional de Teatru \u201ePove\u0219ti\u201d, care ajunge","twitter_image":"https:\/\/urbeamea.ro\/albaiulia\/wp-content\/uploads\/2026\/04\/686100308_1782708746357336_689977159486666682_n.jpg","twitter_creator":"@urbeameaweb","twitter_site":"@urbeameaweb","schema":{"@context":"https:\/\/schema.org","@graph":[{"@type":"Article","@id":"https:\/\/urbeamea.ro\/albaiulia\/16-22-mai-are-loc-cea-de-a-xix-a-editie-a-festivalul-international-de-teatru-povesti\/#article","isPartOf":{"@id":"https:\/\/urbeamea.ro\/albaiulia\/16-22-mai-are-loc-cea-de-a-xix-a-editie-a-festivalul-international-de-teatru-povesti\/"},"author":{"name":"Redac\u021bia UrbeaMea","@id":"https:\/\/urbeamea.ro\/albaiulia\/#\/schema\/person\/272ae98052f8ee8980f59848df070247"},"headline":"16 &#8211; 22 mai, are loc cea de-a XIX-a edi\u021bie a Festivalul Interna\u021bional de Teatru \u201ePove\u0219ti\u201d","datePublished":"2026-04-30T09:10:21+00:00","dateModified":"2026-04-30T09:10:23+00:00","mainEntityOfPage":{"@id":"https:\/\/urbeamea.ro\/albaiulia\/16-22-mai-are-loc-cea-de-a-xix-a-editie-a-festivalul-international-de-teatru-povesti\/"},"wordCount":266,"commentCount":0,"image":{"@id":"https:\/\/urbeamea.ro\/albaiulia\/16-22-mai-are-loc-cea-de-a-xix-a-editie-a-festivalul-international-de-teatru-povesti\/#primaryimage"},"thumbnailUrl":"https:\/\/urbeamea.ro\/albaiulia\/wp-content\/uploads\/2026\/04\/686100308_1782708746357336_689977159486666682_n.jpg","articleSection":["Evenimente"],"inLanguage":"ro-RO","potentialAction":[{"@type":"CommentAction","name":"Comment","target":["https:\/\/urbeamea.ro\/albaiulia\/16-22-mai-are-loc-cea-de-a-xix-a-editie-a-festivalul-international-de-teatru-povesti\/#respond"]}]},{"@type":"WebPage","@id":"https:\/\/urbeamea.ro\/albaiulia\/16-22-mai-are-loc-cea-de-a-xix-a-editie-a-festivalul-international-de-teatru-povesti\/","url":"https:\/\/urbeamea.ro\/albaiulia\/16-22-mai-are-loc-cea-de-a-xix-a-editie-a-festivalul-international-de-teatru-povesti\/","name":"16 - 22 mai, are loc cea de-a XIX-a edi\u021bie a Festivalul Interna\u021bional de Teatru \u201ePove\u0219ti\u201d - Revista Urbea Mea - Revista de Alba","isPartOf":{"@id":"https:\/\/urbeamea.ro\/albaiulia\/#website"},"primaryImageOfPage":{"@id":"https:\/\/urbeamea.ro\/albaiulia\/16-22-mai-are-loc-cea-de-a-xix-a-editie-a-festivalul-international-de-teatru-povesti\/#primaryimage"},"image":{"@id":"https:\/\/urbeamea.ro\/albaiulia\/16-22-mai-are-loc-cea-de-a-xix-a-editie-a-festivalul-international-de-teatru-povesti\/#primaryimage"},"thumbnailUrl":"https:\/\/urbeamea.ro\/albaiulia\/wp-content\/uploads\/2026\/04\/686100308_1782708746357336_689977159486666682_n.jpg","datePublished":"2026-04-30T09:10:21+00:00","dateModified":"2026-04-30T09:10:23+00:00","author":{"@id":"https:\/\/urbeamea.ro\/albaiulia\/#\/schema\/person\/272ae98052f8ee8980f59848df070247"},"description":"Teatrul de P\u0103pu\u0219i \u201ePrichindel\u201d \u0219i Consiliul Jude\u021bean Alba organizeaz\u0103, \u00een perioada 16 - 22 mai, Festivalul Interna\u021bional de Teatru \u201ePove\u0219ti\u201d, care ajunge","breadcrumb":{"@id":"https:\/\/urbeamea.ro\/albaiulia\/16-22-mai-are-loc-cea-de-a-xix-a-editie-a-festivalul-international-de-teatru-povesti\/#breadcrumb"},"inLanguage":"ro-RO","potentialAction":[{"@type":"ReadAction","target":["https:\/\/urbeamea.ro\/albaiulia\/16-22-mai-are-loc-cea-de-a-xix-a-editie-a-festivalul-international-de-teatru-povesti\/"]}]},{"@type":"ImageObject","inLanguage":"ro-RO","@id":"https:\/\/urbeamea.ro\/albaiulia\/16-22-mai-are-loc-cea-de-a-xix-a-editie-a-festivalul-international-de-teatru-povesti\/#primaryimage","url":"https:\/\/urbeamea.ro\/albaiulia\/wp-content\/uploads\/2026\/04\/686100308_1782708746357336_689977159486666682_n.jpg","contentUrl":"https:\/\/urbeamea.ro\/albaiulia\/wp-content\/uploads\/2026\/04\/686100308_1782708746357336_689977159486666682_n.jpg","width":1600,"height":702},{"@type":"BreadcrumbList","@id":"https:\/\/urbeamea.ro\/albaiulia\/16-22-mai-are-loc-cea-de-a-xix-a-editie-a-festivalul-international-de-teatru-povesti\/#breadcrumb","itemListElement":[{"@type":"ListItem","position":1,"name":"Prima pagin\u0103","item":"https:\/\/urbeamea.ro\/albaiulia\/"},{"@type":"ListItem","position":2,"name":"16 &#8211; 22 mai, are loc cea de-a XIX-a edi\u021bie a Festivalul Interna\u021bional de Teatru \u201ePove\u0219ti\u201d"}]},{"@type":"WebSite","@id":"https:\/\/urbeamea.ro\/albaiulia\/#website","url":"https:\/\/urbeamea.ro\/albaiulia\/","name":"Revista Urbea Mea, Stiri urbane","description":"Evenimente \u0219i \u0219tiri din Alba Iulia, Sebe\u0219, Aiud, Blaj","potentialAction":[{"@type":"SearchAction","target":{"@type":"EntryPoint","urlTemplate":"https:\/\/urbeamea.ro\/albaiulia\/?s={search_term_string}"},"query-input":{"@type":"PropertyValueSpecification","valueRequired":true,"valueName":"search_term_string"}}],"inLanguage":"ro-RO"},{"@type":"Person","@id":"https:\/\/urbeamea.ro\/albaiulia\/#\/schema\/person\/272ae98052f8ee8980f59848df070247","name":"Redac\u021bia UrbeaMea","image":{"@type":"ImageObject","inLanguage":"ro-RO","@id":"https:\/\/secure.gravatar.com\/avatar\/9ce5a9435071fa1037e8468053ead8e513dbbff59009d3069aadb85506d85a27?s=96&d=mm&r=g","url":"https:\/\/secure.gravatar.com\/avatar\/9ce5a9435071fa1037e8468053ead8e513dbbff59009d3069aadb85506d85a27?s=96&d=mm&r=g","contentUrl":"https:\/\/secure.gravatar.com\/avatar\/9ce5a9435071fa1037e8468053ead8e513dbbff59009d3069aadb85506d85a27?s=96&d=mm&r=g","caption":"Redac\u021bia UrbeaMea"},"description":"contact@urbeamea.ro","sameAs":["https:\/\/www.urbeamea.ro"],"url":"https:\/\/urbeamea.ro\/albaiulia\/author\/redactia-urbeamea\/"}]}},"_links":{"self":[{"href":"https:\/\/urbeamea.ro\/albaiulia\/wp-json\/wp\/v2\/posts\/121989","targetHints":{"allow":["GET"]}}],"collection":[{"href":"https:\/\/urbeamea.ro\/albaiulia\/wp-json\/wp\/v2\/posts"}],"about":[{"href":"https:\/\/urbeamea.ro\/albaiulia\/wp-json\/wp\/v2\/types\/post"}],"author":[{"embeddable":true,"href":"https:\/\/urbeamea.ro\/albaiulia\/wp-json\/wp\/v2\/users\/16"}],"replies":[{"embeddable":true,"href":"https:\/\/urbeamea.ro\/albaiulia\/wp-json\/wp\/v2\/comments?post=121989"}],"version-history":[{"count":1,"href":"https:\/\/urbeamea.ro\/albaiulia\/wp-json\/wp\/v2\/posts\/121989\/revisions"}],"predecessor-version":[{"id":121993,"href":"https:\/\/urbeamea.ro\/albaiulia\/wp-json\/wp\/v2\/posts\/121989\/revisions\/121993"}],"wp:featuredmedia":[{"embeddable":true,"href":"https:\/\/urbeamea.ro\/albaiulia\/wp-json\/wp\/v2\/media\/121992"}],"wp:attachment":[{"href":"https:\/\/urbeamea.ro\/albaiulia\/wp-json\/wp\/v2\/media?parent=121989"}],"wp:term":[{"taxonomy":"category","embeddable":true,"href":"https:\/\/urbeamea.ro\/albaiulia\/wp-json\/wp\/v2\/categories?post=121989"},{"taxonomy":"post_tag","embeddable":true,"href":"https:\/\/urbeamea.ro\/albaiulia\/wp-json\/wp\/v2\/tags?post=121989"}],"curies":[{"name":"wp","href":"https:\/\/api.w.org\/{rel}","templated":true}]}}