{"id":121998,"date":"2026-05-02T09:46:38","date_gmt":"2026-05-02T06:46:38","guid":{"rendered":"https:\/\/urbeamea.ro\/albaiulia\/?p=121998"},"modified":"2026-05-02T09:46:40","modified_gmt":"2026-05-02T06:46:40","slug":"3-10-mai-sarbatoarea-libertatii-la-blaj-expozitie-de-arta-si-fotografie-festival-folcloric-avram-iancu-suntem-toti-concerte-sustinute-de-zdob-si-zdub-cabron-misha","status":"publish","type":"post","link":"https:\/\/urbeamea.ro\/albaiulia\/3-10-mai-sarbatoarea-libertatii-la-blaj-expozitie-de-arta-si-fotografie-festival-folcloric-avram-iancu-suntem-toti-concerte-sustinute-de-zdob-si-zdub-cabron-misha\/","title":{"rendered":"3 &#8211; 10 mai: &#8222;S\u0103rb\u0103toarea Libert\u0103\u021bii&#8221; la Blaj: Expozi\u021bie de art\u0103 \u0219i fotografie, Festival Folcloric &#8221; Avram Iancu suntem to\u021bi&#8221;, concerte sus\u021binute de  Zdob \u0219i Zdub, Cabron, Misha"},"content":{"rendered":"\n<p>\u00cen <strong>perioada 3 &#8211; 10 mai, va avea loc la Blaj, evenimentul &#8221; S\u0103rb\u0103toarea Libert\u0103\u021bii&#8221;.<\/strong><\/p>\n\n\n\n<p>Evenimentul va avea loc pe C\u00e2mpia Libert\u0103\u021bii din Blaj, fiind organizat de Prim\u0103ria Municipiului Blaj, Consiliul Jude\u021bean Alba, Centrul de Cultur\u0103 \u201eAugustin Bena\u201d \u0219i Palatul Cultural Blaj.<\/p>\n\n\n\n<p>Programul include expozi\u021bii de art\u0103 \u0219i fotografie, manifest\u0103ri istorice, concerte sus\u021binute de  Zdob \u0219i Zdub, Cabron, Misha, spectacole folclorice cu arti\u0219ti importan\u021bi.<\/p>\n\n\n\n<p>In perioada 3-6 mai 2026, la Palatul Cultural vor fi organizate expozi\u021bii tematice \u0219i Festivalul Folcloric \u201eAvram Iancu suntem to\u021bi\u201d.<\/p>\n\n\n\n<p>Palatul Cultural Blaj<\/p>\n\n\n\n<p>2 mai: Expozi\u021bia de art\u0103 fotografic\u0103 ,,Blajul de alt\u0103dat\u0103\u201d<\/p>\n\n\n\n<p>4 mai: Expunere public\u0103 a replicii ,,Spada lui \u0218tefan cel Mare\u201d<\/p>\n\n\n\n<p>5 mai: Expozi\u021bia ,,Mure\u0219enii \u0219i Blajul \u2013 de la 1848 la Marea Unire\u201d<\/p>\n\n\n\n<p>6 mai: Festivalul folcloric ,,Avram Iancu suntem to\u021bi\u201d (ora 18.00)<\/p>\n\n\n\n<p>C\u00e2mpia Libert\u0103\u021bii Blaj<\/p>\n\n\n\n<p>9 mai \u2013 ora 17.00 \u2013 Concert extraordinarPaul Berghean, Iris Rus, Isabel Albu, Ioana Ple\u0219a, Georgiana Zbutea \u0219i Alexandra S\u0103lcudean, Spectrum, Cabron, Misha, Zdob \u0219i Zdub.<\/p>\n\n\n\n<p>10 mai \u2013 ora 14.00 \u2013 Spectacol folcloric extraordinar ,,T\u00e2rnavele \u0219i oaspe\u021bii lor \u00een c\u00e2ntec \u0219i joc\u201d<\/p>\n\n\n\n<p>Arti\u0219tii care vor urca pe scen\u0103 sunt: Veta Biri\u0219, Reta Rus, Leontina F\u0103rca\u0219, Paula Hriscu \u0219i Hora\u021biu Ormindeanu, Roxana Reche, Nicolae Plut\u0103, Floricica Moga, Marinela Baba, Dorina Nari\u021ba, Ina Todoran, Anda Horoba, Roxana B\u0103descu, Cristian \u021a\u0103ran, Alexandra B\u0103cil\u0103, Adina Popa Goga, Maria U\u021biu, Ansamblul Folcloric ,, Valea T\u00e2rnavelor\u201d din Blaj, Ansamblul Folcloric ,,C\u0103lin Julescu\u201d din S\u0103li\u0219tea, Ansamblul Folcloric ,,Doina Aiudului\u201d din Aiud.<\/p>\n\n\n\n<p>Acompaniament muzical: Ansamblul Folcloric al jude\u021bului Alba, conducerea muzical\u0103 Alexandru Pal.<\/p>\n\n\n\n<p>&#8222;S\u0103rb\u0103toarea Libert\u0103\u021bii\u201d este unul dintre cele mai importante momente culturale \u0219i identitare pentru Blaj, ora\u0219 simbol al istoriei na\u021bionale, legat de evenimentele revolu\u021bionare de la 1848.<\/p>\n\n\n\n<figure class=\"wp-block-image size-large\"><img loading=\"lazy\" decoding=\"async\" width=\"1040\" height=\"1280\" src=\"https:\/\/urbeamea.ro\/albaiulia\/wp-content\/uploads\/2026\/05\/FB_IMG_1777704302157-1040x1280.jpg\" alt=\"\" class=\"wp-image-121999\" srcset=\"https:\/\/urbeamea.ro\/albaiulia\/wp-content\/uploads\/2026\/05\/FB_IMG_1777704302157-1040x1280.jpg 1040w, https:\/\/urbeamea.ro\/albaiulia\/wp-content\/uploads\/2026\/05\/FB_IMG_1777704302157-520x640.jpg 520w, https:\/\/urbeamea.ro\/albaiulia\/wp-content\/uploads\/2026\/05\/FB_IMG_1777704302157-122x150.jpg 122w, https:\/\/urbeamea.ro\/albaiulia\/wp-content\/uploads\/2026\/05\/FB_IMG_1777704302157-768x945.jpg 768w, https:\/\/urbeamea.ro\/albaiulia\/wp-content\/uploads\/2026\/05\/FB_IMG_1777704302157-1248x1536.jpg 1248w, https:\/\/urbeamea.ro\/albaiulia\/wp-content\/uploads\/2026\/05\/FB_IMG_1777704302157.jpg 1664w\" sizes=\"auto, (max-width: 1040px) 100vw, 1040px\" \/><\/figure>\n","protected":false},"excerpt":{"rendered":"<p>\u00cen perioada 3 &#8211; 10 mai, va avea loc la Blaj, evenimentul &#8221; S\u0103rb\u0103toarea Libert\u0103\u021bii&#8221;. Evenimentul va avea loc pe C\u00e2mpia Libert\u0103\u021bii din Blaj, fiind organizat de Prim\u0103ria Municipiului Blaj, Consiliul Jude\u021bean Alba, Centrul de Cultur\u0103 \u201eAugustin Bena\u201d \u0219i Palatul Cultural Blaj. Programul include expozi\u021bii de art\u0103 \u0219i fotografie, manifest\u0103ri istorice, concerte sus\u021binute de Zdob &hellip;<\/p>\n","protected":false},"author":28,"featured_media":121999,"comment_status":"open","ping_status":"open","sticky":false,"template":"","format":"standard","meta":{"inline_featured_image":false,"footnotes":""},"categories":[23926,2038,2039,4,8857,25,2036,16567,2034,1,61,16344],"tags":[25301],"class_list":["post-121998","post","type-post","status-publish","format-standard","has-post-thumbnail","hentry","category-actualitate","category-cultura","category-educatie","category-eveniment","category-istorie","category-lifestyle-fashion","category-monden","category-muzica","category-social","category-stiri-urbane","category-turism","category-urbea-mea","tag-sarbatoarea-libertatii-2"],"yoast_head":"<!-- This site is optimized with the Yoast SEO plugin v27.4 - https:\/\/yoast.com\/product\/yoast-seo-wordpress\/ -->\n<title>3 - 10 mai: &quot;S\u0103rb\u0103toarea Libert\u0103\u021bii&quot; la Blaj: Expozi\u021bie de art\u0103 \u0219i fotografie, Festival Folcloric &quot; Avram Iancu suntem to\u021bi&quot;, concerte sus\u021binute de Zdob \u0219i Zdub, Cabron, Misha - Revista Urbea Mea - Revista de Alba<\/title>\n<meta name=\"description\" content=\"\u00cen perioada 3 - 10 mai, va avea loc la Blaj, evenimentul &quot; S\u0103rb\u0103toarea Libert\u0103\u021bii&quot;. Evenimentul va avea loc pe C\u00e2mpia Libert\u0103\u021bii din Blaj, fiind organizat\" \/>\n<meta name=\"robots\" content=\"index, follow, max-snippet:-1, max-image-preview:large, max-video-preview:-1\" \/>\n<link rel=\"canonical\" href=\"https:\/\/urbeamea.ro\/albaiulia\/3-10-mai-sarbatoarea-libertatii-la-blaj-expozitie-de-arta-si-fotografie-festival-folcloric-avram-iancu-suntem-toti-concerte-sustinute-de-zdob-si-zdub-cabron-misha\/\" \/>\n<meta name=\"twitter:card\" content=\"summary_large_image\" \/>\n<meta name=\"twitter:title\" content=\"3 - 10 mai: &quot;S\u0103rb\u0103toarea Libert\u0103\u021bii&quot; la Blaj: Expozi\u021bie de art\u0103 \u0219i fotografie, Festival Folcloric &quot; Avram Iancu suntem to\u021bi&quot;, concerte sus\u021binute de Zdob \u0219i Zdub, Cabron, Misha - Revista Urbea Mea - Revista de Alba\" \/>\n<meta name=\"twitter:description\" content=\"\u00cen perioada 3 - 10 mai, va avea loc la Blaj, evenimentul &quot; S\u0103rb\u0103toarea Libert\u0103\u021bii&quot;. Evenimentul va avea loc pe C\u00e2mpia Libert\u0103\u021bii din Blaj, fiind organizat\" \/>\n<meta name=\"twitter:image\" content=\"https:\/\/urbeamea.ro\/albaiulia\/wp-content\/uploads\/2026\/05\/FB_IMG_1777704302157.jpg\" \/>\n<meta name=\"twitter:creator\" content=\"@urbeameaweb\" \/>\n<meta name=\"twitter:site\" content=\"@urbeameaweb\" \/>\n<script type=\"application\/ld+json\" class=\"yoast-schema-graph\">{\"@context\":\"https:\\\/\\\/schema.org\",\"@graph\":[{\"@type\":\"Article\",\"@id\":\"https:\\\/\\\/urbeamea.ro\\\/albaiulia\\\/3-10-mai-sarbatoarea-libertatii-la-blaj-expozitie-de-arta-si-fotografie-festival-folcloric-avram-iancu-suntem-toti-concerte-sustinute-de-zdob-si-zdub-cabron-misha\\\/#article\",\"isPartOf\":{\"@id\":\"https:\\\/\\\/urbeamea.ro\\\/albaiulia\\\/3-10-mai-sarbatoarea-libertatii-la-blaj-expozitie-de-arta-si-fotografie-festival-folcloric-avram-iancu-suntem-toti-concerte-sustinute-de-zdob-si-zdub-cabron-misha\\\/\"},\"author\":{\"name\":\"Giurca Sorin\",\"@id\":\"https:\\\/\\\/urbeamea.ro\\\/albaiulia\\\/#\\\/schema\\\/person\\\/5db3854ac38c1cc9f0ab4092d6a20f02\"},\"headline\":\"3 &#8211; 10 mai: &#8222;S\u0103rb\u0103toarea Libert\u0103\u021bii&#8221; la Blaj: Expozi\u021bie de art\u0103 \u0219i fotografie, Festival Folcloric &#8221; Avram Iancu suntem to\u021bi&#8221;, concerte sus\u021binute de Zdob \u0219i Zdub, Cabron, Misha\",\"datePublished\":\"2026-05-02T06:46:38+00:00\",\"dateModified\":\"2026-05-02T06:46:40+00:00\",\"mainEntityOfPage\":{\"@id\":\"https:\\\/\\\/urbeamea.ro\\\/albaiulia\\\/3-10-mai-sarbatoarea-libertatii-la-blaj-expozitie-de-arta-si-fotografie-festival-folcloric-avram-iancu-suntem-toti-concerte-sustinute-de-zdob-si-zdub-cabron-misha\\\/\"},\"wordCount\":328,\"commentCount\":0,\"image\":{\"@id\":\"https:\\\/\\\/urbeamea.ro\\\/albaiulia\\\/3-10-mai-sarbatoarea-libertatii-la-blaj-expozitie-de-arta-si-fotografie-festival-folcloric-avram-iancu-suntem-toti-concerte-sustinute-de-zdob-si-zdub-cabron-misha\\\/#primaryimage\"},\"thumbnailUrl\":\"https:\\\/\\\/urbeamea.ro\\\/albaiulia\\\/wp-content\\\/uploads\\\/2026\\\/05\\\/FB_IMG_1777704302157.jpg\",\"keywords\":[\"S\u0103rb\u0103toarea Libert\u0103\u021bii\"],\"articleSection\":[\"Actualitate\",\"Cultur\u0103\",\"Educa\u021bie\",\"Evenimente\",\"Istorie\",\"Lifestyle &amp; Fashion\",\"Monden\",\"Muzic\u0103\",\"Social\",\"\u015etiri Urbane\",\"Turism \u0219i Ghidaj turistic\",\"Urbea Mea\"],\"inLanguage\":\"ro-RO\",\"potentialAction\":[{\"@type\":\"CommentAction\",\"name\":\"Comment\",\"target\":[\"https:\\\/\\\/urbeamea.ro\\\/albaiulia\\\/3-10-mai-sarbatoarea-libertatii-la-blaj-expozitie-de-arta-si-fotografie-festival-folcloric-avram-iancu-suntem-toti-concerte-sustinute-de-zdob-si-zdub-cabron-misha\\\/#respond\"]}]},{\"@type\":\"WebPage\",\"@id\":\"https:\\\/\\\/urbeamea.ro\\\/albaiulia\\\/3-10-mai-sarbatoarea-libertatii-la-blaj-expozitie-de-arta-si-fotografie-festival-folcloric-avram-iancu-suntem-toti-concerte-sustinute-de-zdob-si-zdub-cabron-misha\\\/\",\"url\":\"https:\\\/\\\/urbeamea.ro\\\/albaiulia\\\/3-10-mai-sarbatoarea-libertatii-la-blaj-expozitie-de-arta-si-fotografie-festival-folcloric-avram-iancu-suntem-toti-concerte-sustinute-de-zdob-si-zdub-cabron-misha\\\/\",\"name\":\"3 - 10 mai: \\\"S\u0103rb\u0103toarea Libert\u0103\u021bii\\\" la Blaj: Expozi\u021bie de art\u0103 \u0219i fotografie, Festival Folcloric \\\" Avram Iancu suntem to\u021bi\\\", concerte sus\u021binute de Zdob \u0219i Zdub, Cabron, Misha - Revista Urbea Mea - Revista de Alba\",\"isPartOf\":{\"@id\":\"https:\\\/\\\/urbeamea.ro\\\/albaiulia\\\/#website\"},\"primaryImageOfPage\":{\"@id\":\"https:\\\/\\\/urbeamea.ro\\\/albaiulia\\\/3-10-mai-sarbatoarea-libertatii-la-blaj-expozitie-de-arta-si-fotografie-festival-folcloric-avram-iancu-suntem-toti-concerte-sustinute-de-zdob-si-zdub-cabron-misha\\\/#primaryimage\"},\"image\":{\"@id\":\"https:\\\/\\\/urbeamea.ro\\\/albaiulia\\\/3-10-mai-sarbatoarea-libertatii-la-blaj-expozitie-de-arta-si-fotografie-festival-folcloric-avram-iancu-suntem-toti-concerte-sustinute-de-zdob-si-zdub-cabron-misha\\\/#primaryimage\"},\"thumbnailUrl\":\"https:\\\/\\\/urbeamea.ro\\\/albaiulia\\\/wp-content\\\/uploads\\\/2026\\\/05\\\/FB_IMG_1777704302157.jpg\",\"datePublished\":\"2026-05-02T06:46:38+00:00\",\"dateModified\":\"2026-05-02T06:46:40+00:00\",\"author\":{\"@id\":\"https:\\\/\\\/urbeamea.ro\\\/albaiulia\\\/#\\\/schema\\\/person\\\/5db3854ac38c1cc9f0ab4092d6a20f02\"},\"description\":\"\u00cen perioada 3 - 10 mai, va avea loc la Blaj, evenimentul \\\" S\u0103rb\u0103toarea Libert\u0103\u021bii\\\". Evenimentul va avea loc pe C\u00e2mpia Libert\u0103\u021bii din Blaj, fiind organizat\",\"breadcrumb\":{\"@id\":\"https:\\\/\\\/urbeamea.ro\\\/albaiulia\\\/3-10-mai-sarbatoarea-libertatii-la-blaj-expozitie-de-arta-si-fotografie-festival-folcloric-avram-iancu-suntem-toti-concerte-sustinute-de-zdob-si-zdub-cabron-misha\\\/#breadcrumb\"},\"inLanguage\":\"ro-RO\",\"potentialAction\":[{\"@type\":\"ReadAction\",\"target\":[\"https:\\\/\\\/urbeamea.ro\\\/albaiulia\\\/3-10-mai-sarbatoarea-libertatii-la-blaj-expozitie-de-arta-si-fotografie-festival-folcloric-avram-iancu-suntem-toti-concerte-sustinute-de-zdob-si-zdub-cabron-misha\\\/\"]}]},{\"@type\":\"ImageObject\",\"inLanguage\":\"ro-RO\",\"@id\":\"https:\\\/\\\/urbeamea.ro\\\/albaiulia\\\/3-10-mai-sarbatoarea-libertatii-la-blaj-expozitie-de-arta-si-fotografie-festival-folcloric-avram-iancu-suntem-toti-concerte-sustinute-de-zdob-si-zdub-cabron-misha\\\/#primaryimage\",\"url\":\"https:\\\/\\\/urbeamea.ro\\\/albaiulia\\\/wp-content\\\/uploads\\\/2026\\\/05\\\/FB_IMG_1777704302157.jpg\",\"contentUrl\":\"https:\\\/\\\/urbeamea.ro\\\/albaiulia\\\/wp-content\\\/uploads\\\/2026\\\/05\\\/FB_IMG_1777704302157.jpg\",\"width\":1664,\"height\":2048},{\"@type\":\"BreadcrumbList\",\"@id\":\"https:\\\/\\\/urbeamea.ro\\\/albaiulia\\\/3-10-mai-sarbatoarea-libertatii-la-blaj-expozitie-de-arta-si-fotografie-festival-folcloric-avram-iancu-suntem-toti-concerte-sustinute-de-zdob-si-zdub-cabron-misha\\\/#breadcrumb\",\"itemListElement\":[{\"@type\":\"ListItem\",\"position\":1,\"name\":\"Prima pagin\u0103\",\"item\":\"https:\\\/\\\/urbeamea.ro\\\/albaiulia\\\/\"},{\"@type\":\"ListItem\",\"position\":2,\"name\":\"3 &#8211; 10 mai: &#8222;S\u0103rb\u0103toarea Libert\u0103\u021bii&#8221; la Blaj: Expozi\u021bie de art\u0103 \u0219i fotografie, Festival Folcloric &#8221; Avram Iancu suntem to\u021bi&#8221;, concerte sus\u021binute de Zdob \u0219i Zdub, Cabron, Misha\"}]},{\"@type\":\"WebSite\",\"@id\":\"https:\\\/\\\/urbeamea.ro\\\/albaiulia\\\/#website\",\"url\":\"https:\\\/\\\/urbeamea.ro\\\/albaiulia\\\/\",\"name\":\"Revista Urbea Mea, Stiri urbane\",\"description\":\"Evenimente \u0219i \u0219tiri din Alba Iulia, Sebe\u0219, Aiud, Blaj\",\"potentialAction\":[{\"@type\":\"SearchAction\",\"target\":{\"@type\":\"EntryPoint\",\"urlTemplate\":\"https:\\\/\\\/urbeamea.ro\\\/albaiulia\\\/?s={search_term_string}\"},\"query-input\":{\"@type\":\"PropertyValueSpecification\",\"valueRequired\":true,\"valueName\":\"search_term_string\"}}],\"inLanguage\":\"ro-RO\"},{\"@type\":\"Person\",\"@id\":\"https:\\\/\\\/urbeamea.ro\\\/albaiulia\\\/#\\\/schema\\\/person\\\/5db3854ac38c1cc9f0ab4092d6a20f02\",\"name\":\"Giurca Sorin\",\"image\":{\"@type\":\"ImageObject\",\"inLanguage\":\"ro-RO\",\"@id\":\"https:\\\/\\\/secure.gravatar.com\\\/avatar\\\/120f6fcae7b3b47a7730cb9943f612f4909f68ac5284b5f40ac1c4615fd70576?s=96&d=mm&r=g\",\"url\":\"https:\\\/\\\/secure.gravatar.com\\\/avatar\\\/120f6fcae7b3b47a7730cb9943f612f4909f68ac5284b5f40ac1c4615fd70576?s=96&d=mm&r=g\",\"contentUrl\":\"https:\\\/\\\/secure.gravatar.com\\\/avatar\\\/120f6fcae7b3b47a7730cb9943f612f4909f68ac5284b5f40ac1c4615fd70576?s=96&d=mm&r=g\",\"caption\":\"Giurca Sorin\"},\"url\":\"https:\\\/\\\/urbeamea.ro\\\/albaiulia\\\/author\\\/sorin\\\/\"}]}<\/script>\n<!-- \/ Yoast SEO plugin. -->","yoast_head_json":{"title":"3 - 10 mai: \"S\u0103rb\u0103toarea Libert\u0103\u021bii\" la Blaj: Expozi\u021bie de art\u0103 \u0219i fotografie, Festival Folcloric \" Avram Iancu suntem to\u021bi\", concerte sus\u021binute de Zdob \u0219i Zdub, Cabron, Misha - Revista Urbea Mea - Revista de Alba","description":"\u00cen perioada 3 - 10 mai, va avea loc la Blaj, evenimentul \" S\u0103rb\u0103toarea Libert\u0103\u021bii\". Evenimentul va avea loc pe C\u00e2mpia Libert\u0103\u021bii din Blaj, fiind organizat","robots":{"index":"index","follow":"follow","max-snippet":"max-snippet:-1","max-image-preview":"max-image-preview:large","max-video-preview":"max-video-preview:-1"},"canonical":"https:\/\/urbeamea.ro\/albaiulia\/3-10-mai-sarbatoarea-libertatii-la-blaj-expozitie-de-arta-si-fotografie-festival-folcloric-avram-iancu-suntem-toti-concerte-sustinute-de-zdob-si-zdub-cabron-misha\/","twitter_card":"summary_large_image","twitter_title":"3 - 10 mai: \"S\u0103rb\u0103toarea Libert\u0103\u021bii\" la Blaj: Expozi\u021bie de art\u0103 \u0219i fotografie, Festival Folcloric \" Avram Iancu suntem to\u021bi\", concerte sus\u021binute de Zdob \u0219i Zdub, Cabron, Misha - Revista Urbea Mea - Revista de Alba","twitter_description":"\u00cen perioada 3 - 10 mai, va avea loc la Blaj, evenimentul \" S\u0103rb\u0103toarea Libert\u0103\u021bii\". Evenimentul va avea loc pe C\u00e2mpia Libert\u0103\u021bii din Blaj, fiind organizat","twitter_image":"https:\/\/urbeamea.ro\/albaiulia\/wp-content\/uploads\/2026\/05\/FB_IMG_1777704302157.jpg","twitter_creator":"@urbeameaweb","twitter_site":"@urbeameaweb","schema":{"@context":"https:\/\/schema.org","@graph":[{"@type":"Article","@id":"https:\/\/urbeamea.ro\/albaiulia\/3-10-mai-sarbatoarea-libertatii-la-blaj-expozitie-de-arta-si-fotografie-festival-folcloric-avram-iancu-suntem-toti-concerte-sustinute-de-zdob-si-zdub-cabron-misha\/#article","isPartOf":{"@id":"https:\/\/urbeamea.ro\/albaiulia\/3-10-mai-sarbatoarea-libertatii-la-blaj-expozitie-de-arta-si-fotografie-festival-folcloric-avram-iancu-suntem-toti-concerte-sustinute-de-zdob-si-zdub-cabron-misha\/"},"author":{"name":"Giurca Sorin","@id":"https:\/\/urbeamea.ro\/albaiulia\/#\/schema\/person\/5db3854ac38c1cc9f0ab4092d6a20f02"},"headline":"3 &#8211; 10 mai: &#8222;S\u0103rb\u0103toarea Libert\u0103\u021bii&#8221; la Blaj: Expozi\u021bie de art\u0103 \u0219i fotografie, Festival Folcloric &#8221; Avram Iancu suntem to\u021bi&#8221;, concerte sus\u021binute de Zdob \u0219i Zdub, Cabron, Misha","datePublished":"2026-05-02T06:46:38+00:00","dateModified":"2026-05-02T06:46:40+00:00","mainEntityOfPage":{"@id":"https:\/\/urbeamea.ro\/albaiulia\/3-10-mai-sarbatoarea-libertatii-la-blaj-expozitie-de-arta-si-fotografie-festival-folcloric-avram-iancu-suntem-toti-concerte-sustinute-de-zdob-si-zdub-cabron-misha\/"},"wordCount":328,"commentCount":0,"image":{"@id":"https:\/\/urbeamea.ro\/albaiulia\/3-10-mai-sarbatoarea-libertatii-la-blaj-expozitie-de-arta-si-fotografie-festival-folcloric-avram-iancu-suntem-toti-concerte-sustinute-de-zdob-si-zdub-cabron-misha\/#primaryimage"},"thumbnailUrl":"https:\/\/urbeamea.ro\/albaiulia\/wp-content\/uploads\/2026\/05\/FB_IMG_1777704302157.jpg","keywords":["S\u0103rb\u0103toarea Libert\u0103\u021bii"],"articleSection":["Actualitate","Cultur\u0103","Educa\u021bie","Evenimente","Istorie","Lifestyle &amp; Fashion","Monden","Muzic\u0103","Social","\u015etiri Urbane","Turism \u0219i Ghidaj turistic","Urbea Mea"],"inLanguage":"ro-RO","potentialAction":[{"@type":"CommentAction","name":"Comment","target":["https:\/\/urbeamea.ro\/albaiulia\/3-10-mai-sarbatoarea-libertatii-la-blaj-expozitie-de-arta-si-fotografie-festival-folcloric-avram-iancu-suntem-toti-concerte-sustinute-de-zdob-si-zdub-cabron-misha\/#respond"]}]},{"@type":"WebPage","@id":"https:\/\/urbeamea.ro\/albaiulia\/3-10-mai-sarbatoarea-libertatii-la-blaj-expozitie-de-arta-si-fotografie-festival-folcloric-avram-iancu-suntem-toti-concerte-sustinute-de-zdob-si-zdub-cabron-misha\/","url":"https:\/\/urbeamea.ro\/albaiulia\/3-10-mai-sarbatoarea-libertatii-la-blaj-expozitie-de-arta-si-fotografie-festival-folcloric-avram-iancu-suntem-toti-concerte-sustinute-de-zdob-si-zdub-cabron-misha\/","name":"3 - 10 mai: \"S\u0103rb\u0103toarea Libert\u0103\u021bii\" la Blaj: Expozi\u021bie de art\u0103 \u0219i fotografie, Festival Folcloric \" Avram Iancu suntem to\u021bi\", concerte sus\u021binute de Zdob \u0219i Zdub, Cabron, Misha - Revista Urbea Mea - Revista de Alba","isPartOf":{"@id":"https:\/\/urbeamea.ro\/albaiulia\/#website"},"primaryImageOfPage":{"@id":"https:\/\/urbeamea.ro\/albaiulia\/3-10-mai-sarbatoarea-libertatii-la-blaj-expozitie-de-arta-si-fotografie-festival-folcloric-avram-iancu-suntem-toti-concerte-sustinute-de-zdob-si-zdub-cabron-misha\/#primaryimage"},"image":{"@id":"https:\/\/urbeamea.ro\/albaiulia\/3-10-mai-sarbatoarea-libertatii-la-blaj-expozitie-de-arta-si-fotografie-festival-folcloric-avram-iancu-suntem-toti-concerte-sustinute-de-zdob-si-zdub-cabron-misha\/#primaryimage"},"thumbnailUrl":"https:\/\/urbeamea.ro\/albaiulia\/wp-content\/uploads\/2026\/05\/FB_IMG_1777704302157.jpg","datePublished":"2026-05-02T06:46:38+00:00","dateModified":"2026-05-02T06:46:40+00:00","author":{"@id":"https:\/\/urbeamea.ro\/albaiulia\/#\/schema\/person\/5db3854ac38c1cc9f0ab4092d6a20f02"},"description":"\u00cen perioada 3 - 10 mai, va avea loc la Blaj, evenimentul \" S\u0103rb\u0103toarea Libert\u0103\u021bii\". Evenimentul va avea loc pe C\u00e2mpia Libert\u0103\u021bii din Blaj, fiind organizat","breadcrumb":{"@id":"https:\/\/urbeamea.ro\/albaiulia\/3-10-mai-sarbatoarea-libertatii-la-blaj-expozitie-de-arta-si-fotografie-festival-folcloric-avram-iancu-suntem-toti-concerte-sustinute-de-zdob-si-zdub-cabron-misha\/#breadcrumb"},"inLanguage":"ro-RO","potentialAction":[{"@type":"ReadAction","target":["https:\/\/urbeamea.ro\/albaiulia\/3-10-mai-sarbatoarea-libertatii-la-blaj-expozitie-de-arta-si-fotografie-festival-folcloric-avram-iancu-suntem-toti-concerte-sustinute-de-zdob-si-zdub-cabron-misha\/"]}]},{"@type":"ImageObject","inLanguage":"ro-RO","@id":"https:\/\/urbeamea.ro\/albaiulia\/3-10-mai-sarbatoarea-libertatii-la-blaj-expozitie-de-arta-si-fotografie-festival-folcloric-avram-iancu-suntem-toti-concerte-sustinute-de-zdob-si-zdub-cabron-misha\/#primaryimage","url":"https:\/\/urbeamea.ro\/albaiulia\/wp-content\/uploads\/2026\/05\/FB_IMG_1777704302157.jpg","contentUrl":"https:\/\/urbeamea.ro\/albaiulia\/wp-content\/uploads\/2026\/05\/FB_IMG_1777704302157.jpg","width":1664,"height":2048},{"@type":"BreadcrumbList","@id":"https:\/\/urbeamea.ro\/albaiulia\/3-10-mai-sarbatoarea-libertatii-la-blaj-expozitie-de-arta-si-fotografie-festival-folcloric-avram-iancu-suntem-toti-concerte-sustinute-de-zdob-si-zdub-cabron-misha\/#breadcrumb","itemListElement":[{"@type":"ListItem","position":1,"name":"Prima pagin\u0103","item":"https:\/\/urbeamea.ro\/albaiulia\/"},{"@type":"ListItem","position":2,"name":"3 &#8211; 10 mai: &#8222;S\u0103rb\u0103toarea Libert\u0103\u021bii&#8221; la Blaj: Expozi\u021bie de art\u0103 \u0219i fotografie, Festival Folcloric &#8221; Avram Iancu suntem to\u021bi&#8221;, concerte sus\u021binute de Zdob \u0219i Zdub, Cabron, Misha"}]},{"@type":"WebSite","@id":"https:\/\/urbeamea.ro\/albaiulia\/#website","url":"https:\/\/urbeamea.ro\/albaiulia\/","name":"Revista Urbea Mea, Stiri urbane","description":"Evenimente \u0219i \u0219tiri din Alba Iulia, Sebe\u0219, Aiud, Blaj","potentialAction":[{"@type":"SearchAction","target":{"@type":"EntryPoint","urlTemplate":"https:\/\/urbeamea.ro\/albaiulia\/?s={search_term_string}"},"query-input":{"@type":"PropertyValueSpecification","valueRequired":true,"valueName":"search_term_string"}}],"inLanguage":"ro-RO"},{"@type":"Person","@id":"https:\/\/urbeamea.ro\/albaiulia\/#\/schema\/person\/5db3854ac38c1cc9f0ab4092d6a20f02","name":"Giurca Sorin","image":{"@type":"ImageObject","inLanguage":"ro-RO","@id":"https:\/\/secure.gravatar.com\/avatar\/120f6fcae7b3b47a7730cb9943f612f4909f68ac5284b5f40ac1c4615fd70576?s=96&d=mm&r=g","url":"https:\/\/secure.gravatar.com\/avatar\/120f6fcae7b3b47a7730cb9943f612f4909f68ac5284b5f40ac1c4615fd70576?s=96&d=mm&r=g","contentUrl":"https:\/\/secure.gravatar.com\/avatar\/120f6fcae7b3b47a7730cb9943f612f4909f68ac5284b5f40ac1c4615fd70576?s=96&d=mm&r=g","caption":"Giurca Sorin"},"url":"https:\/\/urbeamea.ro\/albaiulia\/author\/sorin\/"}]}},"_links":{"self":[{"href":"https:\/\/urbeamea.ro\/albaiulia\/wp-json\/wp\/v2\/posts\/121998","targetHints":{"allow":["GET"]}}],"collection":[{"href":"https:\/\/urbeamea.ro\/albaiulia\/wp-json\/wp\/v2\/posts"}],"about":[{"href":"https:\/\/urbeamea.ro\/albaiulia\/wp-json\/wp\/v2\/types\/post"}],"author":[{"embeddable":true,"href":"https:\/\/urbeamea.ro\/albaiulia\/wp-json\/wp\/v2\/users\/28"}],"replies":[{"embeddable":true,"href":"https:\/\/urbeamea.ro\/albaiulia\/wp-json\/wp\/v2\/comments?post=121998"}],"version-history":[{"count":1,"href":"https:\/\/urbeamea.ro\/albaiulia\/wp-json\/wp\/v2\/posts\/121998\/revisions"}],"predecessor-version":[{"id":122000,"href":"https:\/\/urbeamea.ro\/albaiulia\/wp-json\/wp\/v2\/posts\/121998\/revisions\/122000"}],"wp:featuredmedia":[{"embeddable":true,"href":"https:\/\/urbeamea.ro\/albaiulia\/wp-json\/wp\/v2\/media\/121999"}],"wp:attachment":[{"href":"https:\/\/urbeamea.ro\/albaiulia\/wp-json\/wp\/v2\/media?parent=121998"}],"wp:term":[{"taxonomy":"category","embeddable":true,"href":"https:\/\/urbeamea.ro\/albaiulia\/wp-json\/wp\/v2\/categories?post=121998"},{"taxonomy":"post_tag","embeddable":true,"href":"https:\/\/urbeamea.ro\/albaiulia\/wp-json\/wp\/v2\/tags?post=121998"}],"curies":[{"name":"wp","href":"https:\/\/api.w.org\/{rel}","templated":true}]}}