{"id":122001,"date":"2026-05-02T11:39:37","date_gmt":"2026-05-02T08:39:37","guid":{"rendered":"https:\/\/urbeamea.ro\/albaiulia\/?p=122001"},"modified":"2026-05-02T11:39:39","modified_gmt":"2026-05-02T08:39:39","slug":"3-5-mai-editia-jubiliara-a-simpozionului-international-de-stiinta-teologie-si-arta-la-alba-iulia","status":"publish","type":"post","link":"https:\/\/urbeamea.ro\/albaiulia\/3-5-mai-editia-jubiliara-a-simpozionului-international-de-stiinta-teologie-si-arta-la-alba-iulia\/","title":{"rendered":"3 &#8211; 5 mai: Edi\u021bia jubiliar\u0103 a Simpozionului Interna\u021bional de \u0218tiin\u021b\u0103, Teologie \u0219i Art\u0103 la Alba Iulia"},"content":{"rendered":"\n<p>Cu <strong>binecuv\u00e2ntarea \u00cenaltpreasfin\u021bitului Arhiepiscop Irineu, cea de-a 25-a edi\u021bie a Simpozionului Interna\u021bional de \u0218tiin\u021b\u0103, Teologie \u0219i Art\u0103 (ISSTA) va avea loc \u00een perioada 3-5 mai 2026, la Facultatea de Teologie Ortodox\u0103 din Alba Iulia. <\/strong><\/p>\n\n\n\n<p>Evenimentul, desf\u0103\u0219urat sub tema \u201eParenting, gen \u0219i identitate cre\u0219tin\u0103 \u00eentr-o lume \u00een schimbare\u201d, se aliniaz\u0103 cu tema anului 2026, declarat\u0103 de Patriarhia Rom\u00e2n\u0103 drept \u201eAnul comemorativ al \u00eengrijirii pastorale a familiei cre\u0219tine. <\/p>\n\n\n\n<p>\u201dSimpozionul se va deschide duminic\u0103 seara, 3 mai, ora 18:00, \u00een Sala \u201eAtrium Centurionum\u201d a Consiliului Jude\u021bean Alba, cu o dezbatere intitulat\u0103 \u201eParenting \u00een tensiunile societ\u0103\u021bii contemporane: provoc\u0103ri \u0219i solu\u021bii posibile\u201d, sus\u021binut\u0103 de Adrian Sorin Mihalache (Universitatea \u201eAlexandru Ioan Cuza din Ia\u0219i) \u0219i Adrian Opre (Universitatea Babe\u0219-Bolyai din Cluj-Napoca). <\/p>\n\n\n\n<p>Dezbaterea va fi urmat\u0103 de un moment muzical sus\u021binut de elevii Liceului de Arte \u201eRegina Maria\u201d din Alba Iulia.<\/p>\n\n\n\n<p>Luni diminea\u021b\u0103, 4 mai, de la ora 9:00, va fi oficiat\u0103 slujba de Te Deum de c\u0103tre \u00cenaltpreasfin\u021bitul Irineu, Arhiepiscopul Alba Iulia. <\/p>\n\n\n\n<p>Aceasta va fi urmat\u0103 de salut\u0103ri oficiale \u0219i sesiunea plenar\u0103 de prezent\u0103ri \u0219tiin\u021bifice, sus\u021binut\u0103 \u00een Aula \u201eSf\u00e2ntului Preot M\u0103rturisitor Dumitru St\u0103niloae\u201d. Simpozionul din acest an va reuni figuri marcante din Rom\u00e2nia \u0219i din str\u0103in\u0103tate, at\u00e2t din domeniul cercet\u0103rii teologice, c\u00e2t \u0219i din alte discipline socio-umane. <\/p>\n\n\n\n<p>Prezentarea lucr\u0103rilor va avea loc \u00een cadrul a dou\u0103 sec\u021biuni tematice: <\/p>\n\n\n\n<p>(1) \u201ePerspectiva cre\u0219tin\u0103 asupra genului \u0219i vie\u021bii de familie ast\u0103zi\u201d \u0219i (2) \u201eMartor cre\u0219tin creativ: Muzic\u0103 sacr\u0103, cinematografie \u0219i art\u0103 \u00eentr-o lume \u00een schimbare. <\/p>\n\n\n\n<p>\u201dMar\u021bi, 5 mai 2026, \u00eencep\u00e2nd cu ora 12:00, ceremonia solemn\u0103 de acordare a titlului de Doctor Honoris Causa prof. Va avea loc Dr. Ana Lucia Smith Iltis, de la Universitatea Wake Forest (SUA). Profesore. <\/p>\n\n\n\n<p>Dr. Ana Lucia Smith Iltis este o figur\u0103 de frunte \u00een domeniile bioeticii, eticii cercet\u0103rii biomedicale \u0219i filosofiei morale, recunoscut\u0103 la nivel interna\u021bional pentru munca sa \u0219colar\u0103. <\/p>\n\n\n\n<p>Format\u0103 \u00een apropierea intelectual\u0103 a lui Tristram Herman Engelhardt, contribu\u021biile sale au fost esen\u021biale pentru dezvoltarea \u0219i articularea bioeticii ortodoxe contemporane, promov\u00e2nd o abordare integrat\u0103 \u00een care rigoarea academic\u0103 se \u00eembin\u0103 cu fidelitatea fa\u021b\u0103 de Tradi\u021bia Bisericii. <\/p>\n\n\n\n<p>Prezen\u021b\u0103 obi\u0219nuit\u0103 la Simpozionul Interna\u021bional de \u0218tiin\u021b\u0103, Teologie \u0219i Art\u0103 (ISSTA) din Alba Iulia, a sus\u021binut dialogul interdisciplinar \u00eentre teologie \u0219i \u0219tiin\u021b\u0103 \u0219i a contribuit la consolidarea rela\u021biilor academice interna\u021bionale.<\/p>\n\n\n\n<p>Simpozionul Interna\u021bional de \u0218tiin\u021b\u0103, Teologie \u0219i Art\u0103 (ISSTA) este organizat de Facultatea de Teologie Ortodox\u0103 a Universit\u0103\u021bii \u201e1 Decembrie 1918\u201d din Alba Iulia, \u00een parteneriat cu Arhiepiscopia Ortodox\u0103 Rom\u00e2n\u0103 de Alba Iulia, Secretariatul de Stat pentru Afaceri Religioase \u0219i Consiliul Jude\u021bean Alba.<\/p>\n\n\n\n<figure class=\"wp-block-image size-large\"><img loading=\"lazy\" decoding=\"async\" width=\"1280\" height=\"1280\" src=\"https:\/\/urbeamea.ro\/albaiulia\/wp-content\/uploads\/2026\/05\/FB_IMG_1777710869060-1280x1280.jpg\" alt=\"\" class=\"wp-image-122002\" srcset=\"https:\/\/urbeamea.ro\/albaiulia\/wp-content\/uploads\/2026\/05\/FB_IMG_1777710869060-1280x1280.jpg 1280w, https:\/\/urbeamea.ro\/albaiulia\/wp-content\/uploads\/2026\/05\/FB_IMG_1777710869060-640x640.jpg 640w, https:\/\/urbeamea.ro\/albaiulia\/wp-content\/uploads\/2026\/05\/FB_IMG_1777710869060-150x150.jpg 150w, https:\/\/urbeamea.ro\/albaiulia\/wp-content\/uploads\/2026\/05\/FB_IMG_1777710869060-768x768.jpg 768w, https:\/\/urbeamea.ro\/albaiulia\/wp-content\/uploads\/2026\/05\/FB_IMG_1777710869060-1536x1536.jpg 1536w, https:\/\/urbeamea.ro\/albaiulia\/wp-content\/uploads\/2026\/05\/FB_IMG_1777710869060.jpg 2048w\" sizes=\"auto, (max-width: 1280px) 100vw, 1280px\" \/><\/figure>\n","protected":false},"excerpt":{"rendered":"<p>Cu binecuv\u00e2ntarea \u00cenaltpreasfin\u021bitului Arhiepiscop Irineu, cea de-a 25-a edi\u021bie a Simpozionului Interna\u021bional de \u0218tiin\u021b\u0103, Teologie \u0219i Art\u0103 (ISSTA) va avea loc \u00een perioada 3-5 mai 2026, la Facultatea de Teologie Ortodox\u0103 din Alba Iulia. Evenimentul, desf\u0103\u0219urat sub tema \u201eParenting, gen \u0219i identitate cre\u0219tin\u0103 \u00eentr-o lume \u00een schimbare\u201d, se aliniaz\u0103 cu tema anului 2026, declarat\u0103 de &hellip;<\/p>\n","protected":false},"author":28,"featured_media":122002,"comment_status":"open","ping_status":"open","sticky":false,"template":"","format":"standard","meta":{"inline_featured_image":false,"footnotes":""},"categories":[23926,2038,2039,4,2034,1,61,16344],"tags":[3680,25570],"class_list":["post-122001","post","type-post","status-publish","format-standard","has-post-thumbnail","hentry","category-actualitate","category-cultura","category-educatie","category-eveniment","category-social","category-stiri-urbane","category-turism","category-urbea-mea","tag-facultatea-de-teologie-ortodoxa-alba-iulia","tag-simpozion-international-2"],"yoast_head":"<!-- This site is optimized with the Yoast SEO plugin v27.4 - https:\/\/yoast.com\/product\/yoast-seo-wordpress\/ -->\n<title>3 - 5 mai: Edi\u021bia jubiliar\u0103 a Simpozionului Interna\u021bional de \u0218tiin\u021b\u0103, Teologie \u0219i Art\u0103 la Alba Iulia - Revista Urbea Mea - Revista de Alba<\/title>\n<meta name=\"description\" content=\"Cu binecuv\u00e2ntarea \u00cenaltpreasfin\u021bitului Arhiepiscop Irineu, cea de-a 25-a edi\u021bie a Simpozionului Interna\u021bional de \u0218tiin\u021b\u0103, Teologie \u0219i Art\u0103 (ISSTA) va avea\" \/>\n<meta name=\"robots\" content=\"index, follow, max-snippet:-1, max-image-preview:large, max-video-preview:-1\" \/>\n<link rel=\"canonical\" href=\"https:\/\/urbeamea.ro\/albaiulia\/3-5-mai-editia-jubiliara-a-simpozionului-international-de-stiinta-teologie-si-arta-la-alba-iulia\/\" \/>\n<meta name=\"twitter:card\" content=\"summary_large_image\" \/>\n<meta name=\"twitter:title\" content=\"3 - 5 mai: Edi\u021bia jubiliar\u0103 a Simpozionului Interna\u021bional de \u0218tiin\u021b\u0103, Teologie \u0219i Art\u0103 la Alba Iulia - Revista Urbea Mea - Revista de Alba\" \/>\n<meta name=\"twitter:description\" content=\"Cu binecuv\u00e2ntarea \u00cenaltpreasfin\u021bitului Arhiepiscop Irineu, cea de-a 25-a edi\u021bie a Simpozionului Interna\u021bional de \u0218tiin\u021b\u0103, Teologie \u0219i Art\u0103 (ISSTA) va avea\" \/>\n<meta name=\"twitter:image\" content=\"https:\/\/urbeamea.ro\/albaiulia\/wp-content\/uploads\/2026\/05\/FB_IMG_1777710869060.jpg\" \/>\n<meta name=\"twitter:creator\" content=\"@urbeameaweb\" \/>\n<meta name=\"twitter:site\" content=\"@urbeameaweb\" \/>\n<script type=\"application\/ld+json\" class=\"yoast-schema-graph\">{\"@context\":\"https:\\\/\\\/schema.org\",\"@graph\":[{\"@type\":\"Article\",\"@id\":\"https:\\\/\\\/urbeamea.ro\\\/albaiulia\\\/3-5-mai-editia-jubiliara-a-simpozionului-international-de-stiinta-teologie-si-arta-la-alba-iulia\\\/#article\",\"isPartOf\":{\"@id\":\"https:\\\/\\\/urbeamea.ro\\\/albaiulia\\\/3-5-mai-editia-jubiliara-a-simpozionului-international-de-stiinta-teologie-si-arta-la-alba-iulia\\\/\"},\"author\":{\"name\":\"Giurca Sorin\",\"@id\":\"https:\\\/\\\/urbeamea.ro\\\/albaiulia\\\/#\\\/schema\\\/person\\\/5db3854ac38c1cc9f0ab4092d6a20f02\"},\"headline\":\"3 &#8211; 5 mai: Edi\u021bia jubiliar\u0103 a Simpozionului Interna\u021bional de \u0218tiin\u021b\u0103, Teologie \u0219i Art\u0103 la Alba Iulia\",\"datePublished\":\"2026-05-02T08:39:37+00:00\",\"dateModified\":\"2026-05-02T08:39:39+00:00\",\"mainEntityOfPage\":{\"@id\":\"https:\\\/\\\/urbeamea.ro\\\/albaiulia\\\/3-5-mai-editia-jubiliara-a-simpozionului-international-de-stiinta-teologie-si-arta-la-alba-iulia\\\/\"},\"wordCount\":464,\"commentCount\":0,\"image\":{\"@id\":\"https:\\\/\\\/urbeamea.ro\\\/albaiulia\\\/3-5-mai-editia-jubiliara-a-simpozionului-international-de-stiinta-teologie-si-arta-la-alba-iulia\\\/#primaryimage\"},\"thumbnailUrl\":\"https:\\\/\\\/urbeamea.ro\\\/albaiulia\\\/wp-content\\\/uploads\\\/2026\\\/05\\\/FB_IMG_1777710869060.jpg\",\"keywords\":[\"Facultatea de Teologie Ortodox\u0103 Alba Iulia\",\"Simpozion interna\u021bional\"],\"articleSection\":[\"Actualitate\",\"Cultur\u0103\",\"Educa\u021bie\",\"Evenimente\",\"Social\",\"\u015etiri Urbane\",\"Turism \u0219i Ghidaj turistic\",\"Urbea Mea\"],\"inLanguage\":\"ro-RO\",\"potentialAction\":[{\"@type\":\"CommentAction\",\"name\":\"Comment\",\"target\":[\"https:\\\/\\\/urbeamea.ro\\\/albaiulia\\\/3-5-mai-editia-jubiliara-a-simpozionului-international-de-stiinta-teologie-si-arta-la-alba-iulia\\\/#respond\"]}]},{\"@type\":\"WebPage\",\"@id\":\"https:\\\/\\\/urbeamea.ro\\\/albaiulia\\\/3-5-mai-editia-jubiliara-a-simpozionului-international-de-stiinta-teologie-si-arta-la-alba-iulia\\\/\",\"url\":\"https:\\\/\\\/urbeamea.ro\\\/albaiulia\\\/3-5-mai-editia-jubiliara-a-simpozionului-international-de-stiinta-teologie-si-arta-la-alba-iulia\\\/\",\"name\":\"3 - 5 mai: Edi\u021bia jubiliar\u0103 a Simpozionului Interna\u021bional de \u0218tiin\u021b\u0103, Teologie \u0219i Art\u0103 la Alba Iulia - Revista Urbea Mea - Revista de Alba\",\"isPartOf\":{\"@id\":\"https:\\\/\\\/urbeamea.ro\\\/albaiulia\\\/#website\"},\"primaryImageOfPage\":{\"@id\":\"https:\\\/\\\/urbeamea.ro\\\/albaiulia\\\/3-5-mai-editia-jubiliara-a-simpozionului-international-de-stiinta-teologie-si-arta-la-alba-iulia\\\/#primaryimage\"},\"image\":{\"@id\":\"https:\\\/\\\/urbeamea.ro\\\/albaiulia\\\/3-5-mai-editia-jubiliara-a-simpozionului-international-de-stiinta-teologie-si-arta-la-alba-iulia\\\/#primaryimage\"},\"thumbnailUrl\":\"https:\\\/\\\/urbeamea.ro\\\/albaiulia\\\/wp-content\\\/uploads\\\/2026\\\/05\\\/FB_IMG_1777710869060.jpg\",\"datePublished\":\"2026-05-02T08:39:37+00:00\",\"dateModified\":\"2026-05-02T08:39:39+00:00\",\"author\":{\"@id\":\"https:\\\/\\\/urbeamea.ro\\\/albaiulia\\\/#\\\/schema\\\/person\\\/5db3854ac38c1cc9f0ab4092d6a20f02\"},\"description\":\"Cu binecuv\u00e2ntarea \u00cenaltpreasfin\u021bitului Arhiepiscop Irineu, cea de-a 25-a edi\u021bie a Simpozionului Interna\u021bional de \u0218tiin\u021b\u0103, Teologie \u0219i Art\u0103 (ISSTA) va avea\",\"breadcrumb\":{\"@id\":\"https:\\\/\\\/urbeamea.ro\\\/albaiulia\\\/3-5-mai-editia-jubiliara-a-simpozionului-international-de-stiinta-teologie-si-arta-la-alba-iulia\\\/#breadcrumb\"},\"inLanguage\":\"ro-RO\",\"potentialAction\":[{\"@type\":\"ReadAction\",\"target\":[\"https:\\\/\\\/urbeamea.ro\\\/albaiulia\\\/3-5-mai-editia-jubiliara-a-simpozionului-international-de-stiinta-teologie-si-arta-la-alba-iulia\\\/\"]}]},{\"@type\":\"ImageObject\",\"inLanguage\":\"ro-RO\",\"@id\":\"https:\\\/\\\/urbeamea.ro\\\/albaiulia\\\/3-5-mai-editia-jubiliara-a-simpozionului-international-de-stiinta-teologie-si-arta-la-alba-iulia\\\/#primaryimage\",\"url\":\"https:\\\/\\\/urbeamea.ro\\\/albaiulia\\\/wp-content\\\/uploads\\\/2026\\\/05\\\/FB_IMG_1777710869060.jpg\",\"contentUrl\":\"https:\\\/\\\/urbeamea.ro\\\/albaiulia\\\/wp-content\\\/uploads\\\/2026\\\/05\\\/FB_IMG_1777710869060.jpg\",\"width\":2048,\"height\":2048},{\"@type\":\"BreadcrumbList\",\"@id\":\"https:\\\/\\\/urbeamea.ro\\\/albaiulia\\\/3-5-mai-editia-jubiliara-a-simpozionului-international-de-stiinta-teologie-si-arta-la-alba-iulia\\\/#breadcrumb\",\"itemListElement\":[{\"@type\":\"ListItem\",\"position\":1,\"name\":\"Prima pagin\u0103\",\"item\":\"https:\\\/\\\/urbeamea.ro\\\/albaiulia\\\/\"},{\"@type\":\"ListItem\",\"position\":2,\"name\":\"3 &#8211; 5 mai: Edi\u021bia jubiliar\u0103 a Simpozionului Interna\u021bional de \u0218tiin\u021b\u0103, Teologie \u0219i Art\u0103 la Alba Iulia\"}]},{\"@type\":\"WebSite\",\"@id\":\"https:\\\/\\\/urbeamea.ro\\\/albaiulia\\\/#website\",\"url\":\"https:\\\/\\\/urbeamea.ro\\\/albaiulia\\\/\",\"name\":\"Revista Urbea Mea, Stiri urbane\",\"description\":\"Evenimente \u0219i \u0219tiri din Alba Iulia, Sebe\u0219, Aiud, Blaj\",\"potentialAction\":[{\"@type\":\"SearchAction\",\"target\":{\"@type\":\"EntryPoint\",\"urlTemplate\":\"https:\\\/\\\/urbeamea.ro\\\/albaiulia\\\/?s={search_term_string}\"},\"query-input\":{\"@type\":\"PropertyValueSpecification\",\"valueRequired\":true,\"valueName\":\"search_term_string\"}}],\"inLanguage\":\"ro-RO\"},{\"@type\":\"Person\",\"@id\":\"https:\\\/\\\/urbeamea.ro\\\/albaiulia\\\/#\\\/schema\\\/person\\\/5db3854ac38c1cc9f0ab4092d6a20f02\",\"name\":\"Giurca Sorin\",\"image\":{\"@type\":\"ImageObject\",\"inLanguage\":\"ro-RO\",\"@id\":\"https:\\\/\\\/secure.gravatar.com\\\/avatar\\\/120f6fcae7b3b47a7730cb9943f612f4909f68ac5284b5f40ac1c4615fd70576?s=96&d=mm&r=g\",\"url\":\"https:\\\/\\\/secure.gravatar.com\\\/avatar\\\/120f6fcae7b3b47a7730cb9943f612f4909f68ac5284b5f40ac1c4615fd70576?s=96&d=mm&r=g\",\"contentUrl\":\"https:\\\/\\\/secure.gravatar.com\\\/avatar\\\/120f6fcae7b3b47a7730cb9943f612f4909f68ac5284b5f40ac1c4615fd70576?s=96&d=mm&r=g\",\"caption\":\"Giurca Sorin\"},\"url\":\"https:\\\/\\\/urbeamea.ro\\\/albaiulia\\\/author\\\/sorin\\\/\"}]}<\/script>\n<!-- \/ Yoast SEO plugin. -->","yoast_head_json":{"title":"3 - 5 mai: Edi\u021bia jubiliar\u0103 a Simpozionului Interna\u021bional de \u0218tiin\u021b\u0103, Teologie \u0219i Art\u0103 la Alba Iulia - Revista Urbea Mea - Revista de Alba","description":"Cu binecuv\u00e2ntarea \u00cenaltpreasfin\u021bitului Arhiepiscop Irineu, cea de-a 25-a edi\u021bie a Simpozionului Interna\u021bional de \u0218tiin\u021b\u0103, Teologie \u0219i Art\u0103 (ISSTA) va avea","robots":{"index":"index","follow":"follow","max-snippet":"max-snippet:-1","max-image-preview":"max-image-preview:large","max-video-preview":"max-video-preview:-1"},"canonical":"https:\/\/urbeamea.ro\/albaiulia\/3-5-mai-editia-jubiliara-a-simpozionului-international-de-stiinta-teologie-si-arta-la-alba-iulia\/","twitter_card":"summary_large_image","twitter_title":"3 - 5 mai: Edi\u021bia jubiliar\u0103 a Simpozionului Interna\u021bional de \u0218tiin\u021b\u0103, Teologie \u0219i Art\u0103 la Alba Iulia - Revista Urbea Mea - Revista de Alba","twitter_description":"Cu binecuv\u00e2ntarea \u00cenaltpreasfin\u021bitului Arhiepiscop Irineu, cea de-a 25-a edi\u021bie a Simpozionului Interna\u021bional de \u0218tiin\u021b\u0103, Teologie \u0219i Art\u0103 (ISSTA) va avea","twitter_image":"https:\/\/urbeamea.ro\/albaiulia\/wp-content\/uploads\/2026\/05\/FB_IMG_1777710869060.jpg","twitter_creator":"@urbeameaweb","twitter_site":"@urbeameaweb","schema":{"@context":"https:\/\/schema.org","@graph":[{"@type":"Article","@id":"https:\/\/urbeamea.ro\/albaiulia\/3-5-mai-editia-jubiliara-a-simpozionului-international-de-stiinta-teologie-si-arta-la-alba-iulia\/#article","isPartOf":{"@id":"https:\/\/urbeamea.ro\/albaiulia\/3-5-mai-editia-jubiliara-a-simpozionului-international-de-stiinta-teologie-si-arta-la-alba-iulia\/"},"author":{"name":"Giurca Sorin","@id":"https:\/\/urbeamea.ro\/albaiulia\/#\/schema\/person\/5db3854ac38c1cc9f0ab4092d6a20f02"},"headline":"3 &#8211; 5 mai: Edi\u021bia jubiliar\u0103 a Simpozionului Interna\u021bional de \u0218tiin\u021b\u0103, Teologie \u0219i Art\u0103 la Alba Iulia","datePublished":"2026-05-02T08:39:37+00:00","dateModified":"2026-05-02T08:39:39+00:00","mainEntityOfPage":{"@id":"https:\/\/urbeamea.ro\/albaiulia\/3-5-mai-editia-jubiliara-a-simpozionului-international-de-stiinta-teologie-si-arta-la-alba-iulia\/"},"wordCount":464,"commentCount":0,"image":{"@id":"https:\/\/urbeamea.ro\/albaiulia\/3-5-mai-editia-jubiliara-a-simpozionului-international-de-stiinta-teologie-si-arta-la-alba-iulia\/#primaryimage"},"thumbnailUrl":"https:\/\/urbeamea.ro\/albaiulia\/wp-content\/uploads\/2026\/05\/FB_IMG_1777710869060.jpg","keywords":["Facultatea de Teologie Ortodox\u0103 Alba Iulia","Simpozion interna\u021bional"],"articleSection":["Actualitate","Cultur\u0103","Educa\u021bie","Evenimente","Social","\u015etiri Urbane","Turism \u0219i Ghidaj turistic","Urbea Mea"],"inLanguage":"ro-RO","potentialAction":[{"@type":"CommentAction","name":"Comment","target":["https:\/\/urbeamea.ro\/albaiulia\/3-5-mai-editia-jubiliara-a-simpozionului-international-de-stiinta-teologie-si-arta-la-alba-iulia\/#respond"]}]},{"@type":"WebPage","@id":"https:\/\/urbeamea.ro\/albaiulia\/3-5-mai-editia-jubiliara-a-simpozionului-international-de-stiinta-teologie-si-arta-la-alba-iulia\/","url":"https:\/\/urbeamea.ro\/albaiulia\/3-5-mai-editia-jubiliara-a-simpozionului-international-de-stiinta-teologie-si-arta-la-alba-iulia\/","name":"3 - 5 mai: Edi\u021bia jubiliar\u0103 a Simpozionului Interna\u021bional de \u0218tiin\u021b\u0103, Teologie \u0219i Art\u0103 la Alba Iulia - Revista Urbea Mea - Revista de Alba","isPartOf":{"@id":"https:\/\/urbeamea.ro\/albaiulia\/#website"},"primaryImageOfPage":{"@id":"https:\/\/urbeamea.ro\/albaiulia\/3-5-mai-editia-jubiliara-a-simpozionului-international-de-stiinta-teologie-si-arta-la-alba-iulia\/#primaryimage"},"image":{"@id":"https:\/\/urbeamea.ro\/albaiulia\/3-5-mai-editia-jubiliara-a-simpozionului-international-de-stiinta-teologie-si-arta-la-alba-iulia\/#primaryimage"},"thumbnailUrl":"https:\/\/urbeamea.ro\/albaiulia\/wp-content\/uploads\/2026\/05\/FB_IMG_1777710869060.jpg","datePublished":"2026-05-02T08:39:37+00:00","dateModified":"2026-05-02T08:39:39+00:00","author":{"@id":"https:\/\/urbeamea.ro\/albaiulia\/#\/schema\/person\/5db3854ac38c1cc9f0ab4092d6a20f02"},"description":"Cu binecuv\u00e2ntarea \u00cenaltpreasfin\u021bitului Arhiepiscop Irineu, cea de-a 25-a edi\u021bie a Simpozionului Interna\u021bional de \u0218tiin\u021b\u0103, Teologie \u0219i Art\u0103 (ISSTA) va avea","breadcrumb":{"@id":"https:\/\/urbeamea.ro\/albaiulia\/3-5-mai-editia-jubiliara-a-simpozionului-international-de-stiinta-teologie-si-arta-la-alba-iulia\/#breadcrumb"},"inLanguage":"ro-RO","potentialAction":[{"@type":"ReadAction","target":["https:\/\/urbeamea.ro\/albaiulia\/3-5-mai-editia-jubiliara-a-simpozionului-international-de-stiinta-teologie-si-arta-la-alba-iulia\/"]}]},{"@type":"ImageObject","inLanguage":"ro-RO","@id":"https:\/\/urbeamea.ro\/albaiulia\/3-5-mai-editia-jubiliara-a-simpozionului-international-de-stiinta-teologie-si-arta-la-alba-iulia\/#primaryimage","url":"https:\/\/urbeamea.ro\/albaiulia\/wp-content\/uploads\/2026\/05\/FB_IMG_1777710869060.jpg","contentUrl":"https:\/\/urbeamea.ro\/albaiulia\/wp-content\/uploads\/2026\/05\/FB_IMG_1777710869060.jpg","width":2048,"height":2048},{"@type":"BreadcrumbList","@id":"https:\/\/urbeamea.ro\/albaiulia\/3-5-mai-editia-jubiliara-a-simpozionului-international-de-stiinta-teologie-si-arta-la-alba-iulia\/#breadcrumb","itemListElement":[{"@type":"ListItem","position":1,"name":"Prima pagin\u0103","item":"https:\/\/urbeamea.ro\/albaiulia\/"},{"@type":"ListItem","position":2,"name":"3 &#8211; 5 mai: Edi\u021bia jubiliar\u0103 a Simpozionului Interna\u021bional de \u0218tiin\u021b\u0103, Teologie \u0219i Art\u0103 la Alba Iulia"}]},{"@type":"WebSite","@id":"https:\/\/urbeamea.ro\/albaiulia\/#website","url":"https:\/\/urbeamea.ro\/albaiulia\/","name":"Revista Urbea Mea, Stiri urbane","description":"Evenimente \u0219i \u0219tiri din Alba Iulia, Sebe\u0219, Aiud, Blaj","potentialAction":[{"@type":"SearchAction","target":{"@type":"EntryPoint","urlTemplate":"https:\/\/urbeamea.ro\/albaiulia\/?s={search_term_string}"},"query-input":{"@type":"PropertyValueSpecification","valueRequired":true,"valueName":"search_term_string"}}],"inLanguage":"ro-RO"},{"@type":"Person","@id":"https:\/\/urbeamea.ro\/albaiulia\/#\/schema\/person\/5db3854ac38c1cc9f0ab4092d6a20f02","name":"Giurca Sorin","image":{"@type":"ImageObject","inLanguage":"ro-RO","@id":"https:\/\/secure.gravatar.com\/avatar\/120f6fcae7b3b47a7730cb9943f612f4909f68ac5284b5f40ac1c4615fd70576?s=96&d=mm&r=g","url":"https:\/\/secure.gravatar.com\/avatar\/120f6fcae7b3b47a7730cb9943f612f4909f68ac5284b5f40ac1c4615fd70576?s=96&d=mm&r=g","contentUrl":"https:\/\/secure.gravatar.com\/avatar\/120f6fcae7b3b47a7730cb9943f612f4909f68ac5284b5f40ac1c4615fd70576?s=96&d=mm&r=g","caption":"Giurca Sorin"},"url":"https:\/\/urbeamea.ro\/albaiulia\/author\/sorin\/"}]}},"_links":{"self":[{"href":"https:\/\/urbeamea.ro\/albaiulia\/wp-json\/wp\/v2\/posts\/122001","targetHints":{"allow":["GET"]}}],"collection":[{"href":"https:\/\/urbeamea.ro\/albaiulia\/wp-json\/wp\/v2\/posts"}],"about":[{"href":"https:\/\/urbeamea.ro\/albaiulia\/wp-json\/wp\/v2\/types\/post"}],"author":[{"embeddable":true,"href":"https:\/\/urbeamea.ro\/albaiulia\/wp-json\/wp\/v2\/users\/28"}],"replies":[{"embeddable":true,"href":"https:\/\/urbeamea.ro\/albaiulia\/wp-json\/wp\/v2\/comments?post=122001"}],"version-history":[{"count":1,"href":"https:\/\/urbeamea.ro\/albaiulia\/wp-json\/wp\/v2\/posts\/122001\/revisions"}],"predecessor-version":[{"id":122003,"href":"https:\/\/urbeamea.ro\/albaiulia\/wp-json\/wp\/v2\/posts\/122001\/revisions\/122003"}],"wp:featuredmedia":[{"embeddable":true,"href":"https:\/\/urbeamea.ro\/albaiulia\/wp-json\/wp\/v2\/media\/122002"}],"wp:attachment":[{"href":"https:\/\/urbeamea.ro\/albaiulia\/wp-json\/wp\/v2\/media?parent=122001"}],"wp:term":[{"taxonomy":"category","embeddable":true,"href":"https:\/\/urbeamea.ro\/albaiulia\/wp-json\/wp\/v2\/categories?post=122001"},{"taxonomy":"post_tag","embeddable":true,"href":"https:\/\/urbeamea.ro\/albaiulia\/wp-json\/wp\/v2\/tags?post=122001"}],"curies":[{"name":"wp","href":"https:\/\/api.w.org\/{rel}","templated":true}]}}