{"id":122963,"date":"2026-07-19T13:51:57","date_gmt":"2026-07-19T10:51:57","guid":{"rendered":"https:\/\/urbeamea.ro\/albaiulia\/?p=122963"},"modified":"2026-07-19T13:54:02","modified_gmt":"2026-07-19T10:54:02","slug":"astaziora-2200-spania-argentina-in-marea-finala-a-campionatului-mondial-de-fotbal","status":"publish","type":"post","link":"https:\/\/urbeamea.ro\/albaiulia\/astaziora-2200-spania-argentina-in-marea-finala-a-campionatului-mondial-de-fotbal\/","title":{"rendered":"Ast\u0103zi,ora 22:00 Spania &#8211; Argentina, \u00een marea final\u0103 a Campionatului Mondial de Fotbal. Duel \u00eentre Messi \u0219i Yamal"},"content":{"rendered":"\n<p class=\"wp-block-paragraph\"><strong>Na\u021bionalele Spaniei \u0219i Argentinei, se vor \u00eent\u00e2lni duminic\u0103, cu \u00eencepere de la ora 22:00, \u00een marea final\u0103 a Campionatului Mondial de Fotbal.<\/strong><\/p>\n\n\n\n<p class=\"wp-block-paragraph\">Meciul se va disputa pe MetLife Stadium din New Jersey.<\/p>\n\n\n\n<p class=\"wp-block-paragraph\">Spania s-a calificat \u00een final\u0103 dup\u0103 ce a \u00eenvins Fran\u021ba cu 2-0 \u00een semifinale, prin golurile lui Oyarzabal (22) \u0219i Pedro Porro (58).<\/p>\n\n\n\n<p class=\"wp-block-paragraph\">&#8222;La Roja&#8221; \u0219i-a \u00eenceput parcursul \u00een Grupa H cu o remiz\u0103 surprinz\u0103toare, 0-0 cu selec\u021bionata Capului Verde. Au urmat victoria cu 4-0 \u00eempotriva Arabiei Saudite \u0219i succesul cu 1-0 \u00een fa\u021ba Uruguayului.<\/p>\n\n\n\n<p class=\"wp-block-paragraph\">\u00cen optimi, ibericii au trecut de Portugalia cu scorul de 1-0, iar sferturile de final\u0103, Spania a eliminat Belgia (2-1).<\/p>\n\n\n\n<p class=\"wp-block-paragraph\">Na\u021bionala Spaniei revine \u00eentr-o final\u0103 de Mondial dup\u0103 o pauz\u0103 de 16 ani.<\/p>\n\n\n\n<p class=\"wp-block-paragraph\">Prima final\u0103 mondial\u0103 pentru Spania a fost \u00een 2010, la mondialul jucat \u00een Africa de Sud.<\/p>\n\n\n\n<p class=\"wp-block-paragraph\">Campioana mondial\u0103 en-titre Argentina, a ob\u021binut 3 victorii \u00een grupe (3-0 Algeria, 2-0 Austria \u0219i 3-1 cu Iordania).<\/p>\n\n\n\n<p class=\"wp-block-paragraph\">\u00cen \u0219aisprezecimi, sud-americanii au trecut de Capul Verde, dup\u0103 prelungiri, cu scorul de 3-2.<\/p>\n\n\n\n<p class=\"wp-block-paragraph\">\u00cen optimi, Argentina a reu\u0219it o remontada cu Egiptul, care conducea cu 2-0, p\u00e2n\u0103 \u00een minutul 79, dar juc\u0103torii lui Lionel Scaloni au revenit \u0219i au c\u00e2\u0219tigat cu 3-2.<\/p>\n\n\n\n<p class=\"wp-block-paragraph\">\u00cen sferturile de final\u0103, Argentina a avut nevoie de prelungiri pentru a trece de Elve\u021bia. Juli\u00e1n \u00c1lvarez a \u00eenscris golul care a rupt echilibrul, iar Lautaro Mart\u00ednez a stabilit scorul final, 3-1.<\/p>\n\n\n\n<p class=\"wp-block-paragraph\">Drama a continuat \u00een semifinala cu Anglia, c\u00e2\u0219tigat\u0103 cu scorul de 2-1.<\/p>\n\n\n\n<p class=\"wp-block-paragraph\">Anthony Gordon i-a adus pe englezi \u00een avantaj la \u00eenceputul reprizei secunde, dar Enzo Fern\u00e1ndez a egalat printr-un \u0219ut de la distan\u021b\u0103.<\/p>\n\n\n\n<p class=\"wp-block-paragraph\"> Lautaro Mart\u00ednez, intrat de pe banca de rezerve, a \u00eenscris golul calific\u0103rii cu o lovitur\u0103 de cap.<\/p>\n\n\n\n<p class=\"wp-block-paragraph\">Argentina a c\u00e2\u0219tigat acum 4 ani Cupa Mondial\u0103 desf\u0103\u0219urat\u0103 \u00een Oatar, \u00een ultimul act sud-americanii au \u00eent\u00e2lnit Fran\u021ba.<\/p>\n\n\n\n<p class=\"wp-block-paragraph\">A fost o final\u0103 decis\u0103 la loviturile de departajare, Argentina c\u00e2\u0219tig\u00e2nd cu 4-2, dup\u0103 ce \u00een timpul regulamentar, scorul a fost 3-3.<\/p>\n\n\n\n<p class=\"wp-block-paragraph\">Singura confruntare anterioar\u0103 dintre Spania \u0219i Argentina la Cupa Mondial\u0103 a avut loc \u00een 1966, pe stadionul Villa Park. Argentina s-a impus atunci cu 2-1, toate cele trei goluri fiind marcate \u00een repriza secund\u0103.<\/p>\n\n\n\n<p class=\"wp-block-paragraph\">Cea mai recent\u0103 \u00eent\u00e2lnire a avut loc \u00een 2018, la Madrid, c\u00e2nd Spania a \u00eenvins Argentina cu 6-1. <\/p>\n\n\n\n<p class=\"wp-block-paragraph\">Cele dou\u0103 forma\u021bii urmau s\u0103 se \u00eent\u00e2lneasc\u0103 \u00een februarie 2026, \u00een Finalissima, \u00eens\u0103 meciul programat \u00een Qatar a fost anulat.<\/p>\n\n\n\n<p class=\"wp-block-paragraph\">Pe l\u00e2ng\u0103 trofeul Cupei Mondiale \u0219i medaliile de aur, c\u00e2\u0219tig\u0103torii vor primi \u0219i inele de campioni personalizate.<\/p>\n\n\n\n<p class=\"wp-block-paragraph\"> Este o premier\u0103 pentru o competi\u021bie organizat\u0103 de FIFA \u0219i aduce \u00een fotbal una dintre cele mai cunoscute tradi\u021bii ale sportului american.<\/p>\n\n\n\n<p class=\"wp-block-paragraph\">Inelele vor fi realizate \u00eentr-o edi\u021bie limitat\u0103 de 2.026 de exemplare numerotate individual. Dintre acestea, 30 vor fi oferite echipei care va c\u00e2\u0219tiga finala, iar celelalte 1.996 vor fi puse la dispozi\u021bia fanilor ca produse oficiale.<\/p>\n\n\n\n<figure class=\"wp-block-gallery has-nested-images columns-default is-cropped wp-block-gallery-1 is-layout-flex wp-block-gallery-is-layout-flex\">\n<figure class=\"wp-block-image size-large\"><img loading=\"lazy\" decoding=\"async\" width=\"955\" height=\"1200\" data-id=\"122965\" src=\"https:\/\/urbeamea.ro\/albaiulia\/wp-content\/uploads\/2026\/07\/1000011613.jpg\" alt=\"\" class=\"wp-image-122965\" srcset=\"https:\/\/urbeamea.ro\/albaiulia\/wp-content\/uploads\/2026\/07\/1000011613.jpg 955w, https:\/\/urbeamea.ro\/albaiulia\/wp-content\/uploads\/2026\/07\/1000011613-509x640.jpg 509w, https:\/\/urbeamea.ro\/albaiulia\/wp-content\/uploads\/2026\/07\/1000011613-119x150.jpg 119w, https:\/\/urbeamea.ro\/albaiulia\/wp-content\/uploads\/2026\/07\/1000011613-768x965.jpg 768w\" sizes=\"auto, (max-width: 955px) 100vw, 955px\" \/><\/figure>\n\n\n\n<figure class=\"wp-block-image size-large\"><img loading=\"lazy\" decoding=\"async\" width=\"1280\" height=\"720\" data-id=\"122966\" src=\"https:\/\/urbeamea.ro\/albaiulia\/wp-content\/uploads\/2026\/07\/1000011615-1280x720.jpg\" alt=\"\" class=\"wp-image-122966\" srcset=\"https:\/\/urbeamea.ro\/albaiulia\/wp-content\/uploads\/2026\/07\/1000011615-1280x720.jpg 1280w, https:\/\/urbeamea.ro\/albaiulia\/wp-content\/uploads\/2026\/07\/1000011615-640x360.jpg 640w, https:\/\/urbeamea.ro\/albaiulia\/wp-content\/uploads\/2026\/07\/1000011615-150x84.jpg 150w, https:\/\/urbeamea.ro\/albaiulia\/wp-content\/uploads\/2026\/07\/1000011615-768x432.jpg 768w, https:\/\/urbeamea.ro\/albaiulia\/wp-content\/uploads\/2026\/07\/1000011615-390x220.jpg 390w, https:\/\/urbeamea.ro\/albaiulia\/wp-content\/uploads\/2026\/07\/1000011615.jpg 1320w\" sizes=\"auto, (max-width: 1280px) 100vw, 1280px\" \/><\/figure>\n\n\n\n<figure class=\"wp-block-image size-large\"><img loading=\"lazy\" decoding=\"async\" width=\"960\" height=\"1280\" data-id=\"122967\" src=\"https:\/\/urbeamea.ro\/albaiulia\/wp-content\/uploads\/2026\/07\/1000011614-960x1280.jpg\" alt=\"\" class=\"wp-image-122967\" srcset=\"https:\/\/urbeamea.ro\/albaiulia\/wp-content\/uploads\/2026\/07\/1000011614-960x1280.jpg 960w, https:\/\/urbeamea.ro\/albaiulia\/wp-content\/uploads\/2026\/07\/1000011614-480x640.jpg 480w, https:\/\/urbeamea.ro\/albaiulia\/wp-content\/uploads\/2026\/07\/1000011614-113x150.jpg 113w, https:\/\/urbeamea.ro\/albaiulia\/wp-content\/uploads\/2026\/07\/1000011614-768x1024.jpg 768w, https:\/\/urbeamea.ro\/albaiulia\/wp-content\/uploads\/2026\/07\/1000011614-1152x1536.jpg 1152w, https:\/\/urbeamea.ro\/albaiulia\/wp-content\/uploads\/2026\/07\/1000011614.jpg 1280w\" sizes=\"auto, (max-width: 960px) 100vw, 960px\" \/><\/figure>\n<\/figure>\n","protected":false},"excerpt":{"rendered":"<p>Na\u021bionalele Spaniei \u0219i Argentinei, se vor \u00eent\u00e2lni duminic\u0103, cu \u00eencepere de la ora 22:00, \u00een marea final\u0103 a Campionatului Mondial de Fotbal. Meciul se va disputa pe MetLife Stadium din New Jersey. Spania s-a calificat \u00een final\u0103 dup\u0103 ce a \u00eenvins Fran\u021ba cu 2-0 \u00een semifinale, prin golurile lui Oyarzabal (22) \u0219i Pedro Porro (58). &hellip;<\/p>\n","protected":false},"author":28,"featured_media":122965,"comment_status":"open","ping_status":"open","sticky":false,"template":"","format":"standard","meta":{"inline_featured_image":false,"footnotes":""},"categories":[23926,2037,1],"tags":[2709,25621,2069],"class_list":["post-122963","post","type-post","status-publish","format-standard","has-post-thumbnail","hentry","category-actualitate","category-sport","category-stiri-urbane","tag-argentina","tag-cupa-mondiala","tag-spania"],"yoast_head":"<!-- This site is optimized with the Yoast SEO plugin v28.3 - https:\/\/yoast.com\/product\/yoast-seo-wordpress\/ -->\n<title>Ast\u0103zi,ora 22:00 Spania - Argentina, \u00een marea final\u0103 a Campionatului Mondial de Fotbal. Duel \u00eentre Messi \u0219i Yamal - Revista Urbea Mea - Revista de Alba<\/title>\n<meta name=\"description\" content=\"Na\u021bionalele Spaniei \u0219i Argentinei, se vor \u00eent\u00e2lni duminic\u0103, cu \u00eencepere de la ora 22:00, \u00een marea final\u0103 a Campionatului Mondial de Fotbal. Meciul se va\" \/>\n<meta name=\"robots\" content=\"index, follow, max-snippet:-1, max-image-preview:large, max-video-preview:-1\" \/>\n<link rel=\"canonical\" href=\"https:\/\/urbeamea.ro\/albaiulia\/astaziora-2200-spania-argentina-in-marea-finala-a-campionatului-mondial-de-fotbal\/\" \/>\n<meta name=\"twitter:card\" content=\"summary_large_image\" \/>\n<meta name=\"twitter:title\" content=\"Ast\u0103zi,ora 22:00 Spania - Argentina, \u00een marea final\u0103 a Campionatului Mondial de Fotbal. Duel \u00eentre Messi \u0219i Yamal - Revista Urbea Mea - Revista de Alba\" \/>\n<meta name=\"twitter:description\" content=\"Na\u021bionalele Spaniei \u0219i Argentinei, se vor \u00eent\u00e2lni duminic\u0103, cu \u00eencepere de la ora 22:00, \u00een marea final\u0103 a Campionatului Mondial de Fotbal. Meciul se va\" \/>\n<meta name=\"twitter:image\" content=\"https:\/\/urbeamea.ro\/albaiulia\/wp-content\/uploads\/2026\/07\/1000011613.jpg\" \/>\n<meta name=\"twitter:creator\" content=\"@urbeameaweb\" \/>\n<meta name=\"twitter:site\" content=\"@urbeameaweb\" \/>\n<script type=\"application\/ld+json\" class=\"yoast-schema-graph\">{\"@context\":\"https:\\\/\\\/schema.org\",\"@graph\":[{\"@type\":\"Article\",\"@id\":\"https:\\\/\\\/urbeamea.ro\\\/albaiulia\\\/astaziora-2200-spania-argentina-in-marea-finala-a-campionatului-mondial-de-fotbal\\\/#article\",\"isPartOf\":{\"@id\":\"https:\\\/\\\/urbeamea.ro\\\/albaiulia\\\/astaziora-2200-spania-argentina-in-marea-finala-a-campionatului-mondial-de-fotbal\\\/\"},\"author\":{\"name\":\"Giurca Sorin\",\"@id\":\"https:\\\/\\\/urbeamea.ro\\\/albaiulia\\\/#\\\/schema\\\/person\\\/5db3854ac38c1cc9f0ab4092d6a20f02\"},\"headline\":\"Ast\u0103zi,ora 22:00 Spania &#8211; Argentina, \u00een marea final\u0103 a Campionatului Mondial de Fotbal. Duel \u00eentre Messi \u0219i Yamal\",\"datePublished\":\"2026-07-19T10:51:57+00:00\",\"dateModified\":\"2026-07-19T10:54:02+00:00\",\"mainEntityOfPage\":{\"@id\":\"https:\\\/\\\/urbeamea.ro\\\/albaiulia\\\/astaziora-2200-spania-argentina-in-marea-finala-a-campionatului-mondial-de-fotbal\\\/\"},\"wordCount\":509,\"commentCount\":0,\"image\":{\"@id\":\"https:\\\/\\\/urbeamea.ro\\\/albaiulia\\\/astaziora-2200-spania-argentina-in-marea-finala-a-campionatului-mondial-de-fotbal\\\/#primaryimage\"},\"thumbnailUrl\":\"https:\\\/\\\/urbeamea.ro\\\/albaiulia\\\/wp-content\\\/uploads\\\/2026\\\/07\\\/1000011613.jpg\",\"keywords\":[\"Argentina\",\"Cupa mondial\u0103\",\"spania\"],\"articleSection\":[\"Actualitate\",\"Sport\",\"\u015etiri Urbane\"],\"inLanguage\":\"ro-RO\",\"potentialAction\":[{\"@type\":\"CommentAction\",\"name\":\"Comment\",\"target\":[\"https:\\\/\\\/urbeamea.ro\\\/albaiulia\\\/astaziora-2200-spania-argentina-in-marea-finala-a-campionatului-mondial-de-fotbal\\\/#respond\"]}]},{\"@type\":\"WebPage\",\"@id\":\"https:\\\/\\\/urbeamea.ro\\\/albaiulia\\\/astaziora-2200-spania-argentina-in-marea-finala-a-campionatului-mondial-de-fotbal\\\/\",\"url\":\"https:\\\/\\\/urbeamea.ro\\\/albaiulia\\\/astaziora-2200-spania-argentina-in-marea-finala-a-campionatului-mondial-de-fotbal\\\/\",\"name\":\"Ast\u0103zi,ora 22:00 Spania - Argentina, \u00een marea final\u0103 a Campionatului Mondial de Fotbal. Duel \u00eentre Messi \u0219i Yamal - Revista Urbea Mea - Revista de Alba\",\"isPartOf\":{\"@id\":\"https:\\\/\\\/urbeamea.ro\\\/albaiulia\\\/#website\"},\"primaryImageOfPage\":{\"@id\":\"https:\\\/\\\/urbeamea.ro\\\/albaiulia\\\/astaziora-2200-spania-argentina-in-marea-finala-a-campionatului-mondial-de-fotbal\\\/#primaryimage\"},\"image\":{\"@id\":\"https:\\\/\\\/urbeamea.ro\\\/albaiulia\\\/astaziora-2200-spania-argentina-in-marea-finala-a-campionatului-mondial-de-fotbal\\\/#primaryimage\"},\"thumbnailUrl\":\"https:\\\/\\\/urbeamea.ro\\\/albaiulia\\\/wp-content\\\/uploads\\\/2026\\\/07\\\/1000011613.jpg\",\"datePublished\":\"2026-07-19T10:51:57+00:00\",\"dateModified\":\"2026-07-19T10:54:02+00:00\",\"author\":{\"@id\":\"https:\\\/\\\/urbeamea.ro\\\/albaiulia\\\/#\\\/schema\\\/person\\\/5db3854ac38c1cc9f0ab4092d6a20f02\"},\"description\":\"Na\u021bionalele Spaniei \u0219i Argentinei, se vor \u00eent\u00e2lni duminic\u0103, cu \u00eencepere de la ora 22:00, \u00een marea final\u0103 a Campionatului Mondial de Fotbal. Meciul se va\",\"breadcrumb\":{\"@id\":\"https:\\\/\\\/urbeamea.ro\\\/albaiulia\\\/astaziora-2200-spania-argentina-in-marea-finala-a-campionatului-mondial-de-fotbal\\\/#breadcrumb\"},\"inLanguage\":\"ro-RO\",\"potentialAction\":[{\"@type\":\"ReadAction\",\"target\":[\"https:\\\/\\\/urbeamea.ro\\\/albaiulia\\\/astaziora-2200-spania-argentina-in-marea-finala-a-campionatului-mondial-de-fotbal\\\/\"]}]},{\"@type\":\"ImageObject\",\"inLanguage\":\"ro-RO\",\"@id\":\"https:\\\/\\\/urbeamea.ro\\\/albaiulia\\\/astaziora-2200-spania-argentina-in-marea-finala-a-campionatului-mondial-de-fotbal\\\/#primaryimage\",\"url\":\"https:\\\/\\\/urbeamea.ro\\\/albaiulia\\\/wp-content\\\/uploads\\\/2026\\\/07\\\/1000011613.jpg\",\"contentUrl\":\"https:\\\/\\\/urbeamea.ro\\\/albaiulia\\\/wp-content\\\/uploads\\\/2026\\\/07\\\/1000011613.jpg\",\"width\":955,\"height\":1200},{\"@type\":\"BreadcrumbList\",\"@id\":\"https:\\\/\\\/urbeamea.ro\\\/albaiulia\\\/astaziora-2200-spania-argentina-in-marea-finala-a-campionatului-mondial-de-fotbal\\\/#breadcrumb\",\"itemListElement\":[{\"@type\":\"ListItem\",\"position\":1,\"name\":\"Prima pagin\u0103\",\"item\":\"https:\\\/\\\/urbeamea.ro\\\/albaiulia\\\/\"},{\"@type\":\"ListItem\",\"position\":2,\"name\":\"Ast\u0103zi,ora 22:00 Spania &#8211; Argentina, \u00een marea final\u0103 a Campionatului Mondial de Fotbal. Duel \u00eentre Messi \u0219i Yamal\"}]},{\"@type\":\"WebSite\",\"@id\":\"https:\\\/\\\/urbeamea.ro\\\/albaiulia\\\/#website\",\"url\":\"https:\\\/\\\/urbeamea.ro\\\/albaiulia\\\/\",\"name\":\"Revista Urbea Mea, Stiri urbane\",\"description\":\"Evenimente \u0219i \u0219tiri din Alba Iulia, Sebe\u0219, Aiud, Blaj\",\"potentialAction\":[{\"@type\":\"SearchAction\",\"target\":{\"@type\":\"EntryPoint\",\"urlTemplate\":\"https:\\\/\\\/urbeamea.ro\\\/albaiulia\\\/?s={search_term_string}\"},\"query-input\":{\"@type\":\"PropertyValueSpecification\",\"valueRequired\":true,\"valueName\":\"search_term_string\"}}],\"inLanguage\":\"ro-RO\"},{\"@type\":\"Person\",\"@id\":\"https:\\\/\\\/urbeamea.ro\\\/albaiulia\\\/#\\\/schema\\\/person\\\/5db3854ac38c1cc9f0ab4092d6a20f02\",\"name\":\"Giurca Sorin\",\"image\":{\"@type\":\"ImageObject\",\"inLanguage\":\"ro-RO\",\"@id\":\"https:\\\/\\\/secure.gravatar.com\\\/avatar\\\/120f6fcae7b3b47a7730cb9943f612f4909f68ac5284b5f40ac1c4615fd70576?s=96&d=mm&r=g\",\"url\":\"https:\\\/\\\/secure.gravatar.com\\\/avatar\\\/120f6fcae7b3b47a7730cb9943f612f4909f68ac5284b5f40ac1c4615fd70576?s=96&d=mm&r=g\",\"contentUrl\":\"https:\\\/\\\/secure.gravatar.com\\\/avatar\\\/120f6fcae7b3b47a7730cb9943f612f4909f68ac5284b5f40ac1c4615fd70576?s=96&d=mm&r=g\",\"caption\":\"Giurca Sorin\"},\"url\":\"https:\\\/\\\/urbeamea.ro\\\/albaiulia\\\/author\\\/sorin\\\/\"}]}<\/script>\n<!-- \/ Yoast SEO plugin. -->","yoast_head_json":{"title":"Ast\u0103zi,ora 22:00 Spania - Argentina, \u00een marea final\u0103 a Campionatului Mondial de Fotbal. Duel \u00eentre Messi \u0219i Yamal - Revista Urbea Mea - Revista de Alba","description":"Na\u021bionalele Spaniei \u0219i Argentinei, se vor \u00eent\u00e2lni duminic\u0103, cu \u00eencepere de la ora 22:00, \u00een marea final\u0103 a Campionatului Mondial de Fotbal. Meciul se va","robots":{"index":"index","follow":"follow","max-snippet":"max-snippet:-1","max-image-preview":"max-image-preview:large","max-video-preview":"max-video-preview:-1"},"canonical":"https:\/\/urbeamea.ro\/albaiulia\/astaziora-2200-spania-argentina-in-marea-finala-a-campionatului-mondial-de-fotbal\/","twitter_card":"summary_large_image","twitter_title":"Ast\u0103zi,ora 22:00 Spania - Argentina, \u00een marea final\u0103 a Campionatului Mondial de Fotbal. Duel \u00eentre Messi \u0219i Yamal - Revista Urbea Mea - Revista de Alba","twitter_description":"Na\u021bionalele Spaniei \u0219i Argentinei, se vor \u00eent\u00e2lni duminic\u0103, cu \u00eencepere de la ora 22:00, \u00een marea final\u0103 a Campionatului Mondial de Fotbal. Meciul se va","twitter_image":"https:\/\/urbeamea.ro\/albaiulia\/wp-content\/uploads\/2026\/07\/1000011613.jpg","twitter_creator":"@urbeameaweb","twitter_site":"@urbeameaweb","schema":{"@context":"https:\/\/schema.org","@graph":[{"@type":"Article","@id":"https:\/\/urbeamea.ro\/albaiulia\/astaziora-2200-spania-argentina-in-marea-finala-a-campionatului-mondial-de-fotbal\/#article","isPartOf":{"@id":"https:\/\/urbeamea.ro\/albaiulia\/astaziora-2200-spania-argentina-in-marea-finala-a-campionatului-mondial-de-fotbal\/"},"author":{"name":"Giurca Sorin","@id":"https:\/\/urbeamea.ro\/albaiulia\/#\/schema\/person\/5db3854ac38c1cc9f0ab4092d6a20f02"},"headline":"Ast\u0103zi,ora 22:00 Spania &#8211; Argentina, \u00een marea final\u0103 a Campionatului Mondial de Fotbal. Duel \u00eentre Messi \u0219i Yamal","datePublished":"2026-07-19T10:51:57+00:00","dateModified":"2026-07-19T10:54:02+00:00","mainEntityOfPage":{"@id":"https:\/\/urbeamea.ro\/albaiulia\/astaziora-2200-spania-argentina-in-marea-finala-a-campionatului-mondial-de-fotbal\/"},"wordCount":509,"commentCount":0,"image":{"@id":"https:\/\/urbeamea.ro\/albaiulia\/astaziora-2200-spania-argentina-in-marea-finala-a-campionatului-mondial-de-fotbal\/#primaryimage"},"thumbnailUrl":"https:\/\/urbeamea.ro\/albaiulia\/wp-content\/uploads\/2026\/07\/1000011613.jpg","keywords":["Argentina","Cupa mondial\u0103","spania"],"articleSection":["Actualitate","Sport","\u015etiri Urbane"],"inLanguage":"ro-RO","potentialAction":[{"@type":"CommentAction","name":"Comment","target":["https:\/\/urbeamea.ro\/albaiulia\/astaziora-2200-spania-argentina-in-marea-finala-a-campionatului-mondial-de-fotbal\/#respond"]}]},{"@type":"WebPage","@id":"https:\/\/urbeamea.ro\/albaiulia\/astaziora-2200-spania-argentina-in-marea-finala-a-campionatului-mondial-de-fotbal\/","url":"https:\/\/urbeamea.ro\/albaiulia\/astaziora-2200-spania-argentina-in-marea-finala-a-campionatului-mondial-de-fotbal\/","name":"Ast\u0103zi,ora 22:00 Spania - Argentina, \u00een marea final\u0103 a Campionatului Mondial de Fotbal. Duel \u00eentre Messi \u0219i Yamal - Revista Urbea Mea - Revista de Alba","isPartOf":{"@id":"https:\/\/urbeamea.ro\/albaiulia\/#website"},"primaryImageOfPage":{"@id":"https:\/\/urbeamea.ro\/albaiulia\/astaziora-2200-spania-argentina-in-marea-finala-a-campionatului-mondial-de-fotbal\/#primaryimage"},"image":{"@id":"https:\/\/urbeamea.ro\/albaiulia\/astaziora-2200-spania-argentina-in-marea-finala-a-campionatului-mondial-de-fotbal\/#primaryimage"},"thumbnailUrl":"https:\/\/urbeamea.ro\/albaiulia\/wp-content\/uploads\/2026\/07\/1000011613.jpg","datePublished":"2026-07-19T10:51:57+00:00","dateModified":"2026-07-19T10:54:02+00:00","author":{"@id":"https:\/\/urbeamea.ro\/albaiulia\/#\/schema\/person\/5db3854ac38c1cc9f0ab4092d6a20f02"},"description":"Na\u021bionalele Spaniei \u0219i Argentinei, se vor \u00eent\u00e2lni duminic\u0103, cu \u00eencepere de la ora 22:00, \u00een marea final\u0103 a Campionatului Mondial de Fotbal. Meciul se va","breadcrumb":{"@id":"https:\/\/urbeamea.ro\/albaiulia\/astaziora-2200-spania-argentina-in-marea-finala-a-campionatului-mondial-de-fotbal\/#breadcrumb"},"inLanguage":"ro-RO","potentialAction":[{"@type":"ReadAction","target":["https:\/\/urbeamea.ro\/albaiulia\/astaziora-2200-spania-argentina-in-marea-finala-a-campionatului-mondial-de-fotbal\/"]}]},{"@type":"ImageObject","inLanguage":"ro-RO","@id":"https:\/\/urbeamea.ro\/albaiulia\/astaziora-2200-spania-argentina-in-marea-finala-a-campionatului-mondial-de-fotbal\/#primaryimage","url":"https:\/\/urbeamea.ro\/albaiulia\/wp-content\/uploads\/2026\/07\/1000011613.jpg","contentUrl":"https:\/\/urbeamea.ro\/albaiulia\/wp-content\/uploads\/2026\/07\/1000011613.jpg","width":955,"height":1200},{"@type":"BreadcrumbList","@id":"https:\/\/urbeamea.ro\/albaiulia\/astaziora-2200-spania-argentina-in-marea-finala-a-campionatului-mondial-de-fotbal\/#breadcrumb","itemListElement":[{"@type":"ListItem","position":1,"name":"Prima pagin\u0103","item":"https:\/\/urbeamea.ro\/albaiulia\/"},{"@type":"ListItem","position":2,"name":"Ast\u0103zi,ora 22:00 Spania &#8211; Argentina, \u00een marea final\u0103 a Campionatului Mondial de Fotbal. Duel \u00eentre Messi \u0219i Yamal"}]},{"@type":"WebSite","@id":"https:\/\/urbeamea.ro\/albaiulia\/#website","url":"https:\/\/urbeamea.ro\/albaiulia\/","name":"Revista Urbea Mea, Stiri urbane","description":"Evenimente \u0219i \u0219tiri din Alba Iulia, Sebe\u0219, Aiud, Blaj","potentialAction":[{"@type":"SearchAction","target":{"@type":"EntryPoint","urlTemplate":"https:\/\/urbeamea.ro\/albaiulia\/?s={search_term_string}"},"query-input":{"@type":"PropertyValueSpecification","valueRequired":true,"valueName":"search_term_string"}}],"inLanguage":"ro-RO"},{"@type":"Person","@id":"https:\/\/urbeamea.ro\/albaiulia\/#\/schema\/person\/5db3854ac38c1cc9f0ab4092d6a20f02","name":"Giurca Sorin","image":{"@type":"ImageObject","inLanguage":"ro-RO","@id":"https:\/\/secure.gravatar.com\/avatar\/120f6fcae7b3b47a7730cb9943f612f4909f68ac5284b5f40ac1c4615fd70576?s=96&d=mm&r=g","url":"https:\/\/secure.gravatar.com\/avatar\/120f6fcae7b3b47a7730cb9943f612f4909f68ac5284b5f40ac1c4615fd70576?s=96&d=mm&r=g","contentUrl":"https:\/\/secure.gravatar.com\/avatar\/120f6fcae7b3b47a7730cb9943f612f4909f68ac5284b5f40ac1c4615fd70576?s=96&d=mm&r=g","caption":"Giurca Sorin"},"url":"https:\/\/urbeamea.ro\/albaiulia\/author\/sorin\/"}]}},"_links":{"self":[{"href":"https:\/\/urbeamea.ro\/albaiulia\/wp-json\/wp\/v2\/posts\/122963","targetHints":{"allow":["GET"]}}],"collection":[{"href":"https:\/\/urbeamea.ro\/albaiulia\/wp-json\/wp\/v2\/posts"}],"about":[{"href":"https:\/\/urbeamea.ro\/albaiulia\/wp-json\/wp\/v2\/types\/post"}],"author":[{"embeddable":true,"href":"https:\/\/urbeamea.ro\/albaiulia\/wp-json\/wp\/v2\/users\/28"}],"replies":[{"embeddable":true,"href":"https:\/\/urbeamea.ro\/albaiulia\/wp-json\/wp\/v2\/comments?post=122963"}],"version-history":[{"count":2,"href":"https:\/\/urbeamea.ro\/albaiulia\/wp-json\/wp\/v2\/posts\/122963\/revisions"}],"predecessor-version":[{"id":122969,"href":"https:\/\/urbeamea.ro\/albaiulia\/wp-json\/wp\/v2\/posts\/122963\/revisions\/122969"}],"wp:featuredmedia":[{"embeddable":true,"href":"https:\/\/urbeamea.ro\/albaiulia\/wp-json\/wp\/v2\/media\/122965"}],"wp:attachment":[{"href":"https:\/\/urbeamea.ro\/albaiulia\/wp-json\/wp\/v2\/media?parent=122963"}],"wp:term":[{"taxonomy":"category","embeddable":true,"href":"https:\/\/urbeamea.ro\/albaiulia\/wp-json\/wp\/v2\/categories?post=122963"},{"taxonomy":"post_tag","embeddable":true,"href":"https:\/\/urbeamea.ro\/albaiulia\/wp-json\/wp\/v2\/tags?post=122963"}],"curies":[{"name":"wp","href":"https:\/\/api.w.org\/{rel}","templated":true}]}}