{"id":12345,"date":"2015-11-19T15:40:50","date_gmt":"2015-11-19T13:40:50","guid":{"rendered":"http:\/\/urbeamea.ro\/albaiulia\/?p=12345"},"modified":"2016-01-18T18:24:38","modified_gmt":"2016-01-18T16:24:38","slug":"1-decembrie-la-alba-iulia-personaje-istorice-expozitii-cu-unelte-si-arme-drapele-sau-machete-la-muzeul-national-al-unirii","status":"publish","type":"post","link":"https:\/\/urbeamea.ro\/albaiulia\/1-decembrie-la-alba-iulia-personaje-istorice-expozitii-cu-unelte-si-arme-drapele-sau-machete-la-muzeul-national-al-unirii\/","title":{"rendered":"1 Decembrie la Alba Iulia: Personaje istorice, expozi\u021bii cu unelte \u0219i arme, drapele sau machete, la Muzeul Na\u0163ional al Unirii"},"content":{"rendered":"<p><strong><a href=\"http:\/\/urbeamea.ro\/albaiulia\/wp-content\/uploads\/2015\/05\/muzeuAlba.jpg\"><img loading=\"lazy\" decoding=\"async\" class=\"size-medium wp-image-3726 alignleft\" src=\"http:\/\/urbeamea.ro\/albaiulia\/wp-content\/uploads\/2015\/05\/muzeuAlba-300x188.jpg\" alt=\"muzeuAlba\" width=\"300\" height=\"188\" srcset=\"https:\/\/urbeamea.ro\/albaiulia\/wp-content\/uploads\/2015\/05\/muzeuAlba-300x188.jpg 300w, https:\/\/urbeamea.ro\/albaiulia\/wp-content\/uploads\/2015\/05\/muzeuAlba-150x94.jpg 150w, https:\/\/urbeamea.ro\/albaiulia\/wp-content\/uploads\/2015\/05\/muzeuAlba.jpg 600w\" sizes=\"auto, (max-width: 300px) 100vw, 300px\" \/><\/a>Cei care vor trece pragul Muzeului Na\u0163ional al Unirii din Alba Iulia vor avea parte de o surpriz\u0103 de Ziua Na\u0163ional\u0103 a Rom\u00e2niei, pe 1 Decembrie 2015. Turi\u0219tii sau albaiulienii vor avea ocazia s\u0103 se \u00eent\u00e2lneasc\u0103 cu personaje istorice \u0219i trupe de reenactment antic. Totodat\u0103, ace\u0219tia vor putea vedea un num\u0103r de cinci expozi\u021bii, ce cuprind fotografii, unelte, arme, bijuterii din bronz, c\u0103r\u021bi, drapele sau machete statice.<\/strong><\/p>\n<p>De 1 Decembrie 2015, cei care vor trece pragul Muzeului Na\u021bional al Unirii din Alba Iulia se vor putea \u00eent\u00e2lni cu personaje istorice. Avram Iancu, Mihai Viteazu, regele Ferdinand sau regina Maria, sunt doar c\u00e2teva dintre personajele istorice pe care turi\u0219tii \u0219i albaiulienii le vor putea vedea \u00een s\u0103lile de expozi\u021bie ale muzeului.<\/p>\n<p>De asemenea, cei prezen\u021bi vor avea prilejul de a se \u00eent\u00e2lni cu \u00eensu\u0219i Camil Velican, primul primar rom\u00e2n al Alba Iuliei, care a pus bazele moderniz\u0103rii ora\u0219ului, imediat dup\u0103 Marea Unire din 1918. Om de o capacitate organizatoric\u0103 de excep\u021bie, Camil Velican, instituit \u00een func\u021bie \u00een data de 3 decembrie 1918, a fost un ardent sus\u021bin\u0103tor al patrimoniului istoric al Alba Iuliei.<\/p>\n<p>Totodat\u0103, la muzeu vor fi prezente \u0219i trupele de reenactment antic, respectiv romanii Legiunii a XIII Gemina, dacii cunoscu\u021bi sub denumirea de Lupii Apoulonului, gladiatorii Ludusului Apulensis \u0219i dansatoarele Magma Nemesis.<\/p>\n<p>De Ziua Na\u021bional\u0103 a Rom\u00e2niei vor putea fi vizitate \u0219i cinci expozi\u021bii, respectiv:<\/p>\n<p><strong>\u201eP\u00e2n\u0103 la facerea acestei c\u0103r\u021bi sunt s\u0103n\u0103tos \u2026\u201d. Via\u021ba cotidian\u0103 \u00een Primul R\u0103zboi Mondial <\/strong>\u2013 Expozi\u021bia \u00eencearc\u0103 s\u0103 surprind\u0103, prin intermediul fotografiilor \u0219i a obiectelor tridimensionale, aspecte ale vie\u021bii cotidiene din Transilvania, \u00een timpul Primului R\u0103zboi Mondial. <em>Loca\u021bie: Sala Unirii<\/em><\/p>\n<p><strong>Artizanii epocii bronzului: descoperiri recente din Transilvania<\/strong> \u2013 Expozi\u021bia prezint\u0103 publicului aspecte ale metalurgiei bronzului \u00een preistorie. Cu aceast\u0103 ocazie vor fi expuse cele mai recente descoperiri din jude\u021bul Alba, unelte, arme, bijuterii \u0219i piese de vestimenta\u021bie, bine\u00een\u021beles toate din bronz, apar\u021bin\u00e2nd secolelor XII-VIII \u00ee.Hr. <em>Loca\u021bie: Cl\u0103direa Babilon<\/em><\/p>\n<p><strong>Steagurile istorice din Republica Moldova<\/strong> \u2013 Expozi\u021bia \u00ee\u0219i invit\u0103 vizitatorii \u00eentr-o spectaculoas\u0103 \u0219i ampl\u0103 incursiune \u00een istoria drapelelor din Moldova, din evul mediu p\u00e2n\u0103 \u00een zilele noastre. <em>Loca\u021bie: Cl\u0103direa Babilon<\/em><\/p>\n<p><strong>Transilvanice din colec\u021biile Muzeului Na\u021bional al Unirii Alba Iulia<\/strong> \u2013 O expozi\u021bie de carte tip\u0103rit\u0103 \u00een Transilvania \u00een limbile latin\u0103, maghiar\u0103 \u0219i german\u0103, toate aflate \u00een colec\u021biile Muzeului Na\u021bional al Unirii, unele dintre exemplare av\u00e2nd o valoare de unicat \u00een lume. <em>Loca\u021bie: Cl\u0103direa Babilon<\/em><\/p>\n<p><strong>Salonul interna\u021bional de machete statice<\/strong> \u2013 Deja tradi\u021bei, de 1 Decembrie, Muzeul Na\u021bional al Unirii g\u0103zduie\u0219te o expozi\u021bie \u00een care sunt prezente sute de tancuri, avioane, elicoptere \u0219i ma\u0219ini de lupt\u0103, dar \u0219i mijloace de transport civile, figurine \u0219i diorame, toate realizate de macheti\u0219ti din mai multe \u021b\u0103ri. <em>Loca\u021bie: Cl\u0103direa Babilon<\/em><\/p>\n<p><em>Programul special de 1 Decembrie 2015 este \u00eentre orele 10.00 \u0219i 19.00. Tarif de vizitare al Cl\u0103dirii Babilon (Muzeul Na\u021bional al Unirii din Alba Iulia) este de 4 lei, iar intrarea la Sala Unirii este liber\u0103.<\/em><\/p>\n","protected":false},"excerpt":{"rendered":"<p>Cei care vor trece pragul Muzeului Na\u0163ional al Unirii din Alba Iulia vor avea parte de o surpriz\u0103 de Ziua Na\u0163ional\u0103 a Rom\u00e2niei, pe 1 Decembrie 2015. Turi\u0219tii sau albaiulienii vor avea ocazia s\u0103 se \u00eent\u00e2lneasc\u0103 cu personaje istorice \u0219i trupe de reenactment antic. Totodat\u0103, ace\u0219tia vor putea vedea un num\u0103r de cinci expozi\u021bii, ce &hellip;<\/p>\n","protected":false},"author":17,"featured_media":3726,"comment_status":"open","ping_status":"open","sticky":false,"template":"","format":"standard","meta":{"inline_featured_image":false,"footnotes":""},"categories":[2038],"tags":[962,31,1088,421,1089,308,76],"class_list":["post-12345","post","type-post","status-publish","format-standard","has-post-thumbnail","hentry","category-cultura","tag-1-decembrie","tag-alba-iulia","tag-expozitii","tag-muzeul-national-al-unirii","tag-persoanje-istorice","tag-stiri","tag-urbea-mea"],"yoast_head":"<!-- This site is optimized with the Yoast SEO plugin v27.4 - https:\/\/yoast.com\/product\/yoast-seo-wordpress\/ -->\n<title>1 Decembrie la Alba Iulia: Personaje istorice, expozi\u021bii cu unelte \u0219i arme, drapele sau machete, la Muzeul Na\u0163ional al Unirii - Revista Urbea Mea - Revista de Alba<\/title>\n<meta name=\"description\" content=\"Cei care vor trece pragul Muzeului Na\u0163ional al Unirii din Alba Iulia vor avea parte de o surpriz\u0103 de Ziua Na\u0163ional\u0103 a Rom\u00e2niei, pe 1 Decembrie 2015.\" \/>\n<meta name=\"robots\" content=\"index, follow, max-snippet:-1, max-image-preview:large, max-video-preview:-1\" \/>\n<link rel=\"canonical\" href=\"https:\/\/urbeamea.ro\/albaiulia\/1-decembrie-la-alba-iulia-personaje-istorice-expozitii-cu-unelte-si-arme-drapele-sau-machete-la-muzeul-national-al-unirii\/\" \/>\n<meta name=\"twitter:card\" content=\"summary_large_image\" \/>\n<meta name=\"twitter:title\" content=\"1 Decembrie la Alba Iulia: Personaje istorice, expozi\u021bii cu unelte \u0219i arme, drapele sau machete, la Muzeul Na\u0163ional al Unirii - Revista Urbea Mea - Revista de Alba\" \/>\n<meta name=\"twitter:description\" content=\"Cei care vor trece pragul Muzeului Na\u0163ional al Unirii din Alba Iulia vor avea parte de o surpriz\u0103 de Ziua Na\u0163ional\u0103 a Rom\u00e2niei, pe 1 Decembrie 2015.\" \/>\n<meta name=\"twitter:image\" content=\"https:\/\/urbeamea.ro\/albaiulia\/wp-content\/uploads\/2015\/05\/muzeuAlba.jpg\" \/>\n<meta name=\"twitter:creator\" content=\"@urbeameaweb\" \/>\n<meta name=\"twitter:site\" content=\"@urbeameaweb\" \/>\n<script type=\"application\/ld+json\" class=\"yoast-schema-graph\">{\"@context\":\"https:\\\/\\\/schema.org\",\"@graph\":[{\"@type\":\"Article\",\"@id\":\"https:\\\/\\\/urbeamea.ro\\\/albaiulia\\\/1-decembrie-la-alba-iulia-personaje-istorice-expozitii-cu-unelte-si-arme-drapele-sau-machete-la-muzeul-national-al-unirii\\\/#article\",\"isPartOf\":{\"@id\":\"https:\\\/\\\/urbeamea.ro\\\/albaiulia\\\/1-decembrie-la-alba-iulia-personaje-istorice-expozitii-cu-unelte-si-arme-drapele-sau-machete-la-muzeul-national-al-unirii\\\/\"},\"author\":{\"name\":\"Cristina Ganga\",\"@id\":\"https:\\\/\\\/urbeamea.ro\\\/albaiulia\\\/#\\\/schema\\\/person\\\/9700d21fae21c4f038b0b56f4506264a\"},\"headline\":\"1 Decembrie la Alba Iulia: Personaje istorice, expozi\u021bii cu unelte \u0219i arme, drapele sau machete, la Muzeul Na\u0163ional al Unirii\",\"datePublished\":\"2015-11-19T13:40:50+00:00\",\"dateModified\":\"2016-01-18T16:24:38+00:00\",\"mainEntityOfPage\":{\"@id\":\"https:\\\/\\\/urbeamea.ro\\\/albaiulia\\\/1-decembrie-la-alba-iulia-personaje-istorice-expozitii-cu-unelte-si-arme-drapele-sau-machete-la-muzeul-national-al-unirii\\\/\"},\"wordCount\":552,\"commentCount\":0,\"image\":{\"@id\":\"https:\\\/\\\/urbeamea.ro\\\/albaiulia\\\/1-decembrie-la-alba-iulia-personaje-istorice-expozitii-cu-unelte-si-arme-drapele-sau-machete-la-muzeul-national-al-unirii\\\/#primaryimage\"},\"thumbnailUrl\":\"https:\\\/\\\/urbeamea.ro\\\/albaiulia\\\/wp-content\\\/uploads\\\/2015\\\/05\\\/muzeuAlba.jpg\",\"keywords\":[\"1 decembrie\",\"Alba Iulia\",\"expozitii\",\"muzeul national al unirii\",\"persoanje istorice\",\"stiri\",\"Urbea Mea\"],\"articleSection\":[\"Cultur\u0103\"],\"inLanguage\":\"ro-RO\",\"potentialAction\":[{\"@type\":\"CommentAction\",\"name\":\"Comment\",\"target\":[\"https:\\\/\\\/urbeamea.ro\\\/albaiulia\\\/1-decembrie-la-alba-iulia-personaje-istorice-expozitii-cu-unelte-si-arme-drapele-sau-machete-la-muzeul-national-al-unirii\\\/#respond\"]}]},{\"@type\":\"WebPage\",\"@id\":\"https:\\\/\\\/urbeamea.ro\\\/albaiulia\\\/1-decembrie-la-alba-iulia-personaje-istorice-expozitii-cu-unelte-si-arme-drapele-sau-machete-la-muzeul-national-al-unirii\\\/\",\"url\":\"https:\\\/\\\/urbeamea.ro\\\/albaiulia\\\/1-decembrie-la-alba-iulia-personaje-istorice-expozitii-cu-unelte-si-arme-drapele-sau-machete-la-muzeul-national-al-unirii\\\/\",\"name\":\"1 Decembrie la Alba Iulia: Personaje istorice, expozi\u021bii cu unelte \u0219i arme, drapele sau machete, la Muzeul Na\u0163ional al Unirii - Revista Urbea Mea - Revista de Alba\",\"isPartOf\":{\"@id\":\"https:\\\/\\\/urbeamea.ro\\\/albaiulia\\\/#website\"},\"primaryImageOfPage\":{\"@id\":\"https:\\\/\\\/urbeamea.ro\\\/albaiulia\\\/1-decembrie-la-alba-iulia-personaje-istorice-expozitii-cu-unelte-si-arme-drapele-sau-machete-la-muzeul-national-al-unirii\\\/#primaryimage\"},\"image\":{\"@id\":\"https:\\\/\\\/urbeamea.ro\\\/albaiulia\\\/1-decembrie-la-alba-iulia-personaje-istorice-expozitii-cu-unelte-si-arme-drapele-sau-machete-la-muzeul-national-al-unirii\\\/#primaryimage\"},\"thumbnailUrl\":\"https:\\\/\\\/urbeamea.ro\\\/albaiulia\\\/wp-content\\\/uploads\\\/2015\\\/05\\\/muzeuAlba.jpg\",\"datePublished\":\"2015-11-19T13:40:50+00:00\",\"dateModified\":\"2016-01-18T16:24:38+00:00\",\"author\":{\"@id\":\"https:\\\/\\\/urbeamea.ro\\\/albaiulia\\\/#\\\/schema\\\/person\\\/9700d21fae21c4f038b0b56f4506264a\"},\"description\":\"Cei care vor trece pragul Muzeului Na\u0163ional al Unirii din Alba Iulia vor avea parte de o surpriz\u0103 de Ziua Na\u0163ional\u0103 a Rom\u00e2niei, pe 1 Decembrie 2015.\",\"breadcrumb\":{\"@id\":\"https:\\\/\\\/urbeamea.ro\\\/albaiulia\\\/1-decembrie-la-alba-iulia-personaje-istorice-expozitii-cu-unelte-si-arme-drapele-sau-machete-la-muzeul-national-al-unirii\\\/#breadcrumb\"},\"inLanguage\":\"ro-RO\",\"potentialAction\":[{\"@type\":\"ReadAction\",\"target\":[\"https:\\\/\\\/urbeamea.ro\\\/albaiulia\\\/1-decembrie-la-alba-iulia-personaje-istorice-expozitii-cu-unelte-si-arme-drapele-sau-machete-la-muzeul-national-al-unirii\\\/\"]}]},{\"@type\":\"ImageObject\",\"inLanguage\":\"ro-RO\",\"@id\":\"https:\\\/\\\/urbeamea.ro\\\/albaiulia\\\/1-decembrie-la-alba-iulia-personaje-istorice-expozitii-cu-unelte-si-arme-drapele-sau-machete-la-muzeul-national-al-unirii\\\/#primaryimage\",\"url\":\"https:\\\/\\\/urbeamea.ro\\\/albaiulia\\\/wp-content\\\/uploads\\\/2015\\\/05\\\/muzeuAlba.jpg\",\"contentUrl\":\"https:\\\/\\\/urbeamea.ro\\\/albaiulia\\\/wp-content\\\/uploads\\\/2015\\\/05\\\/muzeuAlba.jpg\",\"width\":600,\"height\":375},{\"@type\":\"BreadcrumbList\",\"@id\":\"https:\\\/\\\/urbeamea.ro\\\/albaiulia\\\/1-decembrie-la-alba-iulia-personaje-istorice-expozitii-cu-unelte-si-arme-drapele-sau-machete-la-muzeul-national-al-unirii\\\/#breadcrumb\",\"itemListElement\":[{\"@type\":\"ListItem\",\"position\":1,\"name\":\"Prima pagin\u0103\",\"item\":\"https:\\\/\\\/urbeamea.ro\\\/albaiulia\\\/\"},{\"@type\":\"ListItem\",\"position\":2,\"name\":\"1 Decembrie la Alba Iulia: Personaje istorice, expozi\u021bii cu unelte \u0219i arme, drapele sau machete, la Muzeul Na\u0163ional al Unirii\"}]},{\"@type\":\"WebSite\",\"@id\":\"https:\\\/\\\/urbeamea.ro\\\/albaiulia\\\/#website\",\"url\":\"https:\\\/\\\/urbeamea.ro\\\/albaiulia\\\/\",\"name\":\"Revista Urbea Mea, Stiri urbane\",\"description\":\"Evenimente \u0219i \u0219tiri din Alba Iulia, Sebe\u0219, Aiud, Blaj\",\"potentialAction\":[{\"@type\":\"SearchAction\",\"target\":{\"@type\":\"EntryPoint\",\"urlTemplate\":\"https:\\\/\\\/urbeamea.ro\\\/albaiulia\\\/?s={search_term_string}\"},\"query-input\":{\"@type\":\"PropertyValueSpecification\",\"valueRequired\":true,\"valueName\":\"search_term_string\"}}],\"inLanguage\":\"ro-RO\"},{\"@type\":\"Person\",\"@id\":\"https:\\\/\\\/urbeamea.ro\\\/albaiulia\\\/#\\\/schema\\\/person\\\/9700d21fae21c4f038b0b56f4506264a\",\"name\":\"Cristina Ganga\",\"image\":{\"@type\":\"ImageObject\",\"inLanguage\":\"ro-RO\",\"@id\":\"https:\\\/\\\/secure.gravatar.com\\\/avatar\\\/5a67661041f057b4a8ccaf26f5a8e86e2689372006d01faf3dd9eeb10b654bb4?s=96&d=mm&r=g\",\"url\":\"https:\\\/\\\/secure.gravatar.com\\\/avatar\\\/5a67661041f057b4a8ccaf26f5a8e86e2689372006d01faf3dd9eeb10b654bb4?s=96&d=mm&r=g\",\"contentUrl\":\"https:\\\/\\\/secure.gravatar.com\\\/avatar\\\/5a67661041f057b4a8ccaf26f5a8e86e2689372006d01faf3dd9eeb10b654bb4?s=96&d=mm&r=g\",\"caption\":\"Cristina Ganga\"},\"description\":\"Jurnalist\",\"sameAs\":[\"https:\\\/\\\/www.facebook.com\\\/cristina.nicola.587\"],\"url\":\"https:\\\/\\\/urbeamea.ro\\\/albaiulia\\\/author\\\/cristina-nicola\\\/\"}]}<\/script>\n<!-- \/ Yoast SEO plugin. -->","yoast_head_json":{"title":"1 Decembrie la Alba Iulia: Personaje istorice, expozi\u021bii cu unelte \u0219i arme, drapele sau machete, la Muzeul Na\u0163ional al Unirii - Revista Urbea Mea - Revista de Alba","description":"Cei care vor trece pragul Muzeului Na\u0163ional al Unirii din Alba Iulia vor avea parte de o surpriz\u0103 de Ziua Na\u0163ional\u0103 a Rom\u00e2niei, pe 1 Decembrie 2015.","robots":{"index":"index","follow":"follow","max-snippet":"max-snippet:-1","max-image-preview":"max-image-preview:large","max-video-preview":"max-video-preview:-1"},"canonical":"https:\/\/urbeamea.ro\/albaiulia\/1-decembrie-la-alba-iulia-personaje-istorice-expozitii-cu-unelte-si-arme-drapele-sau-machete-la-muzeul-national-al-unirii\/","twitter_card":"summary_large_image","twitter_title":"1 Decembrie la Alba Iulia: Personaje istorice, expozi\u021bii cu unelte \u0219i arme, drapele sau machete, la Muzeul Na\u0163ional al Unirii - Revista Urbea Mea - Revista de Alba","twitter_description":"Cei care vor trece pragul Muzeului Na\u0163ional al Unirii din Alba Iulia vor avea parte de o surpriz\u0103 de Ziua Na\u0163ional\u0103 a Rom\u00e2niei, pe 1 Decembrie 2015.","twitter_image":"https:\/\/urbeamea.ro\/albaiulia\/wp-content\/uploads\/2015\/05\/muzeuAlba.jpg","twitter_creator":"@urbeameaweb","twitter_site":"@urbeameaweb","schema":{"@context":"https:\/\/schema.org","@graph":[{"@type":"Article","@id":"https:\/\/urbeamea.ro\/albaiulia\/1-decembrie-la-alba-iulia-personaje-istorice-expozitii-cu-unelte-si-arme-drapele-sau-machete-la-muzeul-national-al-unirii\/#article","isPartOf":{"@id":"https:\/\/urbeamea.ro\/albaiulia\/1-decembrie-la-alba-iulia-personaje-istorice-expozitii-cu-unelte-si-arme-drapele-sau-machete-la-muzeul-national-al-unirii\/"},"author":{"name":"Cristina Ganga","@id":"https:\/\/urbeamea.ro\/albaiulia\/#\/schema\/person\/9700d21fae21c4f038b0b56f4506264a"},"headline":"1 Decembrie la Alba Iulia: Personaje istorice, expozi\u021bii cu unelte \u0219i arme, drapele sau machete, la Muzeul Na\u0163ional al Unirii","datePublished":"2015-11-19T13:40:50+00:00","dateModified":"2016-01-18T16:24:38+00:00","mainEntityOfPage":{"@id":"https:\/\/urbeamea.ro\/albaiulia\/1-decembrie-la-alba-iulia-personaje-istorice-expozitii-cu-unelte-si-arme-drapele-sau-machete-la-muzeul-national-al-unirii\/"},"wordCount":552,"commentCount":0,"image":{"@id":"https:\/\/urbeamea.ro\/albaiulia\/1-decembrie-la-alba-iulia-personaje-istorice-expozitii-cu-unelte-si-arme-drapele-sau-machete-la-muzeul-national-al-unirii\/#primaryimage"},"thumbnailUrl":"https:\/\/urbeamea.ro\/albaiulia\/wp-content\/uploads\/2015\/05\/muzeuAlba.jpg","keywords":["1 decembrie","Alba Iulia","expozitii","muzeul national al unirii","persoanje istorice","stiri","Urbea Mea"],"articleSection":["Cultur\u0103"],"inLanguage":"ro-RO","potentialAction":[{"@type":"CommentAction","name":"Comment","target":["https:\/\/urbeamea.ro\/albaiulia\/1-decembrie-la-alba-iulia-personaje-istorice-expozitii-cu-unelte-si-arme-drapele-sau-machete-la-muzeul-national-al-unirii\/#respond"]}]},{"@type":"WebPage","@id":"https:\/\/urbeamea.ro\/albaiulia\/1-decembrie-la-alba-iulia-personaje-istorice-expozitii-cu-unelte-si-arme-drapele-sau-machete-la-muzeul-national-al-unirii\/","url":"https:\/\/urbeamea.ro\/albaiulia\/1-decembrie-la-alba-iulia-personaje-istorice-expozitii-cu-unelte-si-arme-drapele-sau-machete-la-muzeul-national-al-unirii\/","name":"1 Decembrie la Alba Iulia: Personaje istorice, expozi\u021bii cu unelte \u0219i arme, drapele sau machete, la Muzeul Na\u0163ional al Unirii - Revista Urbea Mea - Revista de Alba","isPartOf":{"@id":"https:\/\/urbeamea.ro\/albaiulia\/#website"},"primaryImageOfPage":{"@id":"https:\/\/urbeamea.ro\/albaiulia\/1-decembrie-la-alba-iulia-personaje-istorice-expozitii-cu-unelte-si-arme-drapele-sau-machete-la-muzeul-national-al-unirii\/#primaryimage"},"image":{"@id":"https:\/\/urbeamea.ro\/albaiulia\/1-decembrie-la-alba-iulia-personaje-istorice-expozitii-cu-unelte-si-arme-drapele-sau-machete-la-muzeul-national-al-unirii\/#primaryimage"},"thumbnailUrl":"https:\/\/urbeamea.ro\/albaiulia\/wp-content\/uploads\/2015\/05\/muzeuAlba.jpg","datePublished":"2015-11-19T13:40:50+00:00","dateModified":"2016-01-18T16:24:38+00:00","author":{"@id":"https:\/\/urbeamea.ro\/albaiulia\/#\/schema\/person\/9700d21fae21c4f038b0b56f4506264a"},"description":"Cei care vor trece pragul Muzeului Na\u0163ional al Unirii din Alba Iulia vor avea parte de o surpriz\u0103 de Ziua Na\u0163ional\u0103 a Rom\u00e2niei, pe 1 Decembrie 2015.","breadcrumb":{"@id":"https:\/\/urbeamea.ro\/albaiulia\/1-decembrie-la-alba-iulia-personaje-istorice-expozitii-cu-unelte-si-arme-drapele-sau-machete-la-muzeul-national-al-unirii\/#breadcrumb"},"inLanguage":"ro-RO","potentialAction":[{"@type":"ReadAction","target":["https:\/\/urbeamea.ro\/albaiulia\/1-decembrie-la-alba-iulia-personaje-istorice-expozitii-cu-unelte-si-arme-drapele-sau-machete-la-muzeul-national-al-unirii\/"]}]},{"@type":"ImageObject","inLanguage":"ro-RO","@id":"https:\/\/urbeamea.ro\/albaiulia\/1-decembrie-la-alba-iulia-personaje-istorice-expozitii-cu-unelte-si-arme-drapele-sau-machete-la-muzeul-national-al-unirii\/#primaryimage","url":"https:\/\/urbeamea.ro\/albaiulia\/wp-content\/uploads\/2015\/05\/muzeuAlba.jpg","contentUrl":"https:\/\/urbeamea.ro\/albaiulia\/wp-content\/uploads\/2015\/05\/muzeuAlba.jpg","width":600,"height":375},{"@type":"BreadcrumbList","@id":"https:\/\/urbeamea.ro\/albaiulia\/1-decembrie-la-alba-iulia-personaje-istorice-expozitii-cu-unelte-si-arme-drapele-sau-machete-la-muzeul-national-al-unirii\/#breadcrumb","itemListElement":[{"@type":"ListItem","position":1,"name":"Prima pagin\u0103","item":"https:\/\/urbeamea.ro\/albaiulia\/"},{"@type":"ListItem","position":2,"name":"1 Decembrie la Alba Iulia: Personaje istorice, expozi\u021bii cu unelte \u0219i arme, drapele sau machete, la Muzeul Na\u0163ional al Unirii"}]},{"@type":"WebSite","@id":"https:\/\/urbeamea.ro\/albaiulia\/#website","url":"https:\/\/urbeamea.ro\/albaiulia\/","name":"Revista Urbea Mea, Stiri urbane","description":"Evenimente \u0219i \u0219tiri din Alba Iulia, Sebe\u0219, Aiud, Blaj","potentialAction":[{"@type":"SearchAction","target":{"@type":"EntryPoint","urlTemplate":"https:\/\/urbeamea.ro\/albaiulia\/?s={search_term_string}"},"query-input":{"@type":"PropertyValueSpecification","valueRequired":true,"valueName":"search_term_string"}}],"inLanguage":"ro-RO"},{"@type":"Person","@id":"https:\/\/urbeamea.ro\/albaiulia\/#\/schema\/person\/9700d21fae21c4f038b0b56f4506264a","name":"Cristina Ganga","image":{"@type":"ImageObject","inLanguage":"ro-RO","@id":"https:\/\/secure.gravatar.com\/avatar\/5a67661041f057b4a8ccaf26f5a8e86e2689372006d01faf3dd9eeb10b654bb4?s=96&d=mm&r=g","url":"https:\/\/secure.gravatar.com\/avatar\/5a67661041f057b4a8ccaf26f5a8e86e2689372006d01faf3dd9eeb10b654bb4?s=96&d=mm&r=g","contentUrl":"https:\/\/secure.gravatar.com\/avatar\/5a67661041f057b4a8ccaf26f5a8e86e2689372006d01faf3dd9eeb10b654bb4?s=96&d=mm&r=g","caption":"Cristina Ganga"},"description":"Jurnalist","sameAs":["https:\/\/www.facebook.com\/cristina.nicola.587"],"url":"https:\/\/urbeamea.ro\/albaiulia\/author\/cristina-nicola\/"}]}},"_links":{"self":[{"href":"https:\/\/urbeamea.ro\/albaiulia\/wp-json\/wp\/v2\/posts\/12345","targetHints":{"allow":["GET"]}}],"collection":[{"href":"https:\/\/urbeamea.ro\/albaiulia\/wp-json\/wp\/v2\/posts"}],"about":[{"href":"https:\/\/urbeamea.ro\/albaiulia\/wp-json\/wp\/v2\/types\/post"}],"author":[{"embeddable":true,"href":"https:\/\/urbeamea.ro\/albaiulia\/wp-json\/wp\/v2\/users\/17"}],"replies":[{"embeddable":true,"href":"https:\/\/urbeamea.ro\/albaiulia\/wp-json\/wp\/v2\/comments?post=12345"}],"version-history":[{"count":0,"href":"https:\/\/urbeamea.ro\/albaiulia\/wp-json\/wp\/v2\/posts\/12345\/revisions"}],"wp:featuredmedia":[{"embeddable":true,"href":"https:\/\/urbeamea.ro\/albaiulia\/wp-json\/wp\/v2\/media\/3726"}],"wp:attachment":[{"href":"https:\/\/urbeamea.ro\/albaiulia\/wp-json\/wp\/v2\/media?parent=12345"}],"wp:term":[{"taxonomy":"category","embeddable":true,"href":"https:\/\/urbeamea.ro\/albaiulia\/wp-json\/wp\/v2\/categories?post=12345"},{"taxonomy":"post_tag","embeddable":true,"href":"https:\/\/urbeamea.ro\/albaiulia\/wp-json\/wp\/v2\/tags?post=12345"}],"curies":[{"name":"wp","href":"https:\/\/api.w.org\/{rel}","templated":true}]}}