{"id":123475,"date":"2026-08-31T10:44:51","date_gmt":"2026-08-31T07:44:51","guid":{"rendered":"https:\/\/urbeamea.ro\/albaiulia\/?p=123475"},"modified":"2026-08-31T10:44:53","modified_gmt":"2026-08-31T07:44:53","slug":"marti-lansari-de-carte-la-sala-unirii-din-alba-iulia-doua-lucrari-dedicate-istoriei-comunitatilor-romanesti-din-statele-unite-ale-americii","status":"publish","type":"post","link":"https:\/\/urbeamea.ro\/albaiulia\/marti-lansari-de-carte-la-sala-unirii-din-alba-iulia-doua-lucrari-dedicate-istoriei-comunitatilor-romanesti-din-statele-unite-ale-americii\/","title":{"rendered":"Mar\u021bi: Lans\u0103ri de carte la Sala Unirii din Alba Iulia: Dou\u0103 lucr\u0103ri dedicate istoriei comunit\u0103\u021bilor rom\u00e2ne\u0219ti din Statele Unite ale Americii"},"content":{"rendered":"\n<p class=\"wp-block-paragraph\"><strong>Muzeul Na\u021bional al Unirii Alba Iulia invit\u0103 publicul la un eveniment editorial dedicat istoriei comunit\u0103\u021bilor rom\u00e2ne\u0219ti din Statele Unite ale Americii.<\/strong><\/p>\n\n\n\n<p class=\"wp-block-paragraph\">Lansarea va avea loc mar\u021bi, 1 septembrie 2026, de la ora 16:00, la Sala Unirii Alba Iulia \u0219i va aduce \u00een aten\u021bia publicului dou\u0103 volume consacrate istoriei rom\u00e2nilor de peste Ocean \u0219i, \u00een mod special, vie\u021bii religioase \u0219i comunitare a acestora.<\/p>\n\n\n\n<p class=\"wp-block-paragraph\">Lansarea va avea loc mar\u021bi, 1 septembrie 2026, de la ora 16:00, la Sala Unirii Alba Iulia \u0219i va aduce \u00een aten\u021bia publicului dou\u0103 volume consacrate istoriei rom\u00e2nilor de peste Ocean \u0219i, \u00een mod special, vie\u021bii religioase \u0219i comunitare a acestora.<\/p>\n\n\n\n<p class=\"wp-block-paragraph\">Vor fi prezentate volumele:<\/p>\n\n\n\n<p class=\"wp-block-paragraph\">Petru Mihail Nicolae St\u00eenea, \u201eThe History of the Romanian Greek Catholic Church in the United States of America (1903\u20132026)\u201d, o ampl\u0103 cercetare dedicat\u0103 istoriei Bisericii Rom\u00e2ne Greco-Catolice din Statele Unite ale Americii;<\/p>\n\n\n\n<p class=\"wp-block-paragraph\">Carmen St\u00eenea \u0219i Petru St\u00eenea, \u201eIstoria primei comunit\u0103\u021bi rom\u00e2ne\u0219ti din S.U.A. \u2013 Little Romania din ora\u0219ul Cleveland, Ohio (1890\u20132025)\u201d, volum care reconstituie istoria uneia dintre cele mai importante comunit\u0103\u021bi rom\u00e2ne\u0219ti formate \u00een Statele Unite la sf\u00e2r\u0219itul secolului al XIX-lea \u0219i \u00eenceputul secolului XX.<\/p>\n\n\n\n<p class=\"wp-block-paragraph\">Cele dou\u0103 lucr\u0103ri ofer\u0103 publicului o perspectiv\u0103 documentat\u0103 asupra unui capitol important al istoriei emigra\u021biei rom\u00e2ne\u0219ti. <\/p>\n\n\n\n<p class=\"wp-block-paragraph\">Sunt urm\u0103rite formarea comunit\u0103\u021bilor de rom\u00e2ni, organizarea vie\u021bii religioase, construirea bisericilor \u0219i institu\u021biilor comunitare, precum \u0219i eforturile depuse de genera\u021bii succesive pentru p\u0103strarea identit\u0103\u021bii, credin\u021bei, limbii \u0219i tradi\u021biilor rom\u00e2ne\u0219ti \u00een spa\u021biul american.<\/p>\n\n\n\n<p class=\"wp-block-paragraph\">Un loc aparte \u00eel ocup\u0103 comunitatea rom\u00e2neasc\u0103 din Cleveland, Ohio, cunoscut\u0103 sub numele de \u201eLittle Romania\u201d, una dintre comunit\u0103\u021bile reprezentative pentru istoria rom\u00e2nilor din Statele Unite.<\/p>\n\n\n\n<p class=\"wp-block-paragraph\">Autorii Carmen St\u00eenea, doctor \u00een istorie \u0219i Petru Mihail Nicolae St\u00eenea, istoric, preot \u0219i doctor \u00een istorie, \u0219i-au dedicat o parte important\u0103 a activit\u0103\u021bii cercet\u0103rii istoriei rom\u00e2nilor greco-catolici din diaspora american\u0103. <\/p>\n\n\n\n<p class=\"wp-block-paragraph\">Studiile lor valorific\u0103 documente, m\u0103rturii \u0219i informa\u021bii referitoare la evolu\u021bia comunit\u0103\u021bilor rom\u00e2ne\u0219ti \u0219i a institu\u021biilor create de acestea peste Ocean.<\/p>\n\n\n\n<p class=\"wp-block-paragraph\">Evenimentul de la Sala Unirii reprezint\u0103, astfel, nu doar o lansare editorial\u0103, ci \u0219i un prilej de a redescoperi destinul rom\u00e2nilor pleca\u021bi \u00een America, modul \u00een care ace\u0219tia \u0219i-au construit o nou\u0103 via\u021b\u0103 \u0219i felul \u00een care au continuat s\u0103 p\u0103streze leg\u0103tura cu Rom\u00e2nia.<\/p>\n\n\n\n<p class=\"wp-block-paragraph\">Publicul albaiulian, iubitorii de istorie \u0219i to\u021bi cei interesa\u021bi de fenomenul emigra\u021biei rom\u00e2ne\u0219ti sunt invita\u021bi s\u0103 participe la aceast\u0103 \u00eent\u00e2lnire cu istoria comunit\u0103\u021bilor rom\u00e2ne\u0219ti din Statele Unite.<\/p>\n\n\n\n<p class=\"wp-block-paragraph\">Evenimentul este organizat de Consiliul Jude\u021bean Alba \u0219i Muzeul Na\u021bional al Unirii Alba Iulia<\/p>\n\n\n\n<figure class=\"wp-block-image size-full\"><img loading=\"lazy\" decoding=\"async\" width=\"723\" height=\"1024\" src=\"https:\/\/urbeamea.ro\/albaiulia\/wp-content\/uploads\/2026\/08\/4131.jpg\" alt=\"\" class=\"wp-image-123476\" srcset=\"https:\/\/urbeamea.ro\/albaiulia\/wp-content\/uploads\/2026\/08\/4131.jpg 723w, https:\/\/urbeamea.ro\/albaiulia\/wp-content\/uploads\/2026\/08\/4131-106x150.jpg 106w, https:\/\/urbeamea.ro\/albaiulia\/wp-content\/uploads\/2026\/08\/4131-452x640.jpg 452w\" sizes=\"auto, (max-width: 723px) 100vw, 723px\" \/><\/figure>\n\n\n\n<p class=\"wp-block-paragraph\"><\/p>\n","protected":false},"excerpt":{"rendered":"<p>Muzeul Na\u021bional al Unirii Alba Iulia invit\u0103 publicul la un eveniment editorial dedicat istoriei comunit\u0103\u021bilor rom\u00e2ne\u0219ti din Statele Unite ale Americii. Lansarea va avea loc mar\u021bi, 1 septembrie 2026, de la ora 16:00, la Sala Unirii Alba Iulia \u0219i va aduce \u00een aten\u021bia publicului dou\u0103 volume consacrate istoriei rom\u00e2nilor de peste Ocean \u0219i, \u00een mod &hellip;<\/p>\n","protected":false},"author":28,"featured_media":123476,"comment_status":"open","ping_status":"open","sticky":false,"template":"","format":"standard","meta":{"inline_featured_image":false,"footnotes":""},"categories":[23926,2038,4,8857,2036,2034,1,61,16344],"tags":[456,21953],"class_list":["post-123475","post","type-post","status-publish","format-standard","has-post-thumbnail","hentry","category-actualitate","category-cultura","category-eveniment","category-istorie","category-monden","category-social","category-stiri-urbane","category-turism","category-urbea-mea","tag-lansare-de-carte","tag-sala-unirii-din-alba-iulia"],"yoast_head":"<!-- This site is optimized with the Yoast SEO plugin v28.3 - https:\/\/yoast.com\/product\/yoast-seo-wordpress\/ -->\n<title>Mar\u021bi: Lans\u0103ri de carte la Sala Unirii din Alba Iulia: Dou\u0103 lucr\u0103ri dedicate istoriei comunit\u0103\u021bilor rom\u00e2ne\u0219ti din Statele Unite ale Americii - Revista Urbea Mea - Revista de Alba<\/title>\n<meta name=\"description\" content=\"Muzeul Na\u021bional al Unirii Alba Iulia invit\u0103 publicul la un eveniment editorial dedicat istoriei comunit\u0103\u021bilor rom\u00e2ne\u0219ti din Statele Unite ale Americii.\" \/>\n<meta name=\"robots\" content=\"index, follow, max-snippet:-1, max-image-preview:large, max-video-preview:-1\" \/>\n<link rel=\"canonical\" href=\"https:\/\/urbeamea.ro\/albaiulia\/marti-lansari-de-carte-la-sala-unirii-din-alba-iulia-doua-lucrari-dedicate-istoriei-comunitatilor-romanesti-din-statele-unite-ale-americii\/\" \/>\n<meta name=\"twitter:card\" content=\"summary_large_image\" \/>\n<meta name=\"twitter:title\" content=\"Mar\u021bi: Lans\u0103ri de carte la Sala Unirii din Alba Iulia: Dou\u0103 lucr\u0103ri dedicate istoriei comunit\u0103\u021bilor rom\u00e2ne\u0219ti din Statele Unite ale Americii - Revista Urbea Mea - Revista de Alba\" \/>\n<meta name=\"twitter:description\" content=\"Muzeul Na\u021bional al Unirii Alba Iulia invit\u0103 publicul la un eveniment editorial dedicat istoriei comunit\u0103\u021bilor rom\u00e2ne\u0219ti din Statele Unite ale Americii.\" \/>\n<meta name=\"twitter:image\" content=\"https:\/\/urbeamea.ro\/albaiulia\/wp-content\/uploads\/2026\/08\/4131.jpg\" \/>\n<meta name=\"twitter:creator\" content=\"@urbeameaweb\" \/>\n<meta name=\"twitter:site\" content=\"@urbeameaweb\" \/>\n<script type=\"application\/ld+json\" class=\"yoast-schema-graph\">{\"@context\":\"https:\\\/\\\/schema.org\",\"@graph\":[{\"@type\":\"Article\",\"@id\":\"https:\\\/\\\/urbeamea.ro\\\/albaiulia\\\/marti-lansari-de-carte-la-sala-unirii-din-alba-iulia-doua-lucrari-dedicate-istoriei-comunitatilor-romanesti-din-statele-unite-ale-americii\\\/#article\",\"isPartOf\":{\"@id\":\"https:\\\/\\\/urbeamea.ro\\\/albaiulia\\\/marti-lansari-de-carte-la-sala-unirii-din-alba-iulia-doua-lucrari-dedicate-istoriei-comunitatilor-romanesti-din-statele-unite-ale-americii\\\/\"},\"author\":{\"name\":\"Giurca Sorin\",\"@id\":\"https:\\\/\\\/urbeamea.ro\\\/albaiulia\\\/#\\\/schema\\\/person\\\/5db3854ac38c1cc9f0ab4092d6a20f02\"},\"headline\":\"Mar\u021bi: Lans\u0103ri de carte la Sala Unirii din Alba Iulia: Dou\u0103 lucr\u0103ri dedicate istoriei comunit\u0103\u021bilor rom\u00e2ne\u0219ti din Statele Unite ale Americii\",\"datePublished\":\"2026-08-31T07:44:51+00:00\",\"dateModified\":\"2026-08-31T07:44:53+00:00\",\"mainEntityOfPage\":{\"@id\":\"https:\\\/\\\/urbeamea.ro\\\/albaiulia\\\/marti-lansari-de-carte-la-sala-unirii-din-alba-iulia-doua-lucrari-dedicate-istoriei-comunitatilor-romanesti-din-statele-unite-ale-americii\\\/\"},\"wordCount\":487,\"commentCount\":0,\"image\":{\"@id\":\"https:\\\/\\\/urbeamea.ro\\\/albaiulia\\\/marti-lansari-de-carte-la-sala-unirii-din-alba-iulia-doua-lucrari-dedicate-istoriei-comunitatilor-romanesti-din-statele-unite-ale-americii\\\/#primaryimage\"},\"thumbnailUrl\":\"https:\\\/\\\/urbeamea.ro\\\/albaiulia\\\/wp-content\\\/uploads\\\/2026\\\/08\\\/4131.jpg\",\"keywords\":[\"lansare de carte\",\"sala unirii din alba iulia\"],\"articleSection\":[\"Actualitate\",\"Cultur\u0103\",\"Evenimente\",\"Istorie\",\"Monden\",\"Social\",\"\u015etiri Urbane\",\"Turism \u0219i Ghidaj turistic\",\"Urbea Mea\"],\"inLanguage\":\"ro-RO\",\"potentialAction\":[{\"@type\":\"CommentAction\",\"name\":\"Comment\",\"target\":[\"https:\\\/\\\/urbeamea.ro\\\/albaiulia\\\/marti-lansari-de-carte-la-sala-unirii-din-alba-iulia-doua-lucrari-dedicate-istoriei-comunitatilor-romanesti-din-statele-unite-ale-americii\\\/#respond\"]}]},{\"@type\":\"WebPage\",\"@id\":\"https:\\\/\\\/urbeamea.ro\\\/albaiulia\\\/marti-lansari-de-carte-la-sala-unirii-din-alba-iulia-doua-lucrari-dedicate-istoriei-comunitatilor-romanesti-din-statele-unite-ale-americii\\\/\",\"url\":\"https:\\\/\\\/urbeamea.ro\\\/albaiulia\\\/marti-lansari-de-carte-la-sala-unirii-din-alba-iulia-doua-lucrari-dedicate-istoriei-comunitatilor-romanesti-din-statele-unite-ale-americii\\\/\",\"name\":\"Mar\u021bi: Lans\u0103ri de carte la Sala Unirii din Alba Iulia: Dou\u0103 lucr\u0103ri dedicate istoriei comunit\u0103\u021bilor rom\u00e2ne\u0219ti din Statele Unite ale Americii - Revista Urbea Mea - Revista de Alba\",\"isPartOf\":{\"@id\":\"https:\\\/\\\/urbeamea.ro\\\/albaiulia\\\/#website\"},\"primaryImageOfPage\":{\"@id\":\"https:\\\/\\\/urbeamea.ro\\\/albaiulia\\\/marti-lansari-de-carte-la-sala-unirii-din-alba-iulia-doua-lucrari-dedicate-istoriei-comunitatilor-romanesti-din-statele-unite-ale-americii\\\/#primaryimage\"},\"image\":{\"@id\":\"https:\\\/\\\/urbeamea.ro\\\/albaiulia\\\/marti-lansari-de-carte-la-sala-unirii-din-alba-iulia-doua-lucrari-dedicate-istoriei-comunitatilor-romanesti-din-statele-unite-ale-americii\\\/#primaryimage\"},\"thumbnailUrl\":\"https:\\\/\\\/urbeamea.ro\\\/albaiulia\\\/wp-content\\\/uploads\\\/2026\\\/08\\\/4131.jpg\",\"datePublished\":\"2026-08-31T07:44:51+00:00\",\"dateModified\":\"2026-08-31T07:44:53+00:00\",\"author\":{\"@id\":\"https:\\\/\\\/urbeamea.ro\\\/albaiulia\\\/#\\\/schema\\\/person\\\/5db3854ac38c1cc9f0ab4092d6a20f02\"},\"description\":\"Muzeul Na\u021bional al Unirii Alba Iulia invit\u0103 publicul la un eveniment editorial dedicat istoriei comunit\u0103\u021bilor rom\u00e2ne\u0219ti din Statele Unite ale Americii.\",\"breadcrumb\":{\"@id\":\"https:\\\/\\\/urbeamea.ro\\\/albaiulia\\\/marti-lansari-de-carte-la-sala-unirii-din-alba-iulia-doua-lucrari-dedicate-istoriei-comunitatilor-romanesti-din-statele-unite-ale-americii\\\/#breadcrumb\"},\"inLanguage\":\"ro-RO\",\"potentialAction\":[{\"@type\":\"ReadAction\",\"target\":[\"https:\\\/\\\/urbeamea.ro\\\/albaiulia\\\/marti-lansari-de-carte-la-sala-unirii-din-alba-iulia-doua-lucrari-dedicate-istoriei-comunitatilor-romanesti-din-statele-unite-ale-americii\\\/\"]}]},{\"@type\":\"ImageObject\",\"inLanguage\":\"ro-RO\",\"@id\":\"https:\\\/\\\/urbeamea.ro\\\/albaiulia\\\/marti-lansari-de-carte-la-sala-unirii-din-alba-iulia-doua-lucrari-dedicate-istoriei-comunitatilor-romanesti-din-statele-unite-ale-americii\\\/#primaryimage\",\"url\":\"https:\\\/\\\/urbeamea.ro\\\/albaiulia\\\/wp-content\\\/uploads\\\/2026\\\/08\\\/4131.jpg\",\"contentUrl\":\"https:\\\/\\\/urbeamea.ro\\\/albaiulia\\\/wp-content\\\/uploads\\\/2026\\\/08\\\/4131.jpg\",\"width\":723,\"height\":1024},{\"@type\":\"BreadcrumbList\",\"@id\":\"https:\\\/\\\/urbeamea.ro\\\/albaiulia\\\/marti-lansari-de-carte-la-sala-unirii-din-alba-iulia-doua-lucrari-dedicate-istoriei-comunitatilor-romanesti-din-statele-unite-ale-americii\\\/#breadcrumb\",\"itemListElement\":[{\"@type\":\"ListItem\",\"position\":1,\"name\":\"Prima pagin\u0103\",\"item\":\"https:\\\/\\\/urbeamea.ro\\\/albaiulia\\\/\"},{\"@type\":\"ListItem\",\"position\":2,\"name\":\"Mar\u021bi: Lans\u0103ri de carte la Sala Unirii din Alba Iulia: Dou\u0103 lucr\u0103ri dedicate istoriei comunit\u0103\u021bilor rom\u00e2ne\u0219ti din Statele Unite ale Americii\"}]},{\"@type\":\"WebSite\",\"@id\":\"https:\\\/\\\/urbeamea.ro\\\/albaiulia\\\/#website\",\"url\":\"https:\\\/\\\/urbeamea.ro\\\/albaiulia\\\/\",\"name\":\"Revista Urbea Mea, Stiri urbane\",\"description\":\"Evenimente \u0219i \u0219tiri din Alba Iulia, Sebe\u0219, Aiud, Blaj\",\"potentialAction\":[{\"@type\":\"SearchAction\",\"target\":{\"@type\":\"EntryPoint\",\"urlTemplate\":\"https:\\\/\\\/urbeamea.ro\\\/albaiulia\\\/?s={search_term_string}\"},\"query-input\":{\"@type\":\"PropertyValueSpecification\",\"valueRequired\":true,\"valueName\":\"search_term_string\"}}],\"inLanguage\":\"ro-RO\"},{\"@type\":\"Person\",\"@id\":\"https:\\\/\\\/urbeamea.ro\\\/albaiulia\\\/#\\\/schema\\\/person\\\/5db3854ac38c1cc9f0ab4092d6a20f02\",\"name\":\"Giurca Sorin\",\"image\":{\"@type\":\"ImageObject\",\"inLanguage\":\"ro-RO\",\"@id\":\"https:\\\/\\\/secure.gravatar.com\\\/avatar\\\/120f6fcae7b3b47a7730cb9943f612f4909f68ac5284b5f40ac1c4615fd70576?s=96&d=mm&r=g\",\"url\":\"https:\\\/\\\/secure.gravatar.com\\\/avatar\\\/120f6fcae7b3b47a7730cb9943f612f4909f68ac5284b5f40ac1c4615fd70576?s=96&d=mm&r=g\",\"contentUrl\":\"https:\\\/\\\/secure.gravatar.com\\\/avatar\\\/120f6fcae7b3b47a7730cb9943f612f4909f68ac5284b5f40ac1c4615fd70576?s=96&d=mm&r=g\",\"caption\":\"Giurca Sorin\"},\"url\":\"https:\\\/\\\/urbeamea.ro\\\/albaiulia\\\/author\\\/sorin\\\/\"}]}<\/script>\n<!-- \/ Yoast SEO plugin. -->","yoast_head_json":{"title":"Mar\u021bi: Lans\u0103ri de carte la Sala Unirii din Alba Iulia: Dou\u0103 lucr\u0103ri dedicate istoriei comunit\u0103\u021bilor rom\u00e2ne\u0219ti din Statele Unite ale Americii - Revista Urbea Mea - Revista de Alba","description":"Muzeul Na\u021bional al Unirii Alba Iulia invit\u0103 publicul la un eveniment editorial dedicat istoriei comunit\u0103\u021bilor rom\u00e2ne\u0219ti din Statele Unite ale Americii.","robots":{"index":"index","follow":"follow","max-snippet":"max-snippet:-1","max-image-preview":"max-image-preview:large","max-video-preview":"max-video-preview:-1"},"canonical":"https:\/\/urbeamea.ro\/albaiulia\/marti-lansari-de-carte-la-sala-unirii-din-alba-iulia-doua-lucrari-dedicate-istoriei-comunitatilor-romanesti-din-statele-unite-ale-americii\/","twitter_card":"summary_large_image","twitter_title":"Mar\u021bi: Lans\u0103ri de carte la Sala Unirii din Alba Iulia: Dou\u0103 lucr\u0103ri dedicate istoriei comunit\u0103\u021bilor rom\u00e2ne\u0219ti din Statele Unite ale Americii - Revista Urbea Mea - Revista de Alba","twitter_description":"Muzeul Na\u021bional al Unirii Alba Iulia invit\u0103 publicul la un eveniment editorial dedicat istoriei comunit\u0103\u021bilor rom\u00e2ne\u0219ti din Statele Unite ale Americii.","twitter_image":"https:\/\/urbeamea.ro\/albaiulia\/wp-content\/uploads\/2026\/08\/4131.jpg","twitter_creator":"@urbeameaweb","twitter_site":"@urbeameaweb","schema":{"@context":"https:\/\/schema.org","@graph":[{"@type":"Article","@id":"https:\/\/urbeamea.ro\/albaiulia\/marti-lansari-de-carte-la-sala-unirii-din-alba-iulia-doua-lucrari-dedicate-istoriei-comunitatilor-romanesti-din-statele-unite-ale-americii\/#article","isPartOf":{"@id":"https:\/\/urbeamea.ro\/albaiulia\/marti-lansari-de-carte-la-sala-unirii-din-alba-iulia-doua-lucrari-dedicate-istoriei-comunitatilor-romanesti-din-statele-unite-ale-americii\/"},"author":{"name":"Giurca Sorin","@id":"https:\/\/urbeamea.ro\/albaiulia\/#\/schema\/person\/5db3854ac38c1cc9f0ab4092d6a20f02"},"headline":"Mar\u021bi: Lans\u0103ri de carte la Sala Unirii din Alba Iulia: Dou\u0103 lucr\u0103ri dedicate istoriei comunit\u0103\u021bilor rom\u00e2ne\u0219ti din Statele Unite ale Americii","datePublished":"2026-08-31T07:44:51+00:00","dateModified":"2026-08-31T07:44:53+00:00","mainEntityOfPage":{"@id":"https:\/\/urbeamea.ro\/albaiulia\/marti-lansari-de-carte-la-sala-unirii-din-alba-iulia-doua-lucrari-dedicate-istoriei-comunitatilor-romanesti-din-statele-unite-ale-americii\/"},"wordCount":487,"commentCount":0,"image":{"@id":"https:\/\/urbeamea.ro\/albaiulia\/marti-lansari-de-carte-la-sala-unirii-din-alba-iulia-doua-lucrari-dedicate-istoriei-comunitatilor-romanesti-din-statele-unite-ale-americii\/#primaryimage"},"thumbnailUrl":"https:\/\/urbeamea.ro\/albaiulia\/wp-content\/uploads\/2026\/08\/4131.jpg","keywords":["lansare de carte","sala unirii din alba iulia"],"articleSection":["Actualitate","Cultur\u0103","Evenimente","Istorie","Monden","Social","\u015etiri Urbane","Turism \u0219i Ghidaj turistic","Urbea Mea"],"inLanguage":"ro-RO","potentialAction":[{"@type":"CommentAction","name":"Comment","target":["https:\/\/urbeamea.ro\/albaiulia\/marti-lansari-de-carte-la-sala-unirii-din-alba-iulia-doua-lucrari-dedicate-istoriei-comunitatilor-romanesti-din-statele-unite-ale-americii\/#respond"]}]},{"@type":"WebPage","@id":"https:\/\/urbeamea.ro\/albaiulia\/marti-lansari-de-carte-la-sala-unirii-din-alba-iulia-doua-lucrari-dedicate-istoriei-comunitatilor-romanesti-din-statele-unite-ale-americii\/","url":"https:\/\/urbeamea.ro\/albaiulia\/marti-lansari-de-carte-la-sala-unirii-din-alba-iulia-doua-lucrari-dedicate-istoriei-comunitatilor-romanesti-din-statele-unite-ale-americii\/","name":"Mar\u021bi: Lans\u0103ri de carte la Sala Unirii din Alba Iulia: Dou\u0103 lucr\u0103ri dedicate istoriei comunit\u0103\u021bilor rom\u00e2ne\u0219ti din Statele Unite ale Americii - Revista Urbea Mea - Revista de Alba","isPartOf":{"@id":"https:\/\/urbeamea.ro\/albaiulia\/#website"},"primaryImageOfPage":{"@id":"https:\/\/urbeamea.ro\/albaiulia\/marti-lansari-de-carte-la-sala-unirii-din-alba-iulia-doua-lucrari-dedicate-istoriei-comunitatilor-romanesti-din-statele-unite-ale-americii\/#primaryimage"},"image":{"@id":"https:\/\/urbeamea.ro\/albaiulia\/marti-lansari-de-carte-la-sala-unirii-din-alba-iulia-doua-lucrari-dedicate-istoriei-comunitatilor-romanesti-din-statele-unite-ale-americii\/#primaryimage"},"thumbnailUrl":"https:\/\/urbeamea.ro\/albaiulia\/wp-content\/uploads\/2026\/08\/4131.jpg","datePublished":"2026-08-31T07:44:51+00:00","dateModified":"2026-08-31T07:44:53+00:00","author":{"@id":"https:\/\/urbeamea.ro\/albaiulia\/#\/schema\/person\/5db3854ac38c1cc9f0ab4092d6a20f02"},"description":"Muzeul Na\u021bional al Unirii Alba Iulia invit\u0103 publicul la un eveniment editorial dedicat istoriei comunit\u0103\u021bilor rom\u00e2ne\u0219ti din Statele Unite ale Americii.","breadcrumb":{"@id":"https:\/\/urbeamea.ro\/albaiulia\/marti-lansari-de-carte-la-sala-unirii-din-alba-iulia-doua-lucrari-dedicate-istoriei-comunitatilor-romanesti-din-statele-unite-ale-americii\/#breadcrumb"},"inLanguage":"ro-RO","potentialAction":[{"@type":"ReadAction","target":["https:\/\/urbeamea.ro\/albaiulia\/marti-lansari-de-carte-la-sala-unirii-din-alba-iulia-doua-lucrari-dedicate-istoriei-comunitatilor-romanesti-din-statele-unite-ale-americii\/"]}]},{"@type":"ImageObject","inLanguage":"ro-RO","@id":"https:\/\/urbeamea.ro\/albaiulia\/marti-lansari-de-carte-la-sala-unirii-din-alba-iulia-doua-lucrari-dedicate-istoriei-comunitatilor-romanesti-din-statele-unite-ale-americii\/#primaryimage","url":"https:\/\/urbeamea.ro\/albaiulia\/wp-content\/uploads\/2026\/08\/4131.jpg","contentUrl":"https:\/\/urbeamea.ro\/albaiulia\/wp-content\/uploads\/2026\/08\/4131.jpg","width":723,"height":1024},{"@type":"BreadcrumbList","@id":"https:\/\/urbeamea.ro\/albaiulia\/marti-lansari-de-carte-la-sala-unirii-din-alba-iulia-doua-lucrari-dedicate-istoriei-comunitatilor-romanesti-din-statele-unite-ale-americii\/#breadcrumb","itemListElement":[{"@type":"ListItem","position":1,"name":"Prima pagin\u0103","item":"https:\/\/urbeamea.ro\/albaiulia\/"},{"@type":"ListItem","position":2,"name":"Mar\u021bi: Lans\u0103ri de carte la Sala Unirii din Alba Iulia: Dou\u0103 lucr\u0103ri dedicate istoriei comunit\u0103\u021bilor rom\u00e2ne\u0219ti din Statele Unite ale Americii"}]},{"@type":"WebSite","@id":"https:\/\/urbeamea.ro\/albaiulia\/#website","url":"https:\/\/urbeamea.ro\/albaiulia\/","name":"Revista Urbea Mea, Stiri urbane","description":"Evenimente \u0219i \u0219tiri din Alba Iulia, Sebe\u0219, Aiud, Blaj","potentialAction":[{"@type":"SearchAction","target":{"@type":"EntryPoint","urlTemplate":"https:\/\/urbeamea.ro\/albaiulia\/?s={search_term_string}"},"query-input":{"@type":"PropertyValueSpecification","valueRequired":true,"valueName":"search_term_string"}}],"inLanguage":"ro-RO"},{"@type":"Person","@id":"https:\/\/urbeamea.ro\/albaiulia\/#\/schema\/person\/5db3854ac38c1cc9f0ab4092d6a20f02","name":"Giurca Sorin","image":{"@type":"ImageObject","inLanguage":"ro-RO","@id":"https:\/\/secure.gravatar.com\/avatar\/120f6fcae7b3b47a7730cb9943f612f4909f68ac5284b5f40ac1c4615fd70576?s=96&d=mm&r=g","url":"https:\/\/secure.gravatar.com\/avatar\/120f6fcae7b3b47a7730cb9943f612f4909f68ac5284b5f40ac1c4615fd70576?s=96&d=mm&r=g","contentUrl":"https:\/\/secure.gravatar.com\/avatar\/120f6fcae7b3b47a7730cb9943f612f4909f68ac5284b5f40ac1c4615fd70576?s=96&d=mm&r=g","caption":"Giurca Sorin"},"url":"https:\/\/urbeamea.ro\/albaiulia\/author\/sorin\/"}]}},"_links":{"self":[{"href":"https:\/\/urbeamea.ro\/albaiulia\/wp-json\/wp\/v2\/posts\/123475","targetHints":{"allow":["GET"]}}],"collection":[{"href":"https:\/\/urbeamea.ro\/albaiulia\/wp-json\/wp\/v2\/posts"}],"about":[{"href":"https:\/\/urbeamea.ro\/albaiulia\/wp-json\/wp\/v2\/types\/post"}],"author":[{"embeddable":true,"href":"https:\/\/urbeamea.ro\/albaiulia\/wp-json\/wp\/v2\/users\/28"}],"replies":[{"embeddable":true,"href":"https:\/\/urbeamea.ro\/albaiulia\/wp-json\/wp\/v2\/comments?post=123475"}],"version-history":[{"count":1,"href":"https:\/\/urbeamea.ro\/albaiulia\/wp-json\/wp\/v2\/posts\/123475\/revisions"}],"predecessor-version":[{"id":123477,"href":"https:\/\/urbeamea.ro\/albaiulia\/wp-json\/wp\/v2\/posts\/123475\/revisions\/123477"}],"wp:featuredmedia":[{"embeddable":true,"href":"https:\/\/urbeamea.ro\/albaiulia\/wp-json\/wp\/v2\/media\/123476"}],"wp:attachment":[{"href":"https:\/\/urbeamea.ro\/albaiulia\/wp-json\/wp\/v2\/media?parent=123475"}],"wp:term":[{"taxonomy":"category","embeddable":true,"href":"https:\/\/urbeamea.ro\/albaiulia\/wp-json\/wp\/v2\/categories?post=123475"},{"taxonomy":"post_tag","embeddable":true,"href":"https:\/\/urbeamea.ro\/albaiulia\/wp-json\/wp\/v2\/tags?post=123475"}],"curies":[{"name":"wp","href":"https:\/\/api.w.org\/{rel}","templated":true}]}}