{"id":123494,"date":"2026-09-02T15:56:23","date_gmt":"2026-09-02T12:56:23","guid":{"rendered":"https:\/\/urbeamea.ro\/albaiulia\/?p=123494"},"modified":"2026-09-02T15:56:25","modified_gmt":"2026-09-02T12:56:25","slug":"au-inceput-inscrierile-pentru-scoala-de-arte-si-mestesuguri-din-cadrul-centrului-de-cultura-augustin-bena-alba","status":"publish","type":"post","link":"https:\/\/urbeamea.ro\/albaiulia\/au-inceput-inscrierile-pentru-scoala-de-arte-si-mestesuguri-din-cadrul-centrului-de-cultura-augustin-bena-alba\/","title":{"rendered":"Au \u00eenceput \u00eenscrierile pentru \u0218coala de Arte \u0219i Me\u0219te\u0219uguri din cadrul Centrului de Cultur\u0103 &#8222;Augustin Bena&#8221; Alba"},"content":{"rendered":"\n<p class=\"wp-block-paragraph\"><strong>\u0218coala de Arte \u0219i Me\u0219te\u0219uguri din cadrul Centrului de Cultur\u0103 \u201eAugustin Bena\u201d Alba \u00ee\u0219i deschide por\u021bile pentru anul \u0219colar 2026\u20132027!<\/strong><\/p>\n\n\n\n<p class=\"wp-block-paragraph\">Peste 30 de specializ\u0103ri \u00eei a\u0219teapt\u0103 pe cei care doresc s\u0103 \u00ee\u0219i descopere \u0219i s\u0103 \u00ee\u0219i dezvolte talentul: muzic\u0103 vocal\u0103 \u0219i instrumental\u0103, dans, arte plastice \u0219i decorative, fotografie \u0219i video, me\u0219te\u0219uguri tradi\u021bionale, tulnic, ol\u0103rit, pictur\u0103, tehnici moderne de crea\u021bie \u0219i produc\u021bie muzical\u0103.<\/p>\n\n\n\n<p class=\"wp-block-paragraph\">Prin activit\u0103\u021bile organizate la Alba Iulia \u0219i \u00een mai multe localit\u0103\u021bi ale jude\u021bului, \u0218coala de Arte \u0219i Me\u0219te\u0219uguri duce educa\u021bia artistic\u0103 mai aproape de comunit\u0103\u021bi \u0219i p\u0103streaz\u0103 vii valorile autentice ale patrimoniului cultural.<\/p>\n\n\n\n<p class=\"wp-block-paragraph\">\ud83d\udcc5 Perioada \u00eenscrierilor: 1\u201322 septembrie 2026<\/p>\n\n\n\n<p class=\"wp-block-paragraph\"> Testarea aptitudinilor: 23\u201325 septembrie 2026<\/p>\n\n\n\n<p class=\"wp-block-paragraph\"> Afi\u0219area rezultatelor \u0219i a persoanelor admise: 28 septembrie 2026<\/p>\n\n\n\n<p class=\"wp-block-paragraph\"> \u00censcrierile se fac la sediul Centrului de Cultur\u0103 \u201eAugustin Bena\u201d Alba, str. Mihai Viteazul nr. 2, Alba Iulia, de luni p\u00e2n\u0103 vineri, \u00eentre orele 09:00\u201318:00 sau pe pagina web, la sec\u021biunea dedicat\u0103. <\/p>\n\n\n\n<p class=\"wp-block-paragraph\"> augustinbena@mail.com<\/p>\n\n\n\n<p class=\"wp-block-paragraph\"> 0748 565 265\/ www.culturaalba.ro.<\/p>\n\n\n\n<p class=\"wp-block-paragraph\">Ai talent? Dezvolt\u0103-l cu noi!<\/p>\n\n\n\n<p class=\"wp-block-paragraph\">V\u0103 a\u0219tept\u0103m cu drag \u00eentr-un loc \u00een care pasiunea, \u00eendrumarea \u0219i munca temeinic\u0103 dau form\u0103 talentului!<\/p>\n\n\n\n<figure class=\"wp-block-image size-large\"><img loading=\"lazy\" decoding=\"async\" width=\"1039\" height=\"1280\" src=\"https:\/\/urbeamea.ro\/albaiulia\/wp-content\/uploads\/2026\/09\/4208-1039x1280.jpg\" alt=\"\" class=\"wp-image-123495\" srcset=\"https:\/\/urbeamea.ro\/albaiulia\/wp-content\/uploads\/2026\/09\/4208-1039x1280.jpg 1039w, https:\/\/urbeamea.ro\/albaiulia\/wp-content\/uploads\/2026\/09\/4208-122x150.jpg 122w, https:\/\/urbeamea.ro\/albaiulia\/wp-content\/uploads\/2026\/09\/4208-520x640.jpg 520w, https:\/\/urbeamea.ro\/albaiulia\/wp-content\/uploads\/2026\/09\/4208-767x945.jpg 767w, https:\/\/urbeamea.ro\/albaiulia\/wp-content\/uploads\/2026\/09\/4208-1247x1536.jpg 1247w, https:\/\/urbeamea.ro\/albaiulia\/wp-content\/uploads\/2026\/09\/4208.jpg 1299w\" sizes=\"auto, (max-width: 1039px) 100vw, 1039px\" \/><\/figure>\n","protected":false},"excerpt":{"rendered":"<p>\u0218coala de Arte \u0219i Me\u0219te\u0219uguri din cadrul Centrului de Cultur\u0103 \u201eAugustin Bena\u201d Alba \u00ee\u0219i deschide por\u021bile pentru anul \u0219colar 2026\u20132027! Peste 30 de specializ\u0103ri \u00eei a\u0219teapt\u0103 pe cei care doresc s\u0103 \u00ee\u0219i descopere \u0219i s\u0103 \u00ee\u0219i dezvolte talentul: muzic\u0103 vocal\u0103 \u0219i instrumental\u0103, dans, arte plastice \u0219i decorative, fotografie \u0219i video, me\u0219te\u0219uguri tradi\u021bionale, tulnic, ol\u0103rit, pictur\u0103, &hellip;<\/p>\n","protected":false},"author":28,"featured_media":123495,"comment_status":"open","ping_status":"open","sticky":false,"template":"","format":"standard","meta":{"inline_featured_image":false,"footnotes":""},"categories":[23926,2038,2039,4,2036,2034,1,16344],"tags":[910,25596],"class_list":["post-123494","post","type-post","status-publish","format-standard","has-post-thumbnail","hentry","category-actualitate","category-cultura","category-educatie","category-eveniment","category-monden","category-social","category-stiri-urbane","category-urbea-mea","tag-centrul-de-cultura-augustin-bena","tag-scoala-de-arte-si-meserii"],"yoast_head":"<!-- This site is optimized with the Yoast SEO plugin v28.3 - https:\/\/yoast.com\/product\/yoast-seo-wordpress\/ -->\n<title>Au \u00eenceput \u00eenscrierile pentru \u0218coala de Arte \u0219i Me\u0219te\u0219uguri din cadrul Centrului de Cultur\u0103 &quot;Augustin Bena&quot; Alba - Revista Urbea Mea - Revista de Alba<\/title>\n<meta name=\"description\" content=\"\u0218coala de Arte \u0219i Me\u0219te\u0219uguri din cadrul Centrului de Cultur\u0103 \u201eAugustin Bena\u201d Alba \u00ee\u0219i deschide por\u021bile pentru anul \u0219colar 2026\u20132027! Peste 30 de\" \/>\n<meta name=\"robots\" content=\"index, follow, max-snippet:-1, max-image-preview:large, max-video-preview:-1\" \/>\n<link rel=\"canonical\" href=\"https:\/\/urbeamea.ro\/albaiulia\/au-inceput-inscrierile-pentru-scoala-de-arte-si-mestesuguri-din-cadrul-centrului-de-cultura-augustin-bena-alba\/\" \/>\n<meta name=\"twitter:card\" content=\"summary_large_image\" \/>\n<meta name=\"twitter:title\" content=\"Au \u00eenceput \u00eenscrierile pentru \u0218coala de Arte \u0219i Me\u0219te\u0219uguri din cadrul Centrului de Cultur\u0103 &quot;Augustin Bena&quot; Alba - Revista Urbea Mea - Revista de Alba\" \/>\n<meta name=\"twitter:description\" content=\"\u0218coala de Arte \u0219i Me\u0219te\u0219uguri din cadrul Centrului de Cultur\u0103 \u201eAugustin Bena\u201d Alba \u00ee\u0219i deschide por\u021bile pentru anul \u0219colar 2026\u20132027! Peste 30 de\" \/>\n<meta name=\"twitter:image\" content=\"https:\/\/urbeamea.ro\/albaiulia\/wp-content\/uploads\/2026\/09\/4208.jpg\" \/>\n<meta name=\"twitter:creator\" content=\"@urbeameaweb\" \/>\n<meta name=\"twitter:site\" content=\"@urbeameaweb\" \/>\n<script type=\"application\/ld+json\" class=\"yoast-schema-graph\">{\"@context\":\"https:\\\/\\\/schema.org\",\"@graph\":[{\"@type\":\"Article\",\"@id\":\"https:\\\/\\\/urbeamea.ro\\\/albaiulia\\\/au-inceput-inscrierile-pentru-scoala-de-arte-si-mestesuguri-din-cadrul-centrului-de-cultura-augustin-bena-alba\\\/#article\",\"isPartOf\":{\"@id\":\"https:\\\/\\\/urbeamea.ro\\\/albaiulia\\\/au-inceput-inscrierile-pentru-scoala-de-arte-si-mestesuguri-din-cadrul-centrului-de-cultura-augustin-bena-alba\\\/\"},\"author\":{\"name\":\"Giurca Sorin\",\"@id\":\"https:\\\/\\\/urbeamea.ro\\\/albaiulia\\\/#\\\/schema\\\/person\\\/5db3854ac38c1cc9f0ab4092d6a20f02\"},\"headline\":\"Au \u00eenceput \u00eenscrierile pentru \u0218coala de Arte \u0219i Me\u0219te\u0219uguri din cadrul Centrului de Cultur\u0103 &#8222;Augustin Bena&#8221; Alba\",\"datePublished\":\"2026-09-02T12:56:23+00:00\",\"dateModified\":\"2026-09-02T12:56:25+00:00\",\"mainEntityOfPage\":{\"@id\":\"https:\\\/\\\/urbeamea.ro\\\/albaiulia\\\/au-inceput-inscrierile-pentru-scoala-de-arte-si-mestesuguri-din-cadrul-centrului-de-cultura-augustin-bena-alba\\\/\"},\"wordCount\":207,\"commentCount\":0,\"image\":{\"@id\":\"https:\\\/\\\/urbeamea.ro\\\/albaiulia\\\/au-inceput-inscrierile-pentru-scoala-de-arte-si-mestesuguri-din-cadrul-centrului-de-cultura-augustin-bena-alba\\\/#primaryimage\"},\"thumbnailUrl\":\"https:\\\/\\\/urbeamea.ro\\\/albaiulia\\\/wp-content\\\/uploads\\\/2026\\\/09\\\/4208.jpg\",\"keywords\":[\"Centrul de Cultur\u0103 \u201eAugustin Bena\u201d\",\"\u0218coala de arte \u0219i meserii\"],\"articleSection\":[\"Actualitate\",\"Cultur\u0103\",\"Educa\u021bie\",\"Evenimente\",\"Monden\",\"Social\",\"\u015etiri Urbane\",\"Urbea Mea\"],\"inLanguage\":\"ro-RO\",\"potentialAction\":[{\"@type\":\"CommentAction\",\"name\":\"Comment\",\"target\":[\"https:\\\/\\\/urbeamea.ro\\\/albaiulia\\\/au-inceput-inscrierile-pentru-scoala-de-arte-si-mestesuguri-din-cadrul-centrului-de-cultura-augustin-bena-alba\\\/#respond\"]}]},{\"@type\":\"WebPage\",\"@id\":\"https:\\\/\\\/urbeamea.ro\\\/albaiulia\\\/au-inceput-inscrierile-pentru-scoala-de-arte-si-mestesuguri-din-cadrul-centrului-de-cultura-augustin-bena-alba\\\/\",\"url\":\"https:\\\/\\\/urbeamea.ro\\\/albaiulia\\\/au-inceput-inscrierile-pentru-scoala-de-arte-si-mestesuguri-din-cadrul-centrului-de-cultura-augustin-bena-alba\\\/\",\"name\":\"Au \u00eenceput \u00eenscrierile pentru \u0218coala de Arte \u0219i Me\u0219te\u0219uguri din cadrul Centrului de Cultur\u0103 \\\"Augustin Bena\\\" Alba - Revista Urbea Mea - Revista de Alba\",\"isPartOf\":{\"@id\":\"https:\\\/\\\/urbeamea.ro\\\/albaiulia\\\/#website\"},\"primaryImageOfPage\":{\"@id\":\"https:\\\/\\\/urbeamea.ro\\\/albaiulia\\\/au-inceput-inscrierile-pentru-scoala-de-arte-si-mestesuguri-din-cadrul-centrului-de-cultura-augustin-bena-alba\\\/#primaryimage\"},\"image\":{\"@id\":\"https:\\\/\\\/urbeamea.ro\\\/albaiulia\\\/au-inceput-inscrierile-pentru-scoala-de-arte-si-mestesuguri-din-cadrul-centrului-de-cultura-augustin-bena-alba\\\/#primaryimage\"},\"thumbnailUrl\":\"https:\\\/\\\/urbeamea.ro\\\/albaiulia\\\/wp-content\\\/uploads\\\/2026\\\/09\\\/4208.jpg\",\"datePublished\":\"2026-09-02T12:56:23+00:00\",\"dateModified\":\"2026-09-02T12:56:25+00:00\",\"author\":{\"@id\":\"https:\\\/\\\/urbeamea.ro\\\/albaiulia\\\/#\\\/schema\\\/person\\\/5db3854ac38c1cc9f0ab4092d6a20f02\"},\"description\":\"\u0218coala de Arte \u0219i Me\u0219te\u0219uguri din cadrul Centrului de Cultur\u0103 \u201eAugustin Bena\u201d Alba \u00ee\u0219i deschide por\u021bile pentru anul \u0219colar 2026\u20132027! Peste 30 de\",\"breadcrumb\":{\"@id\":\"https:\\\/\\\/urbeamea.ro\\\/albaiulia\\\/au-inceput-inscrierile-pentru-scoala-de-arte-si-mestesuguri-din-cadrul-centrului-de-cultura-augustin-bena-alba\\\/#breadcrumb\"},\"inLanguage\":\"ro-RO\",\"potentialAction\":[{\"@type\":\"ReadAction\",\"target\":[\"https:\\\/\\\/urbeamea.ro\\\/albaiulia\\\/au-inceput-inscrierile-pentru-scoala-de-arte-si-mestesuguri-din-cadrul-centrului-de-cultura-augustin-bena-alba\\\/\"]}]},{\"@type\":\"ImageObject\",\"inLanguage\":\"ro-RO\",\"@id\":\"https:\\\/\\\/urbeamea.ro\\\/albaiulia\\\/au-inceput-inscrierile-pentru-scoala-de-arte-si-mestesuguri-din-cadrul-centrului-de-cultura-augustin-bena-alba\\\/#primaryimage\",\"url\":\"https:\\\/\\\/urbeamea.ro\\\/albaiulia\\\/wp-content\\\/uploads\\\/2026\\\/09\\\/4208.jpg\",\"contentUrl\":\"https:\\\/\\\/urbeamea.ro\\\/albaiulia\\\/wp-content\\\/uploads\\\/2026\\\/09\\\/4208.jpg\",\"width\":1299,\"height\":1600},{\"@type\":\"BreadcrumbList\",\"@id\":\"https:\\\/\\\/urbeamea.ro\\\/albaiulia\\\/au-inceput-inscrierile-pentru-scoala-de-arte-si-mestesuguri-din-cadrul-centrului-de-cultura-augustin-bena-alba\\\/#breadcrumb\",\"itemListElement\":[{\"@type\":\"ListItem\",\"position\":1,\"name\":\"Prima pagin\u0103\",\"item\":\"https:\\\/\\\/urbeamea.ro\\\/albaiulia\\\/\"},{\"@type\":\"ListItem\",\"position\":2,\"name\":\"Au \u00eenceput \u00eenscrierile pentru \u0218coala de Arte \u0219i Me\u0219te\u0219uguri din cadrul Centrului de Cultur\u0103 &#8222;Augustin Bena&#8221; Alba\"}]},{\"@type\":\"WebSite\",\"@id\":\"https:\\\/\\\/urbeamea.ro\\\/albaiulia\\\/#website\",\"url\":\"https:\\\/\\\/urbeamea.ro\\\/albaiulia\\\/\",\"name\":\"Revista Urbea Mea, Stiri urbane\",\"description\":\"Evenimente \u0219i \u0219tiri din Alba Iulia, Sebe\u0219, Aiud, Blaj\",\"potentialAction\":[{\"@type\":\"SearchAction\",\"target\":{\"@type\":\"EntryPoint\",\"urlTemplate\":\"https:\\\/\\\/urbeamea.ro\\\/albaiulia\\\/?s={search_term_string}\"},\"query-input\":{\"@type\":\"PropertyValueSpecification\",\"valueRequired\":true,\"valueName\":\"search_term_string\"}}],\"inLanguage\":\"ro-RO\"},{\"@type\":\"Person\",\"@id\":\"https:\\\/\\\/urbeamea.ro\\\/albaiulia\\\/#\\\/schema\\\/person\\\/5db3854ac38c1cc9f0ab4092d6a20f02\",\"name\":\"Giurca Sorin\",\"image\":{\"@type\":\"ImageObject\",\"inLanguage\":\"ro-RO\",\"@id\":\"https:\\\/\\\/secure.gravatar.com\\\/avatar\\\/120f6fcae7b3b47a7730cb9943f612f4909f68ac5284b5f40ac1c4615fd70576?s=96&d=mm&r=g\",\"url\":\"https:\\\/\\\/secure.gravatar.com\\\/avatar\\\/120f6fcae7b3b47a7730cb9943f612f4909f68ac5284b5f40ac1c4615fd70576?s=96&d=mm&r=g\",\"contentUrl\":\"https:\\\/\\\/secure.gravatar.com\\\/avatar\\\/120f6fcae7b3b47a7730cb9943f612f4909f68ac5284b5f40ac1c4615fd70576?s=96&d=mm&r=g\",\"caption\":\"Giurca Sorin\"},\"url\":\"https:\\\/\\\/urbeamea.ro\\\/albaiulia\\\/author\\\/sorin\\\/\"}]}<\/script>\n<!-- \/ Yoast SEO plugin. -->","yoast_head_json":{"title":"Au \u00eenceput \u00eenscrierile pentru \u0218coala de Arte \u0219i Me\u0219te\u0219uguri din cadrul Centrului de Cultur\u0103 \"Augustin Bena\" Alba - Revista Urbea Mea - Revista de Alba","description":"\u0218coala de Arte \u0219i Me\u0219te\u0219uguri din cadrul Centrului de Cultur\u0103 \u201eAugustin Bena\u201d Alba \u00ee\u0219i deschide por\u021bile pentru anul \u0219colar 2026\u20132027! Peste 30 de","robots":{"index":"index","follow":"follow","max-snippet":"max-snippet:-1","max-image-preview":"max-image-preview:large","max-video-preview":"max-video-preview:-1"},"canonical":"https:\/\/urbeamea.ro\/albaiulia\/au-inceput-inscrierile-pentru-scoala-de-arte-si-mestesuguri-din-cadrul-centrului-de-cultura-augustin-bena-alba\/","twitter_card":"summary_large_image","twitter_title":"Au \u00eenceput \u00eenscrierile pentru \u0218coala de Arte \u0219i Me\u0219te\u0219uguri din cadrul Centrului de Cultur\u0103 \"Augustin Bena\" Alba - Revista Urbea Mea - Revista de Alba","twitter_description":"\u0218coala de Arte \u0219i Me\u0219te\u0219uguri din cadrul Centrului de Cultur\u0103 \u201eAugustin Bena\u201d Alba \u00ee\u0219i deschide por\u021bile pentru anul \u0219colar 2026\u20132027! Peste 30 de","twitter_image":"https:\/\/urbeamea.ro\/albaiulia\/wp-content\/uploads\/2026\/09\/4208.jpg","twitter_creator":"@urbeameaweb","twitter_site":"@urbeameaweb","schema":{"@context":"https:\/\/schema.org","@graph":[{"@type":"Article","@id":"https:\/\/urbeamea.ro\/albaiulia\/au-inceput-inscrierile-pentru-scoala-de-arte-si-mestesuguri-din-cadrul-centrului-de-cultura-augustin-bena-alba\/#article","isPartOf":{"@id":"https:\/\/urbeamea.ro\/albaiulia\/au-inceput-inscrierile-pentru-scoala-de-arte-si-mestesuguri-din-cadrul-centrului-de-cultura-augustin-bena-alba\/"},"author":{"name":"Giurca Sorin","@id":"https:\/\/urbeamea.ro\/albaiulia\/#\/schema\/person\/5db3854ac38c1cc9f0ab4092d6a20f02"},"headline":"Au \u00eenceput \u00eenscrierile pentru \u0218coala de Arte \u0219i Me\u0219te\u0219uguri din cadrul Centrului de Cultur\u0103 &#8222;Augustin Bena&#8221; Alba","datePublished":"2026-09-02T12:56:23+00:00","dateModified":"2026-09-02T12:56:25+00:00","mainEntityOfPage":{"@id":"https:\/\/urbeamea.ro\/albaiulia\/au-inceput-inscrierile-pentru-scoala-de-arte-si-mestesuguri-din-cadrul-centrului-de-cultura-augustin-bena-alba\/"},"wordCount":207,"commentCount":0,"image":{"@id":"https:\/\/urbeamea.ro\/albaiulia\/au-inceput-inscrierile-pentru-scoala-de-arte-si-mestesuguri-din-cadrul-centrului-de-cultura-augustin-bena-alba\/#primaryimage"},"thumbnailUrl":"https:\/\/urbeamea.ro\/albaiulia\/wp-content\/uploads\/2026\/09\/4208.jpg","keywords":["Centrul de Cultur\u0103 \u201eAugustin Bena\u201d","\u0218coala de arte \u0219i meserii"],"articleSection":["Actualitate","Cultur\u0103","Educa\u021bie","Evenimente","Monden","Social","\u015etiri Urbane","Urbea Mea"],"inLanguage":"ro-RO","potentialAction":[{"@type":"CommentAction","name":"Comment","target":["https:\/\/urbeamea.ro\/albaiulia\/au-inceput-inscrierile-pentru-scoala-de-arte-si-mestesuguri-din-cadrul-centrului-de-cultura-augustin-bena-alba\/#respond"]}]},{"@type":"WebPage","@id":"https:\/\/urbeamea.ro\/albaiulia\/au-inceput-inscrierile-pentru-scoala-de-arte-si-mestesuguri-din-cadrul-centrului-de-cultura-augustin-bena-alba\/","url":"https:\/\/urbeamea.ro\/albaiulia\/au-inceput-inscrierile-pentru-scoala-de-arte-si-mestesuguri-din-cadrul-centrului-de-cultura-augustin-bena-alba\/","name":"Au \u00eenceput \u00eenscrierile pentru \u0218coala de Arte \u0219i Me\u0219te\u0219uguri din cadrul Centrului de Cultur\u0103 \"Augustin Bena\" Alba - Revista Urbea Mea - Revista de Alba","isPartOf":{"@id":"https:\/\/urbeamea.ro\/albaiulia\/#website"},"primaryImageOfPage":{"@id":"https:\/\/urbeamea.ro\/albaiulia\/au-inceput-inscrierile-pentru-scoala-de-arte-si-mestesuguri-din-cadrul-centrului-de-cultura-augustin-bena-alba\/#primaryimage"},"image":{"@id":"https:\/\/urbeamea.ro\/albaiulia\/au-inceput-inscrierile-pentru-scoala-de-arte-si-mestesuguri-din-cadrul-centrului-de-cultura-augustin-bena-alba\/#primaryimage"},"thumbnailUrl":"https:\/\/urbeamea.ro\/albaiulia\/wp-content\/uploads\/2026\/09\/4208.jpg","datePublished":"2026-09-02T12:56:23+00:00","dateModified":"2026-09-02T12:56:25+00:00","author":{"@id":"https:\/\/urbeamea.ro\/albaiulia\/#\/schema\/person\/5db3854ac38c1cc9f0ab4092d6a20f02"},"description":"\u0218coala de Arte \u0219i Me\u0219te\u0219uguri din cadrul Centrului de Cultur\u0103 \u201eAugustin Bena\u201d Alba \u00ee\u0219i deschide por\u021bile pentru anul \u0219colar 2026\u20132027! Peste 30 de","breadcrumb":{"@id":"https:\/\/urbeamea.ro\/albaiulia\/au-inceput-inscrierile-pentru-scoala-de-arte-si-mestesuguri-din-cadrul-centrului-de-cultura-augustin-bena-alba\/#breadcrumb"},"inLanguage":"ro-RO","potentialAction":[{"@type":"ReadAction","target":["https:\/\/urbeamea.ro\/albaiulia\/au-inceput-inscrierile-pentru-scoala-de-arte-si-mestesuguri-din-cadrul-centrului-de-cultura-augustin-bena-alba\/"]}]},{"@type":"ImageObject","inLanguage":"ro-RO","@id":"https:\/\/urbeamea.ro\/albaiulia\/au-inceput-inscrierile-pentru-scoala-de-arte-si-mestesuguri-din-cadrul-centrului-de-cultura-augustin-bena-alba\/#primaryimage","url":"https:\/\/urbeamea.ro\/albaiulia\/wp-content\/uploads\/2026\/09\/4208.jpg","contentUrl":"https:\/\/urbeamea.ro\/albaiulia\/wp-content\/uploads\/2026\/09\/4208.jpg","width":1299,"height":1600},{"@type":"BreadcrumbList","@id":"https:\/\/urbeamea.ro\/albaiulia\/au-inceput-inscrierile-pentru-scoala-de-arte-si-mestesuguri-din-cadrul-centrului-de-cultura-augustin-bena-alba\/#breadcrumb","itemListElement":[{"@type":"ListItem","position":1,"name":"Prima pagin\u0103","item":"https:\/\/urbeamea.ro\/albaiulia\/"},{"@type":"ListItem","position":2,"name":"Au \u00eenceput \u00eenscrierile pentru \u0218coala de Arte \u0219i Me\u0219te\u0219uguri din cadrul Centrului de Cultur\u0103 &#8222;Augustin Bena&#8221; Alba"}]},{"@type":"WebSite","@id":"https:\/\/urbeamea.ro\/albaiulia\/#website","url":"https:\/\/urbeamea.ro\/albaiulia\/","name":"Revista Urbea Mea, Stiri urbane","description":"Evenimente \u0219i \u0219tiri din Alba Iulia, Sebe\u0219, Aiud, Blaj","potentialAction":[{"@type":"SearchAction","target":{"@type":"EntryPoint","urlTemplate":"https:\/\/urbeamea.ro\/albaiulia\/?s={search_term_string}"},"query-input":{"@type":"PropertyValueSpecification","valueRequired":true,"valueName":"search_term_string"}}],"inLanguage":"ro-RO"},{"@type":"Person","@id":"https:\/\/urbeamea.ro\/albaiulia\/#\/schema\/person\/5db3854ac38c1cc9f0ab4092d6a20f02","name":"Giurca Sorin","image":{"@type":"ImageObject","inLanguage":"ro-RO","@id":"https:\/\/secure.gravatar.com\/avatar\/120f6fcae7b3b47a7730cb9943f612f4909f68ac5284b5f40ac1c4615fd70576?s=96&d=mm&r=g","url":"https:\/\/secure.gravatar.com\/avatar\/120f6fcae7b3b47a7730cb9943f612f4909f68ac5284b5f40ac1c4615fd70576?s=96&d=mm&r=g","contentUrl":"https:\/\/secure.gravatar.com\/avatar\/120f6fcae7b3b47a7730cb9943f612f4909f68ac5284b5f40ac1c4615fd70576?s=96&d=mm&r=g","caption":"Giurca Sorin"},"url":"https:\/\/urbeamea.ro\/albaiulia\/author\/sorin\/"}]}},"_links":{"self":[{"href":"https:\/\/urbeamea.ro\/albaiulia\/wp-json\/wp\/v2\/posts\/123494","targetHints":{"allow":["GET"]}}],"collection":[{"href":"https:\/\/urbeamea.ro\/albaiulia\/wp-json\/wp\/v2\/posts"}],"about":[{"href":"https:\/\/urbeamea.ro\/albaiulia\/wp-json\/wp\/v2\/types\/post"}],"author":[{"embeddable":true,"href":"https:\/\/urbeamea.ro\/albaiulia\/wp-json\/wp\/v2\/users\/28"}],"replies":[{"embeddable":true,"href":"https:\/\/urbeamea.ro\/albaiulia\/wp-json\/wp\/v2\/comments?post=123494"}],"version-history":[{"count":1,"href":"https:\/\/urbeamea.ro\/albaiulia\/wp-json\/wp\/v2\/posts\/123494\/revisions"}],"predecessor-version":[{"id":123496,"href":"https:\/\/urbeamea.ro\/albaiulia\/wp-json\/wp\/v2\/posts\/123494\/revisions\/123496"}],"wp:featuredmedia":[{"embeddable":true,"href":"https:\/\/urbeamea.ro\/albaiulia\/wp-json\/wp\/v2\/media\/123495"}],"wp:attachment":[{"href":"https:\/\/urbeamea.ro\/albaiulia\/wp-json\/wp\/v2\/media?parent=123494"}],"wp:term":[{"taxonomy":"category","embeddable":true,"href":"https:\/\/urbeamea.ro\/albaiulia\/wp-json\/wp\/v2\/categories?post=123494"},{"taxonomy":"post_tag","embeddable":true,"href":"https:\/\/urbeamea.ro\/albaiulia\/wp-json\/wp\/v2\/tags?post=123494"}],"curies":[{"name":"wp","href":"https:\/\/api.w.org\/{rel}","templated":true}]}}