{"id":123500,"date":"2026-09-02T16:32:58","date_gmt":"2026-09-02T13:32:58","guid":{"rendered":"https:\/\/urbeamea.ro\/albaiulia\/?p=123500"},"modified":"2026-09-02T16:33:00","modified_gmt":"2026-09-02T13:33:00","slug":"cupa-sebesului-fotbal-juniori","status":"publish","type":"post","link":"https:\/\/urbeamea.ro\/albaiulia\/cupa-sebesului-fotbal-juniori\/","title":{"rendered":"Cupa Sebe\u0219ului, fotbal juniori"},"content":{"rendered":"\n<p class=\"wp-block-paragraph\">Cupa Sebe\u0219ului, edi\u021bia a II-a, desf\u0103\u0219urat\u0103 \u00een perioada 28-30 august 2026, la Baza Sportiv\u0103 ,,Pielarul&#8221; din Sebe\u0219, a avut 20 de echipe participante din mai multe regiuni ale \u021b\u0103rii. La categoria U12, au fost 10 echipe participante: Rapid Bucure\u0219ti 2, ACS Juniorul Aiud, ACS Media\u0219, LPS Sebe\u0219, Unirea Slobozia, Rapid Bucure\u0219ti 1, Star PRO Optimum, Interstar Sibiu, Fotbal Club C\u00e2mpia Turzii \u0219i CSM Reghin, iar la categoria U11 au fost un num\u0103r de 10 echipe participante: Interstar Sibiu, Rapid Bucure\u0219ti, Star PRO Optimum, ACS Media\u0219, Performan\u021ba Ighiu, CSU Universitatea Alba Iulia, LPS Buz\u0103u, Academia Bogdan Andone, LPS Sebe\u0219 \u0219i Fotbal Club C\u00e2mpia Turzii.<\/p>\n\n\n\n<p class=\"wp-block-paragraph\">\u00cen cele trei zile de competi\u021bie s-au desf\u0103\u0219urat 70 de meciuri. La turneu au participat 380 de copii, c\u0103rora am \u00eencercat s\u0103 le fim gazde bune. La final, to\u021bi sportivii au primit medalii, cupe, diplome \u0219i desertul \u00eendr\u0103git de ei, \u00eenghe\u021bat\u0103.<\/p>\n\n\n\n<p class=\"wp-block-paragraph\">CLASAMENTE FINALE<\/p>\n\n\n\n<p class=\"wp-block-paragraph\">CATEGORIA U12<\/p>\n\n\n\n<p class=\"wp-block-paragraph\">1. Rapid Bucure\u0219ti 1<\/p>\n\n\n\n<p class=\"wp-block-paragraph\">2. Interstar Sibiu<\/p>\n\n\n\n<p class=\"wp-block-paragraph\">3. ACS Media\u0219<\/p>\n\n\n\n<p class=\"wp-block-paragraph\">4. Rapid Bucure\u0219ti 2<\/p>\n\n\n\n<p class=\"wp-block-paragraph\">5. Star PRO Optimum<\/p>\n\n\n\n<p class=\"wp-block-paragraph\">6. Fotbal Club C\u00e2mpia Turzii<\/p>\n\n\n\n<p class=\"wp-block-paragraph\">7. ACS Juniorul Aiud<\/p>\n\n\n\n<p class=\"wp-block-paragraph\">8. LPS Sebe\u0219<\/p>\n\n\n\n<p class=\"wp-block-paragraph\">9. CSM Reghin<\/p>\n\n\n\n<p class=\"wp-block-paragraph\">10. Unirea Slobozia<\/p>\n\n\n\n<p class=\"wp-block-paragraph\">CATEGORIA U11<\/p>\n\n\n\n<p class=\"wp-block-paragraph\">1. Rapid Bucure\u0219ti<\/p>\n\n\n\n<p class=\"wp-block-paragraph\">2. LPS Buz\u0103u<\/p>\n\n\n\n<p class=\"wp-block-paragraph\">3. Interstar Sibiu<\/p>\n\n\n\n<p class=\"wp-block-paragraph\">4. CSU Universitatea Alba Iulia<\/p>\n\n\n\n<p class=\"wp-block-paragraph\">5. LPS Sebe\u0219<\/p>\n\n\n\n<p class=\"wp-block-paragraph\">6. Star PRO Optimum<\/p>\n\n\n\n<p class=\"wp-block-paragraph\">7. Academia Bogdan Andone<\/p>\n\n\n\n<p class=\"wp-block-paragraph\">8. ACS Media\u0219<\/p>\n\n\n\n<p class=\"wp-block-paragraph\">9. Performan\u021ba Ighiu<\/p>\n\n\n\n<p class=\"wp-block-paragraph\">10. Fotbal Club C\u00e2mpia Turzii<\/p>\n\n\n\n<figure class=\"wp-block-gallery has-nested-images columns-default is-cropped wp-block-gallery-1 is-layout-flex wp-block-gallery-is-layout-flex\">\n<figure class=\"wp-block-image size-large\"><img loading=\"lazy\" decoding=\"async\" width=\"1280\" height=\"960\" data-id=\"123501\" src=\"https:\/\/urbeamea.ro\/albaiulia\/wp-content\/uploads\/2026\/09\/111-1280x960.jpeg\" alt=\"\" class=\"wp-image-123501\" srcset=\"https:\/\/urbeamea.ro\/albaiulia\/wp-content\/uploads\/2026\/09\/111-1280x960.jpeg 1280w, https:\/\/urbeamea.ro\/albaiulia\/wp-content\/uploads\/2026\/09\/111-150x113.jpeg 150w, https:\/\/urbeamea.ro\/albaiulia\/wp-content\/uploads\/2026\/09\/111-640x480.jpeg 640w, https:\/\/urbeamea.ro\/albaiulia\/wp-content\/uploads\/2026\/09\/111-768x576.jpeg 768w, https:\/\/urbeamea.ro\/albaiulia\/wp-content\/uploads\/2026\/09\/111-1536x1152.jpeg 1536w, https:\/\/urbeamea.ro\/albaiulia\/wp-content\/uploads\/2026\/09\/111.jpeg 2000w\" sizes=\"auto, (max-width: 1280px) 100vw, 1280px\" \/><\/figure>\n\n\n\n<figure class=\"wp-block-image size-large\"><img loading=\"lazy\" decoding=\"async\" width=\"1280\" height=\"960\" data-id=\"123502\" src=\"https:\/\/urbeamea.ro\/albaiulia\/wp-content\/uploads\/2026\/09\/09-1280x960.jpeg\" alt=\"\" class=\"wp-image-123502\" srcset=\"https:\/\/urbeamea.ro\/albaiulia\/wp-content\/uploads\/2026\/09\/09-1280x960.jpeg 1280w, https:\/\/urbeamea.ro\/albaiulia\/wp-content\/uploads\/2026\/09\/09-150x113.jpeg 150w, https:\/\/urbeamea.ro\/albaiulia\/wp-content\/uploads\/2026\/09\/09-640x480.jpeg 640w, https:\/\/urbeamea.ro\/albaiulia\/wp-content\/uploads\/2026\/09\/09-768x576.jpeg 768w, https:\/\/urbeamea.ro\/albaiulia\/wp-content\/uploads\/2026\/09\/09-1536x1152.jpeg 1536w, https:\/\/urbeamea.ro\/albaiulia\/wp-content\/uploads\/2026\/09\/09.jpeg 1600w\" sizes=\"auto, (max-width: 1280px) 100vw, 1280px\" \/><\/figure>\n\n\n\n<figure class=\"wp-block-image size-large\"><img loading=\"lazy\" decoding=\"async\" width=\"1280\" height=\"960\" data-id=\"123503\" src=\"https:\/\/urbeamea.ro\/albaiulia\/wp-content\/uploads\/2026\/09\/01-1280x960.jpeg\" alt=\"\" class=\"wp-image-123503\" srcset=\"https:\/\/urbeamea.ro\/albaiulia\/wp-content\/uploads\/2026\/09\/01-1280x960.jpeg 1280w, https:\/\/urbeamea.ro\/albaiulia\/wp-content\/uploads\/2026\/09\/01-150x113.jpeg 150w, https:\/\/urbeamea.ro\/albaiulia\/wp-content\/uploads\/2026\/09\/01-640x480.jpeg 640w, https:\/\/urbeamea.ro\/albaiulia\/wp-content\/uploads\/2026\/09\/01-768x576.jpeg 768w, https:\/\/urbeamea.ro\/albaiulia\/wp-content\/uploads\/2026\/09\/01-1536x1152.jpeg 1536w, https:\/\/urbeamea.ro\/albaiulia\/wp-content\/uploads\/2026\/09\/01.jpeg 1600w\" sizes=\"auto, (max-width: 1280px) 100vw, 1280px\" \/><\/figure>\n\n\n\n<figure class=\"wp-block-image size-large\"><img loading=\"lazy\" decoding=\"async\" width=\"1280\" height=\"897\" data-id=\"123504\" src=\"https:\/\/urbeamea.ro\/albaiulia\/wp-content\/uploads\/2026\/09\/003-1280x897.jpeg\" alt=\"\" class=\"wp-image-123504\" srcset=\"https:\/\/urbeamea.ro\/albaiulia\/wp-content\/uploads\/2026\/09\/003-1280x897.jpeg 1280w, https:\/\/urbeamea.ro\/albaiulia\/wp-content\/uploads\/2026\/09\/003-150x105.jpeg 150w, https:\/\/urbeamea.ro\/albaiulia\/wp-content\/uploads\/2026\/09\/003-640x448.jpeg 640w, https:\/\/urbeamea.ro\/albaiulia\/wp-content\/uploads\/2026\/09\/003-768x538.jpeg 768w, https:\/\/urbeamea.ro\/albaiulia\/wp-content\/uploads\/2026\/09\/003-1536x1076.jpeg 1536w, https:\/\/urbeamea.ro\/albaiulia\/wp-content\/uploads\/2026\/09\/003.jpeg 1600w\" sizes=\"auto, (max-width: 1280px) 100vw, 1280px\" \/><\/figure>\n<\/figure>\n","protected":false},"excerpt":{"rendered":"<p>Cupa Sebe\u0219ului, edi\u021bia a II-a, desf\u0103\u0219urat\u0103 \u00een perioada 28-30 august 2026, la Baza Sportiv\u0103 ,,Pielarul&#8221; din Sebe\u0219, a avut 20 de echipe participante din mai multe regiuni ale \u021b\u0103rii. La categoria U12, au fost 10 echipe participante: Rapid Bucure\u0219ti 2, ACS Juniorul Aiud, ACS Media\u0219, LPS Sebe\u0219, Unirea Slobozia, Rapid Bucure\u0219ti 1, Star PRO Optimum, &hellip;<\/p>\n","protected":false},"author":16,"featured_media":123505,"comment_status":"open","ping_status":"open","sticky":false,"template":"","format":"standard","meta":{"inline_featured_image":false,"footnotes":""},"categories":[1],"tags":[],"class_list":["post-123500","post","type-post","status-publish","format-standard","has-post-thumbnail","hentry","category-stiri-urbane"],"yoast_head":"<!-- This site is optimized with the Yoast SEO plugin v28.3 - https:\/\/yoast.com\/product\/yoast-seo-wordpress\/ -->\n<title>Cupa Sebe\u0219ului, fotbal juniori - Revista Urbea Mea - Revista de Alba<\/title>\n<meta name=\"description\" content=\"Cupa Sebe\u0219ului, edi\u021bia a II-a, desf\u0103\u0219urat\u0103 \u00een perioada 28-30 august 2026, la Baza Sportiv\u0103 ,,Pielarul&quot; din Sebe\u0219, a avut 20 de echipe participante din mai\" \/>\n<meta name=\"robots\" content=\"index, follow, max-snippet:-1, max-image-preview:large, max-video-preview:-1\" \/>\n<link rel=\"canonical\" href=\"https:\/\/urbeamea.ro\/albaiulia\/cupa-sebesului-fotbal-juniori\/\" \/>\n<meta name=\"twitter:card\" content=\"summary_large_image\" \/>\n<meta name=\"twitter:title\" content=\"Cupa Sebe\u0219ului, fotbal juniori - Revista Urbea Mea - Revista de Alba\" \/>\n<meta name=\"twitter:description\" content=\"Cupa Sebe\u0219ului, edi\u021bia a II-a, desf\u0103\u0219urat\u0103 \u00een perioada 28-30 august 2026, la Baza Sportiv\u0103 ,,Pielarul&quot; din Sebe\u0219, a avut 20 de echipe participante din mai\" \/>\n<meta name=\"twitter:image\" content=\"https:\/\/urbeamea.ro\/albaiulia\/wp-content\/uploads\/2026\/09\/07.jpeg\" \/>\n<meta name=\"twitter:creator\" content=\"@urbeameaweb\" \/>\n<meta name=\"twitter:site\" content=\"@urbeameaweb\" \/>\n<script type=\"application\/ld+json\" class=\"yoast-schema-graph\">{\"@context\":\"https:\\\/\\\/schema.org\",\"@graph\":[{\"@type\":\"Article\",\"@id\":\"https:\\\/\\\/urbeamea.ro\\\/albaiulia\\\/cupa-sebesului-fotbal-juniori\\\/#article\",\"isPartOf\":{\"@id\":\"https:\\\/\\\/urbeamea.ro\\\/albaiulia\\\/cupa-sebesului-fotbal-juniori\\\/\"},\"author\":{\"name\":\"Redac\u021bia UrbeaMea\",\"@id\":\"https:\\\/\\\/urbeamea.ro\\\/albaiulia\\\/#\\\/schema\\\/person\\\/272ae98052f8ee8980f59848df070247\"},\"headline\":\"Cupa Sebe\u0219ului, fotbal juniori\",\"datePublished\":\"2026-09-02T13:32:58+00:00\",\"dateModified\":\"2026-09-02T13:33:00+00:00\",\"mainEntityOfPage\":{\"@id\":\"https:\\\/\\\/urbeamea.ro\\\/albaiulia\\\/cupa-sebesului-fotbal-juniori\\\/\"},\"wordCount\":221,\"commentCount\":0,\"image\":{\"@id\":\"https:\\\/\\\/urbeamea.ro\\\/albaiulia\\\/cupa-sebesului-fotbal-juniori\\\/#primaryimage\"},\"thumbnailUrl\":\"https:\\\/\\\/urbeamea.ro\\\/albaiulia\\\/wp-content\\\/uploads\\\/2026\\\/09\\\/07.jpeg\",\"articleSection\":[\"\u015etiri Urbane\"],\"inLanguage\":\"ro-RO\",\"potentialAction\":[{\"@type\":\"CommentAction\",\"name\":\"Comment\",\"target\":[\"https:\\\/\\\/urbeamea.ro\\\/albaiulia\\\/cupa-sebesului-fotbal-juniori\\\/#respond\"]}]},{\"@type\":\"WebPage\",\"@id\":\"https:\\\/\\\/urbeamea.ro\\\/albaiulia\\\/cupa-sebesului-fotbal-juniori\\\/\",\"url\":\"https:\\\/\\\/urbeamea.ro\\\/albaiulia\\\/cupa-sebesului-fotbal-juniori\\\/\",\"name\":\"Cupa Sebe\u0219ului, fotbal juniori - Revista Urbea Mea - Revista de Alba\",\"isPartOf\":{\"@id\":\"https:\\\/\\\/urbeamea.ro\\\/albaiulia\\\/#website\"},\"primaryImageOfPage\":{\"@id\":\"https:\\\/\\\/urbeamea.ro\\\/albaiulia\\\/cupa-sebesului-fotbal-juniori\\\/#primaryimage\"},\"image\":{\"@id\":\"https:\\\/\\\/urbeamea.ro\\\/albaiulia\\\/cupa-sebesului-fotbal-juniori\\\/#primaryimage\"},\"thumbnailUrl\":\"https:\\\/\\\/urbeamea.ro\\\/albaiulia\\\/wp-content\\\/uploads\\\/2026\\\/09\\\/07.jpeg\",\"datePublished\":\"2026-09-02T13:32:58+00:00\",\"dateModified\":\"2026-09-02T13:33:00+00:00\",\"author\":{\"@id\":\"https:\\\/\\\/urbeamea.ro\\\/albaiulia\\\/#\\\/schema\\\/person\\\/272ae98052f8ee8980f59848df070247\"},\"description\":\"Cupa Sebe\u0219ului, edi\u021bia a II-a, desf\u0103\u0219urat\u0103 \u00een perioada 28-30 august 2026, la Baza Sportiv\u0103 ,,Pielarul\\\" din Sebe\u0219, a avut 20 de echipe participante din mai\",\"breadcrumb\":{\"@id\":\"https:\\\/\\\/urbeamea.ro\\\/albaiulia\\\/cupa-sebesului-fotbal-juniori\\\/#breadcrumb\"},\"inLanguage\":\"ro-RO\",\"potentialAction\":[{\"@type\":\"ReadAction\",\"target\":[\"https:\\\/\\\/urbeamea.ro\\\/albaiulia\\\/cupa-sebesului-fotbal-juniori\\\/\"]}]},{\"@type\":\"ImageObject\",\"inLanguage\":\"ro-RO\",\"@id\":\"https:\\\/\\\/urbeamea.ro\\\/albaiulia\\\/cupa-sebesului-fotbal-juniori\\\/#primaryimage\",\"url\":\"https:\\\/\\\/urbeamea.ro\\\/albaiulia\\\/wp-content\\\/uploads\\\/2026\\\/09\\\/07.jpeg\",\"contentUrl\":\"https:\\\/\\\/urbeamea.ro\\\/albaiulia\\\/wp-content\\\/uploads\\\/2026\\\/09\\\/07.jpeg\",\"width\":1600,\"height\":1122},{\"@type\":\"BreadcrumbList\",\"@id\":\"https:\\\/\\\/urbeamea.ro\\\/albaiulia\\\/cupa-sebesului-fotbal-juniori\\\/#breadcrumb\",\"itemListElement\":[{\"@type\":\"ListItem\",\"position\":1,\"name\":\"Prima pagin\u0103\",\"item\":\"https:\\\/\\\/urbeamea.ro\\\/albaiulia\\\/\"},{\"@type\":\"ListItem\",\"position\":2,\"name\":\"Cupa Sebe\u0219ului, fotbal juniori\"}]},{\"@type\":\"WebSite\",\"@id\":\"https:\\\/\\\/urbeamea.ro\\\/albaiulia\\\/#website\",\"url\":\"https:\\\/\\\/urbeamea.ro\\\/albaiulia\\\/\",\"name\":\"Revista Urbea Mea, Stiri urbane\",\"description\":\"Evenimente \u0219i \u0219tiri din Alba Iulia, Sebe\u0219, Aiud, Blaj\",\"potentialAction\":[{\"@type\":\"SearchAction\",\"target\":{\"@type\":\"EntryPoint\",\"urlTemplate\":\"https:\\\/\\\/urbeamea.ro\\\/albaiulia\\\/?s={search_term_string}\"},\"query-input\":{\"@type\":\"PropertyValueSpecification\",\"valueRequired\":true,\"valueName\":\"search_term_string\"}}],\"inLanguage\":\"ro-RO\"},{\"@type\":\"Person\",\"@id\":\"https:\\\/\\\/urbeamea.ro\\\/albaiulia\\\/#\\\/schema\\\/person\\\/272ae98052f8ee8980f59848df070247\",\"name\":\"Redac\u021bia UrbeaMea\",\"image\":{\"@type\":\"ImageObject\",\"inLanguage\":\"ro-RO\",\"@id\":\"https:\\\/\\\/secure.gravatar.com\\\/avatar\\\/9ce5a9435071fa1037e8468053ead8e513dbbff59009d3069aadb85506d85a27?s=96&d=mm&r=g\",\"url\":\"https:\\\/\\\/secure.gravatar.com\\\/avatar\\\/9ce5a9435071fa1037e8468053ead8e513dbbff59009d3069aadb85506d85a27?s=96&d=mm&r=g\",\"contentUrl\":\"https:\\\/\\\/secure.gravatar.com\\\/avatar\\\/9ce5a9435071fa1037e8468053ead8e513dbbff59009d3069aadb85506d85a27?s=96&d=mm&r=g\",\"caption\":\"Redac\u021bia UrbeaMea\"},\"description\":\"contact@urbeamea.ro\",\"sameAs\":[\"https:\\\/\\\/www.urbeamea.ro\"],\"url\":\"https:\\\/\\\/urbeamea.ro\\\/albaiulia\\\/author\\\/redactia-urbeamea\\\/\"}]}<\/script>\n<!-- \/ Yoast SEO plugin. -->","yoast_head_json":{"title":"Cupa Sebe\u0219ului, fotbal juniori - Revista Urbea Mea - Revista de Alba","description":"Cupa Sebe\u0219ului, edi\u021bia a II-a, desf\u0103\u0219urat\u0103 \u00een perioada 28-30 august 2026, la Baza Sportiv\u0103 ,,Pielarul\" din Sebe\u0219, a avut 20 de echipe participante din mai","robots":{"index":"index","follow":"follow","max-snippet":"max-snippet:-1","max-image-preview":"max-image-preview:large","max-video-preview":"max-video-preview:-1"},"canonical":"https:\/\/urbeamea.ro\/albaiulia\/cupa-sebesului-fotbal-juniori\/","twitter_card":"summary_large_image","twitter_title":"Cupa Sebe\u0219ului, fotbal juniori - Revista Urbea Mea - Revista de Alba","twitter_description":"Cupa Sebe\u0219ului, edi\u021bia a II-a, desf\u0103\u0219urat\u0103 \u00een perioada 28-30 august 2026, la Baza Sportiv\u0103 ,,Pielarul\" din Sebe\u0219, a avut 20 de echipe participante din mai","twitter_image":"https:\/\/urbeamea.ro\/albaiulia\/wp-content\/uploads\/2026\/09\/07.jpeg","twitter_creator":"@urbeameaweb","twitter_site":"@urbeameaweb","schema":{"@context":"https:\/\/schema.org","@graph":[{"@type":"Article","@id":"https:\/\/urbeamea.ro\/albaiulia\/cupa-sebesului-fotbal-juniori\/#article","isPartOf":{"@id":"https:\/\/urbeamea.ro\/albaiulia\/cupa-sebesului-fotbal-juniori\/"},"author":{"name":"Redac\u021bia UrbeaMea","@id":"https:\/\/urbeamea.ro\/albaiulia\/#\/schema\/person\/272ae98052f8ee8980f59848df070247"},"headline":"Cupa Sebe\u0219ului, fotbal juniori","datePublished":"2026-09-02T13:32:58+00:00","dateModified":"2026-09-02T13:33:00+00:00","mainEntityOfPage":{"@id":"https:\/\/urbeamea.ro\/albaiulia\/cupa-sebesului-fotbal-juniori\/"},"wordCount":221,"commentCount":0,"image":{"@id":"https:\/\/urbeamea.ro\/albaiulia\/cupa-sebesului-fotbal-juniori\/#primaryimage"},"thumbnailUrl":"https:\/\/urbeamea.ro\/albaiulia\/wp-content\/uploads\/2026\/09\/07.jpeg","articleSection":["\u015etiri Urbane"],"inLanguage":"ro-RO","potentialAction":[{"@type":"CommentAction","name":"Comment","target":["https:\/\/urbeamea.ro\/albaiulia\/cupa-sebesului-fotbal-juniori\/#respond"]}]},{"@type":"WebPage","@id":"https:\/\/urbeamea.ro\/albaiulia\/cupa-sebesului-fotbal-juniori\/","url":"https:\/\/urbeamea.ro\/albaiulia\/cupa-sebesului-fotbal-juniori\/","name":"Cupa Sebe\u0219ului, fotbal juniori - Revista Urbea Mea - Revista de Alba","isPartOf":{"@id":"https:\/\/urbeamea.ro\/albaiulia\/#website"},"primaryImageOfPage":{"@id":"https:\/\/urbeamea.ro\/albaiulia\/cupa-sebesului-fotbal-juniori\/#primaryimage"},"image":{"@id":"https:\/\/urbeamea.ro\/albaiulia\/cupa-sebesului-fotbal-juniori\/#primaryimage"},"thumbnailUrl":"https:\/\/urbeamea.ro\/albaiulia\/wp-content\/uploads\/2026\/09\/07.jpeg","datePublished":"2026-09-02T13:32:58+00:00","dateModified":"2026-09-02T13:33:00+00:00","author":{"@id":"https:\/\/urbeamea.ro\/albaiulia\/#\/schema\/person\/272ae98052f8ee8980f59848df070247"},"description":"Cupa Sebe\u0219ului, edi\u021bia a II-a, desf\u0103\u0219urat\u0103 \u00een perioada 28-30 august 2026, la Baza Sportiv\u0103 ,,Pielarul\" din Sebe\u0219, a avut 20 de echipe participante din mai","breadcrumb":{"@id":"https:\/\/urbeamea.ro\/albaiulia\/cupa-sebesului-fotbal-juniori\/#breadcrumb"},"inLanguage":"ro-RO","potentialAction":[{"@type":"ReadAction","target":["https:\/\/urbeamea.ro\/albaiulia\/cupa-sebesului-fotbal-juniori\/"]}]},{"@type":"ImageObject","inLanguage":"ro-RO","@id":"https:\/\/urbeamea.ro\/albaiulia\/cupa-sebesului-fotbal-juniori\/#primaryimage","url":"https:\/\/urbeamea.ro\/albaiulia\/wp-content\/uploads\/2026\/09\/07.jpeg","contentUrl":"https:\/\/urbeamea.ro\/albaiulia\/wp-content\/uploads\/2026\/09\/07.jpeg","width":1600,"height":1122},{"@type":"BreadcrumbList","@id":"https:\/\/urbeamea.ro\/albaiulia\/cupa-sebesului-fotbal-juniori\/#breadcrumb","itemListElement":[{"@type":"ListItem","position":1,"name":"Prima pagin\u0103","item":"https:\/\/urbeamea.ro\/albaiulia\/"},{"@type":"ListItem","position":2,"name":"Cupa Sebe\u0219ului, fotbal juniori"}]},{"@type":"WebSite","@id":"https:\/\/urbeamea.ro\/albaiulia\/#website","url":"https:\/\/urbeamea.ro\/albaiulia\/","name":"Revista Urbea Mea, Stiri urbane","description":"Evenimente \u0219i \u0219tiri din Alba Iulia, Sebe\u0219, Aiud, Blaj","potentialAction":[{"@type":"SearchAction","target":{"@type":"EntryPoint","urlTemplate":"https:\/\/urbeamea.ro\/albaiulia\/?s={search_term_string}"},"query-input":{"@type":"PropertyValueSpecification","valueRequired":true,"valueName":"search_term_string"}}],"inLanguage":"ro-RO"},{"@type":"Person","@id":"https:\/\/urbeamea.ro\/albaiulia\/#\/schema\/person\/272ae98052f8ee8980f59848df070247","name":"Redac\u021bia UrbeaMea","image":{"@type":"ImageObject","inLanguage":"ro-RO","@id":"https:\/\/secure.gravatar.com\/avatar\/9ce5a9435071fa1037e8468053ead8e513dbbff59009d3069aadb85506d85a27?s=96&d=mm&r=g","url":"https:\/\/secure.gravatar.com\/avatar\/9ce5a9435071fa1037e8468053ead8e513dbbff59009d3069aadb85506d85a27?s=96&d=mm&r=g","contentUrl":"https:\/\/secure.gravatar.com\/avatar\/9ce5a9435071fa1037e8468053ead8e513dbbff59009d3069aadb85506d85a27?s=96&d=mm&r=g","caption":"Redac\u021bia UrbeaMea"},"description":"contact@urbeamea.ro","sameAs":["https:\/\/www.urbeamea.ro"],"url":"https:\/\/urbeamea.ro\/albaiulia\/author\/redactia-urbeamea\/"}]}},"_links":{"self":[{"href":"https:\/\/urbeamea.ro\/albaiulia\/wp-json\/wp\/v2\/posts\/123500","targetHints":{"allow":["GET"]}}],"collection":[{"href":"https:\/\/urbeamea.ro\/albaiulia\/wp-json\/wp\/v2\/posts"}],"about":[{"href":"https:\/\/urbeamea.ro\/albaiulia\/wp-json\/wp\/v2\/types\/post"}],"author":[{"embeddable":true,"href":"https:\/\/urbeamea.ro\/albaiulia\/wp-json\/wp\/v2\/users\/16"}],"replies":[{"embeddable":true,"href":"https:\/\/urbeamea.ro\/albaiulia\/wp-json\/wp\/v2\/comments?post=123500"}],"version-history":[{"count":1,"href":"https:\/\/urbeamea.ro\/albaiulia\/wp-json\/wp\/v2\/posts\/123500\/revisions"}],"predecessor-version":[{"id":123506,"href":"https:\/\/urbeamea.ro\/albaiulia\/wp-json\/wp\/v2\/posts\/123500\/revisions\/123506"}],"wp:featuredmedia":[{"embeddable":true,"href":"https:\/\/urbeamea.ro\/albaiulia\/wp-json\/wp\/v2\/media\/123505"}],"wp:attachment":[{"href":"https:\/\/urbeamea.ro\/albaiulia\/wp-json\/wp\/v2\/media?parent=123500"}],"wp:term":[{"taxonomy":"category","embeddable":true,"href":"https:\/\/urbeamea.ro\/albaiulia\/wp-json\/wp\/v2\/categories?post=123500"},{"taxonomy":"post_tag","embeddable":true,"href":"https:\/\/urbeamea.ro\/albaiulia\/wp-json\/wp\/v2\/tags?post=123500"}],"curies":[{"name":"wp","href":"https:\/\/api.w.org\/{rel}","templated":true}]}}