{"id":123512,"date":"2026-09-04T07:56:44","date_gmt":"2026-09-04T04:56:44","guid":{"rendered":"https:\/\/urbeamea.ro\/albaiulia\/?p=123512"},"modified":"2026-09-04T07:56:46","modified_gmt":"2026-09-04T04:56:46","slug":"astaziora-1730-sah-mat-la-biblioteca-judeteana-lucian-blaga-alba-invitat-david-cordea-instructor-de-sah-la-csm-unirea-alba-iulia","status":"publish","type":"post","link":"https:\/\/urbeamea.ro\/albaiulia\/astaziora-1730-sah-mat-la-biblioteca-judeteana-lucian-blaga-alba-invitat-david-cordea-instructor-de-sah-la-csm-unirea-alba-iulia\/","title":{"rendered":"Ast\u0103zi,ora 17:30 &#8222;\u0218ah &#8211; mat&#8221; la Biblioteca Jude\u021bean\u0103 &#8222;Lucian Blaga&#8221; Alba. Invitat David Cordea, instructor de \u0219ah la CSM Unirea Alba Iulia"},"content":{"rendered":"\n<p class=\"wp-block-paragraph\"><strong>Vineri, 4 septembrie 2026, la Biblioteca Jude\u021bean\u0103 \u201eLucian Blaga\u201d Alba sunt a\u0219tepta\u021bi to\u021bi pasiona\u021bii de \u0219ah, la un atelier coordonat de instructorul de \u0219ah David Cordea. <\/strong><\/p>\n\n\n\n<p class=\"wp-block-paragraph\">Atelierul se va desf\u0103\u0219ura \u00een cadrul proiectului 3.26 \u0218ah-mat!, acesta fiind g\u00e2ndit ca un proiect educativ de promovare a literaturii de specialitate \u0219i a fondului de carte asociat jocului de \u0219ah, implic\u00e2nd dup\u0103 caz unul sau mai mul\u021bi colaboratori sau parteneri.   <\/p>\n\n\n\n<p class=\"wp-block-paragraph\">Al\u0103turi de o expozi\u021bie ce con\u021bine o selec\u021bie de volume dedicate \u201esportului min\u021bii\u201d, \u00een gr\u0103dina de var\u0103 a Bibliotecii Jude\u021bene \u201eLucian Blaga\u201d Alba, \u00eentre orele 17.30 \u0219i 19.30, va avea loc un atelier, \u00een care participan\u021bii se pot confrunta pe tablele de \u0219ah cu David Cordea, instructor de \u0219ah la CSM Unirea Alba Iulia. <\/p>\n\n\n\n<p class=\"wp-block-paragraph\">La finalul activit\u0103\u021bii, cei care vor s\u0103 se perfec\u021bioneze \u00een jocul de \u0219ah pot \u00eemprumuta c\u0103r\u021bile din expozi\u021bia temporar\u0103 organizat\u0103 cu aceast\u0103 ocazie, Biblioteca Jude\u021bean\u0103 \u201eLucian Blaga\u201d Alba beneficiind de o important\u0103 dona\u021bie de carte cu exerci\u021bii de \u0219ah oferit\u0103 de Marius Cetera\u0219, maestru FIDE, antrenor \u0219i organizator de competi\u021bii de \u0219ah. <\/p>\n\n\n\n<p class=\"wp-block-paragraph\">Activitatea de vineri, 4 septembrie 2026, este organizat\u0103 de Consiliul Jude\u021bean Alba \u0219i Biblioteca Jude\u021bean\u0103 \u201eLucian Blaga\u201d Alba. Participarea la atelier nu implic\u0103 costuri ci doar dorin\u021ba de a juca \u0219ah, indiferent de v\u00e2rst\u0103 sau de experien\u021b\u0103. <\/p>\n\n\n\n<p class=\"wp-block-paragraph\">V\u0103 a\u0219tept\u0103m<\/p>\n\n\n\n<figure class=\"wp-block-image size-large\"><img loading=\"lazy\" decoding=\"async\" width=\"905\" height=\"1280\" src=\"https:\/\/urbeamea.ro\/albaiulia\/wp-content\/uploads\/2026\/09\/4579-905x1280.jpg\" alt=\"\" class=\"wp-image-123513\" srcset=\"https:\/\/urbeamea.ro\/albaiulia\/wp-content\/uploads\/2026\/09\/4579-905x1280.jpg 905w, https:\/\/urbeamea.ro\/albaiulia\/wp-content\/uploads\/2026\/09\/4579-452x640.jpg 452w, https:\/\/urbeamea.ro\/albaiulia\/wp-content\/uploads\/2026\/09\/4579-106x150.jpg 106w, https:\/\/urbeamea.ro\/albaiulia\/wp-content\/uploads\/2026\/09\/4579-768x1086.jpg 768w, https:\/\/urbeamea.ro\/albaiulia\/wp-content\/uploads\/2026\/09\/4579-1086x1536.jpg 1086w, https:\/\/urbeamea.ro\/albaiulia\/wp-content\/uploads\/2026\/09\/4579.jpg 1131w\" sizes=\"auto, (max-width: 905px) 100vw, 905px\" \/><\/figure>\n","protected":false},"excerpt":{"rendered":"<p>Vineri, 4 septembrie 2026, la Biblioteca Jude\u021bean\u0103 \u201eLucian Blaga\u201d Alba sunt a\u0219tepta\u021bi to\u021bi pasiona\u021bii de \u0219ah, la un atelier coordonat de instructorul de \u0219ah David Cordea. Atelierul se va desf\u0103\u0219ura \u00een cadrul proiectului 3.26 \u0218ah-mat!, acesta fiind g\u00e2ndit ca un proiect educativ de promovare a literaturii de specialitate \u0219i a fondului de carte asociat jocului &hellip;<\/p>\n","protected":false},"author":28,"featured_media":123513,"comment_status":"open","ping_status":"open","sticky":false,"template":"","format":"standard","meta":{"inline_featured_image":false,"footnotes":""},"categories":[23926,2039,4,2036,2034,1,16344],"tags":[25294,25655],"class_list":["post-123512","post","type-post","status-publish","format-standard","has-post-thumbnail","hentry","category-actualitate","category-educatie","category-eveniment","category-monden","category-social","category-stiri-urbane","category-urbea-mea","tag-biblioteca-judeteana-lucian-blaga-2","tag-sah-mat"],"yoast_head":"<!-- This site is optimized with the Yoast SEO plugin v28.3 - https:\/\/yoast.com\/product\/yoast-seo-wordpress\/ -->\n<title>Ast\u0103zi,ora 17:30 &quot;\u0218ah - mat&quot; la Biblioteca Jude\u021bean\u0103 &quot;Lucian Blaga&quot; Alba. Invitat David Cordea, instructor de \u0219ah la CSM Unirea Alba Iulia - Revista Urbea Mea - Revista de Alba<\/title>\n<meta name=\"description\" content=\"Vineri, 4 septembrie 2026, la Biblioteca Jude\u021bean\u0103 \u201eLucian Blaga\u201d Alba sunt a\u0219tepta\u021bi to\u021bi pasiona\u021bii de \u0219ah, la un atelier coordonat de instructorul de\" \/>\n<meta name=\"robots\" content=\"index, follow, max-snippet:-1, max-image-preview:large, max-video-preview:-1\" \/>\n<link rel=\"canonical\" href=\"https:\/\/urbeamea.ro\/albaiulia\/astaziora-1730-sah-mat-la-biblioteca-judeteana-lucian-blaga-alba-invitat-david-cordea-instructor-de-sah-la-csm-unirea-alba-iulia\/\" \/>\n<meta name=\"twitter:card\" content=\"summary_large_image\" \/>\n<meta name=\"twitter:title\" content=\"Ast\u0103zi,ora 17:30 &quot;\u0218ah - mat&quot; la Biblioteca Jude\u021bean\u0103 &quot;Lucian Blaga&quot; Alba. Invitat David Cordea, instructor de \u0219ah la CSM Unirea Alba Iulia - Revista Urbea Mea - Revista de Alba\" \/>\n<meta name=\"twitter:description\" content=\"Vineri, 4 septembrie 2026, la Biblioteca Jude\u021bean\u0103 \u201eLucian Blaga\u201d Alba sunt a\u0219tepta\u021bi to\u021bi pasiona\u021bii de \u0219ah, la un atelier coordonat de instructorul de\" \/>\n<meta name=\"twitter:image\" content=\"https:\/\/urbeamea.ro\/albaiulia\/wp-content\/uploads\/2026\/09\/4579.jpg\" \/>\n<meta name=\"twitter:creator\" content=\"@urbeameaweb\" \/>\n<meta name=\"twitter:site\" content=\"@urbeameaweb\" \/>\n<script type=\"application\/ld+json\" class=\"yoast-schema-graph\">{\"@context\":\"https:\\\/\\\/schema.org\",\"@graph\":[{\"@type\":\"Article\",\"@id\":\"https:\\\/\\\/urbeamea.ro\\\/albaiulia\\\/astaziora-1730-sah-mat-la-biblioteca-judeteana-lucian-blaga-alba-invitat-david-cordea-instructor-de-sah-la-csm-unirea-alba-iulia\\\/#article\",\"isPartOf\":{\"@id\":\"https:\\\/\\\/urbeamea.ro\\\/albaiulia\\\/astaziora-1730-sah-mat-la-biblioteca-judeteana-lucian-blaga-alba-invitat-david-cordea-instructor-de-sah-la-csm-unirea-alba-iulia\\\/\"},\"author\":{\"name\":\"Giurca Sorin\",\"@id\":\"https:\\\/\\\/urbeamea.ro\\\/albaiulia\\\/#\\\/schema\\\/person\\\/5db3854ac38c1cc9f0ab4092d6a20f02\"},\"headline\":\"Ast\u0103zi,ora 17:30 &#8222;\u0218ah &#8211; mat&#8221; la Biblioteca Jude\u021bean\u0103 &#8222;Lucian Blaga&#8221; Alba. Invitat David Cordea, instructor de \u0219ah la CSM Unirea Alba Iulia\",\"datePublished\":\"2026-09-04T04:56:44+00:00\",\"dateModified\":\"2026-09-04T04:56:46+00:00\",\"mainEntityOfPage\":{\"@id\":\"https:\\\/\\\/urbeamea.ro\\\/albaiulia\\\/astaziora-1730-sah-mat-la-biblioteca-judeteana-lucian-blaga-alba-invitat-david-cordea-instructor-de-sah-la-csm-unirea-alba-iulia\\\/\"},\"wordCount\":261,\"commentCount\":0,\"image\":{\"@id\":\"https:\\\/\\\/urbeamea.ro\\\/albaiulia\\\/astaziora-1730-sah-mat-la-biblioteca-judeteana-lucian-blaga-alba-invitat-david-cordea-instructor-de-sah-la-csm-unirea-alba-iulia\\\/#primaryimage\"},\"thumbnailUrl\":\"https:\\\/\\\/urbeamea.ro\\\/albaiulia\\\/wp-content\\\/uploads\\\/2026\\\/09\\\/4579.jpg\",\"keywords\":[\"Biblioteca Jude\u021bean\u0103 Lucian Blaga\",\"\u0218ah mat\"],\"articleSection\":[\"Actualitate\",\"Educa\u021bie\",\"Evenimente\",\"Monden\",\"Social\",\"\u015etiri Urbane\",\"Urbea Mea\"],\"inLanguage\":\"ro-RO\",\"potentialAction\":[{\"@type\":\"CommentAction\",\"name\":\"Comment\",\"target\":[\"https:\\\/\\\/urbeamea.ro\\\/albaiulia\\\/astaziora-1730-sah-mat-la-biblioteca-judeteana-lucian-blaga-alba-invitat-david-cordea-instructor-de-sah-la-csm-unirea-alba-iulia\\\/#respond\"]}]},{\"@type\":\"WebPage\",\"@id\":\"https:\\\/\\\/urbeamea.ro\\\/albaiulia\\\/astaziora-1730-sah-mat-la-biblioteca-judeteana-lucian-blaga-alba-invitat-david-cordea-instructor-de-sah-la-csm-unirea-alba-iulia\\\/\",\"url\":\"https:\\\/\\\/urbeamea.ro\\\/albaiulia\\\/astaziora-1730-sah-mat-la-biblioteca-judeteana-lucian-blaga-alba-invitat-david-cordea-instructor-de-sah-la-csm-unirea-alba-iulia\\\/\",\"name\":\"Ast\u0103zi,ora 17:30 \\\"\u0218ah - mat\\\" la Biblioteca Jude\u021bean\u0103 \\\"Lucian Blaga\\\" Alba. Invitat David Cordea, instructor de \u0219ah la CSM Unirea Alba Iulia - Revista Urbea Mea - Revista de Alba\",\"isPartOf\":{\"@id\":\"https:\\\/\\\/urbeamea.ro\\\/albaiulia\\\/#website\"},\"primaryImageOfPage\":{\"@id\":\"https:\\\/\\\/urbeamea.ro\\\/albaiulia\\\/astaziora-1730-sah-mat-la-biblioteca-judeteana-lucian-blaga-alba-invitat-david-cordea-instructor-de-sah-la-csm-unirea-alba-iulia\\\/#primaryimage\"},\"image\":{\"@id\":\"https:\\\/\\\/urbeamea.ro\\\/albaiulia\\\/astaziora-1730-sah-mat-la-biblioteca-judeteana-lucian-blaga-alba-invitat-david-cordea-instructor-de-sah-la-csm-unirea-alba-iulia\\\/#primaryimage\"},\"thumbnailUrl\":\"https:\\\/\\\/urbeamea.ro\\\/albaiulia\\\/wp-content\\\/uploads\\\/2026\\\/09\\\/4579.jpg\",\"datePublished\":\"2026-09-04T04:56:44+00:00\",\"dateModified\":\"2026-09-04T04:56:46+00:00\",\"author\":{\"@id\":\"https:\\\/\\\/urbeamea.ro\\\/albaiulia\\\/#\\\/schema\\\/person\\\/5db3854ac38c1cc9f0ab4092d6a20f02\"},\"description\":\"Vineri, 4 septembrie 2026, la Biblioteca Jude\u021bean\u0103 \u201eLucian Blaga\u201d Alba sunt a\u0219tepta\u021bi to\u021bi pasiona\u021bii de \u0219ah, la un atelier coordonat de instructorul de\",\"breadcrumb\":{\"@id\":\"https:\\\/\\\/urbeamea.ro\\\/albaiulia\\\/astaziora-1730-sah-mat-la-biblioteca-judeteana-lucian-blaga-alba-invitat-david-cordea-instructor-de-sah-la-csm-unirea-alba-iulia\\\/#breadcrumb\"},\"inLanguage\":\"ro-RO\",\"potentialAction\":[{\"@type\":\"ReadAction\",\"target\":[\"https:\\\/\\\/urbeamea.ro\\\/albaiulia\\\/astaziora-1730-sah-mat-la-biblioteca-judeteana-lucian-blaga-alba-invitat-david-cordea-instructor-de-sah-la-csm-unirea-alba-iulia\\\/\"]}]},{\"@type\":\"ImageObject\",\"inLanguage\":\"ro-RO\",\"@id\":\"https:\\\/\\\/urbeamea.ro\\\/albaiulia\\\/astaziora-1730-sah-mat-la-biblioteca-judeteana-lucian-blaga-alba-invitat-david-cordea-instructor-de-sah-la-csm-unirea-alba-iulia\\\/#primaryimage\",\"url\":\"https:\\\/\\\/urbeamea.ro\\\/albaiulia\\\/wp-content\\\/uploads\\\/2026\\\/09\\\/4579.jpg\",\"contentUrl\":\"https:\\\/\\\/urbeamea.ro\\\/albaiulia\\\/wp-content\\\/uploads\\\/2026\\\/09\\\/4579.jpg\",\"width\":1131,\"height\":1600},{\"@type\":\"BreadcrumbList\",\"@id\":\"https:\\\/\\\/urbeamea.ro\\\/albaiulia\\\/astaziora-1730-sah-mat-la-biblioteca-judeteana-lucian-blaga-alba-invitat-david-cordea-instructor-de-sah-la-csm-unirea-alba-iulia\\\/#breadcrumb\",\"itemListElement\":[{\"@type\":\"ListItem\",\"position\":1,\"name\":\"Prima pagin\u0103\",\"item\":\"https:\\\/\\\/urbeamea.ro\\\/albaiulia\\\/\"},{\"@type\":\"ListItem\",\"position\":2,\"name\":\"Ast\u0103zi,ora 17:30 &#8222;\u0218ah &#8211; mat&#8221; la Biblioteca Jude\u021bean\u0103 &#8222;Lucian Blaga&#8221; Alba. Invitat David Cordea, instructor de \u0219ah la CSM Unirea Alba Iulia\"}]},{\"@type\":\"WebSite\",\"@id\":\"https:\\\/\\\/urbeamea.ro\\\/albaiulia\\\/#website\",\"url\":\"https:\\\/\\\/urbeamea.ro\\\/albaiulia\\\/\",\"name\":\"Revista Urbea Mea, Stiri urbane\",\"description\":\"Evenimente \u0219i \u0219tiri din Alba Iulia, Sebe\u0219, Aiud, Blaj\",\"potentialAction\":[{\"@type\":\"SearchAction\",\"target\":{\"@type\":\"EntryPoint\",\"urlTemplate\":\"https:\\\/\\\/urbeamea.ro\\\/albaiulia\\\/?s={search_term_string}\"},\"query-input\":{\"@type\":\"PropertyValueSpecification\",\"valueRequired\":true,\"valueName\":\"search_term_string\"}}],\"inLanguage\":\"ro-RO\"},{\"@type\":\"Person\",\"@id\":\"https:\\\/\\\/urbeamea.ro\\\/albaiulia\\\/#\\\/schema\\\/person\\\/5db3854ac38c1cc9f0ab4092d6a20f02\",\"name\":\"Giurca Sorin\",\"image\":{\"@type\":\"ImageObject\",\"inLanguage\":\"ro-RO\",\"@id\":\"https:\\\/\\\/secure.gravatar.com\\\/avatar\\\/120f6fcae7b3b47a7730cb9943f612f4909f68ac5284b5f40ac1c4615fd70576?s=96&d=mm&r=g\",\"url\":\"https:\\\/\\\/secure.gravatar.com\\\/avatar\\\/120f6fcae7b3b47a7730cb9943f612f4909f68ac5284b5f40ac1c4615fd70576?s=96&d=mm&r=g\",\"contentUrl\":\"https:\\\/\\\/secure.gravatar.com\\\/avatar\\\/120f6fcae7b3b47a7730cb9943f612f4909f68ac5284b5f40ac1c4615fd70576?s=96&d=mm&r=g\",\"caption\":\"Giurca Sorin\"},\"url\":\"https:\\\/\\\/urbeamea.ro\\\/albaiulia\\\/author\\\/sorin\\\/\"}]}<\/script>\n<!-- \/ Yoast SEO plugin. -->","yoast_head_json":{"title":"Ast\u0103zi,ora 17:30 \"\u0218ah - mat\" la Biblioteca Jude\u021bean\u0103 \"Lucian Blaga\" Alba. Invitat David Cordea, instructor de \u0219ah la CSM Unirea Alba Iulia - Revista Urbea Mea - Revista de Alba","description":"Vineri, 4 septembrie 2026, la Biblioteca Jude\u021bean\u0103 \u201eLucian Blaga\u201d Alba sunt a\u0219tepta\u021bi to\u021bi pasiona\u021bii de \u0219ah, la un atelier coordonat de instructorul de","robots":{"index":"index","follow":"follow","max-snippet":"max-snippet:-1","max-image-preview":"max-image-preview:large","max-video-preview":"max-video-preview:-1"},"canonical":"https:\/\/urbeamea.ro\/albaiulia\/astaziora-1730-sah-mat-la-biblioteca-judeteana-lucian-blaga-alba-invitat-david-cordea-instructor-de-sah-la-csm-unirea-alba-iulia\/","twitter_card":"summary_large_image","twitter_title":"Ast\u0103zi,ora 17:30 \"\u0218ah - mat\" la Biblioteca Jude\u021bean\u0103 \"Lucian Blaga\" Alba. Invitat David Cordea, instructor de \u0219ah la CSM Unirea Alba Iulia - Revista Urbea Mea - Revista de Alba","twitter_description":"Vineri, 4 septembrie 2026, la Biblioteca Jude\u021bean\u0103 \u201eLucian Blaga\u201d Alba sunt a\u0219tepta\u021bi to\u021bi pasiona\u021bii de \u0219ah, la un atelier coordonat de instructorul de","twitter_image":"https:\/\/urbeamea.ro\/albaiulia\/wp-content\/uploads\/2026\/09\/4579.jpg","twitter_creator":"@urbeameaweb","twitter_site":"@urbeameaweb","schema":{"@context":"https:\/\/schema.org","@graph":[{"@type":"Article","@id":"https:\/\/urbeamea.ro\/albaiulia\/astaziora-1730-sah-mat-la-biblioteca-judeteana-lucian-blaga-alba-invitat-david-cordea-instructor-de-sah-la-csm-unirea-alba-iulia\/#article","isPartOf":{"@id":"https:\/\/urbeamea.ro\/albaiulia\/astaziora-1730-sah-mat-la-biblioteca-judeteana-lucian-blaga-alba-invitat-david-cordea-instructor-de-sah-la-csm-unirea-alba-iulia\/"},"author":{"name":"Giurca Sorin","@id":"https:\/\/urbeamea.ro\/albaiulia\/#\/schema\/person\/5db3854ac38c1cc9f0ab4092d6a20f02"},"headline":"Ast\u0103zi,ora 17:30 &#8222;\u0218ah &#8211; mat&#8221; la Biblioteca Jude\u021bean\u0103 &#8222;Lucian Blaga&#8221; Alba. Invitat David Cordea, instructor de \u0219ah la CSM Unirea Alba Iulia","datePublished":"2026-09-04T04:56:44+00:00","dateModified":"2026-09-04T04:56:46+00:00","mainEntityOfPage":{"@id":"https:\/\/urbeamea.ro\/albaiulia\/astaziora-1730-sah-mat-la-biblioteca-judeteana-lucian-blaga-alba-invitat-david-cordea-instructor-de-sah-la-csm-unirea-alba-iulia\/"},"wordCount":261,"commentCount":0,"image":{"@id":"https:\/\/urbeamea.ro\/albaiulia\/astaziora-1730-sah-mat-la-biblioteca-judeteana-lucian-blaga-alba-invitat-david-cordea-instructor-de-sah-la-csm-unirea-alba-iulia\/#primaryimage"},"thumbnailUrl":"https:\/\/urbeamea.ro\/albaiulia\/wp-content\/uploads\/2026\/09\/4579.jpg","keywords":["Biblioteca Jude\u021bean\u0103 Lucian Blaga","\u0218ah mat"],"articleSection":["Actualitate","Educa\u021bie","Evenimente","Monden","Social","\u015etiri Urbane","Urbea Mea"],"inLanguage":"ro-RO","potentialAction":[{"@type":"CommentAction","name":"Comment","target":["https:\/\/urbeamea.ro\/albaiulia\/astaziora-1730-sah-mat-la-biblioteca-judeteana-lucian-blaga-alba-invitat-david-cordea-instructor-de-sah-la-csm-unirea-alba-iulia\/#respond"]}]},{"@type":"WebPage","@id":"https:\/\/urbeamea.ro\/albaiulia\/astaziora-1730-sah-mat-la-biblioteca-judeteana-lucian-blaga-alba-invitat-david-cordea-instructor-de-sah-la-csm-unirea-alba-iulia\/","url":"https:\/\/urbeamea.ro\/albaiulia\/astaziora-1730-sah-mat-la-biblioteca-judeteana-lucian-blaga-alba-invitat-david-cordea-instructor-de-sah-la-csm-unirea-alba-iulia\/","name":"Ast\u0103zi,ora 17:30 \"\u0218ah - mat\" la Biblioteca Jude\u021bean\u0103 \"Lucian Blaga\" Alba. Invitat David Cordea, instructor de \u0219ah la CSM Unirea Alba Iulia - Revista Urbea Mea - Revista de Alba","isPartOf":{"@id":"https:\/\/urbeamea.ro\/albaiulia\/#website"},"primaryImageOfPage":{"@id":"https:\/\/urbeamea.ro\/albaiulia\/astaziora-1730-sah-mat-la-biblioteca-judeteana-lucian-blaga-alba-invitat-david-cordea-instructor-de-sah-la-csm-unirea-alba-iulia\/#primaryimage"},"image":{"@id":"https:\/\/urbeamea.ro\/albaiulia\/astaziora-1730-sah-mat-la-biblioteca-judeteana-lucian-blaga-alba-invitat-david-cordea-instructor-de-sah-la-csm-unirea-alba-iulia\/#primaryimage"},"thumbnailUrl":"https:\/\/urbeamea.ro\/albaiulia\/wp-content\/uploads\/2026\/09\/4579.jpg","datePublished":"2026-09-04T04:56:44+00:00","dateModified":"2026-09-04T04:56:46+00:00","author":{"@id":"https:\/\/urbeamea.ro\/albaiulia\/#\/schema\/person\/5db3854ac38c1cc9f0ab4092d6a20f02"},"description":"Vineri, 4 septembrie 2026, la Biblioteca Jude\u021bean\u0103 \u201eLucian Blaga\u201d Alba sunt a\u0219tepta\u021bi to\u021bi pasiona\u021bii de \u0219ah, la un atelier coordonat de instructorul de","breadcrumb":{"@id":"https:\/\/urbeamea.ro\/albaiulia\/astaziora-1730-sah-mat-la-biblioteca-judeteana-lucian-blaga-alba-invitat-david-cordea-instructor-de-sah-la-csm-unirea-alba-iulia\/#breadcrumb"},"inLanguage":"ro-RO","potentialAction":[{"@type":"ReadAction","target":["https:\/\/urbeamea.ro\/albaiulia\/astaziora-1730-sah-mat-la-biblioteca-judeteana-lucian-blaga-alba-invitat-david-cordea-instructor-de-sah-la-csm-unirea-alba-iulia\/"]}]},{"@type":"ImageObject","inLanguage":"ro-RO","@id":"https:\/\/urbeamea.ro\/albaiulia\/astaziora-1730-sah-mat-la-biblioteca-judeteana-lucian-blaga-alba-invitat-david-cordea-instructor-de-sah-la-csm-unirea-alba-iulia\/#primaryimage","url":"https:\/\/urbeamea.ro\/albaiulia\/wp-content\/uploads\/2026\/09\/4579.jpg","contentUrl":"https:\/\/urbeamea.ro\/albaiulia\/wp-content\/uploads\/2026\/09\/4579.jpg","width":1131,"height":1600},{"@type":"BreadcrumbList","@id":"https:\/\/urbeamea.ro\/albaiulia\/astaziora-1730-sah-mat-la-biblioteca-judeteana-lucian-blaga-alba-invitat-david-cordea-instructor-de-sah-la-csm-unirea-alba-iulia\/#breadcrumb","itemListElement":[{"@type":"ListItem","position":1,"name":"Prima pagin\u0103","item":"https:\/\/urbeamea.ro\/albaiulia\/"},{"@type":"ListItem","position":2,"name":"Ast\u0103zi,ora 17:30 &#8222;\u0218ah &#8211; mat&#8221; la Biblioteca Jude\u021bean\u0103 &#8222;Lucian Blaga&#8221; Alba. Invitat David Cordea, instructor de \u0219ah la CSM Unirea Alba Iulia"}]},{"@type":"WebSite","@id":"https:\/\/urbeamea.ro\/albaiulia\/#website","url":"https:\/\/urbeamea.ro\/albaiulia\/","name":"Revista Urbea Mea, Stiri urbane","description":"Evenimente \u0219i \u0219tiri din Alba Iulia, Sebe\u0219, Aiud, Blaj","potentialAction":[{"@type":"SearchAction","target":{"@type":"EntryPoint","urlTemplate":"https:\/\/urbeamea.ro\/albaiulia\/?s={search_term_string}"},"query-input":{"@type":"PropertyValueSpecification","valueRequired":true,"valueName":"search_term_string"}}],"inLanguage":"ro-RO"},{"@type":"Person","@id":"https:\/\/urbeamea.ro\/albaiulia\/#\/schema\/person\/5db3854ac38c1cc9f0ab4092d6a20f02","name":"Giurca Sorin","image":{"@type":"ImageObject","inLanguage":"ro-RO","@id":"https:\/\/secure.gravatar.com\/avatar\/120f6fcae7b3b47a7730cb9943f612f4909f68ac5284b5f40ac1c4615fd70576?s=96&d=mm&r=g","url":"https:\/\/secure.gravatar.com\/avatar\/120f6fcae7b3b47a7730cb9943f612f4909f68ac5284b5f40ac1c4615fd70576?s=96&d=mm&r=g","contentUrl":"https:\/\/secure.gravatar.com\/avatar\/120f6fcae7b3b47a7730cb9943f612f4909f68ac5284b5f40ac1c4615fd70576?s=96&d=mm&r=g","caption":"Giurca Sorin"},"url":"https:\/\/urbeamea.ro\/albaiulia\/author\/sorin\/"}]}},"_links":{"self":[{"href":"https:\/\/urbeamea.ro\/albaiulia\/wp-json\/wp\/v2\/posts\/123512","targetHints":{"allow":["GET"]}}],"collection":[{"href":"https:\/\/urbeamea.ro\/albaiulia\/wp-json\/wp\/v2\/posts"}],"about":[{"href":"https:\/\/urbeamea.ro\/albaiulia\/wp-json\/wp\/v2\/types\/post"}],"author":[{"embeddable":true,"href":"https:\/\/urbeamea.ro\/albaiulia\/wp-json\/wp\/v2\/users\/28"}],"replies":[{"embeddable":true,"href":"https:\/\/urbeamea.ro\/albaiulia\/wp-json\/wp\/v2\/comments?post=123512"}],"version-history":[{"count":1,"href":"https:\/\/urbeamea.ro\/albaiulia\/wp-json\/wp\/v2\/posts\/123512\/revisions"}],"predecessor-version":[{"id":123514,"href":"https:\/\/urbeamea.ro\/albaiulia\/wp-json\/wp\/v2\/posts\/123512\/revisions\/123514"}],"wp:featuredmedia":[{"embeddable":true,"href":"https:\/\/urbeamea.ro\/albaiulia\/wp-json\/wp\/v2\/media\/123513"}],"wp:attachment":[{"href":"https:\/\/urbeamea.ro\/albaiulia\/wp-json\/wp\/v2\/media?parent=123512"}],"wp:term":[{"taxonomy":"category","embeddable":true,"href":"https:\/\/urbeamea.ro\/albaiulia\/wp-json\/wp\/v2\/categories?post=123512"},{"taxonomy":"post_tag","embeddable":true,"href":"https:\/\/urbeamea.ro\/albaiulia\/wp-json\/wp\/v2\/tags?post=123512"}],"curies":[{"name":"wp","href":"https:\/\/api.w.org\/{rel}","templated":true}]}}