{"id":123522,"date":"2026-09-06T12:10:28","date_gmt":"2026-09-06T09:10:28","guid":{"rendered":"https:\/\/urbeamea.ro\/albaiulia\/?p=123522"},"modified":"2026-09-06T12:10:30","modified_gmt":"2026-09-06T09:10:30","slug":"miercuri-arta-actorului-povesti-animate-la-laboratorul-de-c-arte-teatru-de-la-biblioteca-judeteana-lucian-blaga","status":"publish","type":"post","link":"https:\/\/urbeamea.ro\/albaiulia\/miercuri-arta-actorului-povesti-animate-la-laboratorul-de-c-arte-teatru-de-la-biblioteca-judeteana-lucian-blaga\/","title":{"rendered":"Miercuri: &#8222;Arta actorului &#8211; pove\u0219ti animate&#8221;, la Laboratorul de C&#8217; Arte Teatru de la Biblioteca Jude\u021bean\u0103 Lucian Blaga"},"content":{"rendered":"\n<p class=\"wp-block-paragraph\"><strong>Activitatea din luna septembrie a proiectului 3.36 Laboratorul de C\u2032ArteTeatru va avea loc miercuri, 9 septembrie 2026, de la ora 16:00, la Biblioteca Jude\u021bean\u0103 \u201eLucian Blaga\u201d Alba. <\/strong><\/p>\n\n\n\n<p class=\"wp-block-paragraph\">Proiectul 3.36  Laboratorul de C\u2032ArteTeatru se desf\u0103\u0219oar\u0103 lunar sub forma unui atelier multiart, ce urm\u0103re\u0219te promovarea fondului de carte, \u00eencurajarea lecturii, promovarea scriitorilor \u0219i promovarea institu\u021bional\u0103, utiliz\u00e2nd forme de expresie teatral\u0103. <\/p>\n\n\n\n<p class=\"wp-block-paragraph\">Atelierul are loc \u00een colaborare cu unul sau mai mul\u021bi parteneri \u0219i colaboratori.\u00cen luna septembrie, atelierul va fi coordonat de actri\u021ba Ioana Bog\u0103\u021ban, manager al Teatrului de P\u0103pu\u0219i \u201ePrichindel\u201d din Alba Iulia \u0219i lector universitar doctor la Universitatea de Arte din T\u00e2rgu Mure\u0219. <\/p>\n\n\n\n<p class=\"wp-block-paragraph\">Tema abordat\u0103 de aceast\u0103 dat\u0103 va fi \u201eArta actorului \u2013 pove\u0219ti animate\u201d. Prin intermediul activit\u0103\u021bilor derulate, participan\u021bii vor deprinde tehnici de interpretare, de controlul vocii \u0219i al corpului \u0219i tehnici de anima\u021bie cum ar fi modul de m\u00e2nuire al p\u0103pu\u0219ilor. <\/p>\n\n\n\n<p class=\"wp-block-paragraph\">Activitatea se va \u00eencheia cu un exerci\u021biu de creare a unei pove\u0219ti animate pornind de la fabule scrise de La Fontaine, Esop sau de fabuli\u0219ti rom\u00e2ni.<\/p>\n\n\n\n<p class=\"wp-block-paragraph\"> Pentru acest exerci\u021biu se vor folosi marionete, p\u0103pu\u0219i muppets \u0219i p\u0103pu\u0219i bibabo (p\u0103pu\u0219i de m\u00e2n\u0103 sau m\u0103nu\u0219i-p\u0103pu\u0219i).<\/p>\n\n\n\n<p class=\"wp-block-paragraph\">La atelier pot participa to\u021bi iubitorii teatrului de anima\u021bie, participarea fiind gratuit\u0103. <\/p>\n\n\n\n<p class=\"wp-block-paragraph\">V\u0103 a\u0219tept\u0103m!<\/p>\n\n\n\n<figure class=\"wp-block-image size-large\"><img loading=\"lazy\" decoding=\"async\" width=\"906\" height=\"1280\" src=\"https:\/\/urbeamea.ro\/albaiulia\/wp-content\/uploads\/2026\/09\/5072-906x1280.jpg\" alt=\"\" class=\"wp-image-123523\" srcset=\"https:\/\/urbeamea.ro\/albaiulia\/wp-content\/uploads\/2026\/09\/5072-906x1280.jpg 906w, https:\/\/urbeamea.ro\/albaiulia\/wp-content\/uploads\/2026\/09\/5072-453x640.jpg 453w, https:\/\/urbeamea.ro\/albaiulia\/wp-content\/uploads\/2026\/09\/5072-106x150.jpg 106w, https:\/\/urbeamea.ro\/albaiulia\/wp-content\/uploads\/2026\/09\/5072-768x1085.jpg 768w, https:\/\/urbeamea.ro\/albaiulia\/wp-content\/uploads\/2026\/09\/5072-1087x1536.jpg 1087w, https:\/\/urbeamea.ro\/albaiulia\/wp-content\/uploads\/2026\/09\/5072.jpg 1449w\" sizes=\"auto, (max-width: 906px) 100vw, 906px\" \/><\/figure>\n","protected":false},"excerpt":{"rendered":"<p>Activitatea din luna septembrie a proiectului 3.36 Laboratorul de C\u2032ArteTeatru va avea loc miercuri, 9 septembrie 2026, de la ora 16:00, la Biblioteca Jude\u021bean\u0103 \u201eLucian Blaga\u201d Alba. Proiectul 3.36 Laboratorul de C\u2032ArteTeatru se desf\u0103\u0219oar\u0103 lunar sub forma unui atelier multiart, ce urm\u0103re\u0219te promovarea fondului de carte, \u00eencurajarea lecturii, promovarea scriitorilor \u0219i promovarea institu\u021bional\u0103, utiliz\u00e2nd forme &hellip;<\/p>\n","protected":false},"author":28,"featured_media":123523,"comment_status":"open","ping_status":"open","sticky":false,"template":"","format":"standard","meta":{"inline_featured_image":false,"footnotes":""},"categories":[23926,2038,4,2036,2034,1,61,16344],"tags":[25294,24498],"class_list":["post-123522","post","type-post","status-publish","format-standard","has-post-thumbnail","hentry","category-actualitate","category-cultura","category-eveniment","category-monden","category-social","category-stiri-urbane","category-turism","category-urbea-mea","tag-biblioteca-judeteana-lucian-blaga-2","tag-laboratorul-de-carte-teatru"],"yoast_head":"<!-- This site is optimized with the Yoast SEO plugin v28.3 - https:\/\/yoast.com\/product\/yoast-seo-wordpress\/ -->\n<title>Miercuri: &quot;Arta actorului - pove\u0219ti animate&quot;, la Laboratorul de C&#039; Arte Teatru de la Biblioteca Jude\u021bean\u0103 Lucian Blaga - Revista Urbea Mea - Revista de Alba<\/title>\n<meta name=\"description\" content=\"Activitatea din luna septembrie a proiectului 3.36 Laboratorul de C\u2032ArteTeatru va avea loc miercuri, 9 septembrie 2026, de la ora 16:00, la Biblioteca\" \/>\n<meta name=\"robots\" content=\"index, follow, max-snippet:-1, max-image-preview:large, max-video-preview:-1\" \/>\n<link rel=\"canonical\" href=\"https:\/\/urbeamea.ro\/albaiulia\/miercuri-arta-actorului-povesti-animate-la-laboratorul-de-c-arte-teatru-de-la-biblioteca-judeteana-lucian-blaga\/\" \/>\n<meta name=\"twitter:card\" content=\"summary_large_image\" \/>\n<meta name=\"twitter:title\" content=\"Miercuri: &quot;Arta actorului - pove\u0219ti animate&quot;, la Laboratorul de C&#039; Arte Teatru de la Biblioteca Jude\u021bean\u0103 Lucian Blaga - Revista Urbea Mea - Revista de Alba\" \/>\n<meta name=\"twitter:description\" content=\"Activitatea din luna septembrie a proiectului 3.36 Laboratorul de C\u2032ArteTeatru va avea loc miercuri, 9 septembrie 2026, de la ora 16:00, la Biblioteca\" \/>\n<meta name=\"twitter:image\" content=\"https:\/\/urbeamea.ro\/albaiulia\/wp-content\/uploads\/2026\/09\/5072.jpg\" \/>\n<meta name=\"twitter:creator\" content=\"@urbeameaweb\" \/>\n<meta name=\"twitter:site\" content=\"@urbeameaweb\" \/>\n<script type=\"application\/ld+json\" class=\"yoast-schema-graph\">{\"@context\":\"https:\\\/\\\/schema.org\",\"@graph\":[{\"@type\":\"Article\",\"@id\":\"https:\\\/\\\/urbeamea.ro\\\/albaiulia\\\/miercuri-arta-actorului-povesti-animate-la-laboratorul-de-c-arte-teatru-de-la-biblioteca-judeteana-lucian-blaga\\\/#article\",\"isPartOf\":{\"@id\":\"https:\\\/\\\/urbeamea.ro\\\/albaiulia\\\/miercuri-arta-actorului-povesti-animate-la-laboratorul-de-c-arte-teatru-de-la-biblioteca-judeteana-lucian-blaga\\\/\"},\"author\":{\"name\":\"Giurca Sorin\",\"@id\":\"https:\\\/\\\/urbeamea.ro\\\/albaiulia\\\/#\\\/schema\\\/person\\\/5db3854ac38c1cc9f0ab4092d6a20f02\"},\"headline\":\"Miercuri: &#8222;Arta actorului &#8211; pove\u0219ti animate&#8221;, la Laboratorul de C&#8217; Arte Teatru de la Biblioteca Jude\u021bean\u0103 Lucian Blaga\",\"datePublished\":\"2026-09-06T09:10:28+00:00\",\"dateModified\":\"2026-09-06T09:10:30+00:00\",\"mainEntityOfPage\":{\"@id\":\"https:\\\/\\\/urbeamea.ro\\\/albaiulia\\\/miercuri-arta-actorului-povesti-animate-la-laboratorul-de-c-arte-teatru-de-la-biblioteca-judeteana-lucian-blaga\\\/\"},\"wordCount\":254,\"commentCount\":0,\"image\":{\"@id\":\"https:\\\/\\\/urbeamea.ro\\\/albaiulia\\\/miercuri-arta-actorului-povesti-animate-la-laboratorul-de-c-arte-teatru-de-la-biblioteca-judeteana-lucian-blaga\\\/#primaryimage\"},\"thumbnailUrl\":\"https:\\\/\\\/urbeamea.ro\\\/albaiulia\\\/wp-content\\\/uploads\\\/2026\\\/09\\\/5072.jpg\",\"keywords\":[\"Biblioteca Jude\u021bean\u0103 Lucian Blaga\",\"laboratorul de c&#039;arte teatru\"],\"articleSection\":[\"Actualitate\",\"Cultur\u0103\",\"Evenimente\",\"Monden\",\"Social\",\"\u015etiri Urbane\",\"Turism \u0219i Ghidaj turistic\",\"Urbea Mea\"],\"inLanguage\":\"ro-RO\",\"potentialAction\":[{\"@type\":\"CommentAction\",\"name\":\"Comment\",\"target\":[\"https:\\\/\\\/urbeamea.ro\\\/albaiulia\\\/miercuri-arta-actorului-povesti-animate-la-laboratorul-de-c-arte-teatru-de-la-biblioteca-judeteana-lucian-blaga\\\/#respond\"]}]},{\"@type\":\"WebPage\",\"@id\":\"https:\\\/\\\/urbeamea.ro\\\/albaiulia\\\/miercuri-arta-actorului-povesti-animate-la-laboratorul-de-c-arte-teatru-de-la-biblioteca-judeteana-lucian-blaga\\\/\",\"url\":\"https:\\\/\\\/urbeamea.ro\\\/albaiulia\\\/miercuri-arta-actorului-povesti-animate-la-laboratorul-de-c-arte-teatru-de-la-biblioteca-judeteana-lucian-blaga\\\/\",\"name\":\"Miercuri: \\\"Arta actorului - pove\u0219ti animate\\\", la Laboratorul de C' Arte Teatru de la Biblioteca Jude\u021bean\u0103 Lucian Blaga - Revista Urbea Mea - Revista de Alba\",\"isPartOf\":{\"@id\":\"https:\\\/\\\/urbeamea.ro\\\/albaiulia\\\/#website\"},\"primaryImageOfPage\":{\"@id\":\"https:\\\/\\\/urbeamea.ro\\\/albaiulia\\\/miercuri-arta-actorului-povesti-animate-la-laboratorul-de-c-arte-teatru-de-la-biblioteca-judeteana-lucian-blaga\\\/#primaryimage\"},\"image\":{\"@id\":\"https:\\\/\\\/urbeamea.ro\\\/albaiulia\\\/miercuri-arta-actorului-povesti-animate-la-laboratorul-de-c-arte-teatru-de-la-biblioteca-judeteana-lucian-blaga\\\/#primaryimage\"},\"thumbnailUrl\":\"https:\\\/\\\/urbeamea.ro\\\/albaiulia\\\/wp-content\\\/uploads\\\/2026\\\/09\\\/5072.jpg\",\"datePublished\":\"2026-09-06T09:10:28+00:00\",\"dateModified\":\"2026-09-06T09:10:30+00:00\",\"author\":{\"@id\":\"https:\\\/\\\/urbeamea.ro\\\/albaiulia\\\/#\\\/schema\\\/person\\\/5db3854ac38c1cc9f0ab4092d6a20f02\"},\"description\":\"Activitatea din luna septembrie a proiectului 3.36 Laboratorul de C\u2032ArteTeatru va avea loc miercuri, 9 septembrie 2026, de la ora 16:00, la Biblioteca\",\"breadcrumb\":{\"@id\":\"https:\\\/\\\/urbeamea.ro\\\/albaiulia\\\/miercuri-arta-actorului-povesti-animate-la-laboratorul-de-c-arte-teatru-de-la-biblioteca-judeteana-lucian-blaga\\\/#breadcrumb\"},\"inLanguage\":\"ro-RO\",\"potentialAction\":[{\"@type\":\"ReadAction\",\"target\":[\"https:\\\/\\\/urbeamea.ro\\\/albaiulia\\\/miercuri-arta-actorului-povesti-animate-la-laboratorul-de-c-arte-teatru-de-la-biblioteca-judeteana-lucian-blaga\\\/\"]}]},{\"@type\":\"ImageObject\",\"inLanguage\":\"ro-RO\",\"@id\":\"https:\\\/\\\/urbeamea.ro\\\/albaiulia\\\/miercuri-arta-actorului-povesti-animate-la-laboratorul-de-c-arte-teatru-de-la-biblioteca-judeteana-lucian-blaga\\\/#primaryimage\",\"url\":\"https:\\\/\\\/urbeamea.ro\\\/albaiulia\\\/wp-content\\\/uploads\\\/2026\\\/09\\\/5072.jpg\",\"contentUrl\":\"https:\\\/\\\/urbeamea.ro\\\/albaiulia\\\/wp-content\\\/uploads\\\/2026\\\/09\\\/5072.jpg\",\"width\":1449,\"height\":2048},{\"@type\":\"BreadcrumbList\",\"@id\":\"https:\\\/\\\/urbeamea.ro\\\/albaiulia\\\/miercuri-arta-actorului-povesti-animate-la-laboratorul-de-c-arte-teatru-de-la-biblioteca-judeteana-lucian-blaga\\\/#breadcrumb\",\"itemListElement\":[{\"@type\":\"ListItem\",\"position\":1,\"name\":\"Prima pagin\u0103\",\"item\":\"https:\\\/\\\/urbeamea.ro\\\/albaiulia\\\/\"},{\"@type\":\"ListItem\",\"position\":2,\"name\":\"Miercuri: &#8222;Arta actorului &#8211; pove\u0219ti animate&#8221;, la Laboratorul de C&#8217; Arte Teatru de la Biblioteca Jude\u021bean\u0103 Lucian Blaga\"}]},{\"@type\":\"WebSite\",\"@id\":\"https:\\\/\\\/urbeamea.ro\\\/albaiulia\\\/#website\",\"url\":\"https:\\\/\\\/urbeamea.ro\\\/albaiulia\\\/\",\"name\":\"Revista Urbea Mea, Stiri urbane\",\"description\":\"Evenimente \u0219i \u0219tiri din Alba Iulia, Sebe\u0219, Aiud, Blaj\",\"potentialAction\":[{\"@type\":\"SearchAction\",\"target\":{\"@type\":\"EntryPoint\",\"urlTemplate\":\"https:\\\/\\\/urbeamea.ro\\\/albaiulia\\\/?s={search_term_string}\"},\"query-input\":{\"@type\":\"PropertyValueSpecification\",\"valueRequired\":true,\"valueName\":\"search_term_string\"}}],\"inLanguage\":\"ro-RO\"},{\"@type\":\"Person\",\"@id\":\"https:\\\/\\\/urbeamea.ro\\\/albaiulia\\\/#\\\/schema\\\/person\\\/5db3854ac38c1cc9f0ab4092d6a20f02\",\"name\":\"Giurca Sorin\",\"image\":{\"@type\":\"ImageObject\",\"inLanguage\":\"ro-RO\",\"@id\":\"https:\\\/\\\/secure.gravatar.com\\\/avatar\\\/120f6fcae7b3b47a7730cb9943f612f4909f68ac5284b5f40ac1c4615fd70576?s=96&d=mm&r=g\",\"url\":\"https:\\\/\\\/secure.gravatar.com\\\/avatar\\\/120f6fcae7b3b47a7730cb9943f612f4909f68ac5284b5f40ac1c4615fd70576?s=96&d=mm&r=g\",\"contentUrl\":\"https:\\\/\\\/secure.gravatar.com\\\/avatar\\\/120f6fcae7b3b47a7730cb9943f612f4909f68ac5284b5f40ac1c4615fd70576?s=96&d=mm&r=g\",\"caption\":\"Giurca Sorin\"},\"url\":\"https:\\\/\\\/urbeamea.ro\\\/albaiulia\\\/author\\\/sorin\\\/\"}]}<\/script>\n<!-- \/ Yoast SEO plugin. -->","yoast_head_json":{"title":"Miercuri: \"Arta actorului - pove\u0219ti animate\", la Laboratorul de C' Arte Teatru de la Biblioteca Jude\u021bean\u0103 Lucian Blaga - Revista Urbea Mea - Revista de Alba","description":"Activitatea din luna septembrie a proiectului 3.36 Laboratorul de C\u2032ArteTeatru va avea loc miercuri, 9 septembrie 2026, de la ora 16:00, la Biblioteca","robots":{"index":"index","follow":"follow","max-snippet":"max-snippet:-1","max-image-preview":"max-image-preview:large","max-video-preview":"max-video-preview:-1"},"canonical":"https:\/\/urbeamea.ro\/albaiulia\/miercuri-arta-actorului-povesti-animate-la-laboratorul-de-c-arte-teatru-de-la-biblioteca-judeteana-lucian-blaga\/","twitter_card":"summary_large_image","twitter_title":"Miercuri: \"Arta actorului - pove\u0219ti animate\", la Laboratorul de C' Arte Teatru de la Biblioteca Jude\u021bean\u0103 Lucian Blaga - Revista Urbea Mea - Revista de Alba","twitter_description":"Activitatea din luna septembrie a proiectului 3.36 Laboratorul de C\u2032ArteTeatru va avea loc miercuri, 9 septembrie 2026, de la ora 16:00, la Biblioteca","twitter_image":"https:\/\/urbeamea.ro\/albaiulia\/wp-content\/uploads\/2026\/09\/5072.jpg","twitter_creator":"@urbeameaweb","twitter_site":"@urbeameaweb","schema":{"@context":"https:\/\/schema.org","@graph":[{"@type":"Article","@id":"https:\/\/urbeamea.ro\/albaiulia\/miercuri-arta-actorului-povesti-animate-la-laboratorul-de-c-arte-teatru-de-la-biblioteca-judeteana-lucian-blaga\/#article","isPartOf":{"@id":"https:\/\/urbeamea.ro\/albaiulia\/miercuri-arta-actorului-povesti-animate-la-laboratorul-de-c-arte-teatru-de-la-biblioteca-judeteana-lucian-blaga\/"},"author":{"name":"Giurca Sorin","@id":"https:\/\/urbeamea.ro\/albaiulia\/#\/schema\/person\/5db3854ac38c1cc9f0ab4092d6a20f02"},"headline":"Miercuri: &#8222;Arta actorului &#8211; pove\u0219ti animate&#8221;, la Laboratorul de C&#8217; Arte Teatru de la Biblioteca Jude\u021bean\u0103 Lucian Blaga","datePublished":"2026-09-06T09:10:28+00:00","dateModified":"2026-09-06T09:10:30+00:00","mainEntityOfPage":{"@id":"https:\/\/urbeamea.ro\/albaiulia\/miercuri-arta-actorului-povesti-animate-la-laboratorul-de-c-arte-teatru-de-la-biblioteca-judeteana-lucian-blaga\/"},"wordCount":254,"commentCount":0,"image":{"@id":"https:\/\/urbeamea.ro\/albaiulia\/miercuri-arta-actorului-povesti-animate-la-laboratorul-de-c-arte-teatru-de-la-biblioteca-judeteana-lucian-blaga\/#primaryimage"},"thumbnailUrl":"https:\/\/urbeamea.ro\/albaiulia\/wp-content\/uploads\/2026\/09\/5072.jpg","keywords":["Biblioteca Jude\u021bean\u0103 Lucian Blaga","laboratorul de c&#039;arte teatru"],"articleSection":["Actualitate","Cultur\u0103","Evenimente","Monden","Social","\u015etiri Urbane","Turism \u0219i Ghidaj turistic","Urbea Mea"],"inLanguage":"ro-RO","potentialAction":[{"@type":"CommentAction","name":"Comment","target":["https:\/\/urbeamea.ro\/albaiulia\/miercuri-arta-actorului-povesti-animate-la-laboratorul-de-c-arte-teatru-de-la-biblioteca-judeteana-lucian-blaga\/#respond"]}]},{"@type":"WebPage","@id":"https:\/\/urbeamea.ro\/albaiulia\/miercuri-arta-actorului-povesti-animate-la-laboratorul-de-c-arte-teatru-de-la-biblioteca-judeteana-lucian-blaga\/","url":"https:\/\/urbeamea.ro\/albaiulia\/miercuri-arta-actorului-povesti-animate-la-laboratorul-de-c-arte-teatru-de-la-biblioteca-judeteana-lucian-blaga\/","name":"Miercuri: \"Arta actorului - pove\u0219ti animate\", la Laboratorul de C' Arte Teatru de la Biblioteca Jude\u021bean\u0103 Lucian Blaga - Revista Urbea Mea - Revista de Alba","isPartOf":{"@id":"https:\/\/urbeamea.ro\/albaiulia\/#website"},"primaryImageOfPage":{"@id":"https:\/\/urbeamea.ro\/albaiulia\/miercuri-arta-actorului-povesti-animate-la-laboratorul-de-c-arte-teatru-de-la-biblioteca-judeteana-lucian-blaga\/#primaryimage"},"image":{"@id":"https:\/\/urbeamea.ro\/albaiulia\/miercuri-arta-actorului-povesti-animate-la-laboratorul-de-c-arte-teatru-de-la-biblioteca-judeteana-lucian-blaga\/#primaryimage"},"thumbnailUrl":"https:\/\/urbeamea.ro\/albaiulia\/wp-content\/uploads\/2026\/09\/5072.jpg","datePublished":"2026-09-06T09:10:28+00:00","dateModified":"2026-09-06T09:10:30+00:00","author":{"@id":"https:\/\/urbeamea.ro\/albaiulia\/#\/schema\/person\/5db3854ac38c1cc9f0ab4092d6a20f02"},"description":"Activitatea din luna septembrie a proiectului 3.36 Laboratorul de C\u2032ArteTeatru va avea loc miercuri, 9 septembrie 2026, de la ora 16:00, la Biblioteca","breadcrumb":{"@id":"https:\/\/urbeamea.ro\/albaiulia\/miercuri-arta-actorului-povesti-animate-la-laboratorul-de-c-arte-teatru-de-la-biblioteca-judeteana-lucian-blaga\/#breadcrumb"},"inLanguage":"ro-RO","potentialAction":[{"@type":"ReadAction","target":["https:\/\/urbeamea.ro\/albaiulia\/miercuri-arta-actorului-povesti-animate-la-laboratorul-de-c-arte-teatru-de-la-biblioteca-judeteana-lucian-blaga\/"]}]},{"@type":"ImageObject","inLanguage":"ro-RO","@id":"https:\/\/urbeamea.ro\/albaiulia\/miercuri-arta-actorului-povesti-animate-la-laboratorul-de-c-arte-teatru-de-la-biblioteca-judeteana-lucian-blaga\/#primaryimage","url":"https:\/\/urbeamea.ro\/albaiulia\/wp-content\/uploads\/2026\/09\/5072.jpg","contentUrl":"https:\/\/urbeamea.ro\/albaiulia\/wp-content\/uploads\/2026\/09\/5072.jpg","width":1449,"height":2048},{"@type":"BreadcrumbList","@id":"https:\/\/urbeamea.ro\/albaiulia\/miercuri-arta-actorului-povesti-animate-la-laboratorul-de-c-arte-teatru-de-la-biblioteca-judeteana-lucian-blaga\/#breadcrumb","itemListElement":[{"@type":"ListItem","position":1,"name":"Prima pagin\u0103","item":"https:\/\/urbeamea.ro\/albaiulia\/"},{"@type":"ListItem","position":2,"name":"Miercuri: &#8222;Arta actorului &#8211; pove\u0219ti animate&#8221;, la Laboratorul de C&#8217; Arte Teatru de la Biblioteca Jude\u021bean\u0103 Lucian Blaga"}]},{"@type":"WebSite","@id":"https:\/\/urbeamea.ro\/albaiulia\/#website","url":"https:\/\/urbeamea.ro\/albaiulia\/","name":"Revista Urbea Mea, Stiri urbane","description":"Evenimente \u0219i \u0219tiri din Alba Iulia, Sebe\u0219, Aiud, Blaj","potentialAction":[{"@type":"SearchAction","target":{"@type":"EntryPoint","urlTemplate":"https:\/\/urbeamea.ro\/albaiulia\/?s={search_term_string}"},"query-input":{"@type":"PropertyValueSpecification","valueRequired":true,"valueName":"search_term_string"}}],"inLanguage":"ro-RO"},{"@type":"Person","@id":"https:\/\/urbeamea.ro\/albaiulia\/#\/schema\/person\/5db3854ac38c1cc9f0ab4092d6a20f02","name":"Giurca Sorin","image":{"@type":"ImageObject","inLanguage":"ro-RO","@id":"https:\/\/secure.gravatar.com\/avatar\/120f6fcae7b3b47a7730cb9943f612f4909f68ac5284b5f40ac1c4615fd70576?s=96&d=mm&r=g","url":"https:\/\/secure.gravatar.com\/avatar\/120f6fcae7b3b47a7730cb9943f612f4909f68ac5284b5f40ac1c4615fd70576?s=96&d=mm&r=g","contentUrl":"https:\/\/secure.gravatar.com\/avatar\/120f6fcae7b3b47a7730cb9943f612f4909f68ac5284b5f40ac1c4615fd70576?s=96&d=mm&r=g","caption":"Giurca Sorin"},"url":"https:\/\/urbeamea.ro\/albaiulia\/author\/sorin\/"}]}},"_links":{"self":[{"href":"https:\/\/urbeamea.ro\/albaiulia\/wp-json\/wp\/v2\/posts\/123522","targetHints":{"allow":["GET"]}}],"collection":[{"href":"https:\/\/urbeamea.ro\/albaiulia\/wp-json\/wp\/v2\/posts"}],"about":[{"href":"https:\/\/urbeamea.ro\/albaiulia\/wp-json\/wp\/v2\/types\/post"}],"author":[{"embeddable":true,"href":"https:\/\/urbeamea.ro\/albaiulia\/wp-json\/wp\/v2\/users\/28"}],"replies":[{"embeddable":true,"href":"https:\/\/urbeamea.ro\/albaiulia\/wp-json\/wp\/v2\/comments?post=123522"}],"version-history":[{"count":1,"href":"https:\/\/urbeamea.ro\/albaiulia\/wp-json\/wp\/v2\/posts\/123522\/revisions"}],"predecessor-version":[{"id":123524,"href":"https:\/\/urbeamea.ro\/albaiulia\/wp-json\/wp\/v2\/posts\/123522\/revisions\/123524"}],"wp:featuredmedia":[{"embeddable":true,"href":"https:\/\/urbeamea.ro\/albaiulia\/wp-json\/wp\/v2\/media\/123523"}],"wp:attachment":[{"href":"https:\/\/urbeamea.ro\/albaiulia\/wp-json\/wp\/v2\/media?parent=123522"}],"wp:term":[{"taxonomy":"category","embeddable":true,"href":"https:\/\/urbeamea.ro\/albaiulia\/wp-json\/wp\/v2\/categories?post=123522"},{"taxonomy":"post_tag","embeddable":true,"href":"https:\/\/urbeamea.ro\/albaiulia\/wp-json\/wp\/v2\/tags?post=123522"}],"curies":[{"name":"wp","href":"https:\/\/api.w.org\/{rel}","templated":true}]}}