{"id":12772,"date":"2015-11-23T11:08:25","date_gmt":"2015-11-23T09:08:25","guid":{"rendered":"http:\/\/urbeamea.ro\/albaiulia\/?p=12772"},"modified":"2015-11-23T11:13:00","modified_gmt":"2015-11-23T09:13:00","slug":"duminica-alba-mall-sarbatoreste-8-ani-noaptea-reducerilor-si-un-concert-live-alina-eremia","status":"publish","type":"post","link":"https:\/\/urbeamea.ro\/albaiulia\/duminica-alba-mall-sarbatoreste-8-ani-noaptea-reducerilor-si-un-concert-live-alina-eremia\/","title":{"rendered":"DUMINIC\u0102: Alba Mall s\u0103rb\u0103tore\u015fte 8 ani. Noaptea reducerilor \u015fi un concert live Alina Eremia"},"content":{"rendered":"<p><strong><a href=\"http:\/\/urbeamea.ro\/albaiulia\/wp-content\/uploads\/2015\/11\/concert.jpg\"><img loading=\"lazy\" decoding=\"async\" class=\"size-medium wp-image-12773 alignleft\" src=\"http:\/\/urbeamea.ro\/albaiulia\/wp-content\/uploads\/2015\/11\/concert-300x300.jpg\" alt=\"concert\" width=\"300\" height=\"300\" \/><\/a>Pe 29 noiembrie, Alba Mall aniverseaz\u0103 8 ani de la deschiderea complexului comercial. Albaiulienii \u015fi nu numai sunt asteptati la o sesiune de shopping f\u0103r\u0103 limite de timp \u015fi cu preturi \u201climitate\u201d. De asemenea, sunt preg\u0103tite concursuri fulger \u015fi un concert cu Alina Eremia.<\/strong><\/p>\n<p>\u00cen ceea ce privesc reducerile aplicate de magazinele din Alba Mall \u00een Noaptea Alb\u0103 a Reducerilor Aniversare, acestea pornesc de la 20% \u015fi pot ajunge chiar \u015fi p\u00e2n\u0103 la 70%.<\/p>\n<p>Alba Mall, cel mai mare complex comercial din Alba Iulia \u015fi-a deschis por\u0163ile pentru prima dat\u0103 \u00een anul 2007. Atunci, aproape 20 000 de oameni dornici s\u0103 vad\u0103, s\u0103 experimenteze, s\u0103 cumpere \u015fi s\u0103 se bucure de ceea ce s-a creat pentru ei au trecut pragul loca\u0163iei.<\/p>\n<p>G\u00e2ndit din start ca o construc\u0163ie atipic\u0103 fa\u0163\u0103 de centrele comerciale clasice, Alba Mall a fost creat ca un \u201cora\u015f \u00een ora\u015f\u201d, cu mini-str\u0103zi interioare, zone de promenad\u0103 sau pie\u0163e \u00een miniatura.<\/p>\n<p>Dup\u0103 primii 8 ani de via\u0163\u0103, Alba Mall r\u0103m\u00e2ne un spa\u0163iu de shopping preferat, dar \u015fi de socializare, un loc de \u00eent\u00e2lnire al prietenilor, \u00een care cump\u0103r\u0103turile se completeaz\u0103 cu relaxarea, iar distrac\u0163ia cu evenimentele de top.<\/p>\n","protected":false},"excerpt":{"rendered":"<p>Pe 29 noiembrie, Alba Mall aniverseaz\u0103 8 ani de la deschiderea complexului comercial. Albaiulienii \u015fi nu numai sunt asteptati la o sesiune de shopping f\u0103r\u0103 limite de timp \u015fi cu preturi \u201climitate\u201d. De asemenea, sunt preg\u0103tite concursuri fulger \u015fi un concert cu Alina Eremia. \u00cen ceea ce privesc reducerile aplicate de magazinele din Alba Mall &hellip;<\/p>\n","protected":false},"author":17,"featured_media":12773,"comment_status":"open","ping_status":"open","sticky":false,"template":"","format":"standard","meta":{"inline_featured_image":false,"footnotes":""},"categories":[4],"tags":[31,434,1140,357,775,614,1142,1144,1141,308,76],"class_list":["post-12772","post","type-post","status-publish","format-standard","has-post-thumbnail","hentry","category-eveniment","tag-alba-iulia","tag-alba-mall","tag-alina-eremia","tag-aniversare","tag-complex","tag-concert","tag-concursuri","tag-evenimente","tag-reduceri","tag-stiri","tag-urbea-mea"],"yoast_head":"<!-- This site is optimized with the Yoast SEO plugin v28.3 - https:\/\/yoast.com\/product\/yoast-seo-wordpress\/ -->\n<title>DUMINIC\u0102: Alba Mall s\u0103rb\u0103tore\u015fte 8 ani. Noaptea reducerilor \u015fi un concert live Alina Eremia - Revista Urbea Mea - Revista de Alba<\/title>\n<meta name=\"description\" content=\"Pe 29 noiembrie, Alba Mall aniverseaz\u0103 8 ani de la deschiderea complexului comercial. Albaiulienii \u015fi nu numai sunt asteptati la o sesiune de shopping\" \/>\n<meta name=\"robots\" content=\"index, follow, max-snippet:-1, max-image-preview:large, max-video-preview:-1\" \/>\n<link rel=\"canonical\" href=\"https:\/\/urbeamea.ro\/albaiulia\/duminica-alba-mall-sarbatoreste-8-ani-noaptea-reducerilor-si-un-concert-live-alina-eremia\/\" \/>\n<meta name=\"twitter:card\" content=\"summary_large_image\" \/>\n<meta name=\"twitter:title\" content=\"DUMINIC\u0102: Alba Mall s\u0103rb\u0103tore\u015fte 8 ani. Noaptea reducerilor \u015fi un concert live Alina Eremia - Revista Urbea Mea - Revista de Alba\" \/>\n<meta name=\"twitter:description\" content=\"Pe 29 noiembrie, Alba Mall aniverseaz\u0103 8 ani de la deschiderea complexului comercial. Albaiulienii \u015fi nu numai sunt asteptati la o sesiune de shopping\" \/>\n<meta name=\"twitter:image\" content=\"https:\/\/urbeamea.ro\/albaiulia\/wp-content\/uploads\/2015\/11\/concert.jpg\" \/>\n<meta name=\"twitter:creator\" content=\"@urbeameaweb\" \/>\n<meta name=\"twitter:site\" content=\"@urbeameaweb\" \/>\n<script type=\"application\/ld+json\" class=\"yoast-schema-graph\">{\"@context\":\"https:\\\/\\\/schema.org\",\"@graph\":[{\"@type\":\"Article\",\"@id\":\"https:\\\/\\\/urbeamea.ro\\\/albaiulia\\\/duminica-alba-mall-sarbatoreste-8-ani-noaptea-reducerilor-si-un-concert-live-alina-eremia\\\/#article\",\"isPartOf\":{\"@id\":\"https:\\\/\\\/urbeamea.ro\\\/albaiulia\\\/duminica-alba-mall-sarbatoreste-8-ani-noaptea-reducerilor-si-un-concert-live-alina-eremia\\\/\"},\"author\":{\"name\":\"Cristina Ganga\",\"@id\":\"https:\\\/\\\/urbeamea.ro\\\/albaiulia\\\/#\\\/schema\\\/person\\\/9700d21fae21c4f038b0b56f4506264a\"},\"headline\":\"DUMINIC\u0102: Alba Mall s\u0103rb\u0103tore\u015fte 8 ani. Noaptea reducerilor \u015fi un concert live Alina Eremia\",\"datePublished\":\"2015-11-23T09:08:25+00:00\",\"dateModified\":\"2015-11-23T09:13:00+00:00\",\"mainEntityOfPage\":{\"@id\":\"https:\\\/\\\/urbeamea.ro\\\/albaiulia\\\/duminica-alba-mall-sarbatoreste-8-ani-noaptea-reducerilor-si-un-concert-live-alina-eremia\\\/\"},\"wordCount\":214,\"commentCount\":0,\"image\":{\"@id\":\"https:\\\/\\\/urbeamea.ro\\\/albaiulia\\\/duminica-alba-mall-sarbatoreste-8-ani-noaptea-reducerilor-si-un-concert-live-alina-eremia\\\/#primaryimage\"},\"thumbnailUrl\":\"https:\\\/\\\/urbeamea.ro\\\/albaiulia\\\/wp-content\\\/uploads\\\/2015\\\/11\\\/concert.jpg\",\"keywords\":[\"Alba Iulia\",\"alba mall\",\"alina eremia\",\"aniversare\",\"complex\",\"concert\",\"concursuri\",\"evenimente\",\"reduceri\",\"stiri\",\"Urbea Mea\"],\"articleSection\":[\"Evenimente\"],\"inLanguage\":\"ro-RO\",\"potentialAction\":[{\"@type\":\"CommentAction\",\"name\":\"Comment\",\"target\":[\"https:\\\/\\\/urbeamea.ro\\\/albaiulia\\\/duminica-alba-mall-sarbatoreste-8-ani-noaptea-reducerilor-si-un-concert-live-alina-eremia\\\/#respond\"]}]},{\"@type\":\"WebPage\",\"@id\":\"https:\\\/\\\/urbeamea.ro\\\/albaiulia\\\/duminica-alba-mall-sarbatoreste-8-ani-noaptea-reducerilor-si-un-concert-live-alina-eremia\\\/\",\"url\":\"https:\\\/\\\/urbeamea.ro\\\/albaiulia\\\/duminica-alba-mall-sarbatoreste-8-ani-noaptea-reducerilor-si-un-concert-live-alina-eremia\\\/\",\"name\":\"DUMINIC\u0102: Alba Mall s\u0103rb\u0103tore\u015fte 8 ani. Noaptea reducerilor \u015fi un concert live Alina Eremia - Revista Urbea Mea - Revista de Alba\",\"isPartOf\":{\"@id\":\"https:\\\/\\\/urbeamea.ro\\\/albaiulia\\\/#website\"},\"primaryImageOfPage\":{\"@id\":\"https:\\\/\\\/urbeamea.ro\\\/albaiulia\\\/duminica-alba-mall-sarbatoreste-8-ani-noaptea-reducerilor-si-un-concert-live-alina-eremia\\\/#primaryimage\"},\"image\":{\"@id\":\"https:\\\/\\\/urbeamea.ro\\\/albaiulia\\\/duminica-alba-mall-sarbatoreste-8-ani-noaptea-reducerilor-si-un-concert-live-alina-eremia\\\/#primaryimage\"},\"thumbnailUrl\":\"https:\\\/\\\/urbeamea.ro\\\/albaiulia\\\/wp-content\\\/uploads\\\/2015\\\/11\\\/concert.jpg\",\"datePublished\":\"2015-11-23T09:08:25+00:00\",\"dateModified\":\"2015-11-23T09:13:00+00:00\",\"author\":{\"@id\":\"https:\\\/\\\/urbeamea.ro\\\/albaiulia\\\/#\\\/schema\\\/person\\\/9700d21fae21c4f038b0b56f4506264a\"},\"description\":\"Pe 29 noiembrie, Alba Mall aniverseaz\u0103 8 ani de la deschiderea complexului comercial. Albaiulienii \u015fi nu numai sunt asteptati la o sesiune de shopping\",\"breadcrumb\":{\"@id\":\"https:\\\/\\\/urbeamea.ro\\\/albaiulia\\\/duminica-alba-mall-sarbatoreste-8-ani-noaptea-reducerilor-si-un-concert-live-alina-eremia\\\/#breadcrumb\"},\"inLanguage\":\"ro-RO\",\"potentialAction\":[{\"@type\":\"ReadAction\",\"target\":[\"https:\\\/\\\/urbeamea.ro\\\/albaiulia\\\/duminica-alba-mall-sarbatoreste-8-ani-noaptea-reducerilor-si-un-concert-live-alina-eremia\\\/\"]}]},{\"@type\":\"ImageObject\",\"inLanguage\":\"ro-RO\",\"@id\":\"https:\\\/\\\/urbeamea.ro\\\/albaiulia\\\/duminica-alba-mall-sarbatoreste-8-ani-noaptea-reducerilor-si-un-concert-live-alina-eremia\\\/#primaryimage\",\"url\":\"https:\\\/\\\/urbeamea.ro\\\/albaiulia\\\/wp-content\\\/uploads\\\/2015\\\/11\\\/concert.jpg\",\"contentUrl\":\"https:\\\/\\\/urbeamea.ro\\\/albaiulia\\\/wp-content\\\/uploads\\\/2015\\\/11\\\/concert.jpg\",\"width\":851,\"height\":851},{\"@type\":\"BreadcrumbList\",\"@id\":\"https:\\\/\\\/urbeamea.ro\\\/albaiulia\\\/duminica-alba-mall-sarbatoreste-8-ani-noaptea-reducerilor-si-un-concert-live-alina-eremia\\\/#breadcrumb\",\"itemListElement\":[{\"@type\":\"ListItem\",\"position\":1,\"name\":\"Prima pagin\u0103\",\"item\":\"https:\\\/\\\/urbeamea.ro\\\/albaiulia\\\/\"},{\"@type\":\"ListItem\",\"position\":2,\"name\":\"DUMINIC\u0102: Alba Mall s\u0103rb\u0103tore\u015fte 8 ani. Noaptea reducerilor \u015fi un concert live Alina Eremia\"}]},{\"@type\":\"WebSite\",\"@id\":\"https:\\\/\\\/urbeamea.ro\\\/albaiulia\\\/#website\",\"url\":\"https:\\\/\\\/urbeamea.ro\\\/albaiulia\\\/\",\"name\":\"Revista Urbea Mea, Stiri urbane\",\"description\":\"Evenimente \u0219i \u0219tiri din Alba Iulia, Sebe\u0219, Aiud, Blaj\",\"potentialAction\":[{\"@type\":\"SearchAction\",\"target\":{\"@type\":\"EntryPoint\",\"urlTemplate\":\"https:\\\/\\\/urbeamea.ro\\\/albaiulia\\\/?s={search_term_string}\"},\"query-input\":{\"@type\":\"PropertyValueSpecification\",\"valueRequired\":true,\"valueName\":\"search_term_string\"}}],\"inLanguage\":\"ro-RO\"},{\"@type\":\"Person\",\"@id\":\"https:\\\/\\\/urbeamea.ro\\\/albaiulia\\\/#\\\/schema\\\/person\\\/9700d21fae21c4f038b0b56f4506264a\",\"name\":\"Cristina Ganga\",\"image\":{\"@type\":\"ImageObject\",\"inLanguage\":\"ro-RO\",\"@id\":\"https:\\\/\\\/secure.gravatar.com\\\/avatar\\\/5a67661041f057b4a8ccaf26f5a8e86e2689372006d01faf3dd9eeb10b654bb4?s=96&d=mm&r=g\",\"url\":\"https:\\\/\\\/secure.gravatar.com\\\/avatar\\\/5a67661041f057b4a8ccaf26f5a8e86e2689372006d01faf3dd9eeb10b654bb4?s=96&d=mm&r=g\",\"contentUrl\":\"https:\\\/\\\/secure.gravatar.com\\\/avatar\\\/5a67661041f057b4a8ccaf26f5a8e86e2689372006d01faf3dd9eeb10b654bb4?s=96&d=mm&r=g\",\"caption\":\"Cristina Ganga\"},\"description\":\"Jurnalist\",\"sameAs\":[\"https:\\\/\\\/www.facebook.com\\\/cristina.nicola.587\"],\"url\":\"https:\\\/\\\/urbeamea.ro\\\/albaiulia\\\/author\\\/cristina-nicola\\\/\"}]}<\/script>\n<!-- \/ Yoast SEO plugin. -->","yoast_head_json":{"title":"DUMINIC\u0102: Alba Mall s\u0103rb\u0103tore\u015fte 8 ani. Noaptea reducerilor \u015fi un concert live Alina Eremia - Revista Urbea Mea - Revista de Alba","description":"Pe 29 noiembrie, Alba Mall aniverseaz\u0103 8 ani de la deschiderea complexului comercial. Albaiulienii \u015fi nu numai sunt asteptati la o sesiune de shopping","robots":{"index":"index","follow":"follow","max-snippet":"max-snippet:-1","max-image-preview":"max-image-preview:large","max-video-preview":"max-video-preview:-1"},"canonical":"https:\/\/urbeamea.ro\/albaiulia\/duminica-alba-mall-sarbatoreste-8-ani-noaptea-reducerilor-si-un-concert-live-alina-eremia\/","twitter_card":"summary_large_image","twitter_title":"DUMINIC\u0102: Alba Mall s\u0103rb\u0103tore\u015fte 8 ani. Noaptea reducerilor \u015fi un concert live Alina Eremia - Revista Urbea Mea - Revista de Alba","twitter_description":"Pe 29 noiembrie, Alba Mall aniverseaz\u0103 8 ani de la deschiderea complexului comercial. Albaiulienii \u015fi nu numai sunt asteptati la o sesiune de shopping","twitter_image":"https:\/\/urbeamea.ro\/albaiulia\/wp-content\/uploads\/2015\/11\/concert.jpg","twitter_creator":"@urbeameaweb","twitter_site":"@urbeameaweb","schema":{"@context":"https:\/\/schema.org","@graph":[{"@type":"Article","@id":"https:\/\/urbeamea.ro\/albaiulia\/duminica-alba-mall-sarbatoreste-8-ani-noaptea-reducerilor-si-un-concert-live-alina-eremia\/#article","isPartOf":{"@id":"https:\/\/urbeamea.ro\/albaiulia\/duminica-alba-mall-sarbatoreste-8-ani-noaptea-reducerilor-si-un-concert-live-alina-eremia\/"},"author":{"name":"Cristina Ganga","@id":"https:\/\/urbeamea.ro\/albaiulia\/#\/schema\/person\/9700d21fae21c4f038b0b56f4506264a"},"headline":"DUMINIC\u0102: Alba Mall s\u0103rb\u0103tore\u015fte 8 ani. Noaptea reducerilor \u015fi un concert live Alina Eremia","datePublished":"2015-11-23T09:08:25+00:00","dateModified":"2015-11-23T09:13:00+00:00","mainEntityOfPage":{"@id":"https:\/\/urbeamea.ro\/albaiulia\/duminica-alba-mall-sarbatoreste-8-ani-noaptea-reducerilor-si-un-concert-live-alina-eremia\/"},"wordCount":214,"commentCount":0,"image":{"@id":"https:\/\/urbeamea.ro\/albaiulia\/duminica-alba-mall-sarbatoreste-8-ani-noaptea-reducerilor-si-un-concert-live-alina-eremia\/#primaryimage"},"thumbnailUrl":"https:\/\/urbeamea.ro\/albaiulia\/wp-content\/uploads\/2015\/11\/concert.jpg","keywords":["Alba Iulia","alba mall","alina eremia","aniversare","complex","concert","concursuri","evenimente","reduceri","stiri","Urbea Mea"],"articleSection":["Evenimente"],"inLanguage":"ro-RO","potentialAction":[{"@type":"CommentAction","name":"Comment","target":["https:\/\/urbeamea.ro\/albaiulia\/duminica-alba-mall-sarbatoreste-8-ani-noaptea-reducerilor-si-un-concert-live-alina-eremia\/#respond"]}]},{"@type":"WebPage","@id":"https:\/\/urbeamea.ro\/albaiulia\/duminica-alba-mall-sarbatoreste-8-ani-noaptea-reducerilor-si-un-concert-live-alina-eremia\/","url":"https:\/\/urbeamea.ro\/albaiulia\/duminica-alba-mall-sarbatoreste-8-ani-noaptea-reducerilor-si-un-concert-live-alina-eremia\/","name":"DUMINIC\u0102: Alba Mall s\u0103rb\u0103tore\u015fte 8 ani. Noaptea reducerilor \u015fi un concert live Alina Eremia - Revista Urbea Mea - Revista de Alba","isPartOf":{"@id":"https:\/\/urbeamea.ro\/albaiulia\/#website"},"primaryImageOfPage":{"@id":"https:\/\/urbeamea.ro\/albaiulia\/duminica-alba-mall-sarbatoreste-8-ani-noaptea-reducerilor-si-un-concert-live-alina-eremia\/#primaryimage"},"image":{"@id":"https:\/\/urbeamea.ro\/albaiulia\/duminica-alba-mall-sarbatoreste-8-ani-noaptea-reducerilor-si-un-concert-live-alina-eremia\/#primaryimage"},"thumbnailUrl":"https:\/\/urbeamea.ro\/albaiulia\/wp-content\/uploads\/2015\/11\/concert.jpg","datePublished":"2015-11-23T09:08:25+00:00","dateModified":"2015-11-23T09:13:00+00:00","author":{"@id":"https:\/\/urbeamea.ro\/albaiulia\/#\/schema\/person\/9700d21fae21c4f038b0b56f4506264a"},"description":"Pe 29 noiembrie, Alba Mall aniverseaz\u0103 8 ani de la deschiderea complexului comercial. Albaiulienii \u015fi nu numai sunt asteptati la o sesiune de shopping","breadcrumb":{"@id":"https:\/\/urbeamea.ro\/albaiulia\/duminica-alba-mall-sarbatoreste-8-ani-noaptea-reducerilor-si-un-concert-live-alina-eremia\/#breadcrumb"},"inLanguage":"ro-RO","potentialAction":[{"@type":"ReadAction","target":["https:\/\/urbeamea.ro\/albaiulia\/duminica-alba-mall-sarbatoreste-8-ani-noaptea-reducerilor-si-un-concert-live-alina-eremia\/"]}]},{"@type":"ImageObject","inLanguage":"ro-RO","@id":"https:\/\/urbeamea.ro\/albaiulia\/duminica-alba-mall-sarbatoreste-8-ani-noaptea-reducerilor-si-un-concert-live-alina-eremia\/#primaryimage","url":"https:\/\/urbeamea.ro\/albaiulia\/wp-content\/uploads\/2015\/11\/concert.jpg","contentUrl":"https:\/\/urbeamea.ro\/albaiulia\/wp-content\/uploads\/2015\/11\/concert.jpg","width":851,"height":851},{"@type":"BreadcrumbList","@id":"https:\/\/urbeamea.ro\/albaiulia\/duminica-alba-mall-sarbatoreste-8-ani-noaptea-reducerilor-si-un-concert-live-alina-eremia\/#breadcrumb","itemListElement":[{"@type":"ListItem","position":1,"name":"Prima pagin\u0103","item":"https:\/\/urbeamea.ro\/albaiulia\/"},{"@type":"ListItem","position":2,"name":"DUMINIC\u0102: Alba Mall s\u0103rb\u0103tore\u015fte 8 ani. Noaptea reducerilor \u015fi un concert live Alina Eremia"}]},{"@type":"WebSite","@id":"https:\/\/urbeamea.ro\/albaiulia\/#website","url":"https:\/\/urbeamea.ro\/albaiulia\/","name":"Revista Urbea Mea, Stiri urbane","description":"Evenimente \u0219i \u0219tiri din Alba Iulia, Sebe\u0219, Aiud, Blaj","potentialAction":[{"@type":"SearchAction","target":{"@type":"EntryPoint","urlTemplate":"https:\/\/urbeamea.ro\/albaiulia\/?s={search_term_string}"},"query-input":{"@type":"PropertyValueSpecification","valueRequired":true,"valueName":"search_term_string"}}],"inLanguage":"ro-RO"},{"@type":"Person","@id":"https:\/\/urbeamea.ro\/albaiulia\/#\/schema\/person\/9700d21fae21c4f038b0b56f4506264a","name":"Cristina Ganga","image":{"@type":"ImageObject","inLanguage":"ro-RO","@id":"https:\/\/secure.gravatar.com\/avatar\/5a67661041f057b4a8ccaf26f5a8e86e2689372006d01faf3dd9eeb10b654bb4?s=96&d=mm&r=g","url":"https:\/\/secure.gravatar.com\/avatar\/5a67661041f057b4a8ccaf26f5a8e86e2689372006d01faf3dd9eeb10b654bb4?s=96&d=mm&r=g","contentUrl":"https:\/\/secure.gravatar.com\/avatar\/5a67661041f057b4a8ccaf26f5a8e86e2689372006d01faf3dd9eeb10b654bb4?s=96&d=mm&r=g","caption":"Cristina Ganga"},"description":"Jurnalist","sameAs":["https:\/\/www.facebook.com\/cristina.nicola.587"],"url":"https:\/\/urbeamea.ro\/albaiulia\/author\/cristina-nicola\/"}]}},"_links":{"self":[{"href":"https:\/\/urbeamea.ro\/albaiulia\/wp-json\/wp\/v2\/posts\/12772","targetHints":{"allow":["GET"]}}],"collection":[{"href":"https:\/\/urbeamea.ro\/albaiulia\/wp-json\/wp\/v2\/posts"}],"about":[{"href":"https:\/\/urbeamea.ro\/albaiulia\/wp-json\/wp\/v2\/types\/post"}],"author":[{"embeddable":true,"href":"https:\/\/urbeamea.ro\/albaiulia\/wp-json\/wp\/v2\/users\/17"}],"replies":[{"embeddable":true,"href":"https:\/\/urbeamea.ro\/albaiulia\/wp-json\/wp\/v2\/comments?post=12772"}],"version-history":[{"count":0,"href":"https:\/\/urbeamea.ro\/albaiulia\/wp-json\/wp\/v2\/posts\/12772\/revisions"}],"wp:featuredmedia":[{"embeddable":true,"href":"https:\/\/urbeamea.ro\/albaiulia\/wp-json\/wp\/v2\/media\/12773"}],"wp:attachment":[{"href":"https:\/\/urbeamea.ro\/albaiulia\/wp-json\/wp\/v2\/media?parent=12772"}],"wp:term":[{"taxonomy":"category","embeddable":true,"href":"https:\/\/urbeamea.ro\/albaiulia\/wp-json\/wp\/v2\/categories?post=12772"},{"taxonomy":"post_tag","embeddable":true,"href":"https:\/\/urbeamea.ro\/albaiulia\/wp-json\/wp\/v2\/tags?post=12772"}],"curies":[{"name":"wp","href":"https:\/\/api.w.org\/{rel}","templated":true}]}}