{"id":12863,"date":"2015-11-25T12:51:49","date_gmt":"2015-11-25T10:51:49","guid":{"rendered":"http:\/\/urbeamea.ro\/albaiulia\/?p=12863"},"modified":"2016-01-18T18:19:11","modified_gmt":"2016-01-18T16:19:11","slug":"joi-excelenta-sub-doua-flamuri-colectie-de-obiecte-ale-generalului-danila-papp-expusa-la-sala-unirii-din-alba-iulia","status":"publish","type":"post","link":"https:\/\/urbeamea.ro\/albaiulia\/joi-excelenta-sub-doua-flamuri-colectie-de-obiecte-ale-generalului-danila-papp-expusa-la-sala-unirii-din-alba-iulia\/","title":{"rendered":"JOI: \u201cExcelen\u0163\u0103 sub dou\u0103 flamuri\u201d, colec\u0163ie de obiecte ale generalului D\u0103nil\u0103 Papp, expus\u0103 la Sala Unirii din Alba Iulia"},"content":{"rendered":"<p><strong><a href=\"http:\/\/urbeamea.ro\/albaiulia\/wp-content\/uploads\/2015\/11\/afis1.jpg\"><img loading=\"lazy\" decoding=\"async\" class=\"size-medium wp-image-12864 alignleft\" src=\"http:\/\/urbeamea.ro\/albaiulia\/wp-content\/uploads\/2015\/11\/afis1-211x300.jpg\" alt=\"afis\" width=\"211\" height=\"300\" \/><\/a>Joi, 26 noiembrie, la Sala Unirii va fi prezentat\u0103, de la ora 12.00, expozi\u0163ia \u201cExcelen\u0163\u0103 sub dou\u0103 flamuri: D\u0103nil\u0103 Papp (1867-1950)\u201d. Va fi expus\u0103 o valoroas\u0103 colec\u0163ie de obiecte personale, documente \u015fi decora\u0163ii ale generalui D\u0103nil\u0103 Papp, o personalitate mai pu\u0163in cunoscut\u0103, dar ata\u015fat\u0103 istoriei ora\u015fului Alba Iulia.<\/strong><\/p>\n<p>D\u0103nil\u0103 Papp s-a n\u0103scut \u00een 1868 \u00een comuna Aciuva (jud. Zarand). A urmat cursurile Academiei Militare \u015fi \u015ecolii Superioare de geniu din Viena. Primul R\u0103zboi Mondial \u00eel g\u0103se\u015fte cu garnizoana la Trento, de unde este trimis \u00een Gali\u0163ia pentru a conduce lucr\u0103rile de fortifica\u0163ii de acolo. \u00cen lipsa unui general de divizie, maiorul D\u0103nil\u0103 Papp reu\u015fe\u015fte cu succes s\u0103 apere capul de pod de la Sieniava. Este decorat, printre cei dint\u00e2i din Imperiul austro-ungar cu ordinul \u201eCoroana de Aur\u201d.<\/p>\n<p>\u00cen ianuarie 1915 a primit comanda grupului maiorului Fischer (compus din 7 batalioane), care ajuns sub comanda sa, a f\u0103cut minuni de vitejie \u00een Bucovina. Dezmembrarea armatei asutriece \u00eel g\u0103se\u015fte pe frontul italian. \u00cen 1918 este numit \u00een Consiliul Dirigent \u015fi \u00eenaintat la gradul de general \u015fi \u015fef de Stat Major al generalului Boeriu. Din 1923, prin \u00eenaltul Decret Nr. 1435 din 31 martie a fost \u00eenaintat la gradul de General de divizie \u015fi numit Comandant al Corpului I Armat\u0103 din Craiova, iar la 1 aprilie 1924 preia comanda Corpului VI Armat\u0103 din Cluj.<\/p>\n<p>Dup\u0103 promulgarea de c\u0103tre regele Carol al II-lea a legii administrative din 13 august 1938, prin care teritoriul Rom\u00e2niei era \u00eemp\u0103r\u0163it \u00een \u0163inuturi, <strong>generalul Papp este numit rezident al \u0162inutului Mure\u015f, cu re\u015fedin\u0163a \u00een Alba Iulia<\/strong>. Se implic\u0103 activ \u00een dezvoltarea ora\u015fului \u015fi \u00een <strong>organizarea la Alba Iulia a unui muzeu reprezentativ<\/strong>, prin sus\u0163inerea depozit\u0103rii aici a numeroase piese \u015fi documente valoroase. Dup\u0103 desfiin\u0163area \u0163inuturilor, la 1 august 1941 generalul D\u0103nil\u0103 Papp este numit <strong>ministru plenipoten\u0163iar pe l\u00e2ng\u0103 Vatican<\/strong>, p\u00e2n\u0103 la 23 august 1944 c\u00e2nd a fost rechemat \u00een \u0163ar\u0103.<\/p>\n<p>Trecut de c\u0103tre comuni\u015fti \u00een r\u00e2ndul \u201edu\u015fmanilor poporului\u201d \u015fi privat de o serie de drepturi, a fost \u015fters din registrele de pensionari pentru c\u0103 \u201ea contribuit la men\u0163inerea \u015fi sprijinirea regimului fascist dictatorial \u00een \u0163ar\u0103\u201d. \u00cen urma declara\u0163iilor unora dintre prietenii \u015fi fo\u015ftii s\u0103i colaboratori care invocau onestitatea generalului Papp, autorit\u0103\u0163ile comuniste au revocat decizia de anulare a pensiei. A murit \u00een anul 1950 la 82 de ani, fiind \u00eenmorm\u00e2ntat la Sibiu.<\/p>\n<p>Expozi\u0163ia organizat\u0103 de Consiliul Jude\u021bean Alba, Prim\u0103ria Municipiului Alba Iulia, Direc\u021bia Jude\u021bean\u0103 pentru Cultur\u0103 Alba \u0219i Muzeul Na\u021bional al Unirii Alba Iulia va fi deschis\u0103 \u00een perioada 26 noiembrie 2015 \u2013 26 februarie 2016.<\/p>\n","protected":false},"excerpt":{"rendered":"<p>Joi, 26 noiembrie, la Sala Unirii va fi prezentat\u0103, de la ora 12.00, expozi\u0163ia \u201cExcelen\u0163\u0103 sub dou\u0103 flamuri: D\u0103nil\u0103 Papp (1867-1950)\u201d. Va fi expus\u0103 o valoroas\u0103 colec\u0163ie de obiecte personale, documente \u015fi decora\u0163ii ale generalui D\u0103nil\u0103 Papp, o personalitate mai pu\u0163in cunoscut\u0103, dar ata\u015fat\u0103 istoriei ora\u015fului Alba Iulia. D\u0103nil\u0103 Papp s-a n\u0103scut \u00een 1868 \u00een &hellip;<\/p>\n","protected":false},"author":17,"featured_media":12864,"comment_status":"open","ping_status":"open","sticky":false,"template":"","format":"standard","meta":{"inline_featured_image":false,"footnotes":""},"categories":[2038],"tags":[1193,1190,417,1192,1191,308,76],"class_list":["post-12863","post","type-post","status-publish","format-standard","has-post-thumbnail","hentry","category-cultura","tag-excelenta-sub-doua-flamuri-danila-papp-1867-1950","tag-danila-papp","tag-expozitie","tag-personalitate","tag-sala-unirii","tag-stiri","tag-urbea-mea"],"yoast_head":"<!-- This site is optimized with the Yoast SEO plugin v27.4 - https:\/\/yoast.com\/product\/yoast-seo-wordpress\/ -->\n<title>JOI: \u201cExcelen\u0163\u0103 sub dou\u0103 flamuri\u201d, colec\u0163ie de obiecte ale generalului D\u0103nil\u0103 Papp, expus\u0103 la Sala Unirii din Alba Iulia - Revista Urbea Mea - Revista de Alba<\/title>\n<meta name=\"description\" content=\"Joi, 26 noiembrie, la Sala Unirii va fi prezentat\u0103, de la ora 12.00, expozi\u0163ia \u201cExcelen\u0163\u0103 sub dou\u0103 flamuri: D\u0103nil\u0103 Papp (1867-1950)\u201d. Va fi expus\u0103 o\" \/>\n<meta name=\"robots\" content=\"index, follow, max-snippet:-1, max-image-preview:large, max-video-preview:-1\" \/>\n<link rel=\"canonical\" href=\"https:\/\/urbeamea.ro\/albaiulia\/joi-excelenta-sub-doua-flamuri-colectie-de-obiecte-ale-generalului-danila-papp-expusa-la-sala-unirii-din-alba-iulia\/\" \/>\n<meta name=\"twitter:card\" content=\"summary_large_image\" \/>\n<meta name=\"twitter:title\" content=\"JOI: \u201cExcelen\u0163\u0103 sub dou\u0103 flamuri\u201d, colec\u0163ie de obiecte ale generalului D\u0103nil\u0103 Papp, expus\u0103 la Sala Unirii din Alba Iulia - Revista Urbea Mea - Revista de Alba\" \/>\n<meta name=\"twitter:description\" content=\"Joi, 26 noiembrie, la Sala Unirii va fi prezentat\u0103, de la ora 12.00, expozi\u0163ia \u201cExcelen\u0163\u0103 sub dou\u0103 flamuri: D\u0103nil\u0103 Papp (1867-1950)\u201d. Va fi expus\u0103 o\" \/>\n<meta name=\"twitter:image\" content=\"https:\/\/urbeamea.ro\/albaiulia\/wp-content\/uploads\/2015\/11\/afis1.jpg\" \/>\n<meta name=\"twitter:creator\" content=\"@urbeameaweb\" \/>\n<meta name=\"twitter:site\" content=\"@urbeameaweb\" \/>\n<script type=\"application\/ld+json\" class=\"yoast-schema-graph\">{\"@context\":\"https:\\\/\\\/schema.org\",\"@graph\":[{\"@type\":\"Article\",\"@id\":\"https:\\\/\\\/urbeamea.ro\\\/albaiulia\\\/joi-excelenta-sub-doua-flamuri-colectie-de-obiecte-ale-generalului-danila-papp-expusa-la-sala-unirii-din-alba-iulia\\\/#article\",\"isPartOf\":{\"@id\":\"https:\\\/\\\/urbeamea.ro\\\/albaiulia\\\/joi-excelenta-sub-doua-flamuri-colectie-de-obiecte-ale-generalului-danila-papp-expusa-la-sala-unirii-din-alba-iulia\\\/\"},\"author\":{\"name\":\"Cristina Ganga\",\"@id\":\"https:\\\/\\\/urbeamea.ro\\\/albaiulia\\\/#\\\/schema\\\/person\\\/9700d21fae21c4f038b0b56f4506264a\"},\"headline\":\"JOI: \u201cExcelen\u0163\u0103 sub dou\u0103 flamuri\u201d, colec\u0163ie de obiecte ale generalului D\u0103nil\u0103 Papp, expus\u0103 la Sala Unirii din Alba Iulia\",\"datePublished\":\"2015-11-25T10:51:49+00:00\",\"dateModified\":\"2016-01-18T16:19:11+00:00\",\"mainEntityOfPage\":{\"@id\":\"https:\\\/\\\/urbeamea.ro\\\/albaiulia\\\/joi-excelenta-sub-doua-flamuri-colectie-de-obiecte-ale-generalului-danila-papp-expusa-la-sala-unirii-din-alba-iulia\\\/\"},\"wordCount\":468,\"commentCount\":0,\"image\":{\"@id\":\"https:\\\/\\\/urbeamea.ro\\\/albaiulia\\\/joi-excelenta-sub-doua-flamuri-colectie-de-obiecte-ale-generalului-danila-papp-expusa-la-sala-unirii-din-alba-iulia\\\/#primaryimage\"},\"thumbnailUrl\":\"https:\\\/\\\/urbeamea.ro\\\/albaiulia\\\/wp-content\\\/uploads\\\/2015\\\/11\\\/afis1.jpg\",\"keywords\":[\"\u201cExcelen\u0163\u0103 sub dou\u0103 flamuri: D\u0103nil\u0103 Papp (1867-1950)\u201d\",\"danila papp\",\"expozitie\",\"personalitate\",\"sala unirii\",\"stiri\",\"Urbea Mea\"],\"articleSection\":[\"Cultur\u0103\"],\"inLanguage\":\"ro-RO\",\"potentialAction\":[{\"@type\":\"CommentAction\",\"name\":\"Comment\",\"target\":[\"https:\\\/\\\/urbeamea.ro\\\/albaiulia\\\/joi-excelenta-sub-doua-flamuri-colectie-de-obiecte-ale-generalului-danila-papp-expusa-la-sala-unirii-din-alba-iulia\\\/#respond\"]}]},{\"@type\":\"WebPage\",\"@id\":\"https:\\\/\\\/urbeamea.ro\\\/albaiulia\\\/joi-excelenta-sub-doua-flamuri-colectie-de-obiecte-ale-generalului-danila-papp-expusa-la-sala-unirii-din-alba-iulia\\\/\",\"url\":\"https:\\\/\\\/urbeamea.ro\\\/albaiulia\\\/joi-excelenta-sub-doua-flamuri-colectie-de-obiecte-ale-generalului-danila-papp-expusa-la-sala-unirii-din-alba-iulia\\\/\",\"name\":\"JOI: \u201cExcelen\u0163\u0103 sub dou\u0103 flamuri\u201d, colec\u0163ie de obiecte ale generalului D\u0103nil\u0103 Papp, expus\u0103 la Sala Unirii din Alba Iulia - Revista Urbea Mea - Revista de Alba\",\"isPartOf\":{\"@id\":\"https:\\\/\\\/urbeamea.ro\\\/albaiulia\\\/#website\"},\"primaryImageOfPage\":{\"@id\":\"https:\\\/\\\/urbeamea.ro\\\/albaiulia\\\/joi-excelenta-sub-doua-flamuri-colectie-de-obiecte-ale-generalului-danila-papp-expusa-la-sala-unirii-din-alba-iulia\\\/#primaryimage\"},\"image\":{\"@id\":\"https:\\\/\\\/urbeamea.ro\\\/albaiulia\\\/joi-excelenta-sub-doua-flamuri-colectie-de-obiecte-ale-generalului-danila-papp-expusa-la-sala-unirii-din-alba-iulia\\\/#primaryimage\"},\"thumbnailUrl\":\"https:\\\/\\\/urbeamea.ro\\\/albaiulia\\\/wp-content\\\/uploads\\\/2015\\\/11\\\/afis1.jpg\",\"datePublished\":\"2015-11-25T10:51:49+00:00\",\"dateModified\":\"2016-01-18T16:19:11+00:00\",\"author\":{\"@id\":\"https:\\\/\\\/urbeamea.ro\\\/albaiulia\\\/#\\\/schema\\\/person\\\/9700d21fae21c4f038b0b56f4506264a\"},\"description\":\"Joi, 26 noiembrie, la Sala Unirii va fi prezentat\u0103, de la ora 12.00, expozi\u0163ia \u201cExcelen\u0163\u0103 sub dou\u0103 flamuri: D\u0103nil\u0103 Papp (1867-1950)\u201d. Va fi expus\u0103 o\",\"breadcrumb\":{\"@id\":\"https:\\\/\\\/urbeamea.ro\\\/albaiulia\\\/joi-excelenta-sub-doua-flamuri-colectie-de-obiecte-ale-generalului-danila-papp-expusa-la-sala-unirii-din-alba-iulia\\\/#breadcrumb\"},\"inLanguage\":\"ro-RO\",\"potentialAction\":[{\"@type\":\"ReadAction\",\"target\":[\"https:\\\/\\\/urbeamea.ro\\\/albaiulia\\\/joi-excelenta-sub-doua-flamuri-colectie-de-obiecte-ale-generalului-danila-papp-expusa-la-sala-unirii-din-alba-iulia\\\/\"]}]},{\"@type\":\"ImageObject\",\"inLanguage\":\"ro-RO\",\"@id\":\"https:\\\/\\\/urbeamea.ro\\\/albaiulia\\\/joi-excelenta-sub-doua-flamuri-colectie-de-obiecte-ale-generalului-danila-papp-expusa-la-sala-unirii-din-alba-iulia\\\/#primaryimage\",\"url\":\"https:\\\/\\\/urbeamea.ro\\\/albaiulia\\\/wp-content\\\/uploads\\\/2015\\\/11\\\/afis1.jpg\",\"contentUrl\":\"https:\\\/\\\/urbeamea.ro\\\/albaiulia\\\/wp-content\\\/uploads\\\/2015\\\/11\\\/afis1.jpg\",\"width\":902,\"height\":1280},{\"@type\":\"BreadcrumbList\",\"@id\":\"https:\\\/\\\/urbeamea.ro\\\/albaiulia\\\/joi-excelenta-sub-doua-flamuri-colectie-de-obiecte-ale-generalului-danila-papp-expusa-la-sala-unirii-din-alba-iulia\\\/#breadcrumb\",\"itemListElement\":[{\"@type\":\"ListItem\",\"position\":1,\"name\":\"Prima pagin\u0103\",\"item\":\"https:\\\/\\\/urbeamea.ro\\\/albaiulia\\\/\"},{\"@type\":\"ListItem\",\"position\":2,\"name\":\"JOI: \u201cExcelen\u0163\u0103 sub dou\u0103 flamuri\u201d, colec\u0163ie de obiecte ale generalului D\u0103nil\u0103 Papp, expus\u0103 la Sala Unirii din Alba Iulia\"}]},{\"@type\":\"WebSite\",\"@id\":\"https:\\\/\\\/urbeamea.ro\\\/albaiulia\\\/#website\",\"url\":\"https:\\\/\\\/urbeamea.ro\\\/albaiulia\\\/\",\"name\":\"Revista Urbea Mea, Stiri urbane\",\"description\":\"Evenimente \u0219i \u0219tiri din Alba Iulia, Sebe\u0219, Aiud, Blaj\",\"potentialAction\":[{\"@type\":\"SearchAction\",\"target\":{\"@type\":\"EntryPoint\",\"urlTemplate\":\"https:\\\/\\\/urbeamea.ro\\\/albaiulia\\\/?s={search_term_string}\"},\"query-input\":{\"@type\":\"PropertyValueSpecification\",\"valueRequired\":true,\"valueName\":\"search_term_string\"}}],\"inLanguage\":\"ro-RO\"},{\"@type\":\"Person\",\"@id\":\"https:\\\/\\\/urbeamea.ro\\\/albaiulia\\\/#\\\/schema\\\/person\\\/9700d21fae21c4f038b0b56f4506264a\",\"name\":\"Cristina Ganga\",\"image\":{\"@type\":\"ImageObject\",\"inLanguage\":\"ro-RO\",\"@id\":\"https:\\\/\\\/secure.gravatar.com\\\/avatar\\\/5a67661041f057b4a8ccaf26f5a8e86e2689372006d01faf3dd9eeb10b654bb4?s=96&d=mm&r=g\",\"url\":\"https:\\\/\\\/secure.gravatar.com\\\/avatar\\\/5a67661041f057b4a8ccaf26f5a8e86e2689372006d01faf3dd9eeb10b654bb4?s=96&d=mm&r=g\",\"contentUrl\":\"https:\\\/\\\/secure.gravatar.com\\\/avatar\\\/5a67661041f057b4a8ccaf26f5a8e86e2689372006d01faf3dd9eeb10b654bb4?s=96&d=mm&r=g\",\"caption\":\"Cristina Ganga\"},\"description\":\"Jurnalist\",\"sameAs\":[\"https:\\\/\\\/www.facebook.com\\\/cristina.nicola.587\"],\"url\":\"https:\\\/\\\/urbeamea.ro\\\/albaiulia\\\/author\\\/cristina-nicola\\\/\"}]}<\/script>\n<!-- \/ Yoast SEO plugin. -->","yoast_head_json":{"title":"JOI: \u201cExcelen\u0163\u0103 sub dou\u0103 flamuri\u201d, colec\u0163ie de obiecte ale generalului D\u0103nil\u0103 Papp, expus\u0103 la Sala Unirii din Alba Iulia - Revista Urbea Mea - Revista de Alba","description":"Joi, 26 noiembrie, la Sala Unirii va fi prezentat\u0103, de la ora 12.00, expozi\u0163ia \u201cExcelen\u0163\u0103 sub dou\u0103 flamuri: D\u0103nil\u0103 Papp (1867-1950)\u201d. Va fi expus\u0103 o","robots":{"index":"index","follow":"follow","max-snippet":"max-snippet:-1","max-image-preview":"max-image-preview:large","max-video-preview":"max-video-preview:-1"},"canonical":"https:\/\/urbeamea.ro\/albaiulia\/joi-excelenta-sub-doua-flamuri-colectie-de-obiecte-ale-generalului-danila-papp-expusa-la-sala-unirii-din-alba-iulia\/","twitter_card":"summary_large_image","twitter_title":"JOI: \u201cExcelen\u0163\u0103 sub dou\u0103 flamuri\u201d, colec\u0163ie de obiecte ale generalului D\u0103nil\u0103 Papp, expus\u0103 la Sala Unirii din Alba Iulia - Revista Urbea Mea - Revista de Alba","twitter_description":"Joi, 26 noiembrie, la Sala Unirii va fi prezentat\u0103, de la ora 12.00, expozi\u0163ia \u201cExcelen\u0163\u0103 sub dou\u0103 flamuri: D\u0103nil\u0103 Papp (1867-1950)\u201d. Va fi expus\u0103 o","twitter_image":"https:\/\/urbeamea.ro\/albaiulia\/wp-content\/uploads\/2015\/11\/afis1.jpg","twitter_creator":"@urbeameaweb","twitter_site":"@urbeameaweb","schema":{"@context":"https:\/\/schema.org","@graph":[{"@type":"Article","@id":"https:\/\/urbeamea.ro\/albaiulia\/joi-excelenta-sub-doua-flamuri-colectie-de-obiecte-ale-generalului-danila-papp-expusa-la-sala-unirii-din-alba-iulia\/#article","isPartOf":{"@id":"https:\/\/urbeamea.ro\/albaiulia\/joi-excelenta-sub-doua-flamuri-colectie-de-obiecte-ale-generalului-danila-papp-expusa-la-sala-unirii-din-alba-iulia\/"},"author":{"name":"Cristina Ganga","@id":"https:\/\/urbeamea.ro\/albaiulia\/#\/schema\/person\/9700d21fae21c4f038b0b56f4506264a"},"headline":"JOI: \u201cExcelen\u0163\u0103 sub dou\u0103 flamuri\u201d, colec\u0163ie de obiecte ale generalului D\u0103nil\u0103 Papp, expus\u0103 la Sala Unirii din Alba Iulia","datePublished":"2015-11-25T10:51:49+00:00","dateModified":"2016-01-18T16:19:11+00:00","mainEntityOfPage":{"@id":"https:\/\/urbeamea.ro\/albaiulia\/joi-excelenta-sub-doua-flamuri-colectie-de-obiecte-ale-generalului-danila-papp-expusa-la-sala-unirii-din-alba-iulia\/"},"wordCount":468,"commentCount":0,"image":{"@id":"https:\/\/urbeamea.ro\/albaiulia\/joi-excelenta-sub-doua-flamuri-colectie-de-obiecte-ale-generalului-danila-papp-expusa-la-sala-unirii-din-alba-iulia\/#primaryimage"},"thumbnailUrl":"https:\/\/urbeamea.ro\/albaiulia\/wp-content\/uploads\/2015\/11\/afis1.jpg","keywords":["\u201cExcelen\u0163\u0103 sub dou\u0103 flamuri: D\u0103nil\u0103 Papp (1867-1950)\u201d","danila papp","expozitie","personalitate","sala unirii","stiri","Urbea Mea"],"articleSection":["Cultur\u0103"],"inLanguage":"ro-RO","potentialAction":[{"@type":"CommentAction","name":"Comment","target":["https:\/\/urbeamea.ro\/albaiulia\/joi-excelenta-sub-doua-flamuri-colectie-de-obiecte-ale-generalului-danila-papp-expusa-la-sala-unirii-din-alba-iulia\/#respond"]}]},{"@type":"WebPage","@id":"https:\/\/urbeamea.ro\/albaiulia\/joi-excelenta-sub-doua-flamuri-colectie-de-obiecte-ale-generalului-danila-papp-expusa-la-sala-unirii-din-alba-iulia\/","url":"https:\/\/urbeamea.ro\/albaiulia\/joi-excelenta-sub-doua-flamuri-colectie-de-obiecte-ale-generalului-danila-papp-expusa-la-sala-unirii-din-alba-iulia\/","name":"JOI: \u201cExcelen\u0163\u0103 sub dou\u0103 flamuri\u201d, colec\u0163ie de obiecte ale generalului D\u0103nil\u0103 Papp, expus\u0103 la Sala Unirii din Alba Iulia - Revista Urbea Mea - Revista de Alba","isPartOf":{"@id":"https:\/\/urbeamea.ro\/albaiulia\/#website"},"primaryImageOfPage":{"@id":"https:\/\/urbeamea.ro\/albaiulia\/joi-excelenta-sub-doua-flamuri-colectie-de-obiecte-ale-generalului-danila-papp-expusa-la-sala-unirii-din-alba-iulia\/#primaryimage"},"image":{"@id":"https:\/\/urbeamea.ro\/albaiulia\/joi-excelenta-sub-doua-flamuri-colectie-de-obiecte-ale-generalului-danila-papp-expusa-la-sala-unirii-din-alba-iulia\/#primaryimage"},"thumbnailUrl":"https:\/\/urbeamea.ro\/albaiulia\/wp-content\/uploads\/2015\/11\/afis1.jpg","datePublished":"2015-11-25T10:51:49+00:00","dateModified":"2016-01-18T16:19:11+00:00","author":{"@id":"https:\/\/urbeamea.ro\/albaiulia\/#\/schema\/person\/9700d21fae21c4f038b0b56f4506264a"},"description":"Joi, 26 noiembrie, la Sala Unirii va fi prezentat\u0103, de la ora 12.00, expozi\u0163ia \u201cExcelen\u0163\u0103 sub dou\u0103 flamuri: D\u0103nil\u0103 Papp (1867-1950)\u201d. Va fi expus\u0103 o","breadcrumb":{"@id":"https:\/\/urbeamea.ro\/albaiulia\/joi-excelenta-sub-doua-flamuri-colectie-de-obiecte-ale-generalului-danila-papp-expusa-la-sala-unirii-din-alba-iulia\/#breadcrumb"},"inLanguage":"ro-RO","potentialAction":[{"@type":"ReadAction","target":["https:\/\/urbeamea.ro\/albaiulia\/joi-excelenta-sub-doua-flamuri-colectie-de-obiecte-ale-generalului-danila-papp-expusa-la-sala-unirii-din-alba-iulia\/"]}]},{"@type":"ImageObject","inLanguage":"ro-RO","@id":"https:\/\/urbeamea.ro\/albaiulia\/joi-excelenta-sub-doua-flamuri-colectie-de-obiecte-ale-generalului-danila-papp-expusa-la-sala-unirii-din-alba-iulia\/#primaryimage","url":"https:\/\/urbeamea.ro\/albaiulia\/wp-content\/uploads\/2015\/11\/afis1.jpg","contentUrl":"https:\/\/urbeamea.ro\/albaiulia\/wp-content\/uploads\/2015\/11\/afis1.jpg","width":902,"height":1280},{"@type":"BreadcrumbList","@id":"https:\/\/urbeamea.ro\/albaiulia\/joi-excelenta-sub-doua-flamuri-colectie-de-obiecte-ale-generalului-danila-papp-expusa-la-sala-unirii-din-alba-iulia\/#breadcrumb","itemListElement":[{"@type":"ListItem","position":1,"name":"Prima pagin\u0103","item":"https:\/\/urbeamea.ro\/albaiulia\/"},{"@type":"ListItem","position":2,"name":"JOI: \u201cExcelen\u0163\u0103 sub dou\u0103 flamuri\u201d, colec\u0163ie de obiecte ale generalului D\u0103nil\u0103 Papp, expus\u0103 la Sala Unirii din Alba Iulia"}]},{"@type":"WebSite","@id":"https:\/\/urbeamea.ro\/albaiulia\/#website","url":"https:\/\/urbeamea.ro\/albaiulia\/","name":"Revista Urbea Mea, Stiri urbane","description":"Evenimente \u0219i \u0219tiri din Alba Iulia, Sebe\u0219, Aiud, Blaj","potentialAction":[{"@type":"SearchAction","target":{"@type":"EntryPoint","urlTemplate":"https:\/\/urbeamea.ro\/albaiulia\/?s={search_term_string}"},"query-input":{"@type":"PropertyValueSpecification","valueRequired":true,"valueName":"search_term_string"}}],"inLanguage":"ro-RO"},{"@type":"Person","@id":"https:\/\/urbeamea.ro\/albaiulia\/#\/schema\/person\/9700d21fae21c4f038b0b56f4506264a","name":"Cristina Ganga","image":{"@type":"ImageObject","inLanguage":"ro-RO","@id":"https:\/\/secure.gravatar.com\/avatar\/5a67661041f057b4a8ccaf26f5a8e86e2689372006d01faf3dd9eeb10b654bb4?s=96&d=mm&r=g","url":"https:\/\/secure.gravatar.com\/avatar\/5a67661041f057b4a8ccaf26f5a8e86e2689372006d01faf3dd9eeb10b654bb4?s=96&d=mm&r=g","contentUrl":"https:\/\/secure.gravatar.com\/avatar\/5a67661041f057b4a8ccaf26f5a8e86e2689372006d01faf3dd9eeb10b654bb4?s=96&d=mm&r=g","caption":"Cristina Ganga"},"description":"Jurnalist","sameAs":["https:\/\/www.facebook.com\/cristina.nicola.587"],"url":"https:\/\/urbeamea.ro\/albaiulia\/author\/cristina-nicola\/"}]}},"_links":{"self":[{"href":"https:\/\/urbeamea.ro\/albaiulia\/wp-json\/wp\/v2\/posts\/12863","targetHints":{"allow":["GET"]}}],"collection":[{"href":"https:\/\/urbeamea.ro\/albaiulia\/wp-json\/wp\/v2\/posts"}],"about":[{"href":"https:\/\/urbeamea.ro\/albaiulia\/wp-json\/wp\/v2\/types\/post"}],"author":[{"embeddable":true,"href":"https:\/\/urbeamea.ro\/albaiulia\/wp-json\/wp\/v2\/users\/17"}],"replies":[{"embeddable":true,"href":"https:\/\/urbeamea.ro\/albaiulia\/wp-json\/wp\/v2\/comments?post=12863"}],"version-history":[{"count":0,"href":"https:\/\/urbeamea.ro\/albaiulia\/wp-json\/wp\/v2\/posts\/12863\/revisions"}],"wp:featuredmedia":[{"embeddable":true,"href":"https:\/\/urbeamea.ro\/albaiulia\/wp-json\/wp\/v2\/media\/12864"}],"wp:attachment":[{"href":"https:\/\/urbeamea.ro\/albaiulia\/wp-json\/wp\/v2\/media?parent=12863"}],"wp:term":[{"taxonomy":"category","embeddable":true,"href":"https:\/\/urbeamea.ro\/albaiulia\/wp-json\/wp\/v2\/categories?post=12863"},{"taxonomy":"post_tag","embeddable":true,"href":"https:\/\/urbeamea.ro\/albaiulia\/wp-json\/wp\/v2\/tags?post=12863"}],"curies":[{"name":"wp","href":"https:\/\/api.w.org\/{rel}","templated":true}]}}