{"id":12910,"date":"2015-11-26T13:42:16","date_gmt":"2015-11-26T11:42:16","guid":{"rendered":"http:\/\/urbeamea.ro\/albaiulia\/?p=12910"},"modified":"2016-01-18T18:18:14","modified_gmt":"2016-01-18T16:18:14","slug":"duminica-titlul-de-doctor-honoris-causa-de-la-universitatea-din-alba-iulia-pentru-presedintele-academiei-de-stiinte-a-moldovei","status":"publish","type":"post","link":"https:\/\/urbeamea.ro\/albaiulia\/duminica-titlul-de-doctor-honoris-causa-de-la-universitatea-din-alba-iulia-pentru-presedintele-academiei-de-stiinte-a-moldovei\/","title":{"rendered":"DUMINIC\u0102: Titlul de Doctor Honoris Causa de la Universitatea din Alba Iulia pentru Pre\u015fedintele Academiei de \u015etiin\u0163e a Moldovei"},"content":{"rendered":"<p><strong><a href=\"http:\/\/urbeamea.ro\/albaiulia\/wp-content\/uploads\/2015\/11\/gheorghe-duca.jpg\"><img loading=\"lazy\" decoding=\"async\" class=\"size-medium wp-image-12911 alignleft\" src=\"http:\/\/urbeamea.ro\/albaiulia\/wp-content\/uploads\/2015\/11\/gheorghe-duca-300x199.jpg\" alt=\"gheorghe duca\" width=\"300\" height=\"199\" \/><\/a>Duminic\u0103, Pre\u015fedintele Academiei de \u015etiin\u0163e a Moldovei, acad. prof. univ. dr. hab. Gheorghe Duca prime\u015fte, din partea Universit\u0103\u0163ii \u201e1 Decembrie 1918\u201d din Alba Iulia, titlul de Doctor Honoris Causa.<\/strong><\/p>\n<p>Ceremonia va avea loc duminic\u0103, 29 noiembrie, de la ora 13.00, la Sala Senatului din cadrul Universit\u0103\u0163ii.<\/p>\n<p>Ini\u0163iativa se \u00eenscrie \u00een politica de recunoa\u015ftere a excelen\u0163ei \u00een toate mediile socio-culturale \u015fi \u015ftiin\u0163ifice rom\u00e2ne\u015fti, derulate de UAB.<\/p>\n<p>Gheorghe Duca este doctor \u00een \u0219tiin\u021b\u0103, specialitatea Chimia fizic\u0103, la Universitatea de Stat din Moldova \u015fi doctor habilitat \u00een \u0219tiin\u021b\u0103, specialitatea Protec\u021bia mediului \u0219i conservarea resurselor acvatice, Cinetica chimic\u0103 \u0219i cataliz\u0103 (Odesa, Ucraina). Este autor a peste 70 de monografii \u0219i manuale, 150 de brevete de inven\u021bie \u015fi 1500 de articole despre chimia fizic\u0103, chimia ecologic\u0103, chimia tehnologic\u0103 \u0219i managementul \u0219tiin\u021bei.<\/p>\n","protected":false},"excerpt":{"rendered":"<p>Duminic\u0103, Pre\u015fedintele Academiei de \u015etiin\u0163e a Moldovei, acad. prof. univ. dr. hab. Gheorghe Duca prime\u015fte, din partea Universit\u0103\u0163ii \u201e1 Decembrie 1918\u201d din Alba Iulia, titlul de Doctor Honoris Causa. Ceremonia va avea loc duminic\u0103, 29 noiembrie, de la ora 13.00, la Sala Senatului din cadrul Universit\u0103\u0163ii. Ini\u0163iativa se \u00eenscrie \u00een politica de recunoa\u015ftere a excelen\u0163ei &hellip;<\/p>\n","protected":false},"author":17,"featured_media":12911,"comment_status":"open","ping_status":"open","sticky":false,"template":"","format":"standard","meta":{"inline_featured_image":false,"footnotes":""},"categories":[2039],"tags":[31,1210,1208,1211,308,1209,387],"class_list":["post-12910","post","type-post","status-publish","format-standard","has-post-thumbnail","hentry","category-educatie","tag-alba-iulia","tag-dotor-honoris-causa","tag-gheorghe-duca","tag-specialitate","tag-stiri","tag-titlu","tag-universitatea-1-decembrie-1918"],"yoast_head":"<!-- This site is optimized with the Yoast SEO plugin v27.4 - https:\/\/yoast.com\/product\/yoast-seo-wordpress\/ -->\n<title>DUMINIC\u0102: Titlul de Doctor Honoris Causa de la Universitatea din Alba Iulia pentru Pre\u015fedintele Academiei de \u015etiin\u0163e a Moldovei - Revista Urbea Mea - Revista de Alba<\/title>\n<meta name=\"description\" content=\"Duminic\u0103, Pre\u015fedintele Academiei de \u015etiin\u0163e a Moldovei, acad. prof. univ. dr. hab. Gheorghe Duca prime\u015fte, din partea Universit\u0103\u0163ii \u201e1 Decembrie 1918\u201d din\" \/>\n<meta name=\"robots\" content=\"index, follow, max-snippet:-1, max-image-preview:large, max-video-preview:-1\" \/>\n<link rel=\"canonical\" href=\"https:\/\/urbeamea.ro\/albaiulia\/duminica-titlul-de-doctor-honoris-causa-de-la-universitatea-din-alba-iulia-pentru-presedintele-academiei-de-stiinte-a-moldovei\/\" \/>\n<meta name=\"twitter:card\" content=\"summary_large_image\" \/>\n<meta name=\"twitter:title\" content=\"DUMINIC\u0102: Titlul de Doctor Honoris Causa de la Universitatea din Alba Iulia pentru Pre\u015fedintele Academiei de \u015etiin\u0163e a Moldovei - Revista Urbea Mea - Revista de Alba\" \/>\n<meta name=\"twitter:description\" content=\"Duminic\u0103, Pre\u015fedintele Academiei de \u015etiin\u0163e a Moldovei, acad. prof. univ. dr. hab. Gheorghe Duca prime\u015fte, din partea Universit\u0103\u0163ii \u201e1 Decembrie 1918\u201d din\" \/>\n<meta name=\"twitter:image\" content=\"https:\/\/urbeamea.ro\/albaiulia\/wp-content\/uploads\/2015\/11\/gheorghe-duca.jpg\" \/>\n<meta name=\"twitter:creator\" content=\"@urbeameaweb\" \/>\n<meta name=\"twitter:site\" content=\"@urbeameaweb\" \/>\n<script type=\"application\/ld+json\" class=\"yoast-schema-graph\">{\"@context\":\"https:\\\/\\\/schema.org\",\"@graph\":[{\"@type\":\"Article\",\"@id\":\"https:\\\/\\\/urbeamea.ro\\\/albaiulia\\\/duminica-titlul-de-doctor-honoris-causa-de-la-universitatea-din-alba-iulia-pentru-presedintele-academiei-de-stiinte-a-moldovei\\\/#article\",\"isPartOf\":{\"@id\":\"https:\\\/\\\/urbeamea.ro\\\/albaiulia\\\/duminica-titlul-de-doctor-honoris-causa-de-la-universitatea-din-alba-iulia-pentru-presedintele-academiei-de-stiinte-a-moldovei\\\/\"},\"author\":{\"name\":\"Cristina Ganga\",\"@id\":\"https:\\\/\\\/urbeamea.ro\\\/albaiulia\\\/#\\\/schema\\\/person\\\/9700d21fae21c4f038b0b56f4506264a\"},\"headline\":\"DUMINIC\u0102: Titlul de Doctor Honoris Causa de la Universitatea din Alba Iulia pentru Pre\u015fedintele Academiei de \u015etiin\u0163e a Moldovei\",\"datePublished\":\"2015-11-26T11:42:16+00:00\",\"dateModified\":\"2016-01-18T16:18:14+00:00\",\"mainEntityOfPage\":{\"@id\":\"https:\\\/\\\/urbeamea.ro\\\/albaiulia\\\/duminica-titlul-de-doctor-honoris-causa-de-la-universitatea-din-alba-iulia-pentru-presedintele-academiei-de-stiinte-a-moldovei\\\/\"},\"wordCount\":154,\"commentCount\":0,\"image\":{\"@id\":\"https:\\\/\\\/urbeamea.ro\\\/albaiulia\\\/duminica-titlul-de-doctor-honoris-causa-de-la-universitatea-din-alba-iulia-pentru-presedintele-academiei-de-stiinte-a-moldovei\\\/#primaryimage\"},\"thumbnailUrl\":\"https:\\\/\\\/urbeamea.ro\\\/albaiulia\\\/wp-content\\\/uploads\\\/2015\\\/11\\\/gheorghe-duca.jpg\",\"keywords\":[\"Alba Iulia\",\"dotor honoris causa\",\"gheorghe duca\",\"specialitate\",\"stiri\",\"titlu\",\"universitatea 1 Decembrie 1918\"],\"articleSection\":[\"Educa\u021bie\"],\"inLanguage\":\"ro-RO\",\"potentialAction\":[{\"@type\":\"CommentAction\",\"name\":\"Comment\",\"target\":[\"https:\\\/\\\/urbeamea.ro\\\/albaiulia\\\/duminica-titlul-de-doctor-honoris-causa-de-la-universitatea-din-alba-iulia-pentru-presedintele-academiei-de-stiinte-a-moldovei\\\/#respond\"]}]},{\"@type\":\"WebPage\",\"@id\":\"https:\\\/\\\/urbeamea.ro\\\/albaiulia\\\/duminica-titlul-de-doctor-honoris-causa-de-la-universitatea-din-alba-iulia-pentru-presedintele-academiei-de-stiinte-a-moldovei\\\/\",\"url\":\"https:\\\/\\\/urbeamea.ro\\\/albaiulia\\\/duminica-titlul-de-doctor-honoris-causa-de-la-universitatea-din-alba-iulia-pentru-presedintele-academiei-de-stiinte-a-moldovei\\\/\",\"name\":\"DUMINIC\u0102: Titlul de Doctor Honoris Causa de la Universitatea din Alba Iulia pentru Pre\u015fedintele Academiei de \u015etiin\u0163e a Moldovei - Revista Urbea Mea - Revista de Alba\",\"isPartOf\":{\"@id\":\"https:\\\/\\\/urbeamea.ro\\\/albaiulia\\\/#website\"},\"primaryImageOfPage\":{\"@id\":\"https:\\\/\\\/urbeamea.ro\\\/albaiulia\\\/duminica-titlul-de-doctor-honoris-causa-de-la-universitatea-din-alba-iulia-pentru-presedintele-academiei-de-stiinte-a-moldovei\\\/#primaryimage\"},\"image\":{\"@id\":\"https:\\\/\\\/urbeamea.ro\\\/albaiulia\\\/duminica-titlul-de-doctor-honoris-causa-de-la-universitatea-din-alba-iulia-pentru-presedintele-academiei-de-stiinte-a-moldovei\\\/#primaryimage\"},\"thumbnailUrl\":\"https:\\\/\\\/urbeamea.ro\\\/albaiulia\\\/wp-content\\\/uploads\\\/2015\\\/11\\\/gheorghe-duca.jpg\",\"datePublished\":\"2015-11-26T11:42:16+00:00\",\"dateModified\":\"2016-01-18T16:18:14+00:00\",\"author\":{\"@id\":\"https:\\\/\\\/urbeamea.ro\\\/albaiulia\\\/#\\\/schema\\\/person\\\/9700d21fae21c4f038b0b56f4506264a\"},\"description\":\"Duminic\u0103, Pre\u015fedintele Academiei de \u015etiin\u0163e a Moldovei, acad. prof. univ. dr. hab. Gheorghe Duca prime\u015fte, din partea Universit\u0103\u0163ii \u201e1 Decembrie 1918\u201d din\",\"breadcrumb\":{\"@id\":\"https:\\\/\\\/urbeamea.ro\\\/albaiulia\\\/duminica-titlul-de-doctor-honoris-causa-de-la-universitatea-din-alba-iulia-pentru-presedintele-academiei-de-stiinte-a-moldovei\\\/#breadcrumb\"},\"inLanguage\":\"ro-RO\",\"potentialAction\":[{\"@type\":\"ReadAction\",\"target\":[\"https:\\\/\\\/urbeamea.ro\\\/albaiulia\\\/duminica-titlul-de-doctor-honoris-causa-de-la-universitatea-din-alba-iulia-pentru-presedintele-academiei-de-stiinte-a-moldovei\\\/\"]}]},{\"@type\":\"ImageObject\",\"inLanguage\":\"ro-RO\",\"@id\":\"https:\\\/\\\/urbeamea.ro\\\/albaiulia\\\/duminica-titlul-de-doctor-honoris-causa-de-la-universitatea-din-alba-iulia-pentru-presedintele-academiei-de-stiinte-a-moldovei\\\/#primaryimage\",\"url\":\"https:\\\/\\\/urbeamea.ro\\\/albaiulia\\\/wp-content\\\/uploads\\\/2015\\\/11\\\/gheorghe-duca.jpg\",\"contentUrl\":\"https:\\\/\\\/urbeamea.ro\\\/albaiulia\\\/wp-content\\\/uploads\\\/2015\\\/11\\\/gheorghe-duca.jpg\",\"width\":1280,\"height\":850},{\"@type\":\"BreadcrumbList\",\"@id\":\"https:\\\/\\\/urbeamea.ro\\\/albaiulia\\\/duminica-titlul-de-doctor-honoris-causa-de-la-universitatea-din-alba-iulia-pentru-presedintele-academiei-de-stiinte-a-moldovei\\\/#breadcrumb\",\"itemListElement\":[{\"@type\":\"ListItem\",\"position\":1,\"name\":\"Prima pagin\u0103\",\"item\":\"https:\\\/\\\/urbeamea.ro\\\/albaiulia\\\/\"},{\"@type\":\"ListItem\",\"position\":2,\"name\":\"DUMINIC\u0102: Titlul de Doctor Honoris Causa de la Universitatea din Alba Iulia pentru Pre\u015fedintele Academiei de \u015etiin\u0163e a Moldovei\"}]},{\"@type\":\"WebSite\",\"@id\":\"https:\\\/\\\/urbeamea.ro\\\/albaiulia\\\/#website\",\"url\":\"https:\\\/\\\/urbeamea.ro\\\/albaiulia\\\/\",\"name\":\"Revista Urbea Mea, Stiri urbane\",\"description\":\"Evenimente \u0219i \u0219tiri din Alba Iulia, Sebe\u0219, Aiud, Blaj\",\"potentialAction\":[{\"@type\":\"SearchAction\",\"target\":{\"@type\":\"EntryPoint\",\"urlTemplate\":\"https:\\\/\\\/urbeamea.ro\\\/albaiulia\\\/?s={search_term_string}\"},\"query-input\":{\"@type\":\"PropertyValueSpecification\",\"valueRequired\":true,\"valueName\":\"search_term_string\"}}],\"inLanguage\":\"ro-RO\"},{\"@type\":\"Person\",\"@id\":\"https:\\\/\\\/urbeamea.ro\\\/albaiulia\\\/#\\\/schema\\\/person\\\/9700d21fae21c4f038b0b56f4506264a\",\"name\":\"Cristina Ganga\",\"image\":{\"@type\":\"ImageObject\",\"inLanguage\":\"ro-RO\",\"@id\":\"https:\\\/\\\/secure.gravatar.com\\\/avatar\\\/5a67661041f057b4a8ccaf26f5a8e86e2689372006d01faf3dd9eeb10b654bb4?s=96&d=mm&r=g\",\"url\":\"https:\\\/\\\/secure.gravatar.com\\\/avatar\\\/5a67661041f057b4a8ccaf26f5a8e86e2689372006d01faf3dd9eeb10b654bb4?s=96&d=mm&r=g\",\"contentUrl\":\"https:\\\/\\\/secure.gravatar.com\\\/avatar\\\/5a67661041f057b4a8ccaf26f5a8e86e2689372006d01faf3dd9eeb10b654bb4?s=96&d=mm&r=g\",\"caption\":\"Cristina Ganga\"},\"description\":\"Jurnalist\",\"sameAs\":[\"https:\\\/\\\/www.facebook.com\\\/cristina.nicola.587\"],\"url\":\"https:\\\/\\\/urbeamea.ro\\\/albaiulia\\\/author\\\/cristina-nicola\\\/\"}]}<\/script>\n<!-- \/ Yoast SEO plugin. -->","yoast_head_json":{"title":"DUMINIC\u0102: Titlul de Doctor Honoris Causa de la Universitatea din Alba Iulia pentru Pre\u015fedintele Academiei de \u015etiin\u0163e a Moldovei - Revista Urbea Mea - Revista de Alba","description":"Duminic\u0103, Pre\u015fedintele Academiei de \u015etiin\u0163e a Moldovei, acad. prof. univ. dr. hab. Gheorghe Duca prime\u015fte, din partea Universit\u0103\u0163ii \u201e1 Decembrie 1918\u201d din","robots":{"index":"index","follow":"follow","max-snippet":"max-snippet:-1","max-image-preview":"max-image-preview:large","max-video-preview":"max-video-preview:-1"},"canonical":"https:\/\/urbeamea.ro\/albaiulia\/duminica-titlul-de-doctor-honoris-causa-de-la-universitatea-din-alba-iulia-pentru-presedintele-academiei-de-stiinte-a-moldovei\/","twitter_card":"summary_large_image","twitter_title":"DUMINIC\u0102: Titlul de Doctor Honoris Causa de la Universitatea din Alba Iulia pentru Pre\u015fedintele Academiei de \u015etiin\u0163e a Moldovei - Revista Urbea Mea - Revista de Alba","twitter_description":"Duminic\u0103, Pre\u015fedintele Academiei de \u015etiin\u0163e a Moldovei, acad. prof. univ. dr. hab. Gheorghe Duca prime\u015fte, din partea Universit\u0103\u0163ii \u201e1 Decembrie 1918\u201d din","twitter_image":"https:\/\/urbeamea.ro\/albaiulia\/wp-content\/uploads\/2015\/11\/gheorghe-duca.jpg","twitter_creator":"@urbeameaweb","twitter_site":"@urbeameaweb","schema":{"@context":"https:\/\/schema.org","@graph":[{"@type":"Article","@id":"https:\/\/urbeamea.ro\/albaiulia\/duminica-titlul-de-doctor-honoris-causa-de-la-universitatea-din-alba-iulia-pentru-presedintele-academiei-de-stiinte-a-moldovei\/#article","isPartOf":{"@id":"https:\/\/urbeamea.ro\/albaiulia\/duminica-titlul-de-doctor-honoris-causa-de-la-universitatea-din-alba-iulia-pentru-presedintele-academiei-de-stiinte-a-moldovei\/"},"author":{"name":"Cristina Ganga","@id":"https:\/\/urbeamea.ro\/albaiulia\/#\/schema\/person\/9700d21fae21c4f038b0b56f4506264a"},"headline":"DUMINIC\u0102: Titlul de Doctor Honoris Causa de la Universitatea din Alba Iulia pentru Pre\u015fedintele Academiei de \u015etiin\u0163e a Moldovei","datePublished":"2015-11-26T11:42:16+00:00","dateModified":"2016-01-18T16:18:14+00:00","mainEntityOfPage":{"@id":"https:\/\/urbeamea.ro\/albaiulia\/duminica-titlul-de-doctor-honoris-causa-de-la-universitatea-din-alba-iulia-pentru-presedintele-academiei-de-stiinte-a-moldovei\/"},"wordCount":154,"commentCount":0,"image":{"@id":"https:\/\/urbeamea.ro\/albaiulia\/duminica-titlul-de-doctor-honoris-causa-de-la-universitatea-din-alba-iulia-pentru-presedintele-academiei-de-stiinte-a-moldovei\/#primaryimage"},"thumbnailUrl":"https:\/\/urbeamea.ro\/albaiulia\/wp-content\/uploads\/2015\/11\/gheorghe-duca.jpg","keywords":["Alba Iulia","dotor honoris causa","gheorghe duca","specialitate","stiri","titlu","universitatea 1 Decembrie 1918"],"articleSection":["Educa\u021bie"],"inLanguage":"ro-RO","potentialAction":[{"@type":"CommentAction","name":"Comment","target":["https:\/\/urbeamea.ro\/albaiulia\/duminica-titlul-de-doctor-honoris-causa-de-la-universitatea-din-alba-iulia-pentru-presedintele-academiei-de-stiinte-a-moldovei\/#respond"]}]},{"@type":"WebPage","@id":"https:\/\/urbeamea.ro\/albaiulia\/duminica-titlul-de-doctor-honoris-causa-de-la-universitatea-din-alba-iulia-pentru-presedintele-academiei-de-stiinte-a-moldovei\/","url":"https:\/\/urbeamea.ro\/albaiulia\/duminica-titlul-de-doctor-honoris-causa-de-la-universitatea-din-alba-iulia-pentru-presedintele-academiei-de-stiinte-a-moldovei\/","name":"DUMINIC\u0102: Titlul de Doctor Honoris Causa de la Universitatea din Alba Iulia pentru Pre\u015fedintele Academiei de \u015etiin\u0163e a Moldovei - Revista Urbea Mea - Revista de Alba","isPartOf":{"@id":"https:\/\/urbeamea.ro\/albaiulia\/#website"},"primaryImageOfPage":{"@id":"https:\/\/urbeamea.ro\/albaiulia\/duminica-titlul-de-doctor-honoris-causa-de-la-universitatea-din-alba-iulia-pentru-presedintele-academiei-de-stiinte-a-moldovei\/#primaryimage"},"image":{"@id":"https:\/\/urbeamea.ro\/albaiulia\/duminica-titlul-de-doctor-honoris-causa-de-la-universitatea-din-alba-iulia-pentru-presedintele-academiei-de-stiinte-a-moldovei\/#primaryimage"},"thumbnailUrl":"https:\/\/urbeamea.ro\/albaiulia\/wp-content\/uploads\/2015\/11\/gheorghe-duca.jpg","datePublished":"2015-11-26T11:42:16+00:00","dateModified":"2016-01-18T16:18:14+00:00","author":{"@id":"https:\/\/urbeamea.ro\/albaiulia\/#\/schema\/person\/9700d21fae21c4f038b0b56f4506264a"},"description":"Duminic\u0103, Pre\u015fedintele Academiei de \u015etiin\u0163e a Moldovei, acad. prof. univ. dr. hab. Gheorghe Duca prime\u015fte, din partea Universit\u0103\u0163ii \u201e1 Decembrie 1918\u201d din","breadcrumb":{"@id":"https:\/\/urbeamea.ro\/albaiulia\/duminica-titlul-de-doctor-honoris-causa-de-la-universitatea-din-alba-iulia-pentru-presedintele-academiei-de-stiinte-a-moldovei\/#breadcrumb"},"inLanguage":"ro-RO","potentialAction":[{"@type":"ReadAction","target":["https:\/\/urbeamea.ro\/albaiulia\/duminica-titlul-de-doctor-honoris-causa-de-la-universitatea-din-alba-iulia-pentru-presedintele-academiei-de-stiinte-a-moldovei\/"]}]},{"@type":"ImageObject","inLanguage":"ro-RO","@id":"https:\/\/urbeamea.ro\/albaiulia\/duminica-titlul-de-doctor-honoris-causa-de-la-universitatea-din-alba-iulia-pentru-presedintele-academiei-de-stiinte-a-moldovei\/#primaryimage","url":"https:\/\/urbeamea.ro\/albaiulia\/wp-content\/uploads\/2015\/11\/gheorghe-duca.jpg","contentUrl":"https:\/\/urbeamea.ro\/albaiulia\/wp-content\/uploads\/2015\/11\/gheorghe-duca.jpg","width":1280,"height":850},{"@type":"BreadcrumbList","@id":"https:\/\/urbeamea.ro\/albaiulia\/duminica-titlul-de-doctor-honoris-causa-de-la-universitatea-din-alba-iulia-pentru-presedintele-academiei-de-stiinte-a-moldovei\/#breadcrumb","itemListElement":[{"@type":"ListItem","position":1,"name":"Prima pagin\u0103","item":"https:\/\/urbeamea.ro\/albaiulia\/"},{"@type":"ListItem","position":2,"name":"DUMINIC\u0102: Titlul de Doctor Honoris Causa de la Universitatea din Alba Iulia pentru Pre\u015fedintele Academiei de \u015etiin\u0163e a Moldovei"}]},{"@type":"WebSite","@id":"https:\/\/urbeamea.ro\/albaiulia\/#website","url":"https:\/\/urbeamea.ro\/albaiulia\/","name":"Revista Urbea Mea, Stiri urbane","description":"Evenimente \u0219i \u0219tiri din Alba Iulia, Sebe\u0219, Aiud, Blaj","potentialAction":[{"@type":"SearchAction","target":{"@type":"EntryPoint","urlTemplate":"https:\/\/urbeamea.ro\/albaiulia\/?s={search_term_string}"},"query-input":{"@type":"PropertyValueSpecification","valueRequired":true,"valueName":"search_term_string"}}],"inLanguage":"ro-RO"},{"@type":"Person","@id":"https:\/\/urbeamea.ro\/albaiulia\/#\/schema\/person\/9700d21fae21c4f038b0b56f4506264a","name":"Cristina Ganga","image":{"@type":"ImageObject","inLanguage":"ro-RO","@id":"https:\/\/secure.gravatar.com\/avatar\/5a67661041f057b4a8ccaf26f5a8e86e2689372006d01faf3dd9eeb10b654bb4?s=96&d=mm&r=g","url":"https:\/\/secure.gravatar.com\/avatar\/5a67661041f057b4a8ccaf26f5a8e86e2689372006d01faf3dd9eeb10b654bb4?s=96&d=mm&r=g","contentUrl":"https:\/\/secure.gravatar.com\/avatar\/5a67661041f057b4a8ccaf26f5a8e86e2689372006d01faf3dd9eeb10b654bb4?s=96&d=mm&r=g","caption":"Cristina Ganga"},"description":"Jurnalist","sameAs":["https:\/\/www.facebook.com\/cristina.nicola.587"],"url":"https:\/\/urbeamea.ro\/albaiulia\/author\/cristina-nicola\/"}]}},"_links":{"self":[{"href":"https:\/\/urbeamea.ro\/albaiulia\/wp-json\/wp\/v2\/posts\/12910","targetHints":{"allow":["GET"]}}],"collection":[{"href":"https:\/\/urbeamea.ro\/albaiulia\/wp-json\/wp\/v2\/posts"}],"about":[{"href":"https:\/\/urbeamea.ro\/albaiulia\/wp-json\/wp\/v2\/types\/post"}],"author":[{"embeddable":true,"href":"https:\/\/urbeamea.ro\/albaiulia\/wp-json\/wp\/v2\/users\/17"}],"replies":[{"embeddable":true,"href":"https:\/\/urbeamea.ro\/albaiulia\/wp-json\/wp\/v2\/comments?post=12910"}],"version-history":[{"count":0,"href":"https:\/\/urbeamea.ro\/albaiulia\/wp-json\/wp\/v2\/posts\/12910\/revisions"}],"wp:featuredmedia":[{"embeddable":true,"href":"https:\/\/urbeamea.ro\/albaiulia\/wp-json\/wp\/v2\/media\/12911"}],"wp:attachment":[{"href":"https:\/\/urbeamea.ro\/albaiulia\/wp-json\/wp\/v2\/media?parent=12910"}],"wp:term":[{"taxonomy":"category","embeddable":true,"href":"https:\/\/urbeamea.ro\/albaiulia\/wp-json\/wp\/v2\/categories?post=12910"},{"taxonomy":"post_tag","embeddable":true,"href":"https:\/\/urbeamea.ro\/albaiulia\/wp-json\/wp\/v2\/tags?post=12910"}],"curies":[{"name":"wp","href":"https:\/\/api.w.org\/{rel}","templated":true}]}}