{"id":12916,"date":"2015-11-26T14:07:04","date_gmt":"2015-11-26T12:07:04","guid":{"rendered":"http:\/\/urbeamea.ro\/albaiulia\/?p=12916"},"modified":"2016-01-18T18:17:43","modified_gmt":"2016-01-18T16:17:43","slug":"presedintele-romaniei-klaus-iohannis-nu-vine-la-alba-iulia-de-1-decembrie","status":"publish","type":"post","link":"https:\/\/urbeamea.ro\/albaiulia\/presedintele-romaniei-klaus-iohannis-nu-vine-la-alba-iulia-de-1-decembrie\/","title":{"rendered":"Pre\u015fedintele Rom\u00e2niei, Klaus Iohannis, nu vine la Alba Iulia de 1 Decembrie"},"content":{"rendered":"<p><strong><a href=\"http:\/\/urbeamea.ro\/albaiulia\/wp-content\/uploads\/2015\/11\/Klaus-Iohannis.jpg\"><img loading=\"lazy\" decoding=\"async\" class=\"size-medium wp-image-12917 alignleft\" src=\"http:\/\/urbeamea.ro\/albaiulia\/wp-content\/uploads\/2015\/11\/Klaus-Iohannis-300x169.jpg\" alt=\"Klaus-Iohannis\" width=\"300\" height=\"169\" \/><\/a>De 1 Decembrie, Pre\u015fedintele Rom\u00e2niei, Klaus Iohannis, nu va fi prezent la Alba Iulia. Va fi reprezentat la manifest\u0103rile din Cealalt\u0103 Capital\u0103 de c\u0103tre Sergiu Nistor, consilier Preziden\u021bial pentru Cultur\u0103, Culte \u0219i Centenar.<\/strong><\/p>\n<p>Informa\u0163ia a fost confirmat\u0103 de reprezentan\u0163ii Prim\u0103riei Alba Iulia.<\/p>\n<p>Pre\u015fedintele Iohannis a participat la evenimentele organizate de 1 Decembrie anul trecut la Alba Iulia.<\/p>\n<p>\u00cen acest an, autorit\u0103\u0163ile au preg\u0103tit un program ce include cea mai mare parad\u0103 militar\u0103 din ultimii ani, cu peste 1200 de cadre MApN, MAI \u015fi SRI, tehnic\u0103 militar\u0103, inclusiv avioane MiG \u015fi elicoptere de lupt\u0103 Puma SOCAT, momente solemne, spectacole de muzic\u0103 popular\u0103 \u015fi u\u015foar\u0103. \u00cen semn de respect pentru victimele din Clubul Colectiv, \u00een acest an nu vor fi focuri de artificii, \u00eens\u0103 va fi spectacol cu lasere.<\/p>\n","protected":false},"excerpt":{"rendered":"<p>De 1 Decembrie, Pre\u015fedintele Rom\u00e2niei, Klaus Iohannis, nu va fi prezent la Alba Iulia. Va fi reprezentat la manifest\u0103rile din Cealalt\u0103 Capital\u0103 de c\u0103tre Sergiu Nistor, consilier Preziden\u021bial pentru Cultur\u0103, Culte \u0219i Centenar. Informa\u0163ia a fost confirmat\u0103 de reprezentan\u0163ii Prim\u0103riei Alba Iulia. Pre\u015fedintele Iohannis a participat la evenimentele organizate de 1 Decembrie anul trecut la &hellip;<\/p>\n","protected":false},"author":17,"featured_media":12917,"comment_status":"open","ping_status":"open","sticky":false,"template":"","format":"standard","meta":{"inline_featured_image":false,"footnotes":""},"categories":[2034],"tags":[962,31,614,1032,966,1218,346,1219,1220],"class_list":["post-12916","post","type-post","status-publish","format-standard","has-post-thumbnail","hentry","category-social","tag-1-decembrie","tag-alba-iulia","tag-concert","tag-masa-populara","tag-muzica-populara","tag-presedintele-romaniei","tag-program","tag-reprezentant","tag-spectacole-de-lasere"],"yoast_head":"<!-- This site is optimized with the Yoast SEO plugin v28.3 - https:\/\/yoast.com\/product\/yoast-seo-wordpress\/ -->\n<title>Pre\u015fedintele Rom\u00e2niei, Klaus Iohannis, nu vine la Alba Iulia de 1 Decembrie - Revista Urbea Mea - Revista de Alba<\/title>\n<meta name=\"description\" content=\"De 1 Decembrie, Pre\u015fedintele Rom\u00e2niei, Klaus Iohannis, nu va fi prezent la Alba Iulia. Va fi reprezentat la manifest\u0103rile din Cealalt\u0103 Capital\u0103 de c\u0103tre\" \/>\n<meta name=\"robots\" content=\"index, follow, max-snippet:-1, max-image-preview:large, max-video-preview:-1\" \/>\n<link rel=\"canonical\" href=\"https:\/\/urbeamea.ro\/albaiulia\/presedintele-romaniei-klaus-iohannis-nu-vine-la-alba-iulia-de-1-decembrie\/\" \/>\n<meta name=\"twitter:card\" content=\"summary_large_image\" \/>\n<meta name=\"twitter:title\" content=\"Pre\u015fedintele Rom\u00e2niei, Klaus Iohannis, nu vine la Alba Iulia de 1 Decembrie - Revista Urbea Mea - Revista de Alba\" \/>\n<meta name=\"twitter:description\" content=\"De 1 Decembrie, Pre\u015fedintele Rom\u00e2niei, Klaus Iohannis, nu va fi prezent la Alba Iulia. Va fi reprezentat la manifest\u0103rile din Cealalt\u0103 Capital\u0103 de c\u0103tre\" \/>\n<meta name=\"twitter:image\" content=\"https:\/\/urbeamea.ro\/albaiulia\/wp-content\/uploads\/2015\/11\/Klaus-Iohannis.jpg\" \/>\n<meta name=\"twitter:creator\" content=\"@urbeameaweb\" \/>\n<meta name=\"twitter:site\" content=\"@urbeameaweb\" \/>\n<script type=\"application\/ld+json\" class=\"yoast-schema-graph\">{\"@context\":\"https:\\\/\\\/schema.org\",\"@graph\":[{\"@type\":\"Article\",\"@id\":\"https:\\\/\\\/urbeamea.ro\\\/albaiulia\\\/presedintele-romaniei-klaus-iohannis-nu-vine-la-alba-iulia-de-1-decembrie\\\/#article\",\"isPartOf\":{\"@id\":\"https:\\\/\\\/urbeamea.ro\\\/albaiulia\\\/presedintele-romaniei-klaus-iohannis-nu-vine-la-alba-iulia-de-1-decembrie\\\/\"},\"author\":{\"name\":\"Cristina Ganga\",\"@id\":\"https:\\\/\\\/urbeamea.ro\\\/albaiulia\\\/#\\\/schema\\\/person\\\/9700d21fae21c4f038b0b56f4506264a\"},\"headline\":\"Pre\u015fedintele Rom\u00e2niei, Klaus Iohannis, nu vine la Alba Iulia de 1 Decembrie\",\"datePublished\":\"2015-11-26T12:07:04+00:00\",\"dateModified\":\"2016-01-18T16:17:43+00:00\",\"mainEntityOfPage\":{\"@id\":\"https:\\\/\\\/urbeamea.ro\\\/albaiulia\\\/presedintele-romaniei-klaus-iohannis-nu-vine-la-alba-iulia-de-1-decembrie\\\/\"},\"wordCount\":149,\"commentCount\":0,\"image\":{\"@id\":\"https:\\\/\\\/urbeamea.ro\\\/albaiulia\\\/presedintele-romaniei-klaus-iohannis-nu-vine-la-alba-iulia-de-1-decembrie\\\/#primaryimage\"},\"thumbnailUrl\":\"https:\\\/\\\/urbeamea.ro\\\/albaiulia\\\/wp-content\\\/uploads\\\/2015\\\/11\\\/Klaus-Iohannis.jpg\",\"keywords\":[\"1 decembrie\",\"Alba Iulia\",\"concert\",\"masa populara\",\"muzica populara\",\"presedintele Romaniei\",\"program\",\"reprezentant\",\"spectacole de lasere\"],\"articleSection\":[\"Social\"],\"inLanguage\":\"ro-RO\",\"potentialAction\":[{\"@type\":\"CommentAction\",\"name\":\"Comment\",\"target\":[\"https:\\\/\\\/urbeamea.ro\\\/albaiulia\\\/presedintele-romaniei-klaus-iohannis-nu-vine-la-alba-iulia-de-1-decembrie\\\/#respond\"]}]},{\"@type\":\"WebPage\",\"@id\":\"https:\\\/\\\/urbeamea.ro\\\/albaiulia\\\/presedintele-romaniei-klaus-iohannis-nu-vine-la-alba-iulia-de-1-decembrie\\\/\",\"url\":\"https:\\\/\\\/urbeamea.ro\\\/albaiulia\\\/presedintele-romaniei-klaus-iohannis-nu-vine-la-alba-iulia-de-1-decembrie\\\/\",\"name\":\"Pre\u015fedintele Rom\u00e2niei, Klaus Iohannis, nu vine la Alba Iulia de 1 Decembrie - Revista Urbea Mea - Revista de Alba\",\"isPartOf\":{\"@id\":\"https:\\\/\\\/urbeamea.ro\\\/albaiulia\\\/#website\"},\"primaryImageOfPage\":{\"@id\":\"https:\\\/\\\/urbeamea.ro\\\/albaiulia\\\/presedintele-romaniei-klaus-iohannis-nu-vine-la-alba-iulia-de-1-decembrie\\\/#primaryimage\"},\"image\":{\"@id\":\"https:\\\/\\\/urbeamea.ro\\\/albaiulia\\\/presedintele-romaniei-klaus-iohannis-nu-vine-la-alba-iulia-de-1-decembrie\\\/#primaryimage\"},\"thumbnailUrl\":\"https:\\\/\\\/urbeamea.ro\\\/albaiulia\\\/wp-content\\\/uploads\\\/2015\\\/11\\\/Klaus-Iohannis.jpg\",\"datePublished\":\"2015-11-26T12:07:04+00:00\",\"dateModified\":\"2016-01-18T16:17:43+00:00\",\"author\":{\"@id\":\"https:\\\/\\\/urbeamea.ro\\\/albaiulia\\\/#\\\/schema\\\/person\\\/9700d21fae21c4f038b0b56f4506264a\"},\"description\":\"De 1 Decembrie, Pre\u015fedintele Rom\u00e2niei, Klaus Iohannis, nu va fi prezent la Alba Iulia. Va fi reprezentat la manifest\u0103rile din Cealalt\u0103 Capital\u0103 de c\u0103tre\",\"breadcrumb\":{\"@id\":\"https:\\\/\\\/urbeamea.ro\\\/albaiulia\\\/presedintele-romaniei-klaus-iohannis-nu-vine-la-alba-iulia-de-1-decembrie\\\/#breadcrumb\"},\"inLanguage\":\"ro-RO\",\"potentialAction\":[{\"@type\":\"ReadAction\",\"target\":[\"https:\\\/\\\/urbeamea.ro\\\/albaiulia\\\/presedintele-romaniei-klaus-iohannis-nu-vine-la-alba-iulia-de-1-decembrie\\\/\"]}]},{\"@type\":\"ImageObject\",\"inLanguage\":\"ro-RO\",\"@id\":\"https:\\\/\\\/urbeamea.ro\\\/albaiulia\\\/presedintele-romaniei-klaus-iohannis-nu-vine-la-alba-iulia-de-1-decembrie\\\/#primaryimage\",\"url\":\"https:\\\/\\\/urbeamea.ro\\\/albaiulia\\\/wp-content\\\/uploads\\\/2015\\\/11\\\/Klaus-Iohannis.jpg\",\"contentUrl\":\"https:\\\/\\\/urbeamea.ro\\\/albaiulia\\\/wp-content\\\/uploads\\\/2015\\\/11\\\/Klaus-Iohannis.jpg\",\"width\":1280,\"height\":722},{\"@type\":\"BreadcrumbList\",\"@id\":\"https:\\\/\\\/urbeamea.ro\\\/albaiulia\\\/presedintele-romaniei-klaus-iohannis-nu-vine-la-alba-iulia-de-1-decembrie\\\/#breadcrumb\",\"itemListElement\":[{\"@type\":\"ListItem\",\"position\":1,\"name\":\"Prima pagin\u0103\",\"item\":\"https:\\\/\\\/urbeamea.ro\\\/albaiulia\\\/\"},{\"@type\":\"ListItem\",\"position\":2,\"name\":\"Pre\u015fedintele Rom\u00e2niei, Klaus Iohannis, nu vine la Alba Iulia de 1 Decembrie\"}]},{\"@type\":\"WebSite\",\"@id\":\"https:\\\/\\\/urbeamea.ro\\\/albaiulia\\\/#website\",\"url\":\"https:\\\/\\\/urbeamea.ro\\\/albaiulia\\\/\",\"name\":\"Revista Urbea Mea, Stiri urbane\",\"description\":\"Evenimente \u0219i \u0219tiri din Alba Iulia, Sebe\u0219, Aiud, Blaj\",\"potentialAction\":[{\"@type\":\"SearchAction\",\"target\":{\"@type\":\"EntryPoint\",\"urlTemplate\":\"https:\\\/\\\/urbeamea.ro\\\/albaiulia\\\/?s={search_term_string}\"},\"query-input\":{\"@type\":\"PropertyValueSpecification\",\"valueRequired\":true,\"valueName\":\"search_term_string\"}}],\"inLanguage\":\"ro-RO\"},{\"@type\":\"Person\",\"@id\":\"https:\\\/\\\/urbeamea.ro\\\/albaiulia\\\/#\\\/schema\\\/person\\\/9700d21fae21c4f038b0b56f4506264a\",\"name\":\"Cristina Ganga\",\"image\":{\"@type\":\"ImageObject\",\"inLanguage\":\"ro-RO\",\"@id\":\"https:\\\/\\\/secure.gravatar.com\\\/avatar\\\/5a67661041f057b4a8ccaf26f5a8e86e2689372006d01faf3dd9eeb10b654bb4?s=96&d=mm&r=g\",\"url\":\"https:\\\/\\\/secure.gravatar.com\\\/avatar\\\/5a67661041f057b4a8ccaf26f5a8e86e2689372006d01faf3dd9eeb10b654bb4?s=96&d=mm&r=g\",\"contentUrl\":\"https:\\\/\\\/secure.gravatar.com\\\/avatar\\\/5a67661041f057b4a8ccaf26f5a8e86e2689372006d01faf3dd9eeb10b654bb4?s=96&d=mm&r=g\",\"caption\":\"Cristina Ganga\"},\"description\":\"Jurnalist\",\"sameAs\":[\"https:\\\/\\\/www.facebook.com\\\/cristina.nicola.587\"],\"url\":\"https:\\\/\\\/urbeamea.ro\\\/albaiulia\\\/author\\\/cristina-nicola\\\/\"}]}<\/script>\n<!-- \/ Yoast SEO plugin. -->","yoast_head_json":{"title":"Pre\u015fedintele Rom\u00e2niei, Klaus Iohannis, nu vine la Alba Iulia de 1 Decembrie - Revista Urbea Mea - Revista de Alba","description":"De 1 Decembrie, Pre\u015fedintele Rom\u00e2niei, Klaus Iohannis, nu va fi prezent la Alba Iulia. Va fi reprezentat la manifest\u0103rile din Cealalt\u0103 Capital\u0103 de c\u0103tre","robots":{"index":"index","follow":"follow","max-snippet":"max-snippet:-1","max-image-preview":"max-image-preview:large","max-video-preview":"max-video-preview:-1"},"canonical":"https:\/\/urbeamea.ro\/albaiulia\/presedintele-romaniei-klaus-iohannis-nu-vine-la-alba-iulia-de-1-decembrie\/","twitter_card":"summary_large_image","twitter_title":"Pre\u015fedintele Rom\u00e2niei, Klaus Iohannis, nu vine la Alba Iulia de 1 Decembrie - Revista Urbea Mea - Revista de Alba","twitter_description":"De 1 Decembrie, Pre\u015fedintele Rom\u00e2niei, Klaus Iohannis, nu va fi prezent la Alba Iulia. Va fi reprezentat la manifest\u0103rile din Cealalt\u0103 Capital\u0103 de c\u0103tre","twitter_image":"https:\/\/urbeamea.ro\/albaiulia\/wp-content\/uploads\/2015\/11\/Klaus-Iohannis.jpg","twitter_creator":"@urbeameaweb","twitter_site":"@urbeameaweb","schema":{"@context":"https:\/\/schema.org","@graph":[{"@type":"Article","@id":"https:\/\/urbeamea.ro\/albaiulia\/presedintele-romaniei-klaus-iohannis-nu-vine-la-alba-iulia-de-1-decembrie\/#article","isPartOf":{"@id":"https:\/\/urbeamea.ro\/albaiulia\/presedintele-romaniei-klaus-iohannis-nu-vine-la-alba-iulia-de-1-decembrie\/"},"author":{"name":"Cristina Ganga","@id":"https:\/\/urbeamea.ro\/albaiulia\/#\/schema\/person\/9700d21fae21c4f038b0b56f4506264a"},"headline":"Pre\u015fedintele Rom\u00e2niei, Klaus Iohannis, nu vine la Alba Iulia de 1 Decembrie","datePublished":"2015-11-26T12:07:04+00:00","dateModified":"2016-01-18T16:17:43+00:00","mainEntityOfPage":{"@id":"https:\/\/urbeamea.ro\/albaiulia\/presedintele-romaniei-klaus-iohannis-nu-vine-la-alba-iulia-de-1-decembrie\/"},"wordCount":149,"commentCount":0,"image":{"@id":"https:\/\/urbeamea.ro\/albaiulia\/presedintele-romaniei-klaus-iohannis-nu-vine-la-alba-iulia-de-1-decembrie\/#primaryimage"},"thumbnailUrl":"https:\/\/urbeamea.ro\/albaiulia\/wp-content\/uploads\/2015\/11\/Klaus-Iohannis.jpg","keywords":["1 decembrie","Alba Iulia","concert","masa populara","muzica populara","presedintele Romaniei","program","reprezentant","spectacole de lasere"],"articleSection":["Social"],"inLanguage":"ro-RO","potentialAction":[{"@type":"CommentAction","name":"Comment","target":["https:\/\/urbeamea.ro\/albaiulia\/presedintele-romaniei-klaus-iohannis-nu-vine-la-alba-iulia-de-1-decembrie\/#respond"]}]},{"@type":"WebPage","@id":"https:\/\/urbeamea.ro\/albaiulia\/presedintele-romaniei-klaus-iohannis-nu-vine-la-alba-iulia-de-1-decembrie\/","url":"https:\/\/urbeamea.ro\/albaiulia\/presedintele-romaniei-klaus-iohannis-nu-vine-la-alba-iulia-de-1-decembrie\/","name":"Pre\u015fedintele Rom\u00e2niei, Klaus Iohannis, nu vine la Alba Iulia de 1 Decembrie - Revista Urbea Mea - Revista de Alba","isPartOf":{"@id":"https:\/\/urbeamea.ro\/albaiulia\/#website"},"primaryImageOfPage":{"@id":"https:\/\/urbeamea.ro\/albaiulia\/presedintele-romaniei-klaus-iohannis-nu-vine-la-alba-iulia-de-1-decembrie\/#primaryimage"},"image":{"@id":"https:\/\/urbeamea.ro\/albaiulia\/presedintele-romaniei-klaus-iohannis-nu-vine-la-alba-iulia-de-1-decembrie\/#primaryimage"},"thumbnailUrl":"https:\/\/urbeamea.ro\/albaiulia\/wp-content\/uploads\/2015\/11\/Klaus-Iohannis.jpg","datePublished":"2015-11-26T12:07:04+00:00","dateModified":"2016-01-18T16:17:43+00:00","author":{"@id":"https:\/\/urbeamea.ro\/albaiulia\/#\/schema\/person\/9700d21fae21c4f038b0b56f4506264a"},"description":"De 1 Decembrie, Pre\u015fedintele Rom\u00e2niei, Klaus Iohannis, nu va fi prezent la Alba Iulia. Va fi reprezentat la manifest\u0103rile din Cealalt\u0103 Capital\u0103 de c\u0103tre","breadcrumb":{"@id":"https:\/\/urbeamea.ro\/albaiulia\/presedintele-romaniei-klaus-iohannis-nu-vine-la-alba-iulia-de-1-decembrie\/#breadcrumb"},"inLanguage":"ro-RO","potentialAction":[{"@type":"ReadAction","target":["https:\/\/urbeamea.ro\/albaiulia\/presedintele-romaniei-klaus-iohannis-nu-vine-la-alba-iulia-de-1-decembrie\/"]}]},{"@type":"ImageObject","inLanguage":"ro-RO","@id":"https:\/\/urbeamea.ro\/albaiulia\/presedintele-romaniei-klaus-iohannis-nu-vine-la-alba-iulia-de-1-decembrie\/#primaryimage","url":"https:\/\/urbeamea.ro\/albaiulia\/wp-content\/uploads\/2015\/11\/Klaus-Iohannis.jpg","contentUrl":"https:\/\/urbeamea.ro\/albaiulia\/wp-content\/uploads\/2015\/11\/Klaus-Iohannis.jpg","width":1280,"height":722},{"@type":"BreadcrumbList","@id":"https:\/\/urbeamea.ro\/albaiulia\/presedintele-romaniei-klaus-iohannis-nu-vine-la-alba-iulia-de-1-decembrie\/#breadcrumb","itemListElement":[{"@type":"ListItem","position":1,"name":"Prima pagin\u0103","item":"https:\/\/urbeamea.ro\/albaiulia\/"},{"@type":"ListItem","position":2,"name":"Pre\u015fedintele Rom\u00e2niei, Klaus Iohannis, nu vine la Alba Iulia de 1 Decembrie"}]},{"@type":"WebSite","@id":"https:\/\/urbeamea.ro\/albaiulia\/#website","url":"https:\/\/urbeamea.ro\/albaiulia\/","name":"Revista Urbea Mea, Stiri urbane","description":"Evenimente \u0219i \u0219tiri din Alba Iulia, Sebe\u0219, Aiud, Blaj","potentialAction":[{"@type":"SearchAction","target":{"@type":"EntryPoint","urlTemplate":"https:\/\/urbeamea.ro\/albaiulia\/?s={search_term_string}"},"query-input":{"@type":"PropertyValueSpecification","valueRequired":true,"valueName":"search_term_string"}}],"inLanguage":"ro-RO"},{"@type":"Person","@id":"https:\/\/urbeamea.ro\/albaiulia\/#\/schema\/person\/9700d21fae21c4f038b0b56f4506264a","name":"Cristina Ganga","image":{"@type":"ImageObject","inLanguage":"ro-RO","@id":"https:\/\/secure.gravatar.com\/avatar\/5a67661041f057b4a8ccaf26f5a8e86e2689372006d01faf3dd9eeb10b654bb4?s=96&d=mm&r=g","url":"https:\/\/secure.gravatar.com\/avatar\/5a67661041f057b4a8ccaf26f5a8e86e2689372006d01faf3dd9eeb10b654bb4?s=96&d=mm&r=g","contentUrl":"https:\/\/secure.gravatar.com\/avatar\/5a67661041f057b4a8ccaf26f5a8e86e2689372006d01faf3dd9eeb10b654bb4?s=96&d=mm&r=g","caption":"Cristina Ganga"},"description":"Jurnalist","sameAs":["https:\/\/www.facebook.com\/cristina.nicola.587"],"url":"https:\/\/urbeamea.ro\/albaiulia\/author\/cristina-nicola\/"}]}},"_links":{"self":[{"href":"https:\/\/urbeamea.ro\/albaiulia\/wp-json\/wp\/v2\/posts\/12916","targetHints":{"allow":["GET"]}}],"collection":[{"href":"https:\/\/urbeamea.ro\/albaiulia\/wp-json\/wp\/v2\/posts"}],"about":[{"href":"https:\/\/urbeamea.ro\/albaiulia\/wp-json\/wp\/v2\/types\/post"}],"author":[{"embeddable":true,"href":"https:\/\/urbeamea.ro\/albaiulia\/wp-json\/wp\/v2\/users\/17"}],"replies":[{"embeddable":true,"href":"https:\/\/urbeamea.ro\/albaiulia\/wp-json\/wp\/v2\/comments?post=12916"}],"version-history":[{"count":0,"href":"https:\/\/urbeamea.ro\/albaiulia\/wp-json\/wp\/v2\/posts\/12916\/revisions"}],"wp:featuredmedia":[{"embeddable":true,"href":"https:\/\/urbeamea.ro\/albaiulia\/wp-json\/wp\/v2\/media\/12917"}],"wp:attachment":[{"href":"https:\/\/urbeamea.ro\/albaiulia\/wp-json\/wp\/v2\/media?parent=12916"}],"wp:term":[{"taxonomy":"category","embeddable":true,"href":"https:\/\/urbeamea.ro\/albaiulia\/wp-json\/wp\/v2\/categories?post=12916"},{"taxonomy":"post_tag","embeddable":true,"href":"https:\/\/urbeamea.ro\/albaiulia\/wp-json\/wp\/v2\/tags?post=12916"}],"curies":[{"name":"wp","href":"https:\/\/api.w.org\/{rel}","templated":true}]}}