{"id":13085,"date":"2015-11-27T22:29:40","date_gmt":"2015-11-27T20:29:40","guid":{"rendered":"http:\/\/urbeamea.ro\/albaiulia\/?p=13085"},"modified":"2016-01-18T18:14:37","modified_gmt":"2016-01-18T16:14:37","slug":"video-antinia-simion-a-ocupat-unul-din-cele-sase-scaune-de-la-concursul-x-factor","status":"publish","type":"post","link":"https:\/\/urbeamea.ro\/albaiulia\/video-antinia-simion-a-ocupat-unul-din-cele-sase-scaune-de-la-concursul-x-factor\/","title":{"rendered":"VIDEO: Antinia Simion a ocupat unul din cele \u015fase scaune de la concursul X Factor"},"content":{"rendered":"<p><strong><a href=\"http:\/\/urbeamea.ro\/albaiulia\/wp-content\/uploads\/2015\/11\/antinia1.jpg\"><img loading=\"lazy\" decoding=\"async\" class=\"size-medium wp-image-13086 alignleft\" src=\"http:\/\/urbeamea.ro\/albaiulia\/wp-content\/uploads\/2015\/11\/antinia1-300x169.jpg\" alt=\"antinia\" width=\"300\" height=\"169\" \/><\/a>Albaiulianca Antinia Simion a mai f\u0103cut un pas spre succes. Dup\u0103 ce a fost aleas\u0103 pentru a merge \u00een Bootcamp \u015fi a fost l\u0103udat\u0103 pentru talentul \u015fi sensibilitatea ei, acum frumoasa Antinia ocup\u0103 unul din cele \u015fase scaune pe care mentorul ei, \u015etefan B\u0103nic\u0103 Junior le-a avut la dispozi\u0163ie.\u00a0<\/strong><\/p>\n<p>Albaiulienii trebuie s\u0103 fie \u00een continuare cu ochii pe cel mai mare show de divertisment, X Factor \u015fi asta pentru c\u0103 talentata Antinia Simion le-a dat un motiv \u00eentemeiat. T\u00e2n\u0103ra a interpretat piesa &#8222;Lost&#8221; a lui Anouk \u015fi a demonstrat c\u0103 merit\u0103 din plin s\u0103 ocupe unul din scaunele de pe scen\u0103. Tanlentata Antinia a fost felicitat\u0103 \u015fi apreciat\u0103 de fiecare membru din juriu, spun\u00e2nd c\u0103 a fost cea mai bun\u0103 interpretare pe care ei au v\u0103zut-o.<\/p>\n<p>\u00cenainte de a urca pe scen\u0103, Antinia a povestit cum a \u00eenceput ea s\u0103 c\u00e2nte \u015fi chiar c\u0103 se uita la X Factor: &#8222;Am \u00eenceput s\u0103 c\u00e2nt dup\u0103 ce p\u0103rin\u0163ii mei au divor\u0163at. Eram foarte sup\u0103rat\u0103, m-am \u00eenchis \u00een camer\u0103 \u015fi am \u00eenceput s\u0103 c\u00e2nt&#8221;. Chiar dac\u0103 al\u0103turi de ea au fost doar mama \u015fi iubitul ei, tat\u0103l ei i-a transmis un mesaj prin care \u00eei spunea c\u0103 este al\u0103turi de ea. A fost emo\u0163ionat\u0103 p\u00e2n\u0103 la lacrimi \u015fi a \u00eencheiat prin a spune c\u0103 &#8222;acum \u00eemi dau seama c\u0103 tata m\u0103 iube\u015fte! \u015fi eu pe el!&#8221;.<\/p>\n<p>&#8222;Nu am destule cuvinte sa exprim ceea ce am simtit pe scena! Apreciez ca ati fost langa mine si va multumesc pentru toate mesajele frumoase pe care le primesc!!! Asta e cel mai important pentru mine!!!!&#8221;, a postat Antinia pe pagina ei de Facebook.<\/p>\n<p><strong>V\u0103 prezent\u0103m mai jos video-ul cu interpretarea Antiniei de la X Factor:<\/strong><br \/>\n<iframe loading=\"lazy\" src=\"https:\/\/www.youtube.com\/embed\/ay4gZimorVc\" width=\"420\" height=\"315\" frameborder=\"0\" allowfullscreen=\"allowfullscreen\"><\/iframe><\/p>\n","protected":false},"excerpt":{"rendered":"<p>Albaiulianca Antinia Simion a mai f\u0103cut un pas spre succes. Dup\u0103 ce a fost aleas\u0103 pentru a merge \u00een Bootcamp \u015fi a fost l\u0103udat\u0103 pentru talentul \u015fi sensibilitatea ei, acum frumoasa Antinia ocup\u0103 unul din cele \u015fase scaune pe care mentorul ei, \u015etefan B\u0103nic\u0103 Junior le-a avut la dispozi\u0163ie.\u00a0 Albaiulienii trebuie s\u0103 fie \u00een continuare &hellip;<\/p>\n","protected":false},"author":17,"featured_media":13086,"comment_status":"open","ping_status":"open","sticky":false,"template":"","format":"standard","meta":{"inline_featured_image":false,"footnotes":""},"categories":[2036],"tags":[31,643,1258,504,506,1259,645,1257,1118,308,644],"class_list":["post-13085","post","type-post","status-publish","format-standard","has-post-thumbnail","hentry","category-monden","tag-alba-iulia","tag-antinia-simion","tag-boorcamp","tag-delia","tag-horia-brenciu","tag-interpretare","tag-juriu","tag-scaun","tag-stefan-banica-junior","tag-stiri","tag-x-factor"],"yoast_head":"<!-- This site is optimized with the Yoast SEO plugin v28.3 - https:\/\/yoast.com\/product\/yoast-seo-wordpress\/ -->\n<title>VIDEO: Antinia Simion a ocupat unul din cele \u015fase scaune de la concursul X Factor - Revista Urbea Mea - Revista de Alba<\/title>\n<meta name=\"description\" content=\"Albaiulianca Antinia Simion a mai f\u0103cut un pas spre succes. Dup\u0103 ce a fost aleas\u0103 pentru a merge \u00een Bootcamp \u015fi a fost l\u0103udat\u0103 pentru talentul \u015fi\" \/>\n<meta name=\"robots\" content=\"index, follow, max-snippet:-1, max-image-preview:large, max-video-preview:-1\" \/>\n<link rel=\"canonical\" href=\"https:\/\/urbeamea.ro\/albaiulia\/video-antinia-simion-a-ocupat-unul-din-cele-sase-scaune-de-la-concursul-x-factor\/\" \/>\n<meta name=\"twitter:card\" content=\"summary_large_image\" \/>\n<meta name=\"twitter:title\" content=\"VIDEO: Antinia Simion a ocupat unul din cele \u015fase scaune de la concursul X Factor - Revista Urbea Mea - Revista de Alba\" \/>\n<meta name=\"twitter:description\" content=\"Albaiulianca Antinia Simion a mai f\u0103cut un pas spre succes. Dup\u0103 ce a fost aleas\u0103 pentru a merge \u00een Bootcamp \u015fi a fost l\u0103udat\u0103 pentru talentul \u015fi\" \/>\n<meta name=\"twitter:image\" content=\"https:\/\/urbeamea.ro\/albaiulia\/wp-content\/uploads\/2015\/11\/antinia1.jpg\" \/>\n<meta name=\"twitter:creator\" content=\"@urbeameaweb\" \/>\n<meta name=\"twitter:site\" content=\"@urbeameaweb\" \/>\n<script type=\"application\/ld+json\" class=\"yoast-schema-graph\">{\"@context\":\"https:\\\/\\\/schema.org\",\"@graph\":[{\"@type\":\"Article\",\"@id\":\"https:\\\/\\\/urbeamea.ro\\\/albaiulia\\\/video-antinia-simion-a-ocupat-unul-din-cele-sase-scaune-de-la-concursul-x-factor\\\/#article\",\"isPartOf\":{\"@id\":\"https:\\\/\\\/urbeamea.ro\\\/albaiulia\\\/video-antinia-simion-a-ocupat-unul-din-cele-sase-scaune-de-la-concursul-x-factor\\\/\"},\"author\":{\"name\":\"Cristina Ganga\",\"@id\":\"https:\\\/\\\/urbeamea.ro\\\/albaiulia\\\/#\\\/schema\\\/person\\\/9700d21fae21c4f038b0b56f4506264a\"},\"headline\":\"VIDEO: Antinia Simion a ocupat unul din cele \u015fase scaune de la concursul X Factor\",\"datePublished\":\"2015-11-27T20:29:40+00:00\",\"dateModified\":\"2016-01-18T16:14:37+00:00\",\"mainEntityOfPage\":{\"@id\":\"https:\\\/\\\/urbeamea.ro\\\/albaiulia\\\/video-antinia-simion-a-ocupat-unul-din-cele-sase-scaune-de-la-concursul-x-factor\\\/\"},\"wordCount\":316,\"commentCount\":0,\"image\":{\"@id\":\"https:\\\/\\\/urbeamea.ro\\\/albaiulia\\\/video-antinia-simion-a-ocupat-unul-din-cele-sase-scaune-de-la-concursul-x-factor\\\/#primaryimage\"},\"thumbnailUrl\":\"https:\\\/\\\/urbeamea.ro\\\/albaiulia\\\/wp-content\\\/uploads\\\/2015\\\/11\\\/antinia1.jpg\",\"keywords\":[\"Alba Iulia\",\"antinia simion\",\"boorcamp\",\"Delia\",\"Horia Brenciu\",\"interpretare\",\"juriu\",\"scaun\",\"stefan banica junior\",\"stiri\",\"x factor\"],\"articleSection\":[\"Monden\"],\"inLanguage\":\"ro-RO\",\"potentialAction\":[{\"@type\":\"CommentAction\",\"name\":\"Comment\",\"target\":[\"https:\\\/\\\/urbeamea.ro\\\/albaiulia\\\/video-antinia-simion-a-ocupat-unul-din-cele-sase-scaune-de-la-concursul-x-factor\\\/#respond\"]}]},{\"@type\":\"WebPage\",\"@id\":\"https:\\\/\\\/urbeamea.ro\\\/albaiulia\\\/video-antinia-simion-a-ocupat-unul-din-cele-sase-scaune-de-la-concursul-x-factor\\\/\",\"url\":\"https:\\\/\\\/urbeamea.ro\\\/albaiulia\\\/video-antinia-simion-a-ocupat-unul-din-cele-sase-scaune-de-la-concursul-x-factor\\\/\",\"name\":\"VIDEO: Antinia Simion a ocupat unul din cele \u015fase scaune de la concursul X Factor - Revista Urbea Mea - Revista de Alba\",\"isPartOf\":{\"@id\":\"https:\\\/\\\/urbeamea.ro\\\/albaiulia\\\/#website\"},\"primaryImageOfPage\":{\"@id\":\"https:\\\/\\\/urbeamea.ro\\\/albaiulia\\\/video-antinia-simion-a-ocupat-unul-din-cele-sase-scaune-de-la-concursul-x-factor\\\/#primaryimage\"},\"image\":{\"@id\":\"https:\\\/\\\/urbeamea.ro\\\/albaiulia\\\/video-antinia-simion-a-ocupat-unul-din-cele-sase-scaune-de-la-concursul-x-factor\\\/#primaryimage\"},\"thumbnailUrl\":\"https:\\\/\\\/urbeamea.ro\\\/albaiulia\\\/wp-content\\\/uploads\\\/2015\\\/11\\\/antinia1.jpg\",\"datePublished\":\"2015-11-27T20:29:40+00:00\",\"dateModified\":\"2016-01-18T16:14:37+00:00\",\"author\":{\"@id\":\"https:\\\/\\\/urbeamea.ro\\\/albaiulia\\\/#\\\/schema\\\/person\\\/9700d21fae21c4f038b0b56f4506264a\"},\"description\":\"Albaiulianca Antinia Simion a mai f\u0103cut un pas spre succes. Dup\u0103 ce a fost aleas\u0103 pentru a merge \u00een Bootcamp \u015fi a fost l\u0103udat\u0103 pentru talentul \u015fi\",\"breadcrumb\":{\"@id\":\"https:\\\/\\\/urbeamea.ro\\\/albaiulia\\\/video-antinia-simion-a-ocupat-unul-din-cele-sase-scaune-de-la-concursul-x-factor\\\/#breadcrumb\"},\"inLanguage\":\"ro-RO\",\"potentialAction\":[{\"@type\":\"ReadAction\",\"target\":[\"https:\\\/\\\/urbeamea.ro\\\/albaiulia\\\/video-antinia-simion-a-ocupat-unul-din-cele-sase-scaune-de-la-concursul-x-factor\\\/\"]}]},{\"@type\":\"ImageObject\",\"inLanguage\":\"ro-RO\",\"@id\":\"https:\\\/\\\/urbeamea.ro\\\/albaiulia\\\/video-antinia-simion-a-ocupat-unul-din-cele-sase-scaune-de-la-concursul-x-factor\\\/#primaryimage\",\"url\":\"https:\\\/\\\/urbeamea.ro\\\/albaiulia\\\/wp-content\\\/uploads\\\/2015\\\/11\\\/antinia1.jpg\",\"contentUrl\":\"https:\\\/\\\/urbeamea.ro\\\/albaiulia\\\/wp-content\\\/uploads\\\/2015\\\/11\\\/antinia1.jpg\",\"width\":960,\"height\":540},{\"@type\":\"BreadcrumbList\",\"@id\":\"https:\\\/\\\/urbeamea.ro\\\/albaiulia\\\/video-antinia-simion-a-ocupat-unul-din-cele-sase-scaune-de-la-concursul-x-factor\\\/#breadcrumb\",\"itemListElement\":[{\"@type\":\"ListItem\",\"position\":1,\"name\":\"Prima pagin\u0103\",\"item\":\"https:\\\/\\\/urbeamea.ro\\\/albaiulia\\\/\"},{\"@type\":\"ListItem\",\"position\":2,\"name\":\"VIDEO: Antinia Simion a ocupat unul din cele \u015fase scaune de la concursul X Factor\"}]},{\"@type\":\"WebSite\",\"@id\":\"https:\\\/\\\/urbeamea.ro\\\/albaiulia\\\/#website\",\"url\":\"https:\\\/\\\/urbeamea.ro\\\/albaiulia\\\/\",\"name\":\"Revista Urbea Mea, Stiri urbane\",\"description\":\"Evenimente \u0219i \u0219tiri din Alba Iulia, Sebe\u0219, Aiud, Blaj\",\"potentialAction\":[{\"@type\":\"SearchAction\",\"target\":{\"@type\":\"EntryPoint\",\"urlTemplate\":\"https:\\\/\\\/urbeamea.ro\\\/albaiulia\\\/?s={search_term_string}\"},\"query-input\":{\"@type\":\"PropertyValueSpecification\",\"valueRequired\":true,\"valueName\":\"search_term_string\"}}],\"inLanguage\":\"ro-RO\"},{\"@type\":\"Person\",\"@id\":\"https:\\\/\\\/urbeamea.ro\\\/albaiulia\\\/#\\\/schema\\\/person\\\/9700d21fae21c4f038b0b56f4506264a\",\"name\":\"Cristina Ganga\",\"image\":{\"@type\":\"ImageObject\",\"inLanguage\":\"ro-RO\",\"@id\":\"https:\\\/\\\/secure.gravatar.com\\\/avatar\\\/5a67661041f057b4a8ccaf26f5a8e86e2689372006d01faf3dd9eeb10b654bb4?s=96&d=mm&r=g\",\"url\":\"https:\\\/\\\/secure.gravatar.com\\\/avatar\\\/5a67661041f057b4a8ccaf26f5a8e86e2689372006d01faf3dd9eeb10b654bb4?s=96&d=mm&r=g\",\"contentUrl\":\"https:\\\/\\\/secure.gravatar.com\\\/avatar\\\/5a67661041f057b4a8ccaf26f5a8e86e2689372006d01faf3dd9eeb10b654bb4?s=96&d=mm&r=g\",\"caption\":\"Cristina Ganga\"},\"description\":\"Jurnalist\",\"sameAs\":[\"https:\\\/\\\/www.facebook.com\\\/cristina.nicola.587\"],\"url\":\"https:\\\/\\\/urbeamea.ro\\\/albaiulia\\\/author\\\/cristina-nicola\\\/\"}]}<\/script>\n<!-- \/ Yoast SEO plugin. -->","yoast_head_json":{"title":"VIDEO: Antinia Simion a ocupat unul din cele \u015fase scaune de la concursul X Factor - Revista Urbea Mea - Revista de Alba","description":"Albaiulianca Antinia Simion a mai f\u0103cut un pas spre succes. Dup\u0103 ce a fost aleas\u0103 pentru a merge \u00een Bootcamp \u015fi a fost l\u0103udat\u0103 pentru talentul \u015fi","robots":{"index":"index","follow":"follow","max-snippet":"max-snippet:-1","max-image-preview":"max-image-preview:large","max-video-preview":"max-video-preview:-1"},"canonical":"https:\/\/urbeamea.ro\/albaiulia\/video-antinia-simion-a-ocupat-unul-din-cele-sase-scaune-de-la-concursul-x-factor\/","twitter_card":"summary_large_image","twitter_title":"VIDEO: Antinia Simion a ocupat unul din cele \u015fase scaune de la concursul X Factor - Revista Urbea Mea - Revista de Alba","twitter_description":"Albaiulianca Antinia Simion a mai f\u0103cut un pas spre succes. Dup\u0103 ce a fost aleas\u0103 pentru a merge \u00een Bootcamp \u015fi a fost l\u0103udat\u0103 pentru talentul \u015fi","twitter_image":"https:\/\/urbeamea.ro\/albaiulia\/wp-content\/uploads\/2015\/11\/antinia1.jpg","twitter_creator":"@urbeameaweb","twitter_site":"@urbeameaweb","schema":{"@context":"https:\/\/schema.org","@graph":[{"@type":"Article","@id":"https:\/\/urbeamea.ro\/albaiulia\/video-antinia-simion-a-ocupat-unul-din-cele-sase-scaune-de-la-concursul-x-factor\/#article","isPartOf":{"@id":"https:\/\/urbeamea.ro\/albaiulia\/video-antinia-simion-a-ocupat-unul-din-cele-sase-scaune-de-la-concursul-x-factor\/"},"author":{"name":"Cristina Ganga","@id":"https:\/\/urbeamea.ro\/albaiulia\/#\/schema\/person\/9700d21fae21c4f038b0b56f4506264a"},"headline":"VIDEO: Antinia Simion a ocupat unul din cele \u015fase scaune de la concursul X Factor","datePublished":"2015-11-27T20:29:40+00:00","dateModified":"2016-01-18T16:14:37+00:00","mainEntityOfPage":{"@id":"https:\/\/urbeamea.ro\/albaiulia\/video-antinia-simion-a-ocupat-unul-din-cele-sase-scaune-de-la-concursul-x-factor\/"},"wordCount":316,"commentCount":0,"image":{"@id":"https:\/\/urbeamea.ro\/albaiulia\/video-antinia-simion-a-ocupat-unul-din-cele-sase-scaune-de-la-concursul-x-factor\/#primaryimage"},"thumbnailUrl":"https:\/\/urbeamea.ro\/albaiulia\/wp-content\/uploads\/2015\/11\/antinia1.jpg","keywords":["Alba Iulia","antinia simion","boorcamp","Delia","Horia Brenciu","interpretare","juriu","scaun","stefan banica junior","stiri","x factor"],"articleSection":["Monden"],"inLanguage":"ro-RO","potentialAction":[{"@type":"CommentAction","name":"Comment","target":["https:\/\/urbeamea.ro\/albaiulia\/video-antinia-simion-a-ocupat-unul-din-cele-sase-scaune-de-la-concursul-x-factor\/#respond"]}]},{"@type":"WebPage","@id":"https:\/\/urbeamea.ro\/albaiulia\/video-antinia-simion-a-ocupat-unul-din-cele-sase-scaune-de-la-concursul-x-factor\/","url":"https:\/\/urbeamea.ro\/albaiulia\/video-antinia-simion-a-ocupat-unul-din-cele-sase-scaune-de-la-concursul-x-factor\/","name":"VIDEO: Antinia Simion a ocupat unul din cele \u015fase scaune de la concursul X Factor - Revista Urbea Mea - Revista de Alba","isPartOf":{"@id":"https:\/\/urbeamea.ro\/albaiulia\/#website"},"primaryImageOfPage":{"@id":"https:\/\/urbeamea.ro\/albaiulia\/video-antinia-simion-a-ocupat-unul-din-cele-sase-scaune-de-la-concursul-x-factor\/#primaryimage"},"image":{"@id":"https:\/\/urbeamea.ro\/albaiulia\/video-antinia-simion-a-ocupat-unul-din-cele-sase-scaune-de-la-concursul-x-factor\/#primaryimage"},"thumbnailUrl":"https:\/\/urbeamea.ro\/albaiulia\/wp-content\/uploads\/2015\/11\/antinia1.jpg","datePublished":"2015-11-27T20:29:40+00:00","dateModified":"2016-01-18T16:14:37+00:00","author":{"@id":"https:\/\/urbeamea.ro\/albaiulia\/#\/schema\/person\/9700d21fae21c4f038b0b56f4506264a"},"description":"Albaiulianca Antinia Simion a mai f\u0103cut un pas spre succes. Dup\u0103 ce a fost aleas\u0103 pentru a merge \u00een Bootcamp \u015fi a fost l\u0103udat\u0103 pentru talentul \u015fi","breadcrumb":{"@id":"https:\/\/urbeamea.ro\/albaiulia\/video-antinia-simion-a-ocupat-unul-din-cele-sase-scaune-de-la-concursul-x-factor\/#breadcrumb"},"inLanguage":"ro-RO","potentialAction":[{"@type":"ReadAction","target":["https:\/\/urbeamea.ro\/albaiulia\/video-antinia-simion-a-ocupat-unul-din-cele-sase-scaune-de-la-concursul-x-factor\/"]}]},{"@type":"ImageObject","inLanguage":"ro-RO","@id":"https:\/\/urbeamea.ro\/albaiulia\/video-antinia-simion-a-ocupat-unul-din-cele-sase-scaune-de-la-concursul-x-factor\/#primaryimage","url":"https:\/\/urbeamea.ro\/albaiulia\/wp-content\/uploads\/2015\/11\/antinia1.jpg","contentUrl":"https:\/\/urbeamea.ro\/albaiulia\/wp-content\/uploads\/2015\/11\/antinia1.jpg","width":960,"height":540},{"@type":"BreadcrumbList","@id":"https:\/\/urbeamea.ro\/albaiulia\/video-antinia-simion-a-ocupat-unul-din-cele-sase-scaune-de-la-concursul-x-factor\/#breadcrumb","itemListElement":[{"@type":"ListItem","position":1,"name":"Prima pagin\u0103","item":"https:\/\/urbeamea.ro\/albaiulia\/"},{"@type":"ListItem","position":2,"name":"VIDEO: Antinia Simion a ocupat unul din cele \u015fase scaune de la concursul X Factor"}]},{"@type":"WebSite","@id":"https:\/\/urbeamea.ro\/albaiulia\/#website","url":"https:\/\/urbeamea.ro\/albaiulia\/","name":"Revista Urbea Mea, Stiri urbane","description":"Evenimente \u0219i \u0219tiri din Alba Iulia, Sebe\u0219, Aiud, Blaj","potentialAction":[{"@type":"SearchAction","target":{"@type":"EntryPoint","urlTemplate":"https:\/\/urbeamea.ro\/albaiulia\/?s={search_term_string}"},"query-input":{"@type":"PropertyValueSpecification","valueRequired":true,"valueName":"search_term_string"}}],"inLanguage":"ro-RO"},{"@type":"Person","@id":"https:\/\/urbeamea.ro\/albaiulia\/#\/schema\/person\/9700d21fae21c4f038b0b56f4506264a","name":"Cristina Ganga","image":{"@type":"ImageObject","inLanguage":"ro-RO","@id":"https:\/\/secure.gravatar.com\/avatar\/5a67661041f057b4a8ccaf26f5a8e86e2689372006d01faf3dd9eeb10b654bb4?s=96&d=mm&r=g","url":"https:\/\/secure.gravatar.com\/avatar\/5a67661041f057b4a8ccaf26f5a8e86e2689372006d01faf3dd9eeb10b654bb4?s=96&d=mm&r=g","contentUrl":"https:\/\/secure.gravatar.com\/avatar\/5a67661041f057b4a8ccaf26f5a8e86e2689372006d01faf3dd9eeb10b654bb4?s=96&d=mm&r=g","caption":"Cristina Ganga"},"description":"Jurnalist","sameAs":["https:\/\/www.facebook.com\/cristina.nicola.587"],"url":"https:\/\/urbeamea.ro\/albaiulia\/author\/cristina-nicola\/"}]}},"_links":{"self":[{"href":"https:\/\/urbeamea.ro\/albaiulia\/wp-json\/wp\/v2\/posts\/13085","targetHints":{"allow":["GET"]}}],"collection":[{"href":"https:\/\/urbeamea.ro\/albaiulia\/wp-json\/wp\/v2\/posts"}],"about":[{"href":"https:\/\/urbeamea.ro\/albaiulia\/wp-json\/wp\/v2\/types\/post"}],"author":[{"embeddable":true,"href":"https:\/\/urbeamea.ro\/albaiulia\/wp-json\/wp\/v2\/users\/17"}],"replies":[{"embeddable":true,"href":"https:\/\/urbeamea.ro\/albaiulia\/wp-json\/wp\/v2\/comments?post=13085"}],"version-history":[{"count":0,"href":"https:\/\/urbeamea.ro\/albaiulia\/wp-json\/wp\/v2\/posts\/13085\/revisions"}],"wp:featuredmedia":[{"embeddable":true,"href":"https:\/\/urbeamea.ro\/albaiulia\/wp-json\/wp\/v2\/media\/13086"}],"wp:attachment":[{"href":"https:\/\/urbeamea.ro\/albaiulia\/wp-json\/wp\/v2\/media?parent=13085"}],"wp:term":[{"taxonomy":"category","embeddable":true,"href":"https:\/\/urbeamea.ro\/albaiulia\/wp-json\/wp\/v2\/categories?post=13085"},{"taxonomy":"post_tag","embeddable":true,"href":"https:\/\/urbeamea.ro\/albaiulia\/wp-json\/wp\/v2\/tags?post=13085"}],"curies":[{"name":"wp","href":"https:\/\/api.w.org\/{rel}","templated":true}]}}