{"id":14292,"date":"2015-12-10T09:38:57","date_gmt":"2015-12-10T07:38:57","guid":{"rendered":"http:\/\/urbeamea.ro\/albaiulia\/?p=14292"},"modified":"2016-01-18T18:03:37","modified_gmt":"2016-01-18T16:03:37","slug":"10-decembrie-ziua-internationala-a-drepturilor-omului","status":"publish","type":"post","link":"https:\/\/urbeamea.ro\/albaiulia\/10-decembrie-ziua-internationala-a-drepturilor-omului\/","title":{"rendered":"10 decembrie: Ziua Interna\u0163ional\u0103 a Drepturilor Omului"},"content":{"rendered":"<p><strong><a href=\"http:\/\/urbeamea.ro\/albaiulia\/wp-content\/uploads\/2015\/12\/drepturile-omului.jpg\"><img loading=\"lazy\" decoding=\"async\" class=\"size-medium wp-image-14293 alignleft\" src=\"http:\/\/urbeamea.ro\/albaiulia\/wp-content\/uploads\/2015\/12\/drepturile-omului-300x218.jpg\" alt=\"drepturile omului\" width=\"300\" height=\"218\" \/><\/a>Data de 10 decembrie marcheaz\u0103 \u00een lume Ziua Interna\u021bional\u0103 a Drepturilor Omului. \u00cen urm\u0103 cu 68 de ani, Adunarea general\u0103 a Organiza\u021biei Na\u021biunilor Unite a adoptat Declara\u021bia Universal\u0103 a Drepturilor Omului.<\/strong><\/p>\n<p>Anul acesta se \u00eemplinesc de asemenea 25 de ani de c\u00e2nd s-a \u00eenfiin\u021bat la Bucure\u0219ti Asocia\u021bia Pentru Ap\u0103rarea Drepturilor Omului \u00een Rom\u00e2nia \u2013 Comitetul Helsinki (APADOR-CH).<\/p>\n<p>Cu toate c\u0103 se presupune c\u0103, de 25 de ani, suntem familiari cu no\u021biunile fundamentale privind drepturile \u0219i libert\u0103\u021bile cet\u0103\u021bene\u0219ti, un studiu na\u021bional f\u0103cut anul acesta la cererea APADOR-CH arat\u0103 c\u0103 oamenii nu-\u0219i cunosc a\u0219a de bine drepturile \u00een Rom\u00e2nia democrat\u0103. Un procent de 72% dintre rom\u00e2ni recunosc c\u0103 nu sunt bine informa\u021bi \u00een privin\u021ba drepturilor pe care le au, dar 80% dintre ei consider\u0103 c\u0103 le sunt \u00eenc\u0103lcate drepturile civile. Cel mai des \u00eenc\u0103lcate se consider\u0103 a fi: dreptul la o judecat\u0103 echitabil\u0103 (61%), dreptul la desp\u0103gubiri \u00een caz de eroare judiciar\u0103 ( 59%) \u0219i dreptul de protec\u021bie a propriet\u0103\u021bii (58%).<\/p>\n<p>Potrivit studiului, institu\u021biile men\u021bionate de responden\u021bi c\u0103 \u00eencalc\u0103 frecvent drepturile omului \u00een Rom\u00e2nia sunt: Guvernul Rom\u00e2niei (62%), instan\u021bele de judecat\u0103 (60%), Parlamentul \u0219i sistemul de s\u0103n\u0103tate (57%) \u0219i administra\u021bia local\u0103 (50%).<\/p>\n<p>Chiar dac\u0103 unii consider\u0103 c\u0103 drepturile \u0219i libert\u0103\u021bile cet\u0103\u021bene\u0219ti sunt respectate, odat\u0103 dob\u00e2ndite \u00een decembrie 1989, realitatea ne arat\u0103 c\u0103 ele sunt foarte u\u0219or de \u00eenc\u0103lcat. Garan\u021bia respect\u0103rii drepturilor omului presupune un demers sus\u021binut, care antreneaz\u0103 institu\u021bii ale statului, organiza\u021bii neguvernamentale \u0219i cet\u0103\u021beni. Este important ca statul s\u0103 le respecte drepturile cet\u0103\u021benilor, dar la fel de important este ca ei s\u0103 \u0219i le cunoasc\u0103, \u0219i s\u0103 le revendice permanent, se arat\u0103 \u00eentr-un comunicat al APADOR-CH.<\/p>\n","protected":false},"excerpt":{"rendered":"<p>Data de 10 decembrie marcheaz\u0103 \u00een lume Ziua Interna\u021bional\u0103 a Drepturilor Omului. \u00cen urm\u0103 cu 68 de ani, Adunarea general\u0103 a Organiza\u021biei Na\u021biunilor Unite a adoptat Declara\u021bia Universal\u0103 a Drepturilor Omului. Anul acesta se \u00eemplinesc de asemenea 25 de ani de c\u00e2nd s-a \u00eenfiin\u021bat la Bucure\u0219ti Asocia\u021bia Pentru Ap\u0103rarea Drepturilor Omului \u00een Rom\u00e2nia \u2013 Comitetul &hellip;<\/p>\n","protected":false},"author":17,"featured_media":14293,"comment_status":"open","ping_status":"open","sticky":false,"template":"","format":"standard","meta":{"inline_featured_image":false,"footnotes":""},"categories":[2034],"tags":[1450,1454,1453,1452,1451,308,76],"class_list":["post-14292","post","type-post","status-publish","format-standard","has-post-thumbnail","hentry","category-social","tag-dreturile-omului","tag-guvernul-romaniei","tag-instantele-de-judecata","tag-libertati-cetatenesti","tag-romani","tag-stiri","tag-urbea-mea"],"yoast_head":"<!-- This site is optimized with the Yoast SEO plugin v27.4 - https:\/\/yoast.com\/product\/yoast-seo-wordpress\/ -->\n<title>10 decembrie: Ziua Interna\u0163ional\u0103 a Drepturilor Omului - Revista Urbea Mea - Revista de Alba<\/title>\n<meta name=\"description\" content=\"Data de 10 decembrie marcheaz\u0103 \u00een lume Ziua Interna\u021bional\u0103 a Drepturilor Omului. \u00cen urm\u0103 cu 68 de ani, Adunarea general\u0103 a Organiza\u021biei Na\u021biunilor Unite a\" \/>\n<meta name=\"robots\" content=\"index, follow, max-snippet:-1, max-image-preview:large, max-video-preview:-1\" \/>\n<link rel=\"canonical\" href=\"https:\/\/urbeamea.ro\/albaiulia\/10-decembrie-ziua-internationala-a-drepturilor-omului\/\" \/>\n<meta name=\"twitter:card\" content=\"summary_large_image\" \/>\n<meta name=\"twitter:title\" content=\"10 decembrie: Ziua Interna\u0163ional\u0103 a Drepturilor Omului - Revista Urbea Mea - Revista de Alba\" \/>\n<meta name=\"twitter:description\" content=\"Data de 10 decembrie marcheaz\u0103 \u00een lume Ziua Interna\u021bional\u0103 a Drepturilor Omului. \u00cen urm\u0103 cu 68 de ani, Adunarea general\u0103 a Organiza\u021biei Na\u021biunilor Unite a\" \/>\n<meta name=\"twitter:image\" content=\"https:\/\/urbeamea.ro\/albaiulia\/wp-content\/uploads\/2015\/12\/drepturile-omului.jpg\" \/>\n<meta name=\"twitter:creator\" content=\"@urbeameaweb\" \/>\n<meta name=\"twitter:site\" content=\"@urbeameaweb\" \/>\n<script type=\"application\/ld+json\" class=\"yoast-schema-graph\">{\"@context\":\"https:\\\/\\\/schema.org\",\"@graph\":[{\"@type\":\"Article\",\"@id\":\"https:\\\/\\\/urbeamea.ro\\\/albaiulia\\\/10-decembrie-ziua-internationala-a-drepturilor-omului\\\/#article\",\"isPartOf\":{\"@id\":\"https:\\\/\\\/urbeamea.ro\\\/albaiulia\\\/10-decembrie-ziua-internationala-a-drepturilor-omului\\\/\"},\"author\":{\"name\":\"Cristina Ganga\",\"@id\":\"https:\\\/\\\/urbeamea.ro\\\/albaiulia\\\/#\\\/schema\\\/person\\\/9700d21fae21c4f038b0b56f4506264a\"},\"headline\":\"10 decembrie: Ziua Interna\u0163ional\u0103 a Drepturilor Omului\",\"datePublished\":\"2015-12-10T07:38:57+00:00\",\"dateModified\":\"2016-01-18T16:03:37+00:00\",\"mainEntityOfPage\":{\"@id\":\"https:\\\/\\\/urbeamea.ro\\\/albaiulia\\\/10-decembrie-ziua-internationala-a-drepturilor-omului\\\/\"},\"wordCount\":305,\"commentCount\":0,\"image\":{\"@id\":\"https:\\\/\\\/urbeamea.ro\\\/albaiulia\\\/10-decembrie-ziua-internationala-a-drepturilor-omului\\\/#primaryimage\"},\"thumbnailUrl\":\"https:\\\/\\\/urbeamea.ro\\\/albaiulia\\\/wp-content\\\/uploads\\\/2015\\\/12\\\/drepturile-omului.jpg\",\"keywords\":[\"dreturile omului\",\"guvernul romaniei\",\"instantele de judecata\",\"libertati cetatenesti\",\"romani\",\"stiri\",\"Urbea Mea\"],\"articleSection\":[\"Social\"],\"inLanguage\":\"ro-RO\",\"potentialAction\":[{\"@type\":\"CommentAction\",\"name\":\"Comment\",\"target\":[\"https:\\\/\\\/urbeamea.ro\\\/albaiulia\\\/10-decembrie-ziua-internationala-a-drepturilor-omului\\\/#respond\"]}]},{\"@type\":\"WebPage\",\"@id\":\"https:\\\/\\\/urbeamea.ro\\\/albaiulia\\\/10-decembrie-ziua-internationala-a-drepturilor-omului\\\/\",\"url\":\"https:\\\/\\\/urbeamea.ro\\\/albaiulia\\\/10-decembrie-ziua-internationala-a-drepturilor-omului\\\/\",\"name\":\"10 decembrie: Ziua Interna\u0163ional\u0103 a Drepturilor Omului - Revista Urbea Mea - Revista de Alba\",\"isPartOf\":{\"@id\":\"https:\\\/\\\/urbeamea.ro\\\/albaiulia\\\/#website\"},\"primaryImageOfPage\":{\"@id\":\"https:\\\/\\\/urbeamea.ro\\\/albaiulia\\\/10-decembrie-ziua-internationala-a-drepturilor-omului\\\/#primaryimage\"},\"image\":{\"@id\":\"https:\\\/\\\/urbeamea.ro\\\/albaiulia\\\/10-decembrie-ziua-internationala-a-drepturilor-omului\\\/#primaryimage\"},\"thumbnailUrl\":\"https:\\\/\\\/urbeamea.ro\\\/albaiulia\\\/wp-content\\\/uploads\\\/2015\\\/12\\\/drepturile-omului.jpg\",\"datePublished\":\"2015-12-10T07:38:57+00:00\",\"dateModified\":\"2016-01-18T16:03:37+00:00\",\"author\":{\"@id\":\"https:\\\/\\\/urbeamea.ro\\\/albaiulia\\\/#\\\/schema\\\/person\\\/9700d21fae21c4f038b0b56f4506264a\"},\"description\":\"Data de 10 decembrie marcheaz\u0103 \u00een lume Ziua Interna\u021bional\u0103 a Drepturilor Omului. \u00cen urm\u0103 cu 68 de ani, Adunarea general\u0103 a Organiza\u021biei Na\u021biunilor Unite a\",\"breadcrumb\":{\"@id\":\"https:\\\/\\\/urbeamea.ro\\\/albaiulia\\\/10-decembrie-ziua-internationala-a-drepturilor-omului\\\/#breadcrumb\"},\"inLanguage\":\"ro-RO\",\"potentialAction\":[{\"@type\":\"ReadAction\",\"target\":[\"https:\\\/\\\/urbeamea.ro\\\/albaiulia\\\/10-decembrie-ziua-internationala-a-drepturilor-omului\\\/\"]}]},{\"@type\":\"ImageObject\",\"inLanguage\":\"ro-RO\",\"@id\":\"https:\\\/\\\/urbeamea.ro\\\/albaiulia\\\/10-decembrie-ziua-internationala-a-drepturilor-omului\\\/#primaryimage\",\"url\":\"https:\\\/\\\/urbeamea.ro\\\/albaiulia\\\/wp-content\\\/uploads\\\/2015\\\/12\\\/drepturile-omului.jpg\",\"contentUrl\":\"https:\\\/\\\/urbeamea.ro\\\/albaiulia\\\/wp-content\\\/uploads\\\/2015\\\/12\\\/drepturile-omului.jpg\",\"width\":800,\"height\":582},{\"@type\":\"BreadcrumbList\",\"@id\":\"https:\\\/\\\/urbeamea.ro\\\/albaiulia\\\/10-decembrie-ziua-internationala-a-drepturilor-omului\\\/#breadcrumb\",\"itemListElement\":[{\"@type\":\"ListItem\",\"position\":1,\"name\":\"Prima pagin\u0103\",\"item\":\"https:\\\/\\\/urbeamea.ro\\\/albaiulia\\\/\"},{\"@type\":\"ListItem\",\"position\":2,\"name\":\"10 decembrie: Ziua Interna\u0163ional\u0103 a Drepturilor Omului\"}]},{\"@type\":\"WebSite\",\"@id\":\"https:\\\/\\\/urbeamea.ro\\\/albaiulia\\\/#website\",\"url\":\"https:\\\/\\\/urbeamea.ro\\\/albaiulia\\\/\",\"name\":\"Revista Urbea Mea, Stiri urbane\",\"description\":\"Evenimente \u0219i \u0219tiri din Alba Iulia, Sebe\u0219, Aiud, Blaj\",\"potentialAction\":[{\"@type\":\"SearchAction\",\"target\":{\"@type\":\"EntryPoint\",\"urlTemplate\":\"https:\\\/\\\/urbeamea.ro\\\/albaiulia\\\/?s={search_term_string}\"},\"query-input\":{\"@type\":\"PropertyValueSpecification\",\"valueRequired\":true,\"valueName\":\"search_term_string\"}}],\"inLanguage\":\"ro-RO\"},{\"@type\":\"Person\",\"@id\":\"https:\\\/\\\/urbeamea.ro\\\/albaiulia\\\/#\\\/schema\\\/person\\\/9700d21fae21c4f038b0b56f4506264a\",\"name\":\"Cristina Ganga\",\"image\":{\"@type\":\"ImageObject\",\"inLanguage\":\"ro-RO\",\"@id\":\"https:\\\/\\\/secure.gravatar.com\\\/avatar\\\/5a67661041f057b4a8ccaf26f5a8e86e2689372006d01faf3dd9eeb10b654bb4?s=96&d=mm&r=g\",\"url\":\"https:\\\/\\\/secure.gravatar.com\\\/avatar\\\/5a67661041f057b4a8ccaf26f5a8e86e2689372006d01faf3dd9eeb10b654bb4?s=96&d=mm&r=g\",\"contentUrl\":\"https:\\\/\\\/secure.gravatar.com\\\/avatar\\\/5a67661041f057b4a8ccaf26f5a8e86e2689372006d01faf3dd9eeb10b654bb4?s=96&d=mm&r=g\",\"caption\":\"Cristina Ganga\"},\"description\":\"Jurnalist\",\"sameAs\":[\"https:\\\/\\\/www.facebook.com\\\/cristina.nicola.587\"],\"url\":\"https:\\\/\\\/urbeamea.ro\\\/albaiulia\\\/author\\\/cristina-nicola\\\/\"}]}<\/script>\n<!-- \/ Yoast SEO plugin. -->","yoast_head_json":{"title":"10 decembrie: Ziua Interna\u0163ional\u0103 a Drepturilor Omului - Revista Urbea Mea - Revista de Alba","description":"Data de 10 decembrie marcheaz\u0103 \u00een lume Ziua Interna\u021bional\u0103 a Drepturilor Omului. \u00cen urm\u0103 cu 68 de ani, Adunarea general\u0103 a Organiza\u021biei Na\u021biunilor Unite a","robots":{"index":"index","follow":"follow","max-snippet":"max-snippet:-1","max-image-preview":"max-image-preview:large","max-video-preview":"max-video-preview:-1"},"canonical":"https:\/\/urbeamea.ro\/albaiulia\/10-decembrie-ziua-internationala-a-drepturilor-omului\/","twitter_card":"summary_large_image","twitter_title":"10 decembrie: Ziua Interna\u0163ional\u0103 a Drepturilor Omului - Revista Urbea Mea - Revista de Alba","twitter_description":"Data de 10 decembrie marcheaz\u0103 \u00een lume Ziua Interna\u021bional\u0103 a Drepturilor Omului. \u00cen urm\u0103 cu 68 de ani, Adunarea general\u0103 a Organiza\u021biei Na\u021biunilor Unite a","twitter_image":"https:\/\/urbeamea.ro\/albaiulia\/wp-content\/uploads\/2015\/12\/drepturile-omului.jpg","twitter_creator":"@urbeameaweb","twitter_site":"@urbeameaweb","schema":{"@context":"https:\/\/schema.org","@graph":[{"@type":"Article","@id":"https:\/\/urbeamea.ro\/albaiulia\/10-decembrie-ziua-internationala-a-drepturilor-omului\/#article","isPartOf":{"@id":"https:\/\/urbeamea.ro\/albaiulia\/10-decembrie-ziua-internationala-a-drepturilor-omului\/"},"author":{"name":"Cristina Ganga","@id":"https:\/\/urbeamea.ro\/albaiulia\/#\/schema\/person\/9700d21fae21c4f038b0b56f4506264a"},"headline":"10 decembrie: Ziua Interna\u0163ional\u0103 a Drepturilor Omului","datePublished":"2015-12-10T07:38:57+00:00","dateModified":"2016-01-18T16:03:37+00:00","mainEntityOfPage":{"@id":"https:\/\/urbeamea.ro\/albaiulia\/10-decembrie-ziua-internationala-a-drepturilor-omului\/"},"wordCount":305,"commentCount":0,"image":{"@id":"https:\/\/urbeamea.ro\/albaiulia\/10-decembrie-ziua-internationala-a-drepturilor-omului\/#primaryimage"},"thumbnailUrl":"https:\/\/urbeamea.ro\/albaiulia\/wp-content\/uploads\/2015\/12\/drepturile-omului.jpg","keywords":["dreturile omului","guvernul romaniei","instantele de judecata","libertati cetatenesti","romani","stiri","Urbea Mea"],"articleSection":["Social"],"inLanguage":"ro-RO","potentialAction":[{"@type":"CommentAction","name":"Comment","target":["https:\/\/urbeamea.ro\/albaiulia\/10-decembrie-ziua-internationala-a-drepturilor-omului\/#respond"]}]},{"@type":"WebPage","@id":"https:\/\/urbeamea.ro\/albaiulia\/10-decembrie-ziua-internationala-a-drepturilor-omului\/","url":"https:\/\/urbeamea.ro\/albaiulia\/10-decembrie-ziua-internationala-a-drepturilor-omului\/","name":"10 decembrie: Ziua Interna\u0163ional\u0103 a Drepturilor Omului - Revista Urbea Mea - Revista de Alba","isPartOf":{"@id":"https:\/\/urbeamea.ro\/albaiulia\/#website"},"primaryImageOfPage":{"@id":"https:\/\/urbeamea.ro\/albaiulia\/10-decembrie-ziua-internationala-a-drepturilor-omului\/#primaryimage"},"image":{"@id":"https:\/\/urbeamea.ro\/albaiulia\/10-decembrie-ziua-internationala-a-drepturilor-omului\/#primaryimage"},"thumbnailUrl":"https:\/\/urbeamea.ro\/albaiulia\/wp-content\/uploads\/2015\/12\/drepturile-omului.jpg","datePublished":"2015-12-10T07:38:57+00:00","dateModified":"2016-01-18T16:03:37+00:00","author":{"@id":"https:\/\/urbeamea.ro\/albaiulia\/#\/schema\/person\/9700d21fae21c4f038b0b56f4506264a"},"description":"Data de 10 decembrie marcheaz\u0103 \u00een lume Ziua Interna\u021bional\u0103 a Drepturilor Omului. \u00cen urm\u0103 cu 68 de ani, Adunarea general\u0103 a Organiza\u021biei Na\u021biunilor Unite a","breadcrumb":{"@id":"https:\/\/urbeamea.ro\/albaiulia\/10-decembrie-ziua-internationala-a-drepturilor-omului\/#breadcrumb"},"inLanguage":"ro-RO","potentialAction":[{"@type":"ReadAction","target":["https:\/\/urbeamea.ro\/albaiulia\/10-decembrie-ziua-internationala-a-drepturilor-omului\/"]}]},{"@type":"ImageObject","inLanguage":"ro-RO","@id":"https:\/\/urbeamea.ro\/albaiulia\/10-decembrie-ziua-internationala-a-drepturilor-omului\/#primaryimage","url":"https:\/\/urbeamea.ro\/albaiulia\/wp-content\/uploads\/2015\/12\/drepturile-omului.jpg","contentUrl":"https:\/\/urbeamea.ro\/albaiulia\/wp-content\/uploads\/2015\/12\/drepturile-omului.jpg","width":800,"height":582},{"@type":"BreadcrumbList","@id":"https:\/\/urbeamea.ro\/albaiulia\/10-decembrie-ziua-internationala-a-drepturilor-omului\/#breadcrumb","itemListElement":[{"@type":"ListItem","position":1,"name":"Prima pagin\u0103","item":"https:\/\/urbeamea.ro\/albaiulia\/"},{"@type":"ListItem","position":2,"name":"10 decembrie: Ziua Interna\u0163ional\u0103 a Drepturilor Omului"}]},{"@type":"WebSite","@id":"https:\/\/urbeamea.ro\/albaiulia\/#website","url":"https:\/\/urbeamea.ro\/albaiulia\/","name":"Revista Urbea Mea, Stiri urbane","description":"Evenimente \u0219i \u0219tiri din Alba Iulia, Sebe\u0219, Aiud, Blaj","potentialAction":[{"@type":"SearchAction","target":{"@type":"EntryPoint","urlTemplate":"https:\/\/urbeamea.ro\/albaiulia\/?s={search_term_string}"},"query-input":{"@type":"PropertyValueSpecification","valueRequired":true,"valueName":"search_term_string"}}],"inLanguage":"ro-RO"},{"@type":"Person","@id":"https:\/\/urbeamea.ro\/albaiulia\/#\/schema\/person\/9700d21fae21c4f038b0b56f4506264a","name":"Cristina Ganga","image":{"@type":"ImageObject","inLanguage":"ro-RO","@id":"https:\/\/secure.gravatar.com\/avatar\/5a67661041f057b4a8ccaf26f5a8e86e2689372006d01faf3dd9eeb10b654bb4?s=96&d=mm&r=g","url":"https:\/\/secure.gravatar.com\/avatar\/5a67661041f057b4a8ccaf26f5a8e86e2689372006d01faf3dd9eeb10b654bb4?s=96&d=mm&r=g","contentUrl":"https:\/\/secure.gravatar.com\/avatar\/5a67661041f057b4a8ccaf26f5a8e86e2689372006d01faf3dd9eeb10b654bb4?s=96&d=mm&r=g","caption":"Cristina Ganga"},"description":"Jurnalist","sameAs":["https:\/\/www.facebook.com\/cristina.nicola.587"],"url":"https:\/\/urbeamea.ro\/albaiulia\/author\/cristina-nicola\/"}]}},"_links":{"self":[{"href":"https:\/\/urbeamea.ro\/albaiulia\/wp-json\/wp\/v2\/posts\/14292","targetHints":{"allow":["GET"]}}],"collection":[{"href":"https:\/\/urbeamea.ro\/albaiulia\/wp-json\/wp\/v2\/posts"}],"about":[{"href":"https:\/\/urbeamea.ro\/albaiulia\/wp-json\/wp\/v2\/types\/post"}],"author":[{"embeddable":true,"href":"https:\/\/urbeamea.ro\/albaiulia\/wp-json\/wp\/v2\/users\/17"}],"replies":[{"embeddable":true,"href":"https:\/\/urbeamea.ro\/albaiulia\/wp-json\/wp\/v2\/comments?post=14292"}],"version-history":[{"count":0,"href":"https:\/\/urbeamea.ro\/albaiulia\/wp-json\/wp\/v2\/posts\/14292\/revisions"}],"wp:featuredmedia":[{"embeddable":true,"href":"https:\/\/urbeamea.ro\/albaiulia\/wp-json\/wp\/v2\/media\/14293"}],"wp:attachment":[{"href":"https:\/\/urbeamea.ro\/albaiulia\/wp-json\/wp\/v2\/media?parent=14292"}],"wp:term":[{"taxonomy":"category","embeddable":true,"href":"https:\/\/urbeamea.ro\/albaiulia\/wp-json\/wp\/v2\/categories?post=14292"},{"taxonomy":"post_tag","embeddable":true,"href":"https:\/\/urbeamea.ro\/albaiulia\/wp-json\/wp\/v2\/tags?post=14292"}],"curies":[{"name":"wp","href":"https:\/\/api.w.org\/{rel}","templated":true}]}}