{"id":14532,"date":"2015-12-11T12:21:45","date_gmt":"2015-12-11T10:21:45","guid":{"rendered":"http:\/\/urbeamea.ro\/albaiulia\/?p=14532"},"modified":"2016-01-18T18:02:25","modified_gmt":"2016-01-18T16:02:25","slug":"foto-idei-de-business-dezbatute-la-un-seminar-de-cultura-antreprenoriala-realizat-de-adr-centru-prin-centrul-europe-direct","status":"publish","type":"post","link":"https:\/\/urbeamea.ro\/albaiulia\/foto-idei-de-business-dezbatute-la-un-seminar-de-cultura-antreprenoriala-realizat-de-adr-centru-prin-centrul-europe-direct\/","title":{"rendered":"FOTO: Idei de business, dezb\u0103tute la un seminar de cultur\u0103 antreprenorial\u0103, realizat de ADR Centru, prin Centrul Europe Direct"},"content":{"rendered":"<p><strong><a href=\"http:\/\/urbeamea.ro\/albaiulia\/wp-content\/uploads\/2015\/12\/Foto2.jpg\"><img loading=\"lazy\" decoding=\"async\" class=\"size-medium wp-image-14535 alignleft\" src=\"http:\/\/urbeamea.ro\/albaiulia\/wp-content\/uploads\/2015\/12\/Foto2-300x166.jpg\" alt=\"Foto2\" width=\"300\" height=\"166\" \/><\/a>Joi, echipa Europe Direct Regiunea Centru, din cadrul ADR Centru, al\u0103turi de lectorii invita\u021bi \u0219i de aproape 30 de studen\u021bi au participat la seminarul de cultur\u0103 antreprenorial\u0103 organizat la Universitatea Transilvania Bra\u0219ov. Ce oportunit\u0103\u021bi ofer\u0103 studen\u021bilor programele europene, care vizeaz\u0103 resursele umane din Rom\u00e2nia, ce oportunit\u0103\u021bi de dezvoltare \u00een mediul privat sunt, dar \u0219i cum se poate solicita o finan\u021bare nerambursabil\u0103 au fost c\u00e2teva elemente prezentate \u00een cadrul \u00eent\u00e2lnirii.<\/strong><\/p>\n<p>Conform unui studiu al educa\u021biei \u0219i culturii antreprenoriale,\u00a0<strong>tinerii studen\u021bi rom\u00e2ni vor s\u0103 fie propriii lor \u0219efi<\/strong>. Un procent de 52% dintre studen\u021bi vor sa \u00eenceap\u0103 propria afacere \u00een urm\u0103torii doi ani dup\u0103 \u00eencheierea anilor de studiu, iar 57% ar prefera s\u0103 fie antreprenori \u0219i nu manageri \u00eentr-o companie. \u00cen acela\u0219i timp, 56% dintre tineri consider\u0103 oportun s\u0103 devin\u0103 antreprenori dup\u0103 acumularea de experien\u021b\u0103 profesional\u0103, Ion \u0162iriac fiind cel mai cunoscut antreprenor rom\u00e2n \u00een r\u00e2ndul tinerilor.<\/p>\n<p><a href=\"http:\/\/urbeamea.ro\/albaiulia\/wp-content\/uploads\/2015\/12\/Foto4.jpg\"><img loading=\"lazy\" decoding=\"async\" class=\"size-medium wp-image-14537 alignleft\" src=\"http:\/\/urbeamea.ro\/albaiulia\/wp-content\/uploads\/2015\/12\/Foto4-300x146.jpg\" alt=\"Foto4\" width=\"300\" height=\"146\" srcset=\"https:\/\/urbeamea.ro\/albaiulia\/wp-content\/uploads\/2015\/12\/Foto4-300x146.jpg 300w, https:\/\/urbeamea.ro\/albaiulia\/wp-content\/uploads\/2015\/12\/Foto4-150x73.jpg 150w, https:\/\/urbeamea.ro\/albaiulia\/wp-content\/uploads\/2015\/12\/Foto4-1024x499.jpg 1024w, https:\/\/urbeamea.ro\/albaiulia\/wp-content\/uploads\/2015\/12\/Foto4-578x280.jpg 578w, https:\/\/urbeamea.ro\/albaiulia\/wp-content\/uploads\/2015\/12\/Foto4.jpg 1142w\" sizes=\"auto, (max-width: 300px) 100vw, 300px\" \/><\/a>La seminarul de la Bra\u0219ov, tinerii au confirmat rezultatele statistice. Propuneri de proiecte \u0219i idei de afaceri \u00een mediul urban sau rural, de la colectarea \u0219i procesare de fructe de p\u0103dure, p\u00e2n\u0103 la colectarea uleiurilor uzate, de la repararea bicicletelor \u0219i cluburi de mountain-biking, p\u00e2n\u0103 la clustere \u00een domeniul IT sau al designului industrial, ideile tinerilor au fost discutate \u0219i s-au ferit c\u00e2teva posibile solu\u021bii de finan\u021bare a lor.<\/p>\n<p>\u201dConform studiilor, \u00een percep\u021bia studen\u021bilor, cele mai importante trei\u00a0m\u0103suri care ar sus\u021bine mediul universitar \u00een dezvoltarea spiritului antreprenorial\u00a0ar fi simul\u0103rile de creare \u0219i administrare a propriei afaceri, stagiile de practic\u0103 \u00een companii \u0219i cursurile de educa\u021bie antreprenorial\u0103.\u00a0Referitor la principalele\u00a0obstacole\u00a0pe care ei le v\u0103d \u00een a-\u0219i deschide propria afacere, din studii reiese c\u0103 acestea sunt lipsa capitalului de \u00eenceput, teama de e\u0219ec \u0219i situa\u021bia economic\u0103 incert\u0103. \u00cen privin\u021ba capitalului, fondurile europene ar reprezenta sursa principal\u0103 de finan\u021bare a start-up-ului personal. At\u00e2t acest seminar de cultur\u0103 antreprenorial\u0103, c\u00e2t \u0219i surse de ob\u021binere a capitalului din fonduri europene le prezent\u0103m celor prezen\u021bi \u0219i apoi le vom pune la dispozi\u021bia tuturor celor interesa\u021bi prin mijloacele noastre de comunicare, online sau prin mass-media pentru o c\u00e2t mai bun\u0103 diseminare\u201d, a declarat Simion Cre\u021bu, director general ADR Centru.<\/p>\n<p><strong><a href=\"http:\/\/urbeamea.ro\/albaiulia\/wp-content\/uploads\/2015\/12\/Foto1.jpg\"><img loading=\"lazy\" decoding=\"async\" class=\"size-medium wp-image-14534 alignleft\" src=\"http:\/\/urbeamea.ro\/albaiulia\/wp-content\/uploads\/2015\/12\/Foto1-300x207.jpg\" alt=\"Foto1\" width=\"300\" height=\"207\" srcset=\"https:\/\/urbeamea.ro\/albaiulia\/wp-content\/uploads\/2015\/12\/Foto1-300x207.jpg 300w, https:\/\/urbeamea.ro\/albaiulia\/wp-content\/uploads\/2015\/12\/Foto1-150x104.jpg 150w, https:\/\/urbeamea.ro\/albaiulia\/wp-content\/uploads\/2015\/12\/Foto1-1024x708.jpg 1024w, https:\/\/urbeamea.ro\/albaiulia\/wp-content\/uploads\/2015\/12\/Foto1.jpg 1150w\" sizes=\"auto, (max-width: 300px) 100vw, 300px\" \/><\/a>Cei mai importan\u021bi\u00a0factori ai succesului \u00een afaceri<\/strong>\u00a0sunt considera\u021bi de c\u0103tre tineri: ideea afacerii, calitatea planului de afaceri \u0219i calitatea re\u021belei de \u201dcontacte de business\u201d, R\u0103spunz\u00e2nd acestor cerin\u021be Centrul de Informare Europe Direct Regiunea Centru a venit \u00een \u00eent\u00e2mpinarea studen\u021bilor, organiz\u00e2nd la Bra\u0219ov acest seminar de cultur\u0103 antreprenorial\u0103. \u00cent\u00e2lnirea, foarte degajat\u0103 cu studen\u021bii, a permis acestora s\u0103 ob\u021bin\u0103 informa\u021bii cu privire la pa\u0219ii ce trebuiesc parcur\u0219i pentru \u00eenfiin\u021barea unei firme \u0219i programele de finan\u021bare disponibile pentru \u00eenfiin\u021barea unei activit\u0103\u021bi economice, oportunit\u0103\u0163ile de angajare \u00een str\u0103in\u0103tate, respectiv procedurile de recrutare utilizate, dar \u0219i oportunit\u0103\u021bile de studiu sau de voluntariat \u00een str\u0103in\u0103tate.<\/p>\n<p>Aproape 30 de tineri care studiaz\u0103 \u00een profilurile economic, inginerie sau resurse umane au participat la acest seminar organizat la Bra\u0219ov, \u00een parteneriat cu Universitatea Transilvania Bra\u0219ov, prin Centrul de Informare, Consiliere si Orientare a Carierei. Lectorul invitat \u00een cadrul acestui eveniment, conf. univ. dr. Sorin Deaconu, Universitatea \u201d1 Decembrie 1918\u201d Alba Iulia, le-a prezentat tinerilor care sunt documentele necesare pentru a-\u0219i deschide o firm\u0103, cum se \u00eentocme\u0219te o cerere de finan\u021bare, unde se pot g\u0103si fonduri nerambursabile pentru tinerii afla\u021bi la \u00eenceput de drum \u00een afaceri, dar \u0219i care este con\u021binutul unui plan de afaceri, necesar pentru depunerea unei cereri de finan\u021bare.<\/p>\n<p>De asemenea tinerii prezen\u021bi au mai primit informa\u021bii, dar \u0219i materiale promo\u021bionale despre produsele de comunicare realizate de c\u0103tre Centrul Europe Direct Regiunea Centru pe parcursul anului 2015, despre rolul Centrului \u00een informarea cet\u0103\u021benilor, precum \u0219i serviciile \u0219i evenimentele puse la dispozi\u021bia cet\u0103\u021benilor prin intermediul Centrului sau a structurii gazd\u0103, ADR Centru, at\u00e2t permanent c\u00e2t \u0219i punctual \u00een anul 2016.<\/p>\n<div id='gallery-1' class='gallery galleryid-14532 gallery-columns-3 gallery-size-thumbnail'><figure class='gallery-item'>\n\t\t\t<div class='gallery-icon landscape'>\n\t\t\t\t<a href='https:\/\/urbeamea.ro\/albaiulia\/wp-content\/uploads\/2015\/12\/Foto6.jpg'><img decoding=\"async\" width=\"150\" height=\"69\" src=\"data:image\/png;base64,iVBORw0KGgoAAAANSUhEUgAAAYYAAADcAQMAAABOLJSDAAAAA1BMVEUAAACnej3aAAAAAXRSTlMAQObYZgAAACJJREFUaIHtwTEBAAAAwqD1T20ND6AAAAAAAAAAAAAA4N8AKvgAAUFIrrEAAAAASUVORK5CYII=\" class=\"attachment-thumbnail size-thumbnail lazy-img\" alt=\"\" srcset=\"https:\/\/urbeamea.ro\/albaiulia\/wp-content\/uploads\/2015\/12\/Foto6-150x69.jpg 150w, https:\/\/urbeamea.ro\/albaiulia\/wp-content\/uploads\/2015\/12\/Foto6-300x139.jpg 300w, https:\/\/urbeamea.ro\/albaiulia\/wp-content\/uploads\/2015\/12\/Foto6-1024x473.jpg 1024w, https:\/\/urbeamea.ro\/albaiulia\/wp-content\/uploads\/2015\/12\/Foto6.jpg 1280w\" sizes=\"auto, (max-width: 150px) 100vw, 150px\" data-src=\"https:\/\/urbeamea.ro\/albaiulia\/wp-content\/uploads\/2015\/12\/Foto6-150x69.jpg\" loading=\"lazy\" \/><\/a>\n\t\t\t<\/div><\/figure><figure class='gallery-item'>\n\t\t\t<div class='gallery-icon landscape'>\n\t\t\t\t<a href='https:\/\/urbeamea.ro\/albaiulia\/wp-content\/uploads\/2015\/12\/Foto1.jpg'><img decoding=\"async\" width=\"150\" height=\"104\" src=\"data:image\/png;base64,iVBORw0KGgoAAAANSUhEUgAAAYYAAADcAQMAAABOLJSDAAAAA1BMVEUAAACnej3aAAAAAXRSTlMAQObYZgAAACJJREFUaIHtwTEBAAAAwqD1T20ND6AAAAAAAAAAAAAA4N8AKvgAAUFIrrEAAAAASUVORK5CYII=\" class=\"attachment-thumbnail size-thumbnail lazy-img\" alt=\"\" srcset=\"https:\/\/urbeamea.ro\/albaiulia\/wp-content\/uploads\/2015\/12\/Foto1-150x104.jpg 150w, https:\/\/urbeamea.ro\/albaiulia\/wp-content\/uploads\/2015\/12\/Foto1-300x207.jpg 300w, https:\/\/urbeamea.ro\/albaiulia\/wp-content\/uploads\/2015\/12\/Foto1-1024x708.jpg 1024w, https:\/\/urbeamea.ro\/albaiulia\/wp-content\/uploads\/2015\/12\/Foto1.jpg 1150w\" sizes=\"auto, (max-width: 150px) 100vw, 150px\" data-src=\"https:\/\/urbeamea.ro\/albaiulia\/wp-content\/uploads\/2015\/12\/Foto1-150x104.jpg\" loading=\"lazy\" \/><\/a>\n\t\t\t<\/div><\/figure><figure class='gallery-item'>\n\t\t\t<div class='gallery-icon landscape'>\n\t\t\t\t<a href='https:\/\/urbeamea.ro\/albaiulia\/wp-content\/uploads\/2015\/12\/Foto2.jpg'><img decoding=\"async\" width=\"150\" height=\"83\" src=\"data:image\/png;base64,iVBORw0KGgoAAAANSUhEUgAAAYYAAADcAQMAAABOLJSDAAAAA1BMVEUAAACnej3aAAAAAXRSTlMAQObYZgAAACJJREFUaIHtwTEBAAAAwqD1T20ND6AAAAAAAAAAAAAA4N8AKvgAAUFIrrEAAAAASUVORK5CYII=\" class=\"attachment-thumbnail size-thumbnail lazy-img\" alt=\"\" srcset=\"https:\/\/urbeamea.ro\/albaiulia\/wp-content\/uploads\/2015\/12\/Foto2-150x83.jpg 150w, https:\/\/urbeamea.ro\/albaiulia\/wp-content\/uploads\/2015\/12\/Foto2-640x354.jpg 640w, https:\/\/urbeamea.ro\/albaiulia\/wp-content\/uploads\/2015\/12\/Foto2-1024x566.jpg 1024w, https:\/\/urbeamea.ro\/albaiulia\/wp-content\/uploads\/2015\/12\/Foto2-1200x666.jpg 1200w, https:\/\/urbeamea.ro\/albaiulia\/wp-content\/uploads\/2015\/12\/Foto2.jpg 1204w\" sizes=\"auto, (max-width: 150px) 100vw, 150px\" data-src=\"https:\/\/urbeamea.ro\/albaiulia\/wp-content\/uploads\/2015\/12\/Foto2-150x83.jpg\" loading=\"lazy\" \/><\/a>\n\t\t\t<\/div><\/figure><figure class='gallery-item'>\n\t\t\t<div class='gallery-icon landscape'>\n\t\t\t\t<a href='https:\/\/urbeamea.ro\/albaiulia\/wp-content\/uploads\/2015\/12\/Foto3.jpg'><img decoding=\"async\" width=\"150\" height=\"108\" src=\"data:image\/png;base64,iVBORw0KGgoAAAANSUhEUgAAAYYAAADcAQMAAABOLJSDAAAAA1BMVEUAAACnej3aAAAAAXRSTlMAQObYZgAAACJJREFUaIHtwTEBAAAAwqD1T20ND6AAAAAAAAAAAAAA4N8AKvgAAUFIrrEAAAAASUVORK5CYII=\" class=\"attachment-thumbnail size-thumbnail lazy-img\" alt=\"\" srcset=\"https:\/\/urbeamea.ro\/albaiulia\/wp-content\/uploads\/2015\/12\/Foto3-150x108.jpg 150w, https:\/\/urbeamea.ro\/albaiulia\/wp-content\/uploads\/2015\/12\/Foto3-300x216.jpg 300w, https:\/\/urbeamea.ro\/albaiulia\/wp-content\/uploads\/2015\/12\/Foto3-1024x739.jpg 1024w, https:\/\/urbeamea.ro\/albaiulia\/wp-content\/uploads\/2015\/12\/Foto3-578x420.jpg 578w, https:\/\/urbeamea.ro\/albaiulia\/wp-content\/uploads\/2015\/12\/Foto3-287x208.jpg 287w, https:\/\/urbeamea.ro\/albaiulia\/wp-content\/uploads\/2015\/12\/Foto3.jpg 1112w\" sizes=\"auto, (max-width: 150px) 100vw, 150px\" data-src=\"https:\/\/urbeamea.ro\/albaiulia\/wp-content\/uploads\/2015\/12\/Foto3-150x108.jpg\" loading=\"lazy\" \/><\/a>\n\t\t\t<\/div><\/figure><figure class='gallery-item'>\n\t\t\t<div class='gallery-icon landscape'>\n\t\t\t\t<a href='https:\/\/urbeamea.ro\/albaiulia\/wp-content\/uploads\/2015\/12\/Foto4.jpg'><img decoding=\"async\" width=\"150\" height=\"73\" src=\"data:image\/png;base64,iVBORw0KGgoAAAANSUhEUgAAAYYAAADcAQMAAABOLJSDAAAAA1BMVEUAAACnej3aAAAAAXRSTlMAQObYZgAAACJJREFUaIHtwTEBAAAAwqD1T20ND6AAAAAAAAAAAAAA4N8AKvgAAUFIrrEAAAAASUVORK5CYII=\" class=\"attachment-thumbnail size-thumbnail lazy-img\" alt=\"\" srcset=\"https:\/\/urbeamea.ro\/albaiulia\/wp-content\/uploads\/2015\/12\/Foto4-150x73.jpg 150w, https:\/\/urbeamea.ro\/albaiulia\/wp-content\/uploads\/2015\/12\/Foto4-300x146.jpg 300w, https:\/\/urbeamea.ro\/albaiulia\/wp-content\/uploads\/2015\/12\/Foto4-1024x499.jpg 1024w, https:\/\/urbeamea.ro\/albaiulia\/wp-content\/uploads\/2015\/12\/Foto4-578x280.jpg 578w, https:\/\/urbeamea.ro\/albaiulia\/wp-content\/uploads\/2015\/12\/Foto4.jpg 1142w\" sizes=\"auto, (max-width: 150px) 100vw, 150px\" data-src=\"https:\/\/urbeamea.ro\/albaiulia\/wp-content\/uploads\/2015\/12\/Foto4-150x73.jpg\" loading=\"lazy\" \/><\/a>\n\t\t\t<\/div><\/figure><figure class='gallery-item'>\n\t\t\t<div class='gallery-icon landscape'>\n\t\t\t\t<a href='https:\/\/urbeamea.ro\/albaiulia\/wp-content\/uploads\/2015\/12\/Foto5.jpg'><img decoding=\"async\" width=\"150\" height=\"95\" src=\"data:image\/png;base64,iVBORw0KGgoAAAANSUhEUgAAAYYAAADcAQMAAABOLJSDAAAAA1BMVEUAAACnej3aAAAAAXRSTlMAQObYZgAAACJJREFUaIHtwTEBAAAAwqD1T20ND6AAAAAAAAAAAAAA4N8AKvgAAUFIrrEAAAAASUVORK5CYII=\" class=\"attachment-thumbnail size-thumbnail lazy-img\" alt=\"\" srcset=\"https:\/\/urbeamea.ro\/albaiulia\/wp-content\/uploads\/2015\/12\/Foto5-150x95.jpg 150w, https:\/\/urbeamea.ro\/albaiulia\/wp-content\/uploads\/2015\/12\/Foto5-300x191.jpg 300w, https:\/\/urbeamea.ro\/albaiulia\/wp-content\/uploads\/2015\/12\/Foto5-1024x651.jpg 1024w, https:\/\/urbeamea.ro\/albaiulia\/wp-content\/uploads\/2015\/12\/Foto5.jpg 1056w\" sizes=\"auto, (max-width: 150px) 100vw, 150px\" data-src=\"https:\/\/urbeamea.ro\/albaiulia\/wp-content\/uploads\/2015\/12\/Foto5-150x95.jpg\" loading=\"lazy\" \/><\/a>\n\t\t\t<\/div><\/figure>\n\t\t<\/div>\n\n","protected":false},"excerpt":{"rendered":"<p>Joi, echipa Europe Direct Regiunea Centru, din cadrul ADR Centru, al\u0103turi de lectorii invita\u021bi \u0219i de aproape 30 de studen\u021bi au participat la seminarul de cultur\u0103 antreprenorial\u0103 organizat la Universitatea Transilvania Bra\u0219ov. Ce oportunit\u0103\u021bi ofer\u0103 studen\u021bilor programele europene, care vizeaz\u0103 resursele umane din Rom\u00e2nia, ce oportunit\u0103\u021bi de dezvoltare \u00een mediul privat sunt, dar \u0219i cum &hellip;<\/p>\n","protected":false},"author":17,"featured_media":14535,"comment_status":"open","ping_status":"open","sticky":false,"template":"","format":"standard","meta":{"inline_featured_image":false,"footnotes":""},"categories":[2034],"tags":[343,1474,31,1263,1476,1478,1477,308,376,1475,76],"class_list":["post-14532","post","type-post","status-publish","format-standard","has-post-thumbnail","hentry","category-social","tag-adr-centru","tag-afaceri","tag-alba-iulia","tag-centrul-europe-direct-regiunea-centru","tag-idei","tag-mijloace-de-comunicare","tag-simion-cretu","tag-stiri","tag-studenti","tag-succes","tag-urbea-mea"],"yoast_head":"<!-- This site is optimized with the Yoast SEO plugin v28.3 - https:\/\/yoast.com\/product\/yoast-seo-wordpress\/ -->\n<title>FOTO: Idei de business, dezb\u0103tute la un seminar de cultur\u0103 antreprenorial\u0103, realizat de ADR Centru, prin Centrul Europe Direct - Revista Urbea Mea - Revista de Alba<\/title>\n<meta name=\"description\" content=\"Joi, echipa Europe Direct Regiunea Centru, din cadrul ADR Centru, al\u0103turi de lectorii invita\u021bi \u0219i de aproape 30 de studen\u021bi au participat la seminarul de\" \/>\n<meta name=\"robots\" content=\"index, follow, max-snippet:-1, max-image-preview:large, max-video-preview:-1\" \/>\n<link rel=\"canonical\" href=\"https:\/\/urbeamea.ro\/albaiulia\/foto-idei-de-business-dezbatute-la-un-seminar-de-cultura-antreprenoriala-realizat-de-adr-centru-prin-centrul-europe-direct\/\" \/>\n<meta name=\"twitter:card\" content=\"summary_large_image\" \/>\n<meta name=\"twitter:title\" content=\"FOTO: Idei de business, dezb\u0103tute la un seminar de cultur\u0103 antreprenorial\u0103, realizat de ADR Centru, prin Centrul Europe Direct - Revista Urbea Mea - Revista de Alba\" \/>\n<meta name=\"twitter:description\" content=\"Joi, echipa Europe Direct Regiunea Centru, din cadrul ADR Centru, al\u0103turi de lectorii invita\u021bi \u0219i de aproape 30 de studen\u021bi au participat la seminarul de\" \/>\n<meta name=\"twitter:image\" content=\"https:\/\/urbeamea.ro\/albaiulia\/wp-content\/uploads\/2015\/12\/Foto2.jpg\" \/>\n<meta name=\"twitter:creator\" content=\"@urbeameaweb\" \/>\n<meta name=\"twitter:site\" content=\"@urbeameaweb\" \/>\n<script type=\"application\/ld+json\" class=\"yoast-schema-graph\">{\"@context\":\"https:\\\/\\\/schema.org\",\"@graph\":[{\"@type\":\"Article\",\"@id\":\"https:\\\/\\\/urbeamea.ro\\\/albaiulia\\\/foto-idei-de-business-dezbatute-la-un-seminar-de-cultura-antreprenoriala-realizat-de-adr-centru-prin-centrul-europe-direct\\\/#article\",\"isPartOf\":{\"@id\":\"https:\\\/\\\/urbeamea.ro\\\/albaiulia\\\/foto-idei-de-business-dezbatute-la-un-seminar-de-cultura-antreprenoriala-realizat-de-adr-centru-prin-centrul-europe-direct\\\/\"},\"author\":{\"name\":\"Cristina Ganga\",\"@id\":\"https:\\\/\\\/urbeamea.ro\\\/albaiulia\\\/#\\\/schema\\\/person\\\/9700d21fae21c4f038b0b56f4506264a\"},\"headline\":\"FOTO: Idei de business, dezb\u0103tute la un seminar de cultur\u0103 antreprenorial\u0103, realizat de ADR Centru, prin Centrul Europe Direct\",\"datePublished\":\"2015-12-11T10:21:45+00:00\",\"dateModified\":\"2016-01-18T16:02:25+00:00\",\"mainEntityOfPage\":{\"@id\":\"https:\\\/\\\/urbeamea.ro\\\/albaiulia\\\/foto-idei-de-business-dezbatute-la-un-seminar-de-cultura-antreprenoriala-realizat-de-adr-centru-prin-centrul-europe-direct\\\/\"},\"wordCount\":722,\"commentCount\":0,\"image\":{\"@id\":\"https:\\\/\\\/urbeamea.ro\\\/albaiulia\\\/foto-idei-de-business-dezbatute-la-un-seminar-de-cultura-antreprenoriala-realizat-de-adr-centru-prin-centrul-europe-direct\\\/#primaryimage\"},\"thumbnailUrl\":\"https:\\\/\\\/urbeamea.ro\\\/albaiulia\\\/wp-content\\\/uploads\\\/2015\\\/12\\\/Foto2.jpg\",\"keywords\":[\"ADR Centru\",\"afaceri\",\"Alba Iulia\",\"Centrul Europe Direct Regiunea Centru\",\"idei\",\"mijloace de comunicare\",\"simion cretu\",\"stiri\",\"studenti\",\"succes\",\"Urbea Mea\"],\"articleSection\":[\"Social\"],\"inLanguage\":\"ro-RO\",\"potentialAction\":[{\"@type\":\"CommentAction\",\"name\":\"Comment\",\"target\":[\"https:\\\/\\\/urbeamea.ro\\\/albaiulia\\\/foto-idei-de-business-dezbatute-la-un-seminar-de-cultura-antreprenoriala-realizat-de-adr-centru-prin-centrul-europe-direct\\\/#respond\"]}]},{\"@type\":\"WebPage\",\"@id\":\"https:\\\/\\\/urbeamea.ro\\\/albaiulia\\\/foto-idei-de-business-dezbatute-la-un-seminar-de-cultura-antreprenoriala-realizat-de-adr-centru-prin-centrul-europe-direct\\\/\",\"url\":\"https:\\\/\\\/urbeamea.ro\\\/albaiulia\\\/foto-idei-de-business-dezbatute-la-un-seminar-de-cultura-antreprenoriala-realizat-de-adr-centru-prin-centrul-europe-direct\\\/\",\"name\":\"FOTO: Idei de business, dezb\u0103tute la un seminar de cultur\u0103 antreprenorial\u0103, realizat de ADR Centru, prin Centrul Europe Direct - Revista Urbea Mea - Revista de Alba\",\"isPartOf\":{\"@id\":\"https:\\\/\\\/urbeamea.ro\\\/albaiulia\\\/#website\"},\"primaryImageOfPage\":{\"@id\":\"https:\\\/\\\/urbeamea.ro\\\/albaiulia\\\/foto-idei-de-business-dezbatute-la-un-seminar-de-cultura-antreprenoriala-realizat-de-adr-centru-prin-centrul-europe-direct\\\/#primaryimage\"},\"image\":{\"@id\":\"https:\\\/\\\/urbeamea.ro\\\/albaiulia\\\/foto-idei-de-business-dezbatute-la-un-seminar-de-cultura-antreprenoriala-realizat-de-adr-centru-prin-centrul-europe-direct\\\/#primaryimage\"},\"thumbnailUrl\":\"https:\\\/\\\/urbeamea.ro\\\/albaiulia\\\/wp-content\\\/uploads\\\/2015\\\/12\\\/Foto2.jpg\",\"datePublished\":\"2015-12-11T10:21:45+00:00\",\"dateModified\":\"2016-01-18T16:02:25+00:00\",\"author\":{\"@id\":\"https:\\\/\\\/urbeamea.ro\\\/albaiulia\\\/#\\\/schema\\\/person\\\/9700d21fae21c4f038b0b56f4506264a\"},\"description\":\"Joi, echipa Europe Direct Regiunea Centru, din cadrul ADR Centru, al\u0103turi de lectorii invita\u021bi \u0219i de aproape 30 de studen\u021bi au participat la seminarul de\",\"breadcrumb\":{\"@id\":\"https:\\\/\\\/urbeamea.ro\\\/albaiulia\\\/foto-idei-de-business-dezbatute-la-un-seminar-de-cultura-antreprenoriala-realizat-de-adr-centru-prin-centrul-europe-direct\\\/#breadcrumb\"},\"inLanguage\":\"ro-RO\",\"potentialAction\":[{\"@type\":\"ReadAction\",\"target\":[\"https:\\\/\\\/urbeamea.ro\\\/albaiulia\\\/foto-idei-de-business-dezbatute-la-un-seminar-de-cultura-antreprenoriala-realizat-de-adr-centru-prin-centrul-europe-direct\\\/\"]}]},{\"@type\":\"ImageObject\",\"inLanguage\":\"ro-RO\",\"@id\":\"https:\\\/\\\/urbeamea.ro\\\/albaiulia\\\/foto-idei-de-business-dezbatute-la-un-seminar-de-cultura-antreprenoriala-realizat-de-adr-centru-prin-centrul-europe-direct\\\/#primaryimage\",\"url\":\"https:\\\/\\\/urbeamea.ro\\\/albaiulia\\\/wp-content\\\/uploads\\\/2015\\\/12\\\/Foto2.jpg\",\"contentUrl\":\"https:\\\/\\\/urbeamea.ro\\\/albaiulia\\\/wp-content\\\/uploads\\\/2015\\\/12\\\/Foto2.jpg\",\"width\":1204,\"height\":666},{\"@type\":\"BreadcrumbList\",\"@id\":\"https:\\\/\\\/urbeamea.ro\\\/albaiulia\\\/foto-idei-de-business-dezbatute-la-un-seminar-de-cultura-antreprenoriala-realizat-de-adr-centru-prin-centrul-europe-direct\\\/#breadcrumb\",\"itemListElement\":[{\"@type\":\"ListItem\",\"position\":1,\"name\":\"Prima pagin\u0103\",\"item\":\"https:\\\/\\\/urbeamea.ro\\\/albaiulia\\\/\"},{\"@type\":\"ListItem\",\"position\":2,\"name\":\"FOTO: Idei de business, dezb\u0103tute la un seminar de cultur\u0103 antreprenorial\u0103, realizat de ADR Centru, prin Centrul Europe Direct\"}]},{\"@type\":\"WebSite\",\"@id\":\"https:\\\/\\\/urbeamea.ro\\\/albaiulia\\\/#website\",\"url\":\"https:\\\/\\\/urbeamea.ro\\\/albaiulia\\\/\",\"name\":\"Revista Urbea Mea, Stiri urbane\",\"description\":\"Evenimente \u0219i \u0219tiri din Alba Iulia, Sebe\u0219, Aiud, Blaj\",\"potentialAction\":[{\"@type\":\"SearchAction\",\"target\":{\"@type\":\"EntryPoint\",\"urlTemplate\":\"https:\\\/\\\/urbeamea.ro\\\/albaiulia\\\/?s={search_term_string}\"},\"query-input\":{\"@type\":\"PropertyValueSpecification\",\"valueRequired\":true,\"valueName\":\"search_term_string\"}}],\"inLanguage\":\"ro-RO\"},{\"@type\":\"Person\",\"@id\":\"https:\\\/\\\/urbeamea.ro\\\/albaiulia\\\/#\\\/schema\\\/person\\\/9700d21fae21c4f038b0b56f4506264a\",\"name\":\"Cristina Ganga\",\"image\":{\"@type\":\"ImageObject\",\"inLanguage\":\"ro-RO\",\"@id\":\"https:\\\/\\\/secure.gravatar.com\\\/avatar\\\/5a67661041f057b4a8ccaf26f5a8e86e2689372006d01faf3dd9eeb10b654bb4?s=96&d=mm&r=g\",\"url\":\"https:\\\/\\\/secure.gravatar.com\\\/avatar\\\/5a67661041f057b4a8ccaf26f5a8e86e2689372006d01faf3dd9eeb10b654bb4?s=96&d=mm&r=g\",\"contentUrl\":\"https:\\\/\\\/secure.gravatar.com\\\/avatar\\\/5a67661041f057b4a8ccaf26f5a8e86e2689372006d01faf3dd9eeb10b654bb4?s=96&d=mm&r=g\",\"caption\":\"Cristina Ganga\"},\"description\":\"Jurnalist\",\"sameAs\":[\"https:\\\/\\\/www.facebook.com\\\/cristina.nicola.587\"],\"url\":\"https:\\\/\\\/urbeamea.ro\\\/albaiulia\\\/author\\\/cristina-nicola\\\/\"}]}<\/script>\n<!-- \/ Yoast SEO plugin. -->","yoast_head_json":{"title":"FOTO: Idei de business, dezb\u0103tute la un seminar de cultur\u0103 antreprenorial\u0103, realizat de ADR Centru, prin Centrul Europe Direct - Revista Urbea Mea - Revista de Alba","description":"Joi, echipa Europe Direct Regiunea Centru, din cadrul ADR Centru, al\u0103turi de lectorii invita\u021bi \u0219i de aproape 30 de studen\u021bi au participat la seminarul de","robots":{"index":"index","follow":"follow","max-snippet":"max-snippet:-1","max-image-preview":"max-image-preview:large","max-video-preview":"max-video-preview:-1"},"canonical":"https:\/\/urbeamea.ro\/albaiulia\/foto-idei-de-business-dezbatute-la-un-seminar-de-cultura-antreprenoriala-realizat-de-adr-centru-prin-centrul-europe-direct\/","twitter_card":"summary_large_image","twitter_title":"FOTO: Idei de business, dezb\u0103tute la un seminar de cultur\u0103 antreprenorial\u0103, realizat de ADR Centru, prin Centrul Europe Direct - Revista Urbea Mea - Revista de Alba","twitter_description":"Joi, echipa Europe Direct Regiunea Centru, din cadrul ADR Centru, al\u0103turi de lectorii invita\u021bi \u0219i de aproape 30 de studen\u021bi au participat la seminarul de","twitter_image":"https:\/\/urbeamea.ro\/albaiulia\/wp-content\/uploads\/2015\/12\/Foto2.jpg","twitter_creator":"@urbeameaweb","twitter_site":"@urbeameaweb","schema":{"@context":"https:\/\/schema.org","@graph":[{"@type":"Article","@id":"https:\/\/urbeamea.ro\/albaiulia\/foto-idei-de-business-dezbatute-la-un-seminar-de-cultura-antreprenoriala-realizat-de-adr-centru-prin-centrul-europe-direct\/#article","isPartOf":{"@id":"https:\/\/urbeamea.ro\/albaiulia\/foto-idei-de-business-dezbatute-la-un-seminar-de-cultura-antreprenoriala-realizat-de-adr-centru-prin-centrul-europe-direct\/"},"author":{"name":"Cristina Ganga","@id":"https:\/\/urbeamea.ro\/albaiulia\/#\/schema\/person\/9700d21fae21c4f038b0b56f4506264a"},"headline":"FOTO: Idei de business, dezb\u0103tute la un seminar de cultur\u0103 antreprenorial\u0103, realizat de ADR Centru, prin Centrul Europe Direct","datePublished":"2015-12-11T10:21:45+00:00","dateModified":"2016-01-18T16:02:25+00:00","mainEntityOfPage":{"@id":"https:\/\/urbeamea.ro\/albaiulia\/foto-idei-de-business-dezbatute-la-un-seminar-de-cultura-antreprenoriala-realizat-de-adr-centru-prin-centrul-europe-direct\/"},"wordCount":722,"commentCount":0,"image":{"@id":"https:\/\/urbeamea.ro\/albaiulia\/foto-idei-de-business-dezbatute-la-un-seminar-de-cultura-antreprenoriala-realizat-de-adr-centru-prin-centrul-europe-direct\/#primaryimage"},"thumbnailUrl":"https:\/\/urbeamea.ro\/albaiulia\/wp-content\/uploads\/2015\/12\/Foto2.jpg","keywords":["ADR Centru","afaceri","Alba Iulia","Centrul Europe Direct Regiunea Centru","idei","mijloace de comunicare","simion cretu","stiri","studenti","succes","Urbea Mea"],"articleSection":["Social"],"inLanguage":"ro-RO","potentialAction":[{"@type":"CommentAction","name":"Comment","target":["https:\/\/urbeamea.ro\/albaiulia\/foto-idei-de-business-dezbatute-la-un-seminar-de-cultura-antreprenoriala-realizat-de-adr-centru-prin-centrul-europe-direct\/#respond"]}]},{"@type":"WebPage","@id":"https:\/\/urbeamea.ro\/albaiulia\/foto-idei-de-business-dezbatute-la-un-seminar-de-cultura-antreprenoriala-realizat-de-adr-centru-prin-centrul-europe-direct\/","url":"https:\/\/urbeamea.ro\/albaiulia\/foto-idei-de-business-dezbatute-la-un-seminar-de-cultura-antreprenoriala-realizat-de-adr-centru-prin-centrul-europe-direct\/","name":"FOTO: Idei de business, dezb\u0103tute la un seminar de cultur\u0103 antreprenorial\u0103, realizat de ADR Centru, prin Centrul Europe Direct - Revista Urbea Mea - Revista de Alba","isPartOf":{"@id":"https:\/\/urbeamea.ro\/albaiulia\/#website"},"primaryImageOfPage":{"@id":"https:\/\/urbeamea.ro\/albaiulia\/foto-idei-de-business-dezbatute-la-un-seminar-de-cultura-antreprenoriala-realizat-de-adr-centru-prin-centrul-europe-direct\/#primaryimage"},"image":{"@id":"https:\/\/urbeamea.ro\/albaiulia\/foto-idei-de-business-dezbatute-la-un-seminar-de-cultura-antreprenoriala-realizat-de-adr-centru-prin-centrul-europe-direct\/#primaryimage"},"thumbnailUrl":"https:\/\/urbeamea.ro\/albaiulia\/wp-content\/uploads\/2015\/12\/Foto2.jpg","datePublished":"2015-12-11T10:21:45+00:00","dateModified":"2016-01-18T16:02:25+00:00","author":{"@id":"https:\/\/urbeamea.ro\/albaiulia\/#\/schema\/person\/9700d21fae21c4f038b0b56f4506264a"},"description":"Joi, echipa Europe Direct Regiunea Centru, din cadrul ADR Centru, al\u0103turi de lectorii invita\u021bi \u0219i de aproape 30 de studen\u021bi au participat la seminarul de","breadcrumb":{"@id":"https:\/\/urbeamea.ro\/albaiulia\/foto-idei-de-business-dezbatute-la-un-seminar-de-cultura-antreprenoriala-realizat-de-adr-centru-prin-centrul-europe-direct\/#breadcrumb"},"inLanguage":"ro-RO","potentialAction":[{"@type":"ReadAction","target":["https:\/\/urbeamea.ro\/albaiulia\/foto-idei-de-business-dezbatute-la-un-seminar-de-cultura-antreprenoriala-realizat-de-adr-centru-prin-centrul-europe-direct\/"]}]},{"@type":"ImageObject","inLanguage":"ro-RO","@id":"https:\/\/urbeamea.ro\/albaiulia\/foto-idei-de-business-dezbatute-la-un-seminar-de-cultura-antreprenoriala-realizat-de-adr-centru-prin-centrul-europe-direct\/#primaryimage","url":"https:\/\/urbeamea.ro\/albaiulia\/wp-content\/uploads\/2015\/12\/Foto2.jpg","contentUrl":"https:\/\/urbeamea.ro\/albaiulia\/wp-content\/uploads\/2015\/12\/Foto2.jpg","width":1204,"height":666},{"@type":"BreadcrumbList","@id":"https:\/\/urbeamea.ro\/albaiulia\/foto-idei-de-business-dezbatute-la-un-seminar-de-cultura-antreprenoriala-realizat-de-adr-centru-prin-centrul-europe-direct\/#breadcrumb","itemListElement":[{"@type":"ListItem","position":1,"name":"Prima pagin\u0103","item":"https:\/\/urbeamea.ro\/albaiulia\/"},{"@type":"ListItem","position":2,"name":"FOTO: Idei de business, dezb\u0103tute la un seminar de cultur\u0103 antreprenorial\u0103, realizat de ADR Centru, prin Centrul Europe Direct"}]},{"@type":"WebSite","@id":"https:\/\/urbeamea.ro\/albaiulia\/#website","url":"https:\/\/urbeamea.ro\/albaiulia\/","name":"Revista Urbea Mea, Stiri urbane","description":"Evenimente \u0219i \u0219tiri din Alba Iulia, Sebe\u0219, Aiud, Blaj","potentialAction":[{"@type":"SearchAction","target":{"@type":"EntryPoint","urlTemplate":"https:\/\/urbeamea.ro\/albaiulia\/?s={search_term_string}"},"query-input":{"@type":"PropertyValueSpecification","valueRequired":true,"valueName":"search_term_string"}}],"inLanguage":"ro-RO"},{"@type":"Person","@id":"https:\/\/urbeamea.ro\/albaiulia\/#\/schema\/person\/9700d21fae21c4f038b0b56f4506264a","name":"Cristina Ganga","image":{"@type":"ImageObject","inLanguage":"ro-RO","@id":"https:\/\/secure.gravatar.com\/avatar\/5a67661041f057b4a8ccaf26f5a8e86e2689372006d01faf3dd9eeb10b654bb4?s=96&d=mm&r=g","url":"https:\/\/secure.gravatar.com\/avatar\/5a67661041f057b4a8ccaf26f5a8e86e2689372006d01faf3dd9eeb10b654bb4?s=96&d=mm&r=g","contentUrl":"https:\/\/secure.gravatar.com\/avatar\/5a67661041f057b4a8ccaf26f5a8e86e2689372006d01faf3dd9eeb10b654bb4?s=96&d=mm&r=g","caption":"Cristina Ganga"},"description":"Jurnalist","sameAs":["https:\/\/www.facebook.com\/cristina.nicola.587"],"url":"https:\/\/urbeamea.ro\/albaiulia\/author\/cristina-nicola\/"}]}},"_links":{"self":[{"href":"https:\/\/urbeamea.ro\/albaiulia\/wp-json\/wp\/v2\/posts\/14532","targetHints":{"allow":["GET"]}}],"collection":[{"href":"https:\/\/urbeamea.ro\/albaiulia\/wp-json\/wp\/v2\/posts"}],"about":[{"href":"https:\/\/urbeamea.ro\/albaiulia\/wp-json\/wp\/v2\/types\/post"}],"author":[{"embeddable":true,"href":"https:\/\/urbeamea.ro\/albaiulia\/wp-json\/wp\/v2\/users\/17"}],"replies":[{"embeddable":true,"href":"https:\/\/urbeamea.ro\/albaiulia\/wp-json\/wp\/v2\/comments?post=14532"}],"version-history":[{"count":0,"href":"https:\/\/urbeamea.ro\/albaiulia\/wp-json\/wp\/v2\/posts\/14532\/revisions"}],"wp:featuredmedia":[{"embeddable":true,"href":"https:\/\/urbeamea.ro\/albaiulia\/wp-json\/wp\/v2\/media\/14535"}],"wp:attachment":[{"href":"https:\/\/urbeamea.ro\/albaiulia\/wp-json\/wp\/v2\/media?parent=14532"}],"wp:term":[{"taxonomy":"category","embeddable":true,"href":"https:\/\/urbeamea.ro\/albaiulia\/wp-json\/wp\/v2\/categories?post=14532"},{"taxonomy":"post_tag","embeddable":true,"href":"https:\/\/urbeamea.ro\/albaiulia\/wp-json\/wp\/v2\/tags?post=14532"}],"curies":[{"name":"wp","href":"https:\/\/api.w.org\/{rel}","templated":true}]}}