{"id":14548,"date":"2015-12-11T15:59:22","date_gmt":"2015-12-11T13:59:22","guid":{"rendered":"http:\/\/urbeamea.ro\/albaiulia\/?p=14548"},"modified":"2016-01-18T17:48:59","modified_gmt":"2016-01-18T15:48:59","slug":"alba-iulia-nu-se-afla-pe-lista-scurta-pentru-acordarea-titlului-de-capitala-europeana-a-culturii-2021","status":"publish","type":"post","link":"https:\/\/urbeamea.ro\/albaiulia\/alba-iulia-nu-se-afla-pe-lista-scurta-pentru-acordarea-titlului-de-capitala-europeana-a-culturii-2021\/","title":{"rendered":"Alba Iulia nu se afl\u0103 pe lista scurt\u0103 pentru acordarea titlului de Capital\u0103 European\u0103 a Culturii 2021"},"content":{"rendered":"<p><strong><a href=\"http:\/\/urbeamea.ro\/albaiulia\/wp-content\/uploads\/2015\/01\/ALBA-IULIA_followers_03.jpg\"><img loading=\"lazy\" decoding=\"async\" class=\"size-medium wp-image-1177 alignleft\" src=\"http:\/\/urbeamea.ro\/albaiulia\/wp-content\/uploads\/2015\/01\/ALBA-IULIA_followers_03-300x169.jpg\" alt=\"ALBA-IULIA_followers_03\" width=\"300\" height=\"169\" \/><\/a>Alba Iulia nu se afl\u0103 pe lista scurt\u0103 pentru selec\u0163ia final\u0103 pentru acordarea titlului de Capital\u0103 European\u0103 a Culturii 2021. \u00cen urma audierilor din perioada 7-10 decembrie a celor 14 candida\u0163i \u00een cursa pentru ob\u0163inerea prestigiosului titlu, au fost selectate municipiile Bucure\u015fti, Cluj-Napoca, Timi\u015foara \u015fi Baia Mare. Aceste municipalit\u0103\u0163i au prezentat concepte de organizare a unor evenimente care au fost considerate mai relevante de c\u0103tre juriu.<\/strong><\/p>\n<p>Anun\u0163ul a fost f\u0103cut vineri, de Steve Green, pre\u0219edintele juriului de exper\u021bi care evalueaz\u0103 candidaturile. Acesta a participat la conferin\u021ba de pres\u0103 \u00een care Ministerul Culturii, \u00een calitate de organizator principal al competi\u021biei Capital\u0103 European\u0103 a Culturii 2021, a anun\u021bat lista scurt\u0103 a ora\u0219elor preselectate pentru ob\u021binerea acestui titlu.<\/p>\n<p>La conferin\u021ba desf\u0103\u0219urat\u0103 la sediul Bibliotecii Na\u021bionale a Rom\u00e2niei, au luat parte ministrul Culturii, Vlad Alexandrescu, precum \u0219i reprezentantul Comisiei Europene, Sylvain Pasqua.<\/p>\n<p>\u00cen prima etap\u0103 a competi\u0163iei, au fost acceptate candidaturile ora\u0219elor Alba Iulia, Arad, Bac\u0103u, Baia Mare, Bra\u015fov, Br\u0103ila, Bucure\u015fti, Cluj-Napoca, Craiova, Ia\u015fi, Sf\u00e2ntu Gheorghe, Suceava, Timi\u015foara, T\u00e2rgu Mure\u015f. Eligibilitatea dosarelor de candidatur\u0103 ale acestor ora\u015fe a fost validat\u0103 de exper\u021bii Comisiei Europene.<\/p>\n<p>Juriul a invitat doar ora\u0219ele care de\u021bin, \u00een opinia acestuia, o real\u0103 \u0219ans\u0103 de a c\u00e2\u0219tiga titlul 2021, s\u0103-\u0219i revizuiasc\u0103 \u0219i s\u0103-\u0219i completeze candidaturile pentru etapa final\u0103 de selec\u021bie, preconizat\u0103 pentru perioada august-septembrie 2016. Este vorba despre Bucure\u015fti, Cluj-Napoca, Timi\u015foara \u015fi Baia Mare.<\/p>\n<p>Membrii juriului au fost numi\u021bi de Comisia European\u0103, Parlamentul European, Consiliul Uniunii Europene \u0219i Comitetul Regiunilor. Ministerul Culturii a numit, de asemenea, doi exper\u021bi na\u021bionali, \u00een consultare cu Comisia European\u0103 \u0219i \u00een urma valid\u0103rii oficiale a acesteia din urm\u0103. Cei doisprezece exper\u021bi care vor evalua candidaturile ora\u0219elor sunt: Sylvia Amann, Cristina Farinha, Ulrich Fuchs, Steve Green, Valentina Iancu, Jordi Pardo, Anton Rombouts, Aiva Rozenberga, Pauli Sivonen, Raluca Velisar, Agnieska Wlazel, Suzana \u017dili\u010d Fi\u0161er.<\/p>\n<p>Ora\u015ful care va c\u00e2\u015ftiga titlul de Capital\u0103 European\u0103 a Culturii 2021 va primi finan\u0163are de la Ministerul Culturii \u015fi Uniunea European\u0103 pentru organizarea evenimentelor cu aceast\u0103 ocazie, dar \u015fi pentru moderniz\u0103ri.<\/p>\n","protected":false},"excerpt":{"rendered":"<p>Alba Iulia nu se afl\u0103 pe lista scurt\u0103 pentru selec\u0163ia final\u0103 pentru acordarea titlului de Capital\u0103 European\u0103 a Culturii 2021. \u00cen urma audierilor din perioada 7-10 decembrie a celor 14 candida\u0163i \u00een cursa pentru ob\u0163inerea prestigiosului titlu, au fost selectate municipiile Bucure\u015fti, Cluj-Napoca, Timi\u015foara \u015fi Baia Mare. Aceste municipalit\u0103\u0163i au prezentat concepte de organizare a &hellip;<\/p>\n","protected":false},"author":17,"featured_media":1177,"comment_status":"open","ping_status":"open","sticky":false,"template":"","format":"standard","meta":{"inline_featured_image":false,"footnotes":""},"categories":[2038],"tags":[31,1309,246,1480,903,1481,645,1479,308,1483,1484,76,1482],"class_list":["post-14548","post","type-post","status-publish","format-standard","has-post-thumbnail","hentry","category-cultura","tag-alba-iulia","tag-baia-mare","tag-bucuresti","tag-capitala-cultural-europeana","tag-cluj-napoca","tag-experti","tag-juriu","tag-lista-scurta","tag-stiri","tag-sylvain-pasqua","tag-timisoara","tag-urbea-mea","tag-vlad-alexandrescu"],"yoast_head":"<!-- This site is optimized with the Yoast SEO plugin v28.3 - https:\/\/yoast.com\/product\/yoast-seo-wordpress\/ -->\n<title>Alba Iulia nu se afl\u0103 pe lista scurt\u0103 pentru acordarea titlului de Capital\u0103 European\u0103 a Culturii 2021 - Revista Urbea Mea - Revista de Alba<\/title>\n<meta name=\"description\" content=\"Alba Iulia nu se afl\u0103 pe lista scurt\u0103 pentru selec\u0163ia final\u0103 pentru acordarea titlului de Capital\u0103 European\u0103 a Culturii 2021. \u00cen urma audierilor din\" \/>\n<meta name=\"robots\" content=\"index, follow, max-snippet:-1, max-image-preview:large, max-video-preview:-1\" \/>\n<link rel=\"canonical\" href=\"https:\/\/urbeamea.ro\/albaiulia\/alba-iulia-nu-se-afla-pe-lista-scurta-pentru-acordarea-titlului-de-capitala-europeana-a-culturii-2021\/\" \/>\n<meta name=\"twitter:card\" content=\"summary_large_image\" \/>\n<meta name=\"twitter:title\" content=\"Alba Iulia nu se afl\u0103 pe lista scurt\u0103 pentru acordarea titlului de Capital\u0103 European\u0103 a Culturii 2021 - Revista Urbea Mea - Revista de Alba\" \/>\n<meta name=\"twitter:description\" content=\"Alba Iulia nu se afl\u0103 pe lista scurt\u0103 pentru selec\u0163ia final\u0103 pentru acordarea titlului de Capital\u0103 European\u0103 a Culturii 2021. \u00cen urma audierilor din\" \/>\n<meta name=\"twitter:image\" content=\"https:\/\/urbeamea.ro\/albaiulia\/wp-content\/uploads\/2015\/01\/ALBA-IULIA_followers_03.jpg\" \/>\n<meta name=\"twitter:creator\" content=\"@urbeameaweb\" \/>\n<meta name=\"twitter:site\" content=\"@urbeameaweb\" \/>\n<script type=\"application\/ld+json\" class=\"yoast-schema-graph\">{\"@context\":\"https:\\\/\\\/schema.org\",\"@graph\":[{\"@type\":\"Article\",\"@id\":\"https:\\\/\\\/urbeamea.ro\\\/albaiulia\\\/alba-iulia-nu-se-afla-pe-lista-scurta-pentru-acordarea-titlului-de-capitala-europeana-a-culturii-2021\\\/#article\",\"isPartOf\":{\"@id\":\"https:\\\/\\\/urbeamea.ro\\\/albaiulia\\\/alba-iulia-nu-se-afla-pe-lista-scurta-pentru-acordarea-titlului-de-capitala-europeana-a-culturii-2021\\\/\"},\"author\":{\"name\":\"Cristina Ganga\",\"@id\":\"https:\\\/\\\/urbeamea.ro\\\/albaiulia\\\/#\\\/schema\\\/person\\\/9700d21fae21c4f038b0b56f4506264a\"},\"headline\":\"Alba Iulia nu se afl\u0103 pe lista scurt\u0103 pentru acordarea titlului de Capital\u0103 European\u0103 a Culturii 2021\",\"datePublished\":\"2015-12-11T13:59:22+00:00\",\"dateModified\":\"2016-01-18T15:48:59+00:00\",\"mainEntityOfPage\":{\"@id\":\"https:\\\/\\\/urbeamea.ro\\\/albaiulia\\\/alba-iulia-nu-se-afla-pe-lista-scurta-pentru-acordarea-titlului-de-capitala-europeana-a-culturii-2021\\\/\"},\"wordCount\":390,\"commentCount\":0,\"image\":{\"@id\":\"https:\\\/\\\/urbeamea.ro\\\/albaiulia\\\/alba-iulia-nu-se-afla-pe-lista-scurta-pentru-acordarea-titlului-de-capitala-europeana-a-culturii-2021\\\/#primaryimage\"},\"thumbnailUrl\":\"https:\\\/\\\/urbeamea.ro\\\/albaiulia\\\/wp-content\\\/uploads\\\/2015\\\/01\\\/ALBA-IULIA_followers_03.jpg\",\"keywords\":[\"Alba Iulia\",\"baia mare\",\"bucuresti\",\"capitala cultural europeana\",\"cluj napoca\",\"experti\",\"juriu\",\"lista scurta\",\"stiri\",\"Sylvain Pasqua\",\"timisoara\",\"Urbea Mea\",\"Vlad Alexandrescu\"],\"articleSection\":[\"Cultur\u0103\"],\"inLanguage\":\"ro-RO\",\"potentialAction\":[{\"@type\":\"CommentAction\",\"name\":\"Comment\",\"target\":[\"https:\\\/\\\/urbeamea.ro\\\/albaiulia\\\/alba-iulia-nu-se-afla-pe-lista-scurta-pentru-acordarea-titlului-de-capitala-europeana-a-culturii-2021\\\/#respond\"]}]},{\"@type\":\"WebPage\",\"@id\":\"https:\\\/\\\/urbeamea.ro\\\/albaiulia\\\/alba-iulia-nu-se-afla-pe-lista-scurta-pentru-acordarea-titlului-de-capitala-europeana-a-culturii-2021\\\/\",\"url\":\"https:\\\/\\\/urbeamea.ro\\\/albaiulia\\\/alba-iulia-nu-se-afla-pe-lista-scurta-pentru-acordarea-titlului-de-capitala-europeana-a-culturii-2021\\\/\",\"name\":\"Alba Iulia nu se afl\u0103 pe lista scurt\u0103 pentru acordarea titlului de Capital\u0103 European\u0103 a Culturii 2021 - Revista Urbea Mea - Revista de Alba\",\"isPartOf\":{\"@id\":\"https:\\\/\\\/urbeamea.ro\\\/albaiulia\\\/#website\"},\"primaryImageOfPage\":{\"@id\":\"https:\\\/\\\/urbeamea.ro\\\/albaiulia\\\/alba-iulia-nu-se-afla-pe-lista-scurta-pentru-acordarea-titlului-de-capitala-europeana-a-culturii-2021\\\/#primaryimage\"},\"image\":{\"@id\":\"https:\\\/\\\/urbeamea.ro\\\/albaiulia\\\/alba-iulia-nu-se-afla-pe-lista-scurta-pentru-acordarea-titlului-de-capitala-europeana-a-culturii-2021\\\/#primaryimage\"},\"thumbnailUrl\":\"https:\\\/\\\/urbeamea.ro\\\/albaiulia\\\/wp-content\\\/uploads\\\/2015\\\/01\\\/ALBA-IULIA_followers_03.jpg\",\"datePublished\":\"2015-12-11T13:59:22+00:00\",\"dateModified\":\"2016-01-18T15:48:59+00:00\",\"author\":{\"@id\":\"https:\\\/\\\/urbeamea.ro\\\/albaiulia\\\/#\\\/schema\\\/person\\\/9700d21fae21c4f038b0b56f4506264a\"},\"description\":\"Alba Iulia nu se afl\u0103 pe lista scurt\u0103 pentru selec\u0163ia final\u0103 pentru acordarea titlului de Capital\u0103 European\u0103 a Culturii 2021. \u00cen urma audierilor din\",\"breadcrumb\":{\"@id\":\"https:\\\/\\\/urbeamea.ro\\\/albaiulia\\\/alba-iulia-nu-se-afla-pe-lista-scurta-pentru-acordarea-titlului-de-capitala-europeana-a-culturii-2021\\\/#breadcrumb\"},\"inLanguage\":\"ro-RO\",\"potentialAction\":[{\"@type\":\"ReadAction\",\"target\":[\"https:\\\/\\\/urbeamea.ro\\\/albaiulia\\\/alba-iulia-nu-se-afla-pe-lista-scurta-pentru-acordarea-titlului-de-capitala-europeana-a-culturii-2021\\\/\"]}]},{\"@type\":\"ImageObject\",\"inLanguage\":\"ro-RO\",\"@id\":\"https:\\\/\\\/urbeamea.ro\\\/albaiulia\\\/alba-iulia-nu-se-afla-pe-lista-scurta-pentru-acordarea-titlului-de-capitala-europeana-a-culturii-2021\\\/#primaryimage\",\"url\":\"https:\\\/\\\/urbeamea.ro\\\/albaiulia\\\/wp-content\\\/uploads\\\/2015\\\/01\\\/ALBA-IULIA_followers_03.jpg\",\"contentUrl\":\"https:\\\/\\\/urbeamea.ro\\\/albaiulia\\\/wp-content\\\/uploads\\\/2015\\\/01\\\/ALBA-IULIA_followers_03.jpg\",\"width\":960,\"height\":540},{\"@type\":\"BreadcrumbList\",\"@id\":\"https:\\\/\\\/urbeamea.ro\\\/albaiulia\\\/alba-iulia-nu-se-afla-pe-lista-scurta-pentru-acordarea-titlului-de-capitala-europeana-a-culturii-2021\\\/#breadcrumb\",\"itemListElement\":[{\"@type\":\"ListItem\",\"position\":1,\"name\":\"Prima pagin\u0103\",\"item\":\"https:\\\/\\\/urbeamea.ro\\\/albaiulia\\\/\"},{\"@type\":\"ListItem\",\"position\":2,\"name\":\"Alba Iulia nu se afl\u0103 pe lista scurt\u0103 pentru acordarea titlului de Capital\u0103 European\u0103 a Culturii 2021\"}]},{\"@type\":\"WebSite\",\"@id\":\"https:\\\/\\\/urbeamea.ro\\\/albaiulia\\\/#website\",\"url\":\"https:\\\/\\\/urbeamea.ro\\\/albaiulia\\\/\",\"name\":\"Revista Urbea Mea, Stiri urbane\",\"description\":\"Evenimente \u0219i \u0219tiri din Alba Iulia, Sebe\u0219, Aiud, Blaj\",\"potentialAction\":[{\"@type\":\"SearchAction\",\"target\":{\"@type\":\"EntryPoint\",\"urlTemplate\":\"https:\\\/\\\/urbeamea.ro\\\/albaiulia\\\/?s={search_term_string}\"},\"query-input\":{\"@type\":\"PropertyValueSpecification\",\"valueRequired\":true,\"valueName\":\"search_term_string\"}}],\"inLanguage\":\"ro-RO\"},{\"@type\":\"Person\",\"@id\":\"https:\\\/\\\/urbeamea.ro\\\/albaiulia\\\/#\\\/schema\\\/person\\\/9700d21fae21c4f038b0b56f4506264a\",\"name\":\"Cristina Ganga\",\"image\":{\"@type\":\"ImageObject\",\"inLanguage\":\"ro-RO\",\"@id\":\"https:\\\/\\\/secure.gravatar.com\\\/avatar\\\/5a67661041f057b4a8ccaf26f5a8e86e2689372006d01faf3dd9eeb10b654bb4?s=96&d=mm&r=g\",\"url\":\"https:\\\/\\\/secure.gravatar.com\\\/avatar\\\/5a67661041f057b4a8ccaf26f5a8e86e2689372006d01faf3dd9eeb10b654bb4?s=96&d=mm&r=g\",\"contentUrl\":\"https:\\\/\\\/secure.gravatar.com\\\/avatar\\\/5a67661041f057b4a8ccaf26f5a8e86e2689372006d01faf3dd9eeb10b654bb4?s=96&d=mm&r=g\",\"caption\":\"Cristina Ganga\"},\"description\":\"Jurnalist\",\"sameAs\":[\"https:\\\/\\\/www.facebook.com\\\/cristina.nicola.587\"],\"url\":\"https:\\\/\\\/urbeamea.ro\\\/albaiulia\\\/author\\\/cristina-nicola\\\/\"}]}<\/script>\n<!-- \/ Yoast SEO plugin. -->","yoast_head_json":{"title":"Alba Iulia nu se afl\u0103 pe lista scurt\u0103 pentru acordarea titlului de Capital\u0103 European\u0103 a Culturii 2021 - Revista Urbea Mea - Revista de Alba","description":"Alba Iulia nu se afl\u0103 pe lista scurt\u0103 pentru selec\u0163ia final\u0103 pentru acordarea titlului de Capital\u0103 European\u0103 a Culturii 2021. \u00cen urma audierilor din","robots":{"index":"index","follow":"follow","max-snippet":"max-snippet:-1","max-image-preview":"max-image-preview:large","max-video-preview":"max-video-preview:-1"},"canonical":"https:\/\/urbeamea.ro\/albaiulia\/alba-iulia-nu-se-afla-pe-lista-scurta-pentru-acordarea-titlului-de-capitala-europeana-a-culturii-2021\/","twitter_card":"summary_large_image","twitter_title":"Alba Iulia nu se afl\u0103 pe lista scurt\u0103 pentru acordarea titlului de Capital\u0103 European\u0103 a Culturii 2021 - Revista Urbea Mea - Revista de Alba","twitter_description":"Alba Iulia nu se afl\u0103 pe lista scurt\u0103 pentru selec\u0163ia final\u0103 pentru acordarea titlului de Capital\u0103 European\u0103 a Culturii 2021. \u00cen urma audierilor din","twitter_image":"https:\/\/urbeamea.ro\/albaiulia\/wp-content\/uploads\/2015\/01\/ALBA-IULIA_followers_03.jpg","twitter_creator":"@urbeameaweb","twitter_site":"@urbeameaweb","schema":{"@context":"https:\/\/schema.org","@graph":[{"@type":"Article","@id":"https:\/\/urbeamea.ro\/albaiulia\/alba-iulia-nu-se-afla-pe-lista-scurta-pentru-acordarea-titlului-de-capitala-europeana-a-culturii-2021\/#article","isPartOf":{"@id":"https:\/\/urbeamea.ro\/albaiulia\/alba-iulia-nu-se-afla-pe-lista-scurta-pentru-acordarea-titlului-de-capitala-europeana-a-culturii-2021\/"},"author":{"name":"Cristina Ganga","@id":"https:\/\/urbeamea.ro\/albaiulia\/#\/schema\/person\/9700d21fae21c4f038b0b56f4506264a"},"headline":"Alba Iulia nu se afl\u0103 pe lista scurt\u0103 pentru acordarea titlului de Capital\u0103 European\u0103 a Culturii 2021","datePublished":"2015-12-11T13:59:22+00:00","dateModified":"2016-01-18T15:48:59+00:00","mainEntityOfPage":{"@id":"https:\/\/urbeamea.ro\/albaiulia\/alba-iulia-nu-se-afla-pe-lista-scurta-pentru-acordarea-titlului-de-capitala-europeana-a-culturii-2021\/"},"wordCount":390,"commentCount":0,"image":{"@id":"https:\/\/urbeamea.ro\/albaiulia\/alba-iulia-nu-se-afla-pe-lista-scurta-pentru-acordarea-titlului-de-capitala-europeana-a-culturii-2021\/#primaryimage"},"thumbnailUrl":"https:\/\/urbeamea.ro\/albaiulia\/wp-content\/uploads\/2015\/01\/ALBA-IULIA_followers_03.jpg","keywords":["Alba Iulia","baia mare","bucuresti","capitala cultural europeana","cluj napoca","experti","juriu","lista scurta","stiri","Sylvain Pasqua","timisoara","Urbea Mea","Vlad Alexandrescu"],"articleSection":["Cultur\u0103"],"inLanguage":"ro-RO","potentialAction":[{"@type":"CommentAction","name":"Comment","target":["https:\/\/urbeamea.ro\/albaiulia\/alba-iulia-nu-se-afla-pe-lista-scurta-pentru-acordarea-titlului-de-capitala-europeana-a-culturii-2021\/#respond"]}]},{"@type":"WebPage","@id":"https:\/\/urbeamea.ro\/albaiulia\/alba-iulia-nu-se-afla-pe-lista-scurta-pentru-acordarea-titlului-de-capitala-europeana-a-culturii-2021\/","url":"https:\/\/urbeamea.ro\/albaiulia\/alba-iulia-nu-se-afla-pe-lista-scurta-pentru-acordarea-titlului-de-capitala-europeana-a-culturii-2021\/","name":"Alba Iulia nu se afl\u0103 pe lista scurt\u0103 pentru acordarea titlului de Capital\u0103 European\u0103 a Culturii 2021 - Revista Urbea Mea - Revista de Alba","isPartOf":{"@id":"https:\/\/urbeamea.ro\/albaiulia\/#website"},"primaryImageOfPage":{"@id":"https:\/\/urbeamea.ro\/albaiulia\/alba-iulia-nu-se-afla-pe-lista-scurta-pentru-acordarea-titlului-de-capitala-europeana-a-culturii-2021\/#primaryimage"},"image":{"@id":"https:\/\/urbeamea.ro\/albaiulia\/alba-iulia-nu-se-afla-pe-lista-scurta-pentru-acordarea-titlului-de-capitala-europeana-a-culturii-2021\/#primaryimage"},"thumbnailUrl":"https:\/\/urbeamea.ro\/albaiulia\/wp-content\/uploads\/2015\/01\/ALBA-IULIA_followers_03.jpg","datePublished":"2015-12-11T13:59:22+00:00","dateModified":"2016-01-18T15:48:59+00:00","author":{"@id":"https:\/\/urbeamea.ro\/albaiulia\/#\/schema\/person\/9700d21fae21c4f038b0b56f4506264a"},"description":"Alba Iulia nu se afl\u0103 pe lista scurt\u0103 pentru selec\u0163ia final\u0103 pentru acordarea titlului de Capital\u0103 European\u0103 a Culturii 2021. \u00cen urma audierilor din","breadcrumb":{"@id":"https:\/\/urbeamea.ro\/albaiulia\/alba-iulia-nu-se-afla-pe-lista-scurta-pentru-acordarea-titlului-de-capitala-europeana-a-culturii-2021\/#breadcrumb"},"inLanguage":"ro-RO","potentialAction":[{"@type":"ReadAction","target":["https:\/\/urbeamea.ro\/albaiulia\/alba-iulia-nu-se-afla-pe-lista-scurta-pentru-acordarea-titlului-de-capitala-europeana-a-culturii-2021\/"]}]},{"@type":"ImageObject","inLanguage":"ro-RO","@id":"https:\/\/urbeamea.ro\/albaiulia\/alba-iulia-nu-se-afla-pe-lista-scurta-pentru-acordarea-titlului-de-capitala-europeana-a-culturii-2021\/#primaryimage","url":"https:\/\/urbeamea.ro\/albaiulia\/wp-content\/uploads\/2015\/01\/ALBA-IULIA_followers_03.jpg","contentUrl":"https:\/\/urbeamea.ro\/albaiulia\/wp-content\/uploads\/2015\/01\/ALBA-IULIA_followers_03.jpg","width":960,"height":540},{"@type":"BreadcrumbList","@id":"https:\/\/urbeamea.ro\/albaiulia\/alba-iulia-nu-se-afla-pe-lista-scurta-pentru-acordarea-titlului-de-capitala-europeana-a-culturii-2021\/#breadcrumb","itemListElement":[{"@type":"ListItem","position":1,"name":"Prima pagin\u0103","item":"https:\/\/urbeamea.ro\/albaiulia\/"},{"@type":"ListItem","position":2,"name":"Alba Iulia nu se afl\u0103 pe lista scurt\u0103 pentru acordarea titlului de Capital\u0103 European\u0103 a Culturii 2021"}]},{"@type":"WebSite","@id":"https:\/\/urbeamea.ro\/albaiulia\/#website","url":"https:\/\/urbeamea.ro\/albaiulia\/","name":"Revista Urbea Mea, Stiri urbane","description":"Evenimente \u0219i \u0219tiri din Alba Iulia, Sebe\u0219, Aiud, Blaj","potentialAction":[{"@type":"SearchAction","target":{"@type":"EntryPoint","urlTemplate":"https:\/\/urbeamea.ro\/albaiulia\/?s={search_term_string}"},"query-input":{"@type":"PropertyValueSpecification","valueRequired":true,"valueName":"search_term_string"}}],"inLanguage":"ro-RO"},{"@type":"Person","@id":"https:\/\/urbeamea.ro\/albaiulia\/#\/schema\/person\/9700d21fae21c4f038b0b56f4506264a","name":"Cristina Ganga","image":{"@type":"ImageObject","inLanguage":"ro-RO","@id":"https:\/\/secure.gravatar.com\/avatar\/5a67661041f057b4a8ccaf26f5a8e86e2689372006d01faf3dd9eeb10b654bb4?s=96&d=mm&r=g","url":"https:\/\/secure.gravatar.com\/avatar\/5a67661041f057b4a8ccaf26f5a8e86e2689372006d01faf3dd9eeb10b654bb4?s=96&d=mm&r=g","contentUrl":"https:\/\/secure.gravatar.com\/avatar\/5a67661041f057b4a8ccaf26f5a8e86e2689372006d01faf3dd9eeb10b654bb4?s=96&d=mm&r=g","caption":"Cristina Ganga"},"description":"Jurnalist","sameAs":["https:\/\/www.facebook.com\/cristina.nicola.587"],"url":"https:\/\/urbeamea.ro\/albaiulia\/author\/cristina-nicola\/"}]}},"_links":{"self":[{"href":"https:\/\/urbeamea.ro\/albaiulia\/wp-json\/wp\/v2\/posts\/14548","targetHints":{"allow":["GET"]}}],"collection":[{"href":"https:\/\/urbeamea.ro\/albaiulia\/wp-json\/wp\/v2\/posts"}],"about":[{"href":"https:\/\/urbeamea.ro\/albaiulia\/wp-json\/wp\/v2\/types\/post"}],"author":[{"embeddable":true,"href":"https:\/\/urbeamea.ro\/albaiulia\/wp-json\/wp\/v2\/users\/17"}],"replies":[{"embeddable":true,"href":"https:\/\/urbeamea.ro\/albaiulia\/wp-json\/wp\/v2\/comments?post=14548"}],"version-history":[{"count":0,"href":"https:\/\/urbeamea.ro\/albaiulia\/wp-json\/wp\/v2\/posts\/14548\/revisions"}],"wp:featuredmedia":[{"embeddable":true,"href":"https:\/\/urbeamea.ro\/albaiulia\/wp-json\/wp\/v2\/media\/1177"}],"wp:attachment":[{"href":"https:\/\/urbeamea.ro\/albaiulia\/wp-json\/wp\/v2\/media?parent=14548"}],"wp:term":[{"taxonomy":"category","embeddable":true,"href":"https:\/\/urbeamea.ro\/albaiulia\/wp-json\/wp\/v2\/categories?post=14548"},{"taxonomy":"post_tag","embeddable":true,"href":"https:\/\/urbeamea.ro\/albaiulia\/wp-json\/wp\/v2\/tags?post=14548"}],"curies":[{"name":"wp","href":"https:\/\/api.w.org\/{rel}","templated":true}]}}