{"id":14742,"date":"2015-12-12T12:19:35","date_gmt":"2015-12-12T10:19:35","guid":{"rendered":"http:\/\/urbeamea.ro\/albaiulia\/?p=14742"},"modified":"2015-12-17T12:11:23","modified_gmt":"2015-12-17T10:11:23","slug":"star-wars-episode-vii-the-force-awakens-3d-la-colours-cinema-din-18-decembrie","status":"publish","type":"post","link":"https:\/\/urbeamea.ro\/albaiulia\/star-wars-episode-vii-the-force-awakens-3d-la-colours-cinema-din-18-decembrie\/","title":{"rendered":"Star Wars: Episode VII &#8211; The Force Awakens 3D la Colours Cinema din 18 Decembrie"},"content":{"rendered":"<p><a href=\"http:\/\/urbeamea.ro\/albaiulia\/wp-content\/uploads\/2015\/12\/swtrezireafortei.jpg\"><img loading=\"lazy\" decoding=\"async\" class=\"alignleft size-medium wp-image-14743\" src=\"http:\/\/urbeamea.ro\/albaiulia\/wp-content\/uploads\/2015\/12\/swtrezireafortei-209x300.jpg\" alt=\"swtrezireafortei\" width=\"209\" height=\"300\" \/><\/a><a href=\"\" class=\"shortc-button small blue\">18 Decembrie<\/a>\nStar Wars: The Force Awakens este cel de-al \u0219aptelea film al celebrei serii create de George Lucas.\u00a0Regizat de J.J. Abrams (Star Trek, Super 8), filmul se concentreaz\u0103 pe evenimente care au loc la 30 de ani dup\u0103 ac\u021biunea din pelicula Return of the Jedi (1980).<\/p>\n<p>Harrison Ford (Han Solo), Carrie Fisher (Prin\u021besa Leia) \u0219i Mark Hamill (Luke Skywalker) revin \u00een rolurile care i-au consacrat, dar apar \u0219i personaje noi: Finn, un soldat despre care John Boyega \u2013 actorul care-l \u00eel joac\u0103- spune c\u0103 \u00ee\u0219i va c\u00e2\u0219tiga locul s\u0103u \u00een universul Star Wars \u00eentr-o manier\u0103 unic\u0103, Poe Dameron (Oscar Isaac), un pilot de v\u00e2n\u0103toare care va face echip\u0103 cu Finn \u0219i Daisy Ridley, o singuratic\u0103 de pe Planeta Jakku, ce va fi atras\u0103 f\u0103r\u0103 voia ei \u00een mijlocul ac\u021biunii.<\/p>\n<p><iframe loading=\"lazy\" src=\"https:\/\/www.youtube.com\/embed\/8Up5j16NOag\" width=\"560\" height=\"315\" frameborder=\"0\" allowfullscreen=\"allowfullscreen\"><\/iframe><\/p>\n<p><a href=\"http:\/\/urbeamea.ro\/albaiulia\/wp-content\/uploads\/2015\/12\/concursSW.jpg\"><img loading=\"lazy\" decoding=\"async\" class=\"aligncenter wp-image-14745 size-full\" src=\"http:\/\/urbeamea.ro\/albaiulia\/wp-content\/uploads\/2015\/12\/concursSW.jpg\" alt=\"concursSW\" width=\"1280\" height=\"906\" srcset=\"https:\/\/urbeamea.ro\/albaiulia\/wp-content\/uploads\/2015\/12\/concursSW.jpg 1280w, https:\/\/urbeamea.ro\/albaiulia\/wp-content\/uploads\/2015\/12\/concursSW-150x106.jpg 150w, https:\/\/urbeamea.ro\/albaiulia\/wp-content\/uploads\/2015\/12\/concursSW-640x453.jpg 640w\" sizes=\"auto, (max-width: 1280px) 100vw, 1280px\" \/><\/a><\/p>\n<p>&nbsp;<\/p>\n<p><a href=\"http:\/\/urbeamea.ro\/albaiulia\/wp-content\/uploads\/2015\/01\/preturi.jpg\"><img loading=\"lazy\" decoding=\"async\" class=\"aligncenter wp-image-352 size-full\" src=\"http:\/\/urbeamea.ro\/albaiulia\/wp-content\/uploads\/2015\/01\/preturi.jpg\" alt=\"preturi\" width=\"960\" height=\"724\" srcset=\"https:\/\/urbeamea.ro\/albaiulia\/wp-content\/uploads\/2015\/01\/preturi.jpg 960w, https:\/\/urbeamea.ro\/albaiulia\/wp-content\/uploads\/2015\/01\/preturi-640x483.jpg 640w, https:\/\/urbeamea.ro\/albaiulia\/wp-content\/uploads\/2015\/01\/preturi-133x100.jpg 133w\" sizes=\"auto, (max-width: 960px) 100vw, 960px\" \/><\/a><\/p>\n","protected":false},"excerpt":{"rendered":"<p>Star Wars: The Force Awakens este cel de-al \u0219aptelea film al celebrei serii create de George Lucas.\u00a0Regizat de J.J. Abrams (Star Trek, Super 8), filmul se concentreaz\u0103 pe evenimente care au loc la 30 de ani dup\u0103 ac\u021biunea din pelicula Return of the Jedi (1980). Harrison Ford (Han Solo), Carrie Fisher (Prin\u021besa Leia) \u0219i Mark &hellip;<\/p>\n","protected":false},"author":16,"featured_media":14743,"comment_status":"open","ping_status":"open","sticky":false,"template":"","format":"standard","meta":{"inline_featured_image":false,"footnotes":""},"categories":[28],"tags":[],"class_list":["post-14742","post","type-post","status-publish","format-standard","has-post-thumbnail","hentry","category-cinema"],"yoast_head":"<!-- This site is optimized with the Yoast SEO plugin v28.3 - https:\/\/yoast.com\/product\/yoast-seo-wordpress\/ -->\n<title>Star Wars: Episode VII - The Force Awakens 3D la Colours Cinema din 18 Decembrie - Revista Urbea Mea - Revista de Alba<\/title>\n<meta name=\"description\" content=\"Star Wars: The Force Awakens este cel de-al \u0219aptelea film al celebrei serii create de George Lucas.\u00a0Regizat de J.J. Abrams (Star Trek, Super 8), filmul se\" \/>\n<meta name=\"robots\" content=\"index, follow, max-snippet:-1, max-image-preview:large, max-video-preview:-1\" \/>\n<link rel=\"canonical\" href=\"https:\/\/urbeamea.ro\/albaiulia\/star-wars-episode-vii-the-force-awakens-3d-la-colours-cinema-din-18-decembrie\/\" \/>\n<meta name=\"twitter:card\" content=\"summary_large_image\" \/>\n<meta name=\"twitter:title\" content=\"Star Wars: Episode VII - The Force Awakens 3D la Colours Cinema din 18 Decembrie - Revista Urbea Mea - Revista de Alba\" \/>\n<meta name=\"twitter:description\" content=\"Star Wars: The Force Awakens este cel de-al \u0219aptelea film al celebrei serii create de George Lucas.\u00a0Regizat de J.J. Abrams (Star Trek, Super 8), filmul se\" \/>\n<meta name=\"twitter:image\" content=\"https:\/\/urbeamea.ro\/albaiulia\/wp-content\/uploads\/2015\/12\/swtrezireafortei.jpg\" \/>\n<meta name=\"twitter:creator\" content=\"@urbeameaweb\" \/>\n<meta name=\"twitter:site\" content=\"@urbeameaweb\" \/>\n<script type=\"application\/ld+json\" class=\"yoast-schema-graph\">{\"@context\":\"https:\\\/\\\/schema.org\",\"@graph\":[{\"@type\":\"Article\",\"@id\":\"https:\\\/\\\/urbeamea.ro\\\/albaiulia\\\/star-wars-episode-vii-the-force-awakens-3d-la-colours-cinema-din-18-decembrie\\\/#article\",\"isPartOf\":{\"@id\":\"https:\\\/\\\/urbeamea.ro\\\/albaiulia\\\/star-wars-episode-vii-the-force-awakens-3d-la-colours-cinema-din-18-decembrie\\\/\"},\"author\":{\"name\":\"Redac\u021bia UrbeaMea\",\"@id\":\"https:\\\/\\\/urbeamea.ro\\\/albaiulia\\\/#\\\/schema\\\/person\\\/272ae98052f8ee8980f59848df070247\"},\"headline\":\"Star Wars: Episode VII &#8211; The Force Awakens 3D la Colours Cinema din 18 Decembrie\",\"datePublished\":\"2015-12-12T10:19:35+00:00\",\"dateModified\":\"2015-12-17T10:11:23+00:00\",\"mainEntityOfPage\":{\"@id\":\"https:\\\/\\\/urbeamea.ro\\\/albaiulia\\\/star-wars-episode-vii-the-force-awakens-3d-la-colours-cinema-din-18-decembrie\\\/\"},\"wordCount\":157,\"commentCount\":0,\"image\":{\"@id\":\"https:\\\/\\\/urbeamea.ro\\\/albaiulia\\\/star-wars-episode-vii-the-force-awakens-3d-la-colours-cinema-din-18-decembrie\\\/#primaryimage\"},\"thumbnailUrl\":\"https:\\\/\\\/urbeamea.ro\\\/albaiulia\\\/wp-content\\\/uploads\\\/2015\\\/12\\\/swtrezireafortei.jpg\",\"articleSection\":[\"Cinema, Filme \u0219i seriale\"],\"inLanguage\":\"ro-RO\",\"potentialAction\":[{\"@type\":\"CommentAction\",\"name\":\"Comment\",\"target\":[\"https:\\\/\\\/urbeamea.ro\\\/albaiulia\\\/star-wars-episode-vii-the-force-awakens-3d-la-colours-cinema-din-18-decembrie\\\/#respond\"]}]},{\"@type\":\"WebPage\",\"@id\":\"https:\\\/\\\/urbeamea.ro\\\/albaiulia\\\/star-wars-episode-vii-the-force-awakens-3d-la-colours-cinema-din-18-decembrie\\\/\",\"url\":\"https:\\\/\\\/urbeamea.ro\\\/albaiulia\\\/star-wars-episode-vii-the-force-awakens-3d-la-colours-cinema-din-18-decembrie\\\/\",\"name\":\"Star Wars: Episode VII - The Force Awakens 3D la Colours Cinema din 18 Decembrie - Revista Urbea Mea - Revista de Alba\",\"isPartOf\":{\"@id\":\"https:\\\/\\\/urbeamea.ro\\\/albaiulia\\\/#website\"},\"primaryImageOfPage\":{\"@id\":\"https:\\\/\\\/urbeamea.ro\\\/albaiulia\\\/star-wars-episode-vii-the-force-awakens-3d-la-colours-cinema-din-18-decembrie\\\/#primaryimage\"},\"image\":{\"@id\":\"https:\\\/\\\/urbeamea.ro\\\/albaiulia\\\/star-wars-episode-vii-the-force-awakens-3d-la-colours-cinema-din-18-decembrie\\\/#primaryimage\"},\"thumbnailUrl\":\"https:\\\/\\\/urbeamea.ro\\\/albaiulia\\\/wp-content\\\/uploads\\\/2015\\\/12\\\/swtrezireafortei.jpg\",\"datePublished\":\"2015-12-12T10:19:35+00:00\",\"dateModified\":\"2015-12-17T10:11:23+00:00\",\"author\":{\"@id\":\"https:\\\/\\\/urbeamea.ro\\\/albaiulia\\\/#\\\/schema\\\/person\\\/272ae98052f8ee8980f59848df070247\"},\"description\":\"Star Wars: The Force Awakens este cel de-al \u0219aptelea film al celebrei serii create de George Lucas.\u00a0Regizat de J.J. Abrams (Star Trek, Super 8), filmul se\",\"breadcrumb\":{\"@id\":\"https:\\\/\\\/urbeamea.ro\\\/albaiulia\\\/star-wars-episode-vii-the-force-awakens-3d-la-colours-cinema-din-18-decembrie\\\/#breadcrumb\"},\"inLanguage\":\"ro-RO\",\"potentialAction\":[{\"@type\":\"ReadAction\",\"target\":[\"https:\\\/\\\/urbeamea.ro\\\/albaiulia\\\/star-wars-episode-vii-the-force-awakens-3d-la-colours-cinema-din-18-decembrie\\\/\"]}]},{\"@type\":\"ImageObject\",\"inLanguage\":\"ro-RO\",\"@id\":\"https:\\\/\\\/urbeamea.ro\\\/albaiulia\\\/star-wars-episode-vii-the-force-awakens-3d-la-colours-cinema-din-18-decembrie\\\/#primaryimage\",\"url\":\"https:\\\/\\\/urbeamea.ro\\\/albaiulia\\\/wp-content\\\/uploads\\\/2015\\\/12\\\/swtrezireafortei.jpg\",\"contentUrl\":\"https:\\\/\\\/urbeamea.ro\\\/albaiulia\\\/wp-content\\\/uploads\\\/2015\\\/12\\\/swtrezireafortei.jpg\",\"width\":834,\"height\":1200},{\"@type\":\"BreadcrumbList\",\"@id\":\"https:\\\/\\\/urbeamea.ro\\\/albaiulia\\\/star-wars-episode-vii-the-force-awakens-3d-la-colours-cinema-din-18-decembrie\\\/#breadcrumb\",\"itemListElement\":[{\"@type\":\"ListItem\",\"position\":1,\"name\":\"Prima pagin\u0103\",\"item\":\"https:\\\/\\\/urbeamea.ro\\\/albaiulia\\\/\"},{\"@type\":\"ListItem\",\"position\":2,\"name\":\"Star Wars: Episode VII &#8211; The Force Awakens 3D la Colours Cinema din 18 Decembrie\"}]},{\"@type\":\"WebSite\",\"@id\":\"https:\\\/\\\/urbeamea.ro\\\/albaiulia\\\/#website\",\"url\":\"https:\\\/\\\/urbeamea.ro\\\/albaiulia\\\/\",\"name\":\"Revista Urbea Mea, Stiri urbane\",\"description\":\"Evenimente \u0219i \u0219tiri din Alba Iulia, Sebe\u0219, Aiud, Blaj\",\"potentialAction\":[{\"@type\":\"SearchAction\",\"target\":{\"@type\":\"EntryPoint\",\"urlTemplate\":\"https:\\\/\\\/urbeamea.ro\\\/albaiulia\\\/?s={search_term_string}\"},\"query-input\":{\"@type\":\"PropertyValueSpecification\",\"valueRequired\":true,\"valueName\":\"search_term_string\"}}],\"inLanguage\":\"ro-RO\"},{\"@type\":\"Person\",\"@id\":\"https:\\\/\\\/urbeamea.ro\\\/albaiulia\\\/#\\\/schema\\\/person\\\/272ae98052f8ee8980f59848df070247\",\"name\":\"Redac\u021bia UrbeaMea\",\"image\":{\"@type\":\"ImageObject\",\"inLanguage\":\"ro-RO\",\"@id\":\"https:\\\/\\\/secure.gravatar.com\\\/avatar\\\/9ce5a9435071fa1037e8468053ead8e513dbbff59009d3069aadb85506d85a27?s=96&d=mm&r=g\",\"url\":\"https:\\\/\\\/secure.gravatar.com\\\/avatar\\\/9ce5a9435071fa1037e8468053ead8e513dbbff59009d3069aadb85506d85a27?s=96&d=mm&r=g\",\"contentUrl\":\"https:\\\/\\\/secure.gravatar.com\\\/avatar\\\/9ce5a9435071fa1037e8468053ead8e513dbbff59009d3069aadb85506d85a27?s=96&d=mm&r=g\",\"caption\":\"Redac\u021bia UrbeaMea\"},\"description\":\"contact@urbeamea.ro\",\"sameAs\":[\"https:\\\/\\\/www.urbeamea.ro\"],\"url\":\"https:\\\/\\\/urbeamea.ro\\\/albaiulia\\\/author\\\/redactia-urbeamea\\\/\"}]}<\/script>\n<!-- \/ Yoast SEO plugin. -->","yoast_head_json":{"title":"Star Wars: Episode VII - The Force Awakens 3D la Colours Cinema din 18 Decembrie - Revista Urbea Mea - Revista de Alba","description":"Star Wars: The Force Awakens este cel de-al \u0219aptelea film al celebrei serii create de George Lucas.\u00a0Regizat de J.J. Abrams (Star Trek, Super 8), filmul se","robots":{"index":"index","follow":"follow","max-snippet":"max-snippet:-1","max-image-preview":"max-image-preview:large","max-video-preview":"max-video-preview:-1"},"canonical":"https:\/\/urbeamea.ro\/albaiulia\/star-wars-episode-vii-the-force-awakens-3d-la-colours-cinema-din-18-decembrie\/","twitter_card":"summary_large_image","twitter_title":"Star Wars: Episode VII - The Force Awakens 3D la Colours Cinema din 18 Decembrie - Revista Urbea Mea - Revista de Alba","twitter_description":"Star Wars: The Force Awakens este cel de-al \u0219aptelea film al celebrei serii create de George Lucas.\u00a0Regizat de J.J. Abrams (Star Trek, Super 8), filmul se","twitter_image":"https:\/\/urbeamea.ro\/albaiulia\/wp-content\/uploads\/2015\/12\/swtrezireafortei.jpg","twitter_creator":"@urbeameaweb","twitter_site":"@urbeameaweb","schema":{"@context":"https:\/\/schema.org","@graph":[{"@type":"Article","@id":"https:\/\/urbeamea.ro\/albaiulia\/star-wars-episode-vii-the-force-awakens-3d-la-colours-cinema-din-18-decembrie\/#article","isPartOf":{"@id":"https:\/\/urbeamea.ro\/albaiulia\/star-wars-episode-vii-the-force-awakens-3d-la-colours-cinema-din-18-decembrie\/"},"author":{"name":"Redac\u021bia UrbeaMea","@id":"https:\/\/urbeamea.ro\/albaiulia\/#\/schema\/person\/272ae98052f8ee8980f59848df070247"},"headline":"Star Wars: Episode VII &#8211; The Force Awakens 3D la Colours Cinema din 18 Decembrie","datePublished":"2015-12-12T10:19:35+00:00","dateModified":"2015-12-17T10:11:23+00:00","mainEntityOfPage":{"@id":"https:\/\/urbeamea.ro\/albaiulia\/star-wars-episode-vii-the-force-awakens-3d-la-colours-cinema-din-18-decembrie\/"},"wordCount":157,"commentCount":0,"image":{"@id":"https:\/\/urbeamea.ro\/albaiulia\/star-wars-episode-vii-the-force-awakens-3d-la-colours-cinema-din-18-decembrie\/#primaryimage"},"thumbnailUrl":"https:\/\/urbeamea.ro\/albaiulia\/wp-content\/uploads\/2015\/12\/swtrezireafortei.jpg","articleSection":["Cinema, Filme \u0219i seriale"],"inLanguage":"ro-RO","potentialAction":[{"@type":"CommentAction","name":"Comment","target":["https:\/\/urbeamea.ro\/albaiulia\/star-wars-episode-vii-the-force-awakens-3d-la-colours-cinema-din-18-decembrie\/#respond"]}]},{"@type":"WebPage","@id":"https:\/\/urbeamea.ro\/albaiulia\/star-wars-episode-vii-the-force-awakens-3d-la-colours-cinema-din-18-decembrie\/","url":"https:\/\/urbeamea.ro\/albaiulia\/star-wars-episode-vii-the-force-awakens-3d-la-colours-cinema-din-18-decembrie\/","name":"Star Wars: Episode VII - The Force Awakens 3D la Colours Cinema din 18 Decembrie - Revista Urbea Mea - Revista de Alba","isPartOf":{"@id":"https:\/\/urbeamea.ro\/albaiulia\/#website"},"primaryImageOfPage":{"@id":"https:\/\/urbeamea.ro\/albaiulia\/star-wars-episode-vii-the-force-awakens-3d-la-colours-cinema-din-18-decembrie\/#primaryimage"},"image":{"@id":"https:\/\/urbeamea.ro\/albaiulia\/star-wars-episode-vii-the-force-awakens-3d-la-colours-cinema-din-18-decembrie\/#primaryimage"},"thumbnailUrl":"https:\/\/urbeamea.ro\/albaiulia\/wp-content\/uploads\/2015\/12\/swtrezireafortei.jpg","datePublished":"2015-12-12T10:19:35+00:00","dateModified":"2015-12-17T10:11:23+00:00","author":{"@id":"https:\/\/urbeamea.ro\/albaiulia\/#\/schema\/person\/272ae98052f8ee8980f59848df070247"},"description":"Star Wars: The Force Awakens este cel de-al \u0219aptelea film al celebrei serii create de George Lucas.\u00a0Regizat de J.J. Abrams (Star Trek, Super 8), filmul se","breadcrumb":{"@id":"https:\/\/urbeamea.ro\/albaiulia\/star-wars-episode-vii-the-force-awakens-3d-la-colours-cinema-din-18-decembrie\/#breadcrumb"},"inLanguage":"ro-RO","potentialAction":[{"@type":"ReadAction","target":["https:\/\/urbeamea.ro\/albaiulia\/star-wars-episode-vii-the-force-awakens-3d-la-colours-cinema-din-18-decembrie\/"]}]},{"@type":"ImageObject","inLanguage":"ro-RO","@id":"https:\/\/urbeamea.ro\/albaiulia\/star-wars-episode-vii-the-force-awakens-3d-la-colours-cinema-din-18-decembrie\/#primaryimage","url":"https:\/\/urbeamea.ro\/albaiulia\/wp-content\/uploads\/2015\/12\/swtrezireafortei.jpg","contentUrl":"https:\/\/urbeamea.ro\/albaiulia\/wp-content\/uploads\/2015\/12\/swtrezireafortei.jpg","width":834,"height":1200},{"@type":"BreadcrumbList","@id":"https:\/\/urbeamea.ro\/albaiulia\/star-wars-episode-vii-the-force-awakens-3d-la-colours-cinema-din-18-decembrie\/#breadcrumb","itemListElement":[{"@type":"ListItem","position":1,"name":"Prima pagin\u0103","item":"https:\/\/urbeamea.ro\/albaiulia\/"},{"@type":"ListItem","position":2,"name":"Star Wars: Episode VII &#8211; The Force Awakens 3D la Colours Cinema din 18 Decembrie"}]},{"@type":"WebSite","@id":"https:\/\/urbeamea.ro\/albaiulia\/#website","url":"https:\/\/urbeamea.ro\/albaiulia\/","name":"Revista Urbea Mea, Stiri urbane","description":"Evenimente \u0219i \u0219tiri din Alba Iulia, Sebe\u0219, Aiud, Blaj","potentialAction":[{"@type":"SearchAction","target":{"@type":"EntryPoint","urlTemplate":"https:\/\/urbeamea.ro\/albaiulia\/?s={search_term_string}"},"query-input":{"@type":"PropertyValueSpecification","valueRequired":true,"valueName":"search_term_string"}}],"inLanguage":"ro-RO"},{"@type":"Person","@id":"https:\/\/urbeamea.ro\/albaiulia\/#\/schema\/person\/272ae98052f8ee8980f59848df070247","name":"Redac\u021bia UrbeaMea","image":{"@type":"ImageObject","inLanguage":"ro-RO","@id":"https:\/\/secure.gravatar.com\/avatar\/9ce5a9435071fa1037e8468053ead8e513dbbff59009d3069aadb85506d85a27?s=96&d=mm&r=g","url":"https:\/\/secure.gravatar.com\/avatar\/9ce5a9435071fa1037e8468053ead8e513dbbff59009d3069aadb85506d85a27?s=96&d=mm&r=g","contentUrl":"https:\/\/secure.gravatar.com\/avatar\/9ce5a9435071fa1037e8468053ead8e513dbbff59009d3069aadb85506d85a27?s=96&d=mm&r=g","caption":"Redac\u021bia UrbeaMea"},"description":"contact@urbeamea.ro","sameAs":["https:\/\/www.urbeamea.ro"],"url":"https:\/\/urbeamea.ro\/albaiulia\/author\/redactia-urbeamea\/"}]}},"_links":{"self":[{"href":"https:\/\/urbeamea.ro\/albaiulia\/wp-json\/wp\/v2\/posts\/14742","targetHints":{"allow":["GET"]}}],"collection":[{"href":"https:\/\/urbeamea.ro\/albaiulia\/wp-json\/wp\/v2\/posts"}],"about":[{"href":"https:\/\/urbeamea.ro\/albaiulia\/wp-json\/wp\/v2\/types\/post"}],"author":[{"embeddable":true,"href":"https:\/\/urbeamea.ro\/albaiulia\/wp-json\/wp\/v2\/users\/16"}],"replies":[{"embeddable":true,"href":"https:\/\/urbeamea.ro\/albaiulia\/wp-json\/wp\/v2\/comments?post=14742"}],"version-history":[{"count":0,"href":"https:\/\/urbeamea.ro\/albaiulia\/wp-json\/wp\/v2\/posts\/14742\/revisions"}],"wp:featuredmedia":[{"embeddable":true,"href":"https:\/\/urbeamea.ro\/albaiulia\/wp-json\/wp\/v2\/media\/14743"}],"wp:attachment":[{"href":"https:\/\/urbeamea.ro\/albaiulia\/wp-json\/wp\/v2\/media?parent=14742"}],"wp:term":[{"taxonomy":"category","embeddable":true,"href":"https:\/\/urbeamea.ro\/albaiulia\/wp-json\/wp\/v2\/categories?post=14742"},{"taxonomy":"post_tag","embeddable":true,"href":"https:\/\/urbeamea.ro\/albaiulia\/wp-json\/wp\/v2\/tags?post=14742"}],"curies":[{"name":"wp","href":"https:\/\/api.w.org\/{rel}","templated":true}]}}