{"id":14905,"date":"2015-12-14T09:24:21","date_gmt":"2015-12-14T07:24:21","guid":{"rendered":"http:\/\/urbeamea.ro\/albaiulia\/?p=14905"},"modified":"2015-12-14T09:25:45","modified_gmt":"2015-12-14T07:25:45","slug":"foto-video-concert-extraordinar-de-craciun-cu-orchestra-de-camera-augustin-bena-si-corul-filarmonicii-de-stat-transilvania-din-cluj-napoca-la-alba-iulia","status":"publish","type":"post","link":"https:\/\/urbeamea.ro\/albaiulia\/foto-video-concert-extraordinar-de-craciun-cu-orchestra-de-camera-augustin-bena-si-corul-filarmonicii-de-stat-transilvania-din-cluj-napoca-la-alba-iulia\/","title":{"rendered":"FOTO-VIDEO: Concert extraordinar de Cr\u0103ciun cu Orchestra de camer\u0103 &#8222;Augustin Bena&#8221; \u015fi Corul Filarmonicii de Stat Transilvania din Cluj Napoca, la Alba Iulia"},"content":{"rendered":"<p><strong><a href=\"http:\/\/urbeamea.ro\/albaiulia\/wp-content\/uploads\/2015\/12\/Picture-03410.jpg\"><img loading=\"lazy\" decoding=\"async\" class=\"size-medium wp-image-14912 alignleft\" src=\"http:\/\/urbeamea.ro\/albaiulia\/wp-content\/uploads\/2015\/12\/Picture-03410-300x200.jpg\" alt=\"orchestra de camera\" width=\"300\" height=\"200\" \/><\/a>O sear\u0103 plin\u0103 de magie. De asta au avut parte albaiulienii prezen\u0163i duminic\u0103 seara la Casa de Cultur\u0103 a Sindicatelor din Alba Iulia. Orchestra de camer\u0103 &#8222;Augustin Bena&#8221;, dirijat\u0103 de Dan Liviu Cernat a oferit un concert extraordinar de Cr\u0103ciun. Astfel c\u0103, orchestra \u015fi-a ar\u0103tat din nou m\u0103iestria al\u0103turi de invitatul special \u00een eveniment, Corul Filarmonicii de Stat Transilvania din Cluj Napoca, dirijor prof. univ. dr. Cornel Groza.<\/strong><\/p>\n<p>Casa de Cultur\u0103 a Sindicatelor din Alba Iulia a fost din nou gazda unui eveniment de excep\u0163ie duminic\u0103 seara. Cei prezen\u0163i au avut ocazia de a asculta lucr\u0103ri celebre\u00a0din crea\u0163ia compozitorilor Johann Strauss, Giuseppe Verdi \u015fi G. F. Handel, interpretate de Orchestra de camer\u0103 a jude\u0163ului Alba, &#8222;Augustin Bena&#8221;.<br \/>\n<iframe loading=\"lazy\" src=\"https:\/\/www.youtube.com\/embed\/z43EE_9Ej10\" width=\"420\" height=\"315\" frameborder=\"0\" allowfullscreen=\"allowfullscreen\"><\/iframe><\/p>\n<p>Corul Filarmonicii de Stat ,,Transilvania\u201d a fost \u00eenfiin\u0163at \u00een anul 1972, \u00een timpul directoratului maestrului Sigismund Todu\u0163\u0103, renumit compozitor clujean \u015fi, \u00een acela\u015fi timp, \u015fef de \u015fcoal\u0103 de compozi\u0163ie, a c\u0103rui ini\u0163iativ\u0103 \u015fi perseveren\u0163\u0103 au avut o mare pondere \u00een reu\u015fita acestui proiect. Dup\u0103 abia doi ani de la \u00eenfiin\u0163are, Corul Filarmonicii clujene a fost recunoscut ca valoare na\u0163ional\u0103 de prim rang, pozi\u0163ie pe care o p\u0103streaz\u0103 \u015fi \u00een momentul de fa\u0163\u0103. \u00cencep\u00e2nd cu anul 1976 corul marcheaz\u0103 primele succese intern\u0163ionale de r\u0103sunet \u015fi \u00eenregistreaz\u0103 progrese majore \u00een sporirea poten\u0163ialului s\u0103u expresiv \u015fi repertorial. \u00cen anul 1986, ansamblul este preluat de Cornel Groza, discipol al mastrului Dorin Pop. Linia evolutiv\u0103 trasat\u0103 de predecesori este continuat\u0103 cu succes de actualul dirijor, corul marc\u00e2nd, \u00een to\u0163i ace\u015fti ani, cele mai prestigioase \u015fi aplaudate prezen\u0163e \u00een context interna\u0163ional \u015fi fiind aclamat ca o forma\u0163ie de clas\u0103 mondial\u0103.<\/p>\n<p>Cornel Groza \u015fi-a \u00eenceput preg\u0103tirea muzical\u0103 la Liceul de Muzic\u0103 din Cluj-Napoca, studiind apoi pedagogia muzical\u0103 la Academia de Muzic\u0103 din ora\u015ful nostru. \u00cen 1970, a devenit membru al corului de camer\u0103 din Cluj, care, sub conducerea maestrului Dorin Pop a devenit un \u201ecentru\u201d coral de marc\u0103. Aceast\u0103 experien\u0163\u0103 a fost decisiv\u0103 \u00een alegerea lui Cornel Groza, aceea de a urma cariera de dirijat. \u00cen 1972, devine membru fondator al Corului Filarmonicii de Stat \u201eTransilvania\u201d, iar \u00een 1986, dirijorul permanent al Corului Filarmonicii clujene. Prin tehnica sa dirijoral\u0103 excelent\u0103, cunoa\u015fterea complet\u0103 \u015fi st\u0103p\u00e2nirea c\u00e2ntului coral, prin sim\u0163ul fin al sonorit\u0103\u0163ii, Cornel Groza aduce un impuls vital succesului permanent al Corului Filarmonicii din Cluj-Napoca.<\/p>\n<p>Evenimentul a fost organizat de Consiliul Jude\u0163ean Alba \u015fi Centrul de Cultur\u0103 \u201cAugustin Bena\u201d Alba.<\/p>\n<div id='gallery-1' class='gallery galleryid-14905 gallery-columns-3 gallery-size-thumbnail'><figure class='gallery-item'>\n\t\t\t<div class='gallery-icon landscape'>\n\t\t\t\t<a href='https:\/\/urbeamea.ro\/albaiulia\/wp-content\/uploads\/2015\/12\/Picture-0398.jpg'><img decoding=\"async\" width=\"150\" height=\"100\" src=\"data:image\/png;base64,iVBORw0KGgoAAAANSUhEUgAAAYYAAADcAQMAAABOLJSDAAAAA1BMVEUAAACnej3aAAAAAXRSTlMAQObYZgAAACJJREFUaIHtwTEBAAAAwqD1T20ND6AAAAAAAAAAAAAA4N8AKvgAAUFIrrEAAAAASUVORK5CYII=\" class=\"attachment-thumbnail size-thumbnail lazy-img\" alt=\"\" srcset=\"https:\/\/urbeamea.ro\/albaiulia\/wp-content\/uploads\/2015\/12\/Picture-0398-150x100.jpg 150w, https:\/\/urbeamea.ro\/albaiulia\/wp-content\/uploads\/2015\/12\/Picture-0398-640x427.jpg 640w, https:\/\/urbeamea.ro\/albaiulia\/wp-content\/uploads\/2015\/12\/Picture-0398.jpg 1280w, https:\/\/urbeamea.ro\/albaiulia\/wp-content\/uploads\/2015\/12\/Picture-0398-321x214.jpg 321w, https:\/\/urbeamea.ro\/albaiulia\/wp-content\/uploads\/2015\/12\/Picture-0398-207x136.jpg 207w, https:\/\/urbeamea.ro\/albaiulia\/wp-content\/uploads\/2015\/12\/Picture-0398-140x94.jpg 140w, https:\/\/urbeamea.ro\/albaiulia\/wp-content\/uploads\/2015\/12\/Picture-0398-430x283.jpg 430w\" sizes=\"auto, (max-width: 150px) 100vw, 150px\" data-src=\"https:\/\/urbeamea.ro\/albaiulia\/wp-content\/uploads\/2015\/12\/Picture-0398-150x100.jpg\" loading=\"lazy\" \/><\/a>\n\t\t\t<\/div><\/figure><figure class='gallery-item'>\n\t\t\t<div class='gallery-icon landscape'>\n\t\t\t\t<a href='https:\/\/urbeamea.ro\/albaiulia\/wp-content\/uploads\/2015\/12\/Picture-02912.jpg'><img decoding=\"async\" width=\"150\" height=\"100\" src=\"data:image\/png;base64,iVBORw0KGgoAAAANSUhEUgAAAYYAAADcAQMAAABOLJSDAAAAA1BMVEUAAACnej3aAAAAAXRSTlMAQObYZgAAACJJREFUaIHtwTEBAAAAwqD1T20ND6AAAAAAAAAAAAAA4N8AKvgAAUFIrrEAAAAASUVORK5CYII=\" class=\"attachment-thumbnail size-thumbnail lazy-img\" alt=\"\" srcset=\"https:\/\/urbeamea.ro\/albaiulia\/wp-content\/uploads\/2015\/12\/Picture-02912-150x100.jpg 150w, https:\/\/urbeamea.ro\/albaiulia\/wp-content\/uploads\/2015\/12\/Picture-02912-300x200.jpg 300w, https:\/\/urbeamea.ro\/albaiulia\/wp-content\/uploads\/2015\/12\/Picture-02912-1024x682.jpg 1024w, https:\/\/urbeamea.ro\/albaiulia\/wp-content\/uploads\/2015\/12\/Picture-02912-321x214.jpg 321w, https:\/\/urbeamea.ro\/albaiulia\/wp-content\/uploads\/2015\/12\/Picture-02912-207x136.jpg 207w, https:\/\/urbeamea.ro\/albaiulia\/wp-content\/uploads\/2015\/12\/Picture-02912-140x94.jpg 140w, https:\/\/urbeamea.ro\/albaiulia\/wp-content\/uploads\/2015\/12\/Picture-02912-430x283.jpg 430w, https:\/\/urbeamea.ro\/albaiulia\/wp-content\/uploads\/2015\/12\/Picture-02912.jpg 1280w\" sizes=\"auto, (max-width: 150px) 100vw, 150px\" data-src=\"https:\/\/urbeamea.ro\/albaiulia\/wp-content\/uploads\/2015\/12\/Picture-02912-150x100.jpg\" loading=\"lazy\" \/><\/a>\n\t\t\t<\/div><\/figure><figure class='gallery-item'>\n\t\t\t<div class='gallery-icon landscape'>\n\t\t\t\t<a href='https:\/\/urbeamea.ro\/albaiulia\/wp-content\/uploads\/2015\/12\/Picture-0309.jpg'><img decoding=\"async\" width=\"150\" height=\"100\" src=\"data:image\/png;base64,iVBORw0KGgoAAAANSUhEUgAAAYYAAADcAQMAAABOLJSDAAAAA1BMVEUAAACnej3aAAAAAXRSTlMAQObYZgAAACJJREFUaIHtwTEBAAAAwqD1T20ND6AAAAAAAAAAAAAA4N8AKvgAAUFIrrEAAAAASUVORK5CYII=\" class=\"attachment-thumbnail size-thumbnail lazy-img\" alt=\"\" srcset=\"https:\/\/urbeamea.ro\/albaiulia\/wp-content\/uploads\/2015\/12\/Picture-0309-150x100.jpg 150w, https:\/\/urbeamea.ro\/albaiulia\/wp-content\/uploads\/2015\/12\/Picture-0309-300x200.jpg 300w, https:\/\/urbeamea.ro\/albaiulia\/wp-content\/uploads\/2015\/12\/Picture-0309-1024x682.jpg 1024w, https:\/\/urbeamea.ro\/albaiulia\/wp-content\/uploads\/2015\/12\/Picture-0309-321x214.jpg 321w, https:\/\/urbeamea.ro\/albaiulia\/wp-content\/uploads\/2015\/12\/Picture-0309-207x136.jpg 207w, https:\/\/urbeamea.ro\/albaiulia\/wp-content\/uploads\/2015\/12\/Picture-0309-140x94.jpg 140w, https:\/\/urbeamea.ro\/albaiulia\/wp-content\/uploads\/2015\/12\/Picture-0309-430x283.jpg 430w, https:\/\/urbeamea.ro\/albaiulia\/wp-content\/uploads\/2015\/12\/Picture-0309.jpg 1280w\" sizes=\"auto, (max-width: 150px) 100vw, 150px\" data-src=\"https:\/\/urbeamea.ro\/albaiulia\/wp-content\/uploads\/2015\/12\/Picture-0309-150x100.jpg\" loading=\"lazy\" \/><\/a>\n\t\t\t<\/div><\/figure><figure class='gallery-item'>\n\t\t\t<div class='gallery-icon landscape'>\n\t\t\t\t<a href='https:\/\/urbeamea.ro\/albaiulia\/wp-content\/uploads\/2015\/12\/Picture-03110.jpg'><img decoding=\"async\" width=\"150\" height=\"100\" src=\"data:image\/png;base64,iVBORw0KGgoAAAANSUhEUgAAAYYAAADcAQMAAABOLJSDAAAAA1BMVEUAAACnej3aAAAAAXRSTlMAQObYZgAAACJJREFUaIHtwTEBAAAAwqD1T20ND6AAAAAAAAAAAAAA4N8AKvgAAUFIrrEAAAAASUVORK5CYII=\" class=\"attachment-thumbnail size-thumbnail lazy-img\" alt=\"\" srcset=\"https:\/\/urbeamea.ro\/albaiulia\/wp-content\/uploads\/2015\/12\/Picture-03110-150x100.jpg 150w, https:\/\/urbeamea.ro\/albaiulia\/wp-content\/uploads\/2015\/12\/Picture-03110-300x200.jpg 300w, https:\/\/urbeamea.ro\/albaiulia\/wp-content\/uploads\/2015\/12\/Picture-03110-1024x682.jpg 1024w, https:\/\/urbeamea.ro\/albaiulia\/wp-content\/uploads\/2015\/12\/Picture-03110-321x214.jpg 321w, https:\/\/urbeamea.ro\/albaiulia\/wp-content\/uploads\/2015\/12\/Picture-03110-207x136.jpg 207w, https:\/\/urbeamea.ro\/albaiulia\/wp-content\/uploads\/2015\/12\/Picture-03110-140x94.jpg 140w, https:\/\/urbeamea.ro\/albaiulia\/wp-content\/uploads\/2015\/12\/Picture-03110-430x283.jpg 430w, https:\/\/urbeamea.ro\/albaiulia\/wp-content\/uploads\/2015\/12\/Picture-03110.jpg 1280w\" sizes=\"auto, (max-width: 150px) 100vw, 150px\" data-src=\"https:\/\/urbeamea.ro\/albaiulia\/wp-content\/uploads\/2015\/12\/Picture-03110-150x100.jpg\" loading=\"lazy\" \/><\/a>\n\t\t\t<\/div><\/figure><figure class='gallery-item'>\n\t\t\t<div class='gallery-icon landscape'>\n\t\t\t\t<a href='https:\/\/urbeamea.ro\/albaiulia\/wp-content\/uploads\/2015\/12\/Picture-0329.jpg'><img decoding=\"async\" width=\"150\" height=\"100\" src=\"data:image\/png;base64,iVBORw0KGgoAAAANSUhEUgAAAYYAAADcAQMAAABOLJSDAAAAA1BMVEUAAACnej3aAAAAAXRSTlMAQObYZgAAACJJREFUaIHtwTEBAAAAwqD1T20ND6AAAAAAAAAAAAAA4N8AKvgAAUFIrrEAAAAASUVORK5CYII=\" class=\"attachment-thumbnail size-thumbnail lazy-img\" alt=\"\" srcset=\"https:\/\/urbeamea.ro\/albaiulia\/wp-content\/uploads\/2015\/12\/Picture-0329-150x100.jpg 150w, https:\/\/urbeamea.ro\/albaiulia\/wp-content\/uploads\/2015\/12\/Picture-0329-300x200.jpg 300w, https:\/\/urbeamea.ro\/albaiulia\/wp-content\/uploads\/2015\/12\/Picture-0329-1024x682.jpg 1024w, https:\/\/urbeamea.ro\/albaiulia\/wp-content\/uploads\/2015\/12\/Picture-0329-321x214.jpg 321w, https:\/\/urbeamea.ro\/albaiulia\/wp-content\/uploads\/2015\/12\/Picture-0329-207x136.jpg 207w, https:\/\/urbeamea.ro\/albaiulia\/wp-content\/uploads\/2015\/12\/Picture-0329-140x94.jpg 140w, https:\/\/urbeamea.ro\/albaiulia\/wp-content\/uploads\/2015\/12\/Picture-0329-430x283.jpg 430w, https:\/\/urbeamea.ro\/albaiulia\/wp-content\/uploads\/2015\/12\/Picture-0329.jpg 1280w\" sizes=\"auto, (max-width: 150px) 100vw, 150px\" data-src=\"https:\/\/urbeamea.ro\/albaiulia\/wp-content\/uploads\/2015\/12\/Picture-0329-150x100.jpg\" loading=\"lazy\" \/><\/a>\n\t\t\t<\/div><\/figure><figure class='gallery-item'>\n\t\t\t<div class='gallery-icon landscape'>\n\t\t\t\t<a href='https:\/\/urbeamea.ro\/albaiulia\/wp-content\/uploads\/2015\/12\/Picture-0337.jpg'><img decoding=\"async\" width=\"150\" height=\"100\" src=\"data:image\/png;base64,iVBORw0KGgoAAAANSUhEUgAAAYYAAADcAQMAAABOLJSDAAAAA1BMVEUAAACnej3aAAAAAXRSTlMAQObYZgAAACJJREFUaIHtwTEBAAAAwqD1T20ND6AAAAAAAAAAAAAA4N8AKvgAAUFIrrEAAAAASUVORK5CYII=\" class=\"attachment-thumbnail size-thumbnail lazy-img\" alt=\"\" srcset=\"https:\/\/urbeamea.ro\/albaiulia\/wp-content\/uploads\/2015\/12\/Picture-0337-150x100.jpg 150w, https:\/\/urbeamea.ro\/albaiulia\/wp-content\/uploads\/2015\/12\/Picture-0337-300x200.jpg 300w, https:\/\/urbeamea.ro\/albaiulia\/wp-content\/uploads\/2015\/12\/Picture-0337-1024x682.jpg 1024w, https:\/\/urbeamea.ro\/albaiulia\/wp-content\/uploads\/2015\/12\/Picture-0337-321x214.jpg 321w, https:\/\/urbeamea.ro\/albaiulia\/wp-content\/uploads\/2015\/12\/Picture-0337-207x136.jpg 207w, https:\/\/urbeamea.ro\/albaiulia\/wp-content\/uploads\/2015\/12\/Picture-0337-140x94.jpg 140w, https:\/\/urbeamea.ro\/albaiulia\/wp-content\/uploads\/2015\/12\/Picture-0337-430x283.jpg 430w, https:\/\/urbeamea.ro\/albaiulia\/wp-content\/uploads\/2015\/12\/Picture-0337.jpg 1280w\" sizes=\"auto, (max-width: 150px) 100vw, 150px\" data-src=\"https:\/\/urbeamea.ro\/albaiulia\/wp-content\/uploads\/2015\/12\/Picture-0337-150x100.jpg\" loading=\"lazy\" \/><\/a>\n\t\t\t<\/div><\/figure><figure class='gallery-item'>\n\t\t\t<div class='gallery-icon landscape'>\n\t\t\t\t<a href='https:\/\/urbeamea.ro\/albaiulia\/wp-content\/uploads\/2015\/12\/Picture-03410.jpg'><img decoding=\"async\" width=\"150\" height=\"100\" src=\"data:image\/png;base64,iVBORw0KGgoAAAANSUhEUgAAAYYAAADcAQMAAABOLJSDAAAAA1BMVEUAAACnej3aAAAAAXRSTlMAQObYZgAAACJJREFUaIHtwTEBAAAAwqD1T20ND6AAAAAAAAAAAAAA4N8AKvgAAUFIrrEAAAAASUVORK5CYII=\" class=\"attachment-thumbnail size-thumbnail lazy-img\" alt=\"\" srcset=\"https:\/\/urbeamea.ro\/albaiulia\/wp-content\/uploads\/2015\/12\/Picture-03410-150x100.jpg 150w, https:\/\/urbeamea.ro\/albaiulia\/wp-content\/uploads\/2015\/12\/Picture-03410-640x427.jpg 640w, https:\/\/urbeamea.ro\/albaiulia\/wp-content\/uploads\/2015\/12\/Picture-03410.jpg 1280w, https:\/\/urbeamea.ro\/albaiulia\/wp-content\/uploads\/2015\/12\/Picture-03410-321x214.jpg 321w, https:\/\/urbeamea.ro\/albaiulia\/wp-content\/uploads\/2015\/12\/Picture-03410-207x136.jpg 207w, https:\/\/urbeamea.ro\/albaiulia\/wp-content\/uploads\/2015\/12\/Picture-03410-140x94.jpg 140w, https:\/\/urbeamea.ro\/albaiulia\/wp-content\/uploads\/2015\/12\/Picture-03410-430x283.jpg 430w, https:\/\/urbeamea.ro\/albaiulia\/wp-content\/uploads\/2015\/12\/Picture-03410-1200x800.jpg 1200w\" sizes=\"auto, (max-width: 150px) 100vw, 150px\" data-src=\"https:\/\/urbeamea.ro\/albaiulia\/wp-content\/uploads\/2015\/12\/Picture-03410-150x100.jpg\" loading=\"lazy\" \/><\/a>\n\t\t\t<\/div><\/figure><figure class='gallery-item'>\n\t\t\t<div class='gallery-icon landscape'>\n\t\t\t\t<a href='https:\/\/urbeamea.ro\/albaiulia\/wp-content\/uploads\/2015\/12\/Picture-03510.jpg'><img decoding=\"async\" width=\"150\" height=\"100\" src=\"data:image\/png;base64,iVBORw0KGgoAAAANSUhEUgAAAYYAAADcAQMAAABOLJSDAAAAA1BMVEUAAACnej3aAAAAAXRSTlMAQObYZgAAACJJREFUaIHtwTEBAAAAwqD1T20ND6AAAAAAAAAAAAAA4N8AKvgAAUFIrrEAAAAASUVORK5CYII=\" class=\"attachment-thumbnail size-thumbnail lazy-img\" alt=\"\" srcset=\"https:\/\/urbeamea.ro\/albaiulia\/wp-content\/uploads\/2015\/12\/Picture-03510-150x100.jpg 150w, https:\/\/urbeamea.ro\/albaiulia\/wp-content\/uploads\/2015\/12\/Picture-03510-300x200.jpg 300w, https:\/\/urbeamea.ro\/albaiulia\/wp-content\/uploads\/2015\/12\/Picture-03510-1024x682.jpg 1024w, https:\/\/urbeamea.ro\/albaiulia\/wp-content\/uploads\/2015\/12\/Picture-03510-321x214.jpg 321w, https:\/\/urbeamea.ro\/albaiulia\/wp-content\/uploads\/2015\/12\/Picture-03510-207x136.jpg 207w, https:\/\/urbeamea.ro\/albaiulia\/wp-content\/uploads\/2015\/12\/Picture-03510-140x94.jpg 140w, https:\/\/urbeamea.ro\/albaiulia\/wp-content\/uploads\/2015\/12\/Picture-03510-430x283.jpg 430w, https:\/\/urbeamea.ro\/albaiulia\/wp-content\/uploads\/2015\/12\/Picture-03510.jpg 1280w\" sizes=\"auto, (max-width: 150px) 100vw, 150px\" data-src=\"https:\/\/urbeamea.ro\/albaiulia\/wp-content\/uploads\/2015\/12\/Picture-03510-150x100.jpg\" loading=\"lazy\" \/><\/a>\n\t\t\t<\/div><\/figure><figure class='gallery-item'>\n\t\t\t<div class='gallery-icon landscape'>\n\t\t\t\t<a href='https:\/\/urbeamea.ro\/albaiulia\/wp-content\/uploads\/2015\/12\/Picture-03610.jpg'><img decoding=\"async\" width=\"150\" height=\"100\" src=\"data:image\/png;base64,iVBORw0KGgoAAAANSUhEUgAAAYYAAADcAQMAAABOLJSDAAAAA1BMVEUAAACnej3aAAAAAXRSTlMAQObYZgAAACJJREFUaIHtwTEBAAAAwqD1T20ND6AAAAAAAAAAAAAA4N8AKvgAAUFIrrEAAAAASUVORK5CYII=\" class=\"attachment-thumbnail size-thumbnail lazy-img\" alt=\"\" srcset=\"https:\/\/urbeamea.ro\/albaiulia\/wp-content\/uploads\/2015\/12\/Picture-03610-150x100.jpg 150w, https:\/\/urbeamea.ro\/albaiulia\/wp-content\/uploads\/2015\/12\/Picture-03610-300x200.jpg 300w, https:\/\/urbeamea.ro\/albaiulia\/wp-content\/uploads\/2015\/12\/Picture-03610-1024x682.jpg 1024w, https:\/\/urbeamea.ro\/albaiulia\/wp-content\/uploads\/2015\/12\/Picture-03610-321x214.jpg 321w, https:\/\/urbeamea.ro\/albaiulia\/wp-content\/uploads\/2015\/12\/Picture-03610-207x136.jpg 207w, https:\/\/urbeamea.ro\/albaiulia\/wp-content\/uploads\/2015\/12\/Picture-03610-140x94.jpg 140w, https:\/\/urbeamea.ro\/albaiulia\/wp-content\/uploads\/2015\/12\/Picture-03610-430x283.jpg 430w, https:\/\/urbeamea.ro\/albaiulia\/wp-content\/uploads\/2015\/12\/Picture-03610.jpg 1280w\" sizes=\"auto, (max-width: 150px) 100vw, 150px\" data-src=\"https:\/\/urbeamea.ro\/albaiulia\/wp-content\/uploads\/2015\/12\/Picture-03610-150x100.jpg\" loading=\"lazy\" \/><\/a>\n\t\t\t<\/div><\/figure><figure class='gallery-item'>\n\t\t\t<div class='gallery-icon landscape'>\n\t\t\t\t<a href='https:\/\/urbeamea.ro\/albaiulia\/wp-content\/uploads\/2015\/12\/Picture-0379.jpg'><img decoding=\"async\" width=\"150\" height=\"100\" src=\"data:image\/png;base64,iVBORw0KGgoAAAANSUhEUgAAAYYAAADcAQMAAABOLJSDAAAAA1BMVEUAAACnej3aAAAAAXRSTlMAQObYZgAAACJJREFUaIHtwTEBAAAAwqD1T20ND6AAAAAAAAAAAAAA4N8AKvgAAUFIrrEAAAAASUVORK5CYII=\" class=\"attachment-thumbnail size-thumbnail lazy-img\" alt=\"\" srcset=\"https:\/\/urbeamea.ro\/albaiulia\/wp-content\/uploads\/2015\/12\/Picture-0379-150x100.jpg 150w, https:\/\/urbeamea.ro\/albaiulia\/wp-content\/uploads\/2015\/12\/Picture-0379-300x200.jpg 300w, https:\/\/urbeamea.ro\/albaiulia\/wp-content\/uploads\/2015\/12\/Picture-0379-1024x682.jpg 1024w, https:\/\/urbeamea.ro\/albaiulia\/wp-content\/uploads\/2015\/12\/Picture-0379-321x214.jpg 321w, https:\/\/urbeamea.ro\/albaiulia\/wp-content\/uploads\/2015\/12\/Picture-0379-207x136.jpg 207w, https:\/\/urbeamea.ro\/albaiulia\/wp-content\/uploads\/2015\/12\/Picture-0379-140x94.jpg 140w, https:\/\/urbeamea.ro\/albaiulia\/wp-content\/uploads\/2015\/12\/Picture-0379-430x283.jpg 430w, https:\/\/urbeamea.ro\/albaiulia\/wp-content\/uploads\/2015\/12\/Picture-0379.jpg 1280w\" sizes=\"auto, (max-width: 150px) 100vw, 150px\" data-src=\"https:\/\/urbeamea.ro\/albaiulia\/wp-content\/uploads\/2015\/12\/Picture-0379-150x100.jpg\" loading=\"lazy\" \/><\/a>\n\t\t\t<\/div><\/figure><figure class='gallery-item'>\n\t\t\t<div class='gallery-icon landscape'>\n\t\t\t\t<a href='https:\/\/urbeamea.ro\/albaiulia\/wp-content\/uploads\/2015\/12\/Picture-0389.jpg'><img decoding=\"async\" width=\"150\" height=\"100\" src=\"data:image\/png;base64,iVBORw0KGgoAAAANSUhEUgAAAYYAAADcAQMAAABOLJSDAAAAA1BMVEUAAACnej3aAAAAAXRSTlMAQObYZgAAACJJREFUaIHtwTEBAAAAwqD1T20ND6AAAAAAAAAAAAAA4N8AKvgAAUFIrrEAAAAASUVORK5CYII=\" class=\"attachment-thumbnail size-thumbnail lazy-img\" alt=\"\" srcset=\"https:\/\/urbeamea.ro\/albaiulia\/wp-content\/uploads\/2015\/12\/Picture-0389-150x100.jpg 150w, https:\/\/urbeamea.ro\/albaiulia\/wp-content\/uploads\/2015\/12\/Picture-0389-300x200.jpg 300w, https:\/\/urbeamea.ro\/albaiulia\/wp-content\/uploads\/2015\/12\/Picture-0389-1024x682.jpg 1024w, https:\/\/urbeamea.ro\/albaiulia\/wp-content\/uploads\/2015\/12\/Picture-0389-321x214.jpg 321w, https:\/\/urbeamea.ro\/albaiulia\/wp-content\/uploads\/2015\/12\/Picture-0389-207x136.jpg 207w, https:\/\/urbeamea.ro\/albaiulia\/wp-content\/uploads\/2015\/12\/Picture-0389-140x94.jpg 140w, https:\/\/urbeamea.ro\/albaiulia\/wp-content\/uploads\/2015\/12\/Picture-0389-430x283.jpg 430w, https:\/\/urbeamea.ro\/albaiulia\/wp-content\/uploads\/2015\/12\/Picture-0389.jpg 1280w\" sizes=\"auto, (max-width: 150px) 100vw, 150px\" data-src=\"https:\/\/urbeamea.ro\/albaiulia\/wp-content\/uploads\/2015\/12\/Picture-0389-150x100.jpg\" loading=\"lazy\" \/><\/a>\n\t\t\t<\/div><\/figure>\n\t\t<\/div>\n\n","protected":false},"excerpt":{"rendered":"<p>O sear\u0103 plin\u0103 de magie. De asta au avut parte albaiulienii prezen\u0163i duminic\u0103 seara la Casa de Cultur\u0103 a Sindicatelor din Alba Iulia. Orchestra de camer\u0103 &#8222;Augustin Bena&#8221;, dirijat\u0103 de Dan Liviu Cernat a oferit un concert extraordinar de Cr\u0103ciun. Astfel c\u0103, orchestra \u015fi-a ar\u0103tat din nou m\u0103iestria al\u0103turi de invitatul special \u00een eveniment, Corul &hellip;<\/p>\n","protected":false},"author":17,"featured_media":14912,"comment_status":"open","ping_status":"open","sticky":false,"template":"","format":"standard","meta":{"inline_featured_image":false,"footnotes":""},"categories":[4],"tags":[31,468,903,1428,1494,1495,635,308,76],"class_list":["post-14905","post","type-post","status-publish","format-standard","has-post-thumbnail","hentry","category-eveniment","tag-alba-iulia","tag-casa-de-cultura-a-sindicatelor","tag-cluj-napoca","tag-concert-de-craciun","tag-corul-filarmonicii-de-stat-transilvania","tag-dirijor","tag-orchestra-de-camera-augustin-bena","tag-stiri","tag-urbea-mea"],"yoast_head":"<!-- This site is optimized with the Yoast SEO plugin v28.3 - https:\/\/yoast.com\/product\/yoast-seo-wordpress\/ -->\n<title>FOTO-VIDEO: Concert extraordinar de Cr\u0103ciun cu Orchestra de camer\u0103 &quot;Augustin Bena&quot; \u015fi Corul Filarmonicii de Stat Transilvania din Cluj Napoca, la Alba Iulia - Revista Urbea Mea - Revista de Alba<\/title>\n<meta name=\"description\" content=\"O sear\u0103 plin\u0103 de magie. De asta au avut parte albaiulienii prezen\u0163i duminic\u0103 seara la Casa de Cultur\u0103 a Sindicatelor din Alba Iulia. Orchestra de camer\u0103\" \/>\n<meta name=\"robots\" content=\"index, follow, max-snippet:-1, max-image-preview:large, max-video-preview:-1\" \/>\n<link rel=\"canonical\" href=\"https:\/\/urbeamea.ro\/albaiulia\/foto-video-concert-extraordinar-de-craciun-cu-orchestra-de-camera-augustin-bena-si-corul-filarmonicii-de-stat-transilvania-din-cluj-napoca-la-alba-iulia\/\" \/>\n<meta name=\"twitter:card\" content=\"summary_large_image\" \/>\n<meta name=\"twitter:title\" content=\"FOTO-VIDEO: Concert extraordinar de Cr\u0103ciun cu Orchestra de camer\u0103 &quot;Augustin Bena&quot; \u015fi Corul Filarmonicii de Stat Transilvania din Cluj Napoca, la Alba Iulia - Revista Urbea Mea - Revista de Alba\" \/>\n<meta name=\"twitter:description\" content=\"O sear\u0103 plin\u0103 de magie. De asta au avut parte albaiulienii prezen\u0163i duminic\u0103 seara la Casa de Cultur\u0103 a Sindicatelor din Alba Iulia. Orchestra de camer\u0103\" \/>\n<meta name=\"twitter:image\" content=\"https:\/\/urbeamea.ro\/albaiulia\/wp-content\/uploads\/2015\/12\/Picture-03410.jpg\" \/>\n<meta name=\"twitter:creator\" content=\"@urbeameaweb\" \/>\n<meta name=\"twitter:site\" content=\"@urbeameaweb\" \/>\n<script type=\"application\/ld+json\" class=\"yoast-schema-graph\">{\"@context\":\"https:\\\/\\\/schema.org\",\"@graph\":[{\"@type\":\"Article\",\"@id\":\"https:\\\/\\\/urbeamea.ro\\\/albaiulia\\\/foto-video-concert-extraordinar-de-craciun-cu-orchestra-de-camera-augustin-bena-si-corul-filarmonicii-de-stat-transilvania-din-cluj-napoca-la-alba-iulia\\\/#article\",\"isPartOf\":{\"@id\":\"https:\\\/\\\/urbeamea.ro\\\/albaiulia\\\/foto-video-concert-extraordinar-de-craciun-cu-orchestra-de-camera-augustin-bena-si-corul-filarmonicii-de-stat-transilvania-din-cluj-napoca-la-alba-iulia\\\/\"},\"author\":{\"name\":\"Cristina Ganga\",\"@id\":\"https:\\\/\\\/urbeamea.ro\\\/albaiulia\\\/#\\\/schema\\\/person\\\/9700d21fae21c4f038b0b56f4506264a\"},\"headline\":\"FOTO-VIDEO: Concert extraordinar de Cr\u0103ciun cu Orchestra de camer\u0103 &#8222;Augustin Bena&#8221; \u015fi Corul Filarmonicii de Stat Transilvania din Cluj Napoca, la Alba Iulia\",\"datePublished\":\"2015-12-14T07:24:21+00:00\",\"dateModified\":\"2015-12-14T07:25:45+00:00\",\"mainEntityOfPage\":{\"@id\":\"https:\\\/\\\/urbeamea.ro\\\/albaiulia\\\/foto-video-concert-extraordinar-de-craciun-cu-orchestra-de-camera-augustin-bena-si-corul-filarmonicii-de-stat-transilvania-din-cluj-napoca-la-alba-iulia\\\/\"},\"wordCount\":452,\"commentCount\":0,\"image\":{\"@id\":\"https:\\\/\\\/urbeamea.ro\\\/albaiulia\\\/foto-video-concert-extraordinar-de-craciun-cu-orchestra-de-camera-augustin-bena-si-corul-filarmonicii-de-stat-transilvania-din-cluj-napoca-la-alba-iulia\\\/#primaryimage\"},\"thumbnailUrl\":\"https:\\\/\\\/urbeamea.ro\\\/albaiulia\\\/wp-content\\\/uploads\\\/2015\\\/12\\\/Picture-03410.jpg\",\"keywords\":[\"Alba Iulia\",\"casa de cultura a sindicatelor\",\"cluj napoca\",\"concert de craciun\",\"corul filarmonicii de stat transilvania\",\"dirijor\",\"orchestra de camera augustin bena\",\"stiri\",\"Urbea Mea\"],\"articleSection\":[\"Evenimente\"],\"inLanguage\":\"ro-RO\",\"potentialAction\":[{\"@type\":\"CommentAction\",\"name\":\"Comment\",\"target\":[\"https:\\\/\\\/urbeamea.ro\\\/albaiulia\\\/foto-video-concert-extraordinar-de-craciun-cu-orchestra-de-camera-augustin-bena-si-corul-filarmonicii-de-stat-transilvania-din-cluj-napoca-la-alba-iulia\\\/#respond\"]}]},{\"@type\":\"WebPage\",\"@id\":\"https:\\\/\\\/urbeamea.ro\\\/albaiulia\\\/foto-video-concert-extraordinar-de-craciun-cu-orchestra-de-camera-augustin-bena-si-corul-filarmonicii-de-stat-transilvania-din-cluj-napoca-la-alba-iulia\\\/\",\"url\":\"https:\\\/\\\/urbeamea.ro\\\/albaiulia\\\/foto-video-concert-extraordinar-de-craciun-cu-orchestra-de-camera-augustin-bena-si-corul-filarmonicii-de-stat-transilvania-din-cluj-napoca-la-alba-iulia\\\/\",\"name\":\"FOTO-VIDEO: Concert extraordinar de Cr\u0103ciun cu Orchestra de camer\u0103 \\\"Augustin Bena\\\" \u015fi Corul Filarmonicii de Stat Transilvania din Cluj Napoca, la Alba Iulia - Revista Urbea Mea - Revista de Alba\",\"isPartOf\":{\"@id\":\"https:\\\/\\\/urbeamea.ro\\\/albaiulia\\\/#website\"},\"primaryImageOfPage\":{\"@id\":\"https:\\\/\\\/urbeamea.ro\\\/albaiulia\\\/foto-video-concert-extraordinar-de-craciun-cu-orchestra-de-camera-augustin-bena-si-corul-filarmonicii-de-stat-transilvania-din-cluj-napoca-la-alba-iulia\\\/#primaryimage\"},\"image\":{\"@id\":\"https:\\\/\\\/urbeamea.ro\\\/albaiulia\\\/foto-video-concert-extraordinar-de-craciun-cu-orchestra-de-camera-augustin-bena-si-corul-filarmonicii-de-stat-transilvania-din-cluj-napoca-la-alba-iulia\\\/#primaryimage\"},\"thumbnailUrl\":\"https:\\\/\\\/urbeamea.ro\\\/albaiulia\\\/wp-content\\\/uploads\\\/2015\\\/12\\\/Picture-03410.jpg\",\"datePublished\":\"2015-12-14T07:24:21+00:00\",\"dateModified\":\"2015-12-14T07:25:45+00:00\",\"author\":{\"@id\":\"https:\\\/\\\/urbeamea.ro\\\/albaiulia\\\/#\\\/schema\\\/person\\\/9700d21fae21c4f038b0b56f4506264a\"},\"description\":\"O sear\u0103 plin\u0103 de magie. De asta au avut parte albaiulienii prezen\u0163i duminic\u0103 seara la Casa de Cultur\u0103 a Sindicatelor din Alba Iulia. Orchestra de camer\u0103\",\"breadcrumb\":{\"@id\":\"https:\\\/\\\/urbeamea.ro\\\/albaiulia\\\/foto-video-concert-extraordinar-de-craciun-cu-orchestra-de-camera-augustin-bena-si-corul-filarmonicii-de-stat-transilvania-din-cluj-napoca-la-alba-iulia\\\/#breadcrumb\"},\"inLanguage\":\"ro-RO\",\"potentialAction\":[{\"@type\":\"ReadAction\",\"target\":[\"https:\\\/\\\/urbeamea.ro\\\/albaiulia\\\/foto-video-concert-extraordinar-de-craciun-cu-orchestra-de-camera-augustin-bena-si-corul-filarmonicii-de-stat-transilvania-din-cluj-napoca-la-alba-iulia\\\/\"]}]},{\"@type\":\"ImageObject\",\"inLanguage\":\"ro-RO\",\"@id\":\"https:\\\/\\\/urbeamea.ro\\\/albaiulia\\\/foto-video-concert-extraordinar-de-craciun-cu-orchestra-de-camera-augustin-bena-si-corul-filarmonicii-de-stat-transilvania-din-cluj-napoca-la-alba-iulia\\\/#primaryimage\",\"url\":\"https:\\\/\\\/urbeamea.ro\\\/albaiulia\\\/wp-content\\\/uploads\\\/2015\\\/12\\\/Picture-03410.jpg\",\"contentUrl\":\"https:\\\/\\\/urbeamea.ro\\\/albaiulia\\\/wp-content\\\/uploads\\\/2015\\\/12\\\/Picture-03410.jpg\",\"width\":1280,\"height\":853},{\"@type\":\"BreadcrumbList\",\"@id\":\"https:\\\/\\\/urbeamea.ro\\\/albaiulia\\\/foto-video-concert-extraordinar-de-craciun-cu-orchestra-de-camera-augustin-bena-si-corul-filarmonicii-de-stat-transilvania-din-cluj-napoca-la-alba-iulia\\\/#breadcrumb\",\"itemListElement\":[{\"@type\":\"ListItem\",\"position\":1,\"name\":\"Prima pagin\u0103\",\"item\":\"https:\\\/\\\/urbeamea.ro\\\/albaiulia\\\/\"},{\"@type\":\"ListItem\",\"position\":2,\"name\":\"FOTO-VIDEO: Concert extraordinar de Cr\u0103ciun cu Orchestra de camer\u0103 &#8222;Augustin Bena&#8221; \u015fi Corul Filarmonicii de Stat Transilvania din Cluj Napoca, la Alba Iulia\"}]},{\"@type\":\"WebSite\",\"@id\":\"https:\\\/\\\/urbeamea.ro\\\/albaiulia\\\/#website\",\"url\":\"https:\\\/\\\/urbeamea.ro\\\/albaiulia\\\/\",\"name\":\"Revista Urbea Mea, Stiri urbane\",\"description\":\"Evenimente \u0219i \u0219tiri din Alba Iulia, Sebe\u0219, Aiud, Blaj\",\"potentialAction\":[{\"@type\":\"SearchAction\",\"target\":{\"@type\":\"EntryPoint\",\"urlTemplate\":\"https:\\\/\\\/urbeamea.ro\\\/albaiulia\\\/?s={search_term_string}\"},\"query-input\":{\"@type\":\"PropertyValueSpecification\",\"valueRequired\":true,\"valueName\":\"search_term_string\"}}],\"inLanguage\":\"ro-RO\"},{\"@type\":\"Person\",\"@id\":\"https:\\\/\\\/urbeamea.ro\\\/albaiulia\\\/#\\\/schema\\\/person\\\/9700d21fae21c4f038b0b56f4506264a\",\"name\":\"Cristina Ganga\",\"image\":{\"@type\":\"ImageObject\",\"inLanguage\":\"ro-RO\",\"@id\":\"https:\\\/\\\/secure.gravatar.com\\\/avatar\\\/5a67661041f057b4a8ccaf26f5a8e86e2689372006d01faf3dd9eeb10b654bb4?s=96&d=mm&r=g\",\"url\":\"https:\\\/\\\/secure.gravatar.com\\\/avatar\\\/5a67661041f057b4a8ccaf26f5a8e86e2689372006d01faf3dd9eeb10b654bb4?s=96&d=mm&r=g\",\"contentUrl\":\"https:\\\/\\\/secure.gravatar.com\\\/avatar\\\/5a67661041f057b4a8ccaf26f5a8e86e2689372006d01faf3dd9eeb10b654bb4?s=96&d=mm&r=g\",\"caption\":\"Cristina Ganga\"},\"description\":\"Jurnalist\",\"sameAs\":[\"https:\\\/\\\/www.facebook.com\\\/cristina.nicola.587\"],\"url\":\"https:\\\/\\\/urbeamea.ro\\\/albaiulia\\\/author\\\/cristina-nicola\\\/\"}]}<\/script>\n<!-- \/ Yoast SEO plugin. -->","yoast_head_json":{"title":"FOTO-VIDEO: Concert extraordinar de Cr\u0103ciun cu Orchestra de camer\u0103 \"Augustin Bena\" \u015fi Corul Filarmonicii de Stat Transilvania din Cluj Napoca, la Alba Iulia - Revista Urbea Mea - Revista de Alba","description":"O sear\u0103 plin\u0103 de magie. De asta au avut parte albaiulienii prezen\u0163i duminic\u0103 seara la Casa de Cultur\u0103 a Sindicatelor din Alba Iulia. Orchestra de camer\u0103","robots":{"index":"index","follow":"follow","max-snippet":"max-snippet:-1","max-image-preview":"max-image-preview:large","max-video-preview":"max-video-preview:-1"},"canonical":"https:\/\/urbeamea.ro\/albaiulia\/foto-video-concert-extraordinar-de-craciun-cu-orchestra-de-camera-augustin-bena-si-corul-filarmonicii-de-stat-transilvania-din-cluj-napoca-la-alba-iulia\/","twitter_card":"summary_large_image","twitter_title":"FOTO-VIDEO: Concert extraordinar de Cr\u0103ciun cu Orchestra de camer\u0103 \"Augustin Bena\" \u015fi Corul Filarmonicii de Stat Transilvania din Cluj Napoca, la Alba Iulia - Revista Urbea Mea - Revista de Alba","twitter_description":"O sear\u0103 plin\u0103 de magie. De asta au avut parte albaiulienii prezen\u0163i duminic\u0103 seara la Casa de Cultur\u0103 a Sindicatelor din Alba Iulia. Orchestra de camer\u0103","twitter_image":"https:\/\/urbeamea.ro\/albaiulia\/wp-content\/uploads\/2015\/12\/Picture-03410.jpg","twitter_creator":"@urbeameaweb","twitter_site":"@urbeameaweb","schema":{"@context":"https:\/\/schema.org","@graph":[{"@type":"Article","@id":"https:\/\/urbeamea.ro\/albaiulia\/foto-video-concert-extraordinar-de-craciun-cu-orchestra-de-camera-augustin-bena-si-corul-filarmonicii-de-stat-transilvania-din-cluj-napoca-la-alba-iulia\/#article","isPartOf":{"@id":"https:\/\/urbeamea.ro\/albaiulia\/foto-video-concert-extraordinar-de-craciun-cu-orchestra-de-camera-augustin-bena-si-corul-filarmonicii-de-stat-transilvania-din-cluj-napoca-la-alba-iulia\/"},"author":{"name":"Cristina Ganga","@id":"https:\/\/urbeamea.ro\/albaiulia\/#\/schema\/person\/9700d21fae21c4f038b0b56f4506264a"},"headline":"FOTO-VIDEO: Concert extraordinar de Cr\u0103ciun cu Orchestra de camer\u0103 &#8222;Augustin Bena&#8221; \u015fi Corul Filarmonicii de Stat Transilvania din Cluj Napoca, la Alba Iulia","datePublished":"2015-12-14T07:24:21+00:00","dateModified":"2015-12-14T07:25:45+00:00","mainEntityOfPage":{"@id":"https:\/\/urbeamea.ro\/albaiulia\/foto-video-concert-extraordinar-de-craciun-cu-orchestra-de-camera-augustin-bena-si-corul-filarmonicii-de-stat-transilvania-din-cluj-napoca-la-alba-iulia\/"},"wordCount":452,"commentCount":0,"image":{"@id":"https:\/\/urbeamea.ro\/albaiulia\/foto-video-concert-extraordinar-de-craciun-cu-orchestra-de-camera-augustin-bena-si-corul-filarmonicii-de-stat-transilvania-din-cluj-napoca-la-alba-iulia\/#primaryimage"},"thumbnailUrl":"https:\/\/urbeamea.ro\/albaiulia\/wp-content\/uploads\/2015\/12\/Picture-03410.jpg","keywords":["Alba Iulia","casa de cultura a sindicatelor","cluj napoca","concert de craciun","corul filarmonicii de stat transilvania","dirijor","orchestra de camera augustin bena","stiri","Urbea Mea"],"articleSection":["Evenimente"],"inLanguage":"ro-RO","potentialAction":[{"@type":"CommentAction","name":"Comment","target":["https:\/\/urbeamea.ro\/albaiulia\/foto-video-concert-extraordinar-de-craciun-cu-orchestra-de-camera-augustin-bena-si-corul-filarmonicii-de-stat-transilvania-din-cluj-napoca-la-alba-iulia\/#respond"]}]},{"@type":"WebPage","@id":"https:\/\/urbeamea.ro\/albaiulia\/foto-video-concert-extraordinar-de-craciun-cu-orchestra-de-camera-augustin-bena-si-corul-filarmonicii-de-stat-transilvania-din-cluj-napoca-la-alba-iulia\/","url":"https:\/\/urbeamea.ro\/albaiulia\/foto-video-concert-extraordinar-de-craciun-cu-orchestra-de-camera-augustin-bena-si-corul-filarmonicii-de-stat-transilvania-din-cluj-napoca-la-alba-iulia\/","name":"FOTO-VIDEO: Concert extraordinar de Cr\u0103ciun cu Orchestra de camer\u0103 \"Augustin Bena\" \u015fi Corul Filarmonicii de Stat Transilvania din Cluj Napoca, la Alba Iulia - Revista Urbea Mea - Revista de Alba","isPartOf":{"@id":"https:\/\/urbeamea.ro\/albaiulia\/#website"},"primaryImageOfPage":{"@id":"https:\/\/urbeamea.ro\/albaiulia\/foto-video-concert-extraordinar-de-craciun-cu-orchestra-de-camera-augustin-bena-si-corul-filarmonicii-de-stat-transilvania-din-cluj-napoca-la-alba-iulia\/#primaryimage"},"image":{"@id":"https:\/\/urbeamea.ro\/albaiulia\/foto-video-concert-extraordinar-de-craciun-cu-orchestra-de-camera-augustin-bena-si-corul-filarmonicii-de-stat-transilvania-din-cluj-napoca-la-alba-iulia\/#primaryimage"},"thumbnailUrl":"https:\/\/urbeamea.ro\/albaiulia\/wp-content\/uploads\/2015\/12\/Picture-03410.jpg","datePublished":"2015-12-14T07:24:21+00:00","dateModified":"2015-12-14T07:25:45+00:00","author":{"@id":"https:\/\/urbeamea.ro\/albaiulia\/#\/schema\/person\/9700d21fae21c4f038b0b56f4506264a"},"description":"O sear\u0103 plin\u0103 de magie. De asta au avut parte albaiulienii prezen\u0163i duminic\u0103 seara la Casa de Cultur\u0103 a Sindicatelor din Alba Iulia. Orchestra de camer\u0103","breadcrumb":{"@id":"https:\/\/urbeamea.ro\/albaiulia\/foto-video-concert-extraordinar-de-craciun-cu-orchestra-de-camera-augustin-bena-si-corul-filarmonicii-de-stat-transilvania-din-cluj-napoca-la-alba-iulia\/#breadcrumb"},"inLanguage":"ro-RO","potentialAction":[{"@type":"ReadAction","target":["https:\/\/urbeamea.ro\/albaiulia\/foto-video-concert-extraordinar-de-craciun-cu-orchestra-de-camera-augustin-bena-si-corul-filarmonicii-de-stat-transilvania-din-cluj-napoca-la-alba-iulia\/"]}]},{"@type":"ImageObject","inLanguage":"ro-RO","@id":"https:\/\/urbeamea.ro\/albaiulia\/foto-video-concert-extraordinar-de-craciun-cu-orchestra-de-camera-augustin-bena-si-corul-filarmonicii-de-stat-transilvania-din-cluj-napoca-la-alba-iulia\/#primaryimage","url":"https:\/\/urbeamea.ro\/albaiulia\/wp-content\/uploads\/2015\/12\/Picture-03410.jpg","contentUrl":"https:\/\/urbeamea.ro\/albaiulia\/wp-content\/uploads\/2015\/12\/Picture-03410.jpg","width":1280,"height":853},{"@type":"BreadcrumbList","@id":"https:\/\/urbeamea.ro\/albaiulia\/foto-video-concert-extraordinar-de-craciun-cu-orchestra-de-camera-augustin-bena-si-corul-filarmonicii-de-stat-transilvania-din-cluj-napoca-la-alba-iulia\/#breadcrumb","itemListElement":[{"@type":"ListItem","position":1,"name":"Prima pagin\u0103","item":"https:\/\/urbeamea.ro\/albaiulia\/"},{"@type":"ListItem","position":2,"name":"FOTO-VIDEO: Concert extraordinar de Cr\u0103ciun cu Orchestra de camer\u0103 &#8222;Augustin Bena&#8221; \u015fi Corul Filarmonicii de Stat Transilvania din Cluj Napoca, la Alba Iulia"}]},{"@type":"WebSite","@id":"https:\/\/urbeamea.ro\/albaiulia\/#website","url":"https:\/\/urbeamea.ro\/albaiulia\/","name":"Revista Urbea Mea, Stiri urbane","description":"Evenimente \u0219i \u0219tiri din Alba Iulia, Sebe\u0219, Aiud, Blaj","potentialAction":[{"@type":"SearchAction","target":{"@type":"EntryPoint","urlTemplate":"https:\/\/urbeamea.ro\/albaiulia\/?s={search_term_string}"},"query-input":{"@type":"PropertyValueSpecification","valueRequired":true,"valueName":"search_term_string"}}],"inLanguage":"ro-RO"},{"@type":"Person","@id":"https:\/\/urbeamea.ro\/albaiulia\/#\/schema\/person\/9700d21fae21c4f038b0b56f4506264a","name":"Cristina Ganga","image":{"@type":"ImageObject","inLanguage":"ro-RO","@id":"https:\/\/secure.gravatar.com\/avatar\/5a67661041f057b4a8ccaf26f5a8e86e2689372006d01faf3dd9eeb10b654bb4?s=96&d=mm&r=g","url":"https:\/\/secure.gravatar.com\/avatar\/5a67661041f057b4a8ccaf26f5a8e86e2689372006d01faf3dd9eeb10b654bb4?s=96&d=mm&r=g","contentUrl":"https:\/\/secure.gravatar.com\/avatar\/5a67661041f057b4a8ccaf26f5a8e86e2689372006d01faf3dd9eeb10b654bb4?s=96&d=mm&r=g","caption":"Cristina Ganga"},"description":"Jurnalist","sameAs":["https:\/\/www.facebook.com\/cristina.nicola.587"],"url":"https:\/\/urbeamea.ro\/albaiulia\/author\/cristina-nicola\/"}]}},"_links":{"self":[{"href":"https:\/\/urbeamea.ro\/albaiulia\/wp-json\/wp\/v2\/posts\/14905","targetHints":{"allow":["GET"]}}],"collection":[{"href":"https:\/\/urbeamea.ro\/albaiulia\/wp-json\/wp\/v2\/posts"}],"about":[{"href":"https:\/\/urbeamea.ro\/albaiulia\/wp-json\/wp\/v2\/types\/post"}],"author":[{"embeddable":true,"href":"https:\/\/urbeamea.ro\/albaiulia\/wp-json\/wp\/v2\/users\/17"}],"replies":[{"embeddable":true,"href":"https:\/\/urbeamea.ro\/albaiulia\/wp-json\/wp\/v2\/comments?post=14905"}],"version-history":[{"count":0,"href":"https:\/\/urbeamea.ro\/albaiulia\/wp-json\/wp\/v2\/posts\/14905\/revisions"}],"wp:featuredmedia":[{"embeddable":true,"href":"https:\/\/urbeamea.ro\/albaiulia\/wp-json\/wp\/v2\/media\/14912"}],"wp:attachment":[{"href":"https:\/\/urbeamea.ro\/albaiulia\/wp-json\/wp\/v2\/media?parent=14905"}],"wp:term":[{"taxonomy":"category","embeddable":true,"href":"https:\/\/urbeamea.ro\/albaiulia\/wp-json\/wp\/v2\/categories?post=14905"},{"taxonomy":"post_tag","embeddable":true,"href":"https:\/\/urbeamea.ro\/albaiulia\/wp-json\/wp\/v2\/tags?post=14905"}],"curies":[{"name":"wp","href":"https:\/\/api.w.org\/{rel}","templated":true}]}}