{"id":14950,"date":"2015-12-15T09:01:56","date_gmt":"2015-12-15T07:01:56","guid":{"rendered":"http:\/\/urbeamea.ro\/albaiulia\/?p=14950"},"modified":"2015-12-15T09:01:56","modified_gmt":"2015-12-15T07:01:56","slug":"duminica-flori-dalbe-flori-de-mar-concert-de-colinde-pe-scena-casei-de-cultura-a-sindicatelor-din-alba-iulia","status":"publish","type":"post","link":"https:\/\/urbeamea.ro\/albaiulia\/duminica-flori-dalbe-flori-de-mar-concert-de-colinde-pe-scena-casei-de-cultura-a-sindicatelor-din-alba-iulia\/","title":{"rendered":"DUMINIC\u0102, &#8222;Flori dalbe, flori de m\u0103r&#8221;: Concert de colinde pe scena Casei de Cultur\u0103 a Sindicatelor din Alba Iulia"},"content":{"rendered":"<p><strong><img loading=\"lazy\" decoding=\"async\" class=\"size-medium wp-image-14951 alignleft\" src=\"http:\/\/urbeamea.ro\/albaiulia\/wp-content\/uploads\/2015\/12\/colinde-1-212x300.jpg\" alt=\"colinde\" width=\"212\" height=\"300\" \/>Duminic\u0103, 20 decembrie, Casa de Cultur\u0103 a Sindicatelor din Alba Iulia va fi din nou gazda unui eveniment special. Este vorba despre un concert de colinde, care va aduce pe scen\u0103 invita\u0163i de seam\u0103. Vor colinda al\u0103turi de arti\u015ftii Centrului de Cultur\u0103 &#8222;Augustin Bena&#8221;.<\/strong><\/p>\n<p>Sub numele &#8222;Flori dalbe, flori de m\u0103r&#8221;, \u00eencep\u00e2nd cu ora 18:00, Casa de Cultur\u0103 a Sindicatelor intr\u0103 \u00een atmosfer\u0103 de s\u0103rb\u0103toare. A\u015fa cum ne-au obi\u015fnuit \u00een fiecare an, arti\u015ftii de la Centrul de Cultur\u0103 &#8222;Augustin Bena&#8221;, al\u0103turi de invita\u0163ii lor, pleac\u0103 la colindat.<\/p>\n<p>Astfel c\u0103, cei care vor urca pe scen\u0103 sunt Leontina F\u0103rca\u015f \u015fi &#8222;Mugurii de Tezaur&#8221;, Mircea T\u00e2rziu \u015fi grupul de colind\u0103tori din Zlatna, Mirela M\u00e2nescu \u015fi grupul de colind\u0103tori de la S\u0103lciuna, grupul de colind\u0103tori al Centrului de Cultur\u0103 &#8222;Augustin Bena&#8221; Alba, care este format din C\u0103t\u0103lin Ha\u015fa, Roxana Reche, Dorina Nari\u0163a, Floricica Moga, Maria Filimon. Pe l\u00e2ng\u0103 ace\u015ftia, \u00een program sunt \u015fi Adriana \u015fi Mariana Anghel, Ioan Boc\u015fa \u015fi un grup de colind\u0103tori din Ansamblul de muzic\u0103 tradi\u0163ional\u0103 &#8222;Icoane&#8221;, Veta Biri\u015f, Cristian Pomohaci, Tudor \u015fi Furdui Iancu \u015fi forma\u0163ia &#8222;Crai Nou&#8221;.<\/p>\n<p>Cei care doresc s\u0103 se lase colida\u0163i de ace\u015fti arti\u015fti, sunt a\u015ftepta\u0163i s\u0103 cumpere biletele, deja puse \u00een v\u00e2nzare. Precul unui bilet este de 20 de lei \u015fi se g\u0103sesc la Casa de Cultur\u0103 a Sindicatelor din Alba Iulia.<\/p>\n<p>&nbsp;<\/p>\n","protected":false},"excerpt":{"rendered":"<p>Duminic\u0103, 20 decembrie, Casa de Cultur\u0103 a Sindicatelor din Alba Iulia va fi din nou gazda unui eveniment special. Este vorba despre un concert de colinde, care va aduce pe scen\u0103 invita\u0163i de seam\u0103. Vor colinda al\u0103turi de arti\u015ftii Centrului de Cultur\u0103 &#8222;Augustin Bena&#8221;. Sub numele &#8222;Flori dalbe, flori de m\u0103r&#8221;, \u00eencep\u00e2nd cu ora 18:00, &hellip;<\/p>\n","protected":false},"author":17,"featured_media":14951,"comment_status":"open","ping_status":"open","sticky":false,"template":"","format":"standard","meta":{"inline_featured_image":false,"footnotes":""},"categories":[4],"tags":[31,1506,365,468,1509,910,1250,1508,1511,1507,640,308,1510],"class_list":["post-14950","post","type-post","status-publish","format-standard","has-post-thumbnail","hentry","category-eveniment","tag-alba-iulia","tag-artisti","tag-bilete","tag-casa-de-cultura-a-sindicatelor","tag-catalin-hasa","tag-centrul-de-cultura-augustin-bena","tag-colinde","tag-cristian-pomohaci","tag-dorina-narita","tag-furdui-iancu","tag-leontina-farcas","tag-stiri","tag-veta-biris"],"yoast_head":"<!-- This site is optimized with the Yoast SEO plugin v28.3 - https:\/\/yoast.com\/product\/yoast-seo-wordpress\/ -->\n<title>DUMINIC\u0102, &quot;Flori dalbe, flori de m\u0103r&quot;: Concert de colinde pe scena Casei de Cultur\u0103 a Sindicatelor din Alba Iulia - Revista Urbea Mea - Revista de Alba<\/title>\n<meta name=\"description\" content=\"Duminic\u0103, 20 decembrie, Casa de Cultur\u0103 a Sindicatelor din Alba Iulia va fi din nou gazda unui eveniment special. Este vorba despre un concert de colinde,\" \/>\n<meta name=\"robots\" content=\"index, follow, max-snippet:-1, max-image-preview:large, max-video-preview:-1\" \/>\n<link rel=\"canonical\" href=\"https:\/\/urbeamea.ro\/albaiulia\/duminica-flori-dalbe-flori-de-mar-concert-de-colinde-pe-scena-casei-de-cultura-a-sindicatelor-din-alba-iulia\/\" \/>\n<meta name=\"twitter:card\" content=\"summary_large_image\" \/>\n<meta name=\"twitter:title\" content=\"DUMINIC\u0102, &quot;Flori dalbe, flori de m\u0103r&quot;: Concert de colinde pe scena Casei de Cultur\u0103 a Sindicatelor din Alba Iulia - Revista Urbea Mea - Revista de Alba\" \/>\n<meta name=\"twitter:description\" content=\"Duminic\u0103, 20 decembrie, Casa de Cultur\u0103 a Sindicatelor din Alba Iulia va fi din nou gazda unui eveniment special. Este vorba despre un concert de colinde,\" \/>\n<meta name=\"twitter:image\" content=\"https:\/\/urbeamea.ro\/albaiulia\/wp-content\/uploads\/2015\/12\/colinde-1.jpg\" \/>\n<meta name=\"twitter:creator\" content=\"@urbeameaweb\" \/>\n<meta name=\"twitter:site\" content=\"@urbeameaweb\" \/>\n<script type=\"application\/ld+json\" class=\"yoast-schema-graph\">{\"@context\":\"https:\\\/\\\/schema.org\",\"@graph\":[{\"@type\":\"Article\",\"@id\":\"https:\\\/\\\/urbeamea.ro\\\/albaiulia\\\/duminica-flori-dalbe-flori-de-mar-concert-de-colinde-pe-scena-casei-de-cultura-a-sindicatelor-din-alba-iulia\\\/#article\",\"isPartOf\":{\"@id\":\"https:\\\/\\\/urbeamea.ro\\\/albaiulia\\\/duminica-flori-dalbe-flori-de-mar-concert-de-colinde-pe-scena-casei-de-cultura-a-sindicatelor-din-alba-iulia\\\/\"},\"author\":{\"name\":\"Cristina Ganga\",\"@id\":\"https:\\\/\\\/urbeamea.ro\\\/albaiulia\\\/#\\\/schema\\\/person\\\/9700d21fae21c4f038b0b56f4506264a\"},\"headline\":\"DUMINIC\u0102, &#8222;Flori dalbe, flori de m\u0103r&#8221;: Concert de colinde pe scena Casei de Cultur\u0103 a Sindicatelor din Alba Iulia\",\"datePublished\":\"2015-12-15T07:01:56+00:00\",\"mainEntityOfPage\":{\"@id\":\"https:\\\/\\\/urbeamea.ro\\\/albaiulia\\\/duminica-flori-dalbe-flori-de-mar-concert-de-colinde-pe-scena-casei-de-cultura-a-sindicatelor-din-alba-iulia\\\/\"},\"wordCount\":272,\"commentCount\":0,\"image\":{\"@id\":\"https:\\\/\\\/urbeamea.ro\\\/albaiulia\\\/duminica-flori-dalbe-flori-de-mar-concert-de-colinde-pe-scena-casei-de-cultura-a-sindicatelor-din-alba-iulia\\\/#primaryimage\"},\"thumbnailUrl\":\"https:\\\/\\\/urbeamea.ro\\\/albaiulia\\\/wp-content\\\/uploads\\\/2015\\\/12\\\/colinde-1.jpg\",\"keywords\":[\"Alba Iulia\",\"artisti\",\"bilete\",\"casa de cultura a sindicatelor\",\"catalin hasa\",\"Centrul de Cultur\u0103 \u201eAugustin Bena\u201d\",\"colinde\",\"cristian pomohaci\",\"dorina narita\",\"furdui iancu\",\"leontina farcas\",\"stiri\",\"veta biris\"],\"articleSection\":[\"Evenimente\"],\"inLanguage\":\"ro-RO\",\"potentialAction\":[{\"@type\":\"CommentAction\",\"name\":\"Comment\",\"target\":[\"https:\\\/\\\/urbeamea.ro\\\/albaiulia\\\/duminica-flori-dalbe-flori-de-mar-concert-de-colinde-pe-scena-casei-de-cultura-a-sindicatelor-din-alba-iulia\\\/#respond\"]}]},{\"@type\":\"WebPage\",\"@id\":\"https:\\\/\\\/urbeamea.ro\\\/albaiulia\\\/duminica-flori-dalbe-flori-de-mar-concert-de-colinde-pe-scena-casei-de-cultura-a-sindicatelor-din-alba-iulia\\\/\",\"url\":\"https:\\\/\\\/urbeamea.ro\\\/albaiulia\\\/duminica-flori-dalbe-flori-de-mar-concert-de-colinde-pe-scena-casei-de-cultura-a-sindicatelor-din-alba-iulia\\\/\",\"name\":\"DUMINIC\u0102, \\\"Flori dalbe, flori de m\u0103r\\\": Concert de colinde pe scena Casei de Cultur\u0103 a Sindicatelor din Alba Iulia - Revista Urbea Mea - Revista de Alba\",\"isPartOf\":{\"@id\":\"https:\\\/\\\/urbeamea.ro\\\/albaiulia\\\/#website\"},\"primaryImageOfPage\":{\"@id\":\"https:\\\/\\\/urbeamea.ro\\\/albaiulia\\\/duminica-flori-dalbe-flori-de-mar-concert-de-colinde-pe-scena-casei-de-cultura-a-sindicatelor-din-alba-iulia\\\/#primaryimage\"},\"image\":{\"@id\":\"https:\\\/\\\/urbeamea.ro\\\/albaiulia\\\/duminica-flori-dalbe-flori-de-mar-concert-de-colinde-pe-scena-casei-de-cultura-a-sindicatelor-din-alba-iulia\\\/#primaryimage\"},\"thumbnailUrl\":\"https:\\\/\\\/urbeamea.ro\\\/albaiulia\\\/wp-content\\\/uploads\\\/2015\\\/12\\\/colinde-1.jpg\",\"datePublished\":\"2015-12-15T07:01:56+00:00\",\"author\":{\"@id\":\"https:\\\/\\\/urbeamea.ro\\\/albaiulia\\\/#\\\/schema\\\/person\\\/9700d21fae21c4f038b0b56f4506264a\"},\"description\":\"Duminic\u0103, 20 decembrie, Casa de Cultur\u0103 a Sindicatelor din Alba Iulia va fi din nou gazda unui eveniment special. Este vorba despre un concert de colinde,\",\"breadcrumb\":{\"@id\":\"https:\\\/\\\/urbeamea.ro\\\/albaiulia\\\/duminica-flori-dalbe-flori-de-mar-concert-de-colinde-pe-scena-casei-de-cultura-a-sindicatelor-din-alba-iulia\\\/#breadcrumb\"},\"inLanguage\":\"ro-RO\",\"potentialAction\":[{\"@type\":\"ReadAction\",\"target\":[\"https:\\\/\\\/urbeamea.ro\\\/albaiulia\\\/duminica-flori-dalbe-flori-de-mar-concert-de-colinde-pe-scena-casei-de-cultura-a-sindicatelor-din-alba-iulia\\\/\"]}]},{\"@type\":\"ImageObject\",\"inLanguage\":\"ro-RO\",\"@id\":\"https:\\\/\\\/urbeamea.ro\\\/albaiulia\\\/duminica-flori-dalbe-flori-de-mar-concert-de-colinde-pe-scena-casei-de-cultura-a-sindicatelor-din-alba-iulia\\\/#primaryimage\",\"url\":\"https:\\\/\\\/urbeamea.ro\\\/albaiulia\\\/wp-content\\\/uploads\\\/2015\\\/12\\\/colinde-1.jpg\",\"contentUrl\":\"https:\\\/\\\/urbeamea.ro\\\/albaiulia\\\/wp-content\\\/uploads\\\/2015\\\/12\\\/colinde-1.jpg\",\"width\":679,\"height\":960},{\"@type\":\"BreadcrumbList\",\"@id\":\"https:\\\/\\\/urbeamea.ro\\\/albaiulia\\\/duminica-flori-dalbe-flori-de-mar-concert-de-colinde-pe-scena-casei-de-cultura-a-sindicatelor-din-alba-iulia\\\/#breadcrumb\",\"itemListElement\":[{\"@type\":\"ListItem\",\"position\":1,\"name\":\"Prima pagin\u0103\",\"item\":\"https:\\\/\\\/urbeamea.ro\\\/albaiulia\\\/\"},{\"@type\":\"ListItem\",\"position\":2,\"name\":\"DUMINIC\u0102, &#8222;Flori dalbe, flori de m\u0103r&#8221;: Concert de colinde pe scena Casei de Cultur\u0103 a Sindicatelor din Alba Iulia\"}]},{\"@type\":\"WebSite\",\"@id\":\"https:\\\/\\\/urbeamea.ro\\\/albaiulia\\\/#website\",\"url\":\"https:\\\/\\\/urbeamea.ro\\\/albaiulia\\\/\",\"name\":\"Revista Urbea Mea, Stiri urbane\",\"description\":\"Evenimente \u0219i \u0219tiri din Alba Iulia, Sebe\u0219, Aiud, Blaj\",\"potentialAction\":[{\"@type\":\"SearchAction\",\"target\":{\"@type\":\"EntryPoint\",\"urlTemplate\":\"https:\\\/\\\/urbeamea.ro\\\/albaiulia\\\/?s={search_term_string}\"},\"query-input\":{\"@type\":\"PropertyValueSpecification\",\"valueRequired\":true,\"valueName\":\"search_term_string\"}}],\"inLanguage\":\"ro-RO\"},{\"@type\":\"Person\",\"@id\":\"https:\\\/\\\/urbeamea.ro\\\/albaiulia\\\/#\\\/schema\\\/person\\\/9700d21fae21c4f038b0b56f4506264a\",\"name\":\"Cristina Ganga\",\"image\":{\"@type\":\"ImageObject\",\"inLanguage\":\"ro-RO\",\"@id\":\"https:\\\/\\\/secure.gravatar.com\\\/avatar\\\/5a67661041f057b4a8ccaf26f5a8e86e2689372006d01faf3dd9eeb10b654bb4?s=96&d=mm&r=g\",\"url\":\"https:\\\/\\\/secure.gravatar.com\\\/avatar\\\/5a67661041f057b4a8ccaf26f5a8e86e2689372006d01faf3dd9eeb10b654bb4?s=96&d=mm&r=g\",\"contentUrl\":\"https:\\\/\\\/secure.gravatar.com\\\/avatar\\\/5a67661041f057b4a8ccaf26f5a8e86e2689372006d01faf3dd9eeb10b654bb4?s=96&d=mm&r=g\",\"caption\":\"Cristina Ganga\"},\"description\":\"Jurnalist\",\"sameAs\":[\"https:\\\/\\\/www.facebook.com\\\/cristina.nicola.587\"],\"url\":\"https:\\\/\\\/urbeamea.ro\\\/albaiulia\\\/author\\\/cristina-nicola\\\/\"}]}<\/script>\n<!-- \/ Yoast SEO plugin. -->","yoast_head_json":{"title":"DUMINIC\u0102, \"Flori dalbe, flori de m\u0103r\": Concert de colinde pe scena Casei de Cultur\u0103 a Sindicatelor din Alba Iulia - Revista Urbea Mea - Revista de Alba","description":"Duminic\u0103, 20 decembrie, Casa de Cultur\u0103 a Sindicatelor din Alba Iulia va fi din nou gazda unui eveniment special. Este vorba despre un concert de colinde,","robots":{"index":"index","follow":"follow","max-snippet":"max-snippet:-1","max-image-preview":"max-image-preview:large","max-video-preview":"max-video-preview:-1"},"canonical":"https:\/\/urbeamea.ro\/albaiulia\/duminica-flori-dalbe-flori-de-mar-concert-de-colinde-pe-scena-casei-de-cultura-a-sindicatelor-din-alba-iulia\/","twitter_card":"summary_large_image","twitter_title":"DUMINIC\u0102, \"Flori dalbe, flori de m\u0103r\": Concert de colinde pe scena Casei de Cultur\u0103 a Sindicatelor din Alba Iulia - Revista Urbea Mea - Revista de Alba","twitter_description":"Duminic\u0103, 20 decembrie, Casa de Cultur\u0103 a Sindicatelor din Alba Iulia va fi din nou gazda unui eveniment special. Este vorba despre un concert de colinde,","twitter_image":"https:\/\/urbeamea.ro\/albaiulia\/wp-content\/uploads\/2015\/12\/colinde-1.jpg","twitter_creator":"@urbeameaweb","twitter_site":"@urbeameaweb","schema":{"@context":"https:\/\/schema.org","@graph":[{"@type":"Article","@id":"https:\/\/urbeamea.ro\/albaiulia\/duminica-flori-dalbe-flori-de-mar-concert-de-colinde-pe-scena-casei-de-cultura-a-sindicatelor-din-alba-iulia\/#article","isPartOf":{"@id":"https:\/\/urbeamea.ro\/albaiulia\/duminica-flori-dalbe-flori-de-mar-concert-de-colinde-pe-scena-casei-de-cultura-a-sindicatelor-din-alba-iulia\/"},"author":{"name":"Cristina Ganga","@id":"https:\/\/urbeamea.ro\/albaiulia\/#\/schema\/person\/9700d21fae21c4f038b0b56f4506264a"},"headline":"DUMINIC\u0102, &#8222;Flori dalbe, flori de m\u0103r&#8221;: Concert de colinde pe scena Casei de Cultur\u0103 a Sindicatelor din Alba Iulia","datePublished":"2015-12-15T07:01:56+00:00","mainEntityOfPage":{"@id":"https:\/\/urbeamea.ro\/albaiulia\/duminica-flori-dalbe-flori-de-mar-concert-de-colinde-pe-scena-casei-de-cultura-a-sindicatelor-din-alba-iulia\/"},"wordCount":272,"commentCount":0,"image":{"@id":"https:\/\/urbeamea.ro\/albaiulia\/duminica-flori-dalbe-flori-de-mar-concert-de-colinde-pe-scena-casei-de-cultura-a-sindicatelor-din-alba-iulia\/#primaryimage"},"thumbnailUrl":"https:\/\/urbeamea.ro\/albaiulia\/wp-content\/uploads\/2015\/12\/colinde-1.jpg","keywords":["Alba Iulia","artisti","bilete","casa de cultura a sindicatelor","catalin hasa","Centrul de Cultur\u0103 \u201eAugustin Bena\u201d","colinde","cristian pomohaci","dorina narita","furdui iancu","leontina farcas","stiri","veta biris"],"articleSection":["Evenimente"],"inLanguage":"ro-RO","potentialAction":[{"@type":"CommentAction","name":"Comment","target":["https:\/\/urbeamea.ro\/albaiulia\/duminica-flori-dalbe-flori-de-mar-concert-de-colinde-pe-scena-casei-de-cultura-a-sindicatelor-din-alba-iulia\/#respond"]}]},{"@type":"WebPage","@id":"https:\/\/urbeamea.ro\/albaiulia\/duminica-flori-dalbe-flori-de-mar-concert-de-colinde-pe-scena-casei-de-cultura-a-sindicatelor-din-alba-iulia\/","url":"https:\/\/urbeamea.ro\/albaiulia\/duminica-flori-dalbe-flori-de-mar-concert-de-colinde-pe-scena-casei-de-cultura-a-sindicatelor-din-alba-iulia\/","name":"DUMINIC\u0102, \"Flori dalbe, flori de m\u0103r\": Concert de colinde pe scena Casei de Cultur\u0103 a Sindicatelor din Alba Iulia - Revista Urbea Mea - Revista de Alba","isPartOf":{"@id":"https:\/\/urbeamea.ro\/albaiulia\/#website"},"primaryImageOfPage":{"@id":"https:\/\/urbeamea.ro\/albaiulia\/duminica-flori-dalbe-flori-de-mar-concert-de-colinde-pe-scena-casei-de-cultura-a-sindicatelor-din-alba-iulia\/#primaryimage"},"image":{"@id":"https:\/\/urbeamea.ro\/albaiulia\/duminica-flori-dalbe-flori-de-mar-concert-de-colinde-pe-scena-casei-de-cultura-a-sindicatelor-din-alba-iulia\/#primaryimage"},"thumbnailUrl":"https:\/\/urbeamea.ro\/albaiulia\/wp-content\/uploads\/2015\/12\/colinde-1.jpg","datePublished":"2015-12-15T07:01:56+00:00","author":{"@id":"https:\/\/urbeamea.ro\/albaiulia\/#\/schema\/person\/9700d21fae21c4f038b0b56f4506264a"},"description":"Duminic\u0103, 20 decembrie, Casa de Cultur\u0103 a Sindicatelor din Alba Iulia va fi din nou gazda unui eveniment special. Este vorba despre un concert de colinde,","breadcrumb":{"@id":"https:\/\/urbeamea.ro\/albaiulia\/duminica-flori-dalbe-flori-de-mar-concert-de-colinde-pe-scena-casei-de-cultura-a-sindicatelor-din-alba-iulia\/#breadcrumb"},"inLanguage":"ro-RO","potentialAction":[{"@type":"ReadAction","target":["https:\/\/urbeamea.ro\/albaiulia\/duminica-flori-dalbe-flori-de-mar-concert-de-colinde-pe-scena-casei-de-cultura-a-sindicatelor-din-alba-iulia\/"]}]},{"@type":"ImageObject","inLanguage":"ro-RO","@id":"https:\/\/urbeamea.ro\/albaiulia\/duminica-flori-dalbe-flori-de-mar-concert-de-colinde-pe-scena-casei-de-cultura-a-sindicatelor-din-alba-iulia\/#primaryimage","url":"https:\/\/urbeamea.ro\/albaiulia\/wp-content\/uploads\/2015\/12\/colinde-1.jpg","contentUrl":"https:\/\/urbeamea.ro\/albaiulia\/wp-content\/uploads\/2015\/12\/colinde-1.jpg","width":679,"height":960},{"@type":"BreadcrumbList","@id":"https:\/\/urbeamea.ro\/albaiulia\/duminica-flori-dalbe-flori-de-mar-concert-de-colinde-pe-scena-casei-de-cultura-a-sindicatelor-din-alba-iulia\/#breadcrumb","itemListElement":[{"@type":"ListItem","position":1,"name":"Prima pagin\u0103","item":"https:\/\/urbeamea.ro\/albaiulia\/"},{"@type":"ListItem","position":2,"name":"DUMINIC\u0102, &#8222;Flori dalbe, flori de m\u0103r&#8221;: Concert de colinde pe scena Casei de Cultur\u0103 a Sindicatelor din Alba Iulia"}]},{"@type":"WebSite","@id":"https:\/\/urbeamea.ro\/albaiulia\/#website","url":"https:\/\/urbeamea.ro\/albaiulia\/","name":"Revista Urbea Mea, Stiri urbane","description":"Evenimente \u0219i \u0219tiri din Alba Iulia, Sebe\u0219, Aiud, Blaj","potentialAction":[{"@type":"SearchAction","target":{"@type":"EntryPoint","urlTemplate":"https:\/\/urbeamea.ro\/albaiulia\/?s={search_term_string}"},"query-input":{"@type":"PropertyValueSpecification","valueRequired":true,"valueName":"search_term_string"}}],"inLanguage":"ro-RO"},{"@type":"Person","@id":"https:\/\/urbeamea.ro\/albaiulia\/#\/schema\/person\/9700d21fae21c4f038b0b56f4506264a","name":"Cristina Ganga","image":{"@type":"ImageObject","inLanguage":"ro-RO","@id":"https:\/\/secure.gravatar.com\/avatar\/5a67661041f057b4a8ccaf26f5a8e86e2689372006d01faf3dd9eeb10b654bb4?s=96&d=mm&r=g","url":"https:\/\/secure.gravatar.com\/avatar\/5a67661041f057b4a8ccaf26f5a8e86e2689372006d01faf3dd9eeb10b654bb4?s=96&d=mm&r=g","contentUrl":"https:\/\/secure.gravatar.com\/avatar\/5a67661041f057b4a8ccaf26f5a8e86e2689372006d01faf3dd9eeb10b654bb4?s=96&d=mm&r=g","caption":"Cristina Ganga"},"description":"Jurnalist","sameAs":["https:\/\/www.facebook.com\/cristina.nicola.587"],"url":"https:\/\/urbeamea.ro\/albaiulia\/author\/cristina-nicola\/"}]}},"_links":{"self":[{"href":"https:\/\/urbeamea.ro\/albaiulia\/wp-json\/wp\/v2\/posts\/14950","targetHints":{"allow":["GET"]}}],"collection":[{"href":"https:\/\/urbeamea.ro\/albaiulia\/wp-json\/wp\/v2\/posts"}],"about":[{"href":"https:\/\/urbeamea.ro\/albaiulia\/wp-json\/wp\/v2\/types\/post"}],"author":[{"embeddable":true,"href":"https:\/\/urbeamea.ro\/albaiulia\/wp-json\/wp\/v2\/users\/17"}],"replies":[{"embeddable":true,"href":"https:\/\/urbeamea.ro\/albaiulia\/wp-json\/wp\/v2\/comments?post=14950"}],"version-history":[{"count":0,"href":"https:\/\/urbeamea.ro\/albaiulia\/wp-json\/wp\/v2\/posts\/14950\/revisions"}],"wp:featuredmedia":[{"embeddable":true,"href":"https:\/\/urbeamea.ro\/albaiulia\/wp-json\/wp\/v2\/media\/14951"}],"wp:attachment":[{"href":"https:\/\/urbeamea.ro\/albaiulia\/wp-json\/wp\/v2\/media?parent=14950"}],"wp:term":[{"taxonomy":"category","embeddable":true,"href":"https:\/\/urbeamea.ro\/albaiulia\/wp-json\/wp\/v2\/categories?post=14950"},{"taxonomy":"post_tag","embeddable":true,"href":"https:\/\/urbeamea.ro\/albaiulia\/wp-json\/wp\/v2\/tags?post=14950"}],"curies":[{"name":"wp","href":"https:\/\/api.w.org\/{rel}","templated":true}]}}