{"id":15294,"date":"2015-12-17T23:14:50","date_gmt":"2015-12-17T21:14:50","guid":{"rendered":"http:\/\/urbeamea.ro\/albaiulia\/?p=15294"},"modified":"2016-01-18T17:42:39","modified_gmt":"2016-01-18T15:42:39","slug":"reprezint-alba-iulia-proiect-initiat-de-doi-liceeni-de-la-colegiul-economic-dionisie-pop-martian-in-scopul-promovarii-albaiulienilor","status":"publish","type":"post","link":"https:\/\/urbeamea.ro\/albaiulia\/reprezint-alba-iulia-proiect-initiat-de-doi-liceeni-de-la-colegiul-economic-dionisie-pop-martian-in-scopul-promovarii-albaiulienilor\/","title":{"rendered":"&#8222;Reprezint Alba Iulia&#8221;, proiect ini\u0163iat de doi liceeni de la Colegiul Economic &#8222;Dionisie Pop Mar\u0163ian&#8221; \u00een scopul promov\u0103rii albaiulienilor"},"content":{"rendered":"<p><strong><img loading=\"lazy\" decoding=\"async\" class=\"size-medium wp-image-15295 alignleft\" src=\"http:\/\/urbeamea.ro\/albaiulia\/wp-content\/uploads\/2015\/12\/Logo-principal-300x300.jpg\" alt=\"Logo principal\" width=\"300\" height=\"300\" \/>\u201dReprezint Alba Iulia\u201d este un nou proiect ini\u0163iat de doi liceeni de la Colegiul Economic &#8222;Dionisie Pop Mar\u0163ian&#8221;, Lauren\u0163iu Voica \u015fi R\u0103zvan Sechere\u015f. De ace\u015fti doi tineri s-a mai auzit \u00een Alba Iulia anul trecut, c\u00e2nd prin cadrul proiectului YouthBank numit \u201dDansul, esen\u021ba vietii\u201d, prin spectacolele lor s\u0103 umple s\u0103li \u00eentregi din Alba Iulia, Teiu\u0219 \u0219i Aiud.<\/strong><\/p>\n<p>Anul acesta tinerii revin cu un proiect independent intitulat \u201dReprezint Alba Iulia\u201d. Potrivit celor spuse de ei, proiectul are ca scop \u201dpromovarea tuturor oamenilor care vor s\u0103 fac\u0103 ceva \u0219i nu pierd timpul degeaba. Sunt o mul\u021bime de oameni care fie vor s\u0103 schimbe ceva, s\u0103 \u00ee\u0219i pun\u0103 ora\u0219ul pe hart\u0103 prin performan\u021bele lor, dar fie nu g\u0103sesc calea cea mai potrivit\u0103 pentru a se promova, fie nu sunt remarca\u021bi din pricina unei modeste promovari\u201d.<\/p>\n<p><img loading=\"lazy\" decoding=\"async\" class=\"size-medium wp-image-15296 alignleft\" src=\"http:\/\/urbeamea.ro\/albaiulia\/wp-content\/uploads\/2015\/12\/Logo-secundar-300x111.jpg\" alt=\"Logo secundar\" width=\"300\" height=\"111\" \/>Pentru \u00eencepu, Lauren\u0163iu \u015fi R\u0103zvan au creat o pagin\u0103 de Facebook (<a href=\"https:\/\/www.facebook.com\/ReprezintAlbaIulia\/?fref=ts\" target=\"_blank\">Reprezint Alba Iulia<\/a>),\u00a0care p\u00e2n\u0103 \u00een prezent a adunat 380 de aprecieri. Pe aceast\u0103 pagin\u0103 orice persoan\u0103 poate posta filmule\u021be\/poze \u0219i a\u015fa vor fi promovate ideile albaiulienilor. Astfel c\u0103, cei doi \u00eei invit\u0103 pe to\u021bi cei care c\u00e2nt\u0103, picteaz\u0103, fotografiaz\u0103, danseaz\u0103, fac vlogging sau orice alt\u0103 activitate care merit\u0103 promovat\u0103, s\u0103 trimit\u0103 un mesaj privat paginii, pentru a-i promova.<\/p>\n<p>&nbsp;<\/p>\n","protected":false},"excerpt":{"rendered":"<p>\u201dReprezint Alba Iulia\u201d este un nou proiect ini\u0163iat de doi liceeni de la Colegiul Economic &#8222;Dionisie Pop Mar\u0163ian&#8221;, Lauren\u0163iu Voica \u015fi R\u0103zvan Sechere\u015f. De ace\u015fti doi tineri s-a mai auzit \u00een Alba Iulia anul trecut, c\u00e2nd prin cadrul proiectului YouthBank numit \u201dDansul, esen\u021ba vietii\u201d, prin spectacolele lor s\u0103 umple s\u0103li \u00eentregi din Alba Iulia, Teiu\u0219 &hellip;<\/p>\n","protected":false},"author":17,"featured_media":15295,"comment_status":"open","ping_status":"open","sticky":false,"template":"","format":"standard","meta":{"inline_featured_image":false,"footnotes":""},"categories":[2036],"tags":[31,38,994,883,380,1023,1551,308,336,76],"class_list":["post-15294","post","type-post","status-publish","format-standard","has-post-thumbnail","hentry","category-monden","tag-alba-iulia","tag-albaiulieni","tag-dionisie-pop-martian","tag-liceeni","tag-proiect","tag-promovare","tag-reprezint-alba-iulia","tag-stiri","tag-tineri","tag-urbea-mea"],"yoast_head":"<!-- This site is optimized with the Yoast SEO plugin v28.3 - https:\/\/yoast.com\/product\/yoast-seo-wordpress\/ -->\n<title>&quot;Reprezint Alba Iulia&quot;, proiect ini\u0163iat de doi liceeni de la Colegiul Economic &quot;Dionisie Pop Mar\u0163ian&quot; \u00een scopul promov\u0103rii albaiulienilor - Revista Urbea Mea - Revista de Alba<\/title>\n<meta name=\"description\" content=\"\u201dReprezint Alba Iulia\u201d este un nou proiect ini\u0163iat de doi liceeni de la Colegiul Economic &quot;Dionisie Pop Mar\u0163ian&quot;, Lauren\u0163iu Voica \u015fi R\u0103zvan Sechere\u015f. De\" \/>\n<meta name=\"robots\" content=\"index, follow, max-snippet:-1, max-image-preview:large, max-video-preview:-1\" \/>\n<link rel=\"canonical\" href=\"https:\/\/urbeamea.ro\/albaiulia\/reprezint-alba-iulia-proiect-initiat-de-doi-liceeni-de-la-colegiul-economic-dionisie-pop-martian-in-scopul-promovarii-albaiulienilor\/\" \/>\n<meta name=\"twitter:card\" content=\"summary_large_image\" \/>\n<meta name=\"twitter:title\" content=\"&quot;Reprezint Alba Iulia&quot;, proiect ini\u0163iat de doi liceeni de la Colegiul Economic &quot;Dionisie Pop Mar\u0163ian&quot; \u00een scopul promov\u0103rii albaiulienilor - Revista Urbea Mea - Revista de Alba\" \/>\n<meta name=\"twitter:description\" content=\"\u201dReprezint Alba Iulia\u201d este un nou proiect ini\u0163iat de doi liceeni de la Colegiul Economic &quot;Dionisie Pop Mar\u0163ian&quot;, Lauren\u0163iu Voica \u015fi R\u0103zvan Sechere\u015f. De\" \/>\n<meta name=\"twitter:image\" content=\"https:\/\/urbeamea.ro\/albaiulia\/wp-content\/uploads\/2015\/12\/Logo-principal.jpg\" \/>\n<meta name=\"twitter:creator\" content=\"@urbeameaweb\" \/>\n<meta name=\"twitter:site\" content=\"@urbeameaweb\" \/>\n<script type=\"application\/ld+json\" class=\"yoast-schema-graph\">{\"@context\":\"https:\\\/\\\/schema.org\",\"@graph\":[{\"@type\":\"Article\",\"@id\":\"https:\\\/\\\/urbeamea.ro\\\/albaiulia\\\/reprezint-alba-iulia-proiect-initiat-de-doi-liceeni-de-la-colegiul-economic-dionisie-pop-martian-in-scopul-promovarii-albaiulienilor\\\/#article\",\"isPartOf\":{\"@id\":\"https:\\\/\\\/urbeamea.ro\\\/albaiulia\\\/reprezint-alba-iulia-proiect-initiat-de-doi-liceeni-de-la-colegiul-economic-dionisie-pop-martian-in-scopul-promovarii-albaiulienilor\\\/\"},\"author\":{\"name\":\"Cristina Ganga\",\"@id\":\"https:\\\/\\\/urbeamea.ro\\\/albaiulia\\\/#\\\/schema\\\/person\\\/9700d21fae21c4f038b0b56f4506264a\"},\"headline\":\"&#8222;Reprezint Alba Iulia&#8221;, proiect ini\u0163iat de doi liceeni de la Colegiul Economic &#8222;Dionisie Pop Mar\u0163ian&#8221; \u00een scopul promov\u0103rii albaiulienilor\",\"datePublished\":\"2015-12-17T21:14:50+00:00\",\"dateModified\":\"2016-01-18T15:42:39+00:00\",\"mainEntityOfPage\":{\"@id\":\"https:\\\/\\\/urbeamea.ro\\\/albaiulia\\\/reprezint-alba-iulia-proiect-initiat-de-doi-liceeni-de-la-colegiul-economic-dionisie-pop-martian-in-scopul-promovarii-albaiulienilor\\\/\"},\"wordCount\":245,\"commentCount\":0,\"image\":{\"@id\":\"https:\\\/\\\/urbeamea.ro\\\/albaiulia\\\/reprezint-alba-iulia-proiect-initiat-de-doi-liceeni-de-la-colegiul-economic-dionisie-pop-martian-in-scopul-promovarii-albaiulienilor\\\/#primaryimage\"},\"thumbnailUrl\":\"https:\\\/\\\/urbeamea.ro\\\/albaiulia\\\/wp-content\\\/uploads\\\/2015\\\/12\\\/Logo-principal.jpg\",\"keywords\":[\"Alba Iulia\",\"albaiulieni\",\"dionisie pop martian\",\"liceeni\",\"proiect\",\"promovare\",\"reprezint alba iulia\",\"stiri\",\"tineri\",\"Urbea Mea\"],\"articleSection\":[\"Monden\"],\"inLanguage\":\"ro-RO\",\"potentialAction\":[{\"@type\":\"CommentAction\",\"name\":\"Comment\",\"target\":[\"https:\\\/\\\/urbeamea.ro\\\/albaiulia\\\/reprezint-alba-iulia-proiect-initiat-de-doi-liceeni-de-la-colegiul-economic-dionisie-pop-martian-in-scopul-promovarii-albaiulienilor\\\/#respond\"]}]},{\"@type\":\"WebPage\",\"@id\":\"https:\\\/\\\/urbeamea.ro\\\/albaiulia\\\/reprezint-alba-iulia-proiect-initiat-de-doi-liceeni-de-la-colegiul-economic-dionisie-pop-martian-in-scopul-promovarii-albaiulienilor\\\/\",\"url\":\"https:\\\/\\\/urbeamea.ro\\\/albaiulia\\\/reprezint-alba-iulia-proiect-initiat-de-doi-liceeni-de-la-colegiul-economic-dionisie-pop-martian-in-scopul-promovarii-albaiulienilor\\\/\",\"name\":\"\\\"Reprezint Alba Iulia\\\", proiect ini\u0163iat de doi liceeni de la Colegiul Economic \\\"Dionisie Pop Mar\u0163ian\\\" \u00een scopul promov\u0103rii albaiulienilor - Revista Urbea Mea - Revista de Alba\",\"isPartOf\":{\"@id\":\"https:\\\/\\\/urbeamea.ro\\\/albaiulia\\\/#website\"},\"primaryImageOfPage\":{\"@id\":\"https:\\\/\\\/urbeamea.ro\\\/albaiulia\\\/reprezint-alba-iulia-proiect-initiat-de-doi-liceeni-de-la-colegiul-economic-dionisie-pop-martian-in-scopul-promovarii-albaiulienilor\\\/#primaryimage\"},\"image\":{\"@id\":\"https:\\\/\\\/urbeamea.ro\\\/albaiulia\\\/reprezint-alba-iulia-proiect-initiat-de-doi-liceeni-de-la-colegiul-economic-dionisie-pop-martian-in-scopul-promovarii-albaiulienilor\\\/#primaryimage\"},\"thumbnailUrl\":\"https:\\\/\\\/urbeamea.ro\\\/albaiulia\\\/wp-content\\\/uploads\\\/2015\\\/12\\\/Logo-principal.jpg\",\"datePublished\":\"2015-12-17T21:14:50+00:00\",\"dateModified\":\"2016-01-18T15:42:39+00:00\",\"author\":{\"@id\":\"https:\\\/\\\/urbeamea.ro\\\/albaiulia\\\/#\\\/schema\\\/person\\\/9700d21fae21c4f038b0b56f4506264a\"},\"description\":\"\u201dReprezint Alba Iulia\u201d este un nou proiect ini\u0163iat de doi liceeni de la Colegiul Economic \\\"Dionisie Pop Mar\u0163ian\\\", Lauren\u0163iu Voica \u015fi R\u0103zvan Sechere\u015f. De\",\"breadcrumb\":{\"@id\":\"https:\\\/\\\/urbeamea.ro\\\/albaiulia\\\/reprezint-alba-iulia-proiect-initiat-de-doi-liceeni-de-la-colegiul-economic-dionisie-pop-martian-in-scopul-promovarii-albaiulienilor\\\/#breadcrumb\"},\"inLanguage\":\"ro-RO\",\"potentialAction\":[{\"@type\":\"ReadAction\",\"target\":[\"https:\\\/\\\/urbeamea.ro\\\/albaiulia\\\/reprezint-alba-iulia-proiect-initiat-de-doi-liceeni-de-la-colegiul-economic-dionisie-pop-martian-in-scopul-promovarii-albaiulienilor\\\/\"]}]},{\"@type\":\"ImageObject\",\"inLanguage\":\"ro-RO\",\"@id\":\"https:\\\/\\\/urbeamea.ro\\\/albaiulia\\\/reprezint-alba-iulia-proiect-initiat-de-doi-liceeni-de-la-colegiul-economic-dionisie-pop-martian-in-scopul-promovarii-albaiulienilor\\\/#primaryimage\",\"url\":\"https:\\\/\\\/urbeamea.ro\\\/albaiulia\\\/wp-content\\\/uploads\\\/2015\\\/12\\\/Logo-principal.jpg\",\"contentUrl\":\"https:\\\/\\\/urbeamea.ro\\\/albaiulia\\\/wp-content\\\/uploads\\\/2015\\\/12\\\/Logo-principal.jpg\",\"width\":957,\"height\":960},{\"@type\":\"BreadcrumbList\",\"@id\":\"https:\\\/\\\/urbeamea.ro\\\/albaiulia\\\/reprezint-alba-iulia-proiect-initiat-de-doi-liceeni-de-la-colegiul-economic-dionisie-pop-martian-in-scopul-promovarii-albaiulienilor\\\/#breadcrumb\",\"itemListElement\":[{\"@type\":\"ListItem\",\"position\":1,\"name\":\"Prima pagin\u0103\",\"item\":\"https:\\\/\\\/urbeamea.ro\\\/albaiulia\\\/\"},{\"@type\":\"ListItem\",\"position\":2,\"name\":\"&#8222;Reprezint Alba Iulia&#8221;, proiect ini\u0163iat de doi liceeni de la Colegiul Economic &#8222;Dionisie Pop Mar\u0163ian&#8221; \u00een scopul promov\u0103rii albaiulienilor\"}]},{\"@type\":\"WebSite\",\"@id\":\"https:\\\/\\\/urbeamea.ro\\\/albaiulia\\\/#website\",\"url\":\"https:\\\/\\\/urbeamea.ro\\\/albaiulia\\\/\",\"name\":\"Revista Urbea Mea, Stiri urbane\",\"description\":\"Evenimente \u0219i \u0219tiri din Alba Iulia, Sebe\u0219, Aiud, Blaj\",\"potentialAction\":[{\"@type\":\"SearchAction\",\"target\":{\"@type\":\"EntryPoint\",\"urlTemplate\":\"https:\\\/\\\/urbeamea.ro\\\/albaiulia\\\/?s={search_term_string}\"},\"query-input\":{\"@type\":\"PropertyValueSpecification\",\"valueRequired\":true,\"valueName\":\"search_term_string\"}}],\"inLanguage\":\"ro-RO\"},{\"@type\":\"Person\",\"@id\":\"https:\\\/\\\/urbeamea.ro\\\/albaiulia\\\/#\\\/schema\\\/person\\\/9700d21fae21c4f038b0b56f4506264a\",\"name\":\"Cristina Ganga\",\"image\":{\"@type\":\"ImageObject\",\"inLanguage\":\"ro-RO\",\"@id\":\"https:\\\/\\\/secure.gravatar.com\\\/avatar\\\/5a67661041f057b4a8ccaf26f5a8e86e2689372006d01faf3dd9eeb10b654bb4?s=96&d=mm&r=g\",\"url\":\"https:\\\/\\\/secure.gravatar.com\\\/avatar\\\/5a67661041f057b4a8ccaf26f5a8e86e2689372006d01faf3dd9eeb10b654bb4?s=96&d=mm&r=g\",\"contentUrl\":\"https:\\\/\\\/secure.gravatar.com\\\/avatar\\\/5a67661041f057b4a8ccaf26f5a8e86e2689372006d01faf3dd9eeb10b654bb4?s=96&d=mm&r=g\",\"caption\":\"Cristina Ganga\"},\"description\":\"Jurnalist\",\"sameAs\":[\"https:\\\/\\\/www.facebook.com\\\/cristina.nicola.587\"],\"url\":\"https:\\\/\\\/urbeamea.ro\\\/albaiulia\\\/author\\\/cristina-nicola\\\/\"}]}<\/script>\n<!-- \/ Yoast SEO plugin. -->","yoast_head_json":{"title":"\"Reprezint Alba Iulia\", proiect ini\u0163iat de doi liceeni de la Colegiul Economic \"Dionisie Pop Mar\u0163ian\" \u00een scopul promov\u0103rii albaiulienilor - Revista Urbea Mea - Revista de Alba","description":"\u201dReprezint Alba Iulia\u201d este un nou proiect ini\u0163iat de doi liceeni de la Colegiul Economic \"Dionisie Pop Mar\u0163ian\", Lauren\u0163iu Voica \u015fi R\u0103zvan Sechere\u015f. De","robots":{"index":"index","follow":"follow","max-snippet":"max-snippet:-1","max-image-preview":"max-image-preview:large","max-video-preview":"max-video-preview:-1"},"canonical":"https:\/\/urbeamea.ro\/albaiulia\/reprezint-alba-iulia-proiect-initiat-de-doi-liceeni-de-la-colegiul-economic-dionisie-pop-martian-in-scopul-promovarii-albaiulienilor\/","twitter_card":"summary_large_image","twitter_title":"\"Reprezint Alba Iulia\", proiect ini\u0163iat de doi liceeni de la Colegiul Economic \"Dionisie Pop Mar\u0163ian\" \u00een scopul promov\u0103rii albaiulienilor - Revista Urbea Mea - Revista de Alba","twitter_description":"\u201dReprezint Alba Iulia\u201d este un nou proiect ini\u0163iat de doi liceeni de la Colegiul Economic \"Dionisie Pop Mar\u0163ian\", Lauren\u0163iu Voica \u015fi R\u0103zvan Sechere\u015f. De","twitter_image":"https:\/\/urbeamea.ro\/albaiulia\/wp-content\/uploads\/2015\/12\/Logo-principal.jpg","twitter_creator":"@urbeameaweb","twitter_site":"@urbeameaweb","schema":{"@context":"https:\/\/schema.org","@graph":[{"@type":"Article","@id":"https:\/\/urbeamea.ro\/albaiulia\/reprezint-alba-iulia-proiect-initiat-de-doi-liceeni-de-la-colegiul-economic-dionisie-pop-martian-in-scopul-promovarii-albaiulienilor\/#article","isPartOf":{"@id":"https:\/\/urbeamea.ro\/albaiulia\/reprezint-alba-iulia-proiect-initiat-de-doi-liceeni-de-la-colegiul-economic-dionisie-pop-martian-in-scopul-promovarii-albaiulienilor\/"},"author":{"name":"Cristina Ganga","@id":"https:\/\/urbeamea.ro\/albaiulia\/#\/schema\/person\/9700d21fae21c4f038b0b56f4506264a"},"headline":"&#8222;Reprezint Alba Iulia&#8221;, proiect ini\u0163iat de doi liceeni de la Colegiul Economic &#8222;Dionisie Pop Mar\u0163ian&#8221; \u00een scopul promov\u0103rii albaiulienilor","datePublished":"2015-12-17T21:14:50+00:00","dateModified":"2016-01-18T15:42:39+00:00","mainEntityOfPage":{"@id":"https:\/\/urbeamea.ro\/albaiulia\/reprezint-alba-iulia-proiect-initiat-de-doi-liceeni-de-la-colegiul-economic-dionisie-pop-martian-in-scopul-promovarii-albaiulienilor\/"},"wordCount":245,"commentCount":0,"image":{"@id":"https:\/\/urbeamea.ro\/albaiulia\/reprezint-alba-iulia-proiect-initiat-de-doi-liceeni-de-la-colegiul-economic-dionisie-pop-martian-in-scopul-promovarii-albaiulienilor\/#primaryimage"},"thumbnailUrl":"https:\/\/urbeamea.ro\/albaiulia\/wp-content\/uploads\/2015\/12\/Logo-principal.jpg","keywords":["Alba Iulia","albaiulieni","dionisie pop martian","liceeni","proiect","promovare","reprezint alba iulia","stiri","tineri","Urbea Mea"],"articleSection":["Monden"],"inLanguage":"ro-RO","potentialAction":[{"@type":"CommentAction","name":"Comment","target":["https:\/\/urbeamea.ro\/albaiulia\/reprezint-alba-iulia-proiect-initiat-de-doi-liceeni-de-la-colegiul-economic-dionisie-pop-martian-in-scopul-promovarii-albaiulienilor\/#respond"]}]},{"@type":"WebPage","@id":"https:\/\/urbeamea.ro\/albaiulia\/reprezint-alba-iulia-proiect-initiat-de-doi-liceeni-de-la-colegiul-economic-dionisie-pop-martian-in-scopul-promovarii-albaiulienilor\/","url":"https:\/\/urbeamea.ro\/albaiulia\/reprezint-alba-iulia-proiect-initiat-de-doi-liceeni-de-la-colegiul-economic-dionisie-pop-martian-in-scopul-promovarii-albaiulienilor\/","name":"\"Reprezint Alba Iulia\", proiect ini\u0163iat de doi liceeni de la Colegiul Economic \"Dionisie Pop Mar\u0163ian\" \u00een scopul promov\u0103rii albaiulienilor - Revista Urbea Mea - Revista de Alba","isPartOf":{"@id":"https:\/\/urbeamea.ro\/albaiulia\/#website"},"primaryImageOfPage":{"@id":"https:\/\/urbeamea.ro\/albaiulia\/reprezint-alba-iulia-proiect-initiat-de-doi-liceeni-de-la-colegiul-economic-dionisie-pop-martian-in-scopul-promovarii-albaiulienilor\/#primaryimage"},"image":{"@id":"https:\/\/urbeamea.ro\/albaiulia\/reprezint-alba-iulia-proiect-initiat-de-doi-liceeni-de-la-colegiul-economic-dionisie-pop-martian-in-scopul-promovarii-albaiulienilor\/#primaryimage"},"thumbnailUrl":"https:\/\/urbeamea.ro\/albaiulia\/wp-content\/uploads\/2015\/12\/Logo-principal.jpg","datePublished":"2015-12-17T21:14:50+00:00","dateModified":"2016-01-18T15:42:39+00:00","author":{"@id":"https:\/\/urbeamea.ro\/albaiulia\/#\/schema\/person\/9700d21fae21c4f038b0b56f4506264a"},"description":"\u201dReprezint Alba Iulia\u201d este un nou proiect ini\u0163iat de doi liceeni de la Colegiul Economic \"Dionisie Pop Mar\u0163ian\", Lauren\u0163iu Voica \u015fi R\u0103zvan Sechere\u015f. De","breadcrumb":{"@id":"https:\/\/urbeamea.ro\/albaiulia\/reprezint-alba-iulia-proiect-initiat-de-doi-liceeni-de-la-colegiul-economic-dionisie-pop-martian-in-scopul-promovarii-albaiulienilor\/#breadcrumb"},"inLanguage":"ro-RO","potentialAction":[{"@type":"ReadAction","target":["https:\/\/urbeamea.ro\/albaiulia\/reprezint-alba-iulia-proiect-initiat-de-doi-liceeni-de-la-colegiul-economic-dionisie-pop-martian-in-scopul-promovarii-albaiulienilor\/"]}]},{"@type":"ImageObject","inLanguage":"ro-RO","@id":"https:\/\/urbeamea.ro\/albaiulia\/reprezint-alba-iulia-proiect-initiat-de-doi-liceeni-de-la-colegiul-economic-dionisie-pop-martian-in-scopul-promovarii-albaiulienilor\/#primaryimage","url":"https:\/\/urbeamea.ro\/albaiulia\/wp-content\/uploads\/2015\/12\/Logo-principal.jpg","contentUrl":"https:\/\/urbeamea.ro\/albaiulia\/wp-content\/uploads\/2015\/12\/Logo-principal.jpg","width":957,"height":960},{"@type":"BreadcrumbList","@id":"https:\/\/urbeamea.ro\/albaiulia\/reprezint-alba-iulia-proiect-initiat-de-doi-liceeni-de-la-colegiul-economic-dionisie-pop-martian-in-scopul-promovarii-albaiulienilor\/#breadcrumb","itemListElement":[{"@type":"ListItem","position":1,"name":"Prima pagin\u0103","item":"https:\/\/urbeamea.ro\/albaiulia\/"},{"@type":"ListItem","position":2,"name":"&#8222;Reprezint Alba Iulia&#8221;, proiect ini\u0163iat de doi liceeni de la Colegiul Economic &#8222;Dionisie Pop Mar\u0163ian&#8221; \u00een scopul promov\u0103rii albaiulienilor"}]},{"@type":"WebSite","@id":"https:\/\/urbeamea.ro\/albaiulia\/#website","url":"https:\/\/urbeamea.ro\/albaiulia\/","name":"Revista Urbea Mea, Stiri urbane","description":"Evenimente \u0219i \u0219tiri din Alba Iulia, Sebe\u0219, Aiud, Blaj","potentialAction":[{"@type":"SearchAction","target":{"@type":"EntryPoint","urlTemplate":"https:\/\/urbeamea.ro\/albaiulia\/?s={search_term_string}"},"query-input":{"@type":"PropertyValueSpecification","valueRequired":true,"valueName":"search_term_string"}}],"inLanguage":"ro-RO"},{"@type":"Person","@id":"https:\/\/urbeamea.ro\/albaiulia\/#\/schema\/person\/9700d21fae21c4f038b0b56f4506264a","name":"Cristina Ganga","image":{"@type":"ImageObject","inLanguage":"ro-RO","@id":"https:\/\/secure.gravatar.com\/avatar\/5a67661041f057b4a8ccaf26f5a8e86e2689372006d01faf3dd9eeb10b654bb4?s=96&d=mm&r=g","url":"https:\/\/secure.gravatar.com\/avatar\/5a67661041f057b4a8ccaf26f5a8e86e2689372006d01faf3dd9eeb10b654bb4?s=96&d=mm&r=g","contentUrl":"https:\/\/secure.gravatar.com\/avatar\/5a67661041f057b4a8ccaf26f5a8e86e2689372006d01faf3dd9eeb10b654bb4?s=96&d=mm&r=g","caption":"Cristina Ganga"},"description":"Jurnalist","sameAs":["https:\/\/www.facebook.com\/cristina.nicola.587"],"url":"https:\/\/urbeamea.ro\/albaiulia\/author\/cristina-nicola\/"}]}},"_links":{"self":[{"href":"https:\/\/urbeamea.ro\/albaiulia\/wp-json\/wp\/v2\/posts\/15294","targetHints":{"allow":["GET"]}}],"collection":[{"href":"https:\/\/urbeamea.ro\/albaiulia\/wp-json\/wp\/v2\/posts"}],"about":[{"href":"https:\/\/urbeamea.ro\/albaiulia\/wp-json\/wp\/v2\/types\/post"}],"author":[{"embeddable":true,"href":"https:\/\/urbeamea.ro\/albaiulia\/wp-json\/wp\/v2\/users\/17"}],"replies":[{"embeddable":true,"href":"https:\/\/urbeamea.ro\/albaiulia\/wp-json\/wp\/v2\/comments?post=15294"}],"version-history":[{"count":0,"href":"https:\/\/urbeamea.ro\/albaiulia\/wp-json\/wp\/v2\/posts\/15294\/revisions"}],"wp:featuredmedia":[{"embeddable":true,"href":"https:\/\/urbeamea.ro\/albaiulia\/wp-json\/wp\/v2\/media\/15295"}],"wp:attachment":[{"href":"https:\/\/urbeamea.ro\/albaiulia\/wp-json\/wp\/v2\/media?parent=15294"}],"wp:term":[{"taxonomy":"category","embeddable":true,"href":"https:\/\/urbeamea.ro\/albaiulia\/wp-json\/wp\/v2\/categories?post=15294"},{"taxonomy":"post_tag","embeddable":true,"href":"https:\/\/urbeamea.ro\/albaiulia\/wp-json\/wp\/v2\/tags?post=15294"}],"curies":[{"name":"wp","href":"https:\/\/api.w.org\/{rel}","templated":true}]}}