{"id":15618,"date":"2015-12-19T13:47:09","date_gmt":"2015-12-19T11:47:09","guid":{"rendered":"http:\/\/urbeamea.ro\/albaiulia\/?p=15618"},"modified":"2016-01-18T17:41:10","modified_gmt":"2016-01-18T15:41:10","slug":"felicitari-handmade-realizate-de-copiii-si-tinerii-de-la-asezamantul-social-sfantul-vasile-cel-mare-scoase-la-vanzare-in-scop-caritabil","status":"publish","type":"post","link":"https:\/\/urbeamea.ro\/albaiulia\/felicitari-handmade-realizate-de-copiii-si-tinerii-de-la-asezamantul-social-sfantul-vasile-cel-mare-scoase-la-vanzare-in-scop-caritabil\/","title":{"rendered":"Felicit\u0103ri handmade realizate de copiii \u015fi tinerii de la A\u015fez\u0103m\u00e2ntul social \u201eSf\u00e2ntul Vasile cel Mare\u201d scoase la v\u00e2nzare \u00een scop caritabil"},"content":{"rendered":"<p><img loading=\"lazy\" decoding=\"async\" class=\"alignleft size-medium wp-image-15619\" src=\"http:\/\/urbeamea.ro\/albaiulia\/wp-content\/uploads\/2015\/12\/foto2-300x225.jpeg\" alt=\"foto2\" width=\"300\" height=\"225\" \/>Copiii \u015fi tinerii ocroti\u0163i \u00een cadrul A\u015fez\u0103m\u00e2ntului social \u201eSf\u00e2ntul Vasile cel Mare\u201d din Alba Iulia au realizat \u00een preajma s\u0103rb\u0103torilor de iarn\u0103 felicit\u0103ri handmade pe care le-au oferit cu drag sponsorilor \u015fi colaboratorilor centrului.<\/p>\n<p>C\u00e2teva zeci de astfel de felicit\u0103ri se afl\u0103 expuse la sf\u00e2r\u015fitul acestei s\u0103pt\u0103m\u00e2ni la Alba Mall \u015fi pot fi achizi\u0163ionate de cei care doresc s\u0103 sus\u0163in\u0103 activit\u0103\u0163ile viitoare ale a\u015fez\u0103m\u00e2ntului social. Standul cu felicit\u0103rile realizate de ace\u015fti copii r\u0103m\u00e2ne deschis p\u00e2n\u0103 duminic\u0103.<\/p>\n<p><em>\u201e<\/em><strong>An de an, \u00een preajma s\u0103rb\u0103torilor, copiii no\u015ftri realizeaz\u0103 astfel de obiecte pe care le ofer\u0103 drept mul\u0163umire colaboratorilor pentru sprijinul acordat.<\/strong><\/p>\n<p><strong> \u00cen acest an ne-am g\u00e2ndit s\u0103 expunem spre v\u00e2nzare \u00een scop caritabil c\u00e2teva lucr\u0103ri iar banii str\u00e2n\u015fi \u00eei vom folosi pentru sus\u0163inerea activit\u0103\u0163ilor a\u015fez\u0103m\u00e2ntului\u201d<\/strong> a precizat p\u0103rintele Marcel Duda, coordonatorul A\u015fez\u0103m\u00e2ntului social \u201eSf\u00e2ntul Vasile cel Mare\u201d din Alba Iulia.<\/p>\n<p>\u00cen cadrul A\u015fez\u0103m\u00e2ntului Social \u201eSf\u00e2ntul Vasile cel Mare\u201d din Alba Iulia sunt ocroti\u0163i 13 copii \u015fi tineri cu v\u00e2rste cuprinse \u00eentre 7 \u015fi 21 de ani care beneficiaz\u0103 de g\u0103zduire, servicii educative \u015fi de consiliere.<\/p>\n<p>Centrul a fost \u00eenfiin\u0163at \u00een urm\u0103 cu 12 ani \u015fi a oferit p\u00e2n\u0103 acum ocrotire pentru zeci de copii, 22 dintre ace\u015ftia p\u0103r\u0103sind a\u015fez\u0103m\u00e2ntul dup\u0103 v\u00e2rsta de 18 ani, integr\u00e2ndu-se social.<\/p>\n<p>A\u015fez\u0103m\u00e2ntul Social \u201eSf\u00e2ntul Vasile cel Mare\u201d din Alba Iulia func\u0163ioneaz\u0103 \u00een cadrul re\u0163elei sociale a Asocia\u0163iei Filantropia Ortodox\u0103 Alba Iulia \u00een baza unui parteneriat \u00eentre Arhiepiscopia Ortodox\u0103 de Alba Iulia, Asocia\u0163ia Filantropia Ortodox\u0103 Alba Iulia, Consiliul Jude\u0163ean Alba \u2013 Direc\u0163ia General\u0103 de Asisten\u0163\u0103 Social\u0103 \u015fi Protec\u0163ie a Copilului, Consiliul Local Alba Iulia &#8211; Serviciul Public de Asisten\u0163\u0103 Social\u0103 \u015fi Serviciul de Ajutor Maltez din Koblentz Germania.<\/p>\n","protected":false},"excerpt":{"rendered":"<p>Copiii \u015fi tinerii ocroti\u0163i \u00een cadrul A\u015fez\u0103m\u00e2ntului social \u201eSf\u00e2ntul Vasile cel Mare\u201d din Alba Iulia au realizat \u00een preajma s\u0103rb\u0103torilor de iarn\u0103 felicit\u0103ri handmade pe care le-au oferit cu drag sponsorilor \u015fi colaboratorilor centrului. C\u00e2teva zeci de astfel de felicit\u0103ri se afl\u0103 expuse la sf\u00e2r\u015fitul acestei s\u0103pt\u0103m\u00e2ni la Alba Mall \u015fi pot fi achizi\u0163ionate de &hellip;<\/p>\n","protected":false},"author":16,"featured_media":15619,"comment_status":"open","ping_status":"open","sticky":false,"template":"","format":"standard","meta":{"inline_featured_image":false,"footnotes":""},"categories":[2034],"tags":[],"class_list":["post-15618","post","type-post","status-publish","format-standard","has-post-thumbnail","hentry","category-social"],"yoast_head":"<!-- This site is optimized with the Yoast SEO plugin v27.4 - https:\/\/yoast.com\/product\/yoast-seo-wordpress\/ -->\n<title>Felicit\u0103ri handmade realizate de copiii \u015fi tinerii de la A\u015fez\u0103m\u00e2ntul social \u201eSf\u00e2ntul Vasile cel Mare\u201d scoase la v\u00e2nzare \u00een scop caritabil - Revista Urbea Mea - Revista de Alba<\/title>\n<meta name=\"description\" content=\"Copiii \u015fi tinerii ocroti\u0163i \u00een cadrul A\u015fez\u0103m\u00e2ntului social \u201eSf\u00e2ntul Vasile cel Mare\u201d din Alba Iulia au realizat \u00een preajma s\u0103rb\u0103torilor de iarn\u0103 felicit\u0103ri\" \/>\n<meta name=\"robots\" content=\"index, follow, max-snippet:-1, max-image-preview:large, max-video-preview:-1\" \/>\n<link rel=\"canonical\" href=\"https:\/\/urbeamea.ro\/albaiulia\/felicitari-handmade-realizate-de-copiii-si-tinerii-de-la-asezamantul-social-sfantul-vasile-cel-mare-scoase-la-vanzare-in-scop-caritabil\/\" \/>\n<meta name=\"twitter:card\" content=\"summary_large_image\" \/>\n<meta name=\"twitter:title\" content=\"Felicit\u0103ri handmade realizate de copiii \u015fi tinerii de la A\u015fez\u0103m\u00e2ntul social \u201eSf\u00e2ntul Vasile cel Mare\u201d scoase la v\u00e2nzare \u00een scop caritabil - Revista Urbea Mea - Revista de Alba\" \/>\n<meta name=\"twitter:description\" content=\"Copiii \u015fi tinerii ocroti\u0163i \u00een cadrul A\u015fez\u0103m\u00e2ntului social \u201eSf\u00e2ntul Vasile cel Mare\u201d din Alba Iulia au realizat \u00een preajma s\u0103rb\u0103torilor de iarn\u0103 felicit\u0103ri\" \/>\n<meta name=\"twitter:image\" content=\"https:\/\/urbeamea.ro\/albaiulia\/wp-content\/uploads\/2015\/12\/foto2.jpeg\" \/>\n<meta name=\"twitter:creator\" content=\"@urbeameaweb\" \/>\n<meta name=\"twitter:site\" content=\"@urbeameaweb\" \/>\n<script type=\"application\/ld+json\" class=\"yoast-schema-graph\">{\"@context\":\"https:\\\/\\\/schema.org\",\"@graph\":[{\"@type\":\"Article\",\"@id\":\"https:\\\/\\\/urbeamea.ro\\\/albaiulia\\\/felicitari-handmade-realizate-de-copiii-si-tinerii-de-la-asezamantul-social-sfantul-vasile-cel-mare-scoase-la-vanzare-in-scop-caritabil\\\/#article\",\"isPartOf\":{\"@id\":\"https:\\\/\\\/urbeamea.ro\\\/albaiulia\\\/felicitari-handmade-realizate-de-copiii-si-tinerii-de-la-asezamantul-social-sfantul-vasile-cel-mare-scoase-la-vanzare-in-scop-caritabil\\\/\"},\"author\":{\"name\":\"Redac\u021bia UrbeaMea\",\"@id\":\"https:\\\/\\\/urbeamea.ro\\\/albaiulia\\\/#\\\/schema\\\/person\\\/272ae98052f8ee8980f59848df070247\"},\"headline\":\"Felicit\u0103ri handmade realizate de copiii \u015fi tinerii de la A\u015fez\u0103m\u00e2ntul social \u201eSf\u00e2ntul Vasile cel Mare\u201d scoase la v\u00e2nzare \u00een scop caritabil\",\"datePublished\":\"2015-12-19T11:47:09+00:00\",\"dateModified\":\"2016-01-18T15:41:10+00:00\",\"mainEntityOfPage\":{\"@id\":\"https:\\\/\\\/urbeamea.ro\\\/albaiulia\\\/felicitari-handmade-realizate-de-copiii-si-tinerii-de-la-asezamantul-social-sfantul-vasile-cel-mare-scoase-la-vanzare-in-scop-caritabil\\\/\"},\"wordCount\":363,\"commentCount\":0,\"image\":{\"@id\":\"https:\\\/\\\/urbeamea.ro\\\/albaiulia\\\/felicitari-handmade-realizate-de-copiii-si-tinerii-de-la-asezamantul-social-sfantul-vasile-cel-mare-scoase-la-vanzare-in-scop-caritabil\\\/#primaryimage\"},\"thumbnailUrl\":\"https:\\\/\\\/urbeamea.ro\\\/albaiulia\\\/wp-content\\\/uploads\\\/2015\\\/12\\\/foto2.jpeg\",\"articleSection\":[\"Social\"],\"inLanguage\":\"ro-RO\",\"potentialAction\":[{\"@type\":\"CommentAction\",\"name\":\"Comment\",\"target\":[\"https:\\\/\\\/urbeamea.ro\\\/albaiulia\\\/felicitari-handmade-realizate-de-copiii-si-tinerii-de-la-asezamantul-social-sfantul-vasile-cel-mare-scoase-la-vanzare-in-scop-caritabil\\\/#respond\"]}]},{\"@type\":\"WebPage\",\"@id\":\"https:\\\/\\\/urbeamea.ro\\\/albaiulia\\\/felicitari-handmade-realizate-de-copiii-si-tinerii-de-la-asezamantul-social-sfantul-vasile-cel-mare-scoase-la-vanzare-in-scop-caritabil\\\/\",\"url\":\"https:\\\/\\\/urbeamea.ro\\\/albaiulia\\\/felicitari-handmade-realizate-de-copiii-si-tinerii-de-la-asezamantul-social-sfantul-vasile-cel-mare-scoase-la-vanzare-in-scop-caritabil\\\/\",\"name\":\"Felicit\u0103ri handmade realizate de copiii \u015fi tinerii de la A\u015fez\u0103m\u00e2ntul social \u201eSf\u00e2ntul Vasile cel Mare\u201d scoase la v\u00e2nzare \u00een scop caritabil - Revista Urbea Mea - Revista de Alba\",\"isPartOf\":{\"@id\":\"https:\\\/\\\/urbeamea.ro\\\/albaiulia\\\/#website\"},\"primaryImageOfPage\":{\"@id\":\"https:\\\/\\\/urbeamea.ro\\\/albaiulia\\\/felicitari-handmade-realizate-de-copiii-si-tinerii-de-la-asezamantul-social-sfantul-vasile-cel-mare-scoase-la-vanzare-in-scop-caritabil\\\/#primaryimage\"},\"image\":{\"@id\":\"https:\\\/\\\/urbeamea.ro\\\/albaiulia\\\/felicitari-handmade-realizate-de-copiii-si-tinerii-de-la-asezamantul-social-sfantul-vasile-cel-mare-scoase-la-vanzare-in-scop-caritabil\\\/#primaryimage\"},\"thumbnailUrl\":\"https:\\\/\\\/urbeamea.ro\\\/albaiulia\\\/wp-content\\\/uploads\\\/2015\\\/12\\\/foto2.jpeg\",\"datePublished\":\"2015-12-19T11:47:09+00:00\",\"dateModified\":\"2016-01-18T15:41:10+00:00\",\"author\":{\"@id\":\"https:\\\/\\\/urbeamea.ro\\\/albaiulia\\\/#\\\/schema\\\/person\\\/272ae98052f8ee8980f59848df070247\"},\"description\":\"Copiii \u015fi tinerii ocroti\u0163i \u00een cadrul A\u015fez\u0103m\u00e2ntului social \u201eSf\u00e2ntul Vasile cel Mare\u201d din Alba Iulia au realizat \u00een preajma s\u0103rb\u0103torilor de iarn\u0103 felicit\u0103ri\",\"breadcrumb\":{\"@id\":\"https:\\\/\\\/urbeamea.ro\\\/albaiulia\\\/felicitari-handmade-realizate-de-copiii-si-tinerii-de-la-asezamantul-social-sfantul-vasile-cel-mare-scoase-la-vanzare-in-scop-caritabil\\\/#breadcrumb\"},\"inLanguage\":\"ro-RO\",\"potentialAction\":[{\"@type\":\"ReadAction\",\"target\":[\"https:\\\/\\\/urbeamea.ro\\\/albaiulia\\\/felicitari-handmade-realizate-de-copiii-si-tinerii-de-la-asezamantul-social-sfantul-vasile-cel-mare-scoase-la-vanzare-in-scop-caritabil\\\/\"]}]},{\"@type\":\"ImageObject\",\"inLanguage\":\"ro-RO\",\"@id\":\"https:\\\/\\\/urbeamea.ro\\\/albaiulia\\\/felicitari-handmade-realizate-de-copiii-si-tinerii-de-la-asezamantul-social-sfantul-vasile-cel-mare-scoase-la-vanzare-in-scop-caritabil\\\/#primaryimage\",\"url\":\"https:\\\/\\\/urbeamea.ro\\\/albaiulia\\\/wp-content\\\/uploads\\\/2015\\\/12\\\/foto2.jpeg\",\"contentUrl\":\"https:\\\/\\\/urbeamea.ro\\\/albaiulia\\\/wp-content\\\/uploads\\\/2015\\\/12\\\/foto2.jpeg\",\"width\":816,\"height\":612},{\"@type\":\"BreadcrumbList\",\"@id\":\"https:\\\/\\\/urbeamea.ro\\\/albaiulia\\\/felicitari-handmade-realizate-de-copiii-si-tinerii-de-la-asezamantul-social-sfantul-vasile-cel-mare-scoase-la-vanzare-in-scop-caritabil\\\/#breadcrumb\",\"itemListElement\":[{\"@type\":\"ListItem\",\"position\":1,\"name\":\"Prima pagin\u0103\",\"item\":\"https:\\\/\\\/urbeamea.ro\\\/albaiulia\\\/\"},{\"@type\":\"ListItem\",\"position\":2,\"name\":\"Felicit\u0103ri handmade realizate de copiii \u015fi tinerii de la A\u015fez\u0103m\u00e2ntul social \u201eSf\u00e2ntul Vasile cel Mare\u201d scoase la v\u00e2nzare \u00een scop caritabil\"}]},{\"@type\":\"WebSite\",\"@id\":\"https:\\\/\\\/urbeamea.ro\\\/albaiulia\\\/#website\",\"url\":\"https:\\\/\\\/urbeamea.ro\\\/albaiulia\\\/\",\"name\":\"Revista Urbea Mea, Stiri urbane\",\"description\":\"Evenimente \u0219i \u0219tiri din Alba Iulia, Sebe\u0219, Aiud, Blaj\",\"potentialAction\":[{\"@type\":\"SearchAction\",\"target\":{\"@type\":\"EntryPoint\",\"urlTemplate\":\"https:\\\/\\\/urbeamea.ro\\\/albaiulia\\\/?s={search_term_string}\"},\"query-input\":{\"@type\":\"PropertyValueSpecification\",\"valueRequired\":true,\"valueName\":\"search_term_string\"}}],\"inLanguage\":\"ro-RO\"},{\"@type\":\"Person\",\"@id\":\"https:\\\/\\\/urbeamea.ro\\\/albaiulia\\\/#\\\/schema\\\/person\\\/272ae98052f8ee8980f59848df070247\",\"name\":\"Redac\u021bia UrbeaMea\",\"image\":{\"@type\":\"ImageObject\",\"inLanguage\":\"ro-RO\",\"@id\":\"https:\\\/\\\/secure.gravatar.com\\\/avatar\\\/9ce5a9435071fa1037e8468053ead8e513dbbff59009d3069aadb85506d85a27?s=96&d=mm&r=g\",\"url\":\"https:\\\/\\\/secure.gravatar.com\\\/avatar\\\/9ce5a9435071fa1037e8468053ead8e513dbbff59009d3069aadb85506d85a27?s=96&d=mm&r=g\",\"contentUrl\":\"https:\\\/\\\/secure.gravatar.com\\\/avatar\\\/9ce5a9435071fa1037e8468053ead8e513dbbff59009d3069aadb85506d85a27?s=96&d=mm&r=g\",\"caption\":\"Redac\u021bia UrbeaMea\"},\"description\":\"contact@urbeamea.ro\",\"sameAs\":[\"https:\\\/\\\/www.urbeamea.ro\"],\"url\":\"https:\\\/\\\/urbeamea.ro\\\/albaiulia\\\/author\\\/redactia-urbeamea\\\/\"}]}<\/script>\n<!-- \/ Yoast SEO plugin. -->","yoast_head_json":{"title":"Felicit\u0103ri handmade realizate de copiii \u015fi tinerii de la A\u015fez\u0103m\u00e2ntul social \u201eSf\u00e2ntul Vasile cel Mare\u201d scoase la v\u00e2nzare \u00een scop caritabil - Revista Urbea Mea - Revista de Alba","description":"Copiii \u015fi tinerii ocroti\u0163i \u00een cadrul A\u015fez\u0103m\u00e2ntului social \u201eSf\u00e2ntul Vasile cel Mare\u201d din Alba Iulia au realizat \u00een preajma s\u0103rb\u0103torilor de iarn\u0103 felicit\u0103ri","robots":{"index":"index","follow":"follow","max-snippet":"max-snippet:-1","max-image-preview":"max-image-preview:large","max-video-preview":"max-video-preview:-1"},"canonical":"https:\/\/urbeamea.ro\/albaiulia\/felicitari-handmade-realizate-de-copiii-si-tinerii-de-la-asezamantul-social-sfantul-vasile-cel-mare-scoase-la-vanzare-in-scop-caritabil\/","twitter_card":"summary_large_image","twitter_title":"Felicit\u0103ri handmade realizate de copiii \u015fi tinerii de la A\u015fez\u0103m\u00e2ntul social \u201eSf\u00e2ntul Vasile cel Mare\u201d scoase la v\u00e2nzare \u00een scop caritabil - Revista Urbea Mea - Revista de Alba","twitter_description":"Copiii \u015fi tinerii ocroti\u0163i \u00een cadrul A\u015fez\u0103m\u00e2ntului social \u201eSf\u00e2ntul Vasile cel Mare\u201d din Alba Iulia au realizat \u00een preajma s\u0103rb\u0103torilor de iarn\u0103 felicit\u0103ri","twitter_image":"https:\/\/urbeamea.ro\/albaiulia\/wp-content\/uploads\/2015\/12\/foto2.jpeg","twitter_creator":"@urbeameaweb","twitter_site":"@urbeameaweb","schema":{"@context":"https:\/\/schema.org","@graph":[{"@type":"Article","@id":"https:\/\/urbeamea.ro\/albaiulia\/felicitari-handmade-realizate-de-copiii-si-tinerii-de-la-asezamantul-social-sfantul-vasile-cel-mare-scoase-la-vanzare-in-scop-caritabil\/#article","isPartOf":{"@id":"https:\/\/urbeamea.ro\/albaiulia\/felicitari-handmade-realizate-de-copiii-si-tinerii-de-la-asezamantul-social-sfantul-vasile-cel-mare-scoase-la-vanzare-in-scop-caritabil\/"},"author":{"name":"Redac\u021bia UrbeaMea","@id":"https:\/\/urbeamea.ro\/albaiulia\/#\/schema\/person\/272ae98052f8ee8980f59848df070247"},"headline":"Felicit\u0103ri handmade realizate de copiii \u015fi tinerii de la A\u015fez\u0103m\u00e2ntul social \u201eSf\u00e2ntul Vasile cel Mare\u201d scoase la v\u00e2nzare \u00een scop caritabil","datePublished":"2015-12-19T11:47:09+00:00","dateModified":"2016-01-18T15:41:10+00:00","mainEntityOfPage":{"@id":"https:\/\/urbeamea.ro\/albaiulia\/felicitari-handmade-realizate-de-copiii-si-tinerii-de-la-asezamantul-social-sfantul-vasile-cel-mare-scoase-la-vanzare-in-scop-caritabil\/"},"wordCount":363,"commentCount":0,"image":{"@id":"https:\/\/urbeamea.ro\/albaiulia\/felicitari-handmade-realizate-de-copiii-si-tinerii-de-la-asezamantul-social-sfantul-vasile-cel-mare-scoase-la-vanzare-in-scop-caritabil\/#primaryimage"},"thumbnailUrl":"https:\/\/urbeamea.ro\/albaiulia\/wp-content\/uploads\/2015\/12\/foto2.jpeg","articleSection":["Social"],"inLanguage":"ro-RO","potentialAction":[{"@type":"CommentAction","name":"Comment","target":["https:\/\/urbeamea.ro\/albaiulia\/felicitari-handmade-realizate-de-copiii-si-tinerii-de-la-asezamantul-social-sfantul-vasile-cel-mare-scoase-la-vanzare-in-scop-caritabil\/#respond"]}]},{"@type":"WebPage","@id":"https:\/\/urbeamea.ro\/albaiulia\/felicitari-handmade-realizate-de-copiii-si-tinerii-de-la-asezamantul-social-sfantul-vasile-cel-mare-scoase-la-vanzare-in-scop-caritabil\/","url":"https:\/\/urbeamea.ro\/albaiulia\/felicitari-handmade-realizate-de-copiii-si-tinerii-de-la-asezamantul-social-sfantul-vasile-cel-mare-scoase-la-vanzare-in-scop-caritabil\/","name":"Felicit\u0103ri handmade realizate de copiii \u015fi tinerii de la A\u015fez\u0103m\u00e2ntul social \u201eSf\u00e2ntul Vasile cel Mare\u201d scoase la v\u00e2nzare \u00een scop caritabil - Revista Urbea Mea - Revista de Alba","isPartOf":{"@id":"https:\/\/urbeamea.ro\/albaiulia\/#website"},"primaryImageOfPage":{"@id":"https:\/\/urbeamea.ro\/albaiulia\/felicitari-handmade-realizate-de-copiii-si-tinerii-de-la-asezamantul-social-sfantul-vasile-cel-mare-scoase-la-vanzare-in-scop-caritabil\/#primaryimage"},"image":{"@id":"https:\/\/urbeamea.ro\/albaiulia\/felicitari-handmade-realizate-de-copiii-si-tinerii-de-la-asezamantul-social-sfantul-vasile-cel-mare-scoase-la-vanzare-in-scop-caritabil\/#primaryimage"},"thumbnailUrl":"https:\/\/urbeamea.ro\/albaiulia\/wp-content\/uploads\/2015\/12\/foto2.jpeg","datePublished":"2015-12-19T11:47:09+00:00","dateModified":"2016-01-18T15:41:10+00:00","author":{"@id":"https:\/\/urbeamea.ro\/albaiulia\/#\/schema\/person\/272ae98052f8ee8980f59848df070247"},"description":"Copiii \u015fi tinerii ocroti\u0163i \u00een cadrul A\u015fez\u0103m\u00e2ntului social \u201eSf\u00e2ntul Vasile cel Mare\u201d din Alba Iulia au realizat \u00een preajma s\u0103rb\u0103torilor de iarn\u0103 felicit\u0103ri","breadcrumb":{"@id":"https:\/\/urbeamea.ro\/albaiulia\/felicitari-handmade-realizate-de-copiii-si-tinerii-de-la-asezamantul-social-sfantul-vasile-cel-mare-scoase-la-vanzare-in-scop-caritabil\/#breadcrumb"},"inLanguage":"ro-RO","potentialAction":[{"@type":"ReadAction","target":["https:\/\/urbeamea.ro\/albaiulia\/felicitari-handmade-realizate-de-copiii-si-tinerii-de-la-asezamantul-social-sfantul-vasile-cel-mare-scoase-la-vanzare-in-scop-caritabil\/"]}]},{"@type":"ImageObject","inLanguage":"ro-RO","@id":"https:\/\/urbeamea.ro\/albaiulia\/felicitari-handmade-realizate-de-copiii-si-tinerii-de-la-asezamantul-social-sfantul-vasile-cel-mare-scoase-la-vanzare-in-scop-caritabil\/#primaryimage","url":"https:\/\/urbeamea.ro\/albaiulia\/wp-content\/uploads\/2015\/12\/foto2.jpeg","contentUrl":"https:\/\/urbeamea.ro\/albaiulia\/wp-content\/uploads\/2015\/12\/foto2.jpeg","width":816,"height":612},{"@type":"BreadcrumbList","@id":"https:\/\/urbeamea.ro\/albaiulia\/felicitari-handmade-realizate-de-copiii-si-tinerii-de-la-asezamantul-social-sfantul-vasile-cel-mare-scoase-la-vanzare-in-scop-caritabil\/#breadcrumb","itemListElement":[{"@type":"ListItem","position":1,"name":"Prima pagin\u0103","item":"https:\/\/urbeamea.ro\/albaiulia\/"},{"@type":"ListItem","position":2,"name":"Felicit\u0103ri handmade realizate de copiii \u015fi tinerii de la A\u015fez\u0103m\u00e2ntul social \u201eSf\u00e2ntul Vasile cel Mare\u201d scoase la v\u00e2nzare \u00een scop caritabil"}]},{"@type":"WebSite","@id":"https:\/\/urbeamea.ro\/albaiulia\/#website","url":"https:\/\/urbeamea.ro\/albaiulia\/","name":"Revista Urbea Mea, Stiri urbane","description":"Evenimente \u0219i \u0219tiri din Alba Iulia, Sebe\u0219, Aiud, Blaj","potentialAction":[{"@type":"SearchAction","target":{"@type":"EntryPoint","urlTemplate":"https:\/\/urbeamea.ro\/albaiulia\/?s={search_term_string}"},"query-input":{"@type":"PropertyValueSpecification","valueRequired":true,"valueName":"search_term_string"}}],"inLanguage":"ro-RO"},{"@type":"Person","@id":"https:\/\/urbeamea.ro\/albaiulia\/#\/schema\/person\/272ae98052f8ee8980f59848df070247","name":"Redac\u021bia UrbeaMea","image":{"@type":"ImageObject","inLanguage":"ro-RO","@id":"https:\/\/secure.gravatar.com\/avatar\/9ce5a9435071fa1037e8468053ead8e513dbbff59009d3069aadb85506d85a27?s=96&d=mm&r=g","url":"https:\/\/secure.gravatar.com\/avatar\/9ce5a9435071fa1037e8468053ead8e513dbbff59009d3069aadb85506d85a27?s=96&d=mm&r=g","contentUrl":"https:\/\/secure.gravatar.com\/avatar\/9ce5a9435071fa1037e8468053ead8e513dbbff59009d3069aadb85506d85a27?s=96&d=mm&r=g","caption":"Redac\u021bia UrbeaMea"},"description":"contact@urbeamea.ro","sameAs":["https:\/\/www.urbeamea.ro"],"url":"https:\/\/urbeamea.ro\/albaiulia\/author\/redactia-urbeamea\/"}]}},"_links":{"self":[{"href":"https:\/\/urbeamea.ro\/albaiulia\/wp-json\/wp\/v2\/posts\/15618","targetHints":{"allow":["GET"]}}],"collection":[{"href":"https:\/\/urbeamea.ro\/albaiulia\/wp-json\/wp\/v2\/posts"}],"about":[{"href":"https:\/\/urbeamea.ro\/albaiulia\/wp-json\/wp\/v2\/types\/post"}],"author":[{"embeddable":true,"href":"https:\/\/urbeamea.ro\/albaiulia\/wp-json\/wp\/v2\/users\/16"}],"replies":[{"embeddable":true,"href":"https:\/\/urbeamea.ro\/albaiulia\/wp-json\/wp\/v2\/comments?post=15618"}],"version-history":[{"count":0,"href":"https:\/\/urbeamea.ro\/albaiulia\/wp-json\/wp\/v2\/posts\/15618\/revisions"}],"wp:featuredmedia":[{"embeddable":true,"href":"https:\/\/urbeamea.ro\/albaiulia\/wp-json\/wp\/v2\/media\/15619"}],"wp:attachment":[{"href":"https:\/\/urbeamea.ro\/albaiulia\/wp-json\/wp\/v2\/media?parent=15618"}],"wp:term":[{"taxonomy":"category","embeddable":true,"href":"https:\/\/urbeamea.ro\/albaiulia\/wp-json\/wp\/v2\/categories?post=15618"},{"taxonomy":"post_tag","embeddable":true,"href":"https:\/\/urbeamea.ro\/albaiulia\/wp-json\/wp\/v2\/tags?post=15618"}],"curies":[{"name":"wp","href":"https:\/\/api.w.org\/{rel}","templated":true}]}}