{"id":15621,"date":"2015-12-19T13:50:41","date_gmt":"2015-12-19T11:50:41","guid":{"rendered":"http:\/\/urbeamea.ro\/albaiulia\/?p=15621"},"modified":"2016-01-18T17:40:51","modified_gmt":"2016-01-18T15:40:51","slug":"ipj-alba-sarbatori-de-iarna-in-siguranta","status":"publish","type":"post","link":"https:\/\/urbeamea.ro\/albaiulia\/ipj-alba-sarbatori-de-iarna-in-siguranta\/","title":{"rendered":"IPJ Alba: S\u0103rb\u0103tori de iarn\u0103 \u00een siguran\u0163\u0103"},"content":{"rendered":"<p><img loading=\"lazy\" decoding=\"async\" class=\"alignleft size-medium wp-image-15622\" src=\"http:\/\/urbeamea.ro\/albaiulia\/wp-content\/uploads\/2015\/12\/DSCN5592-300x225.jpg\" alt=\"DSCN5592\" width=\"300\" height=\"225\" \/>Poli\u0163i\u015ftii rutieri din Alba ac\u0163ioneaz\u0103 cu efective m\u0103rite, pentru prevenirea accidentelor rutiere datorate vitezei excesive. Sunt vizate principalele artere rutiere ale jude\u0163ului \u015fi, \u00een special, drumurile na\u0163ionale.<\/p>\n<p>Poli\u0163ia recomand\u0103 respectarea limitei legale de vitez\u0103 \u015fi adoptarea unui comportament rutier preventiv.<em style=\"line-height: 1.5;\">\u00a0<\/em><\/p>\n<p>Av\u00e2nd \u00een vedere cre\u015fterea valorilor de trafic din perioada premerg\u0103toare s\u0103rb\u0103torilor de iarn\u0103, \u00een perioada 18- 20 decembrie 2015, poli\u0163i\u015ftii rutieri din Alba, ac\u0163ioneaz\u0103, cu efective suplimentare, pe principalele artere rutiere ale jude\u0163ului, pentru prevenirea accidentelor rutiere \u015fi depistarea conduc\u0103torilor auto care \u00eencalc\u0103 regimul legal de vitez\u0103.<\/p>\n<p>11 aparate radar din dotarea Inspectoratului de Poli\u0163ie Jude\u0163ean Alba sunt folosite la capacitate maxim\u0103, \u00een locurile \u00een care exist\u0103 risc de producere a accidentelor rutiere datorate vitezei excesive \u015fi \u00een special pe DN 1, DN 74, DN 75 \u015fi DN 67 C, drumuri pe care se a\u015fteapt\u0103 cre\u015fterea semnificativ\u0103 a valorilor de trafic.<\/p>\n<p>\u00cen ultimele 24 de ore, poli\u0163i\u015ftii rutieri din jude\u0163ul Alba au depistat \u015fi sanc\u0163ionat contraven\u0163ional, 97 de conduc\u0103tori auto ce nu au respectat normele legale privind viteza de circula\u0163ie pe drumurile publice. Unul dintre ace\u0219tia a fost depistat conduc\u00e2nd cu o vitez\u0103 mai mare cu 50 de kilometri la or\u0103 dec\u00e2t limita maxim\u0103 admis\u0103, motiv pentru care, complementar sanc\u0163iunii aplicate i-a fost re\u0163inut permisul de conducere, pentru o perioad\u0103 de 90 de zile.<\/p>\n<p>Inspectoratul de Poli\u0163ie Jude\u0163ean Alba recomand\u0103 conduc\u0103torilor auto s\u0103 conduc\u0103 preventiv \u015fi reaminte\u015fte c\u0103 dep\u0103\u015firea limitelor legale de vitez\u0103 \u015fi viteza neadaptat\u0103 la condi\u0163iile de trafic reprezint\u0103 unele din principalele cauze ale accidentelor rutiere grave, produse pe drumurile publice din \u0163ara noastr\u0103.<\/p>\n","protected":false},"excerpt":{"rendered":"<p>Poli\u0163i\u015ftii rutieri din Alba ac\u0163ioneaz\u0103 cu efective m\u0103rite, pentru prevenirea accidentelor rutiere datorate vitezei excesive. Sunt vizate principalele artere rutiere ale jude\u0163ului \u015fi, \u00een special, drumurile na\u0163ionale. Poli\u0163ia recomand\u0103 respectarea limitei legale de vitez\u0103 \u015fi adoptarea unui comportament rutier preventiv.\u00a0 Av\u00e2nd \u00een vedere cre\u015fterea valorilor de trafic din perioada premerg\u0103toare s\u0103rb\u0103torilor de iarn\u0103, \u00een perioada &hellip;<\/p>\n","protected":false},"author":16,"featured_media":15622,"comment_status":"open","ping_status":"open","sticky":false,"template":"","format":"standard","meta":{"inline_featured_image":false,"footnotes":""},"categories":[2034],"tags":[],"class_list":["post-15621","post","type-post","status-publish","format-standard","has-post-thumbnail","hentry","category-social"],"yoast_head":"<!-- This site is optimized with the Yoast SEO plugin v27.4 - https:\/\/yoast.com\/product\/yoast-seo-wordpress\/ -->\n<title>IPJ Alba: S\u0103rb\u0103tori de iarn\u0103 \u00een siguran\u0163\u0103 - Revista Urbea Mea - Revista de Alba<\/title>\n<meta name=\"description\" content=\"Poli\u0163i\u015ftii rutieri din Alba ac\u0163ioneaz\u0103 cu efective m\u0103rite, pentru prevenirea accidentelor rutiere datorate vitezei excesive. Sunt vizate principalele\" \/>\n<meta name=\"robots\" content=\"index, follow, max-snippet:-1, max-image-preview:large, max-video-preview:-1\" \/>\n<link rel=\"canonical\" href=\"https:\/\/urbeamea.ro\/albaiulia\/ipj-alba-sarbatori-de-iarna-in-siguranta\/\" \/>\n<meta name=\"twitter:card\" content=\"summary_large_image\" \/>\n<meta name=\"twitter:title\" content=\"IPJ Alba: S\u0103rb\u0103tori de iarn\u0103 \u00een siguran\u0163\u0103 - Revista Urbea Mea - Revista de Alba\" \/>\n<meta name=\"twitter:description\" content=\"Poli\u0163i\u015ftii rutieri din Alba ac\u0163ioneaz\u0103 cu efective m\u0103rite, pentru prevenirea accidentelor rutiere datorate vitezei excesive. Sunt vizate principalele\" \/>\n<meta name=\"twitter:image\" content=\"https:\/\/urbeamea.ro\/albaiulia\/wp-content\/uploads\/2015\/12\/DSCN5592.jpg\" \/>\n<meta name=\"twitter:creator\" content=\"@urbeameaweb\" \/>\n<meta name=\"twitter:site\" content=\"@urbeameaweb\" \/>\n<script type=\"application\/ld+json\" class=\"yoast-schema-graph\">{\"@context\":\"https:\\\/\\\/schema.org\",\"@graph\":[{\"@type\":\"Article\",\"@id\":\"https:\\\/\\\/urbeamea.ro\\\/albaiulia\\\/ipj-alba-sarbatori-de-iarna-in-siguranta\\\/#article\",\"isPartOf\":{\"@id\":\"https:\\\/\\\/urbeamea.ro\\\/albaiulia\\\/ipj-alba-sarbatori-de-iarna-in-siguranta\\\/\"},\"author\":{\"name\":\"Redac\u021bia UrbeaMea\",\"@id\":\"https:\\\/\\\/urbeamea.ro\\\/albaiulia\\\/#\\\/schema\\\/person\\\/272ae98052f8ee8980f59848df070247\"},\"headline\":\"IPJ Alba: S\u0103rb\u0103tori de iarn\u0103 \u00een siguran\u0163\u0103\",\"datePublished\":\"2015-12-19T11:50:41+00:00\",\"dateModified\":\"2016-01-18T15:40:51+00:00\",\"mainEntityOfPage\":{\"@id\":\"https:\\\/\\\/urbeamea.ro\\\/albaiulia\\\/ipj-alba-sarbatori-de-iarna-in-siguranta\\\/\"},\"wordCount\":293,\"commentCount\":0,\"image\":{\"@id\":\"https:\\\/\\\/urbeamea.ro\\\/albaiulia\\\/ipj-alba-sarbatori-de-iarna-in-siguranta\\\/#primaryimage\"},\"thumbnailUrl\":\"https:\\\/\\\/urbeamea.ro\\\/albaiulia\\\/wp-content\\\/uploads\\\/2015\\\/12\\\/DSCN5592.jpg\",\"articleSection\":[\"Social\"],\"inLanguage\":\"ro-RO\",\"potentialAction\":[{\"@type\":\"CommentAction\",\"name\":\"Comment\",\"target\":[\"https:\\\/\\\/urbeamea.ro\\\/albaiulia\\\/ipj-alba-sarbatori-de-iarna-in-siguranta\\\/#respond\"]}]},{\"@type\":\"WebPage\",\"@id\":\"https:\\\/\\\/urbeamea.ro\\\/albaiulia\\\/ipj-alba-sarbatori-de-iarna-in-siguranta\\\/\",\"url\":\"https:\\\/\\\/urbeamea.ro\\\/albaiulia\\\/ipj-alba-sarbatori-de-iarna-in-siguranta\\\/\",\"name\":\"IPJ Alba: S\u0103rb\u0103tori de iarn\u0103 \u00een siguran\u0163\u0103 - Revista Urbea Mea - Revista de Alba\",\"isPartOf\":{\"@id\":\"https:\\\/\\\/urbeamea.ro\\\/albaiulia\\\/#website\"},\"primaryImageOfPage\":{\"@id\":\"https:\\\/\\\/urbeamea.ro\\\/albaiulia\\\/ipj-alba-sarbatori-de-iarna-in-siguranta\\\/#primaryimage\"},\"image\":{\"@id\":\"https:\\\/\\\/urbeamea.ro\\\/albaiulia\\\/ipj-alba-sarbatori-de-iarna-in-siguranta\\\/#primaryimage\"},\"thumbnailUrl\":\"https:\\\/\\\/urbeamea.ro\\\/albaiulia\\\/wp-content\\\/uploads\\\/2015\\\/12\\\/DSCN5592.jpg\",\"datePublished\":\"2015-12-19T11:50:41+00:00\",\"dateModified\":\"2016-01-18T15:40:51+00:00\",\"author\":{\"@id\":\"https:\\\/\\\/urbeamea.ro\\\/albaiulia\\\/#\\\/schema\\\/person\\\/272ae98052f8ee8980f59848df070247\"},\"description\":\"Poli\u0163i\u015ftii rutieri din Alba ac\u0163ioneaz\u0103 cu efective m\u0103rite, pentru prevenirea accidentelor rutiere datorate vitezei excesive. Sunt vizate principalele\",\"breadcrumb\":{\"@id\":\"https:\\\/\\\/urbeamea.ro\\\/albaiulia\\\/ipj-alba-sarbatori-de-iarna-in-siguranta\\\/#breadcrumb\"},\"inLanguage\":\"ro-RO\",\"potentialAction\":[{\"@type\":\"ReadAction\",\"target\":[\"https:\\\/\\\/urbeamea.ro\\\/albaiulia\\\/ipj-alba-sarbatori-de-iarna-in-siguranta\\\/\"]}]},{\"@type\":\"ImageObject\",\"inLanguage\":\"ro-RO\",\"@id\":\"https:\\\/\\\/urbeamea.ro\\\/albaiulia\\\/ipj-alba-sarbatori-de-iarna-in-siguranta\\\/#primaryimage\",\"url\":\"https:\\\/\\\/urbeamea.ro\\\/albaiulia\\\/wp-content\\\/uploads\\\/2015\\\/12\\\/DSCN5592.jpg\",\"contentUrl\":\"https:\\\/\\\/urbeamea.ro\\\/albaiulia\\\/wp-content\\\/uploads\\\/2015\\\/12\\\/DSCN5592.jpg\",\"width\":1024,\"height\":768},{\"@type\":\"BreadcrumbList\",\"@id\":\"https:\\\/\\\/urbeamea.ro\\\/albaiulia\\\/ipj-alba-sarbatori-de-iarna-in-siguranta\\\/#breadcrumb\",\"itemListElement\":[{\"@type\":\"ListItem\",\"position\":1,\"name\":\"Prima pagin\u0103\",\"item\":\"https:\\\/\\\/urbeamea.ro\\\/albaiulia\\\/\"},{\"@type\":\"ListItem\",\"position\":2,\"name\":\"IPJ Alba: S\u0103rb\u0103tori de iarn\u0103 \u00een siguran\u0163\u0103\"}]},{\"@type\":\"WebSite\",\"@id\":\"https:\\\/\\\/urbeamea.ro\\\/albaiulia\\\/#website\",\"url\":\"https:\\\/\\\/urbeamea.ro\\\/albaiulia\\\/\",\"name\":\"Revista Urbea Mea, Stiri urbane\",\"description\":\"Evenimente \u0219i \u0219tiri din Alba Iulia, Sebe\u0219, Aiud, Blaj\",\"potentialAction\":[{\"@type\":\"SearchAction\",\"target\":{\"@type\":\"EntryPoint\",\"urlTemplate\":\"https:\\\/\\\/urbeamea.ro\\\/albaiulia\\\/?s={search_term_string}\"},\"query-input\":{\"@type\":\"PropertyValueSpecification\",\"valueRequired\":true,\"valueName\":\"search_term_string\"}}],\"inLanguage\":\"ro-RO\"},{\"@type\":\"Person\",\"@id\":\"https:\\\/\\\/urbeamea.ro\\\/albaiulia\\\/#\\\/schema\\\/person\\\/272ae98052f8ee8980f59848df070247\",\"name\":\"Redac\u021bia UrbeaMea\",\"image\":{\"@type\":\"ImageObject\",\"inLanguage\":\"ro-RO\",\"@id\":\"https:\\\/\\\/secure.gravatar.com\\\/avatar\\\/9ce5a9435071fa1037e8468053ead8e513dbbff59009d3069aadb85506d85a27?s=96&d=mm&r=g\",\"url\":\"https:\\\/\\\/secure.gravatar.com\\\/avatar\\\/9ce5a9435071fa1037e8468053ead8e513dbbff59009d3069aadb85506d85a27?s=96&d=mm&r=g\",\"contentUrl\":\"https:\\\/\\\/secure.gravatar.com\\\/avatar\\\/9ce5a9435071fa1037e8468053ead8e513dbbff59009d3069aadb85506d85a27?s=96&d=mm&r=g\",\"caption\":\"Redac\u021bia UrbeaMea\"},\"description\":\"contact@urbeamea.ro\",\"sameAs\":[\"https:\\\/\\\/www.urbeamea.ro\"],\"url\":\"https:\\\/\\\/urbeamea.ro\\\/albaiulia\\\/author\\\/redactia-urbeamea\\\/\"}]}<\/script>\n<!-- \/ Yoast SEO plugin. -->","yoast_head_json":{"title":"IPJ Alba: S\u0103rb\u0103tori de iarn\u0103 \u00een siguran\u0163\u0103 - Revista Urbea Mea - Revista de Alba","description":"Poli\u0163i\u015ftii rutieri din Alba ac\u0163ioneaz\u0103 cu efective m\u0103rite, pentru prevenirea accidentelor rutiere datorate vitezei excesive. Sunt vizate principalele","robots":{"index":"index","follow":"follow","max-snippet":"max-snippet:-1","max-image-preview":"max-image-preview:large","max-video-preview":"max-video-preview:-1"},"canonical":"https:\/\/urbeamea.ro\/albaiulia\/ipj-alba-sarbatori-de-iarna-in-siguranta\/","twitter_card":"summary_large_image","twitter_title":"IPJ Alba: S\u0103rb\u0103tori de iarn\u0103 \u00een siguran\u0163\u0103 - Revista Urbea Mea - Revista de Alba","twitter_description":"Poli\u0163i\u015ftii rutieri din Alba ac\u0163ioneaz\u0103 cu efective m\u0103rite, pentru prevenirea accidentelor rutiere datorate vitezei excesive. Sunt vizate principalele","twitter_image":"https:\/\/urbeamea.ro\/albaiulia\/wp-content\/uploads\/2015\/12\/DSCN5592.jpg","twitter_creator":"@urbeameaweb","twitter_site":"@urbeameaweb","schema":{"@context":"https:\/\/schema.org","@graph":[{"@type":"Article","@id":"https:\/\/urbeamea.ro\/albaiulia\/ipj-alba-sarbatori-de-iarna-in-siguranta\/#article","isPartOf":{"@id":"https:\/\/urbeamea.ro\/albaiulia\/ipj-alba-sarbatori-de-iarna-in-siguranta\/"},"author":{"name":"Redac\u021bia UrbeaMea","@id":"https:\/\/urbeamea.ro\/albaiulia\/#\/schema\/person\/272ae98052f8ee8980f59848df070247"},"headline":"IPJ Alba: S\u0103rb\u0103tori de iarn\u0103 \u00een siguran\u0163\u0103","datePublished":"2015-12-19T11:50:41+00:00","dateModified":"2016-01-18T15:40:51+00:00","mainEntityOfPage":{"@id":"https:\/\/urbeamea.ro\/albaiulia\/ipj-alba-sarbatori-de-iarna-in-siguranta\/"},"wordCount":293,"commentCount":0,"image":{"@id":"https:\/\/urbeamea.ro\/albaiulia\/ipj-alba-sarbatori-de-iarna-in-siguranta\/#primaryimage"},"thumbnailUrl":"https:\/\/urbeamea.ro\/albaiulia\/wp-content\/uploads\/2015\/12\/DSCN5592.jpg","articleSection":["Social"],"inLanguage":"ro-RO","potentialAction":[{"@type":"CommentAction","name":"Comment","target":["https:\/\/urbeamea.ro\/albaiulia\/ipj-alba-sarbatori-de-iarna-in-siguranta\/#respond"]}]},{"@type":"WebPage","@id":"https:\/\/urbeamea.ro\/albaiulia\/ipj-alba-sarbatori-de-iarna-in-siguranta\/","url":"https:\/\/urbeamea.ro\/albaiulia\/ipj-alba-sarbatori-de-iarna-in-siguranta\/","name":"IPJ Alba: S\u0103rb\u0103tori de iarn\u0103 \u00een siguran\u0163\u0103 - Revista Urbea Mea - Revista de Alba","isPartOf":{"@id":"https:\/\/urbeamea.ro\/albaiulia\/#website"},"primaryImageOfPage":{"@id":"https:\/\/urbeamea.ro\/albaiulia\/ipj-alba-sarbatori-de-iarna-in-siguranta\/#primaryimage"},"image":{"@id":"https:\/\/urbeamea.ro\/albaiulia\/ipj-alba-sarbatori-de-iarna-in-siguranta\/#primaryimage"},"thumbnailUrl":"https:\/\/urbeamea.ro\/albaiulia\/wp-content\/uploads\/2015\/12\/DSCN5592.jpg","datePublished":"2015-12-19T11:50:41+00:00","dateModified":"2016-01-18T15:40:51+00:00","author":{"@id":"https:\/\/urbeamea.ro\/albaiulia\/#\/schema\/person\/272ae98052f8ee8980f59848df070247"},"description":"Poli\u0163i\u015ftii rutieri din Alba ac\u0163ioneaz\u0103 cu efective m\u0103rite, pentru prevenirea accidentelor rutiere datorate vitezei excesive. Sunt vizate principalele","breadcrumb":{"@id":"https:\/\/urbeamea.ro\/albaiulia\/ipj-alba-sarbatori-de-iarna-in-siguranta\/#breadcrumb"},"inLanguage":"ro-RO","potentialAction":[{"@type":"ReadAction","target":["https:\/\/urbeamea.ro\/albaiulia\/ipj-alba-sarbatori-de-iarna-in-siguranta\/"]}]},{"@type":"ImageObject","inLanguage":"ro-RO","@id":"https:\/\/urbeamea.ro\/albaiulia\/ipj-alba-sarbatori-de-iarna-in-siguranta\/#primaryimage","url":"https:\/\/urbeamea.ro\/albaiulia\/wp-content\/uploads\/2015\/12\/DSCN5592.jpg","contentUrl":"https:\/\/urbeamea.ro\/albaiulia\/wp-content\/uploads\/2015\/12\/DSCN5592.jpg","width":1024,"height":768},{"@type":"BreadcrumbList","@id":"https:\/\/urbeamea.ro\/albaiulia\/ipj-alba-sarbatori-de-iarna-in-siguranta\/#breadcrumb","itemListElement":[{"@type":"ListItem","position":1,"name":"Prima pagin\u0103","item":"https:\/\/urbeamea.ro\/albaiulia\/"},{"@type":"ListItem","position":2,"name":"IPJ Alba: S\u0103rb\u0103tori de iarn\u0103 \u00een siguran\u0163\u0103"}]},{"@type":"WebSite","@id":"https:\/\/urbeamea.ro\/albaiulia\/#website","url":"https:\/\/urbeamea.ro\/albaiulia\/","name":"Revista Urbea Mea, Stiri urbane","description":"Evenimente \u0219i \u0219tiri din Alba Iulia, Sebe\u0219, Aiud, Blaj","potentialAction":[{"@type":"SearchAction","target":{"@type":"EntryPoint","urlTemplate":"https:\/\/urbeamea.ro\/albaiulia\/?s={search_term_string}"},"query-input":{"@type":"PropertyValueSpecification","valueRequired":true,"valueName":"search_term_string"}}],"inLanguage":"ro-RO"},{"@type":"Person","@id":"https:\/\/urbeamea.ro\/albaiulia\/#\/schema\/person\/272ae98052f8ee8980f59848df070247","name":"Redac\u021bia UrbeaMea","image":{"@type":"ImageObject","inLanguage":"ro-RO","@id":"https:\/\/secure.gravatar.com\/avatar\/9ce5a9435071fa1037e8468053ead8e513dbbff59009d3069aadb85506d85a27?s=96&d=mm&r=g","url":"https:\/\/secure.gravatar.com\/avatar\/9ce5a9435071fa1037e8468053ead8e513dbbff59009d3069aadb85506d85a27?s=96&d=mm&r=g","contentUrl":"https:\/\/secure.gravatar.com\/avatar\/9ce5a9435071fa1037e8468053ead8e513dbbff59009d3069aadb85506d85a27?s=96&d=mm&r=g","caption":"Redac\u021bia UrbeaMea"},"description":"contact@urbeamea.ro","sameAs":["https:\/\/www.urbeamea.ro"],"url":"https:\/\/urbeamea.ro\/albaiulia\/author\/redactia-urbeamea\/"}]}},"_links":{"self":[{"href":"https:\/\/urbeamea.ro\/albaiulia\/wp-json\/wp\/v2\/posts\/15621","targetHints":{"allow":["GET"]}}],"collection":[{"href":"https:\/\/urbeamea.ro\/albaiulia\/wp-json\/wp\/v2\/posts"}],"about":[{"href":"https:\/\/urbeamea.ro\/albaiulia\/wp-json\/wp\/v2\/types\/post"}],"author":[{"embeddable":true,"href":"https:\/\/urbeamea.ro\/albaiulia\/wp-json\/wp\/v2\/users\/16"}],"replies":[{"embeddable":true,"href":"https:\/\/urbeamea.ro\/albaiulia\/wp-json\/wp\/v2\/comments?post=15621"}],"version-history":[{"count":0,"href":"https:\/\/urbeamea.ro\/albaiulia\/wp-json\/wp\/v2\/posts\/15621\/revisions"}],"wp:featuredmedia":[{"embeddable":true,"href":"https:\/\/urbeamea.ro\/albaiulia\/wp-json\/wp\/v2\/media\/15622"}],"wp:attachment":[{"href":"https:\/\/urbeamea.ro\/albaiulia\/wp-json\/wp\/v2\/media?parent=15621"}],"wp:term":[{"taxonomy":"category","embeddable":true,"href":"https:\/\/urbeamea.ro\/albaiulia\/wp-json\/wp\/v2\/categories?post=15621"},{"taxonomy":"post_tag","embeddable":true,"href":"https:\/\/urbeamea.ro\/albaiulia\/wp-json\/wp\/v2\/tags?post=15621"}],"curies":[{"name":"wp","href":"https:\/\/api.w.org\/{rel}","templated":true}]}}