{"id":15624,"date":"2015-12-19T13:53:36","date_gmt":"2015-12-19T11:53:36","guid":{"rendered":"http:\/\/urbeamea.ro\/albaiulia\/?p=15624"},"modified":"2016-01-18T17:40:36","modified_gmt":"2016-01-18T15:40:36","slug":"europe-direct-regiunea-centru-a-incheiat-evenimentele-2015-alaturi-de-cetateni-elevi-tineri-mass-media","status":"publish","type":"post","link":"https:\/\/urbeamea.ro\/albaiulia\/europe-direct-regiunea-centru-a-incheiat-evenimentele-2015-alaturi-de-cetateni-elevi-tineri-mass-media\/","title":{"rendered":"Europe Direct Regiunea Centru a \u00eencheiat evenimentele 2015 al\u0103turi de cet\u0103\u0163eni, elevi, tineri, mass-media"},"content":{"rendered":"<p><img loading=\"lazy\" decoding=\"async\" class=\"alignleft size-medium wp-image-15625\" src=\"http:\/\/urbeamea.ro\/albaiulia\/wp-content\/uploads\/2015\/12\/1.1-300x181.jpg\" alt=\"1.1\" width=\"300\" height=\"181\" \/>Cele mai bune articole de pres\u0103 din Regiunea Centru pe teme europene, cele mai frumoase obiceiuri \u0219i tradi\u021bii din Rom\u00e2nia \u00eenscrise \u00een concursuri, dar \u0219i proiectele care au implicat elevii \u0219i tinerii \u00een comunitate, au fost premiate \u00een 17 decembrie 2015 la sediul ADR Centru din Alba Iulia. Acestea au fost selectate \u00een cadrul concursurilor derulate prin Europe Direct Regiunea Centru. Peste 40 de persoane au participat la acest eveniment \u0219i cu to\u021bii au plecat acas\u0103 cu c\u00e2te o mic\u0103 amintire din partea Europe Direct Regiunea Centru.<\/p>\n<p>Pe parcursul anului 2015, prin intermediul Centrului de Informare Europe Direct Regiunea Centru, din cadrul ADR Centru, s-au derulat trei concursuri care au urm\u0103rit implicarea cet\u0103\u021benilor din Regiunea Centru \u0219i Rom\u00e2nia, precum \u0219i a jurnali\u0219tilor, \u00een diverse activit\u0103\u021bi de comunicare cu scopul de a promova valorile europene, de a identifica aspecte unice ale regiunii \u0219i ale \u021b\u0103rii, precum \u0219i de a identifica modele de comunicare de succes.<\/p>\n<p>Aceste concursuri s-au al\u0103turat celorlalte evenimente derulate de c\u0103tre centrul de informare pe teme europene Europe Direct Regiunea Centru din cadrul ADR Centru, pe parcursul anului 2015, care au vizat at\u00e2t tematica anului pentru dezvoltare european\u0103, dar \u0219i transmiterea de informa\u021bii privind oportunit\u0103\u021bile de finan\u021bare nerambursabil\u0103, sau despre solu\u021biile pe care le au tinerii dup\u0103 ce termin\u0103 studiile.<\/p>\n<p>\u201d<strong>A fost un an plin de activit\u0103\u021bi \u00een care am fost al\u0103turi de cet\u0103\u021beni, de mass-media, de beneficiarii de fonduri nerambursabile, dar \u0219i de cei interesa\u021bi de accesarea fondurilor nerambursabile, activit\u0103\u021bi pe care le-am derulat \u00een jude\u021bele Alba, Bra\u0219ov, Covasna, Harghita, Mure\u0219 \u0219i Sibiu. <\/strong><\/p>\n<p><strong>Am \u00eencheiat acest an \u00een cel mai frumos mod, prin r\u0103spl\u0103tirea muncii celor care de obicei ne sprijin\u0103 \u00een activit\u0103\u021bile de comunicare \u0219i prin implicarea celor care pot schimba, prin activit\u0103\u021bile lor, comunitatea din jurul lor. <\/strong><\/p>\n<p><strong>F\u0103c\u00e2nd o scurt\u0103 sumarizare a anului 2015, am avut evenimente ample, cum a fost Crosul Europei, particip\u0103ri la t\u00e2rguri tematice, dar \u0219i ateliere de scriere proiecte pentru finan\u021bare, sau seminarii de cultur\u0103 antreprenorial\u0103, pe l\u00e2ng\u0103 aceste concursuri. Am avut peste 2000 de participan\u021bi la acest evenimente, at\u00e2t din Regiune, c\u00e2t \u0219i din toate celelalte p\u0103r\u021bi ale \u021b\u0103rii. <\/strong><\/p>\n<p><strong>\u00cens\u0103 mult mai mul\u021bi au auzit de noi, de principiile europene, de rezultatele ob\u021binute \u0219i vom men\u021bine aceast\u0103 standard \u0219i \u00een 2016<\/strong><em>\u201d, <\/em>a declarat domnul Simion Cre\u021bu, director general ADR Centru.<\/p>\n<p>\u00cen cadrul concursului pentru mass-media \u201dEuropa pe \u00een\u021belesul tuturor\u201d aflat la cea de-a treia edi\u021bie, s-au \u00eenscris 47 de articole transmise de c\u0103tre 18 jurnali\u0219ti din Regiunea Centru. Dintre aceste materiale care au prezentat diverse informa\u021bii europene, 6 au fost desemnate de un juriu format din membrii societ\u0103\u021bii civile, ca fiind scrise pe \u00een\u021belesul tuturor \u0219i cu tematici originale la care s-a muncit.<\/p>\n<p>\u00cen cadrul concursului \u201dDezv\u0103luie Europei tradi\u021biile Regiunii Centru\u201d, s-au \u00eenscris 27 de persoane cu 33 de propuneri de re\u021bete \u0219i tradi\u021bii din Regiunea Centru \u0219i din Rom\u00e2nia, dintre care 4 au fost desemnate ca fiind c\u00e2\u0219tig\u0103toare de c\u0103tre cet\u0103\u021beni, fie prin aprecieri pe Facebook, fie prin aprecierile celor prezen\u021bi la evenimentul de premiere.<\/p>\n<p>\u00cen cadrul concursului \u201dProiecte pentru tineri\u201d, dintre cele 6 proiecte \u00eenscrise, la care au muncit peste 60 de persoane, elevi, studen\u021bi \u0219i profesori, au fost desemnate c\u00e2\u0219tig\u0103toare dou\u0103 proiecte ce au vizat cet\u0103\u021benia activ\u0103, preg\u0103tirea profesional\u0103 fie prin educa\u021bie financiar\u0103, fie prin sprijinirea persoanelor cu scleroz\u0103 multipl\u0103.<\/p>\n<p>Mai multe informa\u021bii despre fiecare concurs, \u00eenscrieri, punctaje \u0219i c\u00e2\u0219tig\u0103tori g\u0103si\u021bi pe site-ul <a href=\"http:\/\/europedirect-adrcentru.ro\/\">http:\/\/europedirect-adrcentru.ro\/<\/a>, sec\u021biunea \u201dConcursuri\u201d.<\/p>\n","protected":false},"excerpt":{"rendered":"<p>Cele mai bune articole de pres\u0103 din Regiunea Centru pe teme europene, cele mai frumoase obiceiuri \u0219i tradi\u021bii din Rom\u00e2nia \u00eenscrise \u00een concursuri, dar \u0219i proiectele care au implicat elevii \u0219i tinerii \u00een comunitate, au fost premiate \u00een 17 decembrie 2015 la sediul ADR Centru din Alba Iulia. Acestea au fost selectate \u00een cadrul concursurilor &hellip;<\/p>\n","protected":false},"author":16,"featured_media":15625,"comment_status":"open","ping_status":"open","sticky":false,"template":"","format":"standard","meta":{"inline_featured_image":false,"footnotes":""},"categories":[2034],"tags":[],"class_list":["post-15624","post","type-post","status-publish","format-standard","has-post-thumbnail","hentry","category-social"],"yoast_head":"<!-- This site is optimized with the Yoast SEO plugin v27.4 - https:\/\/yoast.com\/product\/yoast-seo-wordpress\/ -->\n<title>Europe Direct Regiunea Centru a \u00eencheiat evenimentele 2015 al\u0103turi de cet\u0103\u0163eni, elevi, tineri, mass-media - Revista Urbea Mea - Revista de Alba<\/title>\n<meta name=\"description\" content=\"Cele mai bune articole de pres\u0103 din Regiunea Centru pe teme europene, cele mai frumoase obiceiuri \u0219i tradi\u021bii din Rom\u00e2nia \u00eenscrise \u00een concursuri, dar \u0219i\" \/>\n<meta name=\"robots\" content=\"index, follow, max-snippet:-1, max-image-preview:large, max-video-preview:-1\" \/>\n<link rel=\"canonical\" href=\"https:\/\/urbeamea.ro\/albaiulia\/europe-direct-regiunea-centru-a-incheiat-evenimentele-2015-alaturi-de-cetateni-elevi-tineri-mass-media\/\" \/>\n<meta name=\"twitter:card\" content=\"summary_large_image\" \/>\n<meta name=\"twitter:title\" content=\"Europe Direct Regiunea Centru a \u00eencheiat evenimentele 2015 al\u0103turi de cet\u0103\u0163eni, elevi, tineri, mass-media - Revista Urbea Mea - Revista de Alba\" \/>\n<meta name=\"twitter:description\" content=\"Cele mai bune articole de pres\u0103 din Regiunea Centru pe teme europene, cele mai frumoase obiceiuri \u0219i tradi\u021bii din Rom\u00e2nia \u00eenscrise \u00een concursuri, dar \u0219i\" \/>\n<meta name=\"twitter:image\" content=\"https:\/\/urbeamea.ro\/albaiulia\/wp-content\/uploads\/2015\/12\/1.1.jpg\" \/>\n<meta name=\"twitter:creator\" content=\"@urbeameaweb\" \/>\n<meta name=\"twitter:site\" content=\"@urbeameaweb\" \/>\n<script type=\"application\/ld+json\" class=\"yoast-schema-graph\">{\"@context\":\"https:\\\/\\\/schema.org\",\"@graph\":[{\"@type\":\"Article\",\"@id\":\"https:\\\/\\\/urbeamea.ro\\\/albaiulia\\\/europe-direct-regiunea-centru-a-incheiat-evenimentele-2015-alaturi-de-cetateni-elevi-tineri-mass-media\\\/#article\",\"isPartOf\":{\"@id\":\"https:\\\/\\\/urbeamea.ro\\\/albaiulia\\\/europe-direct-regiunea-centru-a-incheiat-evenimentele-2015-alaturi-de-cetateni-elevi-tineri-mass-media\\\/\"},\"author\":{\"name\":\"Redac\u021bia UrbeaMea\",\"@id\":\"https:\\\/\\\/urbeamea.ro\\\/albaiulia\\\/#\\\/schema\\\/person\\\/272ae98052f8ee8980f59848df070247\"},\"headline\":\"Europe Direct Regiunea Centru a \u00eencheiat evenimentele 2015 al\u0103turi de cet\u0103\u0163eni, elevi, tineri, mass-media\",\"datePublished\":\"2015-12-19T11:53:36+00:00\",\"dateModified\":\"2016-01-18T15:40:36+00:00\",\"mainEntityOfPage\":{\"@id\":\"https:\\\/\\\/urbeamea.ro\\\/albaiulia\\\/europe-direct-regiunea-centru-a-incheiat-evenimentele-2015-alaturi-de-cetateni-elevi-tineri-mass-media\\\/\"},\"wordCount\":631,\"commentCount\":0,\"image\":{\"@id\":\"https:\\\/\\\/urbeamea.ro\\\/albaiulia\\\/europe-direct-regiunea-centru-a-incheiat-evenimentele-2015-alaturi-de-cetateni-elevi-tineri-mass-media\\\/#primaryimage\"},\"thumbnailUrl\":\"https:\\\/\\\/urbeamea.ro\\\/albaiulia\\\/wp-content\\\/uploads\\\/2015\\\/12\\\/1.1.jpg\",\"articleSection\":[\"Social\"],\"inLanguage\":\"ro-RO\",\"potentialAction\":[{\"@type\":\"CommentAction\",\"name\":\"Comment\",\"target\":[\"https:\\\/\\\/urbeamea.ro\\\/albaiulia\\\/europe-direct-regiunea-centru-a-incheiat-evenimentele-2015-alaturi-de-cetateni-elevi-tineri-mass-media\\\/#respond\"]}]},{\"@type\":\"WebPage\",\"@id\":\"https:\\\/\\\/urbeamea.ro\\\/albaiulia\\\/europe-direct-regiunea-centru-a-incheiat-evenimentele-2015-alaturi-de-cetateni-elevi-tineri-mass-media\\\/\",\"url\":\"https:\\\/\\\/urbeamea.ro\\\/albaiulia\\\/europe-direct-regiunea-centru-a-incheiat-evenimentele-2015-alaturi-de-cetateni-elevi-tineri-mass-media\\\/\",\"name\":\"Europe Direct Regiunea Centru a \u00eencheiat evenimentele 2015 al\u0103turi de cet\u0103\u0163eni, elevi, tineri, mass-media - Revista Urbea Mea - Revista de Alba\",\"isPartOf\":{\"@id\":\"https:\\\/\\\/urbeamea.ro\\\/albaiulia\\\/#website\"},\"primaryImageOfPage\":{\"@id\":\"https:\\\/\\\/urbeamea.ro\\\/albaiulia\\\/europe-direct-regiunea-centru-a-incheiat-evenimentele-2015-alaturi-de-cetateni-elevi-tineri-mass-media\\\/#primaryimage\"},\"image\":{\"@id\":\"https:\\\/\\\/urbeamea.ro\\\/albaiulia\\\/europe-direct-regiunea-centru-a-incheiat-evenimentele-2015-alaturi-de-cetateni-elevi-tineri-mass-media\\\/#primaryimage\"},\"thumbnailUrl\":\"https:\\\/\\\/urbeamea.ro\\\/albaiulia\\\/wp-content\\\/uploads\\\/2015\\\/12\\\/1.1.jpg\",\"datePublished\":\"2015-12-19T11:53:36+00:00\",\"dateModified\":\"2016-01-18T15:40:36+00:00\",\"author\":{\"@id\":\"https:\\\/\\\/urbeamea.ro\\\/albaiulia\\\/#\\\/schema\\\/person\\\/272ae98052f8ee8980f59848df070247\"},\"description\":\"Cele mai bune articole de pres\u0103 din Regiunea Centru pe teme europene, cele mai frumoase obiceiuri \u0219i tradi\u021bii din Rom\u00e2nia \u00eenscrise \u00een concursuri, dar \u0219i\",\"breadcrumb\":{\"@id\":\"https:\\\/\\\/urbeamea.ro\\\/albaiulia\\\/europe-direct-regiunea-centru-a-incheiat-evenimentele-2015-alaturi-de-cetateni-elevi-tineri-mass-media\\\/#breadcrumb\"},\"inLanguage\":\"ro-RO\",\"potentialAction\":[{\"@type\":\"ReadAction\",\"target\":[\"https:\\\/\\\/urbeamea.ro\\\/albaiulia\\\/europe-direct-regiunea-centru-a-incheiat-evenimentele-2015-alaturi-de-cetateni-elevi-tineri-mass-media\\\/\"]}]},{\"@type\":\"ImageObject\",\"inLanguage\":\"ro-RO\",\"@id\":\"https:\\\/\\\/urbeamea.ro\\\/albaiulia\\\/europe-direct-regiunea-centru-a-incheiat-evenimentele-2015-alaturi-de-cetateni-elevi-tineri-mass-media\\\/#primaryimage\",\"url\":\"https:\\\/\\\/urbeamea.ro\\\/albaiulia\\\/wp-content\\\/uploads\\\/2015\\\/12\\\/1.1.jpg\",\"contentUrl\":\"https:\\\/\\\/urbeamea.ro\\\/albaiulia\\\/wp-content\\\/uploads\\\/2015\\\/12\\\/1.1.jpg\",\"width\":1280,\"height\":771},{\"@type\":\"BreadcrumbList\",\"@id\":\"https:\\\/\\\/urbeamea.ro\\\/albaiulia\\\/europe-direct-regiunea-centru-a-incheiat-evenimentele-2015-alaturi-de-cetateni-elevi-tineri-mass-media\\\/#breadcrumb\",\"itemListElement\":[{\"@type\":\"ListItem\",\"position\":1,\"name\":\"Prima pagin\u0103\",\"item\":\"https:\\\/\\\/urbeamea.ro\\\/albaiulia\\\/\"},{\"@type\":\"ListItem\",\"position\":2,\"name\":\"Europe Direct Regiunea Centru a \u00eencheiat evenimentele 2015 al\u0103turi de cet\u0103\u0163eni, elevi, tineri, mass-media\"}]},{\"@type\":\"WebSite\",\"@id\":\"https:\\\/\\\/urbeamea.ro\\\/albaiulia\\\/#website\",\"url\":\"https:\\\/\\\/urbeamea.ro\\\/albaiulia\\\/\",\"name\":\"Revista Urbea Mea, Stiri urbane\",\"description\":\"Evenimente \u0219i \u0219tiri din Alba Iulia, Sebe\u0219, Aiud, Blaj\",\"potentialAction\":[{\"@type\":\"SearchAction\",\"target\":{\"@type\":\"EntryPoint\",\"urlTemplate\":\"https:\\\/\\\/urbeamea.ro\\\/albaiulia\\\/?s={search_term_string}\"},\"query-input\":{\"@type\":\"PropertyValueSpecification\",\"valueRequired\":true,\"valueName\":\"search_term_string\"}}],\"inLanguage\":\"ro-RO\"},{\"@type\":\"Person\",\"@id\":\"https:\\\/\\\/urbeamea.ro\\\/albaiulia\\\/#\\\/schema\\\/person\\\/272ae98052f8ee8980f59848df070247\",\"name\":\"Redac\u021bia UrbeaMea\",\"image\":{\"@type\":\"ImageObject\",\"inLanguage\":\"ro-RO\",\"@id\":\"https:\\\/\\\/secure.gravatar.com\\\/avatar\\\/9ce5a9435071fa1037e8468053ead8e513dbbff59009d3069aadb85506d85a27?s=96&d=mm&r=g\",\"url\":\"https:\\\/\\\/secure.gravatar.com\\\/avatar\\\/9ce5a9435071fa1037e8468053ead8e513dbbff59009d3069aadb85506d85a27?s=96&d=mm&r=g\",\"contentUrl\":\"https:\\\/\\\/secure.gravatar.com\\\/avatar\\\/9ce5a9435071fa1037e8468053ead8e513dbbff59009d3069aadb85506d85a27?s=96&d=mm&r=g\",\"caption\":\"Redac\u021bia UrbeaMea\"},\"description\":\"contact@urbeamea.ro\",\"sameAs\":[\"https:\\\/\\\/www.urbeamea.ro\"],\"url\":\"https:\\\/\\\/urbeamea.ro\\\/albaiulia\\\/author\\\/redactia-urbeamea\\\/\"}]}<\/script>\n<!-- \/ Yoast SEO plugin. -->","yoast_head_json":{"title":"Europe Direct Regiunea Centru a \u00eencheiat evenimentele 2015 al\u0103turi de cet\u0103\u0163eni, elevi, tineri, mass-media - Revista Urbea Mea - Revista de Alba","description":"Cele mai bune articole de pres\u0103 din Regiunea Centru pe teme europene, cele mai frumoase obiceiuri \u0219i tradi\u021bii din Rom\u00e2nia \u00eenscrise \u00een concursuri, dar \u0219i","robots":{"index":"index","follow":"follow","max-snippet":"max-snippet:-1","max-image-preview":"max-image-preview:large","max-video-preview":"max-video-preview:-1"},"canonical":"https:\/\/urbeamea.ro\/albaiulia\/europe-direct-regiunea-centru-a-incheiat-evenimentele-2015-alaturi-de-cetateni-elevi-tineri-mass-media\/","twitter_card":"summary_large_image","twitter_title":"Europe Direct Regiunea Centru a \u00eencheiat evenimentele 2015 al\u0103turi de cet\u0103\u0163eni, elevi, tineri, mass-media - Revista Urbea Mea - Revista de Alba","twitter_description":"Cele mai bune articole de pres\u0103 din Regiunea Centru pe teme europene, cele mai frumoase obiceiuri \u0219i tradi\u021bii din Rom\u00e2nia \u00eenscrise \u00een concursuri, dar \u0219i","twitter_image":"https:\/\/urbeamea.ro\/albaiulia\/wp-content\/uploads\/2015\/12\/1.1.jpg","twitter_creator":"@urbeameaweb","twitter_site":"@urbeameaweb","schema":{"@context":"https:\/\/schema.org","@graph":[{"@type":"Article","@id":"https:\/\/urbeamea.ro\/albaiulia\/europe-direct-regiunea-centru-a-incheiat-evenimentele-2015-alaturi-de-cetateni-elevi-tineri-mass-media\/#article","isPartOf":{"@id":"https:\/\/urbeamea.ro\/albaiulia\/europe-direct-regiunea-centru-a-incheiat-evenimentele-2015-alaturi-de-cetateni-elevi-tineri-mass-media\/"},"author":{"name":"Redac\u021bia UrbeaMea","@id":"https:\/\/urbeamea.ro\/albaiulia\/#\/schema\/person\/272ae98052f8ee8980f59848df070247"},"headline":"Europe Direct Regiunea Centru a \u00eencheiat evenimentele 2015 al\u0103turi de cet\u0103\u0163eni, elevi, tineri, mass-media","datePublished":"2015-12-19T11:53:36+00:00","dateModified":"2016-01-18T15:40:36+00:00","mainEntityOfPage":{"@id":"https:\/\/urbeamea.ro\/albaiulia\/europe-direct-regiunea-centru-a-incheiat-evenimentele-2015-alaturi-de-cetateni-elevi-tineri-mass-media\/"},"wordCount":631,"commentCount":0,"image":{"@id":"https:\/\/urbeamea.ro\/albaiulia\/europe-direct-regiunea-centru-a-incheiat-evenimentele-2015-alaturi-de-cetateni-elevi-tineri-mass-media\/#primaryimage"},"thumbnailUrl":"https:\/\/urbeamea.ro\/albaiulia\/wp-content\/uploads\/2015\/12\/1.1.jpg","articleSection":["Social"],"inLanguage":"ro-RO","potentialAction":[{"@type":"CommentAction","name":"Comment","target":["https:\/\/urbeamea.ro\/albaiulia\/europe-direct-regiunea-centru-a-incheiat-evenimentele-2015-alaturi-de-cetateni-elevi-tineri-mass-media\/#respond"]}]},{"@type":"WebPage","@id":"https:\/\/urbeamea.ro\/albaiulia\/europe-direct-regiunea-centru-a-incheiat-evenimentele-2015-alaturi-de-cetateni-elevi-tineri-mass-media\/","url":"https:\/\/urbeamea.ro\/albaiulia\/europe-direct-regiunea-centru-a-incheiat-evenimentele-2015-alaturi-de-cetateni-elevi-tineri-mass-media\/","name":"Europe Direct Regiunea Centru a \u00eencheiat evenimentele 2015 al\u0103turi de cet\u0103\u0163eni, elevi, tineri, mass-media - Revista Urbea Mea - Revista de Alba","isPartOf":{"@id":"https:\/\/urbeamea.ro\/albaiulia\/#website"},"primaryImageOfPage":{"@id":"https:\/\/urbeamea.ro\/albaiulia\/europe-direct-regiunea-centru-a-incheiat-evenimentele-2015-alaturi-de-cetateni-elevi-tineri-mass-media\/#primaryimage"},"image":{"@id":"https:\/\/urbeamea.ro\/albaiulia\/europe-direct-regiunea-centru-a-incheiat-evenimentele-2015-alaturi-de-cetateni-elevi-tineri-mass-media\/#primaryimage"},"thumbnailUrl":"https:\/\/urbeamea.ro\/albaiulia\/wp-content\/uploads\/2015\/12\/1.1.jpg","datePublished":"2015-12-19T11:53:36+00:00","dateModified":"2016-01-18T15:40:36+00:00","author":{"@id":"https:\/\/urbeamea.ro\/albaiulia\/#\/schema\/person\/272ae98052f8ee8980f59848df070247"},"description":"Cele mai bune articole de pres\u0103 din Regiunea Centru pe teme europene, cele mai frumoase obiceiuri \u0219i tradi\u021bii din Rom\u00e2nia \u00eenscrise \u00een concursuri, dar \u0219i","breadcrumb":{"@id":"https:\/\/urbeamea.ro\/albaiulia\/europe-direct-regiunea-centru-a-incheiat-evenimentele-2015-alaturi-de-cetateni-elevi-tineri-mass-media\/#breadcrumb"},"inLanguage":"ro-RO","potentialAction":[{"@type":"ReadAction","target":["https:\/\/urbeamea.ro\/albaiulia\/europe-direct-regiunea-centru-a-incheiat-evenimentele-2015-alaturi-de-cetateni-elevi-tineri-mass-media\/"]}]},{"@type":"ImageObject","inLanguage":"ro-RO","@id":"https:\/\/urbeamea.ro\/albaiulia\/europe-direct-regiunea-centru-a-incheiat-evenimentele-2015-alaturi-de-cetateni-elevi-tineri-mass-media\/#primaryimage","url":"https:\/\/urbeamea.ro\/albaiulia\/wp-content\/uploads\/2015\/12\/1.1.jpg","contentUrl":"https:\/\/urbeamea.ro\/albaiulia\/wp-content\/uploads\/2015\/12\/1.1.jpg","width":1280,"height":771},{"@type":"BreadcrumbList","@id":"https:\/\/urbeamea.ro\/albaiulia\/europe-direct-regiunea-centru-a-incheiat-evenimentele-2015-alaturi-de-cetateni-elevi-tineri-mass-media\/#breadcrumb","itemListElement":[{"@type":"ListItem","position":1,"name":"Prima pagin\u0103","item":"https:\/\/urbeamea.ro\/albaiulia\/"},{"@type":"ListItem","position":2,"name":"Europe Direct Regiunea Centru a \u00eencheiat evenimentele 2015 al\u0103turi de cet\u0103\u0163eni, elevi, tineri, mass-media"}]},{"@type":"WebSite","@id":"https:\/\/urbeamea.ro\/albaiulia\/#website","url":"https:\/\/urbeamea.ro\/albaiulia\/","name":"Revista Urbea Mea, Stiri urbane","description":"Evenimente \u0219i \u0219tiri din Alba Iulia, Sebe\u0219, Aiud, Blaj","potentialAction":[{"@type":"SearchAction","target":{"@type":"EntryPoint","urlTemplate":"https:\/\/urbeamea.ro\/albaiulia\/?s={search_term_string}"},"query-input":{"@type":"PropertyValueSpecification","valueRequired":true,"valueName":"search_term_string"}}],"inLanguage":"ro-RO"},{"@type":"Person","@id":"https:\/\/urbeamea.ro\/albaiulia\/#\/schema\/person\/272ae98052f8ee8980f59848df070247","name":"Redac\u021bia UrbeaMea","image":{"@type":"ImageObject","inLanguage":"ro-RO","@id":"https:\/\/secure.gravatar.com\/avatar\/9ce5a9435071fa1037e8468053ead8e513dbbff59009d3069aadb85506d85a27?s=96&d=mm&r=g","url":"https:\/\/secure.gravatar.com\/avatar\/9ce5a9435071fa1037e8468053ead8e513dbbff59009d3069aadb85506d85a27?s=96&d=mm&r=g","contentUrl":"https:\/\/secure.gravatar.com\/avatar\/9ce5a9435071fa1037e8468053ead8e513dbbff59009d3069aadb85506d85a27?s=96&d=mm&r=g","caption":"Redac\u021bia UrbeaMea"},"description":"contact@urbeamea.ro","sameAs":["https:\/\/www.urbeamea.ro"],"url":"https:\/\/urbeamea.ro\/albaiulia\/author\/redactia-urbeamea\/"}]}},"_links":{"self":[{"href":"https:\/\/urbeamea.ro\/albaiulia\/wp-json\/wp\/v2\/posts\/15624","targetHints":{"allow":["GET"]}}],"collection":[{"href":"https:\/\/urbeamea.ro\/albaiulia\/wp-json\/wp\/v2\/posts"}],"about":[{"href":"https:\/\/urbeamea.ro\/albaiulia\/wp-json\/wp\/v2\/types\/post"}],"author":[{"embeddable":true,"href":"https:\/\/urbeamea.ro\/albaiulia\/wp-json\/wp\/v2\/users\/16"}],"replies":[{"embeddable":true,"href":"https:\/\/urbeamea.ro\/albaiulia\/wp-json\/wp\/v2\/comments?post=15624"}],"version-history":[{"count":0,"href":"https:\/\/urbeamea.ro\/albaiulia\/wp-json\/wp\/v2\/posts\/15624\/revisions"}],"wp:featuredmedia":[{"embeddable":true,"href":"https:\/\/urbeamea.ro\/albaiulia\/wp-json\/wp\/v2\/media\/15625"}],"wp:attachment":[{"href":"https:\/\/urbeamea.ro\/albaiulia\/wp-json\/wp\/v2\/media?parent=15624"}],"wp:term":[{"taxonomy":"category","embeddable":true,"href":"https:\/\/urbeamea.ro\/albaiulia\/wp-json\/wp\/v2\/categories?post=15624"},{"taxonomy":"post_tag","embeddable":true,"href":"https:\/\/urbeamea.ro\/albaiulia\/wp-json\/wp\/v2\/tags?post=15624"}],"curies":[{"name":"wp","href":"https:\/\/api.w.org\/{rel}","templated":true}]}}