{"id":16071,"date":"2015-12-23T09:05:11","date_gmt":"2015-12-23T07:05:11","guid":{"rendered":"http:\/\/urbeamea.ro\/albaiulia\/?p=16071"},"modified":"2016-01-18T17:37:15","modified_gmt":"2016-01-18T15:37:15","slug":"cod-galben-de-ceata-in-alba-astazi-pana-la-ora-1030","status":"publish","type":"post","link":"https:\/\/urbeamea.ro\/albaiulia\/cod-galben-de-ceata-in-alba-astazi-pana-la-ora-1030\/","title":{"rendered":"Cod Galben de cea\u0163\u0103 \u00een Alba, AST\u0102ZI, p\u00e2n\u0103 la ora 10:30"},"content":{"rendered":"<p><strong><img loading=\"lazy\" decoding=\"async\" class=\"size-medium wp-image-12585 alignleft\" src=\"http:\/\/urbeamea.ro\/albaiulia\/wp-content\/uploads\/2015\/11\/ceata-300x179.jpg\" alt=\"ceata\" width=\"300\" height=\"179\" \/>Meteorologii au emis, miercuri diminea\u021ba, o aten\u021bionare de cod galben de cea\u021b\u0103 pentru jude\u021bul Alba, valabil\u0103 p\u00e2n\u0103 la ora 10:30. Sunt vizate zonele joase din jude\u0163, inclusiv drumurile na\u0163ionale, europene \u0219i autostrada.<br \/>\n<\/strong><\/p>\n<p>Se vor semnala: cea\u0163\u0103 care determin\u0103 sc\u0103derea vizibilit\u0103\u0163ii, local sub 200 m, izolat sub 50 m.<\/p>\n<p>Avertizarea este valabil\u0103 miercuri, 23 decembrie, \u00eentre intervalul orar 7:30 \u2013 10:30.<\/p>\n","protected":false},"excerpt":{"rendered":"<p>Meteorologii au emis, miercuri diminea\u021ba, o aten\u021bionare de cod galben de cea\u021b\u0103 pentru jude\u021bul Alba, valabil\u0103 p\u00e2n\u0103 la ora 10:30. Sunt vizate zonele joase din jude\u0163, inclusiv drumurile na\u0163ionale, europene \u0219i autostrada. Se vor semnala: cea\u0163\u0103 care determin\u0103 sc\u0103derea vizibilit\u0103\u0163ii, local sub 200 m, izolat sub 50 m. Avertizarea este valabil\u0103 miercuri, 23 decembrie, \u00eentre &hellip;<\/p>\n","protected":false},"author":17,"featured_media":12585,"comment_status":"open","ping_status":"open","sticky":false,"template":"","format":"standard","meta":{"inline_featured_image":false,"footnotes":""},"categories":[2034],"tags":[307,1630,1390,368,1567,308,1631],"class_list":["post-16071","post","type-post","status-publish","format-standard","has-post-thumbnail","hentry","category-social","tag-alba","tag-autostrada","tag-ceata","tag-cod-galben","tag-judet","tag-stiri","tag-zonele-joase"],"yoast_head":"<!-- This site is optimized with the Yoast SEO plugin v27.4 - https:\/\/yoast.com\/product\/yoast-seo-wordpress\/ -->\n<title>Cod Galben de cea\u0163\u0103 \u00een Alba, AST\u0102ZI, p\u00e2n\u0103 la ora 10:30 - Revista Urbea Mea - Revista de Alba<\/title>\n<meta name=\"description\" content=\"Meteorologii au emis, miercuri diminea\u021ba, o aten\u021bionare de cod galben de cea\u021b\u0103 pentru jude\u021bul Alba, valabil\u0103 p\u00e2n\u0103 la ora 10:30. Sunt vizate zonele joase\" \/>\n<meta name=\"robots\" content=\"index, follow, max-snippet:-1, max-image-preview:large, max-video-preview:-1\" \/>\n<link rel=\"canonical\" href=\"https:\/\/urbeamea.ro\/albaiulia\/cod-galben-de-ceata-in-alba-astazi-pana-la-ora-1030\/\" \/>\n<meta name=\"twitter:card\" content=\"summary_large_image\" \/>\n<meta name=\"twitter:title\" content=\"Cod Galben de cea\u0163\u0103 \u00een Alba, AST\u0102ZI, p\u00e2n\u0103 la ora 10:30 - Revista Urbea Mea - Revista de Alba\" \/>\n<meta name=\"twitter:description\" content=\"Meteorologii au emis, miercuri diminea\u021ba, o aten\u021bionare de cod galben de cea\u021b\u0103 pentru jude\u021bul Alba, valabil\u0103 p\u00e2n\u0103 la ora 10:30. Sunt vizate zonele joase\" \/>\n<meta name=\"twitter:image\" content=\"https:\/\/urbeamea.ro\/albaiulia\/wp-content\/uploads\/2015\/11\/ceata.jpg\" \/>\n<meta name=\"twitter:creator\" content=\"@urbeameaweb\" \/>\n<meta name=\"twitter:site\" content=\"@urbeameaweb\" \/>\n<script type=\"application\/ld+json\" class=\"yoast-schema-graph\">{\"@context\":\"https:\\\/\\\/schema.org\",\"@graph\":[{\"@type\":\"Article\",\"@id\":\"https:\\\/\\\/urbeamea.ro\\\/albaiulia\\\/cod-galben-de-ceata-in-alba-astazi-pana-la-ora-1030\\\/#article\",\"isPartOf\":{\"@id\":\"https:\\\/\\\/urbeamea.ro\\\/albaiulia\\\/cod-galben-de-ceata-in-alba-astazi-pana-la-ora-1030\\\/\"},\"author\":{\"name\":\"Cristina Ganga\",\"@id\":\"https:\\\/\\\/urbeamea.ro\\\/albaiulia\\\/#\\\/schema\\\/person\\\/9700d21fae21c4f038b0b56f4506264a\"},\"headline\":\"Cod Galben de cea\u0163\u0103 \u00een Alba, AST\u0102ZI, p\u00e2n\u0103 la ora 10:30\",\"datePublished\":\"2015-12-23T07:05:11+00:00\",\"dateModified\":\"2016-01-18T15:37:15+00:00\",\"mainEntityOfPage\":{\"@id\":\"https:\\\/\\\/urbeamea.ro\\\/albaiulia\\\/cod-galben-de-ceata-in-alba-astazi-pana-la-ora-1030\\\/\"},\"wordCount\":72,\"commentCount\":0,\"image\":{\"@id\":\"https:\\\/\\\/urbeamea.ro\\\/albaiulia\\\/cod-galben-de-ceata-in-alba-astazi-pana-la-ora-1030\\\/#primaryimage\"},\"thumbnailUrl\":\"https:\\\/\\\/urbeamea.ro\\\/albaiulia\\\/wp-content\\\/uploads\\\/2015\\\/11\\\/ceata.jpg\",\"keywords\":[\"alba\",\"autostrada\",\"ceata\",\"cod galben\",\"judet\",\"stiri\",\"zonele joase\"],\"articleSection\":[\"Social\"],\"inLanguage\":\"ro-RO\",\"potentialAction\":[{\"@type\":\"CommentAction\",\"name\":\"Comment\",\"target\":[\"https:\\\/\\\/urbeamea.ro\\\/albaiulia\\\/cod-galben-de-ceata-in-alba-astazi-pana-la-ora-1030\\\/#respond\"]}]},{\"@type\":\"WebPage\",\"@id\":\"https:\\\/\\\/urbeamea.ro\\\/albaiulia\\\/cod-galben-de-ceata-in-alba-astazi-pana-la-ora-1030\\\/\",\"url\":\"https:\\\/\\\/urbeamea.ro\\\/albaiulia\\\/cod-galben-de-ceata-in-alba-astazi-pana-la-ora-1030\\\/\",\"name\":\"Cod Galben de cea\u0163\u0103 \u00een Alba, AST\u0102ZI, p\u00e2n\u0103 la ora 10:30 - Revista Urbea Mea - Revista de Alba\",\"isPartOf\":{\"@id\":\"https:\\\/\\\/urbeamea.ro\\\/albaiulia\\\/#website\"},\"primaryImageOfPage\":{\"@id\":\"https:\\\/\\\/urbeamea.ro\\\/albaiulia\\\/cod-galben-de-ceata-in-alba-astazi-pana-la-ora-1030\\\/#primaryimage\"},\"image\":{\"@id\":\"https:\\\/\\\/urbeamea.ro\\\/albaiulia\\\/cod-galben-de-ceata-in-alba-astazi-pana-la-ora-1030\\\/#primaryimage\"},\"thumbnailUrl\":\"https:\\\/\\\/urbeamea.ro\\\/albaiulia\\\/wp-content\\\/uploads\\\/2015\\\/11\\\/ceata.jpg\",\"datePublished\":\"2015-12-23T07:05:11+00:00\",\"dateModified\":\"2016-01-18T15:37:15+00:00\",\"author\":{\"@id\":\"https:\\\/\\\/urbeamea.ro\\\/albaiulia\\\/#\\\/schema\\\/person\\\/9700d21fae21c4f038b0b56f4506264a\"},\"description\":\"Meteorologii au emis, miercuri diminea\u021ba, o aten\u021bionare de cod galben de cea\u021b\u0103 pentru jude\u021bul Alba, valabil\u0103 p\u00e2n\u0103 la ora 10:30. Sunt vizate zonele joase\",\"breadcrumb\":{\"@id\":\"https:\\\/\\\/urbeamea.ro\\\/albaiulia\\\/cod-galben-de-ceata-in-alba-astazi-pana-la-ora-1030\\\/#breadcrumb\"},\"inLanguage\":\"ro-RO\",\"potentialAction\":[{\"@type\":\"ReadAction\",\"target\":[\"https:\\\/\\\/urbeamea.ro\\\/albaiulia\\\/cod-galben-de-ceata-in-alba-astazi-pana-la-ora-1030\\\/\"]}]},{\"@type\":\"ImageObject\",\"inLanguage\":\"ro-RO\",\"@id\":\"https:\\\/\\\/urbeamea.ro\\\/albaiulia\\\/cod-galben-de-ceata-in-alba-astazi-pana-la-ora-1030\\\/#primaryimage\",\"url\":\"https:\\\/\\\/urbeamea.ro\\\/albaiulia\\\/wp-content\\\/uploads\\\/2015\\\/11\\\/ceata.jpg\",\"contentUrl\":\"https:\\\/\\\/urbeamea.ro\\\/albaiulia\\\/wp-content\\\/uploads\\\/2015\\\/11\\\/ceata.jpg\",\"width\":1000,\"height\":598},{\"@type\":\"BreadcrumbList\",\"@id\":\"https:\\\/\\\/urbeamea.ro\\\/albaiulia\\\/cod-galben-de-ceata-in-alba-astazi-pana-la-ora-1030\\\/#breadcrumb\",\"itemListElement\":[{\"@type\":\"ListItem\",\"position\":1,\"name\":\"Prima pagin\u0103\",\"item\":\"https:\\\/\\\/urbeamea.ro\\\/albaiulia\\\/\"},{\"@type\":\"ListItem\",\"position\":2,\"name\":\"Cod Galben de cea\u0163\u0103 \u00een Alba, AST\u0102ZI, p\u00e2n\u0103 la ora 10:30\"}]},{\"@type\":\"WebSite\",\"@id\":\"https:\\\/\\\/urbeamea.ro\\\/albaiulia\\\/#website\",\"url\":\"https:\\\/\\\/urbeamea.ro\\\/albaiulia\\\/\",\"name\":\"Revista Urbea Mea, Stiri urbane\",\"description\":\"Evenimente \u0219i \u0219tiri din Alba Iulia, Sebe\u0219, Aiud, Blaj\",\"potentialAction\":[{\"@type\":\"SearchAction\",\"target\":{\"@type\":\"EntryPoint\",\"urlTemplate\":\"https:\\\/\\\/urbeamea.ro\\\/albaiulia\\\/?s={search_term_string}\"},\"query-input\":{\"@type\":\"PropertyValueSpecification\",\"valueRequired\":true,\"valueName\":\"search_term_string\"}}],\"inLanguage\":\"ro-RO\"},{\"@type\":\"Person\",\"@id\":\"https:\\\/\\\/urbeamea.ro\\\/albaiulia\\\/#\\\/schema\\\/person\\\/9700d21fae21c4f038b0b56f4506264a\",\"name\":\"Cristina Ganga\",\"image\":{\"@type\":\"ImageObject\",\"inLanguage\":\"ro-RO\",\"@id\":\"https:\\\/\\\/secure.gravatar.com\\\/avatar\\\/5a67661041f057b4a8ccaf26f5a8e86e2689372006d01faf3dd9eeb10b654bb4?s=96&d=mm&r=g\",\"url\":\"https:\\\/\\\/secure.gravatar.com\\\/avatar\\\/5a67661041f057b4a8ccaf26f5a8e86e2689372006d01faf3dd9eeb10b654bb4?s=96&d=mm&r=g\",\"contentUrl\":\"https:\\\/\\\/secure.gravatar.com\\\/avatar\\\/5a67661041f057b4a8ccaf26f5a8e86e2689372006d01faf3dd9eeb10b654bb4?s=96&d=mm&r=g\",\"caption\":\"Cristina Ganga\"},\"description\":\"Jurnalist\",\"sameAs\":[\"https:\\\/\\\/www.facebook.com\\\/cristina.nicola.587\"],\"url\":\"https:\\\/\\\/urbeamea.ro\\\/albaiulia\\\/author\\\/cristina-nicola\\\/\"}]}<\/script>\n<!-- \/ Yoast SEO plugin. -->","yoast_head_json":{"title":"Cod Galben de cea\u0163\u0103 \u00een Alba, AST\u0102ZI, p\u00e2n\u0103 la ora 10:30 - Revista Urbea Mea - Revista de Alba","description":"Meteorologii au emis, miercuri diminea\u021ba, o aten\u021bionare de cod galben de cea\u021b\u0103 pentru jude\u021bul Alba, valabil\u0103 p\u00e2n\u0103 la ora 10:30. Sunt vizate zonele joase","robots":{"index":"index","follow":"follow","max-snippet":"max-snippet:-1","max-image-preview":"max-image-preview:large","max-video-preview":"max-video-preview:-1"},"canonical":"https:\/\/urbeamea.ro\/albaiulia\/cod-galben-de-ceata-in-alba-astazi-pana-la-ora-1030\/","twitter_card":"summary_large_image","twitter_title":"Cod Galben de cea\u0163\u0103 \u00een Alba, AST\u0102ZI, p\u00e2n\u0103 la ora 10:30 - Revista Urbea Mea - Revista de Alba","twitter_description":"Meteorologii au emis, miercuri diminea\u021ba, o aten\u021bionare de cod galben de cea\u021b\u0103 pentru jude\u021bul Alba, valabil\u0103 p\u00e2n\u0103 la ora 10:30. Sunt vizate zonele joase","twitter_image":"https:\/\/urbeamea.ro\/albaiulia\/wp-content\/uploads\/2015\/11\/ceata.jpg","twitter_creator":"@urbeameaweb","twitter_site":"@urbeameaweb","schema":{"@context":"https:\/\/schema.org","@graph":[{"@type":"Article","@id":"https:\/\/urbeamea.ro\/albaiulia\/cod-galben-de-ceata-in-alba-astazi-pana-la-ora-1030\/#article","isPartOf":{"@id":"https:\/\/urbeamea.ro\/albaiulia\/cod-galben-de-ceata-in-alba-astazi-pana-la-ora-1030\/"},"author":{"name":"Cristina Ganga","@id":"https:\/\/urbeamea.ro\/albaiulia\/#\/schema\/person\/9700d21fae21c4f038b0b56f4506264a"},"headline":"Cod Galben de cea\u0163\u0103 \u00een Alba, AST\u0102ZI, p\u00e2n\u0103 la ora 10:30","datePublished":"2015-12-23T07:05:11+00:00","dateModified":"2016-01-18T15:37:15+00:00","mainEntityOfPage":{"@id":"https:\/\/urbeamea.ro\/albaiulia\/cod-galben-de-ceata-in-alba-astazi-pana-la-ora-1030\/"},"wordCount":72,"commentCount":0,"image":{"@id":"https:\/\/urbeamea.ro\/albaiulia\/cod-galben-de-ceata-in-alba-astazi-pana-la-ora-1030\/#primaryimage"},"thumbnailUrl":"https:\/\/urbeamea.ro\/albaiulia\/wp-content\/uploads\/2015\/11\/ceata.jpg","keywords":["alba","autostrada","ceata","cod galben","judet","stiri","zonele joase"],"articleSection":["Social"],"inLanguage":"ro-RO","potentialAction":[{"@type":"CommentAction","name":"Comment","target":["https:\/\/urbeamea.ro\/albaiulia\/cod-galben-de-ceata-in-alba-astazi-pana-la-ora-1030\/#respond"]}]},{"@type":"WebPage","@id":"https:\/\/urbeamea.ro\/albaiulia\/cod-galben-de-ceata-in-alba-astazi-pana-la-ora-1030\/","url":"https:\/\/urbeamea.ro\/albaiulia\/cod-galben-de-ceata-in-alba-astazi-pana-la-ora-1030\/","name":"Cod Galben de cea\u0163\u0103 \u00een Alba, AST\u0102ZI, p\u00e2n\u0103 la ora 10:30 - Revista Urbea Mea - Revista de Alba","isPartOf":{"@id":"https:\/\/urbeamea.ro\/albaiulia\/#website"},"primaryImageOfPage":{"@id":"https:\/\/urbeamea.ro\/albaiulia\/cod-galben-de-ceata-in-alba-astazi-pana-la-ora-1030\/#primaryimage"},"image":{"@id":"https:\/\/urbeamea.ro\/albaiulia\/cod-galben-de-ceata-in-alba-astazi-pana-la-ora-1030\/#primaryimage"},"thumbnailUrl":"https:\/\/urbeamea.ro\/albaiulia\/wp-content\/uploads\/2015\/11\/ceata.jpg","datePublished":"2015-12-23T07:05:11+00:00","dateModified":"2016-01-18T15:37:15+00:00","author":{"@id":"https:\/\/urbeamea.ro\/albaiulia\/#\/schema\/person\/9700d21fae21c4f038b0b56f4506264a"},"description":"Meteorologii au emis, miercuri diminea\u021ba, o aten\u021bionare de cod galben de cea\u021b\u0103 pentru jude\u021bul Alba, valabil\u0103 p\u00e2n\u0103 la ora 10:30. Sunt vizate zonele joase","breadcrumb":{"@id":"https:\/\/urbeamea.ro\/albaiulia\/cod-galben-de-ceata-in-alba-astazi-pana-la-ora-1030\/#breadcrumb"},"inLanguage":"ro-RO","potentialAction":[{"@type":"ReadAction","target":["https:\/\/urbeamea.ro\/albaiulia\/cod-galben-de-ceata-in-alba-astazi-pana-la-ora-1030\/"]}]},{"@type":"ImageObject","inLanguage":"ro-RO","@id":"https:\/\/urbeamea.ro\/albaiulia\/cod-galben-de-ceata-in-alba-astazi-pana-la-ora-1030\/#primaryimage","url":"https:\/\/urbeamea.ro\/albaiulia\/wp-content\/uploads\/2015\/11\/ceata.jpg","contentUrl":"https:\/\/urbeamea.ro\/albaiulia\/wp-content\/uploads\/2015\/11\/ceata.jpg","width":1000,"height":598},{"@type":"BreadcrumbList","@id":"https:\/\/urbeamea.ro\/albaiulia\/cod-galben-de-ceata-in-alba-astazi-pana-la-ora-1030\/#breadcrumb","itemListElement":[{"@type":"ListItem","position":1,"name":"Prima pagin\u0103","item":"https:\/\/urbeamea.ro\/albaiulia\/"},{"@type":"ListItem","position":2,"name":"Cod Galben de cea\u0163\u0103 \u00een Alba, AST\u0102ZI, p\u00e2n\u0103 la ora 10:30"}]},{"@type":"WebSite","@id":"https:\/\/urbeamea.ro\/albaiulia\/#website","url":"https:\/\/urbeamea.ro\/albaiulia\/","name":"Revista Urbea Mea, Stiri urbane","description":"Evenimente \u0219i \u0219tiri din Alba Iulia, Sebe\u0219, Aiud, Blaj","potentialAction":[{"@type":"SearchAction","target":{"@type":"EntryPoint","urlTemplate":"https:\/\/urbeamea.ro\/albaiulia\/?s={search_term_string}"},"query-input":{"@type":"PropertyValueSpecification","valueRequired":true,"valueName":"search_term_string"}}],"inLanguage":"ro-RO"},{"@type":"Person","@id":"https:\/\/urbeamea.ro\/albaiulia\/#\/schema\/person\/9700d21fae21c4f038b0b56f4506264a","name":"Cristina Ganga","image":{"@type":"ImageObject","inLanguage":"ro-RO","@id":"https:\/\/secure.gravatar.com\/avatar\/5a67661041f057b4a8ccaf26f5a8e86e2689372006d01faf3dd9eeb10b654bb4?s=96&d=mm&r=g","url":"https:\/\/secure.gravatar.com\/avatar\/5a67661041f057b4a8ccaf26f5a8e86e2689372006d01faf3dd9eeb10b654bb4?s=96&d=mm&r=g","contentUrl":"https:\/\/secure.gravatar.com\/avatar\/5a67661041f057b4a8ccaf26f5a8e86e2689372006d01faf3dd9eeb10b654bb4?s=96&d=mm&r=g","caption":"Cristina Ganga"},"description":"Jurnalist","sameAs":["https:\/\/www.facebook.com\/cristina.nicola.587"],"url":"https:\/\/urbeamea.ro\/albaiulia\/author\/cristina-nicola\/"}]}},"_links":{"self":[{"href":"https:\/\/urbeamea.ro\/albaiulia\/wp-json\/wp\/v2\/posts\/16071","targetHints":{"allow":["GET"]}}],"collection":[{"href":"https:\/\/urbeamea.ro\/albaiulia\/wp-json\/wp\/v2\/posts"}],"about":[{"href":"https:\/\/urbeamea.ro\/albaiulia\/wp-json\/wp\/v2\/types\/post"}],"author":[{"embeddable":true,"href":"https:\/\/urbeamea.ro\/albaiulia\/wp-json\/wp\/v2\/users\/17"}],"replies":[{"embeddable":true,"href":"https:\/\/urbeamea.ro\/albaiulia\/wp-json\/wp\/v2\/comments?post=16071"}],"version-history":[{"count":0,"href":"https:\/\/urbeamea.ro\/albaiulia\/wp-json\/wp\/v2\/posts\/16071\/revisions"}],"wp:featuredmedia":[{"embeddable":true,"href":"https:\/\/urbeamea.ro\/albaiulia\/wp-json\/wp\/v2\/media\/12585"}],"wp:attachment":[{"href":"https:\/\/urbeamea.ro\/albaiulia\/wp-json\/wp\/v2\/media?parent=16071"}],"wp:term":[{"taxonomy":"category","embeddable":true,"href":"https:\/\/urbeamea.ro\/albaiulia\/wp-json\/wp\/v2\/categories?post=16071"},{"taxonomy":"post_tag","embeddable":true,"href":"https:\/\/urbeamea.ro\/albaiulia\/wp-json\/wp\/v2\/tags?post=16071"}],"curies":[{"name":"wp","href":"https:\/\/api.w.org\/{rel}","templated":true}]}}