{"id":16074,"date":"2015-12-23T09:23:45","date_gmt":"2015-12-23T07:23:45","guid":{"rendered":"http:\/\/urbeamea.ro\/albaiulia\/?p=16074"},"modified":"2016-01-18T17:37:05","modified_gmt":"2016-01-18T15:37:05","slug":"jandarmii-din-alba-pregatiti-sa-asigure-un-climat-de-normalitate-si-siguranta-pe-timpul-sarbatorilor-de-iarna","status":"publish","type":"post","link":"https:\/\/urbeamea.ro\/albaiulia\/jandarmii-din-alba-pregatiti-sa-asigure-un-climat-de-normalitate-si-siguranta-pe-timpul-sarbatorilor-de-iarna\/","title":{"rendered":"Jandarmii din Alba, preg\u0103ti\u021bi s\u0103 asigure un climat de normalitate \u0219i siguran\u021b\u0103 pe timpul S\u0103rb\u0103torilor de Iarn\u0103"},"content":{"rendered":"<p><strong><img loading=\"lazy\" decoding=\"async\" class=\"size-medium wp-image-4566 alignleft\" src=\"http:\/\/urbeamea.ro\/albaiulia\/wp-content\/uploads\/2015\/05\/jandarmi-300x193.jpg\" alt=\"jandarmi\" width=\"300\" height=\"193\" \/>Pe timpul S\u0103rb\u0103torilor de Iarn\u0103, jandarmii din Alba sunt preg\u0103ti\u0163i de ac\u0163iune \u015fi vor participa la asigurarea unui climat de normalitate \u015fi siguran\u0163\u0103. Jandarmii montani sunt \u00een dispozitiv \u015fi gata \u00een orice moment s\u0103 vin\u0103 \u00een ajutorul popula\u0163iei.<\/strong><\/p>\n<p>Efectivele de jandarmi vor fi organizate at\u00e2t \u00een echipaje auto \u015fi subunit\u0103\u0163i de interven\u0163ie, c\u00e2t \u015fi \u00een patrule de men\u0163inere a ordinii publice, independente sau mixte (al\u0103turi de poli\u0163i\u015fti). Acestea vor avea misiunea de a veghea la prezervarea climatului de normalitate civic\u0103, de ordine \u015fi siguran\u0163\u0103 public\u0103 pe timpul desf\u0103\u015fur\u0103rii manifest\u0103rilor religioase sau cultural \u2013 artistice organizate \u00een jude\u0163ul Alba, at\u00e2t \u00een mediul urban c\u00e2t \u015fi \u00een mediul rural. Echipajele de jandarmerie vor oferi sprijin organizatorilor, vor ac\u0163iona pentru protec\u0163ia participan\u0163ilor \u015fi vor preveni apari\u0163ia violen\u0163elor sau faptelor antisociale.<\/p>\n<p>Jandarmii montani din cadrul Jandarmeriei Alba sunt preg\u0103ti\u0163i s\u0103 contribuie la prezervarea climatului de normalitate civic\u0103 \u00een perioada S\u0103rb\u0103torilor de Iarn\u0103 \u015fi s\u0103 intervin\u0103 pentru ajutarea celor afla\u0163i \u00een dificultate \u00een zona montan\u0103 a jude\u0163ului. Ei vor fi \u00een m\u0103sur\u0103 s\u0103 dea informa\u0163ii referitoare la zonele considerate dificile \u015fi care trebuie evitate, la modul corect de echipare \u015fi la conduita \u00een caz de pericol. Totodat\u0103, vor putea oferi date cu privire la zonele acoperite de re\u0163eaua de telefonie mobil\u0103, fapt care s-ar putea dovedi deosebit de important \u00eendeosebi \u00een zona Muntelui \u015eurianu, unde se \u015ftie c\u0103 aceasta func\u0163ioneaz\u0103 discontinuu. De asemenea, prin contactarea jandarmilor montani, turi\u015ftii sau localnicii amatori de sporturi hibernale \u00ee\u015fi vor putea revizui cuno\u015ftin\u0163ele despre prevederile legale care reglementeaz\u0103 utilizarea p\u00e2rtiilor \u015fi traseelor de schi.<\/p>\n<p>Legat de ultimul aspect, jandarmii montani recomand\u0103 s\u0103 nu foloseasc\u0103 pe p\u00e2rtiile ori traseele de schi pentru agrement automobile, tractoare sau orice alt tip de vehicul (ATV), s\u0103 nu coboare pe p\u00e2rtiile sau traseele de schi pentru agrement utiliz\u00e2nd s\u0103nii, dispozitive improvizate sau alte materiale \u015fi s\u0103 nu accead\u0103 pe p\u00e2rtiile sau traseele de schi pentru agrement utiliz\u00e2nd alt echipament dec\u00e2t cel adecvat pentru practicarea schiului sau snowboardingului deoarece pot fi sanc\u0163iona\u0163i cu amend\u0103 de la 1.000 lei la 5.000 lei pentru prima situa\u0163ie \u015fi cu amend\u0103 de la 25 la 200 lei pentru celelalte dou\u0103.<\/p>\n<p>Tuturor participan\u0163ilor la manifest\u0103rile de orice natur\u0103 organizate \u00een aceast\u0103 perioad\u0103 le reamintim s\u0103 nu dep\u0103\u015feasc\u0103 limitele decen\u0163ei comportamentale, s\u0103 evite consumul excesiv de alcool, s\u0103 supravegheze \u00eendeaproape comportamentul copiilor, s\u0103 acorde o aten\u0163ie sporit\u0103 modului de p\u0103strare \u015fi asigurare a bunurilor \u015fi obiectelor personale \u015fi s\u0103 semnaleze prompt for\u0163elor de ordine orice comportament contrar normelor legale de convie\u0163uire social\u0103.<\/p>\n<p>De asemenea, celor afla\u0163i la munte \u00een aceast\u0103 perioad\u0103, le solicit\u0103m s\u0103 r\u0103m\u00e2n\u0103 \u00een preajma p\u00e2rtiilor amenajate \u015fi s\u0103 evite c\u0103l\u0103toriile solitare, s\u0103 fie echipa\u0163i corespunz\u0103tor \u015fi s\u0103-\u015fi doteze mijloacele de transport pentru circula\u0163ia \u00een condi\u0163ii de iarn\u0103 \u015fi, foarte important, s\u0103 respecte indicatoarele \u015fi semnaliz\u0103rile care atrag aten\u0163ia asupra unui drum \/ traseu turistic \u00eenchis circula\u0163iei \u00een acest anotimp.<\/p>\n<p>Reamintim cet\u0103\u0163enilor c\u0103 pot apela cu \u00eencredere, \u00een orice situa\u0163ie, la ajutorul echipajelor de jandarmerie, at\u00e2t prin contact direct c\u00e2t \u015fi prin apelarea num\u0103rului unic de urgen\u0163e \u2013 112.<\/p>\n","protected":false},"excerpt":{"rendered":"<p>Pe timpul S\u0103rb\u0103torilor de Iarn\u0103, jandarmii din Alba sunt preg\u0103ti\u0163i de ac\u0163iune \u015fi vor participa la asigurarea unui climat de normalitate \u015fi siguran\u0163\u0103. Jandarmii montani sunt \u00een dispozitiv \u015fi gata \u00een orice moment s\u0103 vin\u0103 \u00een ajutorul popula\u0163iei. Efectivele de jandarmi vor fi organizate at\u00e2t \u00een echipaje auto \u015fi subunit\u0103\u0163i de interven\u0163ie, c\u00e2t \u015fi \u00een &hellip;<\/p>\n","protected":false},"author":17,"featured_media":4566,"comment_status":"open","ping_status":"open","sticky":false,"template":"","format":"standard","meta":{"inline_featured_image":false,"footnotes":""},"categories":[2034],"tags":[1200,1634,754,1633,458,1175,308,1632,76],"class_list":["post-16074","post","type-post","status-publish","format-standard","has-post-thumbnail","hentry","category-social","tag-jandarmi","tag-jandarmi-montani","tag-ordine-publica","tag-patrule-de-mentinere","tag-politisti","tag-siguranta","tag-stiri","tag-subunitati-de-interventie","tag-urbea-mea"],"yoast_head":"<!-- This site is optimized with the Yoast SEO plugin v27.4 - https:\/\/yoast.com\/product\/yoast-seo-wordpress\/ -->\n<title>Jandarmii din Alba, preg\u0103ti\u021bi s\u0103 asigure un climat de normalitate \u0219i siguran\u021b\u0103 pe timpul S\u0103rb\u0103torilor de Iarn\u0103 - Revista Urbea Mea - Revista de Alba<\/title>\n<meta name=\"description\" content=\"Pe timpul S\u0103rb\u0103torilor de Iarn\u0103, jandarmii din Alba sunt preg\u0103ti\u0163i de ac\u0163iune \u015fi vor participa la asigurarea unui climat de normalitate \u015fi siguran\u0163\u0103.\" \/>\n<meta name=\"robots\" content=\"index, follow, max-snippet:-1, max-image-preview:large, max-video-preview:-1\" \/>\n<link rel=\"canonical\" href=\"https:\/\/urbeamea.ro\/albaiulia\/jandarmii-din-alba-pregatiti-sa-asigure-un-climat-de-normalitate-si-siguranta-pe-timpul-sarbatorilor-de-iarna\/\" \/>\n<meta name=\"twitter:card\" content=\"summary_large_image\" \/>\n<meta name=\"twitter:title\" content=\"Jandarmii din Alba, preg\u0103ti\u021bi s\u0103 asigure un climat de normalitate \u0219i siguran\u021b\u0103 pe timpul S\u0103rb\u0103torilor de Iarn\u0103 - Revista Urbea Mea - Revista de Alba\" \/>\n<meta name=\"twitter:description\" content=\"Pe timpul S\u0103rb\u0103torilor de Iarn\u0103, jandarmii din Alba sunt preg\u0103ti\u0163i de ac\u0163iune \u015fi vor participa la asigurarea unui climat de normalitate \u015fi siguran\u0163\u0103.\" \/>\n<meta name=\"twitter:image\" content=\"https:\/\/urbeamea.ro\/albaiulia\/wp-content\/uploads\/2015\/05\/jandarmi.jpg\" \/>\n<meta name=\"twitter:creator\" content=\"@urbeameaweb\" \/>\n<meta name=\"twitter:site\" content=\"@urbeameaweb\" \/>\n<script type=\"application\/ld+json\" class=\"yoast-schema-graph\">{\"@context\":\"https:\\\/\\\/schema.org\",\"@graph\":[{\"@type\":\"Article\",\"@id\":\"https:\\\/\\\/urbeamea.ro\\\/albaiulia\\\/jandarmii-din-alba-pregatiti-sa-asigure-un-climat-de-normalitate-si-siguranta-pe-timpul-sarbatorilor-de-iarna\\\/#article\",\"isPartOf\":{\"@id\":\"https:\\\/\\\/urbeamea.ro\\\/albaiulia\\\/jandarmii-din-alba-pregatiti-sa-asigure-un-climat-de-normalitate-si-siguranta-pe-timpul-sarbatorilor-de-iarna\\\/\"},\"author\":{\"name\":\"Cristina Ganga\",\"@id\":\"https:\\\/\\\/urbeamea.ro\\\/albaiulia\\\/#\\\/schema\\\/person\\\/9700d21fae21c4f038b0b56f4506264a\"},\"headline\":\"Jandarmii din Alba, preg\u0103ti\u021bi s\u0103 asigure un climat de normalitate \u0219i siguran\u021b\u0103 pe timpul S\u0103rb\u0103torilor de Iarn\u0103\",\"datePublished\":\"2015-12-23T07:23:45+00:00\",\"dateModified\":\"2016-01-18T15:37:05+00:00\",\"mainEntityOfPage\":{\"@id\":\"https:\\\/\\\/urbeamea.ro\\\/albaiulia\\\/jandarmii-din-alba-pregatiti-sa-asigure-un-climat-de-normalitate-si-siguranta-pe-timpul-sarbatorilor-de-iarna\\\/\"},\"wordCount\":592,\"commentCount\":0,\"image\":{\"@id\":\"https:\\\/\\\/urbeamea.ro\\\/albaiulia\\\/jandarmii-din-alba-pregatiti-sa-asigure-un-climat-de-normalitate-si-siguranta-pe-timpul-sarbatorilor-de-iarna\\\/#primaryimage\"},\"thumbnailUrl\":\"https:\\\/\\\/urbeamea.ro\\\/albaiulia\\\/wp-content\\\/uploads\\\/2015\\\/05\\\/jandarmi.jpg\",\"keywords\":[\"jandarmi\",\"jandarmi montani\",\"ordine publica\",\"patrule de mentinere\",\"politisti\",\"siguranta\",\"stiri\",\"subunitati de interventie\",\"Urbea Mea\"],\"articleSection\":[\"Social\"],\"inLanguage\":\"ro-RO\",\"potentialAction\":[{\"@type\":\"CommentAction\",\"name\":\"Comment\",\"target\":[\"https:\\\/\\\/urbeamea.ro\\\/albaiulia\\\/jandarmii-din-alba-pregatiti-sa-asigure-un-climat-de-normalitate-si-siguranta-pe-timpul-sarbatorilor-de-iarna\\\/#respond\"]}]},{\"@type\":\"WebPage\",\"@id\":\"https:\\\/\\\/urbeamea.ro\\\/albaiulia\\\/jandarmii-din-alba-pregatiti-sa-asigure-un-climat-de-normalitate-si-siguranta-pe-timpul-sarbatorilor-de-iarna\\\/\",\"url\":\"https:\\\/\\\/urbeamea.ro\\\/albaiulia\\\/jandarmii-din-alba-pregatiti-sa-asigure-un-climat-de-normalitate-si-siguranta-pe-timpul-sarbatorilor-de-iarna\\\/\",\"name\":\"Jandarmii din Alba, preg\u0103ti\u021bi s\u0103 asigure un climat de normalitate \u0219i siguran\u021b\u0103 pe timpul S\u0103rb\u0103torilor de Iarn\u0103 - Revista Urbea Mea - Revista de Alba\",\"isPartOf\":{\"@id\":\"https:\\\/\\\/urbeamea.ro\\\/albaiulia\\\/#website\"},\"primaryImageOfPage\":{\"@id\":\"https:\\\/\\\/urbeamea.ro\\\/albaiulia\\\/jandarmii-din-alba-pregatiti-sa-asigure-un-climat-de-normalitate-si-siguranta-pe-timpul-sarbatorilor-de-iarna\\\/#primaryimage\"},\"image\":{\"@id\":\"https:\\\/\\\/urbeamea.ro\\\/albaiulia\\\/jandarmii-din-alba-pregatiti-sa-asigure-un-climat-de-normalitate-si-siguranta-pe-timpul-sarbatorilor-de-iarna\\\/#primaryimage\"},\"thumbnailUrl\":\"https:\\\/\\\/urbeamea.ro\\\/albaiulia\\\/wp-content\\\/uploads\\\/2015\\\/05\\\/jandarmi.jpg\",\"datePublished\":\"2015-12-23T07:23:45+00:00\",\"dateModified\":\"2016-01-18T15:37:05+00:00\",\"author\":{\"@id\":\"https:\\\/\\\/urbeamea.ro\\\/albaiulia\\\/#\\\/schema\\\/person\\\/9700d21fae21c4f038b0b56f4506264a\"},\"description\":\"Pe timpul S\u0103rb\u0103torilor de Iarn\u0103, jandarmii din Alba sunt preg\u0103ti\u0163i de ac\u0163iune \u015fi vor participa la asigurarea unui climat de normalitate \u015fi siguran\u0163\u0103.\",\"breadcrumb\":{\"@id\":\"https:\\\/\\\/urbeamea.ro\\\/albaiulia\\\/jandarmii-din-alba-pregatiti-sa-asigure-un-climat-de-normalitate-si-siguranta-pe-timpul-sarbatorilor-de-iarna\\\/#breadcrumb\"},\"inLanguage\":\"ro-RO\",\"potentialAction\":[{\"@type\":\"ReadAction\",\"target\":[\"https:\\\/\\\/urbeamea.ro\\\/albaiulia\\\/jandarmii-din-alba-pregatiti-sa-asigure-un-climat-de-normalitate-si-siguranta-pe-timpul-sarbatorilor-de-iarna\\\/\"]}]},{\"@type\":\"ImageObject\",\"inLanguage\":\"ro-RO\",\"@id\":\"https:\\\/\\\/urbeamea.ro\\\/albaiulia\\\/jandarmii-din-alba-pregatiti-sa-asigure-un-climat-de-normalitate-si-siguranta-pe-timpul-sarbatorilor-de-iarna\\\/#primaryimage\",\"url\":\"https:\\\/\\\/urbeamea.ro\\\/albaiulia\\\/wp-content\\\/uploads\\\/2015\\\/05\\\/jandarmi.jpg\",\"contentUrl\":\"https:\\\/\\\/urbeamea.ro\\\/albaiulia\\\/wp-content\\\/uploads\\\/2015\\\/05\\\/jandarmi.jpg\",\"width\":700,\"height\":451},{\"@type\":\"BreadcrumbList\",\"@id\":\"https:\\\/\\\/urbeamea.ro\\\/albaiulia\\\/jandarmii-din-alba-pregatiti-sa-asigure-un-climat-de-normalitate-si-siguranta-pe-timpul-sarbatorilor-de-iarna\\\/#breadcrumb\",\"itemListElement\":[{\"@type\":\"ListItem\",\"position\":1,\"name\":\"Prima pagin\u0103\",\"item\":\"https:\\\/\\\/urbeamea.ro\\\/albaiulia\\\/\"},{\"@type\":\"ListItem\",\"position\":2,\"name\":\"Jandarmii din Alba, preg\u0103ti\u021bi s\u0103 asigure un climat de normalitate \u0219i siguran\u021b\u0103 pe timpul S\u0103rb\u0103torilor de Iarn\u0103\"}]},{\"@type\":\"WebSite\",\"@id\":\"https:\\\/\\\/urbeamea.ro\\\/albaiulia\\\/#website\",\"url\":\"https:\\\/\\\/urbeamea.ro\\\/albaiulia\\\/\",\"name\":\"Revista Urbea Mea, Stiri urbane\",\"description\":\"Evenimente \u0219i \u0219tiri din Alba Iulia, Sebe\u0219, Aiud, Blaj\",\"potentialAction\":[{\"@type\":\"SearchAction\",\"target\":{\"@type\":\"EntryPoint\",\"urlTemplate\":\"https:\\\/\\\/urbeamea.ro\\\/albaiulia\\\/?s={search_term_string}\"},\"query-input\":{\"@type\":\"PropertyValueSpecification\",\"valueRequired\":true,\"valueName\":\"search_term_string\"}}],\"inLanguage\":\"ro-RO\"},{\"@type\":\"Person\",\"@id\":\"https:\\\/\\\/urbeamea.ro\\\/albaiulia\\\/#\\\/schema\\\/person\\\/9700d21fae21c4f038b0b56f4506264a\",\"name\":\"Cristina Ganga\",\"image\":{\"@type\":\"ImageObject\",\"inLanguage\":\"ro-RO\",\"@id\":\"https:\\\/\\\/secure.gravatar.com\\\/avatar\\\/5a67661041f057b4a8ccaf26f5a8e86e2689372006d01faf3dd9eeb10b654bb4?s=96&d=mm&r=g\",\"url\":\"https:\\\/\\\/secure.gravatar.com\\\/avatar\\\/5a67661041f057b4a8ccaf26f5a8e86e2689372006d01faf3dd9eeb10b654bb4?s=96&d=mm&r=g\",\"contentUrl\":\"https:\\\/\\\/secure.gravatar.com\\\/avatar\\\/5a67661041f057b4a8ccaf26f5a8e86e2689372006d01faf3dd9eeb10b654bb4?s=96&d=mm&r=g\",\"caption\":\"Cristina Ganga\"},\"description\":\"Jurnalist\",\"sameAs\":[\"https:\\\/\\\/www.facebook.com\\\/cristina.nicola.587\"],\"url\":\"https:\\\/\\\/urbeamea.ro\\\/albaiulia\\\/author\\\/cristina-nicola\\\/\"}]}<\/script>\n<!-- \/ Yoast SEO plugin. -->","yoast_head_json":{"title":"Jandarmii din Alba, preg\u0103ti\u021bi s\u0103 asigure un climat de normalitate \u0219i siguran\u021b\u0103 pe timpul S\u0103rb\u0103torilor de Iarn\u0103 - Revista Urbea Mea - Revista de Alba","description":"Pe timpul S\u0103rb\u0103torilor de Iarn\u0103, jandarmii din Alba sunt preg\u0103ti\u0163i de ac\u0163iune \u015fi vor participa la asigurarea unui climat de normalitate \u015fi siguran\u0163\u0103.","robots":{"index":"index","follow":"follow","max-snippet":"max-snippet:-1","max-image-preview":"max-image-preview:large","max-video-preview":"max-video-preview:-1"},"canonical":"https:\/\/urbeamea.ro\/albaiulia\/jandarmii-din-alba-pregatiti-sa-asigure-un-climat-de-normalitate-si-siguranta-pe-timpul-sarbatorilor-de-iarna\/","twitter_card":"summary_large_image","twitter_title":"Jandarmii din Alba, preg\u0103ti\u021bi s\u0103 asigure un climat de normalitate \u0219i siguran\u021b\u0103 pe timpul S\u0103rb\u0103torilor de Iarn\u0103 - Revista Urbea Mea - Revista de Alba","twitter_description":"Pe timpul S\u0103rb\u0103torilor de Iarn\u0103, jandarmii din Alba sunt preg\u0103ti\u0163i de ac\u0163iune \u015fi vor participa la asigurarea unui climat de normalitate \u015fi siguran\u0163\u0103.","twitter_image":"https:\/\/urbeamea.ro\/albaiulia\/wp-content\/uploads\/2015\/05\/jandarmi.jpg","twitter_creator":"@urbeameaweb","twitter_site":"@urbeameaweb","schema":{"@context":"https:\/\/schema.org","@graph":[{"@type":"Article","@id":"https:\/\/urbeamea.ro\/albaiulia\/jandarmii-din-alba-pregatiti-sa-asigure-un-climat-de-normalitate-si-siguranta-pe-timpul-sarbatorilor-de-iarna\/#article","isPartOf":{"@id":"https:\/\/urbeamea.ro\/albaiulia\/jandarmii-din-alba-pregatiti-sa-asigure-un-climat-de-normalitate-si-siguranta-pe-timpul-sarbatorilor-de-iarna\/"},"author":{"name":"Cristina Ganga","@id":"https:\/\/urbeamea.ro\/albaiulia\/#\/schema\/person\/9700d21fae21c4f038b0b56f4506264a"},"headline":"Jandarmii din Alba, preg\u0103ti\u021bi s\u0103 asigure un climat de normalitate \u0219i siguran\u021b\u0103 pe timpul S\u0103rb\u0103torilor de Iarn\u0103","datePublished":"2015-12-23T07:23:45+00:00","dateModified":"2016-01-18T15:37:05+00:00","mainEntityOfPage":{"@id":"https:\/\/urbeamea.ro\/albaiulia\/jandarmii-din-alba-pregatiti-sa-asigure-un-climat-de-normalitate-si-siguranta-pe-timpul-sarbatorilor-de-iarna\/"},"wordCount":592,"commentCount":0,"image":{"@id":"https:\/\/urbeamea.ro\/albaiulia\/jandarmii-din-alba-pregatiti-sa-asigure-un-climat-de-normalitate-si-siguranta-pe-timpul-sarbatorilor-de-iarna\/#primaryimage"},"thumbnailUrl":"https:\/\/urbeamea.ro\/albaiulia\/wp-content\/uploads\/2015\/05\/jandarmi.jpg","keywords":["jandarmi","jandarmi montani","ordine publica","patrule de mentinere","politisti","siguranta","stiri","subunitati de interventie","Urbea Mea"],"articleSection":["Social"],"inLanguage":"ro-RO","potentialAction":[{"@type":"CommentAction","name":"Comment","target":["https:\/\/urbeamea.ro\/albaiulia\/jandarmii-din-alba-pregatiti-sa-asigure-un-climat-de-normalitate-si-siguranta-pe-timpul-sarbatorilor-de-iarna\/#respond"]}]},{"@type":"WebPage","@id":"https:\/\/urbeamea.ro\/albaiulia\/jandarmii-din-alba-pregatiti-sa-asigure-un-climat-de-normalitate-si-siguranta-pe-timpul-sarbatorilor-de-iarna\/","url":"https:\/\/urbeamea.ro\/albaiulia\/jandarmii-din-alba-pregatiti-sa-asigure-un-climat-de-normalitate-si-siguranta-pe-timpul-sarbatorilor-de-iarna\/","name":"Jandarmii din Alba, preg\u0103ti\u021bi s\u0103 asigure un climat de normalitate \u0219i siguran\u021b\u0103 pe timpul S\u0103rb\u0103torilor de Iarn\u0103 - Revista Urbea Mea - Revista de Alba","isPartOf":{"@id":"https:\/\/urbeamea.ro\/albaiulia\/#website"},"primaryImageOfPage":{"@id":"https:\/\/urbeamea.ro\/albaiulia\/jandarmii-din-alba-pregatiti-sa-asigure-un-climat-de-normalitate-si-siguranta-pe-timpul-sarbatorilor-de-iarna\/#primaryimage"},"image":{"@id":"https:\/\/urbeamea.ro\/albaiulia\/jandarmii-din-alba-pregatiti-sa-asigure-un-climat-de-normalitate-si-siguranta-pe-timpul-sarbatorilor-de-iarna\/#primaryimage"},"thumbnailUrl":"https:\/\/urbeamea.ro\/albaiulia\/wp-content\/uploads\/2015\/05\/jandarmi.jpg","datePublished":"2015-12-23T07:23:45+00:00","dateModified":"2016-01-18T15:37:05+00:00","author":{"@id":"https:\/\/urbeamea.ro\/albaiulia\/#\/schema\/person\/9700d21fae21c4f038b0b56f4506264a"},"description":"Pe timpul S\u0103rb\u0103torilor de Iarn\u0103, jandarmii din Alba sunt preg\u0103ti\u0163i de ac\u0163iune \u015fi vor participa la asigurarea unui climat de normalitate \u015fi siguran\u0163\u0103.","breadcrumb":{"@id":"https:\/\/urbeamea.ro\/albaiulia\/jandarmii-din-alba-pregatiti-sa-asigure-un-climat-de-normalitate-si-siguranta-pe-timpul-sarbatorilor-de-iarna\/#breadcrumb"},"inLanguage":"ro-RO","potentialAction":[{"@type":"ReadAction","target":["https:\/\/urbeamea.ro\/albaiulia\/jandarmii-din-alba-pregatiti-sa-asigure-un-climat-de-normalitate-si-siguranta-pe-timpul-sarbatorilor-de-iarna\/"]}]},{"@type":"ImageObject","inLanguage":"ro-RO","@id":"https:\/\/urbeamea.ro\/albaiulia\/jandarmii-din-alba-pregatiti-sa-asigure-un-climat-de-normalitate-si-siguranta-pe-timpul-sarbatorilor-de-iarna\/#primaryimage","url":"https:\/\/urbeamea.ro\/albaiulia\/wp-content\/uploads\/2015\/05\/jandarmi.jpg","contentUrl":"https:\/\/urbeamea.ro\/albaiulia\/wp-content\/uploads\/2015\/05\/jandarmi.jpg","width":700,"height":451},{"@type":"BreadcrumbList","@id":"https:\/\/urbeamea.ro\/albaiulia\/jandarmii-din-alba-pregatiti-sa-asigure-un-climat-de-normalitate-si-siguranta-pe-timpul-sarbatorilor-de-iarna\/#breadcrumb","itemListElement":[{"@type":"ListItem","position":1,"name":"Prima pagin\u0103","item":"https:\/\/urbeamea.ro\/albaiulia\/"},{"@type":"ListItem","position":2,"name":"Jandarmii din Alba, preg\u0103ti\u021bi s\u0103 asigure un climat de normalitate \u0219i siguran\u021b\u0103 pe timpul S\u0103rb\u0103torilor de Iarn\u0103"}]},{"@type":"WebSite","@id":"https:\/\/urbeamea.ro\/albaiulia\/#website","url":"https:\/\/urbeamea.ro\/albaiulia\/","name":"Revista Urbea Mea, Stiri urbane","description":"Evenimente \u0219i \u0219tiri din Alba Iulia, Sebe\u0219, Aiud, Blaj","potentialAction":[{"@type":"SearchAction","target":{"@type":"EntryPoint","urlTemplate":"https:\/\/urbeamea.ro\/albaiulia\/?s={search_term_string}"},"query-input":{"@type":"PropertyValueSpecification","valueRequired":true,"valueName":"search_term_string"}}],"inLanguage":"ro-RO"},{"@type":"Person","@id":"https:\/\/urbeamea.ro\/albaiulia\/#\/schema\/person\/9700d21fae21c4f038b0b56f4506264a","name":"Cristina Ganga","image":{"@type":"ImageObject","inLanguage":"ro-RO","@id":"https:\/\/secure.gravatar.com\/avatar\/5a67661041f057b4a8ccaf26f5a8e86e2689372006d01faf3dd9eeb10b654bb4?s=96&d=mm&r=g","url":"https:\/\/secure.gravatar.com\/avatar\/5a67661041f057b4a8ccaf26f5a8e86e2689372006d01faf3dd9eeb10b654bb4?s=96&d=mm&r=g","contentUrl":"https:\/\/secure.gravatar.com\/avatar\/5a67661041f057b4a8ccaf26f5a8e86e2689372006d01faf3dd9eeb10b654bb4?s=96&d=mm&r=g","caption":"Cristina Ganga"},"description":"Jurnalist","sameAs":["https:\/\/www.facebook.com\/cristina.nicola.587"],"url":"https:\/\/urbeamea.ro\/albaiulia\/author\/cristina-nicola\/"}]}},"_links":{"self":[{"href":"https:\/\/urbeamea.ro\/albaiulia\/wp-json\/wp\/v2\/posts\/16074","targetHints":{"allow":["GET"]}}],"collection":[{"href":"https:\/\/urbeamea.ro\/albaiulia\/wp-json\/wp\/v2\/posts"}],"about":[{"href":"https:\/\/urbeamea.ro\/albaiulia\/wp-json\/wp\/v2\/types\/post"}],"author":[{"embeddable":true,"href":"https:\/\/urbeamea.ro\/albaiulia\/wp-json\/wp\/v2\/users\/17"}],"replies":[{"embeddable":true,"href":"https:\/\/urbeamea.ro\/albaiulia\/wp-json\/wp\/v2\/comments?post=16074"}],"version-history":[{"count":0,"href":"https:\/\/urbeamea.ro\/albaiulia\/wp-json\/wp\/v2\/posts\/16074\/revisions"}],"wp:featuredmedia":[{"embeddable":true,"href":"https:\/\/urbeamea.ro\/albaiulia\/wp-json\/wp\/v2\/media\/4566"}],"wp:attachment":[{"href":"https:\/\/urbeamea.ro\/albaiulia\/wp-json\/wp\/v2\/media?parent=16074"}],"wp:term":[{"taxonomy":"category","embeddable":true,"href":"https:\/\/urbeamea.ro\/albaiulia\/wp-json\/wp\/v2\/categories?post=16074"},{"taxonomy":"post_tag","embeddable":true,"href":"https:\/\/urbeamea.ro\/albaiulia\/wp-json\/wp\/v2\/tags?post=16074"}],"curies":[{"name":"wp","href":"https:\/\/api.w.org\/{rel}","templated":true}]}}