{"id":16139,"date":"2015-12-28T15:48:12","date_gmt":"2015-12-28T13:48:12","guid":{"rendered":"http:\/\/urbeamea.ro\/albaiulia\/?p=16139"},"modified":"2015-12-28T15:48:12","modified_gmt":"2015-12-28T13:48:12","slug":"magazine-institutii-publice-si-transport-in-alba-iulia-unde-este-deschis-de-anul-nou","status":"publish","type":"post","link":"https:\/\/urbeamea.ro\/albaiulia\/magazine-institutii-publice-si-transport-in-alba-iulia-unde-este-deschis-de-anul-nou\/","title":{"rendered":"Magazine, institu\u0163ii publice \u015fi transport \u00een Alba Iulia: Unde este deschis de Anul Nou"},"content":{"rendered":"<p><strong><img loading=\"lazy\" decoding=\"async\" class=\"size-medium wp-image-16077 alignleft\" src=\"http:\/\/urbeamea.ro\/albaiulia\/wp-content\/uploads\/2015\/12\/cumparaturi-300x200.jpg\" alt=\"cumparaturi\" width=\"300\" height=\"200\" \/>\u00cen perioada 28 decembrie &#8211; 3 ianuarie, institu\u0163iile publice, magazinele \u015fi operatorii de servicii publice lucreaz\u0103 dup\u0103 un program special. Pentru cei care vor s\u0103-\u015fi organizeze programul de Revelion \u015fi au l\u0103sat cump\u0103r\u0103turile pe uultima sut\u0103 de metri, Urbea Mea pune la dispozi\u0163ia tuturor informa\u0163ii actualizate despre orarul \u015fi loca\u0163iile din care v\u0103 aproviziona sau beneficia de servicii \u00een perioada 28 decembrie \u2013 4 ianuarie.<br \/>\n<\/strong><\/p>\n<p>V\u0103 prezent\u0103m programul de func\u0163ionare a supermarket-urilor, magazinelor, institu\u0163iilor publice \u0219i principalilor furnizori de servicii din Alba Iulia \u00een perioada Revelionului:<\/p>\n<p><strong>SUPERMARKET \u2013 produse alimentare \u015fi altele<\/strong><\/p>\n<p><strong>Kaufland Alba Iulia<\/strong><\/p>\n<p>Luni, 28 decembrie: 7.00 \u2013 22.30<\/p>\n<p>Mar\u0163i, 29 decembrie: 7.00 \u2013 22.30<\/p>\n<p>Miercuri, 30 decembrie: 7.00 \u2013 22.30<\/p>\n<p>Joi, 31 decembrie: 7.00 \u2013 16.00<\/p>\n<p>Vineri, 1 ianuarie: \u00cenchis<\/p>\n<p>S\u00e2mb\u0103t\u0103, 2 ianuarie: 9.30 \u2013 16.00<\/p>\n<p>Duminic\u0103, 3 ianuarie: 8.00 \u2013 19.00 (program normal)<\/p>\n<p>Luni, 4 ianuarie: 7.30 \u2013 21.00 (program normal)<\/p>\n<p><strong>Carrefour \u2013 Alba Mall<\/strong><\/p>\n<p>Luni, 28 decembrie: 8.00 \u2013 23.00<\/p>\n<p>Mar\u0163i, 29 decembrie: 8.00 \u2013 23.00<\/p>\n<p>Miercuri, 30 decembrie: 8.00 \u2013 23.00<\/p>\n<p>Joi, 31 decembrie: 8.00-18.00<\/p>\n<p>Vineri, 1 ianuarie: \u00cenchis<\/p>\n<p>S\u00e2mb\u0103t\u0103, 2 ianuarie: 10.00 \u2013 18.00<\/p>\n<p>Duminic\u0103, 3 ianuarie: 8.00 \u2013 22.00<\/p>\n<p>Luni, 4 ianuarie: 8.00 \u2013 22.00<\/p>\n<p><strong>Alba Mall \u2013 magazine<\/strong><\/p>\n<p>Luni, 28 decembrie: 10.00 \u2013 22.00<\/p>\n<p>Mar\u0163i, 29 decembrie: 10.00 \u2013 22.00<\/p>\n<p>Miercuri, 30 decembrie: 10.00 \u2013 22.00<\/p>\n<p>Joi, 31 decembrie: 10.00 \u2013 16.00<\/p>\n<p>Vineri, 1 ianuarie: \u00cenchis<\/p>\n<p>S\u00e2mb\u0103t\u0103, 2 ianuarie: 14.00 \u2013 22.00<\/p>\n<p>Duminic\u0103, 3 ianuarie: 10.00 \u2013 22.00<\/p>\n<p>Luni, 4 ianuarie: 10.00 \u2013 22.00<\/p>\n<p><strong>Lidl Alba Iulia<\/strong><\/p>\n<p>Luni, 28 decembrie: 7.30 \u2013 22.00<\/p>\n<p>Mar\u0163i, 29 decembrie: 7.30 \u2013 22.00<\/p>\n<p>Miercuri, 30 decembrie: 7.30 \u2013 23.00<\/p>\n<p>Joi, 31 decembrie: 7.30 \u2013 19.00<\/p>\n<p>Vineri, 1 ianuarie: \u00cenchis<\/p>\n<p>S\u00e2mb\u0103t\u0103, 2 ianuarie: 10.00 \u2013 18.00<\/p>\n<p>Duminic\u0103, 3 ianuarie: 8.00 \u2013 20.00<\/p>\n<p>Luni, 4 ianuarie: 7.30 \u2013 22.00<\/p>\n<p><strong>Penny Market Alba Iulia<\/strong><\/p>\n<p>Luni, 28 decembrie: 7.00 \u2013 23.00<\/p>\n<p>Mar\u0163i, 29 decembrie: 7.00 \u2013 23.00<\/p>\n<p>Miercuri, 30 decembrie: 7.00 \u2013 23.00<\/p>\n<p>Joi, 31 decembrie: 7.00 \u2013 18.00<\/p>\n<p>Vineri, 1 ianuarie: \u00cenchis<\/p>\n<p>S\u00e2mb\u0103t\u0103, 2 ianuarie: 9.00 \u2013 16.00<\/p>\n<p>Duminic\u0103, 3 ianuarie: 8.00 \u2013 21.00<\/p>\n<p>Luni, 4 ianuarie: 7.00 \u2013 23.00<\/p>\n<p><strong>Profi Alba Iulia<\/strong><\/p>\n<p>Luni, 28 decembrie: 7.00 \u2013 24.00<\/p>\n<p>Mar\u0163i, 29 decembrie: 7.00 \u2013 24.00<\/p>\n<p>Miercuri, 30 decembrie: 7.00 \u2013 24.00<\/p>\n<p>Joi, 31 decembrie: 7.00 \u2013 19.00<\/p>\n<p>Vineri, 1 ianuarie: \u00cenchis<\/p>\n<p>S\u00e2mb\u0103t\u0103, 2 ianuarie: 10.00 \u2013 18.00<\/p>\n<p>Duminic\u0103, 3 ianuarie: 8.00 \u2013 20.00<\/p>\n<p>Luni, 4 ianuarie: 7.00 \u2013 22.00<\/p>\n<p><strong>Dedeman Alba Iulia<\/strong><\/p>\n<p>Luni, 28 decembrie: 8.00 \u2013 21.00<\/p>\n<p>Mar\u0163i, 29 decembrie: 8.00 \u2013 21.00<\/p>\n<p>Miercuri, 30 decembrie: 8.00 \u2013 21.00<\/p>\n<p>Joi, 31 decembrie: 8.00 \u2013 15.00<\/p>\n<p>Vineri, 1 ianuarie: \u00eenchis<\/p>\n<p>S\u00e2mb\u0103t\u0103, 2 ianuarie: \u00cenchis<\/p>\n<p>Duminic\u0103, 3 ianuarie: 9.00 \u2013 18.00<\/p>\n<p>Luni, 4 ianuarie: 8.00 \u2013 21.00<\/p>\n<p><strong>Farmacia Remedia Alba Iulia, \u00een centru (parterul Blocului 280), are program non-sop, inclusiv de s\u0103rb\u0103tori.<\/strong><\/p>\n<p><strong>PO\u015eTA \u2013 oficiile po\u015ftale urbane din jude\u0163ul Alba<\/strong><\/p>\n<p>Luni, 28 decembrie: program normal, orele 7.30 \u2013 19.30<\/p>\n<p>Mar\u0163i, 29 decembrie: program normal, orele 7.30 \u2013 19.30<\/p>\n<p>Miercuri, 30 decembrie: program normal, orele 7.30 \u2013 19.30<\/p>\n<p>Joi, 31 decembrie: \u00eenchis<\/p>\n<p>Vineri, 1 ianuarie: \u00eenchis<\/p>\n<p>S\u00e2mb\u0103t\u0103, 2 ianuarie: \u00eenchis<\/p>\n<p>Duminic\u0103, 3 ianuarie: \u00eenchis<\/p>\n<p>Luni, 4 ianuarie: program normal, orele 7.30 \u2013 19.30<\/p>\n<p>Programul de circula\u021bie al STP Alba Iulia \u00een zonele metropolitane 1-7 va fi urm\u0103torul:<\/p>\n<p>1 \u0219i 3 ianuarie 2016 \u2013 program de duminic\u0103<\/p>\n<p>2 ianuarie 2016 \u2013 program de s\u00e2mb\u0103t\u0103.<\/p>\n<p><strong>Banca Transilvania Alba Iulia<\/strong><\/p>\n<p>Luni, 28 decembrie: program normal (sucursal\u0103, \u00eentre orele 9.00 \u2013 17.30, agen\u0163ii, 9.00-17.00, punct de lucru Alba Mall 10.00-19.00)<\/p>\n<p>Mar\u0163i, 29 decembrie: program normal (sucursal\u0103, \u00eentre orele 9.00 \u2013 17.30, agen\u0163ii, 9.00-17.00, punct de lucru Alba Mall 10.00-19.00)<\/p>\n<p>Miercuri, 30 decembrie: (sucursal\u0103, \u00eentre orele 9.00 \u2013 17.30, agen\u0163ii, 9.00-17.00, punct de lucru Alba Mall 10.00-19.00)<\/p>\n<p>Joi, 31 decembrie: 9.00-16.00 (sucursal\u0103), 10.00-16.00 (punct lucru Alba Mall)<\/p>\n<p>Vineri, 1 ianuarie: \u00cenchis (sucursal\u0103, agen\u0163ii, punct lucru Alba Mall)<\/p>\n<p>S\u00e2mb\u0103t\u0103, 2 ianuarie: \u00cenchis (sucursal\u0103, agen\u0163ii, punct lucru Alba Mall)<\/p>\n<p>Duminic\u0103, 3 ianuarie: 10.00-19.00 (punct lucru Alba Mall)<\/p>\n<p>Luni, 4 ianuarie: program normal (sucursal\u0103, \u00eentre orele 9.00 \u2013 17.30, agen\u0163ii, 9.00-17.00, punct de lucru Alba Mall 10.00-19.00).<\/p>\n","protected":false},"excerpt":{"rendered":"<p>\u00cen perioada 28 decembrie &#8211; 3 ianuarie, institu\u0163iile publice, magazinele \u015fi operatorii de servicii publice lucreaz\u0103 dup\u0103 un program special. Pentru cei care vor s\u0103-\u015fi organizeze programul de Revelion \u015fi au l\u0103sat cump\u0103r\u0103turile pe uultima sut\u0103 de metri, Urbea Mea pune la dispozi\u0163ia tuturor informa\u0163ii actualizate despre orarul \u015fi loca\u0163iile din care v\u0103 aproviziona sau &hellip;<\/p>\n","protected":false},"author":17,"featured_media":16077,"comment_status":"open","ping_status":"open","sticky":false,"template":"","format":"standard","meta":{"inline_featured_image":false,"footnotes":""},"categories":[1],"tags":[978,1635,1674,1671,1638,1673,346,1602,308,1672,76],"class_list":["post-16139","post","type-post","status-publish","format-standard","has-post-thumbnail","hentry","category-stiri-urbane","tag-anul-nou","tag-cumparaturi","tag-farmacie","tag-institurii-publice","tag-magazine","tag-posta","tag-program","tag-revelion","tag-stiri","tag-transport","tag-urbea-mea"],"yoast_head":"<!-- This site is optimized with the Yoast SEO plugin v28.3 - https:\/\/yoast.com\/product\/yoast-seo-wordpress\/ -->\n<title>Magazine, institu\u0163ii publice \u015fi transport \u00een Alba Iulia: Unde este deschis de Anul Nou - Revista Urbea Mea - Revista de Alba<\/title>\n<meta name=\"description\" content=\"\u00cen perioada 28 decembrie - 3 ianuarie, institu\u0163iile publice, magazinele \u015fi operatorii de servicii publice lucreaz\u0103 dup\u0103 un program special. Pentru cei\" \/>\n<meta name=\"robots\" content=\"index, follow, max-snippet:-1, max-image-preview:large, max-video-preview:-1\" \/>\n<link rel=\"canonical\" href=\"https:\/\/urbeamea.ro\/albaiulia\/magazine-institutii-publice-si-transport-in-alba-iulia-unde-este-deschis-de-anul-nou\/\" \/>\n<meta name=\"twitter:card\" content=\"summary_large_image\" \/>\n<meta name=\"twitter:title\" content=\"Magazine, institu\u0163ii publice \u015fi transport \u00een Alba Iulia: Unde este deschis de Anul Nou - Revista Urbea Mea - Revista de Alba\" \/>\n<meta name=\"twitter:description\" content=\"\u00cen perioada 28 decembrie - 3 ianuarie, institu\u0163iile publice, magazinele \u015fi operatorii de servicii publice lucreaz\u0103 dup\u0103 un program special. Pentru cei\" \/>\n<meta name=\"twitter:image\" content=\"https:\/\/urbeamea.ro\/albaiulia\/wp-content\/uploads\/2015\/12\/cumparaturi.jpg\" \/>\n<meta name=\"twitter:creator\" content=\"@urbeameaweb\" \/>\n<meta name=\"twitter:site\" content=\"@urbeameaweb\" \/>\n<script type=\"application\/ld+json\" class=\"yoast-schema-graph\">{\"@context\":\"https:\\\/\\\/schema.org\",\"@graph\":[{\"@type\":\"Article\",\"@id\":\"https:\\\/\\\/urbeamea.ro\\\/albaiulia\\\/magazine-institutii-publice-si-transport-in-alba-iulia-unde-este-deschis-de-anul-nou\\\/#article\",\"isPartOf\":{\"@id\":\"https:\\\/\\\/urbeamea.ro\\\/albaiulia\\\/magazine-institutii-publice-si-transport-in-alba-iulia-unde-este-deschis-de-anul-nou\\\/\"},\"author\":{\"name\":\"Cristina Ganga\",\"@id\":\"https:\\\/\\\/urbeamea.ro\\\/albaiulia\\\/#\\\/schema\\\/person\\\/9700d21fae21c4f038b0b56f4506264a\"},\"headline\":\"Magazine, institu\u0163ii publice \u015fi transport \u00een Alba Iulia: Unde este deschis de Anul Nou\",\"datePublished\":\"2015-12-28T13:48:12+00:00\",\"mainEntityOfPage\":{\"@id\":\"https:\\\/\\\/urbeamea.ro\\\/albaiulia\\\/magazine-institutii-publice-si-transport-in-alba-iulia-unde-este-deschis-de-anul-nou\\\/\"},\"wordCount\":474,\"commentCount\":0,\"image\":{\"@id\":\"https:\\\/\\\/urbeamea.ro\\\/albaiulia\\\/magazine-institutii-publice-si-transport-in-alba-iulia-unde-este-deschis-de-anul-nou\\\/#primaryimage\"},\"thumbnailUrl\":\"https:\\\/\\\/urbeamea.ro\\\/albaiulia\\\/wp-content\\\/uploads\\\/2015\\\/12\\\/cumparaturi.jpg\",\"keywords\":[\"anul nou\",\"cumparaturi\",\"farmacie\",\"institurii publice\",\"magazine\",\"posta\",\"program\",\"revelion\",\"stiri\",\"transport\",\"Urbea Mea\"],\"articleSection\":[\"\u015etiri Urbane\"],\"inLanguage\":\"ro-RO\",\"potentialAction\":[{\"@type\":\"CommentAction\",\"name\":\"Comment\",\"target\":[\"https:\\\/\\\/urbeamea.ro\\\/albaiulia\\\/magazine-institutii-publice-si-transport-in-alba-iulia-unde-este-deschis-de-anul-nou\\\/#respond\"]}]},{\"@type\":\"WebPage\",\"@id\":\"https:\\\/\\\/urbeamea.ro\\\/albaiulia\\\/magazine-institutii-publice-si-transport-in-alba-iulia-unde-este-deschis-de-anul-nou\\\/\",\"url\":\"https:\\\/\\\/urbeamea.ro\\\/albaiulia\\\/magazine-institutii-publice-si-transport-in-alba-iulia-unde-este-deschis-de-anul-nou\\\/\",\"name\":\"Magazine, institu\u0163ii publice \u015fi transport \u00een Alba Iulia: Unde este deschis de Anul Nou - Revista Urbea Mea - Revista de Alba\",\"isPartOf\":{\"@id\":\"https:\\\/\\\/urbeamea.ro\\\/albaiulia\\\/#website\"},\"primaryImageOfPage\":{\"@id\":\"https:\\\/\\\/urbeamea.ro\\\/albaiulia\\\/magazine-institutii-publice-si-transport-in-alba-iulia-unde-este-deschis-de-anul-nou\\\/#primaryimage\"},\"image\":{\"@id\":\"https:\\\/\\\/urbeamea.ro\\\/albaiulia\\\/magazine-institutii-publice-si-transport-in-alba-iulia-unde-este-deschis-de-anul-nou\\\/#primaryimage\"},\"thumbnailUrl\":\"https:\\\/\\\/urbeamea.ro\\\/albaiulia\\\/wp-content\\\/uploads\\\/2015\\\/12\\\/cumparaturi.jpg\",\"datePublished\":\"2015-12-28T13:48:12+00:00\",\"author\":{\"@id\":\"https:\\\/\\\/urbeamea.ro\\\/albaiulia\\\/#\\\/schema\\\/person\\\/9700d21fae21c4f038b0b56f4506264a\"},\"description\":\"\u00cen perioada 28 decembrie - 3 ianuarie, institu\u0163iile publice, magazinele \u015fi operatorii de servicii publice lucreaz\u0103 dup\u0103 un program special. Pentru cei\",\"breadcrumb\":{\"@id\":\"https:\\\/\\\/urbeamea.ro\\\/albaiulia\\\/magazine-institutii-publice-si-transport-in-alba-iulia-unde-este-deschis-de-anul-nou\\\/#breadcrumb\"},\"inLanguage\":\"ro-RO\",\"potentialAction\":[{\"@type\":\"ReadAction\",\"target\":[\"https:\\\/\\\/urbeamea.ro\\\/albaiulia\\\/magazine-institutii-publice-si-transport-in-alba-iulia-unde-este-deschis-de-anul-nou\\\/\"]}]},{\"@type\":\"ImageObject\",\"inLanguage\":\"ro-RO\",\"@id\":\"https:\\\/\\\/urbeamea.ro\\\/albaiulia\\\/magazine-institutii-publice-si-transport-in-alba-iulia-unde-este-deschis-de-anul-nou\\\/#primaryimage\",\"url\":\"https:\\\/\\\/urbeamea.ro\\\/albaiulia\\\/wp-content\\\/uploads\\\/2015\\\/12\\\/cumparaturi.jpg\",\"contentUrl\":\"https:\\\/\\\/urbeamea.ro\\\/albaiulia\\\/wp-content\\\/uploads\\\/2015\\\/12\\\/cumparaturi.jpg\",\"width\":870,\"height\":579},{\"@type\":\"BreadcrumbList\",\"@id\":\"https:\\\/\\\/urbeamea.ro\\\/albaiulia\\\/magazine-institutii-publice-si-transport-in-alba-iulia-unde-este-deschis-de-anul-nou\\\/#breadcrumb\",\"itemListElement\":[{\"@type\":\"ListItem\",\"position\":1,\"name\":\"Prima pagin\u0103\",\"item\":\"https:\\\/\\\/urbeamea.ro\\\/albaiulia\\\/\"},{\"@type\":\"ListItem\",\"position\":2,\"name\":\"Magazine, institu\u0163ii publice \u015fi transport \u00een Alba Iulia: Unde este deschis de Anul Nou\"}]},{\"@type\":\"WebSite\",\"@id\":\"https:\\\/\\\/urbeamea.ro\\\/albaiulia\\\/#website\",\"url\":\"https:\\\/\\\/urbeamea.ro\\\/albaiulia\\\/\",\"name\":\"Revista Urbea Mea, Stiri urbane\",\"description\":\"Evenimente \u0219i \u0219tiri din Alba Iulia, Sebe\u0219, Aiud, Blaj\",\"potentialAction\":[{\"@type\":\"SearchAction\",\"target\":{\"@type\":\"EntryPoint\",\"urlTemplate\":\"https:\\\/\\\/urbeamea.ro\\\/albaiulia\\\/?s={search_term_string}\"},\"query-input\":{\"@type\":\"PropertyValueSpecification\",\"valueRequired\":true,\"valueName\":\"search_term_string\"}}],\"inLanguage\":\"ro-RO\"},{\"@type\":\"Person\",\"@id\":\"https:\\\/\\\/urbeamea.ro\\\/albaiulia\\\/#\\\/schema\\\/person\\\/9700d21fae21c4f038b0b56f4506264a\",\"name\":\"Cristina Ganga\",\"image\":{\"@type\":\"ImageObject\",\"inLanguage\":\"ro-RO\",\"@id\":\"https:\\\/\\\/secure.gravatar.com\\\/avatar\\\/5a67661041f057b4a8ccaf26f5a8e86e2689372006d01faf3dd9eeb10b654bb4?s=96&d=mm&r=g\",\"url\":\"https:\\\/\\\/secure.gravatar.com\\\/avatar\\\/5a67661041f057b4a8ccaf26f5a8e86e2689372006d01faf3dd9eeb10b654bb4?s=96&d=mm&r=g\",\"contentUrl\":\"https:\\\/\\\/secure.gravatar.com\\\/avatar\\\/5a67661041f057b4a8ccaf26f5a8e86e2689372006d01faf3dd9eeb10b654bb4?s=96&d=mm&r=g\",\"caption\":\"Cristina Ganga\"},\"description\":\"Jurnalist\",\"sameAs\":[\"https:\\\/\\\/www.facebook.com\\\/cristina.nicola.587\"],\"url\":\"https:\\\/\\\/urbeamea.ro\\\/albaiulia\\\/author\\\/cristina-nicola\\\/\"}]}<\/script>\n<!-- \/ Yoast SEO plugin. -->","yoast_head_json":{"title":"Magazine, institu\u0163ii publice \u015fi transport \u00een Alba Iulia: Unde este deschis de Anul Nou - Revista Urbea Mea - Revista de Alba","description":"\u00cen perioada 28 decembrie - 3 ianuarie, institu\u0163iile publice, magazinele \u015fi operatorii de servicii publice lucreaz\u0103 dup\u0103 un program special. Pentru cei","robots":{"index":"index","follow":"follow","max-snippet":"max-snippet:-1","max-image-preview":"max-image-preview:large","max-video-preview":"max-video-preview:-1"},"canonical":"https:\/\/urbeamea.ro\/albaiulia\/magazine-institutii-publice-si-transport-in-alba-iulia-unde-este-deschis-de-anul-nou\/","twitter_card":"summary_large_image","twitter_title":"Magazine, institu\u0163ii publice \u015fi transport \u00een Alba Iulia: Unde este deschis de Anul Nou - Revista Urbea Mea - Revista de Alba","twitter_description":"\u00cen perioada 28 decembrie - 3 ianuarie, institu\u0163iile publice, magazinele \u015fi operatorii de servicii publice lucreaz\u0103 dup\u0103 un program special. Pentru cei","twitter_image":"https:\/\/urbeamea.ro\/albaiulia\/wp-content\/uploads\/2015\/12\/cumparaturi.jpg","twitter_creator":"@urbeameaweb","twitter_site":"@urbeameaweb","schema":{"@context":"https:\/\/schema.org","@graph":[{"@type":"Article","@id":"https:\/\/urbeamea.ro\/albaiulia\/magazine-institutii-publice-si-transport-in-alba-iulia-unde-este-deschis-de-anul-nou\/#article","isPartOf":{"@id":"https:\/\/urbeamea.ro\/albaiulia\/magazine-institutii-publice-si-transport-in-alba-iulia-unde-este-deschis-de-anul-nou\/"},"author":{"name":"Cristina Ganga","@id":"https:\/\/urbeamea.ro\/albaiulia\/#\/schema\/person\/9700d21fae21c4f038b0b56f4506264a"},"headline":"Magazine, institu\u0163ii publice \u015fi transport \u00een Alba Iulia: Unde este deschis de Anul Nou","datePublished":"2015-12-28T13:48:12+00:00","mainEntityOfPage":{"@id":"https:\/\/urbeamea.ro\/albaiulia\/magazine-institutii-publice-si-transport-in-alba-iulia-unde-este-deschis-de-anul-nou\/"},"wordCount":474,"commentCount":0,"image":{"@id":"https:\/\/urbeamea.ro\/albaiulia\/magazine-institutii-publice-si-transport-in-alba-iulia-unde-este-deschis-de-anul-nou\/#primaryimage"},"thumbnailUrl":"https:\/\/urbeamea.ro\/albaiulia\/wp-content\/uploads\/2015\/12\/cumparaturi.jpg","keywords":["anul nou","cumparaturi","farmacie","institurii publice","magazine","posta","program","revelion","stiri","transport","Urbea Mea"],"articleSection":["\u015etiri Urbane"],"inLanguage":"ro-RO","potentialAction":[{"@type":"CommentAction","name":"Comment","target":["https:\/\/urbeamea.ro\/albaiulia\/magazine-institutii-publice-si-transport-in-alba-iulia-unde-este-deschis-de-anul-nou\/#respond"]}]},{"@type":"WebPage","@id":"https:\/\/urbeamea.ro\/albaiulia\/magazine-institutii-publice-si-transport-in-alba-iulia-unde-este-deschis-de-anul-nou\/","url":"https:\/\/urbeamea.ro\/albaiulia\/magazine-institutii-publice-si-transport-in-alba-iulia-unde-este-deschis-de-anul-nou\/","name":"Magazine, institu\u0163ii publice \u015fi transport \u00een Alba Iulia: Unde este deschis de Anul Nou - Revista Urbea Mea - Revista de Alba","isPartOf":{"@id":"https:\/\/urbeamea.ro\/albaiulia\/#website"},"primaryImageOfPage":{"@id":"https:\/\/urbeamea.ro\/albaiulia\/magazine-institutii-publice-si-transport-in-alba-iulia-unde-este-deschis-de-anul-nou\/#primaryimage"},"image":{"@id":"https:\/\/urbeamea.ro\/albaiulia\/magazine-institutii-publice-si-transport-in-alba-iulia-unde-este-deschis-de-anul-nou\/#primaryimage"},"thumbnailUrl":"https:\/\/urbeamea.ro\/albaiulia\/wp-content\/uploads\/2015\/12\/cumparaturi.jpg","datePublished":"2015-12-28T13:48:12+00:00","author":{"@id":"https:\/\/urbeamea.ro\/albaiulia\/#\/schema\/person\/9700d21fae21c4f038b0b56f4506264a"},"description":"\u00cen perioada 28 decembrie - 3 ianuarie, institu\u0163iile publice, magazinele \u015fi operatorii de servicii publice lucreaz\u0103 dup\u0103 un program special. Pentru cei","breadcrumb":{"@id":"https:\/\/urbeamea.ro\/albaiulia\/magazine-institutii-publice-si-transport-in-alba-iulia-unde-este-deschis-de-anul-nou\/#breadcrumb"},"inLanguage":"ro-RO","potentialAction":[{"@type":"ReadAction","target":["https:\/\/urbeamea.ro\/albaiulia\/magazine-institutii-publice-si-transport-in-alba-iulia-unde-este-deschis-de-anul-nou\/"]}]},{"@type":"ImageObject","inLanguage":"ro-RO","@id":"https:\/\/urbeamea.ro\/albaiulia\/magazine-institutii-publice-si-transport-in-alba-iulia-unde-este-deschis-de-anul-nou\/#primaryimage","url":"https:\/\/urbeamea.ro\/albaiulia\/wp-content\/uploads\/2015\/12\/cumparaturi.jpg","contentUrl":"https:\/\/urbeamea.ro\/albaiulia\/wp-content\/uploads\/2015\/12\/cumparaturi.jpg","width":870,"height":579},{"@type":"BreadcrumbList","@id":"https:\/\/urbeamea.ro\/albaiulia\/magazine-institutii-publice-si-transport-in-alba-iulia-unde-este-deschis-de-anul-nou\/#breadcrumb","itemListElement":[{"@type":"ListItem","position":1,"name":"Prima pagin\u0103","item":"https:\/\/urbeamea.ro\/albaiulia\/"},{"@type":"ListItem","position":2,"name":"Magazine, institu\u0163ii publice \u015fi transport \u00een Alba Iulia: Unde este deschis de Anul Nou"}]},{"@type":"WebSite","@id":"https:\/\/urbeamea.ro\/albaiulia\/#website","url":"https:\/\/urbeamea.ro\/albaiulia\/","name":"Revista Urbea Mea, Stiri urbane","description":"Evenimente \u0219i \u0219tiri din Alba Iulia, Sebe\u0219, Aiud, Blaj","potentialAction":[{"@type":"SearchAction","target":{"@type":"EntryPoint","urlTemplate":"https:\/\/urbeamea.ro\/albaiulia\/?s={search_term_string}"},"query-input":{"@type":"PropertyValueSpecification","valueRequired":true,"valueName":"search_term_string"}}],"inLanguage":"ro-RO"},{"@type":"Person","@id":"https:\/\/urbeamea.ro\/albaiulia\/#\/schema\/person\/9700d21fae21c4f038b0b56f4506264a","name":"Cristina Ganga","image":{"@type":"ImageObject","inLanguage":"ro-RO","@id":"https:\/\/secure.gravatar.com\/avatar\/5a67661041f057b4a8ccaf26f5a8e86e2689372006d01faf3dd9eeb10b654bb4?s=96&d=mm&r=g","url":"https:\/\/secure.gravatar.com\/avatar\/5a67661041f057b4a8ccaf26f5a8e86e2689372006d01faf3dd9eeb10b654bb4?s=96&d=mm&r=g","contentUrl":"https:\/\/secure.gravatar.com\/avatar\/5a67661041f057b4a8ccaf26f5a8e86e2689372006d01faf3dd9eeb10b654bb4?s=96&d=mm&r=g","caption":"Cristina Ganga"},"description":"Jurnalist","sameAs":["https:\/\/www.facebook.com\/cristina.nicola.587"],"url":"https:\/\/urbeamea.ro\/albaiulia\/author\/cristina-nicola\/"}]}},"_links":{"self":[{"href":"https:\/\/urbeamea.ro\/albaiulia\/wp-json\/wp\/v2\/posts\/16139","targetHints":{"allow":["GET"]}}],"collection":[{"href":"https:\/\/urbeamea.ro\/albaiulia\/wp-json\/wp\/v2\/posts"}],"about":[{"href":"https:\/\/urbeamea.ro\/albaiulia\/wp-json\/wp\/v2\/types\/post"}],"author":[{"embeddable":true,"href":"https:\/\/urbeamea.ro\/albaiulia\/wp-json\/wp\/v2\/users\/17"}],"replies":[{"embeddable":true,"href":"https:\/\/urbeamea.ro\/albaiulia\/wp-json\/wp\/v2\/comments?post=16139"}],"version-history":[{"count":0,"href":"https:\/\/urbeamea.ro\/albaiulia\/wp-json\/wp\/v2\/posts\/16139\/revisions"}],"wp:featuredmedia":[{"embeddable":true,"href":"https:\/\/urbeamea.ro\/albaiulia\/wp-json\/wp\/v2\/media\/16077"}],"wp:attachment":[{"href":"https:\/\/urbeamea.ro\/albaiulia\/wp-json\/wp\/v2\/media?parent=16139"}],"wp:term":[{"taxonomy":"category","embeddable":true,"href":"https:\/\/urbeamea.ro\/albaiulia\/wp-json\/wp\/v2\/categories?post=16139"},{"taxonomy":"post_tag","embeddable":true,"href":"https:\/\/urbeamea.ro\/albaiulia\/wp-json\/wp\/v2\/tags?post=16139"}],"curies":[{"name":"wp","href":"https:\/\/api.w.org\/{rel}","templated":true}]}}