{"id":16203,"date":"2016-01-02T17:03:27","date_gmt":"2016-01-02T15:03:27","guid":{"rendered":"http:\/\/urbeamea.ro\/albaiulia\/?p=16203"},"modified":"2016-01-18T17:30:25","modified_gmt":"2016-01-18T15:30:25","slug":"recomandarile-politistilor-din-alba-pentru-cei-care-se-intorc-din-vacanta","status":"publish","type":"post","link":"https:\/\/urbeamea.ro\/albaiulia\/recomandarile-politistilor-din-alba-pentru-cei-care-se-intorc-din-vacanta\/","title":{"rendered":"Recomand\u0103rile poli\u021bi\u0219tilor din Alba pentru cei care se \u00eentorc din vacan\u021b\u0103"},"content":{"rendered":"<p><strong><img loading=\"lazy\" decoding=\"async\" class=\"size-medium wp-image-11437 alignleft\" src=\"http:\/\/urbeamea.ro\/albaiulia\/wp-content\/uploads\/2015\/11\/radar-politie23-300x200.jpg\" alt=\"radar-politie23\" width=\"300\" height=\"200\" \/>Poli\u0163i\u015ftii din Alba au fost \u201dpe baricade\u201d \u00een noaptea de Revelion \u015fi \u00een prima zi a anului 2015, astfel c\u0103, \u00een jude\u0163, nu au fost semnalate evenimente cu impact asupra siguran\u0163ei publice, iar cet\u0103\u0163enii s-au bucurat \u00een lini\u015fte de trecerea \u00een Noul An.\u00a0\u00cen continuare, poli\u0163i\u015ftii vor ac\u0163iona pentru men\u0163inerea siguran\u0163ei publice \u015fi pentru prevenirea accidentelor rutiere. Inspectoratul de Poli\u0163ie Jude\u0163ean Alba recomand\u0103 pruden\u0163\u0103 \u00een trafic.<\/strong><\/p>\n<p>Av\u00e2nd \u00een vederea avertizarea Administra\u0163iei Na\u0163ionale de Meteorologie de vreme rea, pentru un sf\u00e2r\u015fit de minivacan\u0163\u0103 f\u0103r\u0103 evenimente rutiere, Inspectoratul de Poli\u0163ie Jude\u0163ean Alba recomand\u0103 tuturor conduc\u0103torilor auto s\u0103 respecte cu stricte\u0163e regulile de circula\u0163ie, semnifica\u0163ia indicatoarelor, \u00eendrum\u0103rile agen\u0163ilor de circula\u0163ie \u015fi s\u0103-\u015fi echipeze \u00een mod corespunz\u0103tor autovehiculele.<\/p>\n<p><strong>Recomand\u0103rile poli\u021bi\u0219tilor:\u00a0<\/strong><\/p>\n<p>-\u00cenainte de a pleca la drum, informa\u0163i-v\u0103 temeinic despre condi\u0163iile meteo \u015fi starea drumurilor;<br \/>\n-Adapta\u0163i permanent viteza la condi\u0163iile de drum (carosabil acoperit cu z\u0103pad\u0103, gheat\u0103 sau polei);<br \/>\n-Circula\u0163i cu o vitez\u0103 care s\u0103 nu dep\u0103\u015feasc\u0103 30 km\/h, \u00een localit\u0103\u0163i, sau 50 km\/h \u00een afara lor c\u00e2nd partea carosabil\u0103 este acoperit\u0103 cu polei, ghea\u0163\u0103, z\u0103pad\u0103 b\u0103t\u0103torit\u0103, m\u00e2zg\u0103 sau piatr\u0103 cubic\u0103 umed\u0103. Conform prevederilor legale \u00een domeniu reprezint\u0103 obliga\u0163ie a conduc\u0103torului de vehicul.<br \/>\n-Folosi\u0163i corespunz\u0103tor sistemul de iluminare-semnalizare, c\u00e2t \u015fi cel de climatizare si dezaburire, pentru a vedea si a putea fi v\u0103zu\u0163i in trafic. Reamintim c\u0103 legisla\u0163ia rutier\u0103 prevede obligativitatea folosirii luminilor de \u00eent\u00e2lnire, \u00een afara localit\u0103\u0163ilor \u015fi \u00een timpul zilei;<br \/>\n-P\u0103stra\u0163i \u00een mers o distan\u0163\u0103 suficient\u0103 pentru a putea opri in condi\u0163ii de siguran\u0163a atunci c\u00e2nd condi\u0163iile de deplasare sunt nefavorabile;<br \/>\n-Echipa\u0163i autovehiculul cu pneuri corespunz\u0103toare;<br \/>\n-Verifica\u0163i periodic acumulatorul acestuia;<br \/>\n-Nu brusca\u0163i comenzile si folosi\u0163i cu preponderenta fr\u00e2na de motor;<br \/>\n-\u00cen zilele cu ploi, lapovi\u0163\u0103 sau ninsoare, ac\u0163iona\u0163i din timp \u015fterg\u0103toarele de parbriz;<\/p>\n<p>\u201eReamintim conduc\u0103torilor auto c\u0103, potrivit prevederilor legale, au obliga\u0163ia de a-\u015fi echipa autoturismele cu anvelope de iarn\u0103, \u00een condi\u0163iile \u00een care circul\u0103 pe drumurile publice acoperite cu z\u0103pad\u0103, ghea\u0163\u0103 sau polei.<\/p>\n<p>Totodat\u0103 reamintim interdic\u0163ia de a p\u0103trunde pe drumurile \u00eenchise circula\u0163iei pe timp de iarn\u0103.\u201d a transmis IPJ Alba.<\/p>\n","protected":false},"excerpt":{"rendered":"<p>Poli\u0163i\u015ftii din Alba au fost \u201dpe baricade\u201d \u00een noaptea de Revelion \u015fi \u00een prima zi a anului 2015, astfel c\u0103, \u00een jude\u0163, nu au fost semnalate evenimente cu impact asupra siguran\u0163ei publice, iar cet\u0103\u0163enii s-au bucurat \u00een lini\u015fte de trecerea \u00een Noul An.\u00a0\u00cen continuare, poli\u0163i\u015ftii vor ac\u0163iona pentru men\u0163inerea siguran\u0163ei publice \u015fi pentru prevenirea accidentelor &hellip;<\/p>\n","protected":false},"author":17,"featured_media":11437,"comment_status":"open","ping_status":"open","sticky":false,"template":"","format":"standard","meta":{"inline_featured_image":false,"footnotes":""},"categories":[2034],"tags":[307,978,1741,457,458,470,1602,308,76,1742],"class_list":["post-16203","post","type-post","status-publish","format-standard","has-post-thumbnail","hentry","category-social","tag-alba","tag-anul-nou","tag-conditii-de-drum","tag-ipj-alba","tag-politisti","tag-recomandari","tag-revelion","tag-stiri","tag-urbea-mea","tag-viteza"],"yoast_head":"<!-- This site is optimized with the Yoast SEO plugin v28.3 - https:\/\/yoast.com\/product\/yoast-seo-wordpress\/ -->\n<title>Recomand\u0103rile poli\u021bi\u0219tilor din Alba pentru cei care se \u00eentorc din vacan\u021b\u0103 - Revista Urbea Mea - Revista de Alba<\/title>\n<meta name=\"description\" content=\"Poli\u0163i\u015ftii din Alba au fost \u201dpe baricade\u201d \u00een noaptea de Revelion \u015fi \u00een prima zi a anului 2015, astfel c\u0103, \u00een jude\u0163, nu au fost semnalate evenimente cu\" \/>\n<meta name=\"robots\" content=\"index, follow, max-snippet:-1, max-image-preview:large, max-video-preview:-1\" \/>\n<link rel=\"canonical\" href=\"https:\/\/urbeamea.ro\/albaiulia\/recomandarile-politistilor-din-alba-pentru-cei-care-se-intorc-din-vacanta\/\" \/>\n<meta name=\"twitter:card\" content=\"summary_large_image\" \/>\n<meta name=\"twitter:title\" content=\"Recomand\u0103rile poli\u021bi\u0219tilor din Alba pentru cei care se \u00eentorc din vacan\u021b\u0103 - Revista Urbea Mea - Revista de Alba\" \/>\n<meta name=\"twitter:description\" content=\"Poli\u0163i\u015ftii din Alba au fost \u201dpe baricade\u201d \u00een noaptea de Revelion \u015fi \u00een prima zi a anului 2015, astfel c\u0103, \u00een jude\u0163, nu au fost semnalate evenimente cu\" \/>\n<meta name=\"twitter:image\" content=\"https:\/\/urbeamea.ro\/albaiulia\/wp-content\/uploads\/2015\/11\/radar-politie23.jpg\" \/>\n<meta name=\"twitter:creator\" content=\"@urbeameaweb\" \/>\n<meta name=\"twitter:site\" content=\"@urbeameaweb\" \/>\n<script type=\"application\/ld+json\" class=\"yoast-schema-graph\">{\"@context\":\"https:\\\/\\\/schema.org\",\"@graph\":[{\"@type\":\"Article\",\"@id\":\"https:\\\/\\\/urbeamea.ro\\\/albaiulia\\\/recomandarile-politistilor-din-alba-pentru-cei-care-se-intorc-din-vacanta\\\/#article\",\"isPartOf\":{\"@id\":\"https:\\\/\\\/urbeamea.ro\\\/albaiulia\\\/recomandarile-politistilor-din-alba-pentru-cei-care-se-intorc-din-vacanta\\\/\"},\"author\":{\"name\":\"Cristina Ganga\",\"@id\":\"https:\\\/\\\/urbeamea.ro\\\/albaiulia\\\/#\\\/schema\\\/person\\\/9700d21fae21c4f038b0b56f4506264a\"},\"headline\":\"Recomand\u0103rile poli\u021bi\u0219tilor din Alba pentru cei care se \u00eentorc din vacan\u021b\u0103\",\"datePublished\":\"2016-01-02T15:03:27+00:00\",\"dateModified\":\"2016-01-18T15:30:25+00:00\",\"mainEntityOfPage\":{\"@id\":\"https:\\\/\\\/urbeamea.ro\\\/albaiulia\\\/recomandarile-politistilor-din-alba-pentru-cei-care-se-intorc-din-vacanta\\\/\"},\"wordCount\":423,\"commentCount\":0,\"image\":{\"@id\":\"https:\\\/\\\/urbeamea.ro\\\/albaiulia\\\/recomandarile-politistilor-din-alba-pentru-cei-care-se-intorc-din-vacanta\\\/#primaryimage\"},\"thumbnailUrl\":\"https:\\\/\\\/urbeamea.ro\\\/albaiulia\\\/wp-content\\\/uploads\\\/2015\\\/11\\\/radar-politie23.jpg\",\"keywords\":[\"alba\",\"anul nou\",\"conditii de drum\",\"IPJ Alba\",\"politisti\",\"recomandari\",\"revelion\",\"stiri\",\"Urbea Mea\",\"viteza\"],\"articleSection\":[\"Social\"],\"inLanguage\":\"ro-RO\",\"potentialAction\":[{\"@type\":\"CommentAction\",\"name\":\"Comment\",\"target\":[\"https:\\\/\\\/urbeamea.ro\\\/albaiulia\\\/recomandarile-politistilor-din-alba-pentru-cei-care-se-intorc-din-vacanta\\\/#respond\"]}]},{\"@type\":\"WebPage\",\"@id\":\"https:\\\/\\\/urbeamea.ro\\\/albaiulia\\\/recomandarile-politistilor-din-alba-pentru-cei-care-se-intorc-din-vacanta\\\/\",\"url\":\"https:\\\/\\\/urbeamea.ro\\\/albaiulia\\\/recomandarile-politistilor-din-alba-pentru-cei-care-se-intorc-din-vacanta\\\/\",\"name\":\"Recomand\u0103rile poli\u021bi\u0219tilor din Alba pentru cei care se \u00eentorc din vacan\u021b\u0103 - Revista Urbea Mea - Revista de Alba\",\"isPartOf\":{\"@id\":\"https:\\\/\\\/urbeamea.ro\\\/albaiulia\\\/#website\"},\"primaryImageOfPage\":{\"@id\":\"https:\\\/\\\/urbeamea.ro\\\/albaiulia\\\/recomandarile-politistilor-din-alba-pentru-cei-care-se-intorc-din-vacanta\\\/#primaryimage\"},\"image\":{\"@id\":\"https:\\\/\\\/urbeamea.ro\\\/albaiulia\\\/recomandarile-politistilor-din-alba-pentru-cei-care-se-intorc-din-vacanta\\\/#primaryimage\"},\"thumbnailUrl\":\"https:\\\/\\\/urbeamea.ro\\\/albaiulia\\\/wp-content\\\/uploads\\\/2015\\\/11\\\/radar-politie23.jpg\",\"datePublished\":\"2016-01-02T15:03:27+00:00\",\"dateModified\":\"2016-01-18T15:30:25+00:00\",\"author\":{\"@id\":\"https:\\\/\\\/urbeamea.ro\\\/albaiulia\\\/#\\\/schema\\\/person\\\/9700d21fae21c4f038b0b56f4506264a\"},\"description\":\"Poli\u0163i\u015ftii din Alba au fost \u201dpe baricade\u201d \u00een noaptea de Revelion \u015fi \u00een prima zi a anului 2015, astfel c\u0103, \u00een jude\u0163, nu au fost semnalate evenimente cu\",\"breadcrumb\":{\"@id\":\"https:\\\/\\\/urbeamea.ro\\\/albaiulia\\\/recomandarile-politistilor-din-alba-pentru-cei-care-se-intorc-din-vacanta\\\/#breadcrumb\"},\"inLanguage\":\"ro-RO\",\"potentialAction\":[{\"@type\":\"ReadAction\",\"target\":[\"https:\\\/\\\/urbeamea.ro\\\/albaiulia\\\/recomandarile-politistilor-din-alba-pentru-cei-care-se-intorc-din-vacanta\\\/\"]}]},{\"@type\":\"ImageObject\",\"inLanguage\":\"ro-RO\",\"@id\":\"https:\\\/\\\/urbeamea.ro\\\/albaiulia\\\/recomandarile-politistilor-din-alba-pentru-cei-care-se-intorc-din-vacanta\\\/#primaryimage\",\"url\":\"https:\\\/\\\/urbeamea.ro\\\/albaiulia\\\/wp-content\\\/uploads\\\/2015\\\/11\\\/radar-politie23.jpg\",\"contentUrl\":\"https:\\\/\\\/urbeamea.ro\\\/albaiulia\\\/wp-content\\\/uploads\\\/2015\\\/11\\\/radar-politie23.jpg\",\"width\":1024,\"height\":682},{\"@type\":\"BreadcrumbList\",\"@id\":\"https:\\\/\\\/urbeamea.ro\\\/albaiulia\\\/recomandarile-politistilor-din-alba-pentru-cei-care-se-intorc-din-vacanta\\\/#breadcrumb\",\"itemListElement\":[{\"@type\":\"ListItem\",\"position\":1,\"name\":\"Prima pagin\u0103\",\"item\":\"https:\\\/\\\/urbeamea.ro\\\/albaiulia\\\/\"},{\"@type\":\"ListItem\",\"position\":2,\"name\":\"Recomand\u0103rile poli\u021bi\u0219tilor din Alba pentru cei care se \u00eentorc din vacan\u021b\u0103\"}]},{\"@type\":\"WebSite\",\"@id\":\"https:\\\/\\\/urbeamea.ro\\\/albaiulia\\\/#website\",\"url\":\"https:\\\/\\\/urbeamea.ro\\\/albaiulia\\\/\",\"name\":\"Revista Urbea Mea, Stiri urbane\",\"description\":\"Evenimente \u0219i \u0219tiri din Alba Iulia, Sebe\u0219, Aiud, Blaj\",\"potentialAction\":[{\"@type\":\"SearchAction\",\"target\":{\"@type\":\"EntryPoint\",\"urlTemplate\":\"https:\\\/\\\/urbeamea.ro\\\/albaiulia\\\/?s={search_term_string}\"},\"query-input\":{\"@type\":\"PropertyValueSpecification\",\"valueRequired\":true,\"valueName\":\"search_term_string\"}}],\"inLanguage\":\"ro-RO\"},{\"@type\":\"Person\",\"@id\":\"https:\\\/\\\/urbeamea.ro\\\/albaiulia\\\/#\\\/schema\\\/person\\\/9700d21fae21c4f038b0b56f4506264a\",\"name\":\"Cristina Ganga\",\"image\":{\"@type\":\"ImageObject\",\"inLanguage\":\"ro-RO\",\"@id\":\"https:\\\/\\\/secure.gravatar.com\\\/avatar\\\/5a67661041f057b4a8ccaf26f5a8e86e2689372006d01faf3dd9eeb10b654bb4?s=96&d=mm&r=g\",\"url\":\"https:\\\/\\\/secure.gravatar.com\\\/avatar\\\/5a67661041f057b4a8ccaf26f5a8e86e2689372006d01faf3dd9eeb10b654bb4?s=96&d=mm&r=g\",\"contentUrl\":\"https:\\\/\\\/secure.gravatar.com\\\/avatar\\\/5a67661041f057b4a8ccaf26f5a8e86e2689372006d01faf3dd9eeb10b654bb4?s=96&d=mm&r=g\",\"caption\":\"Cristina Ganga\"},\"description\":\"Jurnalist\",\"sameAs\":[\"https:\\\/\\\/www.facebook.com\\\/cristina.nicola.587\"],\"url\":\"https:\\\/\\\/urbeamea.ro\\\/albaiulia\\\/author\\\/cristina-nicola\\\/\"}]}<\/script>\n<!-- \/ Yoast SEO plugin. -->","yoast_head_json":{"title":"Recomand\u0103rile poli\u021bi\u0219tilor din Alba pentru cei care se \u00eentorc din vacan\u021b\u0103 - Revista Urbea Mea - Revista de Alba","description":"Poli\u0163i\u015ftii din Alba au fost \u201dpe baricade\u201d \u00een noaptea de Revelion \u015fi \u00een prima zi a anului 2015, astfel c\u0103, \u00een jude\u0163, nu au fost semnalate evenimente cu","robots":{"index":"index","follow":"follow","max-snippet":"max-snippet:-1","max-image-preview":"max-image-preview:large","max-video-preview":"max-video-preview:-1"},"canonical":"https:\/\/urbeamea.ro\/albaiulia\/recomandarile-politistilor-din-alba-pentru-cei-care-se-intorc-din-vacanta\/","twitter_card":"summary_large_image","twitter_title":"Recomand\u0103rile poli\u021bi\u0219tilor din Alba pentru cei care se \u00eentorc din vacan\u021b\u0103 - Revista Urbea Mea - Revista de Alba","twitter_description":"Poli\u0163i\u015ftii din Alba au fost \u201dpe baricade\u201d \u00een noaptea de Revelion \u015fi \u00een prima zi a anului 2015, astfel c\u0103, \u00een jude\u0163, nu au fost semnalate evenimente cu","twitter_image":"https:\/\/urbeamea.ro\/albaiulia\/wp-content\/uploads\/2015\/11\/radar-politie23.jpg","twitter_creator":"@urbeameaweb","twitter_site":"@urbeameaweb","schema":{"@context":"https:\/\/schema.org","@graph":[{"@type":"Article","@id":"https:\/\/urbeamea.ro\/albaiulia\/recomandarile-politistilor-din-alba-pentru-cei-care-se-intorc-din-vacanta\/#article","isPartOf":{"@id":"https:\/\/urbeamea.ro\/albaiulia\/recomandarile-politistilor-din-alba-pentru-cei-care-se-intorc-din-vacanta\/"},"author":{"name":"Cristina Ganga","@id":"https:\/\/urbeamea.ro\/albaiulia\/#\/schema\/person\/9700d21fae21c4f038b0b56f4506264a"},"headline":"Recomand\u0103rile poli\u021bi\u0219tilor din Alba pentru cei care se \u00eentorc din vacan\u021b\u0103","datePublished":"2016-01-02T15:03:27+00:00","dateModified":"2016-01-18T15:30:25+00:00","mainEntityOfPage":{"@id":"https:\/\/urbeamea.ro\/albaiulia\/recomandarile-politistilor-din-alba-pentru-cei-care-se-intorc-din-vacanta\/"},"wordCount":423,"commentCount":0,"image":{"@id":"https:\/\/urbeamea.ro\/albaiulia\/recomandarile-politistilor-din-alba-pentru-cei-care-se-intorc-din-vacanta\/#primaryimage"},"thumbnailUrl":"https:\/\/urbeamea.ro\/albaiulia\/wp-content\/uploads\/2015\/11\/radar-politie23.jpg","keywords":["alba","anul nou","conditii de drum","IPJ Alba","politisti","recomandari","revelion","stiri","Urbea Mea","viteza"],"articleSection":["Social"],"inLanguage":"ro-RO","potentialAction":[{"@type":"CommentAction","name":"Comment","target":["https:\/\/urbeamea.ro\/albaiulia\/recomandarile-politistilor-din-alba-pentru-cei-care-se-intorc-din-vacanta\/#respond"]}]},{"@type":"WebPage","@id":"https:\/\/urbeamea.ro\/albaiulia\/recomandarile-politistilor-din-alba-pentru-cei-care-se-intorc-din-vacanta\/","url":"https:\/\/urbeamea.ro\/albaiulia\/recomandarile-politistilor-din-alba-pentru-cei-care-se-intorc-din-vacanta\/","name":"Recomand\u0103rile poli\u021bi\u0219tilor din Alba pentru cei care se \u00eentorc din vacan\u021b\u0103 - Revista Urbea Mea - Revista de Alba","isPartOf":{"@id":"https:\/\/urbeamea.ro\/albaiulia\/#website"},"primaryImageOfPage":{"@id":"https:\/\/urbeamea.ro\/albaiulia\/recomandarile-politistilor-din-alba-pentru-cei-care-se-intorc-din-vacanta\/#primaryimage"},"image":{"@id":"https:\/\/urbeamea.ro\/albaiulia\/recomandarile-politistilor-din-alba-pentru-cei-care-se-intorc-din-vacanta\/#primaryimage"},"thumbnailUrl":"https:\/\/urbeamea.ro\/albaiulia\/wp-content\/uploads\/2015\/11\/radar-politie23.jpg","datePublished":"2016-01-02T15:03:27+00:00","dateModified":"2016-01-18T15:30:25+00:00","author":{"@id":"https:\/\/urbeamea.ro\/albaiulia\/#\/schema\/person\/9700d21fae21c4f038b0b56f4506264a"},"description":"Poli\u0163i\u015ftii din Alba au fost \u201dpe baricade\u201d \u00een noaptea de Revelion \u015fi \u00een prima zi a anului 2015, astfel c\u0103, \u00een jude\u0163, nu au fost semnalate evenimente cu","breadcrumb":{"@id":"https:\/\/urbeamea.ro\/albaiulia\/recomandarile-politistilor-din-alba-pentru-cei-care-se-intorc-din-vacanta\/#breadcrumb"},"inLanguage":"ro-RO","potentialAction":[{"@type":"ReadAction","target":["https:\/\/urbeamea.ro\/albaiulia\/recomandarile-politistilor-din-alba-pentru-cei-care-se-intorc-din-vacanta\/"]}]},{"@type":"ImageObject","inLanguage":"ro-RO","@id":"https:\/\/urbeamea.ro\/albaiulia\/recomandarile-politistilor-din-alba-pentru-cei-care-se-intorc-din-vacanta\/#primaryimage","url":"https:\/\/urbeamea.ro\/albaiulia\/wp-content\/uploads\/2015\/11\/radar-politie23.jpg","contentUrl":"https:\/\/urbeamea.ro\/albaiulia\/wp-content\/uploads\/2015\/11\/radar-politie23.jpg","width":1024,"height":682},{"@type":"BreadcrumbList","@id":"https:\/\/urbeamea.ro\/albaiulia\/recomandarile-politistilor-din-alba-pentru-cei-care-se-intorc-din-vacanta\/#breadcrumb","itemListElement":[{"@type":"ListItem","position":1,"name":"Prima pagin\u0103","item":"https:\/\/urbeamea.ro\/albaiulia\/"},{"@type":"ListItem","position":2,"name":"Recomand\u0103rile poli\u021bi\u0219tilor din Alba pentru cei care se \u00eentorc din vacan\u021b\u0103"}]},{"@type":"WebSite","@id":"https:\/\/urbeamea.ro\/albaiulia\/#website","url":"https:\/\/urbeamea.ro\/albaiulia\/","name":"Revista Urbea Mea, Stiri urbane","description":"Evenimente \u0219i \u0219tiri din Alba Iulia, Sebe\u0219, Aiud, Blaj","potentialAction":[{"@type":"SearchAction","target":{"@type":"EntryPoint","urlTemplate":"https:\/\/urbeamea.ro\/albaiulia\/?s={search_term_string}"},"query-input":{"@type":"PropertyValueSpecification","valueRequired":true,"valueName":"search_term_string"}}],"inLanguage":"ro-RO"},{"@type":"Person","@id":"https:\/\/urbeamea.ro\/albaiulia\/#\/schema\/person\/9700d21fae21c4f038b0b56f4506264a","name":"Cristina Ganga","image":{"@type":"ImageObject","inLanguage":"ro-RO","@id":"https:\/\/secure.gravatar.com\/avatar\/5a67661041f057b4a8ccaf26f5a8e86e2689372006d01faf3dd9eeb10b654bb4?s=96&d=mm&r=g","url":"https:\/\/secure.gravatar.com\/avatar\/5a67661041f057b4a8ccaf26f5a8e86e2689372006d01faf3dd9eeb10b654bb4?s=96&d=mm&r=g","contentUrl":"https:\/\/secure.gravatar.com\/avatar\/5a67661041f057b4a8ccaf26f5a8e86e2689372006d01faf3dd9eeb10b654bb4?s=96&d=mm&r=g","caption":"Cristina Ganga"},"description":"Jurnalist","sameAs":["https:\/\/www.facebook.com\/cristina.nicola.587"],"url":"https:\/\/urbeamea.ro\/albaiulia\/author\/cristina-nicola\/"}]}},"_links":{"self":[{"href":"https:\/\/urbeamea.ro\/albaiulia\/wp-json\/wp\/v2\/posts\/16203","targetHints":{"allow":["GET"]}}],"collection":[{"href":"https:\/\/urbeamea.ro\/albaiulia\/wp-json\/wp\/v2\/posts"}],"about":[{"href":"https:\/\/urbeamea.ro\/albaiulia\/wp-json\/wp\/v2\/types\/post"}],"author":[{"embeddable":true,"href":"https:\/\/urbeamea.ro\/albaiulia\/wp-json\/wp\/v2\/users\/17"}],"replies":[{"embeddable":true,"href":"https:\/\/urbeamea.ro\/albaiulia\/wp-json\/wp\/v2\/comments?post=16203"}],"version-history":[{"count":0,"href":"https:\/\/urbeamea.ro\/albaiulia\/wp-json\/wp\/v2\/posts\/16203\/revisions"}],"wp:featuredmedia":[{"embeddable":true,"href":"https:\/\/urbeamea.ro\/albaiulia\/wp-json\/wp\/v2\/media\/11437"}],"wp:attachment":[{"href":"https:\/\/urbeamea.ro\/albaiulia\/wp-json\/wp\/v2\/media?parent=16203"}],"wp:term":[{"taxonomy":"category","embeddable":true,"href":"https:\/\/urbeamea.ro\/albaiulia\/wp-json\/wp\/v2\/categories?post=16203"},{"taxonomy":"post_tag","embeddable":true,"href":"https:\/\/urbeamea.ro\/albaiulia\/wp-json\/wp\/v2\/tags?post=16203"}],"curies":[{"name":"wp","href":"https:\/\/api.w.org\/{rel}","templated":true}]}}