{"id":16935,"date":"2016-01-20T14:19:43","date_gmt":"2016-01-20T12:19:43","guid":{"rendered":"http:\/\/urbeamea.ro\/albaiulia\/?p=16935"},"modified":"2016-01-20T14:19:43","modified_gmt":"2016-01-20T12:19:43","slug":"cod-galben-de-ger-pana-in-25-ianuarie-in-alba-temperaturi-minime-pana-la-20-de-grade-celsius","status":"publish","type":"post","link":"https:\/\/urbeamea.ro\/albaiulia\/cod-galben-de-ger-pana-in-25-ianuarie-in-alba-temperaturi-minime-pana-la-20-de-grade-celsius\/","title":{"rendered":"Cod Galben de ger p\u00e2n\u0103 \u00een 25 ianuarie \u00een Alba: Temperaturi minime p\u00e2n\u0103 la -20 de grade Celsius"},"content":{"rendered":"<p><strong><img loading=\"lazy\" decoding=\"async\" class=\"wp-image-16925 size-medium alignleft\" src=\"http:\/\/urbeamea.ro\/albaiulia\/wp-content\/uploads\/2016\/01\/frig-ger-300x200.jpg\" alt=\"frig-ger\" width=\"300\" height=\"200\" \/>Gerul a pus st\u0103p\u00e2nire pe \u00eentreaga \u021bar\u0103 \u0219i meteorologii au emis o nou\u0103 aten\u021bionare de Cod Galben de\u00a0val de frig, ger mai ales noaptea \u015fi diminea\u0163a, pentru intervalul 21-25 ianuarie. Aten\u021bionare este valabil\u0103 pentru majoritatea jude\u021belor din \u021bar\u0103, excep\u021bie fiind cele din Vest.\u00a0<\/strong><\/p>\n<p>\u00cen intervalul men\u0163ionat, valul de frig va persista, astfel c\u0103 vremea va fi deosebit de rece, geroas\u0103 noaptea \u015fi diminea\u0163a \u00een cea mai mare parte a \u0163\u0103rii.<\/p>\n<p>Temperaturile minime se vor situa frecvent \u00eentre -20 \u015fi -15 grade, iar izolat vor cobor\u00ee \u015fi p\u00e2n\u0103 la -28\u2026-25 de grade, \u00een timp ce maximele termice, preponderent negative, pe arii restr\u00e2nse, nu vor dep\u0103\u015fi -10 grade.<\/p>\n<p>La Oa\u015fa, \u00een jude\u0163ul Alba, va fi cel mai frig \u00een weekend, cu minime de -15 \u015fi -20 de grade Celsius. \u00cen Alba Iulia, \u00een acela\u015fi interval, vor fi minime de -12 \u015fi -14 grade Celsius.<\/p>\n<p>\u00cen cursul nop\u0163ii de joi spre vineri (21-22 ianuarie) \u015fi pe parcursul zilei de vineri, 22 ianuarie, temporar v\u00e2ntul va avea unele intensific\u0103ri \u00een Moldova \u015fi \u00een zona de munte.<\/p>\n<p><em>sursa: meteoromania.ro<\/em><\/p>\n","protected":false},"excerpt":{"rendered":"<p>Gerul a pus st\u0103p\u00e2nire pe \u00eentreaga \u021bar\u0103 \u0219i meteorologii au emis o nou\u0103 aten\u021bionare de Cod Galben de\u00a0val de frig, ger mai ales noaptea \u015fi diminea\u0163a, pentru intervalul 21-25 ianuarie. Aten\u021bionare este valabil\u0103 pentru majoritatea jude\u021belor din \u021bar\u0103, excep\u021bie fiind cele din Vest.\u00a0 \u00cen intervalul men\u0163ionat, valul de frig va persista, astfel c\u0103 vremea va &hellip;<\/p>\n","protected":false},"author":17,"featured_media":16925,"comment_status":"open","ping_status":"open","sticky":false,"template":"","format":"standard","meta":{"inline_featured_image":false,"footnotes":""},"categories":[2034],"tags":[307,2087,368,2076,2077,392,339,1774,2078],"class_list":["post-16935","post","type-post","status-publish","format-standard","has-post-thumbnail","hentry","category-social","tag-alba","tag-atentionare","tag-cod-galben","tag-frig","tag-ger","tag-meteorologi","tag-temperaturi","tag-vant","tag-vreme"],"yoast_head":"<!-- This site is optimized with the Yoast SEO plugin v27.4 - https:\/\/yoast.com\/product\/yoast-seo-wordpress\/ -->\n<title>Cod Galben de ger p\u00e2n\u0103 \u00een 25 ianuarie \u00een Alba: Temperaturi minime p\u00e2n\u0103 la -20 de grade Celsius - Revista Urbea Mea - Revista de Alba<\/title>\n<meta name=\"description\" content=\"Gerul a pus st\u0103p\u00e2nire pe \u00eentreaga \u021bar\u0103 \u0219i meteorologii au emis o nou\u0103 aten\u021bionare de Cod Galben de\u00a0val de frig, ger mai ales noaptea \u015fi diminea\u0163a, pentru\" \/>\n<meta name=\"robots\" content=\"index, follow, max-snippet:-1, max-image-preview:large, max-video-preview:-1\" \/>\n<link rel=\"canonical\" href=\"https:\/\/urbeamea.ro\/albaiulia\/cod-galben-de-ger-pana-in-25-ianuarie-in-alba-temperaturi-minime-pana-la-20-de-grade-celsius\/\" \/>\n<meta name=\"twitter:card\" content=\"summary_large_image\" \/>\n<meta name=\"twitter:title\" content=\"Cod Galben de ger p\u00e2n\u0103 \u00een 25 ianuarie \u00een Alba: Temperaturi minime p\u00e2n\u0103 la -20 de grade Celsius - Revista Urbea Mea - Revista de Alba\" \/>\n<meta name=\"twitter:description\" content=\"Gerul a pus st\u0103p\u00e2nire pe \u00eentreaga \u021bar\u0103 \u0219i meteorologii au emis o nou\u0103 aten\u021bionare de Cod Galben de\u00a0val de frig, ger mai ales noaptea \u015fi diminea\u0163a, pentru\" \/>\n<meta name=\"twitter:image\" content=\"https:\/\/urbeamea.ro\/albaiulia\/wp-content\/uploads\/2016\/01\/frig-ger.jpg\" \/>\n<meta name=\"twitter:creator\" content=\"@urbeameaweb\" \/>\n<meta name=\"twitter:site\" content=\"@urbeameaweb\" \/>\n<script type=\"application\/ld+json\" class=\"yoast-schema-graph\">{\"@context\":\"https:\\\/\\\/schema.org\",\"@graph\":[{\"@type\":\"Article\",\"@id\":\"https:\\\/\\\/urbeamea.ro\\\/albaiulia\\\/cod-galben-de-ger-pana-in-25-ianuarie-in-alba-temperaturi-minime-pana-la-20-de-grade-celsius\\\/#article\",\"isPartOf\":{\"@id\":\"https:\\\/\\\/urbeamea.ro\\\/albaiulia\\\/cod-galben-de-ger-pana-in-25-ianuarie-in-alba-temperaturi-minime-pana-la-20-de-grade-celsius\\\/\"},\"author\":{\"name\":\"Cristina Ganga\",\"@id\":\"https:\\\/\\\/urbeamea.ro\\\/albaiulia\\\/#\\\/schema\\\/person\\\/9700d21fae21c4f038b0b56f4506264a\"},\"headline\":\"Cod Galben de ger p\u00e2n\u0103 \u00een 25 ianuarie \u00een Alba: Temperaturi minime p\u00e2n\u0103 la -20 de grade Celsius\",\"datePublished\":\"2016-01-20T12:19:43+00:00\",\"mainEntityOfPage\":{\"@id\":\"https:\\\/\\\/urbeamea.ro\\\/albaiulia\\\/cod-galben-de-ger-pana-in-25-ianuarie-in-alba-temperaturi-minime-pana-la-20-de-grade-celsius\\\/\"},\"wordCount\":213,\"commentCount\":0,\"image\":{\"@id\":\"https:\\\/\\\/urbeamea.ro\\\/albaiulia\\\/cod-galben-de-ger-pana-in-25-ianuarie-in-alba-temperaturi-minime-pana-la-20-de-grade-celsius\\\/#primaryimage\"},\"thumbnailUrl\":\"https:\\\/\\\/urbeamea.ro\\\/albaiulia\\\/wp-content\\\/uploads\\\/2016\\\/01\\\/frig-ger.jpg\",\"keywords\":[\"alba\",\"atentionare\",\"cod galben\",\"frig\",\"ger\",\"meteorologi\",\"temperaturi\",\"vant\",\"vreme\"],\"articleSection\":[\"Social\"],\"inLanguage\":\"ro-RO\",\"potentialAction\":[{\"@type\":\"CommentAction\",\"name\":\"Comment\",\"target\":[\"https:\\\/\\\/urbeamea.ro\\\/albaiulia\\\/cod-galben-de-ger-pana-in-25-ianuarie-in-alba-temperaturi-minime-pana-la-20-de-grade-celsius\\\/#respond\"]}]},{\"@type\":\"WebPage\",\"@id\":\"https:\\\/\\\/urbeamea.ro\\\/albaiulia\\\/cod-galben-de-ger-pana-in-25-ianuarie-in-alba-temperaturi-minime-pana-la-20-de-grade-celsius\\\/\",\"url\":\"https:\\\/\\\/urbeamea.ro\\\/albaiulia\\\/cod-galben-de-ger-pana-in-25-ianuarie-in-alba-temperaturi-minime-pana-la-20-de-grade-celsius\\\/\",\"name\":\"Cod Galben de ger p\u00e2n\u0103 \u00een 25 ianuarie \u00een Alba: Temperaturi minime p\u00e2n\u0103 la -20 de grade Celsius - Revista Urbea Mea - Revista de Alba\",\"isPartOf\":{\"@id\":\"https:\\\/\\\/urbeamea.ro\\\/albaiulia\\\/#website\"},\"primaryImageOfPage\":{\"@id\":\"https:\\\/\\\/urbeamea.ro\\\/albaiulia\\\/cod-galben-de-ger-pana-in-25-ianuarie-in-alba-temperaturi-minime-pana-la-20-de-grade-celsius\\\/#primaryimage\"},\"image\":{\"@id\":\"https:\\\/\\\/urbeamea.ro\\\/albaiulia\\\/cod-galben-de-ger-pana-in-25-ianuarie-in-alba-temperaturi-minime-pana-la-20-de-grade-celsius\\\/#primaryimage\"},\"thumbnailUrl\":\"https:\\\/\\\/urbeamea.ro\\\/albaiulia\\\/wp-content\\\/uploads\\\/2016\\\/01\\\/frig-ger.jpg\",\"datePublished\":\"2016-01-20T12:19:43+00:00\",\"author\":{\"@id\":\"https:\\\/\\\/urbeamea.ro\\\/albaiulia\\\/#\\\/schema\\\/person\\\/9700d21fae21c4f038b0b56f4506264a\"},\"description\":\"Gerul a pus st\u0103p\u00e2nire pe \u00eentreaga \u021bar\u0103 \u0219i meteorologii au emis o nou\u0103 aten\u021bionare de Cod Galben de\u00a0val de frig, ger mai ales noaptea \u015fi diminea\u0163a, pentru\",\"breadcrumb\":{\"@id\":\"https:\\\/\\\/urbeamea.ro\\\/albaiulia\\\/cod-galben-de-ger-pana-in-25-ianuarie-in-alba-temperaturi-minime-pana-la-20-de-grade-celsius\\\/#breadcrumb\"},\"inLanguage\":\"ro-RO\",\"potentialAction\":[{\"@type\":\"ReadAction\",\"target\":[\"https:\\\/\\\/urbeamea.ro\\\/albaiulia\\\/cod-galben-de-ger-pana-in-25-ianuarie-in-alba-temperaturi-minime-pana-la-20-de-grade-celsius\\\/\"]}]},{\"@type\":\"ImageObject\",\"inLanguage\":\"ro-RO\",\"@id\":\"https:\\\/\\\/urbeamea.ro\\\/albaiulia\\\/cod-galben-de-ger-pana-in-25-ianuarie-in-alba-temperaturi-minime-pana-la-20-de-grade-celsius\\\/#primaryimage\",\"url\":\"https:\\\/\\\/urbeamea.ro\\\/albaiulia\\\/wp-content\\\/uploads\\\/2016\\\/01\\\/frig-ger.jpg\",\"contentUrl\":\"https:\\\/\\\/urbeamea.ro\\\/albaiulia\\\/wp-content\\\/uploads\\\/2016\\\/01\\\/frig-ger.jpg\",\"width\":1280,\"height\":852},{\"@type\":\"BreadcrumbList\",\"@id\":\"https:\\\/\\\/urbeamea.ro\\\/albaiulia\\\/cod-galben-de-ger-pana-in-25-ianuarie-in-alba-temperaturi-minime-pana-la-20-de-grade-celsius\\\/#breadcrumb\",\"itemListElement\":[{\"@type\":\"ListItem\",\"position\":1,\"name\":\"Prima pagin\u0103\",\"item\":\"https:\\\/\\\/urbeamea.ro\\\/albaiulia\\\/\"},{\"@type\":\"ListItem\",\"position\":2,\"name\":\"Cod Galben de ger p\u00e2n\u0103 \u00een 25 ianuarie \u00een Alba: Temperaturi minime p\u00e2n\u0103 la -20 de grade Celsius\"}]},{\"@type\":\"WebSite\",\"@id\":\"https:\\\/\\\/urbeamea.ro\\\/albaiulia\\\/#website\",\"url\":\"https:\\\/\\\/urbeamea.ro\\\/albaiulia\\\/\",\"name\":\"Revista Urbea Mea, Stiri urbane\",\"description\":\"Evenimente \u0219i \u0219tiri din Alba Iulia, Sebe\u0219, Aiud, Blaj\",\"potentialAction\":[{\"@type\":\"SearchAction\",\"target\":{\"@type\":\"EntryPoint\",\"urlTemplate\":\"https:\\\/\\\/urbeamea.ro\\\/albaiulia\\\/?s={search_term_string}\"},\"query-input\":{\"@type\":\"PropertyValueSpecification\",\"valueRequired\":true,\"valueName\":\"search_term_string\"}}],\"inLanguage\":\"ro-RO\"},{\"@type\":\"Person\",\"@id\":\"https:\\\/\\\/urbeamea.ro\\\/albaiulia\\\/#\\\/schema\\\/person\\\/9700d21fae21c4f038b0b56f4506264a\",\"name\":\"Cristina Ganga\",\"image\":{\"@type\":\"ImageObject\",\"inLanguage\":\"ro-RO\",\"@id\":\"https:\\\/\\\/secure.gravatar.com\\\/avatar\\\/5a67661041f057b4a8ccaf26f5a8e86e2689372006d01faf3dd9eeb10b654bb4?s=96&d=mm&r=g\",\"url\":\"https:\\\/\\\/secure.gravatar.com\\\/avatar\\\/5a67661041f057b4a8ccaf26f5a8e86e2689372006d01faf3dd9eeb10b654bb4?s=96&d=mm&r=g\",\"contentUrl\":\"https:\\\/\\\/secure.gravatar.com\\\/avatar\\\/5a67661041f057b4a8ccaf26f5a8e86e2689372006d01faf3dd9eeb10b654bb4?s=96&d=mm&r=g\",\"caption\":\"Cristina Ganga\"},\"description\":\"Jurnalist\",\"sameAs\":[\"https:\\\/\\\/www.facebook.com\\\/cristina.nicola.587\"],\"url\":\"https:\\\/\\\/urbeamea.ro\\\/albaiulia\\\/author\\\/cristina-nicola\\\/\"}]}<\/script>\n<!-- \/ Yoast SEO plugin. -->","yoast_head_json":{"title":"Cod Galben de ger p\u00e2n\u0103 \u00een 25 ianuarie \u00een Alba: Temperaturi minime p\u00e2n\u0103 la -20 de grade Celsius - Revista Urbea Mea - Revista de Alba","description":"Gerul a pus st\u0103p\u00e2nire pe \u00eentreaga \u021bar\u0103 \u0219i meteorologii au emis o nou\u0103 aten\u021bionare de Cod Galben de\u00a0val de frig, ger mai ales noaptea \u015fi diminea\u0163a, pentru","robots":{"index":"index","follow":"follow","max-snippet":"max-snippet:-1","max-image-preview":"max-image-preview:large","max-video-preview":"max-video-preview:-1"},"canonical":"https:\/\/urbeamea.ro\/albaiulia\/cod-galben-de-ger-pana-in-25-ianuarie-in-alba-temperaturi-minime-pana-la-20-de-grade-celsius\/","twitter_card":"summary_large_image","twitter_title":"Cod Galben de ger p\u00e2n\u0103 \u00een 25 ianuarie \u00een Alba: Temperaturi minime p\u00e2n\u0103 la -20 de grade Celsius - Revista Urbea Mea - Revista de Alba","twitter_description":"Gerul a pus st\u0103p\u00e2nire pe \u00eentreaga \u021bar\u0103 \u0219i meteorologii au emis o nou\u0103 aten\u021bionare de Cod Galben de\u00a0val de frig, ger mai ales noaptea \u015fi diminea\u0163a, pentru","twitter_image":"https:\/\/urbeamea.ro\/albaiulia\/wp-content\/uploads\/2016\/01\/frig-ger.jpg","twitter_creator":"@urbeameaweb","twitter_site":"@urbeameaweb","schema":{"@context":"https:\/\/schema.org","@graph":[{"@type":"Article","@id":"https:\/\/urbeamea.ro\/albaiulia\/cod-galben-de-ger-pana-in-25-ianuarie-in-alba-temperaturi-minime-pana-la-20-de-grade-celsius\/#article","isPartOf":{"@id":"https:\/\/urbeamea.ro\/albaiulia\/cod-galben-de-ger-pana-in-25-ianuarie-in-alba-temperaturi-minime-pana-la-20-de-grade-celsius\/"},"author":{"name":"Cristina Ganga","@id":"https:\/\/urbeamea.ro\/albaiulia\/#\/schema\/person\/9700d21fae21c4f038b0b56f4506264a"},"headline":"Cod Galben de ger p\u00e2n\u0103 \u00een 25 ianuarie \u00een Alba: Temperaturi minime p\u00e2n\u0103 la -20 de grade Celsius","datePublished":"2016-01-20T12:19:43+00:00","mainEntityOfPage":{"@id":"https:\/\/urbeamea.ro\/albaiulia\/cod-galben-de-ger-pana-in-25-ianuarie-in-alba-temperaturi-minime-pana-la-20-de-grade-celsius\/"},"wordCount":213,"commentCount":0,"image":{"@id":"https:\/\/urbeamea.ro\/albaiulia\/cod-galben-de-ger-pana-in-25-ianuarie-in-alba-temperaturi-minime-pana-la-20-de-grade-celsius\/#primaryimage"},"thumbnailUrl":"https:\/\/urbeamea.ro\/albaiulia\/wp-content\/uploads\/2016\/01\/frig-ger.jpg","keywords":["alba","atentionare","cod galben","frig","ger","meteorologi","temperaturi","vant","vreme"],"articleSection":["Social"],"inLanguage":"ro-RO","potentialAction":[{"@type":"CommentAction","name":"Comment","target":["https:\/\/urbeamea.ro\/albaiulia\/cod-galben-de-ger-pana-in-25-ianuarie-in-alba-temperaturi-minime-pana-la-20-de-grade-celsius\/#respond"]}]},{"@type":"WebPage","@id":"https:\/\/urbeamea.ro\/albaiulia\/cod-galben-de-ger-pana-in-25-ianuarie-in-alba-temperaturi-minime-pana-la-20-de-grade-celsius\/","url":"https:\/\/urbeamea.ro\/albaiulia\/cod-galben-de-ger-pana-in-25-ianuarie-in-alba-temperaturi-minime-pana-la-20-de-grade-celsius\/","name":"Cod Galben de ger p\u00e2n\u0103 \u00een 25 ianuarie \u00een Alba: Temperaturi minime p\u00e2n\u0103 la -20 de grade Celsius - Revista Urbea Mea - Revista de Alba","isPartOf":{"@id":"https:\/\/urbeamea.ro\/albaiulia\/#website"},"primaryImageOfPage":{"@id":"https:\/\/urbeamea.ro\/albaiulia\/cod-galben-de-ger-pana-in-25-ianuarie-in-alba-temperaturi-minime-pana-la-20-de-grade-celsius\/#primaryimage"},"image":{"@id":"https:\/\/urbeamea.ro\/albaiulia\/cod-galben-de-ger-pana-in-25-ianuarie-in-alba-temperaturi-minime-pana-la-20-de-grade-celsius\/#primaryimage"},"thumbnailUrl":"https:\/\/urbeamea.ro\/albaiulia\/wp-content\/uploads\/2016\/01\/frig-ger.jpg","datePublished":"2016-01-20T12:19:43+00:00","author":{"@id":"https:\/\/urbeamea.ro\/albaiulia\/#\/schema\/person\/9700d21fae21c4f038b0b56f4506264a"},"description":"Gerul a pus st\u0103p\u00e2nire pe \u00eentreaga \u021bar\u0103 \u0219i meteorologii au emis o nou\u0103 aten\u021bionare de Cod Galben de\u00a0val de frig, ger mai ales noaptea \u015fi diminea\u0163a, pentru","breadcrumb":{"@id":"https:\/\/urbeamea.ro\/albaiulia\/cod-galben-de-ger-pana-in-25-ianuarie-in-alba-temperaturi-minime-pana-la-20-de-grade-celsius\/#breadcrumb"},"inLanguage":"ro-RO","potentialAction":[{"@type":"ReadAction","target":["https:\/\/urbeamea.ro\/albaiulia\/cod-galben-de-ger-pana-in-25-ianuarie-in-alba-temperaturi-minime-pana-la-20-de-grade-celsius\/"]}]},{"@type":"ImageObject","inLanguage":"ro-RO","@id":"https:\/\/urbeamea.ro\/albaiulia\/cod-galben-de-ger-pana-in-25-ianuarie-in-alba-temperaturi-minime-pana-la-20-de-grade-celsius\/#primaryimage","url":"https:\/\/urbeamea.ro\/albaiulia\/wp-content\/uploads\/2016\/01\/frig-ger.jpg","contentUrl":"https:\/\/urbeamea.ro\/albaiulia\/wp-content\/uploads\/2016\/01\/frig-ger.jpg","width":1280,"height":852},{"@type":"BreadcrumbList","@id":"https:\/\/urbeamea.ro\/albaiulia\/cod-galben-de-ger-pana-in-25-ianuarie-in-alba-temperaturi-minime-pana-la-20-de-grade-celsius\/#breadcrumb","itemListElement":[{"@type":"ListItem","position":1,"name":"Prima pagin\u0103","item":"https:\/\/urbeamea.ro\/albaiulia\/"},{"@type":"ListItem","position":2,"name":"Cod Galben de ger p\u00e2n\u0103 \u00een 25 ianuarie \u00een Alba: Temperaturi minime p\u00e2n\u0103 la -20 de grade Celsius"}]},{"@type":"WebSite","@id":"https:\/\/urbeamea.ro\/albaiulia\/#website","url":"https:\/\/urbeamea.ro\/albaiulia\/","name":"Revista Urbea Mea, Stiri urbane","description":"Evenimente \u0219i \u0219tiri din Alba Iulia, Sebe\u0219, Aiud, Blaj","potentialAction":[{"@type":"SearchAction","target":{"@type":"EntryPoint","urlTemplate":"https:\/\/urbeamea.ro\/albaiulia\/?s={search_term_string}"},"query-input":{"@type":"PropertyValueSpecification","valueRequired":true,"valueName":"search_term_string"}}],"inLanguage":"ro-RO"},{"@type":"Person","@id":"https:\/\/urbeamea.ro\/albaiulia\/#\/schema\/person\/9700d21fae21c4f038b0b56f4506264a","name":"Cristina Ganga","image":{"@type":"ImageObject","inLanguage":"ro-RO","@id":"https:\/\/secure.gravatar.com\/avatar\/5a67661041f057b4a8ccaf26f5a8e86e2689372006d01faf3dd9eeb10b654bb4?s=96&d=mm&r=g","url":"https:\/\/secure.gravatar.com\/avatar\/5a67661041f057b4a8ccaf26f5a8e86e2689372006d01faf3dd9eeb10b654bb4?s=96&d=mm&r=g","contentUrl":"https:\/\/secure.gravatar.com\/avatar\/5a67661041f057b4a8ccaf26f5a8e86e2689372006d01faf3dd9eeb10b654bb4?s=96&d=mm&r=g","caption":"Cristina Ganga"},"description":"Jurnalist","sameAs":["https:\/\/www.facebook.com\/cristina.nicola.587"],"url":"https:\/\/urbeamea.ro\/albaiulia\/author\/cristina-nicola\/"}]}},"_links":{"self":[{"href":"https:\/\/urbeamea.ro\/albaiulia\/wp-json\/wp\/v2\/posts\/16935","targetHints":{"allow":["GET"]}}],"collection":[{"href":"https:\/\/urbeamea.ro\/albaiulia\/wp-json\/wp\/v2\/posts"}],"about":[{"href":"https:\/\/urbeamea.ro\/albaiulia\/wp-json\/wp\/v2\/types\/post"}],"author":[{"embeddable":true,"href":"https:\/\/urbeamea.ro\/albaiulia\/wp-json\/wp\/v2\/users\/17"}],"replies":[{"embeddable":true,"href":"https:\/\/urbeamea.ro\/albaiulia\/wp-json\/wp\/v2\/comments?post=16935"}],"version-history":[{"count":0,"href":"https:\/\/urbeamea.ro\/albaiulia\/wp-json\/wp\/v2\/posts\/16935\/revisions"}],"wp:featuredmedia":[{"embeddable":true,"href":"https:\/\/urbeamea.ro\/albaiulia\/wp-json\/wp\/v2\/media\/16925"}],"wp:attachment":[{"href":"https:\/\/urbeamea.ro\/albaiulia\/wp-json\/wp\/v2\/media?parent=16935"}],"wp:term":[{"taxonomy":"category","embeddable":true,"href":"https:\/\/urbeamea.ro\/albaiulia\/wp-json\/wp\/v2\/categories?post=16935"},{"taxonomy":"post_tag","embeddable":true,"href":"https:\/\/urbeamea.ro\/albaiulia\/wp-json\/wp\/v2\/tags?post=16935"}],"curies":[{"name":"wp","href":"https:\/\/api.w.org\/{rel}","templated":true}]}}