{"id":17291,"date":"2016-01-26T22:49:23","date_gmt":"2016-01-26T20:49:23","guid":{"rendered":"http:\/\/urbeamea.ro\/albaiulia\/?p=17291"},"modified":"2016-01-26T22:49:23","modified_gmt":"2016-01-26T20:49:23","slug":"the-big-short-brokerii-apocalipsei-la-colours-cinema-din-29-ianuarie","status":"publish","type":"post","link":"https:\/\/urbeamea.ro\/albaiulia\/the-big-short-brokerii-apocalipsei-la-colours-cinema-din-29-ianuarie\/","title":{"rendered":"The Big Short [Brokerii apocalipsei] la Colours Cinema din 29 Ianuarie"},"content":{"rendered":"<p><img loading=\"lazy\" decoding=\"async\" class=\"alignleft size-medium wp-image-17292\" src=\"http:\/\/urbeamea.ro\/albaiulia\/wp-content\/uploads\/2016\/01\/thebigshort-209x300.jpg\" alt=\"thebigshort\" width=\"209\" height=\"300\" \/><a href=\"\" class=\"shortc-button small pink\">29 Ianuarie<\/a>\n<p>C\u00e2nd patru outsideri observ\u0103 ceea ce marile b\u0103nci, media \u0219i guvernul refuz\u0103 s\u0103 vad\u0103, \u0219i anume, iminen\u021ba colapsului economiei globale, au o idee de geniu: s\u0103 parieze \u00eempotriva b\u0103ncilor.<\/p>\n<p>Investi\u021biile lor extrem de \u00eendr\u0103zne\u021be \u00eei vor duce \u00een culisele sumbre ale sistemului bancar, unde vor fi nevoi\u021bi s\u0103 se \u00eendoiasc\u0103 de oricine \u0219i de orice.<\/p>\n<p>Bazat pe povestea adev\u0103rat\u0103 descris\u0103 \u00een romanul best seller al lui Michael Lewis (The Blind Side, Moneyball), \u0219i regizat de Adam McKay (Anchorman, Step Brothers), BROKERII APOCALIPSEI are o distribu\u021bie format\u0103 din unele din cele mai \u201cgrele\u201d nume de la Hollywood: Christian Bale, Steve Carell, Ryan Gosling, Brad Pitt.<\/p>\n<p><iframe loading=\"lazy\" src=\"https:\/\/www.youtube.com\/embed\/e7RhnO210HU\" width=\"560\" height=\"315\" frameborder=\"0\" allowfullscreen=\"allowfullscreen\"><\/iframe><\/p>\n<p><a href=\"http:\/\/urbeamea.ro\/albaiulia\/wp-content\/uploads\/2015\/01\/preturi.jpg\"><img loading=\"lazy\" decoding=\"async\" class=\"aligncenter wp-image-352 size-full\" src=\"http:\/\/urbeamea.ro\/albaiulia\/wp-content\/uploads\/2015\/01\/preturi.jpg\" alt=\"preturi\" width=\"960\" height=\"724\" srcset=\"https:\/\/urbeamea.ro\/albaiulia\/wp-content\/uploads\/2015\/01\/preturi.jpg 960w, https:\/\/urbeamea.ro\/albaiulia\/wp-content\/uploads\/2015\/01\/preturi-640x483.jpg 640w, https:\/\/urbeamea.ro\/albaiulia\/wp-content\/uploads\/2015\/01\/preturi-133x100.jpg 133w\" sizes=\"auto, (max-width: 960px) 100vw, 960px\" \/><\/a><\/p>\n","protected":false},"excerpt":{"rendered":"<p>C\u00e2nd patru outsideri observ\u0103 ceea ce marile b\u0103nci, media \u0219i guvernul refuz\u0103 s\u0103 vad\u0103, \u0219i anume, iminen\u021ba colapsului economiei globale, au o idee de geniu: s\u0103 parieze \u00eempotriva b\u0103ncilor. Investi\u021biile lor extrem de \u00eendr\u0103zne\u021be \u00eei vor duce \u00een culisele sumbre ale sistemului bancar, unde vor fi nevoi\u021bi s\u0103 se \u00eendoiasc\u0103 de oricine \u0219i de orice. &hellip;<\/p>\n","protected":false},"author":16,"featured_media":17292,"comment_status":"open","ping_status":"open","sticky":false,"template":"","format":"standard","meta":{"inline_featured_image":false,"footnotes":""},"categories":[28],"tags":[],"class_list":["post-17291","post","type-post","status-publish","format-standard","has-post-thumbnail","hentry","category-cinema"],"yoast_head":"<!-- This site is optimized with the Yoast SEO plugin v27.4 - https:\/\/yoast.com\/product\/yoast-seo-wordpress\/ -->\n<title>The Big Short [Brokerii apocalipsei] la Colours Cinema din 29 Ianuarie - Revista Urbea Mea - Revista de Alba<\/title>\n<meta name=\"description\" content=\"C\u00e2nd patru outsideri observ\u0103 ceea ce marile b\u0103nci, media \u0219i guvernul refuz\u0103 s\u0103 vad\u0103, \u0219i anume, iminen\u021ba colapsului economiei globale, au o idee de geniu:\" \/>\n<meta name=\"robots\" content=\"index, follow, max-snippet:-1, max-image-preview:large, max-video-preview:-1\" \/>\n<link rel=\"canonical\" href=\"https:\/\/urbeamea.ro\/albaiulia\/the-big-short-brokerii-apocalipsei-la-colours-cinema-din-29-ianuarie\/\" \/>\n<meta name=\"twitter:card\" content=\"summary_large_image\" \/>\n<meta name=\"twitter:title\" content=\"The Big Short [Brokerii apocalipsei] la Colours Cinema din 29 Ianuarie - Revista Urbea Mea - Revista de Alba\" \/>\n<meta name=\"twitter:description\" content=\"C\u00e2nd patru outsideri observ\u0103 ceea ce marile b\u0103nci, media \u0219i guvernul refuz\u0103 s\u0103 vad\u0103, \u0219i anume, iminen\u021ba colapsului economiei globale, au o idee de geniu:\" \/>\n<meta name=\"twitter:image\" content=\"https:\/\/urbeamea.ro\/albaiulia\/wp-content\/uploads\/2016\/01\/thebigshort.jpg\" \/>\n<meta name=\"twitter:creator\" content=\"@urbeameaweb\" \/>\n<meta name=\"twitter:site\" content=\"@urbeameaweb\" \/>\n<script type=\"application\/ld+json\" class=\"yoast-schema-graph\">{\"@context\":\"https:\\\/\\\/schema.org\",\"@graph\":[{\"@type\":\"Article\",\"@id\":\"https:\\\/\\\/urbeamea.ro\\\/albaiulia\\\/the-big-short-brokerii-apocalipsei-la-colours-cinema-din-29-ianuarie\\\/#article\",\"isPartOf\":{\"@id\":\"https:\\\/\\\/urbeamea.ro\\\/albaiulia\\\/the-big-short-brokerii-apocalipsei-la-colours-cinema-din-29-ianuarie\\\/\"},\"author\":{\"name\":\"Redac\u021bia UrbeaMea\",\"@id\":\"https:\\\/\\\/urbeamea.ro\\\/albaiulia\\\/#\\\/schema\\\/person\\\/272ae98052f8ee8980f59848df070247\"},\"headline\":\"The Big Short [Brokerii apocalipsei] la Colours Cinema din 29 Ianuarie\",\"datePublished\":\"2016-01-26T20:49:23+00:00\",\"mainEntityOfPage\":{\"@id\":\"https:\\\/\\\/urbeamea.ro\\\/albaiulia\\\/the-big-short-brokerii-apocalipsei-la-colours-cinema-din-29-ianuarie\\\/\"},\"wordCount\":131,\"commentCount\":0,\"image\":{\"@id\":\"https:\\\/\\\/urbeamea.ro\\\/albaiulia\\\/the-big-short-brokerii-apocalipsei-la-colours-cinema-din-29-ianuarie\\\/#primaryimage\"},\"thumbnailUrl\":\"https:\\\/\\\/urbeamea.ro\\\/albaiulia\\\/wp-content\\\/uploads\\\/2016\\\/01\\\/thebigshort.jpg\",\"articleSection\":[\"Cinema, Filme \u0219i seriale\"],\"inLanguage\":\"ro-RO\",\"potentialAction\":[{\"@type\":\"CommentAction\",\"name\":\"Comment\",\"target\":[\"https:\\\/\\\/urbeamea.ro\\\/albaiulia\\\/the-big-short-brokerii-apocalipsei-la-colours-cinema-din-29-ianuarie\\\/#respond\"]}]},{\"@type\":\"WebPage\",\"@id\":\"https:\\\/\\\/urbeamea.ro\\\/albaiulia\\\/the-big-short-brokerii-apocalipsei-la-colours-cinema-din-29-ianuarie\\\/\",\"url\":\"https:\\\/\\\/urbeamea.ro\\\/albaiulia\\\/the-big-short-brokerii-apocalipsei-la-colours-cinema-din-29-ianuarie\\\/\",\"name\":\"The Big Short [Brokerii apocalipsei] la Colours Cinema din 29 Ianuarie - Revista Urbea Mea - Revista de Alba\",\"isPartOf\":{\"@id\":\"https:\\\/\\\/urbeamea.ro\\\/albaiulia\\\/#website\"},\"primaryImageOfPage\":{\"@id\":\"https:\\\/\\\/urbeamea.ro\\\/albaiulia\\\/the-big-short-brokerii-apocalipsei-la-colours-cinema-din-29-ianuarie\\\/#primaryimage\"},\"image\":{\"@id\":\"https:\\\/\\\/urbeamea.ro\\\/albaiulia\\\/the-big-short-brokerii-apocalipsei-la-colours-cinema-din-29-ianuarie\\\/#primaryimage\"},\"thumbnailUrl\":\"https:\\\/\\\/urbeamea.ro\\\/albaiulia\\\/wp-content\\\/uploads\\\/2016\\\/01\\\/thebigshort.jpg\",\"datePublished\":\"2016-01-26T20:49:23+00:00\",\"author\":{\"@id\":\"https:\\\/\\\/urbeamea.ro\\\/albaiulia\\\/#\\\/schema\\\/person\\\/272ae98052f8ee8980f59848df070247\"},\"description\":\"C\u00e2nd patru outsideri observ\u0103 ceea ce marile b\u0103nci, media \u0219i guvernul refuz\u0103 s\u0103 vad\u0103, \u0219i anume, iminen\u021ba colapsului economiei globale, au o idee de geniu:\",\"breadcrumb\":{\"@id\":\"https:\\\/\\\/urbeamea.ro\\\/albaiulia\\\/the-big-short-brokerii-apocalipsei-la-colours-cinema-din-29-ianuarie\\\/#breadcrumb\"},\"inLanguage\":\"ro-RO\",\"potentialAction\":[{\"@type\":\"ReadAction\",\"target\":[\"https:\\\/\\\/urbeamea.ro\\\/albaiulia\\\/the-big-short-brokerii-apocalipsei-la-colours-cinema-din-29-ianuarie\\\/\"]}]},{\"@type\":\"ImageObject\",\"inLanguage\":\"ro-RO\",\"@id\":\"https:\\\/\\\/urbeamea.ro\\\/albaiulia\\\/the-big-short-brokerii-apocalipsei-la-colours-cinema-din-29-ianuarie\\\/#primaryimage\",\"url\":\"https:\\\/\\\/urbeamea.ro\\\/albaiulia\\\/wp-content\\\/uploads\\\/2016\\\/01\\\/thebigshort.jpg\",\"contentUrl\":\"https:\\\/\\\/urbeamea.ro\\\/albaiulia\\\/wp-content\\\/uploads\\\/2016\\\/01\\\/thebigshort.jpg\",\"width\":836,\"height\":1200},{\"@type\":\"BreadcrumbList\",\"@id\":\"https:\\\/\\\/urbeamea.ro\\\/albaiulia\\\/the-big-short-brokerii-apocalipsei-la-colours-cinema-din-29-ianuarie\\\/#breadcrumb\",\"itemListElement\":[{\"@type\":\"ListItem\",\"position\":1,\"name\":\"Prima pagin\u0103\",\"item\":\"https:\\\/\\\/urbeamea.ro\\\/albaiulia\\\/\"},{\"@type\":\"ListItem\",\"position\":2,\"name\":\"The Big Short [Brokerii apocalipsei] la Colours Cinema din 29 Ianuarie\"}]},{\"@type\":\"WebSite\",\"@id\":\"https:\\\/\\\/urbeamea.ro\\\/albaiulia\\\/#website\",\"url\":\"https:\\\/\\\/urbeamea.ro\\\/albaiulia\\\/\",\"name\":\"Revista Urbea Mea, Stiri urbane\",\"description\":\"Evenimente \u0219i \u0219tiri din Alba Iulia, Sebe\u0219, Aiud, Blaj\",\"potentialAction\":[{\"@type\":\"SearchAction\",\"target\":{\"@type\":\"EntryPoint\",\"urlTemplate\":\"https:\\\/\\\/urbeamea.ro\\\/albaiulia\\\/?s={search_term_string}\"},\"query-input\":{\"@type\":\"PropertyValueSpecification\",\"valueRequired\":true,\"valueName\":\"search_term_string\"}}],\"inLanguage\":\"ro-RO\"},{\"@type\":\"Person\",\"@id\":\"https:\\\/\\\/urbeamea.ro\\\/albaiulia\\\/#\\\/schema\\\/person\\\/272ae98052f8ee8980f59848df070247\",\"name\":\"Redac\u021bia UrbeaMea\",\"image\":{\"@type\":\"ImageObject\",\"inLanguage\":\"ro-RO\",\"@id\":\"https:\\\/\\\/secure.gravatar.com\\\/avatar\\\/9ce5a9435071fa1037e8468053ead8e513dbbff59009d3069aadb85506d85a27?s=96&d=mm&r=g\",\"url\":\"https:\\\/\\\/secure.gravatar.com\\\/avatar\\\/9ce5a9435071fa1037e8468053ead8e513dbbff59009d3069aadb85506d85a27?s=96&d=mm&r=g\",\"contentUrl\":\"https:\\\/\\\/secure.gravatar.com\\\/avatar\\\/9ce5a9435071fa1037e8468053ead8e513dbbff59009d3069aadb85506d85a27?s=96&d=mm&r=g\",\"caption\":\"Redac\u021bia UrbeaMea\"},\"description\":\"contact@urbeamea.ro\",\"sameAs\":[\"https:\\\/\\\/www.urbeamea.ro\"],\"url\":\"https:\\\/\\\/urbeamea.ro\\\/albaiulia\\\/author\\\/redactia-urbeamea\\\/\"}]}<\/script>\n<!-- \/ Yoast SEO plugin. -->","yoast_head_json":{"title":"The Big Short [Brokerii apocalipsei] la Colours Cinema din 29 Ianuarie - Revista Urbea Mea - Revista de Alba","description":"C\u00e2nd patru outsideri observ\u0103 ceea ce marile b\u0103nci, media \u0219i guvernul refuz\u0103 s\u0103 vad\u0103, \u0219i anume, iminen\u021ba colapsului economiei globale, au o idee de geniu:","robots":{"index":"index","follow":"follow","max-snippet":"max-snippet:-1","max-image-preview":"max-image-preview:large","max-video-preview":"max-video-preview:-1"},"canonical":"https:\/\/urbeamea.ro\/albaiulia\/the-big-short-brokerii-apocalipsei-la-colours-cinema-din-29-ianuarie\/","twitter_card":"summary_large_image","twitter_title":"The Big Short [Brokerii apocalipsei] la Colours Cinema din 29 Ianuarie - Revista Urbea Mea - Revista de Alba","twitter_description":"C\u00e2nd patru outsideri observ\u0103 ceea ce marile b\u0103nci, media \u0219i guvernul refuz\u0103 s\u0103 vad\u0103, \u0219i anume, iminen\u021ba colapsului economiei globale, au o idee de geniu:","twitter_image":"https:\/\/urbeamea.ro\/albaiulia\/wp-content\/uploads\/2016\/01\/thebigshort.jpg","twitter_creator":"@urbeameaweb","twitter_site":"@urbeameaweb","schema":{"@context":"https:\/\/schema.org","@graph":[{"@type":"Article","@id":"https:\/\/urbeamea.ro\/albaiulia\/the-big-short-brokerii-apocalipsei-la-colours-cinema-din-29-ianuarie\/#article","isPartOf":{"@id":"https:\/\/urbeamea.ro\/albaiulia\/the-big-short-brokerii-apocalipsei-la-colours-cinema-din-29-ianuarie\/"},"author":{"name":"Redac\u021bia UrbeaMea","@id":"https:\/\/urbeamea.ro\/albaiulia\/#\/schema\/person\/272ae98052f8ee8980f59848df070247"},"headline":"The Big Short [Brokerii apocalipsei] la Colours Cinema din 29 Ianuarie","datePublished":"2016-01-26T20:49:23+00:00","mainEntityOfPage":{"@id":"https:\/\/urbeamea.ro\/albaiulia\/the-big-short-brokerii-apocalipsei-la-colours-cinema-din-29-ianuarie\/"},"wordCount":131,"commentCount":0,"image":{"@id":"https:\/\/urbeamea.ro\/albaiulia\/the-big-short-brokerii-apocalipsei-la-colours-cinema-din-29-ianuarie\/#primaryimage"},"thumbnailUrl":"https:\/\/urbeamea.ro\/albaiulia\/wp-content\/uploads\/2016\/01\/thebigshort.jpg","articleSection":["Cinema, Filme \u0219i seriale"],"inLanguage":"ro-RO","potentialAction":[{"@type":"CommentAction","name":"Comment","target":["https:\/\/urbeamea.ro\/albaiulia\/the-big-short-brokerii-apocalipsei-la-colours-cinema-din-29-ianuarie\/#respond"]}]},{"@type":"WebPage","@id":"https:\/\/urbeamea.ro\/albaiulia\/the-big-short-brokerii-apocalipsei-la-colours-cinema-din-29-ianuarie\/","url":"https:\/\/urbeamea.ro\/albaiulia\/the-big-short-brokerii-apocalipsei-la-colours-cinema-din-29-ianuarie\/","name":"The Big Short [Brokerii apocalipsei] la Colours Cinema din 29 Ianuarie - Revista Urbea Mea - Revista de Alba","isPartOf":{"@id":"https:\/\/urbeamea.ro\/albaiulia\/#website"},"primaryImageOfPage":{"@id":"https:\/\/urbeamea.ro\/albaiulia\/the-big-short-brokerii-apocalipsei-la-colours-cinema-din-29-ianuarie\/#primaryimage"},"image":{"@id":"https:\/\/urbeamea.ro\/albaiulia\/the-big-short-brokerii-apocalipsei-la-colours-cinema-din-29-ianuarie\/#primaryimage"},"thumbnailUrl":"https:\/\/urbeamea.ro\/albaiulia\/wp-content\/uploads\/2016\/01\/thebigshort.jpg","datePublished":"2016-01-26T20:49:23+00:00","author":{"@id":"https:\/\/urbeamea.ro\/albaiulia\/#\/schema\/person\/272ae98052f8ee8980f59848df070247"},"description":"C\u00e2nd patru outsideri observ\u0103 ceea ce marile b\u0103nci, media \u0219i guvernul refuz\u0103 s\u0103 vad\u0103, \u0219i anume, iminen\u021ba colapsului economiei globale, au o idee de geniu:","breadcrumb":{"@id":"https:\/\/urbeamea.ro\/albaiulia\/the-big-short-brokerii-apocalipsei-la-colours-cinema-din-29-ianuarie\/#breadcrumb"},"inLanguage":"ro-RO","potentialAction":[{"@type":"ReadAction","target":["https:\/\/urbeamea.ro\/albaiulia\/the-big-short-brokerii-apocalipsei-la-colours-cinema-din-29-ianuarie\/"]}]},{"@type":"ImageObject","inLanguage":"ro-RO","@id":"https:\/\/urbeamea.ro\/albaiulia\/the-big-short-brokerii-apocalipsei-la-colours-cinema-din-29-ianuarie\/#primaryimage","url":"https:\/\/urbeamea.ro\/albaiulia\/wp-content\/uploads\/2016\/01\/thebigshort.jpg","contentUrl":"https:\/\/urbeamea.ro\/albaiulia\/wp-content\/uploads\/2016\/01\/thebigshort.jpg","width":836,"height":1200},{"@type":"BreadcrumbList","@id":"https:\/\/urbeamea.ro\/albaiulia\/the-big-short-brokerii-apocalipsei-la-colours-cinema-din-29-ianuarie\/#breadcrumb","itemListElement":[{"@type":"ListItem","position":1,"name":"Prima pagin\u0103","item":"https:\/\/urbeamea.ro\/albaiulia\/"},{"@type":"ListItem","position":2,"name":"The Big Short [Brokerii apocalipsei] la Colours Cinema din 29 Ianuarie"}]},{"@type":"WebSite","@id":"https:\/\/urbeamea.ro\/albaiulia\/#website","url":"https:\/\/urbeamea.ro\/albaiulia\/","name":"Revista Urbea Mea, Stiri urbane","description":"Evenimente \u0219i \u0219tiri din Alba Iulia, Sebe\u0219, Aiud, Blaj","potentialAction":[{"@type":"SearchAction","target":{"@type":"EntryPoint","urlTemplate":"https:\/\/urbeamea.ro\/albaiulia\/?s={search_term_string}"},"query-input":{"@type":"PropertyValueSpecification","valueRequired":true,"valueName":"search_term_string"}}],"inLanguage":"ro-RO"},{"@type":"Person","@id":"https:\/\/urbeamea.ro\/albaiulia\/#\/schema\/person\/272ae98052f8ee8980f59848df070247","name":"Redac\u021bia UrbeaMea","image":{"@type":"ImageObject","inLanguage":"ro-RO","@id":"https:\/\/secure.gravatar.com\/avatar\/9ce5a9435071fa1037e8468053ead8e513dbbff59009d3069aadb85506d85a27?s=96&d=mm&r=g","url":"https:\/\/secure.gravatar.com\/avatar\/9ce5a9435071fa1037e8468053ead8e513dbbff59009d3069aadb85506d85a27?s=96&d=mm&r=g","contentUrl":"https:\/\/secure.gravatar.com\/avatar\/9ce5a9435071fa1037e8468053ead8e513dbbff59009d3069aadb85506d85a27?s=96&d=mm&r=g","caption":"Redac\u021bia UrbeaMea"},"description":"contact@urbeamea.ro","sameAs":["https:\/\/www.urbeamea.ro"],"url":"https:\/\/urbeamea.ro\/albaiulia\/author\/redactia-urbeamea\/"}]}},"_links":{"self":[{"href":"https:\/\/urbeamea.ro\/albaiulia\/wp-json\/wp\/v2\/posts\/17291","targetHints":{"allow":["GET"]}}],"collection":[{"href":"https:\/\/urbeamea.ro\/albaiulia\/wp-json\/wp\/v2\/posts"}],"about":[{"href":"https:\/\/urbeamea.ro\/albaiulia\/wp-json\/wp\/v2\/types\/post"}],"author":[{"embeddable":true,"href":"https:\/\/urbeamea.ro\/albaiulia\/wp-json\/wp\/v2\/users\/16"}],"replies":[{"embeddable":true,"href":"https:\/\/urbeamea.ro\/albaiulia\/wp-json\/wp\/v2\/comments?post=17291"}],"version-history":[{"count":0,"href":"https:\/\/urbeamea.ro\/albaiulia\/wp-json\/wp\/v2\/posts\/17291\/revisions"}],"wp:featuredmedia":[{"embeddable":true,"href":"https:\/\/urbeamea.ro\/albaiulia\/wp-json\/wp\/v2\/media\/17292"}],"wp:attachment":[{"href":"https:\/\/urbeamea.ro\/albaiulia\/wp-json\/wp\/v2\/media?parent=17291"}],"wp:term":[{"taxonomy":"category","embeddable":true,"href":"https:\/\/urbeamea.ro\/albaiulia\/wp-json\/wp\/v2\/categories?post=17291"},{"taxonomy":"post_tag","embeddable":true,"href":"https:\/\/urbeamea.ro\/albaiulia\/wp-json\/wp\/v2\/tags?post=17291"}],"curies":[{"name":"wp","href":"https:\/\/api.w.org\/{rel}","templated":true}]}}