{"id":17296,"date":"2016-01-27T10:15:45","date_gmt":"2016-01-27T08:15:45","guid":{"rendered":"http:\/\/urbeamea.ro\/albaiulia\/?p=17296"},"modified":"2016-01-27T10:15:45","modified_gmt":"2016-01-27T08:15:45","slug":"astazi-aducerea-moastelor-sfantului-ierarh-ioan-gura-de-aur-arhiepiscopul-constantinopolului","status":"publish","type":"post","link":"https:\/\/urbeamea.ro\/albaiulia\/astazi-aducerea-moastelor-sfantului-ierarh-ioan-gura-de-aur-arhiepiscopul-constantinopolului\/","title":{"rendered":"AST\u0102ZI: Aducerea moa\u0219telor Sf\u00e2ntului Ierarh Ioan Gur\u0103 de Aur, arhiepiscopul Constantinopolului"},"content":{"rendered":"<p><strong><img loading=\"lazy\" decoding=\"async\" class=\"size-medium wp-image-17297 alignleft\" src=\"http:\/\/urbeamea.ro\/albaiulia\/wp-content\/uploads\/2016\/01\/ioan-gura-de-aur-267x300.jpg\" alt=\"ioan gura de aur\" width=\"267\" height=\"300\" \/>Data de 27 ianuarie a fiec\u0103rui an din calendarul cre\u0219tin ortodox marcheaz\u0103 aducerea moa\u0219telor Sf\u00e2ntului Ierarh Ioan Gur\u0103 de Aur, arhiepiscopul Constantinopolului.\u00a0Sf\u00e2ntul Ioan Gur\u0103 de Aur a fost patriarh al Constantinopolului, pe vremea \u00eemp\u0103ratului Arcadie (395-408) \u0219i a \u00eemp\u0103r\u0103tesei Eudoxia. \u00cen aceast\u0103 zi se face pomenirea aducerii sfintelor sale moa\u0219te din surghiunul unde a murit \u0219i a\u0219ezarea lor \u00een Biserica \u201eSfin\u021bii Apostoli\u201d din Constantinopol.<\/strong><\/p>\n<p>Sf\u00e2ntul Ioan Hrisostom sau Sf\u00e2ntul Ioan Gura de Aur, (344-407), unul din marii P\u0103rin\u021bi ai Bisericii, a fost un fervent propov\u0103duitor al dreptei credin\u021be, ridicat la rangul de arhiepiscop al Constantinopolului de c\u0103tre \u00eemp\u0103ratul Arcadie (398).<\/p>\n<p>\u00cen calitatea sa de ierarh al Constantinopolului, a comb\u0103tut prin cuv\u00e2nt\u0103rile sale luxul \u0219i l\u0103comia, f\u0103c\u00e2ndu-\u0219i inamici printre potenta\u021bii vremii, printre care s-a aflat \u0219i \u00eemp\u0103r\u0103teasa Eudoxia.<br \/>\nPe acest fond, \u00een timpul controverselor origeniste, \u00een urma unui sinod, \u00een anul 403, Sf\u00e2ntul Ioan a fost suspectat de erezie \u0219i a fost alungat din scaunul patriarhal. De\u0219i s-a \u00eentors pentru o scurt\u0103 vreme, Sf\u00e2ntul Ioan a fost \u00een cel din urm\u0103 exilat \u00een Armenia, la Cucuz, apoi la Comane, unde, \u00eendur\u00e2nd mari priva\u021biuni, a \u0219i murit, la 14 septembrie 407.<\/p>\n<p>Trupul nestricat al Sf\u00e2ntului Ioan a fost luat cu rug\u0103ciuni de la Comane, la hotarele Armeniei, unde era \u00eengropat, la ini\u021biativa patriarhului Constantinopolului, Sf\u00e2ntul Proclu, \u00een timpul \u00eemp\u0103ratul Teodosie (408-450).<\/p>\n<p>Pretutindeni, prin sate \u0219i prin ora\u0219e, moa\u0219tele Sf\u00e2ntului Ioan Gur\u0103 de Aur, puse \u00eentr-un sicriu de aur, au fost petrecute cu c\u00e2nt\u0103ri de psalmi, f\u0103clii aprinse \u0219i mireasm\u0103 de t\u0103m\u00e2ie. Iar c\u00e2nd au ajuns la Constantinopol, \u00eemp\u0103ratul Teodosie \u00eensu\u0219i a \u00eengenunchiat \u0219i s-a rugat cu lacrimi ca Sf\u00e2ntul Ioan s\u0103 ierte f\u0103r\u0103delegea mamei sale Eudoxia.<\/p>\n<p>Au fost a\u0219ezate apoi sfintele moa\u0219te la Biserica \u201eSfin\u021bii Apostoli\u201d, \u00een ziua de 27 ianuarie. Spre ve\u0219nica pomenire a Sf\u00e2ntului Ioan Gur\u0103 de Aur, marele p\u0103stor \u0219i \u00eenv\u0103\u021b\u0103tor al cre\u0219tin\u0103t\u0103\u021bii \u00eentregi, Biserica a hot\u0103r\u00e2t ca aceast\u0103 zi s\u0103 se pr\u0103znuiasc\u0103 \u00een tot anul.<\/p>\n","protected":false},"excerpt":{"rendered":"<p>Data de 27 ianuarie a fiec\u0103rui an din calendarul cre\u0219tin ortodox marcheaz\u0103 aducerea moa\u0219telor Sf\u00e2ntului Ierarh Ioan Gur\u0103 de Aur, arhiepiscopul Constantinopolului.\u00a0Sf\u00e2ntul Ioan Gur\u0103 de Aur a fost patriarh al Constantinopolului, pe vremea \u00eemp\u0103ratului Arcadie (395-408) \u0219i a \u00eemp\u0103r\u0103tesei Eudoxia. \u00cen aceast\u0103 zi se face pomenirea aducerii sfintelor sale moa\u0219te din surghiunul unde a murit &hellip;<\/p>\n","protected":false},"author":17,"featured_media":17297,"comment_status":"open","ping_status":"open","sticky":false,"template":"","format":"standard","meta":{"inline_featured_image":false,"footnotes":""},"categories":[2034],"tags":[2261,2263,2260,1922,2262,308,76],"class_list":["post-17296","post","type-post","status-publish","format-standard","has-post-thumbnail","hentry","category-social","tag-ierarh","tag-invatator-al-crestinatatii","tag-ioan-gura-de-aur","tag-moaste","tag-pastor","tag-stiri","tag-urbea-mea"],"yoast_head":"<!-- This site is optimized with the Yoast SEO plugin v27.4 - https:\/\/yoast.com\/product\/yoast-seo-wordpress\/ -->\n<title>AST\u0102ZI: Aducerea moa\u0219telor Sf\u00e2ntului Ierarh Ioan Gur\u0103 de Aur, arhiepiscopul Constantinopolului - Revista Urbea Mea - Revista de Alba<\/title>\n<meta name=\"description\" content=\"Data de 27 ianuarie a fiec\u0103rui an din calendarul cre\u0219tin ortodox marcheaz\u0103 aducerea moa\u0219telor Sf\u00e2ntului Ierarh Ioan Gur\u0103 de Aur, arhiepiscopul\" \/>\n<meta name=\"robots\" content=\"index, follow, max-snippet:-1, max-image-preview:large, max-video-preview:-1\" \/>\n<link rel=\"canonical\" href=\"https:\/\/urbeamea.ro\/albaiulia\/astazi-aducerea-moastelor-sfantului-ierarh-ioan-gura-de-aur-arhiepiscopul-constantinopolului\/\" \/>\n<meta name=\"twitter:card\" content=\"summary_large_image\" \/>\n<meta name=\"twitter:title\" content=\"AST\u0102ZI: Aducerea moa\u0219telor Sf\u00e2ntului Ierarh Ioan Gur\u0103 de Aur, arhiepiscopul Constantinopolului - Revista Urbea Mea - Revista de Alba\" \/>\n<meta name=\"twitter:description\" content=\"Data de 27 ianuarie a fiec\u0103rui an din calendarul cre\u0219tin ortodox marcheaz\u0103 aducerea moa\u0219telor Sf\u00e2ntului Ierarh Ioan Gur\u0103 de Aur, arhiepiscopul\" \/>\n<meta name=\"twitter:image\" content=\"https:\/\/urbeamea.ro\/albaiulia\/wp-content\/uploads\/2016\/01\/ioan-gura-de-aur.jpg\" \/>\n<meta name=\"twitter:creator\" content=\"@urbeameaweb\" \/>\n<meta name=\"twitter:site\" content=\"@urbeameaweb\" \/>\n<script type=\"application\/ld+json\" class=\"yoast-schema-graph\">{\"@context\":\"https:\\\/\\\/schema.org\",\"@graph\":[{\"@type\":\"Article\",\"@id\":\"https:\\\/\\\/urbeamea.ro\\\/albaiulia\\\/astazi-aducerea-moastelor-sfantului-ierarh-ioan-gura-de-aur-arhiepiscopul-constantinopolului\\\/#article\",\"isPartOf\":{\"@id\":\"https:\\\/\\\/urbeamea.ro\\\/albaiulia\\\/astazi-aducerea-moastelor-sfantului-ierarh-ioan-gura-de-aur-arhiepiscopul-constantinopolului\\\/\"},\"author\":{\"name\":\"Cristina Ganga\",\"@id\":\"https:\\\/\\\/urbeamea.ro\\\/albaiulia\\\/#\\\/schema\\\/person\\\/9700d21fae21c4f038b0b56f4506264a\"},\"headline\":\"AST\u0102ZI: Aducerea moa\u0219telor Sf\u00e2ntului Ierarh Ioan Gur\u0103 de Aur, arhiepiscopul Constantinopolului\",\"datePublished\":\"2016-01-27T08:15:45+00:00\",\"mainEntityOfPage\":{\"@id\":\"https:\\\/\\\/urbeamea.ro\\\/albaiulia\\\/astazi-aducerea-moastelor-sfantului-ierarh-ioan-gura-de-aur-arhiepiscopul-constantinopolului\\\/\"},\"wordCount\":392,\"commentCount\":0,\"image\":{\"@id\":\"https:\\\/\\\/urbeamea.ro\\\/albaiulia\\\/astazi-aducerea-moastelor-sfantului-ierarh-ioan-gura-de-aur-arhiepiscopul-constantinopolului\\\/#primaryimage\"},\"thumbnailUrl\":\"https:\\\/\\\/urbeamea.ro\\\/albaiulia\\\/wp-content\\\/uploads\\\/2016\\\/01\\\/ioan-gura-de-aur.jpg\",\"keywords\":[\"ierarh\",\"invatator al crestinatatii\",\"ioan gura de aur\",\"moaste\",\"pastor\",\"stiri\",\"Urbea Mea\"],\"articleSection\":[\"Social\"],\"inLanguage\":\"ro-RO\",\"potentialAction\":[{\"@type\":\"CommentAction\",\"name\":\"Comment\",\"target\":[\"https:\\\/\\\/urbeamea.ro\\\/albaiulia\\\/astazi-aducerea-moastelor-sfantului-ierarh-ioan-gura-de-aur-arhiepiscopul-constantinopolului\\\/#respond\"]}]},{\"@type\":\"WebPage\",\"@id\":\"https:\\\/\\\/urbeamea.ro\\\/albaiulia\\\/astazi-aducerea-moastelor-sfantului-ierarh-ioan-gura-de-aur-arhiepiscopul-constantinopolului\\\/\",\"url\":\"https:\\\/\\\/urbeamea.ro\\\/albaiulia\\\/astazi-aducerea-moastelor-sfantului-ierarh-ioan-gura-de-aur-arhiepiscopul-constantinopolului\\\/\",\"name\":\"AST\u0102ZI: Aducerea moa\u0219telor Sf\u00e2ntului Ierarh Ioan Gur\u0103 de Aur, arhiepiscopul Constantinopolului - Revista Urbea Mea - Revista de Alba\",\"isPartOf\":{\"@id\":\"https:\\\/\\\/urbeamea.ro\\\/albaiulia\\\/#website\"},\"primaryImageOfPage\":{\"@id\":\"https:\\\/\\\/urbeamea.ro\\\/albaiulia\\\/astazi-aducerea-moastelor-sfantului-ierarh-ioan-gura-de-aur-arhiepiscopul-constantinopolului\\\/#primaryimage\"},\"image\":{\"@id\":\"https:\\\/\\\/urbeamea.ro\\\/albaiulia\\\/astazi-aducerea-moastelor-sfantului-ierarh-ioan-gura-de-aur-arhiepiscopul-constantinopolului\\\/#primaryimage\"},\"thumbnailUrl\":\"https:\\\/\\\/urbeamea.ro\\\/albaiulia\\\/wp-content\\\/uploads\\\/2016\\\/01\\\/ioan-gura-de-aur.jpg\",\"datePublished\":\"2016-01-27T08:15:45+00:00\",\"author\":{\"@id\":\"https:\\\/\\\/urbeamea.ro\\\/albaiulia\\\/#\\\/schema\\\/person\\\/9700d21fae21c4f038b0b56f4506264a\"},\"description\":\"Data de 27 ianuarie a fiec\u0103rui an din calendarul cre\u0219tin ortodox marcheaz\u0103 aducerea moa\u0219telor Sf\u00e2ntului Ierarh Ioan Gur\u0103 de Aur, arhiepiscopul\",\"breadcrumb\":{\"@id\":\"https:\\\/\\\/urbeamea.ro\\\/albaiulia\\\/astazi-aducerea-moastelor-sfantului-ierarh-ioan-gura-de-aur-arhiepiscopul-constantinopolului\\\/#breadcrumb\"},\"inLanguage\":\"ro-RO\",\"potentialAction\":[{\"@type\":\"ReadAction\",\"target\":[\"https:\\\/\\\/urbeamea.ro\\\/albaiulia\\\/astazi-aducerea-moastelor-sfantului-ierarh-ioan-gura-de-aur-arhiepiscopul-constantinopolului\\\/\"]}]},{\"@type\":\"ImageObject\",\"inLanguage\":\"ro-RO\",\"@id\":\"https:\\\/\\\/urbeamea.ro\\\/albaiulia\\\/astazi-aducerea-moastelor-sfantului-ierarh-ioan-gura-de-aur-arhiepiscopul-constantinopolului\\\/#primaryimage\",\"url\":\"https:\\\/\\\/urbeamea.ro\\\/albaiulia\\\/wp-content\\\/uploads\\\/2016\\\/01\\\/ioan-gura-de-aur.jpg\",\"contentUrl\":\"https:\\\/\\\/urbeamea.ro\\\/albaiulia\\\/wp-content\\\/uploads\\\/2016\\\/01\\\/ioan-gura-de-aur.jpg\",\"width\":713,\"height\":800},{\"@type\":\"BreadcrumbList\",\"@id\":\"https:\\\/\\\/urbeamea.ro\\\/albaiulia\\\/astazi-aducerea-moastelor-sfantului-ierarh-ioan-gura-de-aur-arhiepiscopul-constantinopolului\\\/#breadcrumb\",\"itemListElement\":[{\"@type\":\"ListItem\",\"position\":1,\"name\":\"Prima pagin\u0103\",\"item\":\"https:\\\/\\\/urbeamea.ro\\\/albaiulia\\\/\"},{\"@type\":\"ListItem\",\"position\":2,\"name\":\"AST\u0102ZI: Aducerea moa\u0219telor Sf\u00e2ntului Ierarh Ioan Gur\u0103 de Aur, arhiepiscopul Constantinopolului\"}]},{\"@type\":\"WebSite\",\"@id\":\"https:\\\/\\\/urbeamea.ro\\\/albaiulia\\\/#website\",\"url\":\"https:\\\/\\\/urbeamea.ro\\\/albaiulia\\\/\",\"name\":\"Revista Urbea Mea, Stiri urbane\",\"description\":\"Evenimente \u0219i \u0219tiri din Alba Iulia, Sebe\u0219, Aiud, Blaj\",\"potentialAction\":[{\"@type\":\"SearchAction\",\"target\":{\"@type\":\"EntryPoint\",\"urlTemplate\":\"https:\\\/\\\/urbeamea.ro\\\/albaiulia\\\/?s={search_term_string}\"},\"query-input\":{\"@type\":\"PropertyValueSpecification\",\"valueRequired\":true,\"valueName\":\"search_term_string\"}}],\"inLanguage\":\"ro-RO\"},{\"@type\":\"Person\",\"@id\":\"https:\\\/\\\/urbeamea.ro\\\/albaiulia\\\/#\\\/schema\\\/person\\\/9700d21fae21c4f038b0b56f4506264a\",\"name\":\"Cristina Ganga\",\"image\":{\"@type\":\"ImageObject\",\"inLanguage\":\"ro-RO\",\"@id\":\"https:\\\/\\\/secure.gravatar.com\\\/avatar\\\/5a67661041f057b4a8ccaf26f5a8e86e2689372006d01faf3dd9eeb10b654bb4?s=96&d=mm&r=g\",\"url\":\"https:\\\/\\\/secure.gravatar.com\\\/avatar\\\/5a67661041f057b4a8ccaf26f5a8e86e2689372006d01faf3dd9eeb10b654bb4?s=96&d=mm&r=g\",\"contentUrl\":\"https:\\\/\\\/secure.gravatar.com\\\/avatar\\\/5a67661041f057b4a8ccaf26f5a8e86e2689372006d01faf3dd9eeb10b654bb4?s=96&d=mm&r=g\",\"caption\":\"Cristina Ganga\"},\"description\":\"Jurnalist\",\"sameAs\":[\"https:\\\/\\\/www.facebook.com\\\/cristina.nicola.587\"],\"url\":\"https:\\\/\\\/urbeamea.ro\\\/albaiulia\\\/author\\\/cristina-nicola\\\/\"}]}<\/script>\n<!-- \/ Yoast SEO plugin. -->","yoast_head_json":{"title":"AST\u0102ZI: Aducerea moa\u0219telor Sf\u00e2ntului Ierarh Ioan Gur\u0103 de Aur, arhiepiscopul Constantinopolului - Revista Urbea Mea - Revista de Alba","description":"Data de 27 ianuarie a fiec\u0103rui an din calendarul cre\u0219tin ortodox marcheaz\u0103 aducerea moa\u0219telor Sf\u00e2ntului Ierarh Ioan Gur\u0103 de Aur, arhiepiscopul","robots":{"index":"index","follow":"follow","max-snippet":"max-snippet:-1","max-image-preview":"max-image-preview:large","max-video-preview":"max-video-preview:-1"},"canonical":"https:\/\/urbeamea.ro\/albaiulia\/astazi-aducerea-moastelor-sfantului-ierarh-ioan-gura-de-aur-arhiepiscopul-constantinopolului\/","twitter_card":"summary_large_image","twitter_title":"AST\u0102ZI: Aducerea moa\u0219telor Sf\u00e2ntului Ierarh Ioan Gur\u0103 de Aur, arhiepiscopul Constantinopolului - Revista Urbea Mea - Revista de Alba","twitter_description":"Data de 27 ianuarie a fiec\u0103rui an din calendarul cre\u0219tin ortodox marcheaz\u0103 aducerea moa\u0219telor Sf\u00e2ntului Ierarh Ioan Gur\u0103 de Aur, arhiepiscopul","twitter_image":"https:\/\/urbeamea.ro\/albaiulia\/wp-content\/uploads\/2016\/01\/ioan-gura-de-aur.jpg","twitter_creator":"@urbeameaweb","twitter_site":"@urbeameaweb","schema":{"@context":"https:\/\/schema.org","@graph":[{"@type":"Article","@id":"https:\/\/urbeamea.ro\/albaiulia\/astazi-aducerea-moastelor-sfantului-ierarh-ioan-gura-de-aur-arhiepiscopul-constantinopolului\/#article","isPartOf":{"@id":"https:\/\/urbeamea.ro\/albaiulia\/astazi-aducerea-moastelor-sfantului-ierarh-ioan-gura-de-aur-arhiepiscopul-constantinopolului\/"},"author":{"name":"Cristina Ganga","@id":"https:\/\/urbeamea.ro\/albaiulia\/#\/schema\/person\/9700d21fae21c4f038b0b56f4506264a"},"headline":"AST\u0102ZI: Aducerea moa\u0219telor Sf\u00e2ntului Ierarh Ioan Gur\u0103 de Aur, arhiepiscopul Constantinopolului","datePublished":"2016-01-27T08:15:45+00:00","mainEntityOfPage":{"@id":"https:\/\/urbeamea.ro\/albaiulia\/astazi-aducerea-moastelor-sfantului-ierarh-ioan-gura-de-aur-arhiepiscopul-constantinopolului\/"},"wordCount":392,"commentCount":0,"image":{"@id":"https:\/\/urbeamea.ro\/albaiulia\/astazi-aducerea-moastelor-sfantului-ierarh-ioan-gura-de-aur-arhiepiscopul-constantinopolului\/#primaryimage"},"thumbnailUrl":"https:\/\/urbeamea.ro\/albaiulia\/wp-content\/uploads\/2016\/01\/ioan-gura-de-aur.jpg","keywords":["ierarh","invatator al crestinatatii","ioan gura de aur","moaste","pastor","stiri","Urbea Mea"],"articleSection":["Social"],"inLanguage":"ro-RO","potentialAction":[{"@type":"CommentAction","name":"Comment","target":["https:\/\/urbeamea.ro\/albaiulia\/astazi-aducerea-moastelor-sfantului-ierarh-ioan-gura-de-aur-arhiepiscopul-constantinopolului\/#respond"]}]},{"@type":"WebPage","@id":"https:\/\/urbeamea.ro\/albaiulia\/astazi-aducerea-moastelor-sfantului-ierarh-ioan-gura-de-aur-arhiepiscopul-constantinopolului\/","url":"https:\/\/urbeamea.ro\/albaiulia\/astazi-aducerea-moastelor-sfantului-ierarh-ioan-gura-de-aur-arhiepiscopul-constantinopolului\/","name":"AST\u0102ZI: Aducerea moa\u0219telor Sf\u00e2ntului Ierarh Ioan Gur\u0103 de Aur, arhiepiscopul Constantinopolului - Revista Urbea Mea - Revista de Alba","isPartOf":{"@id":"https:\/\/urbeamea.ro\/albaiulia\/#website"},"primaryImageOfPage":{"@id":"https:\/\/urbeamea.ro\/albaiulia\/astazi-aducerea-moastelor-sfantului-ierarh-ioan-gura-de-aur-arhiepiscopul-constantinopolului\/#primaryimage"},"image":{"@id":"https:\/\/urbeamea.ro\/albaiulia\/astazi-aducerea-moastelor-sfantului-ierarh-ioan-gura-de-aur-arhiepiscopul-constantinopolului\/#primaryimage"},"thumbnailUrl":"https:\/\/urbeamea.ro\/albaiulia\/wp-content\/uploads\/2016\/01\/ioan-gura-de-aur.jpg","datePublished":"2016-01-27T08:15:45+00:00","author":{"@id":"https:\/\/urbeamea.ro\/albaiulia\/#\/schema\/person\/9700d21fae21c4f038b0b56f4506264a"},"description":"Data de 27 ianuarie a fiec\u0103rui an din calendarul cre\u0219tin ortodox marcheaz\u0103 aducerea moa\u0219telor Sf\u00e2ntului Ierarh Ioan Gur\u0103 de Aur, arhiepiscopul","breadcrumb":{"@id":"https:\/\/urbeamea.ro\/albaiulia\/astazi-aducerea-moastelor-sfantului-ierarh-ioan-gura-de-aur-arhiepiscopul-constantinopolului\/#breadcrumb"},"inLanguage":"ro-RO","potentialAction":[{"@type":"ReadAction","target":["https:\/\/urbeamea.ro\/albaiulia\/astazi-aducerea-moastelor-sfantului-ierarh-ioan-gura-de-aur-arhiepiscopul-constantinopolului\/"]}]},{"@type":"ImageObject","inLanguage":"ro-RO","@id":"https:\/\/urbeamea.ro\/albaiulia\/astazi-aducerea-moastelor-sfantului-ierarh-ioan-gura-de-aur-arhiepiscopul-constantinopolului\/#primaryimage","url":"https:\/\/urbeamea.ro\/albaiulia\/wp-content\/uploads\/2016\/01\/ioan-gura-de-aur.jpg","contentUrl":"https:\/\/urbeamea.ro\/albaiulia\/wp-content\/uploads\/2016\/01\/ioan-gura-de-aur.jpg","width":713,"height":800},{"@type":"BreadcrumbList","@id":"https:\/\/urbeamea.ro\/albaiulia\/astazi-aducerea-moastelor-sfantului-ierarh-ioan-gura-de-aur-arhiepiscopul-constantinopolului\/#breadcrumb","itemListElement":[{"@type":"ListItem","position":1,"name":"Prima pagin\u0103","item":"https:\/\/urbeamea.ro\/albaiulia\/"},{"@type":"ListItem","position":2,"name":"AST\u0102ZI: Aducerea moa\u0219telor Sf\u00e2ntului Ierarh Ioan Gur\u0103 de Aur, arhiepiscopul Constantinopolului"}]},{"@type":"WebSite","@id":"https:\/\/urbeamea.ro\/albaiulia\/#website","url":"https:\/\/urbeamea.ro\/albaiulia\/","name":"Revista Urbea Mea, Stiri urbane","description":"Evenimente \u0219i \u0219tiri din Alba Iulia, Sebe\u0219, Aiud, Blaj","potentialAction":[{"@type":"SearchAction","target":{"@type":"EntryPoint","urlTemplate":"https:\/\/urbeamea.ro\/albaiulia\/?s={search_term_string}"},"query-input":{"@type":"PropertyValueSpecification","valueRequired":true,"valueName":"search_term_string"}}],"inLanguage":"ro-RO"},{"@type":"Person","@id":"https:\/\/urbeamea.ro\/albaiulia\/#\/schema\/person\/9700d21fae21c4f038b0b56f4506264a","name":"Cristina Ganga","image":{"@type":"ImageObject","inLanguage":"ro-RO","@id":"https:\/\/secure.gravatar.com\/avatar\/5a67661041f057b4a8ccaf26f5a8e86e2689372006d01faf3dd9eeb10b654bb4?s=96&d=mm&r=g","url":"https:\/\/secure.gravatar.com\/avatar\/5a67661041f057b4a8ccaf26f5a8e86e2689372006d01faf3dd9eeb10b654bb4?s=96&d=mm&r=g","contentUrl":"https:\/\/secure.gravatar.com\/avatar\/5a67661041f057b4a8ccaf26f5a8e86e2689372006d01faf3dd9eeb10b654bb4?s=96&d=mm&r=g","caption":"Cristina Ganga"},"description":"Jurnalist","sameAs":["https:\/\/www.facebook.com\/cristina.nicola.587"],"url":"https:\/\/urbeamea.ro\/albaiulia\/author\/cristina-nicola\/"}]}},"_links":{"self":[{"href":"https:\/\/urbeamea.ro\/albaiulia\/wp-json\/wp\/v2\/posts\/17296","targetHints":{"allow":["GET"]}}],"collection":[{"href":"https:\/\/urbeamea.ro\/albaiulia\/wp-json\/wp\/v2\/posts"}],"about":[{"href":"https:\/\/urbeamea.ro\/albaiulia\/wp-json\/wp\/v2\/types\/post"}],"author":[{"embeddable":true,"href":"https:\/\/urbeamea.ro\/albaiulia\/wp-json\/wp\/v2\/users\/17"}],"replies":[{"embeddable":true,"href":"https:\/\/urbeamea.ro\/albaiulia\/wp-json\/wp\/v2\/comments?post=17296"}],"version-history":[{"count":0,"href":"https:\/\/urbeamea.ro\/albaiulia\/wp-json\/wp\/v2\/posts\/17296\/revisions"}],"wp:featuredmedia":[{"embeddable":true,"href":"https:\/\/urbeamea.ro\/albaiulia\/wp-json\/wp\/v2\/media\/17297"}],"wp:attachment":[{"href":"https:\/\/urbeamea.ro\/albaiulia\/wp-json\/wp\/v2\/media?parent=17296"}],"wp:term":[{"taxonomy":"category","embeddable":true,"href":"https:\/\/urbeamea.ro\/albaiulia\/wp-json\/wp\/v2\/categories?post=17296"},{"taxonomy":"post_tag","embeddable":true,"href":"https:\/\/urbeamea.ro\/albaiulia\/wp-json\/wp\/v2\/tags?post=17296"}],"curies":[{"name":"wp","href":"https:\/\/api.w.org\/{rel}","templated":true}]}}