{"id":17376,"date":"2016-01-29T11:05:57","date_gmt":"2016-01-29T09:05:57","guid":{"rendered":"http:\/\/urbeamea.ro\/albaiulia\/?p=17376"},"modified":"2016-01-29T11:05:57","modified_gmt":"2016-01-29T09:05:57","slug":"veste-buna-pentru-iubitorii-sporturilor-de-iarna-se-schiaza-atat-la-arieseni-cat-si-la-sureanu","status":"publish","type":"post","link":"https:\/\/urbeamea.ro\/albaiulia\/veste-buna-pentru-iubitorii-sporturilor-de-iarna-se-schiaza-atat-la-arieseni-cat-si-la-sureanu\/","title":{"rendered":"Veste bun\u0103 pentru iubitorii sporturilor de iarn\u0103: Se schiaz\u0103 at\u00e2t la Arie\u0219eni, c\u00e2t \u0219i la \u0218ureanu"},"content":{"rendered":"<p><strong><img loading=\"lazy\" decoding=\"async\" class=\"size-medium wp-image-12906 alignleft\" src=\"http:\/\/urbeamea.ro\/albaiulia\/wp-content\/uploads\/2015\/11\/zapada-300x205.jpg\" alt=\"zapada\" width=\"300\" height=\"205\" \/>Temperaturile ridicate din ultima perioad\u0103 au afectat calitatea z\u0103pezii pentru schi, pe p\u00e2rtiile de la \u0218ureanu \u015fi Arie\u015feni. \u00cens\u0103, se poate \u00eenc\u0103 schia \u00een zonele amenajate, de pasiona\u0163ii sporturilor de iarn\u0103. La \u015eureanu, din cele 9 p\u00e2rtii, sunt deschise 6. Drumul \u00eentre lacul Oa\u0219a \u0219i p\u00e2rtii, reprezint\u0103 o problem\u0103 pentru cei care doresc s\u0103 plece \u00een weekend la \u0218ureanu deoarece a \u00eenceput s\u0103 prezinte \u0219an\u021buri \u0219i gropi, din cauza \u00eenc\u0103lzirii vremii.<\/strong><\/p>\n<p>\u015ei la Arie\u015feni, vremea \u015fi-a spus cuv\u00e2ntul p\u00e2rtiile av\u00e2nd o z\u0103pad\u0103 greoaie, tasat\u0103, dificil\u0103 la alunecare. Totu\u0219i, sezonul continu\u0103 \u015fi \u00een Mun\u0163ii Apuseni.<\/p>\n<p><strong>Starea p\u00e2rtiilor de schi din jude\u0163ul Alba pentru perioada 29 \u2013 31 ianuarie 2016:<\/strong><\/p>\n<p><strong>Domeniul Schiabil \u015eureanu<\/strong><\/p>\n<p>P\u00e2rtii existente: 9 (A_1; A_2; A_3; C_1; C_3; C_4; S_1; S_2; S_3)<\/p>\n<p>P\u00e2rtii func\u021bionale: 6 (A_1, A_2, A_3, C_1, C_3, C_4)<\/p>\n<p>Lungime total\u0103 a p\u00e2rtiilor existente: 11 km<\/p>\n<p>Instala\u021bii de transport pe cablu: 3 (2 teleschiuri, 1 telescaun)<\/p>\n<p>Altitudine maxim\u0103: 2.010 m<\/p>\n<p>Tunuri de z\u0103pad\u0103: nu<\/p>\n<p>Nocturn\u0103: nu<\/p>\n<p>P\u00e2rtii pentru s\u0103nii: da<\/p>\n<p>Semnal mobil: Vodafone integral; Telekom par\u021bial; Orange minimal<\/p>\n<p><em>Evaluare general\u0103<\/em>: \u00een ciuda \u00eenc\u0103lzirii din ultimele zile, care a afectat calitatea z\u0103pezii de pe p\u00e2rtii, sezonul continu\u0103 \u00een condii\u021bii bune la \u0218ureanu. Din cele 9 p\u00e2rtii, <strong>sunt deschise 6<\/strong>, iar stratul de z\u0103pad\u0103 este suficient pentru schi \u0219i snowboarding. O singur\u0103 problem\u0103 o reprezint\u0103 drumul \u00eentre lacul Oa\u0219a \u0219i p\u00e2rtii, care \u00eencepe s\u0103 prezinte \u0219an\u021buri \u0219i gropi, datorit\u0103 \u00eenc\u0103lzirii vremii.<\/p>\n<p><em>Acces<\/em>: Sebe\u0219 \u2013 \u0218ugag \u2013 lacul Oa\u0219a (DN 67 C), apoi la dreapta spre \u2013 m\u0103n\u0103stirea Oa\u0219a \u2013 Luncile Prigoanei \u2013 Poarta Raiului \u2013 Domeniul Schiabil \u0218ureanu (DJ 704). Distan\u021b\u0103 fa\u021b\u0103 de Sebe\u0219: 82 km, care pot fi parcur\u0219i \u00een aproximativ 2 h (f\u0103r\u0103 popasuri).<\/p>\n<p><em>Starea drumului \u00eentre Sebe\u0219 \u0219i lacul Oa\u0219a<\/em>: drumul este asfaltat \u00een totalitate.<\/p>\n<p><em>Starea drumului \u00eentre lacul Oa\u0219a \u0219i Domeniul Schiabil \u0218ureanu (18 km):<\/em> \u00eenc\u0103lzirea vremii a determinat formarea unor \u0219an\u021buri pe drum, pe linia ro\u021bilor de ma\u0219in\u0103, \u00een special \u00eentre Luncile Prigoanei \u0219i p\u00e2rtii. V\u0103 recomand\u0103m insistent montarea de lan\u021buri, pentru tronsonul Oa\u0219a \u2013 p\u00e2rtii.<\/p>\n<p><em>P\u00e2rtii, strat de z\u0103pad\u0103 \u0219i instala\u021bii de cablu<\/em>: se poate schia pe 6 dintre cele 9 p\u00e2rtii (adic\u0103 A_1, A_2, A_3, C_1, C_3, C_4), \u00eens\u0103 calitatea z\u0103pezii a fost recent afectat\u0103 de \u00eenc\u0103lzirea vremii. Exist\u0103, pe toat\u0103 suprafa\u021ba p\u00e2rtiilor, o crust\u0103 de z\u0103pad\u0103 \u00eenghe\u021bat\u0103, ceea ce face dificil\u0103 cobor\u00e2rea \u00een siguran\u021b\u0103, \u00een special pentru \u00eencep\u0103tori. Stratul de z\u0103pad\u0103 b\u0103t\u0103torit\u0103 m\u0103soar\u0103 circa 20-25 cm, iar cel de z\u0103pad\u0103 neb\u0103t\u0103torit\u0103 \u00eentre 30 \u0219i 50 cm. De asemenea, zonele alpine de off-piste de la \u0218ureanu sunt mai pu\u021bin recomandate, z\u0103pada fiind foarte grea, ap\u0103toas\u0103, aproape impracticabil\u0103. Din cele trei instala\u021bii de transport pe cablu, func\u021bioneaz\u0103 teleschiul \u201eCurm\u0103tura\u201d \u0219i telescaunul.<\/p>\n<p><em>Meteo \u0219i vizibilitate pe p\u00e2rtii<\/em>: conform prognozelor meteo, va urma \u00eenc\u0103 o perioad\u0103 de \u00eenc\u0103lzire a vremii, cu precipita\u021bii mixte \u0219i cu temperaturi \u00eentre -3 \u0219i 3 grade Celsius. Este posibil ca vizibilitatea pe p\u00e2rtii s\u0103 fie afectat\u0103.<\/p>\n<p><em>Servicii turistice<\/em>: asisten\u0163\u0103 Salvamont la baza p\u00e2rtiilor; monitori de schi \u0219i snowboarding pe p\u00e2rtii; centru de \u00eenchirieri schi &amp; snowboarding \u00een tab\u0103ra sportiv\u0103 din Luncile Prigoanei; centru de \u00eenchirieri schiuri la baza p\u00e2rtiilor; trei apr\u00e8s-ski\u00ad-uri pe Domeniul Schiabil \u0218ureanu; unit\u0103\u021bi de cazare \u00een Poarta Raiului, \u00een Luncile Prigoanei \u0219i pe malul lacului Oa\u0219a.<\/p>\n<p><em>Sfaturi de buzunar<\/em>:<\/p>\n<p>\u2013 dota\u021bi-v\u0103 ma\u0219ina cu lan\u021buri pentru ro\u021bi \u0219i face\u021bi o prob\u0103 de montare acas\u0103.<\/p>\n<p>\u2013 nu v\u0103 \u00eencrede\u021bi excesiv \u00een propria ma\u0219in\u0103; mai important dec\u00e2t motorul este \u0219oferul.<\/p>\n<p>\u2013 evita\u021bi vitezele mari pe p\u00e2rtii, dac\u0103 nu \u0219ti\u021bi s\u0103 schia\u021bi \u00een siguran\u021b\u0103.<\/p>\n<p>\u2013 \u021bine\u021bi cont de sfatul salvamonti\u0219tilor, al jandarmilor montani \u0219i al monitorilor.<\/p>\n<p><strong>Arie\u015feni (V\u00e2rtop)<\/strong><\/p>\n<p>-P\u00e2rtii existente: 2 (V\u00e2rtop 1 \u0219i V\u00e2rtop 2)<\/p>\n<p>P\u00e2rtii func\u021bionale: 2 (V\u00e2rtop 1 \u0219i V\u00e2rtop 2)<\/p>\n<p>Lungime total\u0103: 2 km<\/p>\n<p>Instala\u021bii de transport pe cablu: 2 (2 teleschiuri)<\/p>\n<p>Altitudine maxim\u0103: 1.400 m<\/p>\n<p>Tunuri de z\u0103pad\u0103: da<\/p>\n<p>Webcam: V\u00e2rtop 1 \u2013 <a href=\"http:\/\/www.todeaturism.ro\/\" target=\"_blank\">http:\/\/www.todeaturism.ro<\/a><\/p>\n<p>Nocturn\u0103: da<\/p>\n<p>P\u00e2rtii pentru s\u0103nii: da<\/p>\n<p>Semnal mobil: toate re\u021belele<\/p>\n<p><em>Evaluare general\u0103<\/em>: aceea\u0219i \u00eenc\u0103lzire a vremii a afectat, \u00eentruc\u00e2tva, \u0219i starea p\u00e2rtiilor de la Arie\u0219eni, care prezint\u0103 o z\u0103pad\u0103 greoaie, tasat\u0103, dificil\u0103 la alunecare. Totu\u0219i, sezonul continu\u0103 p\u00e2n\u0103 \u0219i \u00een aceste condi\u021bii la Arie\u0219eni.<\/p>\n<p><em>Acces<\/em>: Alba Iulia \u2013 Abrud \u2013 C\u00e2mpeni (DN 74 A) \u2013 Albac \u2013 Arie\u0219eni (DN 75). Distan\u021b\u0103 fa\u021b\u0103 de Alba Iulia: 120 km, care pot fi parcur\u0219i \u00een aproximativ 2 h 30 min.<\/p>\n<p><em>Starea drumului<\/em>: este accesibil oric\u0103rui tip de autovehicul.<\/p>\n<p><em>P\u00e2rtii, strat de z\u0103pad\u0103 \u0219i instala\u021bii de cablu<\/em>: stratul de z\u0103pad\u0103 este \u00eenc\u0103 suficient, pe p\u00e2rtiile V\u00e2rtop 1 \u0219i V\u00e2rtop 2, astfel c\u0103 spoturile de iarn\u0103 pot fi practicate \u00een condi\u021bii relativ bune la Arie\u0219eni. Z\u0103pada a fost afectat\u0103 de \u00eenc\u0103lzirea vremii, devenind ap\u0103toas\u0103, greu de abordat \u00een special de c\u0103tre \u00eencep\u0103tori. Instala\u021biile de transport pe cablu vor func\u021biona \u00een regim normal.<\/p>\n<p><em>Meteo \u0219i vizibilitate pe p\u00e2rtii<\/em>: conform prognozelor meteo, la Arie\u0219eni vor fi precipita\u021bii mixte \u00een weekend, cu temperaturi \u00eentre -3 \u0219i 2 grade Celsius. Este posibil ca vizibilitatea pe p\u00e2rtii \u0219i calitatea z\u0103pezii s\u0103 fie \u00een continuare afectate de aceast\u0103 \u00eenc\u0103lzire climatic\u0103.<\/p>\n<p><em>Servicii:<\/em> asisten\u0163\u0103 Salvamont la baza p\u00e2rtiilor; \u0219coal\u0103 de schi &amp; snowboard la baza p\u00e2rtiilor; centre de \u00eenchirieri schiuri &amp; snowboards la baza p\u00e2rtiilor; restaurante \u0219i unit\u0103\u021bi de cazare la baza p\u00e2rtiilor \u0219i \u00een sta\u021biune.<\/p>\n<p><em>Sfaturi de buzunar:<\/em><\/p>\n<p>\u2013 evita\u021bi teribilismul \u0219i vitezele mari pe p\u00e2rtie;<\/p>\n<p>\u2013 nu consuma\u021bi alcool \u00een exces \u00eenainte de a schia;<\/p>\n<p>\u2013 p\u0103stra\u021bi aten\u021bia la p\u00e2rtia de s\u0103nii;<\/p>\n<p>\u2013 \u021bine\u021bi cont de sfatul salvamonti\u0219tilor, al jandarmilor montani \u0219i al monitorilor.<\/p>\n<p><em>sursa:\u00a0Florian-Rare\u0219 Tileag\u0103<\/em><\/p>\n","protected":false},"excerpt":{"rendered":"<p>Temperaturile ridicate din ultima perioad\u0103 au afectat calitatea z\u0103pezii pentru schi, pe p\u00e2rtiile de la \u0218ureanu \u015fi Arie\u015feni. \u00cens\u0103, se poate \u00eenc\u0103 schia \u00een zonele amenajate, de pasiona\u0163ii sporturilor de iarn\u0103. La \u015eureanu, din cele 9 p\u00e2rtii, sunt deschise 6. Drumul \u00eentre lacul Oa\u0219a \u0219i p\u00e2rtii, reprezint\u0103 o problem\u0103 pentru cei care doresc s\u0103 plece &hellip;<\/p>\n","protected":false},"author":17,"featured_media":12906,"comment_status":"open","ping_status":"open","sticky":false,"template":"","format":"standard","meta":{"inline_featured_image":false,"footnotes":""},"categories":[61],"tags":[2124,2313,2315,2314,308,2010,339,76,2078,1201],"class_list":["post-17376","post","type-post","status-publish","format-standard","has-post-thumbnail","hentry","category-turism","tag-arieseni","tag-partii","tag-pasionati-de-sporturi-de-iarna","tag-schi","tag-stiri","tag-sureanu","tag-temperaturi","tag-urbea-mea","tag-vreme","tag-zapada"],"yoast_head":"<!-- This site is optimized with the Yoast SEO plugin v27.4 - https:\/\/yoast.com\/product\/yoast-seo-wordpress\/ -->\n<title>Veste bun\u0103 pentru iubitorii sporturilor de iarn\u0103: Se schiaz\u0103 at\u00e2t la Arie\u0219eni, c\u00e2t \u0219i la \u0218ureanu - Revista Urbea Mea - Revista de Alba<\/title>\n<meta name=\"description\" content=\"Temperaturile ridicate din ultima perioad\u0103 au afectat calitatea z\u0103pezii pentru schi, pe p\u00e2rtiile de la \u0218ureanu \u015fi Arie\u015feni. \u00cens\u0103, se poate \u00eenc\u0103 schia \u00een\" \/>\n<meta name=\"robots\" content=\"index, follow, max-snippet:-1, max-image-preview:large, max-video-preview:-1\" \/>\n<link rel=\"canonical\" href=\"https:\/\/urbeamea.ro\/albaiulia\/veste-buna-pentru-iubitorii-sporturilor-de-iarna-se-schiaza-atat-la-arieseni-cat-si-la-sureanu\/\" \/>\n<meta name=\"twitter:card\" content=\"summary_large_image\" \/>\n<meta name=\"twitter:title\" content=\"Veste bun\u0103 pentru iubitorii sporturilor de iarn\u0103: Se schiaz\u0103 at\u00e2t la Arie\u0219eni, c\u00e2t \u0219i la \u0218ureanu - Revista Urbea Mea - Revista de Alba\" \/>\n<meta name=\"twitter:description\" content=\"Temperaturile ridicate din ultima perioad\u0103 au afectat calitatea z\u0103pezii pentru schi, pe p\u00e2rtiile de la \u0218ureanu \u015fi Arie\u015feni. \u00cens\u0103, se poate \u00eenc\u0103 schia \u00een\" \/>\n<meta name=\"twitter:image\" content=\"https:\/\/urbeamea.ro\/albaiulia\/wp-content\/uploads\/2015\/11\/zapada.jpg\" \/>\n<meta name=\"twitter:creator\" content=\"@urbeameaweb\" \/>\n<meta name=\"twitter:site\" content=\"@urbeameaweb\" \/>\n<script type=\"application\/ld+json\" class=\"yoast-schema-graph\">{\"@context\":\"https:\\\/\\\/schema.org\",\"@graph\":[{\"@type\":\"Article\",\"@id\":\"https:\\\/\\\/urbeamea.ro\\\/albaiulia\\\/veste-buna-pentru-iubitorii-sporturilor-de-iarna-se-schiaza-atat-la-arieseni-cat-si-la-sureanu\\\/#article\",\"isPartOf\":{\"@id\":\"https:\\\/\\\/urbeamea.ro\\\/albaiulia\\\/veste-buna-pentru-iubitorii-sporturilor-de-iarna-se-schiaza-atat-la-arieseni-cat-si-la-sureanu\\\/\"},\"author\":{\"name\":\"Cristina Ganga\",\"@id\":\"https:\\\/\\\/urbeamea.ro\\\/albaiulia\\\/#\\\/schema\\\/person\\\/9700d21fae21c4f038b0b56f4506264a\"},\"headline\":\"Veste bun\u0103 pentru iubitorii sporturilor de iarn\u0103: Se schiaz\u0103 at\u00e2t la Arie\u0219eni, c\u00e2t \u0219i la \u0218ureanu\",\"datePublished\":\"2016-01-29T09:05:57+00:00\",\"mainEntityOfPage\":{\"@id\":\"https:\\\/\\\/urbeamea.ro\\\/albaiulia\\\/veste-buna-pentru-iubitorii-sporturilor-de-iarna-se-schiaza-atat-la-arieseni-cat-si-la-sureanu\\\/\"},\"wordCount\":1024,\"commentCount\":0,\"image\":{\"@id\":\"https:\\\/\\\/urbeamea.ro\\\/albaiulia\\\/veste-buna-pentru-iubitorii-sporturilor-de-iarna-se-schiaza-atat-la-arieseni-cat-si-la-sureanu\\\/#primaryimage\"},\"thumbnailUrl\":\"https:\\\/\\\/urbeamea.ro\\\/albaiulia\\\/wp-content\\\/uploads\\\/2015\\\/11\\\/zapada.jpg\",\"keywords\":[\"arieseni\",\"partii\",\"pasionati de sporturi de iarna\",\"schi\",\"stiri\",\"sureanu\",\"temperaturi\",\"Urbea Mea\",\"vreme\",\"zapada\"],\"articleSection\":[\"Turism \u0219i Ghidaj turistic\"],\"inLanguage\":\"ro-RO\",\"potentialAction\":[{\"@type\":\"CommentAction\",\"name\":\"Comment\",\"target\":[\"https:\\\/\\\/urbeamea.ro\\\/albaiulia\\\/veste-buna-pentru-iubitorii-sporturilor-de-iarna-se-schiaza-atat-la-arieseni-cat-si-la-sureanu\\\/#respond\"]}]},{\"@type\":\"WebPage\",\"@id\":\"https:\\\/\\\/urbeamea.ro\\\/albaiulia\\\/veste-buna-pentru-iubitorii-sporturilor-de-iarna-se-schiaza-atat-la-arieseni-cat-si-la-sureanu\\\/\",\"url\":\"https:\\\/\\\/urbeamea.ro\\\/albaiulia\\\/veste-buna-pentru-iubitorii-sporturilor-de-iarna-se-schiaza-atat-la-arieseni-cat-si-la-sureanu\\\/\",\"name\":\"Veste bun\u0103 pentru iubitorii sporturilor de iarn\u0103: Se schiaz\u0103 at\u00e2t la Arie\u0219eni, c\u00e2t \u0219i la \u0218ureanu - Revista Urbea Mea - Revista de Alba\",\"isPartOf\":{\"@id\":\"https:\\\/\\\/urbeamea.ro\\\/albaiulia\\\/#website\"},\"primaryImageOfPage\":{\"@id\":\"https:\\\/\\\/urbeamea.ro\\\/albaiulia\\\/veste-buna-pentru-iubitorii-sporturilor-de-iarna-se-schiaza-atat-la-arieseni-cat-si-la-sureanu\\\/#primaryimage\"},\"image\":{\"@id\":\"https:\\\/\\\/urbeamea.ro\\\/albaiulia\\\/veste-buna-pentru-iubitorii-sporturilor-de-iarna-se-schiaza-atat-la-arieseni-cat-si-la-sureanu\\\/#primaryimage\"},\"thumbnailUrl\":\"https:\\\/\\\/urbeamea.ro\\\/albaiulia\\\/wp-content\\\/uploads\\\/2015\\\/11\\\/zapada.jpg\",\"datePublished\":\"2016-01-29T09:05:57+00:00\",\"author\":{\"@id\":\"https:\\\/\\\/urbeamea.ro\\\/albaiulia\\\/#\\\/schema\\\/person\\\/9700d21fae21c4f038b0b56f4506264a\"},\"description\":\"Temperaturile ridicate din ultima perioad\u0103 au afectat calitatea z\u0103pezii pentru schi, pe p\u00e2rtiile de la \u0218ureanu \u015fi Arie\u015feni. \u00cens\u0103, se poate \u00eenc\u0103 schia \u00een\",\"breadcrumb\":{\"@id\":\"https:\\\/\\\/urbeamea.ro\\\/albaiulia\\\/veste-buna-pentru-iubitorii-sporturilor-de-iarna-se-schiaza-atat-la-arieseni-cat-si-la-sureanu\\\/#breadcrumb\"},\"inLanguage\":\"ro-RO\",\"potentialAction\":[{\"@type\":\"ReadAction\",\"target\":[\"https:\\\/\\\/urbeamea.ro\\\/albaiulia\\\/veste-buna-pentru-iubitorii-sporturilor-de-iarna-se-schiaza-atat-la-arieseni-cat-si-la-sureanu\\\/\"]}]},{\"@type\":\"ImageObject\",\"inLanguage\":\"ro-RO\",\"@id\":\"https:\\\/\\\/urbeamea.ro\\\/albaiulia\\\/veste-buna-pentru-iubitorii-sporturilor-de-iarna-se-schiaza-atat-la-arieseni-cat-si-la-sureanu\\\/#primaryimage\",\"url\":\"https:\\\/\\\/urbeamea.ro\\\/albaiulia\\\/wp-content\\\/uploads\\\/2015\\\/11\\\/zapada.jpg\",\"contentUrl\":\"https:\\\/\\\/urbeamea.ro\\\/albaiulia\\\/wp-content\\\/uploads\\\/2015\\\/11\\\/zapada.jpg\",\"width\":794,\"height\":543},{\"@type\":\"BreadcrumbList\",\"@id\":\"https:\\\/\\\/urbeamea.ro\\\/albaiulia\\\/veste-buna-pentru-iubitorii-sporturilor-de-iarna-se-schiaza-atat-la-arieseni-cat-si-la-sureanu\\\/#breadcrumb\",\"itemListElement\":[{\"@type\":\"ListItem\",\"position\":1,\"name\":\"Prima pagin\u0103\",\"item\":\"https:\\\/\\\/urbeamea.ro\\\/albaiulia\\\/\"},{\"@type\":\"ListItem\",\"position\":2,\"name\":\"Veste bun\u0103 pentru iubitorii sporturilor de iarn\u0103: Se schiaz\u0103 at\u00e2t la Arie\u0219eni, c\u00e2t \u0219i la \u0218ureanu\"}]},{\"@type\":\"WebSite\",\"@id\":\"https:\\\/\\\/urbeamea.ro\\\/albaiulia\\\/#website\",\"url\":\"https:\\\/\\\/urbeamea.ro\\\/albaiulia\\\/\",\"name\":\"Revista Urbea Mea, Stiri urbane\",\"description\":\"Evenimente \u0219i \u0219tiri din Alba Iulia, Sebe\u0219, Aiud, Blaj\",\"potentialAction\":[{\"@type\":\"SearchAction\",\"target\":{\"@type\":\"EntryPoint\",\"urlTemplate\":\"https:\\\/\\\/urbeamea.ro\\\/albaiulia\\\/?s={search_term_string}\"},\"query-input\":{\"@type\":\"PropertyValueSpecification\",\"valueRequired\":true,\"valueName\":\"search_term_string\"}}],\"inLanguage\":\"ro-RO\"},{\"@type\":\"Person\",\"@id\":\"https:\\\/\\\/urbeamea.ro\\\/albaiulia\\\/#\\\/schema\\\/person\\\/9700d21fae21c4f038b0b56f4506264a\",\"name\":\"Cristina Ganga\",\"image\":{\"@type\":\"ImageObject\",\"inLanguage\":\"ro-RO\",\"@id\":\"https:\\\/\\\/secure.gravatar.com\\\/avatar\\\/5a67661041f057b4a8ccaf26f5a8e86e2689372006d01faf3dd9eeb10b654bb4?s=96&d=mm&r=g\",\"url\":\"https:\\\/\\\/secure.gravatar.com\\\/avatar\\\/5a67661041f057b4a8ccaf26f5a8e86e2689372006d01faf3dd9eeb10b654bb4?s=96&d=mm&r=g\",\"contentUrl\":\"https:\\\/\\\/secure.gravatar.com\\\/avatar\\\/5a67661041f057b4a8ccaf26f5a8e86e2689372006d01faf3dd9eeb10b654bb4?s=96&d=mm&r=g\",\"caption\":\"Cristina Ganga\"},\"description\":\"Jurnalist\",\"sameAs\":[\"https:\\\/\\\/www.facebook.com\\\/cristina.nicola.587\"],\"url\":\"https:\\\/\\\/urbeamea.ro\\\/albaiulia\\\/author\\\/cristina-nicola\\\/\"}]}<\/script>\n<!-- \/ Yoast SEO plugin. -->","yoast_head_json":{"title":"Veste bun\u0103 pentru iubitorii sporturilor de iarn\u0103: Se schiaz\u0103 at\u00e2t la Arie\u0219eni, c\u00e2t \u0219i la \u0218ureanu - Revista Urbea Mea - Revista de Alba","description":"Temperaturile ridicate din ultima perioad\u0103 au afectat calitatea z\u0103pezii pentru schi, pe p\u00e2rtiile de la \u0218ureanu \u015fi Arie\u015feni. \u00cens\u0103, se poate \u00eenc\u0103 schia \u00een","robots":{"index":"index","follow":"follow","max-snippet":"max-snippet:-1","max-image-preview":"max-image-preview:large","max-video-preview":"max-video-preview:-1"},"canonical":"https:\/\/urbeamea.ro\/albaiulia\/veste-buna-pentru-iubitorii-sporturilor-de-iarna-se-schiaza-atat-la-arieseni-cat-si-la-sureanu\/","twitter_card":"summary_large_image","twitter_title":"Veste bun\u0103 pentru iubitorii sporturilor de iarn\u0103: Se schiaz\u0103 at\u00e2t la Arie\u0219eni, c\u00e2t \u0219i la \u0218ureanu - Revista Urbea Mea - Revista de Alba","twitter_description":"Temperaturile ridicate din ultima perioad\u0103 au afectat calitatea z\u0103pezii pentru schi, pe p\u00e2rtiile de la \u0218ureanu \u015fi Arie\u015feni. \u00cens\u0103, se poate \u00eenc\u0103 schia \u00een","twitter_image":"https:\/\/urbeamea.ro\/albaiulia\/wp-content\/uploads\/2015\/11\/zapada.jpg","twitter_creator":"@urbeameaweb","twitter_site":"@urbeameaweb","schema":{"@context":"https:\/\/schema.org","@graph":[{"@type":"Article","@id":"https:\/\/urbeamea.ro\/albaiulia\/veste-buna-pentru-iubitorii-sporturilor-de-iarna-se-schiaza-atat-la-arieseni-cat-si-la-sureanu\/#article","isPartOf":{"@id":"https:\/\/urbeamea.ro\/albaiulia\/veste-buna-pentru-iubitorii-sporturilor-de-iarna-se-schiaza-atat-la-arieseni-cat-si-la-sureanu\/"},"author":{"name":"Cristina Ganga","@id":"https:\/\/urbeamea.ro\/albaiulia\/#\/schema\/person\/9700d21fae21c4f038b0b56f4506264a"},"headline":"Veste bun\u0103 pentru iubitorii sporturilor de iarn\u0103: Se schiaz\u0103 at\u00e2t la Arie\u0219eni, c\u00e2t \u0219i la \u0218ureanu","datePublished":"2016-01-29T09:05:57+00:00","mainEntityOfPage":{"@id":"https:\/\/urbeamea.ro\/albaiulia\/veste-buna-pentru-iubitorii-sporturilor-de-iarna-se-schiaza-atat-la-arieseni-cat-si-la-sureanu\/"},"wordCount":1024,"commentCount":0,"image":{"@id":"https:\/\/urbeamea.ro\/albaiulia\/veste-buna-pentru-iubitorii-sporturilor-de-iarna-se-schiaza-atat-la-arieseni-cat-si-la-sureanu\/#primaryimage"},"thumbnailUrl":"https:\/\/urbeamea.ro\/albaiulia\/wp-content\/uploads\/2015\/11\/zapada.jpg","keywords":["arieseni","partii","pasionati de sporturi de iarna","schi","stiri","sureanu","temperaturi","Urbea Mea","vreme","zapada"],"articleSection":["Turism \u0219i Ghidaj turistic"],"inLanguage":"ro-RO","potentialAction":[{"@type":"CommentAction","name":"Comment","target":["https:\/\/urbeamea.ro\/albaiulia\/veste-buna-pentru-iubitorii-sporturilor-de-iarna-se-schiaza-atat-la-arieseni-cat-si-la-sureanu\/#respond"]}]},{"@type":"WebPage","@id":"https:\/\/urbeamea.ro\/albaiulia\/veste-buna-pentru-iubitorii-sporturilor-de-iarna-se-schiaza-atat-la-arieseni-cat-si-la-sureanu\/","url":"https:\/\/urbeamea.ro\/albaiulia\/veste-buna-pentru-iubitorii-sporturilor-de-iarna-se-schiaza-atat-la-arieseni-cat-si-la-sureanu\/","name":"Veste bun\u0103 pentru iubitorii sporturilor de iarn\u0103: Se schiaz\u0103 at\u00e2t la Arie\u0219eni, c\u00e2t \u0219i la \u0218ureanu - Revista Urbea Mea - Revista de Alba","isPartOf":{"@id":"https:\/\/urbeamea.ro\/albaiulia\/#website"},"primaryImageOfPage":{"@id":"https:\/\/urbeamea.ro\/albaiulia\/veste-buna-pentru-iubitorii-sporturilor-de-iarna-se-schiaza-atat-la-arieseni-cat-si-la-sureanu\/#primaryimage"},"image":{"@id":"https:\/\/urbeamea.ro\/albaiulia\/veste-buna-pentru-iubitorii-sporturilor-de-iarna-se-schiaza-atat-la-arieseni-cat-si-la-sureanu\/#primaryimage"},"thumbnailUrl":"https:\/\/urbeamea.ro\/albaiulia\/wp-content\/uploads\/2015\/11\/zapada.jpg","datePublished":"2016-01-29T09:05:57+00:00","author":{"@id":"https:\/\/urbeamea.ro\/albaiulia\/#\/schema\/person\/9700d21fae21c4f038b0b56f4506264a"},"description":"Temperaturile ridicate din ultima perioad\u0103 au afectat calitatea z\u0103pezii pentru schi, pe p\u00e2rtiile de la \u0218ureanu \u015fi Arie\u015feni. \u00cens\u0103, se poate \u00eenc\u0103 schia \u00een","breadcrumb":{"@id":"https:\/\/urbeamea.ro\/albaiulia\/veste-buna-pentru-iubitorii-sporturilor-de-iarna-se-schiaza-atat-la-arieseni-cat-si-la-sureanu\/#breadcrumb"},"inLanguage":"ro-RO","potentialAction":[{"@type":"ReadAction","target":["https:\/\/urbeamea.ro\/albaiulia\/veste-buna-pentru-iubitorii-sporturilor-de-iarna-se-schiaza-atat-la-arieseni-cat-si-la-sureanu\/"]}]},{"@type":"ImageObject","inLanguage":"ro-RO","@id":"https:\/\/urbeamea.ro\/albaiulia\/veste-buna-pentru-iubitorii-sporturilor-de-iarna-se-schiaza-atat-la-arieseni-cat-si-la-sureanu\/#primaryimage","url":"https:\/\/urbeamea.ro\/albaiulia\/wp-content\/uploads\/2015\/11\/zapada.jpg","contentUrl":"https:\/\/urbeamea.ro\/albaiulia\/wp-content\/uploads\/2015\/11\/zapada.jpg","width":794,"height":543},{"@type":"BreadcrumbList","@id":"https:\/\/urbeamea.ro\/albaiulia\/veste-buna-pentru-iubitorii-sporturilor-de-iarna-se-schiaza-atat-la-arieseni-cat-si-la-sureanu\/#breadcrumb","itemListElement":[{"@type":"ListItem","position":1,"name":"Prima pagin\u0103","item":"https:\/\/urbeamea.ro\/albaiulia\/"},{"@type":"ListItem","position":2,"name":"Veste bun\u0103 pentru iubitorii sporturilor de iarn\u0103: Se schiaz\u0103 at\u00e2t la Arie\u0219eni, c\u00e2t \u0219i la \u0218ureanu"}]},{"@type":"WebSite","@id":"https:\/\/urbeamea.ro\/albaiulia\/#website","url":"https:\/\/urbeamea.ro\/albaiulia\/","name":"Revista Urbea Mea, Stiri urbane","description":"Evenimente \u0219i \u0219tiri din Alba Iulia, Sebe\u0219, Aiud, Blaj","potentialAction":[{"@type":"SearchAction","target":{"@type":"EntryPoint","urlTemplate":"https:\/\/urbeamea.ro\/albaiulia\/?s={search_term_string}"},"query-input":{"@type":"PropertyValueSpecification","valueRequired":true,"valueName":"search_term_string"}}],"inLanguage":"ro-RO"},{"@type":"Person","@id":"https:\/\/urbeamea.ro\/albaiulia\/#\/schema\/person\/9700d21fae21c4f038b0b56f4506264a","name":"Cristina Ganga","image":{"@type":"ImageObject","inLanguage":"ro-RO","@id":"https:\/\/secure.gravatar.com\/avatar\/5a67661041f057b4a8ccaf26f5a8e86e2689372006d01faf3dd9eeb10b654bb4?s=96&d=mm&r=g","url":"https:\/\/secure.gravatar.com\/avatar\/5a67661041f057b4a8ccaf26f5a8e86e2689372006d01faf3dd9eeb10b654bb4?s=96&d=mm&r=g","contentUrl":"https:\/\/secure.gravatar.com\/avatar\/5a67661041f057b4a8ccaf26f5a8e86e2689372006d01faf3dd9eeb10b654bb4?s=96&d=mm&r=g","caption":"Cristina Ganga"},"description":"Jurnalist","sameAs":["https:\/\/www.facebook.com\/cristina.nicola.587"],"url":"https:\/\/urbeamea.ro\/albaiulia\/author\/cristina-nicola\/"}]}},"_links":{"self":[{"href":"https:\/\/urbeamea.ro\/albaiulia\/wp-json\/wp\/v2\/posts\/17376","targetHints":{"allow":["GET"]}}],"collection":[{"href":"https:\/\/urbeamea.ro\/albaiulia\/wp-json\/wp\/v2\/posts"}],"about":[{"href":"https:\/\/urbeamea.ro\/albaiulia\/wp-json\/wp\/v2\/types\/post"}],"author":[{"embeddable":true,"href":"https:\/\/urbeamea.ro\/albaiulia\/wp-json\/wp\/v2\/users\/17"}],"replies":[{"embeddable":true,"href":"https:\/\/urbeamea.ro\/albaiulia\/wp-json\/wp\/v2\/comments?post=17376"}],"version-history":[{"count":0,"href":"https:\/\/urbeamea.ro\/albaiulia\/wp-json\/wp\/v2\/posts\/17376\/revisions"}],"wp:featuredmedia":[{"embeddable":true,"href":"https:\/\/urbeamea.ro\/albaiulia\/wp-json\/wp\/v2\/media\/12906"}],"wp:attachment":[{"href":"https:\/\/urbeamea.ro\/albaiulia\/wp-json\/wp\/v2\/media?parent=17376"}],"wp:term":[{"taxonomy":"category","embeddable":true,"href":"https:\/\/urbeamea.ro\/albaiulia\/wp-json\/wp\/v2\/categories?post=17376"},{"taxonomy":"post_tag","embeddable":true,"href":"https:\/\/urbeamea.ro\/albaiulia\/wp-json\/wp\/v2\/tags?post=17376"}],"curies":[{"name":"wp","href":"https:\/\/api.w.org\/{rel}","templated":true}]}}