{"id":17551,"date":"2016-02-01T14:52:42","date_gmt":"2016-02-01T12:52:42","guid":{"rendered":"http:\/\/urbeamea.ro\/albaiulia\/?p=17551"},"modified":"2016-02-01T14:52:42","modified_gmt":"2016-02-01T12:52:42","slug":"barbat-din-comuna-almasu-mare-gasit-decedat-intr-un-parau-din-cheile-cibului","status":"publish","type":"post","link":"https:\/\/urbeamea.ro\/albaiulia\/barbat-din-comuna-almasu-mare-gasit-decedat-intr-un-parau-din-cheile-cibului\/","title":{"rendered":"B\u0103rbat din comuna Alma\u0219u Mare g\u0103sit decedat \u00eentr-un p\u00e2r\u00e2u din Cheile Cibului"},"content":{"rendered":"<p><strong><img loading=\"lazy\" decoding=\"async\" class=\"size-medium wp-image-17552 alignleft\" src=\"http:\/\/urbeamea.ro\/albaiulia\/wp-content\/uploads\/2016\/02\/decedat-300x194.jpg\" alt=\"decedat\" width=\"300\" height=\"194\" \/>Un b\u0103rbat \u00een v\u00e2rst\u0103 de 50 de ani comuna Alma\u0219u Mare a fost g\u0103sit decedat, duminic\u0103 diminea\u0163a, \u00eentr-un p\u00e2r\u00e2u pe marginea unui drum din localitatea Cheile Cibului. Poli\u0163ia Ora\u015fului Zlatna s-a deplasat la fa\u021ba locului \u0219i a constatat decesul.<\/strong><\/p>\n<p>Poli\u0163i\u015ftii deplasa\u0163i la fa\u0163a locului l-au identificat pe J.I., de 50 de ani, din comuna Alma\u015fu Mare, care era c\u0103zut, cu fa\u0163a \u00een jos, \u00een p\u00e2r\u00e2ul Cer\u0103tului.<\/p>\n<p>\u00cen urma cercet\u0103rilor efectuate de echipa de cercetare complex\u0103 constituit\u0103 la nivelul IPJ Alba, coordonat\u0103 de un procuror din cadrul Parchetului de pe l\u00e2ng\u0103 Tribunalul Alba \u0219i sprijinit\u0103 de medic legist, s-a stabilit c\u0103 s\u00e2mb\u0103t\u0103 seara, J.I. (50 de ani) a consumat b\u0103uturi alcoolice, la locuin\u0163a unui cet\u0103\u0163ean din Cheile Cibului, iar \u00een jurul orei 0.45 a pornit singur, spre domiciliu.<\/p>\n<p>Cel mai probabil, b\u0103rbatul a c\u0103zut, de pe pode\u0163ul ce traverseaz\u0103 p\u00e2r\u00e2ul, de la o \u00een\u0103l\u0163ime de 2,5 metri.<\/p>\n<p>Cu ocazia examin\u0103rii externe a cadavrului, de c\u0103tre medicul legist, au fost identificate leziuni specifice c\u0103derii, f\u0103r\u0103 a fi identificate alte urme de violen\u0163\u0103.<\/p>\n<p>Cadavrul a fost transportat la morga Spitalului Jude\u021bean Alba, urm\u00e2nd s\u0103 fie efectuat\u0103 autopsia acestuia, \u00een vederea stabilirii cauzei decesului.<\/p>\n","protected":false},"excerpt":{"rendered":"<p>Un b\u0103rbat \u00een v\u00e2rst\u0103 de 50 de ani comuna Alma\u0219u Mare a fost g\u0103sit decedat, duminic\u0103 diminea\u0163a, \u00eentr-un p\u00e2r\u00e2u pe marginea unui drum din localitatea Cheile Cibului. Poli\u0163ia Ora\u015fului Zlatna s-a deplasat la fa\u021ba locului \u0219i a constatat decesul. Poli\u0163i\u015ftii deplasa\u0163i la fa\u0163a locului l-au identificat pe J.I., de 50 de ani, din comuna Alma\u015fu &hellip;<\/p>\n","protected":false},"author":17,"featured_media":17552,"comment_status":"open","ping_status":"open","sticky":false,"template":"","format":"standard","meta":{"inline_featured_image":false,"footnotes":""},"categories":[2034],"tags":[2409,2410,2411,2408,458,308,76,1274],"class_list":["post-17551","post","type-post","status-publish","format-standard","has-post-thumbnail","hentry","category-social","tag-almasu-mare","tag-cetatean","tag-cheile-cibului","tag-decedat","tag-politisti","tag-stiri","tag-urbea-mea","tag-zlatna"],"yoast_head":"<!-- This site is optimized with the Yoast SEO plugin v28.3 - https:\/\/yoast.com\/product\/yoast-seo-wordpress\/ -->\n<title>B\u0103rbat din comuna Alma\u0219u Mare g\u0103sit decedat \u00eentr-un p\u00e2r\u00e2u din Cheile Cibului - Revista Urbea Mea - Revista de Alba<\/title>\n<meta name=\"description\" content=\"Un b\u0103rbat \u00een v\u00e2rst\u0103 de 50 de ani comuna Alma\u0219u Mare a fost g\u0103sit decedat, duminic\u0103 diminea\u0163a, \u00eentr-un p\u00e2r\u00e2u pe marginea unui drum din localitatea Cheile\" \/>\n<meta name=\"robots\" content=\"index, follow, max-snippet:-1, max-image-preview:large, max-video-preview:-1\" \/>\n<link rel=\"canonical\" href=\"https:\/\/urbeamea.ro\/albaiulia\/barbat-din-comuna-almasu-mare-gasit-decedat-intr-un-parau-din-cheile-cibului\/\" \/>\n<meta name=\"twitter:card\" content=\"summary_large_image\" \/>\n<meta name=\"twitter:title\" content=\"B\u0103rbat din comuna Alma\u0219u Mare g\u0103sit decedat \u00eentr-un p\u00e2r\u00e2u din Cheile Cibului - Revista Urbea Mea - Revista de Alba\" \/>\n<meta name=\"twitter:description\" content=\"Un b\u0103rbat \u00een v\u00e2rst\u0103 de 50 de ani comuna Alma\u0219u Mare a fost g\u0103sit decedat, duminic\u0103 diminea\u0163a, \u00eentr-un p\u00e2r\u00e2u pe marginea unui drum din localitatea Cheile\" \/>\n<meta name=\"twitter:image\" content=\"https:\/\/urbeamea.ro\/albaiulia\/wp-content\/uploads\/2016\/02\/decedat.jpg\" \/>\n<meta name=\"twitter:creator\" content=\"@urbeameaweb\" \/>\n<meta name=\"twitter:site\" content=\"@urbeameaweb\" \/>\n<script type=\"application\/ld+json\" class=\"yoast-schema-graph\">{\"@context\":\"https:\\\/\\\/schema.org\",\"@graph\":[{\"@type\":\"Article\",\"@id\":\"https:\\\/\\\/urbeamea.ro\\\/albaiulia\\\/barbat-din-comuna-almasu-mare-gasit-decedat-intr-un-parau-din-cheile-cibului\\\/#article\",\"isPartOf\":{\"@id\":\"https:\\\/\\\/urbeamea.ro\\\/albaiulia\\\/barbat-din-comuna-almasu-mare-gasit-decedat-intr-un-parau-din-cheile-cibului\\\/\"},\"author\":{\"name\":\"Cristina Ganga\",\"@id\":\"https:\\\/\\\/urbeamea.ro\\\/albaiulia\\\/#\\\/schema\\\/person\\\/9700d21fae21c4f038b0b56f4506264a\"},\"headline\":\"B\u0103rbat din comuna Alma\u0219u Mare g\u0103sit decedat \u00eentr-un p\u00e2r\u00e2u din Cheile Cibului\",\"datePublished\":\"2016-02-01T12:52:42+00:00\",\"mainEntityOfPage\":{\"@id\":\"https:\\\/\\\/urbeamea.ro\\\/albaiulia\\\/barbat-din-comuna-almasu-mare-gasit-decedat-intr-un-parau-din-cheile-cibului\\\/\"},\"wordCount\":244,\"commentCount\":0,\"image\":{\"@id\":\"https:\\\/\\\/urbeamea.ro\\\/albaiulia\\\/barbat-din-comuna-almasu-mare-gasit-decedat-intr-un-parau-din-cheile-cibului\\\/#primaryimage\"},\"thumbnailUrl\":\"https:\\\/\\\/urbeamea.ro\\\/albaiulia\\\/wp-content\\\/uploads\\\/2016\\\/02\\\/decedat.jpg\",\"keywords\":[\"almasu mare\",\"cetatean\",\"cheile cibului\",\"decedat\",\"politisti\",\"stiri\",\"Urbea Mea\",\"zlatna\"],\"articleSection\":[\"Social\"],\"inLanguage\":\"ro-RO\",\"potentialAction\":[{\"@type\":\"CommentAction\",\"name\":\"Comment\",\"target\":[\"https:\\\/\\\/urbeamea.ro\\\/albaiulia\\\/barbat-din-comuna-almasu-mare-gasit-decedat-intr-un-parau-din-cheile-cibului\\\/#respond\"]}]},{\"@type\":\"WebPage\",\"@id\":\"https:\\\/\\\/urbeamea.ro\\\/albaiulia\\\/barbat-din-comuna-almasu-mare-gasit-decedat-intr-un-parau-din-cheile-cibului\\\/\",\"url\":\"https:\\\/\\\/urbeamea.ro\\\/albaiulia\\\/barbat-din-comuna-almasu-mare-gasit-decedat-intr-un-parau-din-cheile-cibului\\\/\",\"name\":\"B\u0103rbat din comuna Alma\u0219u Mare g\u0103sit decedat \u00eentr-un p\u00e2r\u00e2u din Cheile Cibului - Revista Urbea Mea - Revista de Alba\",\"isPartOf\":{\"@id\":\"https:\\\/\\\/urbeamea.ro\\\/albaiulia\\\/#website\"},\"primaryImageOfPage\":{\"@id\":\"https:\\\/\\\/urbeamea.ro\\\/albaiulia\\\/barbat-din-comuna-almasu-mare-gasit-decedat-intr-un-parau-din-cheile-cibului\\\/#primaryimage\"},\"image\":{\"@id\":\"https:\\\/\\\/urbeamea.ro\\\/albaiulia\\\/barbat-din-comuna-almasu-mare-gasit-decedat-intr-un-parau-din-cheile-cibului\\\/#primaryimage\"},\"thumbnailUrl\":\"https:\\\/\\\/urbeamea.ro\\\/albaiulia\\\/wp-content\\\/uploads\\\/2016\\\/02\\\/decedat.jpg\",\"datePublished\":\"2016-02-01T12:52:42+00:00\",\"author\":{\"@id\":\"https:\\\/\\\/urbeamea.ro\\\/albaiulia\\\/#\\\/schema\\\/person\\\/9700d21fae21c4f038b0b56f4506264a\"},\"description\":\"Un b\u0103rbat \u00een v\u00e2rst\u0103 de 50 de ani comuna Alma\u0219u Mare a fost g\u0103sit decedat, duminic\u0103 diminea\u0163a, \u00eentr-un p\u00e2r\u00e2u pe marginea unui drum din localitatea Cheile\",\"breadcrumb\":{\"@id\":\"https:\\\/\\\/urbeamea.ro\\\/albaiulia\\\/barbat-din-comuna-almasu-mare-gasit-decedat-intr-un-parau-din-cheile-cibului\\\/#breadcrumb\"},\"inLanguage\":\"ro-RO\",\"potentialAction\":[{\"@type\":\"ReadAction\",\"target\":[\"https:\\\/\\\/urbeamea.ro\\\/albaiulia\\\/barbat-din-comuna-almasu-mare-gasit-decedat-intr-un-parau-din-cheile-cibului\\\/\"]}]},{\"@type\":\"ImageObject\",\"inLanguage\":\"ro-RO\",\"@id\":\"https:\\\/\\\/urbeamea.ro\\\/albaiulia\\\/barbat-din-comuna-almasu-mare-gasit-decedat-intr-un-parau-din-cheile-cibului\\\/#primaryimage\",\"url\":\"https:\\\/\\\/urbeamea.ro\\\/albaiulia\\\/wp-content\\\/uploads\\\/2016\\\/02\\\/decedat.jpg\",\"contentUrl\":\"https:\\\/\\\/urbeamea.ro\\\/albaiulia\\\/wp-content\\\/uploads\\\/2016\\\/02\\\/decedat.jpg\",\"width\":703,\"height\":455},{\"@type\":\"BreadcrumbList\",\"@id\":\"https:\\\/\\\/urbeamea.ro\\\/albaiulia\\\/barbat-din-comuna-almasu-mare-gasit-decedat-intr-un-parau-din-cheile-cibului\\\/#breadcrumb\",\"itemListElement\":[{\"@type\":\"ListItem\",\"position\":1,\"name\":\"Prima pagin\u0103\",\"item\":\"https:\\\/\\\/urbeamea.ro\\\/albaiulia\\\/\"},{\"@type\":\"ListItem\",\"position\":2,\"name\":\"B\u0103rbat din comuna Alma\u0219u Mare g\u0103sit decedat \u00eentr-un p\u00e2r\u00e2u din Cheile Cibului\"}]},{\"@type\":\"WebSite\",\"@id\":\"https:\\\/\\\/urbeamea.ro\\\/albaiulia\\\/#website\",\"url\":\"https:\\\/\\\/urbeamea.ro\\\/albaiulia\\\/\",\"name\":\"Revista Urbea Mea, Stiri urbane\",\"description\":\"Evenimente \u0219i \u0219tiri din Alba Iulia, Sebe\u0219, Aiud, Blaj\",\"potentialAction\":[{\"@type\":\"SearchAction\",\"target\":{\"@type\":\"EntryPoint\",\"urlTemplate\":\"https:\\\/\\\/urbeamea.ro\\\/albaiulia\\\/?s={search_term_string}\"},\"query-input\":{\"@type\":\"PropertyValueSpecification\",\"valueRequired\":true,\"valueName\":\"search_term_string\"}}],\"inLanguage\":\"ro-RO\"},{\"@type\":\"Person\",\"@id\":\"https:\\\/\\\/urbeamea.ro\\\/albaiulia\\\/#\\\/schema\\\/person\\\/9700d21fae21c4f038b0b56f4506264a\",\"name\":\"Cristina Ganga\",\"image\":{\"@type\":\"ImageObject\",\"inLanguage\":\"ro-RO\",\"@id\":\"https:\\\/\\\/secure.gravatar.com\\\/avatar\\\/5a67661041f057b4a8ccaf26f5a8e86e2689372006d01faf3dd9eeb10b654bb4?s=96&d=mm&r=g\",\"url\":\"https:\\\/\\\/secure.gravatar.com\\\/avatar\\\/5a67661041f057b4a8ccaf26f5a8e86e2689372006d01faf3dd9eeb10b654bb4?s=96&d=mm&r=g\",\"contentUrl\":\"https:\\\/\\\/secure.gravatar.com\\\/avatar\\\/5a67661041f057b4a8ccaf26f5a8e86e2689372006d01faf3dd9eeb10b654bb4?s=96&d=mm&r=g\",\"caption\":\"Cristina Ganga\"},\"description\":\"Jurnalist\",\"sameAs\":[\"https:\\\/\\\/www.facebook.com\\\/cristina.nicola.587\"],\"url\":\"https:\\\/\\\/urbeamea.ro\\\/albaiulia\\\/author\\\/cristina-nicola\\\/\"}]}<\/script>\n<!-- \/ Yoast SEO plugin. -->","yoast_head_json":{"title":"B\u0103rbat din comuna Alma\u0219u Mare g\u0103sit decedat \u00eentr-un p\u00e2r\u00e2u din Cheile Cibului - Revista Urbea Mea - Revista de Alba","description":"Un b\u0103rbat \u00een v\u00e2rst\u0103 de 50 de ani comuna Alma\u0219u Mare a fost g\u0103sit decedat, duminic\u0103 diminea\u0163a, \u00eentr-un p\u00e2r\u00e2u pe marginea unui drum din localitatea Cheile","robots":{"index":"index","follow":"follow","max-snippet":"max-snippet:-1","max-image-preview":"max-image-preview:large","max-video-preview":"max-video-preview:-1"},"canonical":"https:\/\/urbeamea.ro\/albaiulia\/barbat-din-comuna-almasu-mare-gasit-decedat-intr-un-parau-din-cheile-cibului\/","twitter_card":"summary_large_image","twitter_title":"B\u0103rbat din comuna Alma\u0219u Mare g\u0103sit decedat \u00eentr-un p\u00e2r\u00e2u din Cheile Cibului - Revista Urbea Mea - Revista de Alba","twitter_description":"Un b\u0103rbat \u00een v\u00e2rst\u0103 de 50 de ani comuna Alma\u0219u Mare a fost g\u0103sit decedat, duminic\u0103 diminea\u0163a, \u00eentr-un p\u00e2r\u00e2u pe marginea unui drum din localitatea Cheile","twitter_image":"https:\/\/urbeamea.ro\/albaiulia\/wp-content\/uploads\/2016\/02\/decedat.jpg","twitter_creator":"@urbeameaweb","twitter_site":"@urbeameaweb","schema":{"@context":"https:\/\/schema.org","@graph":[{"@type":"Article","@id":"https:\/\/urbeamea.ro\/albaiulia\/barbat-din-comuna-almasu-mare-gasit-decedat-intr-un-parau-din-cheile-cibului\/#article","isPartOf":{"@id":"https:\/\/urbeamea.ro\/albaiulia\/barbat-din-comuna-almasu-mare-gasit-decedat-intr-un-parau-din-cheile-cibului\/"},"author":{"name":"Cristina Ganga","@id":"https:\/\/urbeamea.ro\/albaiulia\/#\/schema\/person\/9700d21fae21c4f038b0b56f4506264a"},"headline":"B\u0103rbat din comuna Alma\u0219u Mare g\u0103sit decedat \u00eentr-un p\u00e2r\u00e2u din Cheile Cibului","datePublished":"2016-02-01T12:52:42+00:00","mainEntityOfPage":{"@id":"https:\/\/urbeamea.ro\/albaiulia\/barbat-din-comuna-almasu-mare-gasit-decedat-intr-un-parau-din-cheile-cibului\/"},"wordCount":244,"commentCount":0,"image":{"@id":"https:\/\/urbeamea.ro\/albaiulia\/barbat-din-comuna-almasu-mare-gasit-decedat-intr-un-parau-din-cheile-cibului\/#primaryimage"},"thumbnailUrl":"https:\/\/urbeamea.ro\/albaiulia\/wp-content\/uploads\/2016\/02\/decedat.jpg","keywords":["almasu mare","cetatean","cheile cibului","decedat","politisti","stiri","Urbea Mea","zlatna"],"articleSection":["Social"],"inLanguage":"ro-RO","potentialAction":[{"@type":"CommentAction","name":"Comment","target":["https:\/\/urbeamea.ro\/albaiulia\/barbat-din-comuna-almasu-mare-gasit-decedat-intr-un-parau-din-cheile-cibului\/#respond"]}]},{"@type":"WebPage","@id":"https:\/\/urbeamea.ro\/albaiulia\/barbat-din-comuna-almasu-mare-gasit-decedat-intr-un-parau-din-cheile-cibului\/","url":"https:\/\/urbeamea.ro\/albaiulia\/barbat-din-comuna-almasu-mare-gasit-decedat-intr-un-parau-din-cheile-cibului\/","name":"B\u0103rbat din comuna Alma\u0219u Mare g\u0103sit decedat \u00eentr-un p\u00e2r\u00e2u din Cheile Cibului - Revista Urbea Mea - Revista de Alba","isPartOf":{"@id":"https:\/\/urbeamea.ro\/albaiulia\/#website"},"primaryImageOfPage":{"@id":"https:\/\/urbeamea.ro\/albaiulia\/barbat-din-comuna-almasu-mare-gasit-decedat-intr-un-parau-din-cheile-cibului\/#primaryimage"},"image":{"@id":"https:\/\/urbeamea.ro\/albaiulia\/barbat-din-comuna-almasu-mare-gasit-decedat-intr-un-parau-din-cheile-cibului\/#primaryimage"},"thumbnailUrl":"https:\/\/urbeamea.ro\/albaiulia\/wp-content\/uploads\/2016\/02\/decedat.jpg","datePublished":"2016-02-01T12:52:42+00:00","author":{"@id":"https:\/\/urbeamea.ro\/albaiulia\/#\/schema\/person\/9700d21fae21c4f038b0b56f4506264a"},"description":"Un b\u0103rbat \u00een v\u00e2rst\u0103 de 50 de ani comuna Alma\u0219u Mare a fost g\u0103sit decedat, duminic\u0103 diminea\u0163a, \u00eentr-un p\u00e2r\u00e2u pe marginea unui drum din localitatea Cheile","breadcrumb":{"@id":"https:\/\/urbeamea.ro\/albaiulia\/barbat-din-comuna-almasu-mare-gasit-decedat-intr-un-parau-din-cheile-cibului\/#breadcrumb"},"inLanguage":"ro-RO","potentialAction":[{"@type":"ReadAction","target":["https:\/\/urbeamea.ro\/albaiulia\/barbat-din-comuna-almasu-mare-gasit-decedat-intr-un-parau-din-cheile-cibului\/"]}]},{"@type":"ImageObject","inLanguage":"ro-RO","@id":"https:\/\/urbeamea.ro\/albaiulia\/barbat-din-comuna-almasu-mare-gasit-decedat-intr-un-parau-din-cheile-cibului\/#primaryimage","url":"https:\/\/urbeamea.ro\/albaiulia\/wp-content\/uploads\/2016\/02\/decedat.jpg","contentUrl":"https:\/\/urbeamea.ro\/albaiulia\/wp-content\/uploads\/2016\/02\/decedat.jpg","width":703,"height":455},{"@type":"BreadcrumbList","@id":"https:\/\/urbeamea.ro\/albaiulia\/barbat-din-comuna-almasu-mare-gasit-decedat-intr-un-parau-din-cheile-cibului\/#breadcrumb","itemListElement":[{"@type":"ListItem","position":1,"name":"Prima pagin\u0103","item":"https:\/\/urbeamea.ro\/albaiulia\/"},{"@type":"ListItem","position":2,"name":"B\u0103rbat din comuna Alma\u0219u Mare g\u0103sit decedat \u00eentr-un p\u00e2r\u00e2u din Cheile Cibului"}]},{"@type":"WebSite","@id":"https:\/\/urbeamea.ro\/albaiulia\/#website","url":"https:\/\/urbeamea.ro\/albaiulia\/","name":"Revista Urbea Mea, Stiri urbane","description":"Evenimente \u0219i \u0219tiri din Alba Iulia, Sebe\u0219, Aiud, Blaj","potentialAction":[{"@type":"SearchAction","target":{"@type":"EntryPoint","urlTemplate":"https:\/\/urbeamea.ro\/albaiulia\/?s={search_term_string}"},"query-input":{"@type":"PropertyValueSpecification","valueRequired":true,"valueName":"search_term_string"}}],"inLanguage":"ro-RO"},{"@type":"Person","@id":"https:\/\/urbeamea.ro\/albaiulia\/#\/schema\/person\/9700d21fae21c4f038b0b56f4506264a","name":"Cristina Ganga","image":{"@type":"ImageObject","inLanguage":"ro-RO","@id":"https:\/\/secure.gravatar.com\/avatar\/5a67661041f057b4a8ccaf26f5a8e86e2689372006d01faf3dd9eeb10b654bb4?s=96&d=mm&r=g","url":"https:\/\/secure.gravatar.com\/avatar\/5a67661041f057b4a8ccaf26f5a8e86e2689372006d01faf3dd9eeb10b654bb4?s=96&d=mm&r=g","contentUrl":"https:\/\/secure.gravatar.com\/avatar\/5a67661041f057b4a8ccaf26f5a8e86e2689372006d01faf3dd9eeb10b654bb4?s=96&d=mm&r=g","caption":"Cristina Ganga"},"description":"Jurnalist","sameAs":["https:\/\/www.facebook.com\/cristina.nicola.587"],"url":"https:\/\/urbeamea.ro\/albaiulia\/author\/cristina-nicola\/"}]}},"_links":{"self":[{"href":"https:\/\/urbeamea.ro\/albaiulia\/wp-json\/wp\/v2\/posts\/17551","targetHints":{"allow":["GET"]}}],"collection":[{"href":"https:\/\/urbeamea.ro\/albaiulia\/wp-json\/wp\/v2\/posts"}],"about":[{"href":"https:\/\/urbeamea.ro\/albaiulia\/wp-json\/wp\/v2\/types\/post"}],"author":[{"embeddable":true,"href":"https:\/\/urbeamea.ro\/albaiulia\/wp-json\/wp\/v2\/users\/17"}],"replies":[{"embeddable":true,"href":"https:\/\/urbeamea.ro\/albaiulia\/wp-json\/wp\/v2\/comments?post=17551"}],"version-history":[{"count":0,"href":"https:\/\/urbeamea.ro\/albaiulia\/wp-json\/wp\/v2\/posts\/17551\/revisions"}],"wp:featuredmedia":[{"embeddable":true,"href":"https:\/\/urbeamea.ro\/albaiulia\/wp-json\/wp\/v2\/media\/17552"}],"wp:attachment":[{"href":"https:\/\/urbeamea.ro\/albaiulia\/wp-json\/wp\/v2\/media?parent=17551"}],"wp:term":[{"taxonomy":"category","embeddable":true,"href":"https:\/\/urbeamea.ro\/albaiulia\/wp-json\/wp\/v2\/categories?post=17551"},{"taxonomy":"post_tag","embeddable":true,"href":"https:\/\/urbeamea.ro\/albaiulia\/wp-json\/wp\/v2\/tags?post=17551"}],"curies":[{"name":"wp","href":"https:\/\/api.w.org\/{rel}","templated":true}]}}