{"id":17584,"date":"2016-02-02T09:58:42","date_gmt":"2016-02-02T07:58:42","guid":{"rendered":"http:\/\/urbeamea.ro\/albaiulia\/?p=17584"},"modified":"2016-02-02T10:00:59","modified_gmt":"2016-02-02T08:00:59","slug":"legea-antifumat-publicata-in-monitorul-oficial-din-17-martie-fumatul-va-fi-interzis-in-spatiile-publice-inchise","status":"publish","type":"post","link":"https:\/\/urbeamea.ro\/albaiulia\/legea-antifumat-publicata-in-monitorul-oficial-din-17-martie-fumatul-va-fi-interzis-in-spatiile-publice-inchise\/","title":{"rendered":"Legea antifumat, publicat\u0103 \u00een Monitorul Oficial: Din 17 martie, fumatul va fi interzis \u00een spa\u0163iile publice \u00eenchise"},"content":{"rendered":"<p><strong><img loading=\"lazy\" decoding=\"async\" class=\"size-medium wp-image-10596 alignleft\" src=\"http:\/\/urbeamea.ro\/albaiulia\/wp-content\/uploads\/2015\/10\/fumat-300x194.jpg\" alt=\"fumat\" width=\"300\" height=\"194\" \/>Legea care interzice fumatul \u00een spa\u0163iile publice \u00eenchise a fost publicat\u0103 luni, 1 februarie, \u00een Monitorul Oficial, la doar c\u00e2teva zile dup\u0103 confirmarea constitu\u0163ionalit\u0103\u0163ii acesteia \u015fi promulgarea prin decret preziden\u0163ial. \u00cencep\u00e2nd cu data de 17 martie, fumatul va fi interzis \u00een toate spa\u0163iile publice \u00eenchise, inclusiv \u00een baruri, discoteci \u015fi restaurante, precum \u015fi \u00een spa\u0163iile \u00eenchise de la locul de munc\u0103 \u015fi \u00een locurile de joac\u0103 pentru copii.<\/strong><\/p>\n<p>Legea care prevede interzicerea fumatului \u00een spa\u0163iile \u00eenchise a fost promulgat\u0103, vineri, de pre\u015fedintele Klaus Iohannis, dup\u0103 ce judec\u0103torii CCR au decis, miercuri, \u00een unanimitate, c\u0103 legea este constitu\u0163ional\u0103 \u015fi au respins contesta\u0163ia depus\u0103 de mai mul\u021bi parlamentari.<\/p>\n<p>Luni, 1 februarie, noile reguli au fost publicate \u00een Monitorul Oficial \u0219i vor intra \u00een vigoare dup\u0103 45 de zile, \u00eencep\u00e2nd din 17 martie.<\/p>\n<p>Potrivit legii aprobate de Parlament, fumatul va fi interzis complet \u2013 nu doar restr\u00e2ns \u2013 \u00een toate spa\u0163iile publice \u00eenchise, precum \u015fi \u00een spa\u0163iile \u00eenchise de la locul de munc\u0103 \u015fi \u00een locurile de joac\u0103 pentru copii (chiar \u015fi cele \u00een aer liber).<\/p>\n<p>Fumatul va fi interzis complet, de asemenea, \u00een unit\u0103\u0163ile de \u00eenv\u0103\u0163\u0103m\u00e2nt \u015fi \u00een\u00a0cele destinate protec\u0163iei \u015fi asisten\u0163ei copilului, nu doar \u00een unit\u0103\u0163ile sanitare \u015fi \u00een mijloacele de transport \u00een comun, a\u015fa cum prevede legea acum. Singura excep\u0163ie va fi reprezentat\u0103 de celulele de\u0163inu\u0163ilor din penitenciarele de maxim\u0103 siguran\u0163\u0103.<\/p>\n<p><strong>Persoanele fizice vor risca amenzi cuprinse \u00eentre 100 \u015fi 500 de lei<\/strong> dac\u0103 fumeaz\u0103 \u00een spa\u0163iile publice \u00eenchise, \u00een spa\u0163iile \u00eenchise de la locul de munc\u0103, \u00een mijloacele de transport \u00een comun sau \u00een locurile de joac\u0103 pentru copii. De asemenea, sanc\u0163iunea va fi valabil\u0103 pentru consumul de tutun \u00een unit\u0103\u0163ile sanitare, cele de \u00eenv\u0103\u0163\u0103m\u00e2nt \u015fi cele destinate protec\u0163iei \u015fi asisten\u0163ei copilului.<\/p>\n<p>Persoanele juridice risc\u0103 amenzi pentru:<\/p>\n<ul>\n<li>permiterea fumatului \u00een spa\u0163iile publice \u00eenchise, \u00een spa\u0163iile \u00eenchise de la locul de munc\u0103, \u00een mijloacele de transport \u00een comun, \u00een locurile de joac\u0103 pentru copii \u00een unit\u0103\u0163ile sanitare, cele de \u00eenv\u0103\u0163\u0103m\u00e2nt \u015fi cele destinate protec\u0163iei \u015fi asisten\u0163ei copilului;<\/li>\n<li>v\u00e2nzarea la bucat\u0103 a \u0163igaretelor, \u0163ig\u0103rilor de foi \u015fi cigarillos;<\/li>\n<li>comercializarea pachetelor de \u0163igarete care con\u0163in mai pu\u0163in de 20 de buc\u0103\u0163i;<\/li>\n<li>\u00a0comercializarea produselor din tutun prin automate;<\/li>\n<li>\u00a0v\u00e2nzarea produselor din tutun tinerilor cu v\u00e2rsta sub 18 ani;<\/li>\n<li>\u00a0comercializarea produselor din tutun \u00een unit\u0103\u0163ile sanitare \u015fi cele de \u00eenv\u0103\u0163\u0103m\u00e2nt;<\/li>\n<li>folosirea unei embleme sau a denumirii unei m\u0103rci de tutun pentru promovarea ori comercializarea altor produse.<\/li>\n<\/ul>\n<p>Sanc\u0163iunile pentru firme sunt:<\/p>\n<ul>\n<li>\u00a0la prima abatere: amend\u0103 de 5.000 de lei;<\/li>\n<li>\u00a0la a doua abatere: amend\u0103 de 10.000 de lei, la care se va ad\u0103uga suspendarea activit\u0103\u0163ii p\u00e2n\u0103 la remedierea situa\u0163iei care a dus la aplicarea acestei sanc\u0163iuni complementare;<\/li>\n<li>\u00a0la a treia abatere: amend\u0103 de 15.000 de lei, la care se va ad\u0103uga \u00eenchiderea unit\u0103\u0163ii.<\/li>\n<\/ul>\n","protected":false},"excerpt":{"rendered":"<p>Legea care interzice fumatul \u00een spa\u0163iile publice \u00eenchise a fost publicat\u0103 luni, 1 februarie, \u00een Monitorul Oficial, la doar c\u00e2teva zile dup\u0103 confirmarea constitu\u0163ionalit\u0103\u0163ii acesteia \u015fi promulgarea prin decret preziden\u0163ial. \u00cencep\u00e2nd cu data de 17 martie, fumatul va fi interzis \u00een toate spa\u0163iile publice \u00eenchise, inclusiv \u00een baruri, discoteci \u015fi restaurante, precum \u015fi \u00een spa\u0163iile &hellip;<\/p>\n","protected":false},"author":17,"featured_media":10596,"comment_status":"open","ping_status":"open","sticky":false,"template":"","format":"standard","meta":{"inline_featured_image":false,"footnotes":""},"categories":[2034],"tags":[2292,2284,2330,2447,2293,2294,2446,308,76],"class_list":["post-17584","post","type-post","status-publish","format-standard","has-post-thumbnail","hentry","category-social","tag-amenzi","tag-legea-antifumat","tag-monitorul-oficial","tag-penitenciarele-de-maxima-siguranta","tag-persoane-fizice","tag-persoane-juridice","tag-publicata","tag-stiri","tag-urbea-mea"],"yoast_head":"<!-- This site is optimized with the Yoast SEO plugin v27.4 - https:\/\/yoast.com\/product\/yoast-seo-wordpress\/ -->\n<title>Legea antifumat, publicat\u0103 \u00een Monitorul Oficial: Din 17 martie, fumatul va fi interzis \u00een spa\u0163iile publice \u00eenchise - Revista Urbea Mea - Revista de Alba<\/title>\n<meta name=\"description\" content=\"Legea care interzice fumatul \u00een spa\u0163iile publice \u00eenchise a fost publicat\u0103 luni, 1 februarie, \u00een Monitorul Oficial, la doar c\u00e2teva zile dup\u0103 confirmarea\" \/>\n<meta name=\"robots\" content=\"index, follow, max-snippet:-1, max-image-preview:large, max-video-preview:-1\" \/>\n<link rel=\"canonical\" href=\"https:\/\/urbeamea.ro\/albaiulia\/legea-antifumat-publicata-in-monitorul-oficial-din-17-martie-fumatul-va-fi-interzis-in-spatiile-publice-inchise\/\" \/>\n<meta name=\"twitter:card\" content=\"summary_large_image\" \/>\n<meta name=\"twitter:title\" content=\"Legea antifumat, publicat\u0103 \u00een Monitorul Oficial: Din 17 martie, fumatul va fi interzis \u00een spa\u0163iile publice \u00eenchise - Revista Urbea Mea - Revista de Alba\" \/>\n<meta name=\"twitter:description\" content=\"Legea care interzice fumatul \u00een spa\u0163iile publice \u00eenchise a fost publicat\u0103 luni, 1 februarie, \u00een Monitorul Oficial, la doar c\u00e2teva zile dup\u0103 confirmarea\" \/>\n<meta name=\"twitter:image\" content=\"https:\/\/urbeamea.ro\/albaiulia\/wp-content\/uploads\/2015\/10\/fumat.jpg\" \/>\n<meta name=\"twitter:creator\" content=\"@urbeameaweb\" \/>\n<meta name=\"twitter:site\" content=\"@urbeameaweb\" \/>\n<script type=\"application\/ld+json\" class=\"yoast-schema-graph\">{\"@context\":\"https:\\\/\\\/schema.org\",\"@graph\":[{\"@type\":\"Article\",\"@id\":\"https:\\\/\\\/urbeamea.ro\\\/albaiulia\\\/legea-antifumat-publicata-in-monitorul-oficial-din-17-martie-fumatul-va-fi-interzis-in-spatiile-publice-inchise\\\/#article\",\"isPartOf\":{\"@id\":\"https:\\\/\\\/urbeamea.ro\\\/albaiulia\\\/legea-antifumat-publicata-in-monitorul-oficial-din-17-martie-fumatul-va-fi-interzis-in-spatiile-publice-inchise\\\/\"},\"author\":{\"name\":\"Cristina Ganga\",\"@id\":\"https:\\\/\\\/urbeamea.ro\\\/albaiulia\\\/#\\\/schema\\\/person\\\/9700d21fae21c4f038b0b56f4506264a\"},\"headline\":\"Legea antifumat, publicat\u0103 \u00een Monitorul Oficial: Din 17 martie, fumatul va fi interzis \u00een spa\u0163iile publice \u00eenchise\",\"datePublished\":\"2016-02-02T07:58:42+00:00\",\"dateModified\":\"2016-02-02T08:00:59+00:00\",\"mainEntityOfPage\":{\"@id\":\"https:\\\/\\\/urbeamea.ro\\\/albaiulia\\\/legea-antifumat-publicata-in-monitorul-oficial-din-17-martie-fumatul-va-fi-interzis-in-spatiile-publice-inchise\\\/\"},\"wordCount\":514,\"commentCount\":0,\"image\":{\"@id\":\"https:\\\/\\\/urbeamea.ro\\\/albaiulia\\\/legea-antifumat-publicata-in-monitorul-oficial-din-17-martie-fumatul-va-fi-interzis-in-spatiile-publice-inchise\\\/#primaryimage\"},\"thumbnailUrl\":\"https:\\\/\\\/urbeamea.ro\\\/albaiulia\\\/wp-content\\\/uploads\\\/2015\\\/10\\\/fumat.jpg\",\"keywords\":[\"amenzi\",\"legea antifumat\",\"monitorul oficial\",\"penitenciarele de maxim\u0103 siguranta\",\"persoane fizice\",\"persoane juridice\",\"publicata\",\"stiri\",\"Urbea Mea\"],\"articleSection\":[\"Social\"],\"inLanguage\":\"ro-RO\",\"potentialAction\":[{\"@type\":\"CommentAction\",\"name\":\"Comment\",\"target\":[\"https:\\\/\\\/urbeamea.ro\\\/albaiulia\\\/legea-antifumat-publicata-in-monitorul-oficial-din-17-martie-fumatul-va-fi-interzis-in-spatiile-publice-inchise\\\/#respond\"]}]},{\"@type\":\"WebPage\",\"@id\":\"https:\\\/\\\/urbeamea.ro\\\/albaiulia\\\/legea-antifumat-publicata-in-monitorul-oficial-din-17-martie-fumatul-va-fi-interzis-in-spatiile-publice-inchise\\\/\",\"url\":\"https:\\\/\\\/urbeamea.ro\\\/albaiulia\\\/legea-antifumat-publicata-in-monitorul-oficial-din-17-martie-fumatul-va-fi-interzis-in-spatiile-publice-inchise\\\/\",\"name\":\"Legea antifumat, publicat\u0103 \u00een Monitorul Oficial: Din 17 martie, fumatul va fi interzis \u00een spa\u0163iile publice \u00eenchise - Revista Urbea Mea - Revista de Alba\",\"isPartOf\":{\"@id\":\"https:\\\/\\\/urbeamea.ro\\\/albaiulia\\\/#website\"},\"primaryImageOfPage\":{\"@id\":\"https:\\\/\\\/urbeamea.ro\\\/albaiulia\\\/legea-antifumat-publicata-in-monitorul-oficial-din-17-martie-fumatul-va-fi-interzis-in-spatiile-publice-inchise\\\/#primaryimage\"},\"image\":{\"@id\":\"https:\\\/\\\/urbeamea.ro\\\/albaiulia\\\/legea-antifumat-publicata-in-monitorul-oficial-din-17-martie-fumatul-va-fi-interzis-in-spatiile-publice-inchise\\\/#primaryimage\"},\"thumbnailUrl\":\"https:\\\/\\\/urbeamea.ro\\\/albaiulia\\\/wp-content\\\/uploads\\\/2015\\\/10\\\/fumat.jpg\",\"datePublished\":\"2016-02-02T07:58:42+00:00\",\"dateModified\":\"2016-02-02T08:00:59+00:00\",\"author\":{\"@id\":\"https:\\\/\\\/urbeamea.ro\\\/albaiulia\\\/#\\\/schema\\\/person\\\/9700d21fae21c4f038b0b56f4506264a\"},\"description\":\"Legea care interzice fumatul \u00een spa\u0163iile publice \u00eenchise a fost publicat\u0103 luni, 1 februarie, \u00een Monitorul Oficial, la doar c\u00e2teva zile dup\u0103 confirmarea\",\"breadcrumb\":{\"@id\":\"https:\\\/\\\/urbeamea.ro\\\/albaiulia\\\/legea-antifumat-publicata-in-monitorul-oficial-din-17-martie-fumatul-va-fi-interzis-in-spatiile-publice-inchise\\\/#breadcrumb\"},\"inLanguage\":\"ro-RO\",\"potentialAction\":[{\"@type\":\"ReadAction\",\"target\":[\"https:\\\/\\\/urbeamea.ro\\\/albaiulia\\\/legea-antifumat-publicata-in-monitorul-oficial-din-17-martie-fumatul-va-fi-interzis-in-spatiile-publice-inchise\\\/\"]}]},{\"@type\":\"ImageObject\",\"inLanguage\":\"ro-RO\",\"@id\":\"https:\\\/\\\/urbeamea.ro\\\/albaiulia\\\/legea-antifumat-publicata-in-monitorul-oficial-din-17-martie-fumatul-va-fi-interzis-in-spatiile-publice-inchise\\\/#primaryimage\",\"url\":\"https:\\\/\\\/urbeamea.ro\\\/albaiulia\\\/wp-content\\\/uploads\\\/2015\\\/10\\\/fumat.jpg\",\"contentUrl\":\"https:\\\/\\\/urbeamea.ro\\\/albaiulia\\\/wp-content\\\/uploads\\\/2015\\\/10\\\/fumat.jpg\",\"width\":1280,\"height\":828},{\"@type\":\"BreadcrumbList\",\"@id\":\"https:\\\/\\\/urbeamea.ro\\\/albaiulia\\\/legea-antifumat-publicata-in-monitorul-oficial-din-17-martie-fumatul-va-fi-interzis-in-spatiile-publice-inchise\\\/#breadcrumb\",\"itemListElement\":[{\"@type\":\"ListItem\",\"position\":1,\"name\":\"Prima pagin\u0103\",\"item\":\"https:\\\/\\\/urbeamea.ro\\\/albaiulia\\\/\"},{\"@type\":\"ListItem\",\"position\":2,\"name\":\"Legea antifumat, publicat\u0103 \u00een Monitorul Oficial: Din 17 martie, fumatul va fi interzis \u00een spa\u0163iile publice \u00eenchise\"}]},{\"@type\":\"WebSite\",\"@id\":\"https:\\\/\\\/urbeamea.ro\\\/albaiulia\\\/#website\",\"url\":\"https:\\\/\\\/urbeamea.ro\\\/albaiulia\\\/\",\"name\":\"Revista Urbea Mea, Stiri urbane\",\"description\":\"Evenimente \u0219i \u0219tiri din Alba Iulia, Sebe\u0219, Aiud, Blaj\",\"potentialAction\":[{\"@type\":\"SearchAction\",\"target\":{\"@type\":\"EntryPoint\",\"urlTemplate\":\"https:\\\/\\\/urbeamea.ro\\\/albaiulia\\\/?s={search_term_string}\"},\"query-input\":{\"@type\":\"PropertyValueSpecification\",\"valueRequired\":true,\"valueName\":\"search_term_string\"}}],\"inLanguage\":\"ro-RO\"},{\"@type\":\"Person\",\"@id\":\"https:\\\/\\\/urbeamea.ro\\\/albaiulia\\\/#\\\/schema\\\/person\\\/9700d21fae21c4f038b0b56f4506264a\",\"name\":\"Cristina Ganga\",\"image\":{\"@type\":\"ImageObject\",\"inLanguage\":\"ro-RO\",\"@id\":\"https:\\\/\\\/secure.gravatar.com\\\/avatar\\\/5a67661041f057b4a8ccaf26f5a8e86e2689372006d01faf3dd9eeb10b654bb4?s=96&d=mm&r=g\",\"url\":\"https:\\\/\\\/secure.gravatar.com\\\/avatar\\\/5a67661041f057b4a8ccaf26f5a8e86e2689372006d01faf3dd9eeb10b654bb4?s=96&d=mm&r=g\",\"contentUrl\":\"https:\\\/\\\/secure.gravatar.com\\\/avatar\\\/5a67661041f057b4a8ccaf26f5a8e86e2689372006d01faf3dd9eeb10b654bb4?s=96&d=mm&r=g\",\"caption\":\"Cristina Ganga\"},\"description\":\"Jurnalist\",\"sameAs\":[\"https:\\\/\\\/www.facebook.com\\\/cristina.nicola.587\"],\"url\":\"https:\\\/\\\/urbeamea.ro\\\/albaiulia\\\/author\\\/cristina-nicola\\\/\"}]}<\/script>\n<!-- \/ Yoast SEO plugin. -->","yoast_head_json":{"title":"Legea antifumat, publicat\u0103 \u00een Monitorul Oficial: Din 17 martie, fumatul va fi interzis \u00een spa\u0163iile publice \u00eenchise - Revista Urbea Mea - Revista de Alba","description":"Legea care interzice fumatul \u00een spa\u0163iile publice \u00eenchise a fost publicat\u0103 luni, 1 februarie, \u00een Monitorul Oficial, la doar c\u00e2teva zile dup\u0103 confirmarea","robots":{"index":"index","follow":"follow","max-snippet":"max-snippet:-1","max-image-preview":"max-image-preview:large","max-video-preview":"max-video-preview:-1"},"canonical":"https:\/\/urbeamea.ro\/albaiulia\/legea-antifumat-publicata-in-monitorul-oficial-din-17-martie-fumatul-va-fi-interzis-in-spatiile-publice-inchise\/","twitter_card":"summary_large_image","twitter_title":"Legea antifumat, publicat\u0103 \u00een Monitorul Oficial: Din 17 martie, fumatul va fi interzis \u00een spa\u0163iile publice \u00eenchise - Revista Urbea Mea - Revista de Alba","twitter_description":"Legea care interzice fumatul \u00een spa\u0163iile publice \u00eenchise a fost publicat\u0103 luni, 1 februarie, \u00een Monitorul Oficial, la doar c\u00e2teva zile dup\u0103 confirmarea","twitter_image":"https:\/\/urbeamea.ro\/albaiulia\/wp-content\/uploads\/2015\/10\/fumat.jpg","twitter_creator":"@urbeameaweb","twitter_site":"@urbeameaweb","schema":{"@context":"https:\/\/schema.org","@graph":[{"@type":"Article","@id":"https:\/\/urbeamea.ro\/albaiulia\/legea-antifumat-publicata-in-monitorul-oficial-din-17-martie-fumatul-va-fi-interzis-in-spatiile-publice-inchise\/#article","isPartOf":{"@id":"https:\/\/urbeamea.ro\/albaiulia\/legea-antifumat-publicata-in-monitorul-oficial-din-17-martie-fumatul-va-fi-interzis-in-spatiile-publice-inchise\/"},"author":{"name":"Cristina Ganga","@id":"https:\/\/urbeamea.ro\/albaiulia\/#\/schema\/person\/9700d21fae21c4f038b0b56f4506264a"},"headline":"Legea antifumat, publicat\u0103 \u00een Monitorul Oficial: Din 17 martie, fumatul va fi interzis \u00een spa\u0163iile publice \u00eenchise","datePublished":"2016-02-02T07:58:42+00:00","dateModified":"2016-02-02T08:00:59+00:00","mainEntityOfPage":{"@id":"https:\/\/urbeamea.ro\/albaiulia\/legea-antifumat-publicata-in-monitorul-oficial-din-17-martie-fumatul-va-fi-interzis-in-spatiile-publice-inchise\/"},"wordCount":514,"commentCount":0,"image":{"@id":"https:\/\/urbeamea.ro\/albaiulia\/legea-antifumat-publicata-in-monitorul-oficial-din-17-martie-fumatul-va-fi-interzis-in-spatiile-publice-inchise\/#primaryimage"},"thumbnailUrl":"https:\/\/urbeamea.ro\/albaiulia\/wp-content\/uploads\/2015\/10\/fumat.jpg","keywords":["amenzi","legea antifumat","monitorul oficial","penitenciarele de maxim\u0103 siguranta","persoane fizice","persoane juridice","publicata","stiri","Urbea Mea"],"articleSection":["Social"],"inLanguage":"ro-RO","potentialAction":[{"@type":"CommentAction","name":"Comment","target":["https:\/\/urbeamea.ro\/albaiulia\/legea-antifumat-publicata-in-monitorul-oficial-din-17-martie-fumatul-va-fi-interzis-in-spatiile-publice-inchise\/#respond"]}]},{"@type":"WebPage","@id":"https:\/\/urbeamea.ro\/albaiulia\/legea-antifumat-publicata-in-monitorul-oficial-din-17-martie-fumatul-va-fi-interzis-in-spatiile-publice-inchise\/","url":"https:\/\/urbeamea.ro\/albaiulia\/legea-antifumat-publicata-in-monitorul-oficial-din-17-martie-fumatul-va-fi-interzis-in-spatiile-publice-inchise\/","name":"Legea antifumat, publicat\u0103 \u00een Monitorul Oficial: Din 17 martie, fumatul va fi interzis \u00een spa\u0163iile publice \u00eenchise - Revista Urbea Mea - Revista de Alba","isPartOf":{"@id":"https:\/\/urbeamea.ro\/albaiulia\/#website"},"primaryImageOfPage":{"@id":"https:\/\/urbeamea.ro\/albaiulia\/legea-antifumat-publicata-in-monitorul-oficial-din-17-martie-fumatul-va-fi-interzis-in-spatiile-publice-inchise\/#primaryimage"},"image":{"@id":"https:\/\/urbeamea.ro\/albaiulia\/legea-antifumat-publicata-in-monitorul-oficial-din-17-martie-fumatul-va-fi-interzis-in-spatiile-publice-inchise\/#primaryimage"},"thumbnailUrl":"https:\/\/urbeamea.ro\/albaiulia\/wp-content\/uploads\/2015\/10\/fumat.jpg","datePublished":"2016-02-02T07:58:42+00:00","dateModified":"2016-02-02T08:00:59+00:00","author":{"@id":"https:\/\/urbeamea.ro\/albaiulia\/#\/schema\/person\/9700d21fae21c4f038b0b56f4506264a"},"description":"Legea care interzice fumatul \u00een spa\u0163iile publice \u00eenchise a fost publicat\u0103 luni, 1 februarie, \u00een Monitorul Oficial, la doar c\u00e2teva zile dup\u0103 confirmarea","breadcrumb":{"@id":"https:\/\/urbeamea.ro\/albaiulia\/legea-antifumat-publicata-in-monitorul-oficial-din-17-martie-fumatul-va-fi-interzis-in-spatiile-publice-inchise\/#breadcrumb"},"inLanguage":"ro-RO","potentialAction":[{"@type":"ReadAction","target":["https:\/\/urbeamea.ro\/albaiulia\/legea-antifumat-publicata-in-monitorul-oficial-din-17-martie-fumatul-va-fi-interzis-in-spatiile-publice-inchise\/"]}]},{"@type":"ImageObject","inLanguage":"ro-RO","@id":"https:\/\/urbeamea.ro\/albaiulia\/legea-antifumat-publicata-in-monitorul-oficial-din-17-martie-fumatul-va-fi-interzis-in-spatiile-publice-inchise\/#primaryimage","url":"https:\/\/urbeamea.ro\/albaiulia\/wp-content\/uploads\/2015\/10\/fumat.jpg","contentUrl":"https:\/\/urbeamea.ro\/albaiulia\/wp-content\/uploads\/2015\/10\/fumat.jpg","width":1280,"height":828},{"@type":"BreadcrumbList","@id":"https:\/\/urbeamea.ro\/albaiulia\/legea-antifumat-publicata-in-monitorul-oficial-din-17-martie-fumatul-va-fi-interzis-in-spatiile-publice-inchise\/#breadcrumb","itemListElement":[{"@type":"ListItem","position":1,"name":"Prima pagin\u0103","item":"https:\/\/urbeamea.ro\/albaiulia\/"},{"@type":"ListItem","position":2,"name":"Legea antifumat, publicat\u0103 \u00een Monitorul Oficial: Din 17 martie, fumatul va fi interzis \u00een spa\u0163iile publice \u00eenchise"}]},{"@type":"WebSite","@id":"https:\/\/urbeamea.ro\/albaiulia\/#website","url":"https:\/\/urbeamea.ro\/albaiulia\/","name":"Revista Urbea Mea, Stiri urbane","description":"Evenimente \u0219i \u0219tiri din Alba Iulia, Sebe\u0219, Aiud, Blaj","potentialAction":[{"@type":"SearchAction","target":{"@type":"EntryPoint","urlTemplate":"https:\/\/urbeamea.ro\/albaiulia\/?s={search_term_string}"},"query-input":{"@type":"PropertyValueSpecification","valueRequired":true,"valueName":"search_term_string"}}],"inLanguage":"ro-RO"},{"@type":"Person","@id":"https:\/\/urbeamea.ro\/albaiulia\/#\/schema\/person\/9700d21fae21c4f038b0b56f4506264a","name":"Cristina Ganga","image":{"@type":"ImageObject","inLanguage":"ro-RO","@id":"https:\/\/secure.gravatar.com\/avatar\/5a67661041f057b4a8ccaf26f5a8e86e2689372006d01faf3dd9eeb10b654bb4?s=96&d=mm&r=g","url":"https:\/\/secure.gravatar.com\/avatar\/5a67661041f057b4a8ccaf26f5a8e86e2689372006d01faf3dd9eeb10b654bb4?s=96&d=mm&r=g","contentUrl":"https:\/\/secure.gravatar.com\/avatar\/5a67661041f057b4a8ccaf26f5a8e86e2689372006d01faf3dd9eeb10b654bb4?s=96&d=mm&r=g","caption":"Cristina Ganga"},"description":"Jurnalist","sameAs":["https:\/\/www.facebook.com\/cristina.nicola.587"],"url":"https:\/\/urbeamea.ro\/albaiulia\/author\/cristina-nicola\/"}]}},"_links":{"self":[{"href":"https:\/\/urbeamea.ro\/albaiulia\/wp-json\/wp\/v2\/posts\/17584","targetHints":{"allow":["GET"]}}],"collection":[{"href":"https:\/\/urbeamea.ro\/albaiulia\/wp-json\/wp\/v2\/posts"}],"about":[{"href":"https:\/\/urbeamea.ro\/albaiulia\/wp-json\/wp\/v2\/types\/post"}],"author":[{"embeddable":true,"href":"https:\/\/urbeamea.ro\/albaiulia\/wp-json\/wp\/v2\/users\/17"}],"replies":[{"embeddable":true,"href":"https:\/\/urbeamea.ro\/albaiulia\/wp-json\/wp\/v2\/comments?post=17584"}],"version-history":[{"count":0,"href":"https:\/\/urbeamea.ro\/albaiulia\/wp-json\/wp\/v2\/posts\/17584\/revisions"}],"wp:featuredmedia":[{"embeddable":true,"href":"https:\/\/urbeamea.ro\/albaiulia\/wp-json\/wp\/v2\/media\/10596"}],"wp:attachment":[{"href":"https:\/\/urbeamea.ro\/albaiulia\/wp-json\/wp\/v2\/media?parent=17584"}],"wp:term":[{"taxonomy":"category","embeddable":true,"href":"https:\/\/urbeamea.ro\/albaiulia\/wp-json\/wp\/v2\/categories?post=17584"},{"taxonomy":"post_tag","embeddable":true,"href":"https:\/\/urbeamea.ro\/albaiulia\/wp-json\/wp\/v2\/tags?post=17584"}],"curies":[{"name":"wp","href":"https:\/\/api.w.org\/{rel}","templated":true}]}}