{"id":17848,"date":"2016-02-08T10:06:29","date_gmt":"2016-02-08T08:06:29","guid":{"rendered":"http:\/\/urbeamea.ro\/albaiulia\/?p=17848"},"modified":"2016-02-08T20:25:33","modified_gmt":"2016-02-08T18:25:33","slug":"juniorul-albaiulian-mihnea-costachi-a-fost-premiat-in-blugaria","status":"publish","type":"post","link":"https:\/\/urbeamea.ro\/albaiulia\/juniorul-albaiulian-mihnea-costachi-a-fost-premiat-in-blugaria\/","title":{"rendered":"Juniorul albaiulian Mihnea Costachi a fost premiat \u00een Bulgaria"},"content":{"rendered":"<p><strong><img loading=\"lazy\" decoding=\"async\" class=\"size-medium wp-image-17849 alignleft\" src=\"http:\/\/urbeamea.ro\/albaiulia\/wp-content\/uploads\/2016\/02\/Mihnea-300x224.jpg\" alt=\"Mihnea\" width=\"300\" height=\"224\" \/>Juniorul albaiulian Mihnea Costachi a debutat cu dreptul \u00een noul an competi\u021bional, afl\u00e2ndu-se printre premian\u021bi la Openul International al Bulgariei care s-a desf\u0103\u0219urat \u00een perioada 31 ianuarie \u2013 7 februarie la Plovid. Pe parcursul celor 9 runde, Mihnea a ob\u021binut 5 victorii cu Kaloyan Popvasilev, Dimiter Pelitov, Nikolay Hristov, Rosen Ilchov (to\u021bi din Bulgaria) \u0219i maestrul interna\u021bional Alexandros Grigoriadis (Grecia), a remizat cu Odyseas Kesidis (Grecia), marea maestra interna\u021bionala Adriana Nikolova (Bulgaria) \u0219i marele maestru interna\u021bional Vasil Spasov (Bulgaria).<\/strong><\/p>\n<p>A pierdut o singur\u0103 partid\u0103 cu maestrul FIDE Viacheslav Tilicheev (Rusia). Cu 6,5 puncte juniorul albaiulian, \u00een v\u00e2rst\u0103 de 16 ani a ob\u021binut premiul special pentru cel mai bun junior sub 18 ani din turneu, dar \u0219i locul 14 din 238 de participan\u021bi \u00een clasamentul general al seniorilor.<\/p>\n<p>Turneul a fost c\u00e2\u0219tigat de marele maestru Alexandr Fier (Brazilia) cu 8 puncte, urmat la o jum\u0103tate de punct de marele maestru interna\u021bional Vladislav Nevednichy (Rom\u00e2nia), un component de baz\u0103 al na\u021bionalei noastre de seniori, pe care publicul albaiulian va putea s\u0103 \u00eel urm\u0103reasc\u0103 luna viitoare la Openul International de \u0218ah al Rom\u00e2niei, g\u0103zduit de Hotelul Transilvania din Alba Iulia \u00een perioada 16-23 martie.<\/p>\n<p>Urm\u0103torul turneu al lui Mihnea Costachi va fi \u00een perioada 19-21 februarie, c\u00e2nd elevul Colegiului Na\u021bional \u201cHorea, Closca si Crisan\u201d din Alba Iulia va lua startul \u00een Festivalul Interna\u0163ional de \u015eah de la Bunratty (Irlanda).<\/p>\n<p>sursa: Marius Cetera\u0219<\/p>\n","protected":false},"excerpt":{"rendered":"<p>Juniorul albaiulian Mihnea Costachi a debutat cu dreptul \u00een noul an competi\u021bional, afl\u00e2ndu-se printre premian\u021bi la Openul International al Bulgariei care s-a desf\u0103\u0219urat \u00een perioada 31 ianuarie \u2013 7 februarie la Plovid. Pe parcursul celor 9 runde, Mihnea a ob\u021binut 5 victorii cu Kaloyan Popvasilev, Dimiter Pelitov, Nikolay Hristov, Rosen Ilchov (to\u021bi din Bulgaria) \u0219i &hellip;<\/p>\n","protected":false},"author":17,"featured_media":17849,"comment_status":"open","ping_status":"open","sticky":false,"template":"","format":"standard","meta":{"inline_featured_image":false,"footnotes":""},"categories":[79],"tags":[1503,2646,731,2645,828,2647,2642,2643,2648,2649,427,308,76,2644],"class_list":["post-17848","post","type-post","status-publish","format-standard","has-post-thumbnail","hentry","category-sah","tag-bulgaria","tag-dimiter-pelitov","tag-grecia","tag-kaloyan-popvasilev","tag-mihnea-costachi","tag-nikolay-hristov","tag-plovid","tag-premiat","tag-rosen-ilchov","tag-rusia","tag-sah","tag-stiri","tag-urbea-mea","tag-victorii"],"yoast_head":"<!-- This site is optimized with the Yoast SEO plugin v27.4 - https:\/\/yoast.com\/product\/yoast-seo-wordpress\/ -->\n<title>Juniorul albaiulian Mihnea Costachi a fost premiat \u00een Bulgaria - Revista Urbea Mea - Revista de Alba<\/title>\n<meta name=\"description\" content=\"Juniorul albaiulian Mihnea Costachi a debutat cu dreptul \u00een noul an competi\u021bional, afl\u00e2ndu-se printre premian\u021bi la Openul International al Bulgariei care\" \/>\n<meta name=\"robots\" content=\"index, follow, max-snippet:-1, max-image-preview:large, max-video-preview:-1\" \/>\n<link rel=\"canonical\" href=\"https:\/\/urbeamea.ro\/albaiulia\/juniorul-albaiulian-mihnea-costachi-a-fost-premiat-in-blugaria\/\" \/>\n<meta name=\"twitter:card\" content=\"summary_large_image\" \/>\n<meta name=\"twitter:title\" content=\"Juniorul albaiulian Mihnea Costachi a fost premiat \u00een Bulgaria - Revista Urbea Mea - Revista de Alba\" \/>\n<meta name=\"twitter:description\" content=\"Juniorul albaiulian Mihnea Costachi a debutat cu dreptul \u00een noul an competi\u021bional, afl\u00e2ndu-se printre premian\u021bi la Openul International al Bulgariei care\" \/>\n<meta name=\"twitter:image\" content=\"https:\/\/urbeamea.ro\/albaiulia\/wp-content\/uploads\/2016\/02\/Mihnea.jpg\" \/>\n<meta name=\"twitter:creator\" content=\"@urbeameaweb\" \/>\n<meta name=\"twitter:site\" content=\"@urbeameaweb\" \/>\n<script type=\"application\/ld+json\" class=\"yoast-schema-graph\">{\"@context\":\"https:\\\/\\\/schema.org\",\"@graph\":[{\"@type\":\"Article\",\"@id\":\"https:\\\/\\\/urbeamea.ro\\\/albaiulia\\\/juniorul-albaiulian-mihnea-costachi-a-fost-premiat-in-blugaria\\\/#article\",\"isPartOf\":{\"@id\":\"https:\\\/\\\/urbeamea.ro\\\/albaiulia\\\/juniorul-albaiulian-mihnea-costachi-a-fost-premiat-in-blugaria\\\/\"},\"author\":{\"name\":\"Cristina Ganga\",\"@id\":\"https:\\\/\\\/urbeamea.ro\\\/albaiulia\\\/#\\\/schema\\\/person\\\/9700d21fae21c4f038b0b56f4506264a\"},\"headline\":\"Juniorul albaiulian Mihnea Costachi a fost premiat \u00een Bulgaria\",\"datePublished\":\"2016-02-08T08:06:29+00:00\",\"dateModified\":\"2016-02-08T18:25:33+00:00\",\"mainEntityOfPage\":{\"@id\":\"https:\\\/\\\/urbeamea.ro\\\/albaiulia\\\/juniorul-albaiulian-mihnea-costachi-a-fost-premiat-in-blugaria\\\/\"},\"wordCount\":251,\"commentCount\":0,\"image\":{\"@id\":\"https:\\\/\\\/urbeamea.ro\\\/albaiulia\\\/juniorul-albaiulian-mihnea-costachi-a-fost-premiat-in-blugaria\\\/#primaryimage\"},\"thumbnailUrl\":\"https:\\\/\\\/urbeamea.ro\\\/albaiulia\\\/wp-content\\\/uploads\\\/2016\\\/02\\\/Mihnea.jpg\",\"keywords\":[\"bulgaria\",\"Dimiter Pelitov\",\"grecia\",\"Kaloyan Popvasilev\",\"mihnea costachi\",\"Nikolay Hristov\",\"Plovid\",\"premiat\",\"Rosen Ilchov\",\"rusia\",\"sah\",\"stiri\",\"Urbea Mea\",\"victorii\"],\"articleSection\":[\"Sah\"],\"inLanguage\":\"ro-RO\",\"potentialAction\":[{\"@type\":\"CommentAction\",\"name\":\"Comment\",\"target\":[\"https:\\\/\\\/urbeamea.ro\\\/albaiulia\\\/juniorul-albaiulian-mihnea-costachi-a-fost-premiat-in-blugaria\\\/#respond\"]}]},{\"@type\":\"WebPage\",\"@id\":\"https:\\\/\\\/urbeamea.ro\\\/albaiulia\\\/juniorul-albaiulian-mihnea-costachi-a-fost-premiat-in-blugaria\\\/\",\"url\":\"https:\\\/\\\/urbeamea.ro\\\/albaiulia\\\/juniorul-albaiulian-mihnea-costachi-a-fost-premiat-in-blugaria\\\/\",\"name\":\"Juniorul albaiulian Mihnea Costachi a fost premiat \u00een Bulgaria - Revista Urbea Mea - Revista de Alba\",\"isPartOf\":{\"@id\":\"https:\\\/\\\/urbeamea.ro\\\/albaiulia\\\/#website\"},\"primaryImageOfPage\":{\"@id\":\"https:\\\/\\\/urbeamea.ro\\\/albaiulia\\\/juniorul-albaiulian-mihnea-costachi-a-fost-premiat-in-blugaria\\\/#primaryimage\"},\"image\":{\"@id\":\"https:\\\/\\\/urbeamea.ro\\\/albaiulia\\\/juniorul-albaiulian-mihnea-costachi-a-fost-premiat-in-blugaria\\\/#primaryimage\"},\"thumbnailUrl\":\"https:\\\/\\\/urbeamea.ro\\\/albaiulia\\\/wp-content\\\/uploads\\\/2016\\\/02\\\/Mihnea.jpg\",\"datePublished\":\"2016-02-08T08:06:29+00:00\",\"dateModified\":\"2016-02-08T18:25:33+00:00\",\"author\":{\"@id\":\"https:\\\/\\\/urbeamea.ro\\\/albaiulia\\\/#\\\/schema\\\/person\\\/9700d21fae21c4f038b0b56f4506264a\"},\"description\":\"Juniorul albaiulian Mihnea Costachi a debutat cu dreptul \u00een noul an competi\u021bional, afl\u00e2ndu-se printre premian\u021bi la Openul International al Bulgariei care\",\"breadcrumb\":{\"@id\":\"https:\\\/\\\/urbeamea.ro\\\/albaiulia\\\/juniorul-albaiulian-mihnea-costachi-a-fost-premiat-in-blugaria\\\/#breadcrumb\"},\"inLanguage\":\"ro-RO\",\"potentialAction\":[{\"@type\":\"ReadAction\",\"target\":[\"https:\\\/\\\/urbeamea.ro\\\/albaiulia\\\/juniorul-albaiulian-mihnea-costachi-a-fost-premiat-in-blugaria\\\/\"]}]},{\"@type\":\"ImageObject\",\"inLanguage\":\"ro-RO\",\"@id\":\"https:\\\/\\\/urbeamea.ro\\\/albaiulia\\\/juniorul-albaiulian-mihnea-costachi-a-fost-premiat-in-blugaria\\\/#primaryimage\",\"url\":\"https:\\\/\\\/urbeamea.ro\\\/albaiulia\\\/wp-content\\\/uploads\\\/2016\\\/02\\\/Mihnea.jpg\",\"contentUrl\":\"https:\\\/\\\/urbeamea.ro\\\/albaiulia\\\/wp-content\\\/uploads\\\/2016\\\/02\\\/Mihnea.jpg\",\"width\":960,\"height\":716},{\"@type\":\"BreadcrumbList\",\"@id\":\"https:\\\/\\\/urbeamea.ro\\\/albaiulia\\\/juniorul-albaiulian-mihnea-costachi-a-fost-premiat-in-blugaria\\\/#breadcrumb\",\"itemListElement\":[{\"@type\":\"ListItem\",\"position\":1,\"name\":\"Prima pagin\u0103\",\"item\":\"https:\\\/\\\/urbeamea.ro\\\/albaiulia\\\/\"},{\"@type\":\"ListItem\",\"position\":2,\"name\":\"Juniorul albaiulian Mihnea Costachi a fost premiat \u00een Bulgaria\"}]},{\"@type\":\"WebSite\",\"@id\":\"https:\\\/\\\/urbeamea.ro\\\/albaiulia\\\/#website\",\"url\":\"https:\\\/\\\/urbeamea.ro\\\/albaiulia\\\/\",\"name\":\"Revista Urbea Mea, Stiri urbane\",\"description\":\"Evenimente \u0219i \u0219tiri din Alba Iulia, Sebe\u0219, Aiud, Blaj\",\"potentialAction\":[{\"@type\":\"SearchAction\",\"target\":{\"@type\":\"EntryPoint\",\"urlTemplate\":\"https:\\\/\\\/urbeamea.ro\\\/albaiulia\\\/?s={search_term_string}\"},\"query-input\":{\"@type\":\"PropertyValueSpecification\",\"valueRequired\":true,\"valueName\":\"search_term_string\"}}],\"inLanguage\":\"ro-RO\"},{\"@type\":\"Person\",\"@id\":\"https:\\\/\\\/urbeamea.ro\\\/albaiulia\\\/#\\\/schema\\\/person\\\/9700d21fae21c4f038b0b56f4506264a\",\"name\":\"Cristina Ganga\",\"image\":{\"@type\":\"ImageObject\",\"inLanguage\":\"ro-RO\",\"@id\":\"https:\\\/\\\/secure.gravatar.com\\\/avatar\\\/5a67661041f057b4a8ccaf26f5a8e86e2689372006d01faf3dd9eeb10b654bb4?s=96&d=mm&r=g\",\"url\":\"https:\\\/\\\/secure.gravatar.com\\\/avatar\\\/5a67661041f057b4a8ccaf26f5a8e86e2689372006d01faf3dd9eeb10b654bb4?s=96&d=mm&r=g\",\"contentUrl\":\"https:\\\/\\\/secure.gravatar.com\\\/avatar\\\/5a67661041f057b4a8ccaf26f5a8e86e2689372006d01faf3dd9eeb10b654bb4?s=96&d=mm&r=g\",\"caption\":\"Cristina Ganga\"},\"description\":\"Jurnalist\",\"sameAs\":[\"https:\\\/\\\/www.facebook.com\\\/cristina.nicola.587\"],\"url\":\"https:\\\/\\\/urbeamea.ro\\\/albaiulia\\\/author\\\/cristina-nicola\\\/\"}]}<\/script>\n<!-- \/ Yoast SEO plugin. -->","yoast_head_json":{"title":"Juniorul albaiulian Mihnea Costachi a fost premiat \u00een Bulgaria - Revista Urbea Mea - Revista de Alba","description":"Juniorul albaiulian Mihnea Costachi a debutat cu dreptul \u00een noul an competi\u021bional, afl\u00e2ndu-se printre premian\u021bi la Openul International al Bulgariei care","robots":{"index":"index","follow":"follow","max-snippet":"max-snippet:-1","max-image-preview":"max-image-preview:large","max-video-preview":"max-video-preview:-1"},"canonical":"https:\/\/urbeamea.ro\/albaiulia\/juniorul-albaiulian-mihnea-costachi-a-fost-premiat-in-blugaria\/","twitter_card":"summary_large_image","twitter_title":"Juniorul albaiulian Mihnea Costachi a fost premiat \u00een Bulgaria - Revista Urbea Mea - Revista de Alba","twitter_description":"Juniorul albaiulian Mihnea Costachi a debutat cu dreptul \u00een noul an competi\u021bional, afl\u00e2ndu-se printre premian\u021bi la Openul International al Bulgariei care","twitter_image":"https:\/\/urbeamea.ro\/albaiulia\/wp-content\/uploads\/2016\/02\/Mihnea.jpg","twitter_creator":"@urbeameaweb","twitter_site":"@urbeameaweb","schema":{"@context":"https:\/\/schema.org","@graph":[{"@type":"Article","@id":"https:\/\/urbeamea.ro\/albaiulia\/juniorul-albaiulian-mihnea-costachi-a-fost-premiat-in-blugaria\/#article","isPartOf":{"@id":"https:\/\/urbeamea.ro\/albaiulia\/juniorul-albaiulian-mihnea-costachi-a-fost-premiat-in-blugaria\/"},"author":{"name":"Cristina Ganga","@id":"https:\/\/urbeamea.ro\/albaiulia\/#\/schema\/person\/9700d21fae21c4f038b0b56f4506264a"},"headline":"Juniorul albaiulian Mihnea Costachi a fost premiat \u00een Bulgaria","datePublished":"2016-02-08T08:06:29+00:00","dateModified":"2016-02-08T18:25:33+00:00","mainEntityOfPage":{"@id":"https:\/\/urbeamea.ro\/albaiulia\/juniorul-albaiulian-mihnea-costachi-a-fost-premiat-in-blugaria\/"},"wordCount":251,"commentCount":0,"image":{"@id":"https:\/\/urbeamea.ro\/albaiulia\/juniorul-albaiulian-mihnea-costachi-a-fost-premiat-in-blugaria\/#primaryimage"},"thumbnailUrl":"https:\/\/urbeamea.ro\/albaiulia\/wp-content\/uploads\/2016\/02\/Mihnea.jpg","keywords":["bulgaria","Dimiter Pelitov","grecia","Kaloyan Popvasilev","mihnea costachi","Nikolay Hristov","Plovid","premiat","Rosen Ilchov","rusia","sah","stiri","Urbea Mea","victorii"],"articleSection":["Sah"],"inLanguage":"ro-RO","potentialAction":[{"@type":"CommentAction","name":"Comment","target":["https:\/\/urbeamea.ro\/albaiulia\/juniorul-albaiulian-mihnea-costachi-a-fost-premiat-in-blugaria\/#respond"]}]},{"@type":"WebPage","@id":"https:\/\/urbeamea.ro\/albaiulia\/juniorul-albaiulian-mihnea-costachi-a-fost-premiat-in-blugaria\/","url":"https:\/\/urbeamea.ro\/albaiulia\/juniorul-albaiulian-mihnea-costachi-a-fost-premiat-in-blugaria\/","name":"Juniorul albaiulian Mihnea Costachi a fost premiat \u00een Bulgaria - Revista Urbea Mea - Revista de Alba","isPartOf":{"@id":"https:\/\/urbeamea.ro\/albaiulia\/#website"},"primaryImageOfPage":{"@id":"https:\/\/urbeamea.ro\/albaiulia\/juniorul-albaiulian-mihnea-costachi-a-fost-premiat-in-blugaria\/#primaryimage"},"image":{"@id":"https:\/\/urbeamea.ro\/albaiulia\/juniorul-albaiulian-mihnea-costachi-a-fost-premiat-in-blugaria\/#primaryimage"},"thumbnailUrl":"https:\/\/urbeamea.ro\/albaiulia\/wp-content\/uploads\/2016\/02\/Mihnea.jpg","datePublished":"2016-02-08T08:06:29+00:00","dateModified":"2016-02-08T18:25:33+00:00","author":{"@id":"https:\/\/urbeamea.ro\/albaiulia\/#\/schema\/person\/9700d21fae21c4f038b0b56f4506264a"},"description":"Juniorul albaiulian Mihnea Costachi a debutat cu dreptul \u00een noul an competi\u021bional, afl\u00e2ndu-se printre premian\u021bi la Openul International al Bulgariei care","breadcrumb":{"@id":"https:\/\/urbeamea.ro\/albaiulia\/juniorul-albaiulian-mihnea-costachi-a-fost-premiat-in-blugaria\/#breadcrumb"},"inLanguage":"ro-RO","potentialAction":[{"@type":"ReadAction","target":["https:\/\/urbeamea.ro\/albaiulia\/juniorul-albaiulian-mihnea-costachi-a-fost-premiat-in-blugaria\/"]}]},{"@type":"ImageObject","inLanguage":"ro-RO","@id":"https:\/\/urbeamea.ro\/albaiulia\/juniorul-albaiulian-mihnea-costachi-a-fost-premiat-in-blugaria\/#primaryimage","url":"https:\/\/urbeamea.ro\/albaiulia\/wp-content\/uploads\/2016\/02\/Mihnea.jpg","contentUrl":"https:\/\/urbeamea.ro\/albaiulia\/wp-content\/uploads\/2016\/02\/Mihnea.jpg","width":960,"height":716},{"@type":"BreadcrumbList","@id":"https:\/\/urbeamea.ro\/albaiulia\/juniorul-albaiulian-mihnea-costachi-a-fost-premiat-in-blugaria\/#breadcrumb","itemListElement":[{"@type":"ListItem","position":1,"name":"Prima pagin\u0103","item":"https:\/\/urbeamea.ro\/albaiulia\/"},{"@type":"ListItem","position":2,"name":"Juniorul albaiulian Mihnea Costachi a fost premiat \u00een Bulgaria"}]},{"@type":"WebSite","@id":"https:\/\/urbeamea.ro\/albaiulia\/#website","url":"https:\/\/urbeamea.ro\/albaiulia\/","name":"Revista Urbea Mea, Stiri urbane","description":"Evenimente \u0219i \u0219tiri din Alba Iulia, Sebe\u0219, Aiud, Blaj","potentialAction":[{"@type":"SearchAction","target":{"@type":"EntryPoint","urlTemplate":"https:\/\/urbeamea.ro\/albaiulia\/?s={search_term_string}"},"query-input":{"@type":"PropertyValueSpecification","valueRequired":true,"valueName":"search_term_string"}}],"inLanguage":"ro-RO"},{"@type":"Person","@id":"https:\/\/urbeamea.ro\/albaiulia\/#\/schema\/person\/9700d21fae21c4f038b0b56f4506264a","name":"Cristina Ganga","image":{"@type":"ImageObject","inLanguage":"ro-RO","@id":"https:\/\/secure.gravatar.com\/avatar\/5a67661041f057b4a8ccaf26f5a8e86e2689372006d01faf3dd9eeb10b654bb4?s=96&d=mm&r=g","url":"https:\/\/secure.gravatar.com\/avatar\/5a67661041f057b4a8ccaf26f5a8e86e2689372006d01faf3dd9eeb10b654bb4?s=96&d=mm&r=g","contentUrl":"https:\/\/secure.gravatar.com\/avatar\/5a67661041f057b4a8ccaf26f5a8e86e2689372006d01faf3dd9eeb10b654bb4?s=96&d=mm&r=g","caption":"Cristina Ganga"},"description":"Jurnalist","sameAs":["https:\/\/www.facebook.com\/cristina.nicola.587"],"url":"https:\/\/urbeamea.ro\/albaiulia\/author\/cristina-nicola\/"}]}},"_links":{"self":[{"href":"https:\/\/urbeamea.ro\/albaiulia\/wp-json\/wp\/v2\/posts\/17848","targetHints":{"allow":["GET"]}}],"collection":[{"href":"https:\/\/urbeamea.ro\/albaiulia\/wp-json\/wp\/v2\/posts"}],"about":[{"href":"https:\/\/urbeamea.ro\/albaiulia\/wp-json\/wp\/v2\/types\/post"}],"author":[{"embeddable":true,"href":"https:\/\/urbeamea.ro\/albaiulia\/wp-json\/wp\/v2\/users\/17"}],"replies":[{"embeddable":true,"href":"https:\/\/urbeamea.ro\/albaiulia\/wp-json\/wp\/v2\/comments?post=17848"}],"version-history":[{"count":0,"href":"https:\/\/urbeamea.ro\/albaiulia\/wp-json\/wp\/v2\/posts\/17848\/revisions"}],"wp:featuredmedia":[{"embeddable":true,"href":"https:\/\/urbeamea.ro\/albaiulia\/wp-json\/wp\/v2\/media\/17849"}],"wp:attachment":[{"href":"https:\/\/urbeamea.ro\/albaiulia\/wp-json\/wp\/v2\/media?parent=17848"}],"wp:term":[{"taxonomy":"category","embeddable":true,"href":"https:\/\/urbeamea.ro\/albaiulia\/wp-json\/wp\/v2\/categories?post=17848"},{"taxonomy":"post_tag","embeddable":true,"href":"https:\/\/urbeamea.ro\/albaiulia\/wp-json\/wp\/v2\/tags?post=17848"}],"curies":[{"name":"wp","href":"https:\/\/api.w.org\/{rel}","templated":true}]}}