{"id":17851,"date":"2016-02-08T10:19:16","date_gmt":"2016-02-08T08:19:16","guid":{"rendered":"http:\/\/urbeamea.ro\/albaiulia\/?p=17851"},"modified":"2016-02-08T10:20:55","modified_gmt":"2016-02-08T08:20:55","slug":"cabinetele-stomatologice-din-scoli-se-inchid","status":"publish","type":"post","link":"https:\/\/urbeamea.ro\/albaiulia\/cabinetele-stomatologice-din-scoli-se-inchid\/","title":{"rendered":"Cabinetele stomatologice din \u0219coli se \u00eenchid"},"content":{"rendered":"<p><strong><img loading=\"lazy\" decoding=\"async\" class=\"size-medium wp-image-17852 alignleft\" src=\"http:\/\/urbeamea.ro\/albaiulia\/wp-content\/uploads\/2016\/02\/dentist-300x200.jpg\" alt=\"dentist\" width=\"300\" height=\"200\" \/>Trei din patru copii mai mari de 12 ani prezint\u0103 carii. Aceasta este concluzi statisticilor efectuate de-a lungul timpului. Cu toate acestea, \u00een \u0163ara noastr\u0103 se \u00eenchid, \u00een medie, patru cabinete stomatologice \u015fcolare pe an. \u00a0<\/strong><\/p>\n<p>Conform\u00a0statisticilor, 70 % din copiii de peste 12 ani au carii, iar mai bine de 90 % ajung la stomatolog cu probleme dentare avansate. Totodat\u0103, \u00een fiecare an se \u00eenchid, \u00een medie, patru cabinete stomatologice \u0219colare. A\u015fa s-a ajuns \u00een situa\u021bia \u00een care cei peste trei milioane de elevi \u00eempart 431 de cabinete stomatologice \u015fcolare, potrivit Institutului Na\u0163ional de Statistic\u0103. Asta \u00eenseamn\u0103 o medie na\u021bional\u0103 de un cabinet la 7.000 de elevi.<\/p>\n<div>\n<p>Cea mai grav\u0103 situa\u021bie e \u00een 16 jude\u021be din \u021bar\u0103, unde exist\u0103 mai pu\u021bin de 5 cabinete pentru to\u021bi elevii. Cei mai mul\u021bi copii (90%) se duc la medic doar atunci c\u00e2nd probleme lor sunt grave, cu toate c\u0103 medicii recomand\u0103 un control o dat\u0103 la \u0219ase luni.<\/p>\n<p>Nici adul\u021bii nu stau prea bine la capitolul \u00eengrijire oral\u0103. Lipsa unor programe de preven\u021bie sus\u021binute cu fonduri de stat face ca 11 % din popula\u021bia Rom\u00e2niei s\u0103 nu aib\u0103 acces la tratamentele necesare din cauza banilor. Totodat\u0103, \u00een mediul rural, s-a ajuns \u00een situa\u021bia \u00een care 28 de localit\u0103\u021bi \u00eempart un singur cabinet stomatologic.<\/p>\n<\/div>\n<p><em>sursa: realitatea.net<\/em><\/p>\n","protected":false},"excerpt":{"rendered":"<p>Trei din patru copii mai mari de 12 ani prezint\u0103 carii. Aceasta este concluzi statisticilor efectuate de-a lungul timpului. Cu toate acestea, \u00een \u0163ara noastr\u0103 se \u00eenchid, \u00een medie, patru cabinete stomatologice \u015fcolare pe an. \u00a0 Conform\u00a0statisticilor, 70 % din copiii de peste 12 ani au carii, iar mai bine de 90 % ajung la &hellip;<\/p>\n","protected":false},"author":17,"featured_media":17852,"comment_status":"open","ping_status":"open","sticky":false,"template":"","format":"standard","meta":{"inline_featured_image":false,"footnotes":""},"categories":[255],"tags":[2650,2651,2456,1870,308,76],"class_list":["post-17851","post","type-post","status-publish","format-standard","has-post-thumbnail","hentry","category-sanatate","tag-cabinet-stomatologic","tag-ingrijire-orala","tag-medici","tag-statistici","tag-stiri","tag-urbea-mea"],"yoast_head":"<!-- This site is optimized with the Yoast SEO plugin v27.4 - https:\/\/yoast.com\/product\/yoast-seo-wordpress\/ -->\n<title>Cabinetele stomatologice din \u0219coli se \u00eenchid - Revista Urbea Mea - Revista de Alba<\/title>\n<meta name=\"description\" content=\"Trei din patru copii mai mari de 12 ani prezint\u0103 carii. Aceasta este concluzi statisticilor efectuate de-a lungul timpului. Cu toate acestea, \u00een \u0163ara\" \/>\n<meta name=\"robots\" content=\"index, follow, max-snippet:-1, max-image-preview:large, max-video-preview:-1\" \/>\n<link rel=\"canonical\" href=\"https:\/\/urbeamea.ro\/albaiulia\/cabinetele-stomatologice-din-scoli-se-inchid\/\" \/>\n<meta name=\"twitter:card\" content=\"summary_large_image\" \/>\n<meta name=\"twitter:title\" content=\"Cabinetele stomatologice din \u0219coli se \u00eenchid - Revista Urbea Mea - Revista de Alba\" \/>\n<meta name=\"twitter:description\" content=\"Trei din patru copii mai mari de 12 ani prezint\u0103 carii. Aceasta este concluzi statisticilor efectuate de-a lungul timpului. Cu toate acestea, \u00een \u0163ara\" \/>\n<meta name=\"twitter:image\" content=\"https:\/\/urbeamea.ro\/albaiulia\/wp-content\/uploads\/2016\/02\/dentist.jpg\" \/>\n<meta name=\"twitter:creator\" content=\"@urbeameaweb\" \/>\n<meta name=\"twitter:site\" content=\"@urbeameaweb\" \/>\n<script type=\"application\/ld+json\" class=\"yoast-schema-graph\">{\"@context\":\"https:\\\/\\\/schema.org\",\"@graph\":[{\"@type\":\"Article\",\"@id\":\"https:\\\/\\\/urbeamea.ro\\\/albaiulia\\\/cabinetele-stomatologice-din-scoli-se-inchid\\\/#article\",\"isPartOf\":{\"@id\":\"https:\\\/\\\/urbeamea.ro\\\/albaiulia\\\/cabinetele-stomatologice-din-scoli-se-inchid\\\/\"},\"author\":{\"name\":\"Cristina Ganga\",\"@id\":\"https:\\\/\\\/urbeamea.ro\\\/albaiulia\\\/#\\\/schema\\\/person\\\/9700d21fae21c4f038b0b56f4506264a\"},\"headline\":\"Cabinetele stomatologice din \u0219coli se \u00eenchid\",\"datePublished\":\"2016-02-08T08:19:16+00:00\",\"dateModified\":\"2016-02-08T08:20:55+00:00\",\"mainEntityOfPage\":{\"@id\":\"https:\\\/\\\/urbeamea.ro\\\/albaiulia\\\/cabinetele-stomatologice-din-scoli-se-inchid\\\/\"},\"wordCount\":223,\"commentCount\":0,\"image\":{\"@id\":\"https:\\\/\\\/urbeamea.ro\\\/albaiulia\\\/cabinetele-stomatologice-din-scoli-se-inchid\\\/#primaryimage\"},\"thumbnailUrl\":\"https:\\\/\\\/urbeamea.ro\\\/albaiulia\\\/wp-content\\\/uploads\\\/2016\\\/02\\\/dentist.jpg\",\"keywords\":[\"cabinet stomatologic\",\"ingrijire orala\",\"medici\",\"statistici\",\"stiri\",\"Urbea Mea\"],\"articleSection\":[\"S\u0103n\u0103tate\"],\"inLanguage\":\"ro-RO\",\"potentialAction\":[{\"@type\":\"CommentAction\",\"name\":\"Comment\",\"target\":[\"https:\\\/\\\/urbeamea.ro\\\/albaiulia\\\/cabinetele-stomatologice-din-scoli-se-inchid\\\/#respond\"]}]},{\"@type\":\"WebPage\",\"@id\":\"https:\\\/\\\/urbeamea.ro\\\/albaiulia\\\/cabinetele-stomatologice-din-scoli-se-inchid\\\/\",\"url\":\"https:\\\/\\\/urbeamea.ro\\\/albaiulia\\\/cabinetele-stomatologice-din-scoli-se-inchid\\\/\",\"name\":\"Cabinetele stomatologice din \u0219coli se \u00eenchid - Revista Urbea Mea - Revista de Alba\",\"isPartOf\":{\"@id\":\"https:\\\/\\\/urbeamea.ro\\\/albaiulia\\\/#website\"},\"primaryImageOfPage\":{\"@id\":\"https:\\\/\\\/urbeamea.ro\\\/albaiulia\\\/cabinetele-stomatologice-din-scoli-se-inchid\\\/#primaryimage\"},\"image\":{\"@id\":\"https:\\\/\\\/urbeamea.ro\\\/albaiulia\\\/cabinetele-stomatologice-din-scoli-se-inchid\\\/#primaryimage\"},\"thumbnailUrl\":\"https:\\\/\\\/urbeamea.ro\\\/albaiulia\\\/wp-content\\\/uploads\\\/2016\\\/02\\\/dentist.jpg\",\"datePublished\":\"2016-02-08T08:19:16+00:00\",\"dateModified\":\"2016-02-08T08:20:55+00:00\",\"author\":{\"@id\":\"https:\\\/\\\/urbeamea.ro\\\/albaiulia\\\/#\\\/schema\\\/person\\\/9700d21fae21c4f038b0b56f4506264a\"},\"description\":\"Trei din patru copii mai mari de 12 ani prezint\u0103 carii. Aceasta este concluzi statisticilor efectuate de-a lungul timpului. Cu toate acestea, \u00een \u0163ara\",\"breadcrumb\":{\"@id\":\"https:\\\/\\\/urbeamea.ro\\\/albaiulia\\\/cabinetele-stomatologice-din-scoli-se-inchid\\\/#breadcrumb\"},\"inLanguage\":\"ro-RO\",\"potentialAction\":[{\"@type\":\"ReadAction\",\"target\":[\"https:\\\/\\\/urbeamea.ro\\\/albaiulia\\\/cabinetele-stomatologice-din-scoli-se-inchid\\\/\"]}]},{\"@type\":\"ImageObject\",\"inLanguage\":\"ro-RO\",\"@id\":\"https:\\\/\\\/urbeamea.ro\\\/albaiulia\\\/cabinetele-stomatologice-din-scoli-se-inchid\\\/#primaryimage\",\"url\":\"https:\\\/\\\/urbeamea.ro\\\/albaiulia\\\/wp-content\\\/uploads\\\/2016\\\/02\\\/dentist.jpg\",\"contentUrl\":\"https:\\\/\\\/urbeamea.ro\\\/albaiulia\\\/wp-content\\\/uploads\\\/2016\\\/02\\\/dentist.jpg\",\"width\":912,\"height\":608},{\"@type\":\"BreadcrumbList\",\"@id\":\"https:\\\/\\\/urbeamea.ro\\\/albaiulia\\\/cabinetele-stomatologice-din-scoli-se-inchid\\\/#breadcrumb\",\"itemListElement\":[{\"@type\":\"ListItem\",\"position\":1,\"name\":\"Prima pagin\u0103\",\"item\":\"https:\\\/\\\/urbeamea.ro\\\/albaiulia\\\/\"},{\"@type\":\"ListItem\",\"position\":2,\"name\":\"Cabinetele stomatologice din \u0219coli se \u00eenchid\"}]},{\"@type\":\"WebSite\",\"@id\":\"https:\\\/\\\/urbeamea.ro\\\/albaiulia\\\/#website\",\"url\":\"https:\\\/\\\/urbeamea.ro\\\/albaiulia\\\/\",\"name\":\"Revista Urbea Mea, Stiri urbane\",\"description\":\"Evenimente \u0219i \u0219tiri din Alba Iulia, Sebe\u0219, Aiud, Blaj\",\"potentialAction\":[{\"@type\":\"SearchAction\",\"target\":{\"@type\":\"EntryPoint\",\"urlTemplate\":\"https:\\\/\\\/urbeamea.ro\\\/albaiulia\\\/?s={search_term_string}\"},\"query-input\":{\"@type\":\"PropertyValueSpecification\",\"valueRequired\":true,\"valueName\":\"search_term_string\"}}],\"inLanguage\":\"ro-RO\"},{\"@type\":\"Person\",\"@id\":\"https:\\\/\\\/urbeamea.ro\\\/albaiulia\\\/#\\\/schema\\\/person\\\/9700d21fae21c4f038b0b56f4506264a\",\"name\":\"Cristina Ganga\",\"image\":{\"@type\":\"ImageObject\",\"inLanguage\":\"ro-RO\",\"@id\":\"https:\\\/\\\/secure.gravatar.com\\\/avatar\\\/5a67661041f057b4a8ccaf26f5a8e86e2689372006d01faf3dd9eeb10b654bb4?s=96&d=mm&r=g\",\"url\":\"https:\\\/\\\/secure.gravatar.com\\\/avatar\\\/5a67661041f057b4a8ccaf26f5a8e86e2689372006d01faf3dd9eeb10b654bb4?s=96&d=mm&r=g\",\"contentUrl\":\"https:\\\/\\\/secure.gravatar.com\\\/avatar\\\/5a67661041f057b4a8ccaf26f5a8e86e2689372006d01faf3dd9eeb10b654bb4?s=96&d=mm&r=g\",\"caption\":\"Cristina Ganga\"},\"description\":\"Jurnalist\",\"sameAs\":[\"https:\\\/\\\/www.facebook.com\\\/cristina.nicola.587\"],\"url\":\"https:\\\/\\\/urbeamea.ro\\\/albaiulia\\\/author\\\/cristina-nicola\\\/\"}]}<\/script>\n<!-- \/ Yoast SEO plugin. -->","yoast_head_json":{"title":"Cabinetele stomatologice din \u0219coli se \u00eenchid - Revista Urbea Mea - Revista de Alba","description":"Trei din patru copii mai mari de 12 ani prezint\u0103 carii. Aceasta este concluzi statisticilor efectuate de-a lungul timpului. Cu toate acestea, \u00een \u0163ara","robots":{"index":"index","follow":"follow","max-snippet":"max-snippet:-1","max-image-preview":"max-image-preview:large","max-video-preview":"max-video-preview:-1"},"canonical":"https:\/\/urbeamea.ro\/albaiulia\/cabinetele-stomatologice-din-scoli-se-inchid\/","twitter_card":"summary_large_image","twitter_title":"Cabinetele stomatologice din \u0219coli se \u00eenchid - Revista Urbea Mea - Revista de Alba","twitter_description":"Trei din patru copii mai mari de 12 ani prezint\u0103 carii. Aceasta este concluzi statisticilor efectuate de-a lungul timpului. Cu toate acestea, \u00een \u0163ara","twitter_image":"https:\/\/urbeamea.ro\/albaiulia\/wp-content\/uploads\/2016\/02\/dentist.jpg","twitter_creator":"@urbeameaweb","twitter_site":"@urbeameaweb","schema":{"@context":"https:\/\/schema.org","@graph":[{"@type":"Article","@id":"https:\/\/urbeamea.ro\/albaiulia\/cabinetele-stomatologice-din-scoli-se-inchid\/#article","isPartOf":{"@id":"https:\/\/urbeamea.ro\/albaiulia\/cabinetele-stomatologice-din-scoli-se-inchid\/"},"author":{"name":"Cristina Ganga","@id":"https:\/\/urbeamea.ro\/albaiulia\/#\/schema\/person\/9700d21fae21c4f038b0b56f4506264a"},"headline":"Cabinetele stomatologice din \u0219coli se \u00eenchid","datePublished":"2016-02-08T08:19:16+00:00","dateModified":"2016-02-08T08:20:55+00:00","mainEntityOfPage":{"@id":"https:\/\/urbeamea.ro\/albaiulia\/cabinetele-stomatologice-din-scoli-se-inchid\/"},"wordCount":223,"commentCount":0,"image":{"@id":"https:\/\/urbeamea.ro\/albaiulia\/cabinetele-stomatologice-din-scoli-se-inchid\/#primaryimage"},"thumbnailUrl":"https:\/\/urbeamea.ro\/albaiulia\/wp-content\/uploads\/2016\/02\/dentist.jpg","keywords":["cabinet stomatologic","ingrijire orala","medici","statistici","stiri","Urbea Mea"],"articleSection":["S\u0103n\u0103tate"],"inLanguage":"ro-RO","potentialAction":[{"@type":"CommentAction","name":"Comment","target":["https:\/\/urbeamea.ro\/albaiulia\/cabinetele-stomatologice-din-scoli-se-inchid\/#respond"]}]},{"@type":"WebPage","@id":"https:\/\/urbeamea.ro\/albaiulia\/cabinetele-stomatologice-din-scoli-se-inchid\/","url":"https:\/\/urbeamea.ro\/albaiulia\/cabinetele-stomatologice-din-scoli-se-inchid\/","name":"Cabinetele stomatologice din \u0219coli se \u00eenchid - Revista Urbea Mea - Revista de Alba","isPartOf":{"@id":"https:\/\/urbeamea.ro\/albaiulia\/#website"},"primaryImageOfPage":{"@id":"https:\/\/urbeamea.ro\/albaiulia\/cabinetele-stomatologice-din-scoli-se-inchid\/#primaryimage"},"image":{"@id":"https:\/\/urbeamea.ro\/albaiulia\/cabinetele-stomatologice-din-scoli-se-inchid\/#primaryimage"},"thumbnailUrl":"https:\/\/urbeamea.ro\/albaiulia\/wp-content\/uploads\/2016\/02\/dentist.jpg","datePublished":"2016-02-08T08:19:16+00:00","dateModified":"2016-02-08T08:20:55+00:00","author":{"@id":"https:\/\/urbeamea.ro\/albaiulia\/#\/schema\/person\/9700d21fae21c4f038b0b56f4506264a"},"description":"Trei din patru copii mai mari de 12 ani prezint\u0103 carii. Aceasta este concluzi statisticilor efectuate de-a lungul timpului. Cu toate acestea, \u00een \u0163ara","breadcrumb":{"@id":"https:\/\/urbeamea.ro\/albaiulia\/cabinetele-stomatologice-din-scoli-se-inchid\/#breadcrumb"},"inLanguage":"ro-RO","potentialAction":[{"@type":"ReadAction","target":["https:\/\/urbeamea.ro\/albaiulia\/cabinetele-stomatologice-din-scoli-se-inchid\/"]}]},{"@type":"ImageObject","inLanguage":"ro-RO","@id":"https:\/\/urbeamea.ro\/albaiulia\/cabinetele-stomatologice-din-scoli-se-inchid\/#primaryimage","url":"https:\/\/urbeamea.ro\/albaiulia\/wp-content\/uploads\/2016\/02\/dentist.jpg","contentUrl":"https:\/\/urbeamea.ro\/albaiulia\/wp-content\/uploads\/2016\/02\/dentist.jpg","width":912,"height":608},{"@type":"BreadcrumbList","@id":"https:\/\/urbeamea.ro\/albaiulia\/cabinetele-stomatologice-din-scoli-se-inchid\/#breadcrumb","itemListElement":[{"@type":"ListItem","position":1,"name":"Prima pagin\u0103","item":"https:\/\/urbeamea.ro\/albaiulia\/"},{"@type":"ListItem","position":2,"name":"Cabinetele stomatologice din \u0219coli se \u00eenchid"}]},{"@type":"WebSite","@id":"https:\/\/urbeamea.ro\/albaiulia\/#website","url":"https:\/\/urbeamea.ro\/albaiulia\/","name":"Revista Urbea Mea, Stiri urbane","description":"Evenimente \u0219i \u0219tiri din Alba Iulia, Sebe\u0219, Aiud, Blaj","potentialAction":[{"@type":"SearchAction","target":{"@type":"EntryPoint","urlTemplate":"https:\/\/urbeamea.ro\/albaiulia\/?s={search_term_string}"},"query-input":{"@type":"PropertyValueSpecification","valueRequired":true,"valueName":"search_term_string"}}],"inLanguage":"ro-RO"},{"@type":"Person","@id":"https:\/\/urbeamea.ro\/albaiulia\/#\/schema\/person\/9700d21fae21c4f038b0b56f4506264a","name":"Cristina Ganga","image":{"@type":"ImageObject","inLanguage":"ro-RO","@id":"https:\/\/secure.gravatar.com\/avatar\/5a67661041f057b4a8ccaf26f5a8e86e2689372006d01faf3dd9eeb10b654bb4?s=96&d=mm&r=g","url":"https:\/\/secure.gravatar.com\/avatar\/5a67661041f057b4a8ccaf26f5a8e86e2689372006d01faf3dd9eeb10b654bb4?s=96&d=mm&r=g","contentUrl":"https:\/\/secure.gravatar.com\/avatar\/5a67661041f057b4a8ccaf26f5a8e86e2689372006d01faf3dd9eeb10b654bb4?s=96&d=mm&r=g","caption":"Cristina Ganga"},"description":"Jurnalist","sameAs":["https:\/\/www.facebook.com\/cristina.nicola.587"],"url":"https:\/\/urbeamea.ro\/albaiulia\/author\/cristina-nicola\/"}]}},"_links":{"self":[{"href":"https:\/\/urbeamea.ro\/albaiulia\/wp-json\/wp\/v2\/posts\/17851","targetHints":{"allow":["GET"]}}],"collection":[{"href":"https:\/\/urbeamea.ro\/albaiulia\/wp-json\/wp\/v2\/posts"}],"about":[{"href":"https:\/\/urbeamea.ro\/albaiulia\/wp-json\/wp\/v2\/types\/post"}],"author":[{"embeddable":true,"href":"https:\/\/urbeamea.ro\/albaiulia\/wp-json\/wp\/v2\/users\/17"}],"replies":[{"embeddable":true,"href":"https:\/\/urbeamea.ro\/albaiulia\/wp-json\/wp\/v2\/comments?post=17851"}],"version-history":[{"count":0,"href":"https:\/\/urbeamea.ro\/albaiulia\/wp-json\/wp\/v2\/posts\/17851\/revisions"}],"wp:featuredmedia":[{"embeddable":true,"href":"https:\/\/urbeamea.ro\/albaiulia\/wp-json\/wp\/v2\/media\/17852"}],"wp:attachment":[{"href":"https:\/\/urbeamea.ro\/albaiulia\/wp-json\/wp\/v2\/media?parent=17851"}],"wp:term":[{"taxonomy":"category","embeddable":true,"href":"https:\/\/urbeamea.ro\/albaiulia\/wp-json\/wp\/v2\/categories?post=17851"},{"taxonomy":"post_tag","embeddable":true,"href":"https:\/\/urbeamea.ro\/albaiulia\/wp-json\/wp\/v2\/tags?post=17851"}],"curies":[{"name":"wp","href":"https:\/\/api.w.org\/{rel}","templated":true}]}}