{"id":17858,"date":"2016-02-08T10:59:33","date_gmt":"2016-02-08T08:59:33","guid":{"rendered":"http:\/\/urbeamea.ro\/albaiulia\/?p=17858"},"modified":"2016-02-08T11:01:07","modified_gmt":"2016-02-08T09:01:07","slug":"amenzi-de-80-000-de-lei-date-de-itm-pentru-munca-la-negru","status":"publish","type":"post","link":"https:\/\/urbeamea.ro\/albaiulia\/amenzi-de-80-000-de-lei-date-de-itm-pentru-munca-la-negru\/","title":{"rendered":"Amenzi de 80.000 de lei date de ITM pentru munc\u0103 \u201ela negru\u201d"},"content":{"rendered":"<p><strong><img loading=\"lazy\" decoding=\"async\" class=\"size-medium wp-image-17515 alignleft\" src=\"http:\/\/urbeamea.ro\/albaiulia\/wp-content\/uploads\/2016\/02\/ITM-300x198.jpg\" alt=\"ITM\" width=\"300\" height=\"198\" \/>S\u0103pt\u0103m\u00e2na trecut\u0103, trei firme \u015fi o persoan\u0103 fizic\u0103 din Alba au fost amendate de inspectorii ITM Alba, pentru munca \u201ela negru\u201d. Printre acestea se afl\u0103 \u015fi firma care lucreaz\u0103 la modernizarea pie\u0163ei agroalimentare din centrul ora\u015fului Alba Iulia, o sp\u0103l\u0103torie auto din Sebe\u015f \u015fi o exploatare forestier\u0103 din Apuseni.<\/strong><\/p>\n<p>\u00cen perioada 1-5 februarie, \u00een domeniul rela\u0163iilor de munc\u0103, au fost controla\u0163i 38 de agen\u0163i economici, cu un num\u0103r total de 1.895 de angaja\u0163i. Inspectorii ITM au depistat 87 de nereguli \u015fi au g\u0103sit opt persoane primite la munc\u0103 f\u0103r\u0103 forme legale de angajare.<\/p>\n<p>Au dat \u015fapte sanc\u0163iuni, respectiv \u015fase amenzi in cuantum de 81.300 lei, din care patru pentru munca nedeclarat\u0103 (80.000 de lei) \u015fi un avertisment.<\/p>\n<p><em>Entit\u0103\u0163i sanc\u0163ionate pentru munc\u0103 la negru:<\/em><\/p>\n<p>P.F. Colese Gheorghe \u2013 Aiud \u2013 pavaje \u2013 trei persoane f\u0103r\u0103 forme legale de angajare \u2013 amend\u0103 de 30.000 lei;<\/p>\n<p>Car Beauty SRL Sebe\u015f \u2013 sp\u0103l\u0103torie auto \u2013 o persoan\u0103 f\u0103r\u0103 forme legale de angajare \u2013 amend\u0103 de 10.000 lei;<\/p>\n<p>Telecerna SRL Deva \u2013 Punct de lucru Pia\u0163a Centru Alba Iulia \u2013 o persoan\u0103 f\u0103r\u0103 forme legale de angajare \u2013 amend\u0103 de 10.000 lei;<\/p>\n<p>Costel Forest SRL Bistra \u2013 exploatare forestier\u0103 \u2013 trei persoane f\u0103r\u0103 forme legale de angajare \u2013 amenda de 30.000 lei.<\/p>\n<p>\u00cen domeniul securit\u0103\u0163ii \u015fi s\u0103n\u0103t\u0103\u0163ii \u00een munc\u0103, au fost controla\u0163i 20 de agen\u0163i economici \u015fi g\u0103site 20 de nereguli. Inspectorii ITM au aplicat cinci avertismente.<\/p>\n","protected":false},"excerpt":{"rendered":"<p>S\u0103pt\u0103m\u00e2na trecut\u0103, trei firme \u015fi o persoan\u0103 fizic\u0103 din Alba au fost amendate de inspectorii ITM Alba, pentru munca \u201ela negru\u201d. Printre acestea se afl\u0103 \u015fi firma care lucreaz\u0103 la modernizarea pie\u0163ei agroalimentare din centrul ora\u015fului Alba Iulia, o sp\u0103l\u0103torie auto din Sebe\u015f \u015fi o exploatare forestier\u0103 din Apuseni. \u00cen perioada 1-5 februarie, \u00een domeniul &hellip;<\/p>\n","protected":false},"author":17,"featured_media":17515,"comment_status":"open","ping_status":"open","sticky":false,"template":"","format":"standard","meta":{"inline_featured_image":false,"footnotes":""},"categories":[2034],"tags":[307,2382,2655,2654,866,2381,2379,2652,1223,2653,308,76],"class_list":["post-17858","post","type-post","status-publish","format-standard","has-post-thumbnail","hentry","category-social","tag-alba","tag-amenda","tag-apuseni","tag-exploatare-forestiera","tag-firme","tag-inspectori","tag-itm","tag-persoana-fizica","tag-sebes","tag-spalatorie-auto","tag-stiri","tag-urbea-mea"],"yoast_head":"<!-- This site is optimized with the Yoast SEO plugin v27.4 - https:\/\/yoast.com\/product\/yoast-seo-wordpress\/ -->\n<title>Amenzi de 80.000 de lei date de ITM pentru munc\u0103 \u201ela negru\u201d - Revista Urbea Mea - Revista de Alba<\/title>\n<meta name=\"description\" content=\"S\u0103pt\u0103m\u00e2na trecut\u0103, trei firme \u015fi o persoan\u0103 fizic\u0103 din Alba au fost amendate de inspectorii ITM Alba, pentru munca \u201ela negru\u201d. Printre acestea se afl\u0103 \u015fi\" \/>\n<meta name=\"robots\" content=\"index, follow, max-snippet:-1, max-image-preview:large, max-video-preview:-1\" \/>\n<link rel=\"canonical\" href=\"https:\/\/urbeamea.ro\/albaiulia\/amenzi-de-80-000-de-lei-date-de-itm-pentru-munca-la-negru\/\" \/>\n<meta name=\"twitter:card\" content=\"summary_large_image\" \/>\n<meta name=\"twitter:title\" content=\"Amenzi de 80.000 de lei date de ITM pentru munc\u0103 \u201ela negru\u201d - Revista Urbea Mea - Revista de Alba\" \/>\n<meta name=\"twitter:description\" content=\"S\u0103pt\u0103m\u00e2na trecut\u0103, trei firme \u015fi o persoan\u0103 fizic\u0103 din Alba au fost amendate de inspectorii ITM Alba, pentru munca \u201ela negru\u201d. Printre acestea se afl\u0103 \u015fi\" \/>\n<meta name=\"twitter:image\" content=\"https:\/\/urbeamea.ro\/albaiulia\/wp-content\/uploads\/2016\/02\/ITM.jpg\" \/>\n<meta name=\"twitter:creator\" content=\"@urbeameaweb\" \/>\n<meta name=\"twitter:site\" content=\"@urbeameaweb\" \/>\n<script type=\"application\/ld+json\" class=\"yoast-schema-graph\">{\"@context\":\"https:\\\/\\\/schema.org\",\"@graph\":[{\"@type\":\"Article\",\"@id\":\"https:\\\/\\\/urbeamea.ro\\\/albaiulia\\\/amenzi-de-80-000-de-lei-date-de-itm-pentru-munca-la-negru\\\/#article\",\"isPartOf\":{\"@id\":\"https:\\\/\\\/urbeamea.ro\\\/albaiulia\\\/amenzi-de-80-000-de-lei-date-de-itm-pentru-munca-la-negru\\\/\"},\"author\":{\"name\":\"Cristina Ganga\",\"@id\":\"https:\\\/\\\/urbeamea.ro\\\/albaiulia\\\/#\\\/schema\\\/person\\\/9700d21fae21c4f038b0b56f4506264a\"},\"headline\":\"Amenzi de 80.000 de lei date de ITM pentru munc\u0103 \u201ela negru\u201d\",\"datePublished\":\"2016-02-08T08:59:33+00:00\",\"dateModified\":\"2016-02-08T09:01:07+00:00\",\"mainEntityOfPage\":{\"@id\":\"https:\\\/\\\/urbeamea.ro\\\/albaiulia\\\/amenzi-de-80-000-de-lei-date-de-itm-pentru-munca-la-negru\\\/\"},\"wordCount\":251,\"commentCount\":0,\"image\":{\"@id\":\"https:\\\/\\\/urbeamea.ro\\\/albaiulia\\\/amenzi-de-80-000-de-lei-date-de-itm-pentru-munca-la-negru\\\/#primaryimage\"},\"thumbnailUrl\":\"https:\\\/\\\/urbeamea.ro\\\/albaiulia\\\/wp-content\\\/uploads\\\/2016\\\/02\\\/ITM.jpg\",\"keywords\":[\"alba\",\"amenda\",\"apuseni\",\"exploatare forestiera\",\"firme\",\"inspectori\",\"ITM\",\"persoana fizica\",\"sebes\",\"spalatorie auto\",\"stiri\",\"Urbea Mea\"],\"articleSection\":[\"Social\"],\"inLanguage\":\"ro-RO\",\"potentialAction\":[{\"@type\":\"CommentAction\",\"name\":\"Comment\",\"target\":[\"https:\\\/\\\/urbeamea.ro\\\/albaiulia\\\/amenzi-de-80-000-de-lei-date-de-itm-pentru-munca-la-negru\\\/#respond\"]}]},{\"@type\":\"WebPage\",\"@id\":\"https:\\\/\\\/urbeamea.ro\\\/albaiulia\\\/amenzi-de-80-000-de-lei-date-de-itm-pentru-munca-la-negru\\\/\",\"url\":\"https:\\\/\\\/urbeamea.ro\\\/albaiulia\\\/amenzi-de-80-000-de-lei-date-de-itm-pentru-munca-la-negru\\\/\",\"name\":\"Amenzi de 80.000 de lei date de ITM pentru munc\u0103 \u201ela negru\u201d - Revista Urbea Mea - Revista de Alba\",\"isPartOf\":{\"@id\":\"https:\\\/\\\/urbeamea.ro\\\/albaiulia\\\/#website\"},\"primaryImageOfPage\":{\"@id\":\"https:\\\/\\\/urbeamea.ro\\\/albaiulia\\\/amenzi-de-80-000-de-lei-date-de-itm-pentru-munca-la-negru\\\/#primaryimage\"},\"image\":{\"@id\":\"https:\\\/\\\/urbeamea.ro\\\/albaiulia\\\/amenzi-de-80-000-de-lei-date-de-itm-pentru-munca-la-negru\\\/#primaryimage\"},\"thumbnailUrl\":\"https:\\\/\\\/urbeamea.ro\\\/albaiulia\\\/wp-content\\\/uploads\\\/2016\\\/02\\\/ITM.jpg\",\"datePublished\":\"2016-02-08T08:59:33+00:00\",\"dateModified\":\"2016-02-08T09:01:07+00:00\",\"author\":{\"@id\":\"https:\\\/\\\/urbeamea.ro\\\/albaiulia\\\/#\\\/schema\\\/person\\\/9700d21fae21c4f038b0b56f4506264a\"},\"description\":\"S\u0103pt\u0103m\u00e2na trecut\u0103, trei firme \u015fi o persoan\u0103 fizic\u0103 din Alba au fost amendate de inspectorii ITM Alba, pentru munca \u201ela negru\u201d. Printre acestea se afl\u0103 \u015fi\",\"breadcrumb\":{\"@id\":\"https:\\\/\\\/urbeamea.ro\\\/albaiulia\\\/amenzi-de-80-000-de-lei-date-de-itm-pentru-munca-la-negru\\\/#breadcrumb\"},\"inLanguage\":\"ro-RO\",\"potentialAction\":[{\"@type\":\"ReadAction\",\"target\":[\"https:\\\/\\\/urbeamea.ro\\\/albaiulia\\\/amenzi-de-80-000-de-lei-date-de-itm-pentru-munca-la-negru\\\/\"]}]},{\"@type\":\"ImageObject\",\"inLanguage\":\"ro-RO\",\"@id\":\"https:\\\/\\\/urbeamea.ro\\\/albaiulia\\\/amenzi-de-80-000-de-lei-date-de-itm-pentru-munca-la-negru\\\/#primaryimage\",\"url\":\"https:\\\/\\\/urbeamea.ro\\\/albaiulia\\\/wp-content\\\/uploads\\\/2016\\\/02\\\/ITM.jpg\",\"contentUrl\":\"https:\\\/\\\/urbeamea.ro\\\/albaiulia\\\/wp-content\\\/uploads\\\/2016\\\/02\\\/ITM.jpg\",\"width\":1280,\"height\":846},{\"@type\":\"BreadcrumbList\",\"@id\":\"https:\\\/\\\/urbeamea.ro\\\/albaiulia\\\/amenzi-de-80-000-de-lei-date-de-itm-pentru-munca-la-negru\\\/#breadcrumb\",\"itemListElement\":[{\"@type\":\"ListItem\",\"position\":1,\"name\":\"Prima pagin\u0103\",\"item\":\"https:\\\/\\\/urbeamea.ro\\\/albaiulia\\\/\"},{\"@type\":\"ListItem\",\"position\":2,\"name\":\"Amenzi de 80.000 de lei date de ITM pentru munc\u0103 \u201ela negru\u201d\"}]},{\"@type\":\"WebSite\",\"@id\":\"https:\\\/\\\/urbeamea.ro\\\/albaiulia\\\/#website\",\"url\":\"https:\\\/\\\/urbeamea.ro\\\/albaiulia\\\/\",\"name\":\"Revista Urbea Mea, Stiri urbane\",\"description\":\"Evenimente \u0219i \u0219tiri din Alba Iulia, Sebe\u0219, Aiud, Blaj\",\"potentialAction\":[{\"@type\":\"SearchAction\",\"target\":{\"@type\":\"EntryPoint\",\"urlTemplate\":\"https:\\\/\\\/urbeamea.ro\\\/albaiulia\\\/?s={search_term_string}\"},\"query-input\":{\"@type\":\"PropertyValueSpecification\",\"valueRequired\":true,\"valueName\":\"search_term_string\"}}],\"inLanguage\":\"ro-RO\"},{\"@type\":\"Person\",\"@id\":\"https:\\\/\\\/urbeamea.ro\\\/albaiulia\\\/#\\\/schema\\\/person\\\/9700d21fae21c4f038b0b56f4506264a\",\"name\":\"Cristina Ganga\",\"image\":{\"@type\":\"ImageObject\",\"inLanguage\":\"ro-RO\",\"@id\":\"https:\\\/\\\/secure.gravatar.com\\\/avatar\\\/5a67661041f057b4a8ccaf26f5a8e86e2689372006d01faf3dd9eeb10b654bb4?s=96&d=mm&r=g\",\"url\":\"https:\\\/\\\/secure.gravatar.com\\\/avatar\\\/5a67661041f057b4a8ccaf26f5a8e86e2689372006d01faf3dd9eeb10b654bb4?s=96&d=mm&r=g\",\"contentUrl\":\"https:\\\/\\\/secure.gravatar.com\\\/avatar\\\/5a67661041f057b4a8ccaf26f5a8e86e2689372006d01faf3dd9eeb10b654bb4?s=96&d=mm&r=g\",\"caption\":\"Cristina Ganga\"},\"description\":\"Jurnalist\",\"sameAs\":[\"https:\\\/\\\/www.facebook.com\\\/cristina.nicola.587\"],\"url\":\"https:\\\/\\\/urbeamea.ro\\\/albaiulia\\\/author\\\/cristina-nicola\\\/\"}]}<\/script>\n<!-- \/ Yoast SEO plugin. -->","yoast_head_json":{"title":"Amenzi de 80.000 de lei date de ITM pentru munc\u0103 \u201ela negru\u201d - Revista Urbea Mea - Revista de Alba","description":"S\u0103pt\u0103m\u00e2na trecut\u0103, trei firme \u015fi o persoan\u0103 fizic\u0103 din Alba au fost amendate de inspectorii ITM Alba, pentru munca \u201ela negru\u201d. Printre acestea se afl\u0103 \u015fi","robots":{"index":"index","follow":"follow","max-snippet":"max-snippet:-1","max-image-preview":"max-image-preview:large","max-video-preview":"max-video-preview:-1"},"canonical":"https:\/\/urbeamea.ro\/albaiulia\/amenzi-de-80-000-de-lei-date-de-itm-pentru-munca-la-negru\/","twitter_card":"summary_large_image","twitter_title":"Amenzi de 80.000 de lei date de ITM pentru munc\u0103 \u201ela negru\u201d - Revista Urbea Mea - Revista de Alba","twitter_description":"S\u0103pt\u0103m\u00e2na trecut\u0103, trei firme \u015fi o persoan\u0103 fizic\u0103 din Alba au fost amendate de inspectorii ITM Alba, pentru munca \u201ela negru\u201d. Printre acestea se afl\u0103 \u015fi","twitter_image":"https:\/\/urbeamea.ro\/albaiulia\/wp-content\/uploads\/2016\/02\/ITM.jpg","twitter_creator":"@urbeameaweb","twitter_site":"@urbeameaweb","schema":{"@context":"https:\/\/schema.org","@graph":[{"@type":"Article","@id":"https:\/\/urbeamea.ro\/albaiulia\/amenzi-de-80-000-de-lei-date-de-itm-pentru-munca-la-negru\/#article","isPartOf":{"@id":"https:\/\/urbeamea.ro\/albaiulia\/amenzi-de-80-000-de-lei-date-de-itm-pentru-munca-la-negru\/"},"author":{"name":"Cristina Ganga","@id":"https:\/\/urbeamea.ro\/albaiulia\/#\/schema\/person\/9700d21fae21c4f038b0b56f4506264a"},"headline":"Amenzi de 80.000 de lei date de ITM pentru munc\u0103 \u201ela negru\u201d","datePublished":"2016-02-08T08:59:33+00:00","dateModified":"2016-02-08T09:01:07+00:00","mainEntityOfPage":{"@id":"https:\/\/urbeamea.ro\/albaiulia\/amenzi-de-80-000-de-lei-date-de-itm-pentru-munca-la-negru\/"},"wordCount":251,"commentCount":0,"image":{"@id":"https:\/\/urbeamea.ro\/albaiulia\/amenzi-de-80-000-de-lei-date-de-itm-pentru-munca-la-negru\/#primaryimage"},"thumbnailUrl":"https:\/\/urbeamea.ro\/albaiulia\/wp-content\/uploads\/2016\/02\/ITM.jpg","keywords":["alba","amenda","apuseni","exploatare forestiera","firme","inspectori","ITM","persoana fizica","sebes","spalatorie auto","stiri","Urbea Mea"],"articleSection":["Social"],"inLanguage":"ro-RO","potentialAction":[{"@type":"CommentAction","name":"Comment","target":["https:\/\/urbeamea.ro\/albaiulia\/amenzi-de-80-000-de-lei-date-de-itm-pentru-munca-la-negru\/#respond"]}]},{"@type":"WebPage","@id":"https:\/\/urbeamea.ro\/albaiulia\/amenzi-de-80-000-de-lei-date-de-itm-pentru-munca-la-negru\/","url":"https:\/\/urbeamea.ro\/albaiulia\/amenzi-de-80-000-de-lei-date-de-itm-pentru-munca-la-negru\/","name":"Amenzi de 80.000 de lei date de ITM pentru munc\u0103 \u201ela negru\u201d - Revista Urbea Mea - Revista de Alba","isPartOf":{"@id":"https:\/\/urbeamea.ro\/albaiulia\/#website"},"primaryImageOfPage":{"@id":"https:\/\/urbeamea.ro\/albaiulia\/amenzi-de-80-000-de-lei-date-de-itm-pentru-munca-la-negru\/#primaryimage"},"image":{"@id":"https:\/\/urbeamea.ro\/albaiulia\/amenzi-de-80-000-de-lei-date-de-itm-pentru-munca-la-negru\/#primaryimage"},"thumbnailUrl":"https:\/\/urbeamea.ro\/albaiulia\/wp-content\/uploads\/2016\/02\/ITM.jpg","datePublished":"2016-02-08T08:59:33+00:00","dateModified":"2016-02-08T09:01:07+00:00","author":{"@id":"https:\/\/urbeamea.ro\/albaiulia\/#\/schema\/person\/9700d21fae21c4f038b0b56f4506264a"},"description":"S\u0103pt\u0103m\u00e2na trecut\u0103, trei firme \u015fi o persoan\u0103 fizic\u0103 din Alba au fost amendate de inspectorii ITM Alba, pentru munca \u201ela negru\u201d. Printre acestea se afl\u0103 \u015fi","breadcrumb":{"@id":"https:\/\/urbeamea.ro\/albaiulia\/amenzi-de-80-000-de-lei-date-de-itm-pentru-munca-la-negru\/#breadcrumb"},"inLanguage":"ro-RO","potentialAction":[{"@type":"ReadAction","target":["https:\/\/urbeamea.ro\/albaiulia\/amenzi-de-80-000-de-lei-date-de-itm-pentru-munca-la-negru\/"]}]},{"@type":"ImageObject","inLanguage":"ro-RO","@id":"https:\/\/urbeamea.ro\/albaiulia\/amenzi-de-80-000-de-lei-date-de-itm-pentru-munca-la-negru\/#primaryimage","url":"https:\/\/urbeamea.ro\/albaiulia\/wp-content\/uploads\/2016\/02\/ITM.jpg","contentUrl":"https:\/\/urbeamea.ro\/albaiulia\/wp-content\/uploads\/2016\/02\/ITM.jpg","width":1280,"height":846},{"@type":"BreadcrumbList","@id":"https:\/\/urbeamea.ro\/albaiulia\/amenzi-de-80-000-de-lei-date-de-itm-pentru-munca-la-negru\/#breadcrumb","itemListElement":[{"@type":"ListItem","position":1,"name":"Prima pagin\u0103","item":"https:\/\/urbeamea.ro\/albaiulia\/"},{"@type":"ListItem","position":2,"name":"Amenzi de 80.000 de lei date de ITM pentru munc\u0103 \u201ela negru\u201d"}]},{"@type":"WebSite","@id":"https:\/\/urbeamea.ro\/albaiulia\/#website","url":"https:\/\/urbeamea.ro\/albaiulia\/","name":"Revista Urbea Mea, Stiri urbane","description":"Evenimente \u0219i \u0219tiri din Alba Iulia, Sebe\u0219, Aiud, Blaj","potentialAction":[{"@type":"SearchAction","target":{"@type":"EntryPoint","urlTemplate":"https:\/\/urbeamea.ro\/albaiulia\/?s={search_term_string}"},"query-input":{"@type":"PropertyValueSpecification","valueRequired":true,"valueName":"search_term_string"}}],"inLanguage":"ro-RO"},{"@type":"Person","@id":"https:\/\/urbeamea.ro\/albaiulia\/#\/schema\/person\/9700d21fae21c4f038b0b56f4506264a","name":"Cristina Ganga","image":{"@type":"ImageObject","inLanguage":"ro-RO","@id":"https:\/\/secure.gravatar.com\/avatar\/5a67661041f057b4a8ccaf26f5a8e86e2689372006d01faf3dd9eeb10b654bb4?s=96&d=mm&r=g","url":"https:\/\/secure.gravatar.com\/avatar\/5a67661041f057b4a8ccaf26f5a8e86e2689372006d01faf3dd9eeb10b654bb4?s=96&d=mm&r=g","contentUrl":"https:\/\/secure.gravatar.com\/avatar\/5a67661041f057b4a8ccaf26f5a8e86e2689372006d01faf3dd9eeb10b654bb4?s=96&d=mm&r=g","caption":"Cristina Ganga"},"description":"Jurnalist","sameAs":["https:\/\/www.facebook.com\/cristina.nicola.587"],"url":"https:\/\/urbeamea.ro\/albaiulia\/author\/cristina-nicola\/"}]}},"_links":{"self":[{"href":"https:\/\/urbeamea.ro\/albaiulia\/wp-json\/wp\/v2\/posts\/17858","targetHints":{"allow":["GET"]}}],"collection":[{"href":"https:\/\/urbeamea.ro\/albaiulia\/wp-json\/wp\/v2\/posts"}],"about":[{"href":"https:\/\/urbeamea.ro\/albaiulia\/wp-json\/wp\/v2\/types\/post"}],"author":[{"embeddable":true,"href":"https:\/\/urbeamea.ro\/albaiulia\/wp-json\/wp\/v2\/users\/17"}],"replies":[{"embeddable":true,"href":"https:\/\/urbeamea.ro\/albaiulia\/wp-json\/wp\/v2\/comments?post=17858"}],"version-history":[{"count":0,"href":"https:\/\/urbeamea.ro\/albaiulia\/wp-json\/wp\/v2\/posts\/17858\/revisions"}],"wp:featuredmedia":[{"embeddable":true,"href":"https:\/\/urbeamea.ro\/albaiulia\/wp-json\/wp\/v2\/media\/17515"}],"wp:attachment":[{"href":"https:\/\/urbeamea.ro\/albaiulia\/wp-json\/wp\/v2\/media?parent=17858"}],"wp:term":[{"taxonomy":"category","embeddable":true,"href":"https:\/\/urbeamea.ro\/albaiulia\/wp-json\/wp\/v2\/categories?post=17858"},{"taxonomy":"post_tag","embeddable":true,"href":"https:\/\/urbeamea.ro\/albaiulia\/wp-json\/wp\/v2\/tags?post=17858"}],"curies":[{"name":"wp","href":"https:\/\/api.w.org\/{rel}","templated":true}]}}