{"id":17864,"date":"2016-02-08T13:39:56","date_gmt":"2016-02-08T11:39:56","guid":{"rendered":"http:\/\/urbeamea.ro\/albaiulia\/?p=17864"},"modified":"2016-02-08T13:39:56","modified_gmt":"2016-02-08T11:39:56","slug":"joi-intreruperea-furnizarii-apei-potabile-in-cartierul-ampoi-i-din-alba-iulia","status":"publish","type":"post","link":"https:\/\/urbeamea.ro\/albaiulia\/joi-intreruperea-furnizarii-apei-potabile-in-cartierul-ampoi-i-din-alba-iulia\/","title":{"rendered":"JOI: \u00centreruperea furniz\u0103rii apei potabile \u00een cartierul Ampoi I din Alba Iulia"},"content":{"rendered":"<p><strong><img loading=\"lazy\" decoding=\"async\" class=\"size-medium wp-image-17865 alignleft\" src=\"http:\/\/urbeamea.ro\/albaiulia\/wp-content\/uploads\/2016\/02\/robinet-300x200.jpg\" alt=\"robinet\" width=\"300\" height=\"200\" \/>\u00cen urma\u00a0efectu\u0103rii unor lucr\u0103ri la re\u0163eaua de ap\u0103 potabil\u0103 din cartierul Ampoi I, se sisteaz\u0103 furnizarea apei potabile \u00een data de 11.02.2016, \u00een intervalul orar 9:00 \u2013 13:00 \u00een cartierul Ampoi I, din Alba lulia.<\/strong><\/p>\n<p>\u201dV\u0103 rug\u0103m s\u0103 v\u0103 asigura\u0163i rezerva de ap\u0103 potabil\u0103 pentru aceast\u0103 perioad\u0103 de timp. V\u0103 rug\u0103m ca primele ore de la reluarea furniz\u0103rii apei, s\u0103 nu utiliza\u0163i apa pentru scopuri alimentare, numai pentru consuni menajer\u201d, transmit reprezentan\u021bii Apa CTTA Alba.<\/p>\n","protected":false},"excerpt":{"rendered":"<p>\u00cen urma\u00a0efectu\u0103rii unor lucr\u0103ri la re\u0163eaua de ap\u0103 potabil\u0103 din cartierul Ampoi I, se sisteaz\u0103 furnizarea apei potabile \u00een data de 11.02.2016, \u00een intervalul orar 9:00 \u2013 13:00 \u00een cartierul Ampoi I, din Alba lulia. \u201dV\u0103 rug\u0103m s\u0103 v\u0103 asigura\u0163i rezerva de ap\u0103 potabil\u0103 pentru aceast\u0103 perioad\u0103 de timp. V\u0103 rug\u0103m ca primele ore de &hellip;<\/p>\n","protected":false},"author":17,"featured_media":17865,"comment_status":"open","ping_status":"open","sticky":false,"template":"","format":"standard","meta":{"inline_featured_image":false,"footnotes":""},"categories":[2034],"tags":[31,2657,2658,2656,605,308,76],"class_list":["post-17864","post","type-post","status-publish","format-standard","has-post-thumbnail","hentry","category-social","tag-alba-iulia","tag-ampoi-i","tag-apa-ctta","tag-apa-potabila","tag-lucrari","tag-stiri","tag-urbea-mea"],"yoast_head":"<!-- This site is optimized with the Yoast SEO plugin v27.4 - https:\/\/yoast.com\/product\/yoast-seo-wordpress\/ -->\n<title>JOI: \u00centreruperea furniz\u0103rii apei potabile \u00een cartierul Ampoi I din Alba Iulia - Revista Urbea Mea - Revista de Alba<\/title>\n<meta name=\"description\" content=\"\u00cen urma\u00a0efectu\u0103rii unor lucr\u0103ri la re\u0163eaua de ap\u0103 potabil\u0103 din cartierul Ampoi I, se sisteaz\u0103 furnizarea apei potabile \u00een data de 11.02.2016, \u00een\" \/>\n<meta name=\"robots\" content=\"index, follow, max-snippet:-1, max-image-preview:large, max-video-preview:-1\" \/>\n<link rel=\"canonical\" href=\"https:\/\/urbeamea.ro\/albaiulia\/joi-intreruperea-furnizarii-apei-potabile-in-cartierul-ampoi-i-din-alba-iulia\/\" \/>\n<meta name=\"twitter:card\" content=\"summary_large_image\" \/>\n<meta name=\"twitter:title\" content=\"JOI: \u00centreruperea furniz\u0103rii apei potabile \u00een cartierul Ampoi I din Alba Iulia - Revista Urbea Mea - Revista de Alba\" \/>\n<meta name=\"twitter:description\" content=\"\u00cen urma\u00a0efectu\u0103rii unor lucr\u0103ri la re\u0163eaua de ap\u0103 potabil\u0103 din cartierul Ampoi I, se sisteaz\u0103 furnizarea apei potabile \u00een data de 11.02.2016, \u00een\" \/>\n<meta name=\"twitter:image\" content=\"https:\/\/urbeamea.ro\/albaiulia\/wp-content\/uploads\/2016\/02\/robinet.jpg\" \/>\n<meta name=\"twitter:creator\" content=\"@urbeameaweb\" \/>\n<meta name=\"twitter:site\" content=\"@urbeameaweb\" \/>\n<script type=\"application\/ld+json\" class=\"yoast-schema-graph\">{\"@context\":\"https:\\\/\\\/schema.org\",\"@graph\":[{\"@type\":\"Article\",\"@id\":\"https:\\\/\\\/urbeamea.ro\\\/albaiulia\\\/joi-intreruperea-furnizarii-apei-potabile-in-cartierul-ampoi-i-din-alba-iulia\\\/#article\",\"isPartOf\":{\"@id\":\"https:\\\/\\\/urbeamea.ro\\\/albaiulia\\\/joi-intreruperea-furnizarii-apei-potabile-in-cartierul-ampoi-i-din-alba-iulia\\\/\"},\"author\":{\"name\":\"Cristina Ganga\",\"@id\":\"https:\\\/\\\/urbeamea.ro\\\/albaiulia\\\/#\\\/schema\\\/person\\\/9700d21fae21c4f038b0b56f4506264a\"},\"headline\":\"JOI: \u00centreruperea furniz\u0103rii apei potabile \u00een cartierul Ampoi I din Alba Iulia\",\"datePublished\":\"2016-02-08T11:39:56+00:00\",\"mainEntityOfPage\":{\"@id\":\"https:\\\/\\\/urbeamea.ro\\\/albaiulia\\\/joi-intreruperea-furnizarii-apei-potabile-in-cartierul-ampoi-i-din-alba-iulia\\\/\"},\"wordCount\":94,\"commentCount\":0,\"image\":{\"@id\":\"https:\\\/\\\/urbeamea.ro\\\/albaiulia\\\/joi-intreruperea-furnizarii-apei-potabile-in-cartierul-ampoi-i-din-alba-iulia\\\/#primaryimage\"},\"thumbnailUrl\":\"https:\\\/\\\/urbeamea.ro\\\/albaiulia\\\/wp-content\\\/uploads\\\/2016\\\/02\\\/robinet.jpg\",\"keywords\":[\"Alba Iulia\",\"ampoi I\",\"apa CTTA\",\"apa potabila\",\"lucrari\",\"stiri\",\"Urbea Mea\"],\"articleSection\":[\"Social\"],\"inLanguage\":\"ro-RO\",\"potentialAction\":[{\"@type\":\"CommentAction\",\"name\":\"Comment\",\"target\":[\"https:\\\/\\\/urbeamea.ro\\\/albaiulia\\\/joi-intreruperea-furnizarii-apei-potabile-in-cartierul-ampoi-i-din-alba-iulia\\\/#respond\"]}]},{\"@type\":\"WebPage\",\"@id\":\"https:\\\/\\\/urbeamea.ro\\\/albaiulia\\\/joi-intreruperea-furnizarii-apei-potabile-in-cartierul-ampoi-i-din-alba-iulia\\\/\",\"url\":\"https:\\\/\\\/urbeamea.ro\\\/albaiulia\\\/joi-intreruperea-furnizarii-apei-potabile-in-cartierul-ampoi-i-din-alba-iulia\\\/\",\"name\":\"JOI: \u00centreruperea furniz\u0103rii apei potabile \u00een cartierul Ampoi I din Alba Iulia - Revista Urbea Mea - Revista de Alba\",\"isPartOf\":{\"@id\":\"https:\\\/\\\/urbeamea.ro\\\/albaiulia\\\/#website\"},\"primaryImageOfPage\":{\"@id\":\"https:\\\/\\\/urbeamea.ro\\\/albaiulia\\\/joi-intreruperea-furnizarii-apei-potabile-in-cartierul-ampoi-i-din-alba-iulia\\\/#primaryimage\"},\"image\":{\"@id\":\"https:\\\/\\\/urbeamea.ro\\\/albaiulia\\\/joi-intreruperea-furnizarii-apei-potabile-in-cartierul-ampoi-i-din-alba-iulia\\\/#primaryimage\"},\"thumbnailUrl\":\"https:\\\/\\\/urbeamea.ro\\\/albaiulia\\\/wp-content\\\/uploads\\\/2016\\\/02\\\/robinet.jpg\",\"datePublished\":\"2016-02-08T11:39:56+00:00\",\"author\":{\"@id\":\"https:\\\/\\\/urbeamea.ro\\\/albaiulia\\\/#\\\/schema\\\/person\\\/9700d21fae21c4f038b0b56f4506264a\"},\"description\":\"\u00cen urma\u00a0efectu\u0103rii unor lucr\u0103ri la re\u0163eaua de ap\u0103 potabil\u0103 din cartierul Ampoi I, se sisteaz\u0103 furnizarea apei potabile \u00een data de 11.02.2016, \u00een\",\"breadcrumb\":{\"@id\":\"https:\\\/\\\/urbeamea.ro\\\/albaiulia\\\/joi-intreruperea-furnizarii-apei-potabile-in-cartierul-ampoi-i-din-alba-iulia\\\/#breadcrumb\"},\"inLanguage\":\"ro-RO\",\"potentialAction\":[{\"@type\":\"ReadAction\",\"target\":[\"https:\\\/\\\/urbeamea.ro\\\/albaiulia\\\/joi-intreruperea-furnizarii-apei-potabile-in-cartierul-ampoi-i-din-alba-iulia\\\/\"]}]},{\"@type\":\"ImageObject\",\"inLanguage\":\"ro-RO\",\"@id\":\"https:\\\/\\\/urbeamea.ro\\\/albaiulia\\\/joi-intreruperea-furnizarii-apei-potabile-in-cartierul-ampoi-i-din-alba-iulia\\\/#primaryimage\",\"url\":\"https:\\\/\\\/urbeamea.ro\\\/albaiulia\\\/wp-content\\\/uploads\\\/2016\\\/02\\\/robinet.jpg\",\"contentUrl\":\"https:\\\/\\\/urbeamea.ro\\\/albaiulia\\\/wp-content\\\/uploads\\\/2016\\\/02\\\/robinet.jpg\",\"width\":1280,\"height\":853},{\"@type\":\"BreadcrumbList\",\"@id\":\"https:\\\/\\\/urbeamea.ro\\\/albaiulia\\\/joi-intreruperea-furnizarii-apei-potabile-in-cartierul-ampoi-i-din-alba-iulia\\\/#breadcrumb\",\"itemListElement\":[{\"@type\":\"ListItem\",\"position\":1,\"name\":\"Prima pagin\u0103\",\"item\":\"https:\\\/\\\/urbeamea.ro\\\/albaiulia\\\/\"},{\"@type\":\"ListItem\",\"position\":2,\"name\":\"JOI: \u00centreruperea furniz\u0103rii apei potabile \u00een cartierul Ampoi I din Alba Iulia\"}]},{\"@type\":\"WebSite\",\"@id\":\"https:\\\/\\\/urbeamea.ro\\\/albaiulia\\\/#website\",\"url\":\"https:\\\/\\\/urbeamea.ro\\\/albaiulia\\\/\",\"name\":\"Revista Urbea Mea, Stiri urbane\",\"description\":\"Evenimente \u0219i \u0219tiri din Alba Iulia, Sebe\u0219, Aiud, Blaj\",\"potentialAction\":[{\"@type\":\"SearchAction\",\"target\":{\"@type\":\"EntryPoint\",\"urlTemplate\":\"https:\\\/\\\/urbeamea.ro\\\/albaiulia\\\/?s={search_term_string}\"},\"query-input\":{\"@type\":\"PropertyValueSpecification\",\"valueRequired\":true,\"valueName\":\"search_term_string\"}}],\"inLanguage\":\"ro-RO\"},{\"@type\":\"Person\",\"@id\":\"https:\\\/\\\/urbeamea.ro\\\/albaiulia\\\/#\\\/schema\\\/person\\\/9700d21fae21c4f038b0b56f4506264a\",\"name\":\"Cristina Ganga\",\"image\":{\"@type\":\"ImageObject\",\"inLanguage\":\"ro-RO\",\"@id\":\"https:\\\/\\\/secure.gravatar.com\\\/avatar\\\/5a67661041f057b4a8ccaf26f5a8e86e2689372006d01faf3dd9eeb10b654bb4?s=96&d=mm&r=g\",\"url\":\"https:\\\/\\\/secure.gravatar.com\\\/avatar\\\/5a67661041f057b4a8ccaf26f5a8e86e2689372006d01faf3dd9eeb10b654bb4?s=96&d=mm&r=g\",\"contentUrl\":\"https:\\\/\\\/secure.gravatar.com\\\/avatar\\\/5a67661041f057b4a8ccaf26f5a8e86e2689372006d01faf3dd9eeb10b654bb4?s=96&d=mm&r=g\",\"caption\":\"Cristina Ganga\"},\"description\":\"Jurnalist\",\"sameAs\":[\"https:\\\/\\\/www.facebook.com\\\/cristina.nicola.587\"],\"url\":\"https:\\\/\\\/urbeamea.ro\\\/albaiulia\\\/author\\\/cristina-nicola\\\/\"}]}<\/script>\n<!-- \/ Yoast SEO plugin. -->","yoast_head_json":{"title":"JOI: \u00centreruperea furniz\u0103rii apei potabile \u00een cartierul Ampoi I din Alba Iulia - Revista Urbea Mea - Revista de Alba","description":"\u00cen urma\u00a0efectu\u0103rii unor lucr\u0103ri la re\u0163eaua de ap\u0103 potabil\u0103 din cartierul Ampoi I, se sisteaz\u0103 furnizarea apei potabile \u00een data de 11.02.2016, \u00een","robots":{"index":"index","follow":"follow","max-snippet":"max-snippet:-1","max-image-preview":"max-image-preview:large","max-video-preview":"max-video-preview:-1"},"canonical":"https:\/\/urbeamea.ro\/albaiulia\/joi-intreruperea-furnizarii-apei-potabile-in-cartierul-ampoi-i-din-alba-iulia\/","twitter_card":"summary_large_image","twitter_title":"JOI: \u00centreruperea furniz\u0103rii apei potabile \u00een cartierul Ampoi I din Alba Iulia - Revista Urbea Mea - Revista de Alba","twitter_description":"\u00cen urma\u00a0efectu\u0103rii unor lucr\u0103ri la re\u0163eaua de ap\u0103 potabil\u0103 din cartierul Ampoi I, se sisteaz\u0103 furnizarea apei potabile \u00een data de 11.02.2016, \u00een","twitter_image":"https:\/\/urbeamea.ro\/albaiulia\/wp-content\/uploads\/2016\/02\/robinet.jpg","twitter_creator":"@urbeameaweb","twitter_site":"@urbeameaweb","schema":{"@context":"https:\/\/schema.org","@graph":[{"@type":"Article","@id":"https:\/\/urbeamea.ro\/albaiulia\/joi-intreruperea-furnizarii-apei-potabile-in-cartierul-ampoi-i-din-alba-iulia\/#article","isPartOf":{"@id":"https:\/\/urbeamea.ro\/albaiulia\/joi-intreruperea-furnizarii-apei-potabile-in-cartierul-ampoi-i-din-alba-iulia\/"},"author":{"name":"Cristina Ganga","@id":"https:\/\/urbeamea.ro\/albaiulia\/#\/schema\/person\/9700d21fae21c4f038b0b56f4506264a"},"headline":"JOI: \u00centreruperea furniz\u0103rii apei potabile \u00een cartierul Ampoi I din Alba Iulia","datePublished":"2016-02-08T11:39:56+00:00","mainEntityOfPage":{"@id":"https:\/\/urbeamea.ro\/albaiulia\/joi-intreruperea-furnizarii-apei-potabile-in-cartierul-ampoi-i-din-alba-iulia\/"},"wordCount":94,"commentCount":0,"image":{"@id":"https:\/\/urbeamea.ro\/albaiulia\/joi-intreruperea-furnizarii-apei-potabile-in-cartierul-ampoi-i-din-alba-iulia\/#primaryimage"},"thumbnailUrl":"https:\/\/urbeamea.ro\/albaiulia\/wp-content\/uploads\/2016\/02\/robinet.jpg","keywords":["Alba Iulia","ampoi I","apa CTTA","apa potabila","lucrari","stiri","Urbea Mea"],"articleSection":["Social"],"inLanguage":"ro-RO","potentialAction":[{"@type":"CommentAction","name":"Comment","target":["https:\/\/urbeamea.ro\/albaiulia\/joi-intreruperea-furnizarii-apei-potabile-in-cartierul-ampoi-i-din-alba-iulia\/#respond"]}]},{"@type":"WebPage","@id":"https:\/\/urbeamea.ro\/albaiulia\/joi-intreruperea-furnizarii-apei-potabile-in-cartierul-ampoi-i-din-alba-iulia\/","url":"https:\/\/urbeamea.ro\/albaiulia\/joi-intreruperea-furnizarii-apei-potabile-in-cartierul-ampoi-i-din-alba-iulia\/","name":"JOI: \u00centreruperea furniz\u0103rii apei potabile \u00een cartierul Ampoi I din Alba Iulia - Revista Urbea Mea - Revista de Alba","isPartOf":{"@id":"https:\/\/urbeamea.ro\/albaiulia\/#website"},"primaryImageOfPage":{"@id":"https:\/\/urbeamea.ro\/albaiulia\/joi-intreruperea-furnizarii-apei-potabile-in-cartierul-ampoi-i-din-alba-iulia\/#primaryimage"},"image":{"@id":"https:\/\/urbeamea.ro\/albaiulia\/joi-intreruperea-furnizarii-apei-potabile-in-cartierul-ampoi-i-din-alba-iulia\/#primaryimage"},"thumbnailUrl":"https:\/\/urbeamea.ro\/albaiulia\/wp-content\/uploads\/2016\/02\/robinet.jpg","datePublished":"2016-02-08T11:39:56+00:00","author":{"@id":"https:\/\/urbeamea.ro\/albaiulia\/#\/schema\/person\/9700d21fae21c4f038b0b56f4506264a"},"description":"\u00cen urma\u00a0efectu\u0103rii unor lucr\u0103ri la re\u0163eaua de ap\u0103 potabil\u0103 din cartierul Ampoi I, se sisteaz\u0103 furnizarea apei potabile \u00een data de 11.02.2016, \u00een","breadcrumb":{"@id":"https:\/\/urbeamea.ro\/albaiulia\/joi-intreruperea-furnizarii-apei-potabile-in-cartierul-ampoi-i-din-alba-iulia\/#breadcrumb"},"inLanguage":"ro-RO","potentialAction":[{"@type":"ReadAction","target":["https:\/\/urbeamea.ro\/albaiulia\/joi-intreruperea-furnizarii-apei-potabile-in-cartierul-ampoi-i-din-alba-iulia\/"]}]},{"@type":"ImageObject","inLanguage":"ro-RO","@id":"https:\/\/urbeamea.ro\/albaiulia\/joi-intreruperea-furnizarii-apei-potabile-in-cartierul-ampoi-i-din-alba-iulia\/#primaryimage","url":"https:\/\/urbeamea.ro\/albaiulia\/wp-content\/uploads\/2016\/02\/robinet.jpg","contentUrl":"https:\/\/urbeamea.ro\/albaiulia\/wp-content\/uploads\/2016\/02\/robinet.jpg","width":1280,"height":853},{"@type":"BreadcrumbList","@id":"https:\/\/urbeamea.ro\/albaiulia\/joi-intreruperea-furnizarii-apei-potabile-in-cartierul-ampoi-i-din-alba-iulia\/#breadcrumb","itemListElement":[{"@type":"ListItem","position":1,"name":"Prima pagin\u0103","item":"https:\/\/urbeamea.ro\/albaiulia\/"},{"@type":"ListItem","position":2,"name":"JOI: \u00centreruperea furniz\u0103rii apei potabile \u00een cartierul Ampoi I din Alba Iulia"}]},{"@type":"WebSite","@id":"https:\/\/urbeamea.ro\/albaiulia\/#website","url":"https:\/\/urbeamea.ro\/albaiulia\/","name":"Revista Urbea Mea, Stiri urbane","description":"Evenimente \u0219i \u0219tiri din Alba Iulia, Sebe\u0219, Aiud, Blaj","potentialAction":[{"@type":"SearchAction","target":{"@type":"EntryPoint","urlTemplate":"https:\/\/urbeamea.ro\/albaiulia\/?s={search_term_string}"},"query-input":{"@type":"PropertyValueSpecification","valueRequired":true,"valueName":"search_term_string"}}],"inLanguage":"ro-RO"},{"@type":"Person","@id":"https:\/\/urbeamea.ro\/albaiulia\/#\/schema\/person\/9700d21fae21c4f038b0b56f4506264a","name":"Cristina Ganga","image":{"@type":"ImageObject","inLanguage":"ro-RO","@id":"https:\/\/secure.gravatar.com\/avatar\/5a67661041f057b4a8ccaf26f5a8e86e2689372006d01faf3dd9eeb10b654bb4?s=96&d=mm&r=g","url":"https:\/\/secure.gravatar.com\/avatar\/5a67661041f057b4a8ccaf26f5a8e86e2689372006d01faf3dd9eeb10b654bb4?s=96&d=mm&r=g","contentUrl":"https:\/\/secure.gravatar.com\/avatar\/5a67661041f057b4a8ccaf26f5a8e86e2689372006d01faf3dd9eeb10b654bb4?s=96&d=mm&r=g","caption":"Cristina Ganga"},"description":"Jurnalist","sameAs":["https:\/\/www.facebook.com\/cristina.nicola.587"],"url":"https:\/\/urbeamea.ro\/albaiulia\/author\/cristina-nicola\/"}]}},"_links":{"self":[{"href":"https:\/\/urbeamea.ro\/albaiulia\/wp-json\/wp\/v2\/posts\/17864","targetHints":{"allow":["GET"]}}],"collection":[{"href":"https:\/\/urbeamea.ro\/albaiulia\/wp-json\/wp\/v2\/posts"}],"about":[{"href":"https:\/\/urbeamea.ro\/albaiulia\/wp-json\/wp\/v2\/types\/post"}],"author":[{"embeddable":true,"href":"https:\/\/urbeamea.ro\/albaiulia\/wp-json\/wp\/v2\/users\/17"}],"replies":[{"embeddable":true,"href":"https:\/\/urbeamea.ro\/albaiulia\/wp-json\/wp\/v2\/comments?post=17864"}],"version-history":[{"count":0,"href":"https:\/\/urbeamea.ro\/albaiulia\/wp-json\/wp\/v2\/posts\/17864\/revisions"}],"wp:featuredmedia":[{"embeddable":true,"href":"https:\/\/urbeamea.ro\/albaiulia\/wp-json\/wp\/v2\/media\/17865"}],"wp:attachment":[{"href":"https:\/\/urbeamea.ro\/albaiulia\/wp-json\/wp\/v2\/media?parent=17864"}],"wp:term":[{"taxonomy":"category","embeddable":true,"href":"https:\/\/urbeamea.ro\/albaiulia\/wp-json\/wp\/v2\/categories?post=17864"},{"taxonomy":"post_tag","embeddable":true,"href":"https:\/\/urbeamea.ro\/albaiulia\/wp-json\/wp\/v2\/tags?post=17864"}],"curies":[{"name":"wp","href":"https:\/\/api.w.org\/{rel}","templated":true}]}}