{"id":17867,"date":"2016-02-08T13:54:43","date_gmt":"2016-02-08T11:54:43","guid":{"rendered":"http:\/\/urbeamea.ro\/albaiulia\/?p=17867"},"modified":"2016-02-08T13:55:21","modified_gmt":"2016-02-08T11:55:21","slug":"familie-din-abrud-talharita-de-doi-barbati-care-trebuiau-sa-schimbe-burlanele-casei","status":"publish","type":"post","link":"https:\/\/urbeamea.ro\/albaiulia\/familie-din-abrud-talharita-de-doi-barbati-care-trebuiau-sa-schimbe-burlanele-casei\/","title":{"rendered":"Familie din Abrud, t\u00e2lh\u0103rit\u0103 de doi b\u0103rba\u0163i care trebuiau s\u0103 schimbe burlanele casei"},"content":{"rendered":"<p><strong><img loading=\"lazy\" decoding=\"async\" class=\"size-medium wp-image-6361 alignleft\" src=\"http:\/\/urbeamea.ro\/albaiulia\/wp-content\/uploads\/2015\/07\/politist-amenda-300x215.jpg\" alt=\"politist-amenda\" width=\"300\" height=\"215\" \/>Un t\u00e2n\u0103r \u00een v\u00e2rst\u0103 de 25 de ani din Oradea s-a ales cu dosar penal pentru t\u00e2lh\u0103rie la Abrud. Al\u0103turi de alte persoane, acesta a aranjat o lucrare de \u00eenlocuire a burlanelor unei case din ora\u015f, \u00eens\u0103 \u201dcomplicii\u201d doar au simulat c\u0103 au \u015fi executat-o dup\u0103 care, prin amenin\u021bare, au cerut mai mul\u0163i bani. Fiul proprietarului a fost \u015fi agresat de inculpat.<\/strong><\/p>\n<p>Potrivit IPJ Alba, \u00een 5 februarie, Poli\u0163ia din Abrud a fost sesizat\u0103 de c\u0103tre un localnic, cu privire faptul c\u0103, \u00een urm\u0103 cu o zi, la domiciliul s\u0103u au venit doi cet\u0103\u0163eni, cu care s-a \u00een\u0163eles asupra schimb\u0103rii unor jgheaburi \u015fi burlane, contra unei sume de bani.<\/p>\n<p>Cei doi cet\u0103\u0163eni, f\u0103r\u0103 s\u0103 \u00eenlocuiasc\u0103 componentele \u015fi beneficiind de ajutorul a \u00eenc\u0103 patru cet\u0103\u0163eni, au simulat \u00eenlocuirea ceternelor, au pretins c\u0103 lucrarea efectuat\u0103 valoreaz\u0103 mai mult dec\u00e2t suma la care s-au \u00een\u0163eles ini\u0163ial, \u015fi apoi l-au amenin\u0163at, astfel c\u0103 le-a \u00eenm\u00e2nat o parte din suma solicitat\u0103.<\/p>\n<p>Ulterior, unul dintre cet\u0103\u0163eni l-a agresat fizic pe fiul p\u0103r\u0163ii v\u0103t\u0103mate, care le-a \u00eenm\u00e2nat \u015fi diferen\u0163a de bani solicitat\u0103.<\/p>\n<p>\u00cen urma activit\u0103\u0163ilor desf\u0103\u015furate de c\u0103tre poli\u0163i\u015ftii de investiga\u0163ii criminale s-a reu\u015fit identificarea suspectului,I. \u015e., de 25 de ani, din municipiul Oradea, fa\u0163\u0103 de care se efectueaz\u0103 cercet\u0103ri sub aspectul s\u0103v\u00e2r\u015firii infrac\u0163iunii de \u201et\u00e2lh\u0103rie\u201d.<\/p>\n<p>Acesta a fost prezentat Parchetului de pe l\u00e2ng\u0103 Judec\u0103toria C\u00eempeni cu propunere de sesizare a instan\u0163ei de judecat\u0103 \u015fi arestare preventiv\u0103. Fa\u0163\u0103 de b\u0103rbat a fost dispus\u0103 m\u0103sura preventiv\u0103 a controlului judiciar pentru o perioad\u0103 de 30 zile.<\/p>\n","protected":false},"excerpt":{"rendered":"<p>Un t\u00e2n\u0103r \u00een v\u00e2rst\u0103 de 25 de ani din Oradea s-a ales cu dosar penal pentru t\u00e2lh\u0103rie la Abrud. Al\u0103turi de alte persoane, acesta a aranjat o lucrare de \u00eenlocuire a burlanelor unei case din ora\u015f, \u00eens\u0103 \u201dcomplicii\u201d doar au simulat c\u0103 au \u015fi executat-o dup\u0103 care, prin amenin\u021bare, au cerut mai mul\u0163i bani. Fiul &hellip;<\/p>\n","protected":false},"author":17,"featured_media":6361,"comment_status":"open","ping_status":"open","sticky":false,"template":"","format":"standard","meta":{"inline_featured_image":false,"footnotes":""},"categories":[2034],"tags":[2660,2663,307,2662,2661,2506,2665,308,2659,76,2664],"class_list":["post-17867","post","type-post","status-publish","format-standard","has-post-thumbnail","hentry","category-social","tag-abrud","tag-agresat","tag-alba","tag-amenintare","tag-burlane","tag-dosar-penal","tag-inculpat","tag-stiri","tag-talharie","tag-urbea-mea","tag-victima"],"yoast_head":"<!-- This site is optimized with the Yoast SEO plugin v27.4 - https:\/\/yoast.com\/product\/yoast-seo-wordpress\/ -->\n<title>Familie din Abrud, t\u00e2lh\u0103rit\u0103 de doi b\u0103rba\u0163i care trebuiau s\u0103 schimbe burlanele casei - Revista Urbea Mea - Revista de Alba<\/title>\n<meta name=\"description\" content=\"Un t\u00e2n\u0103r \u00een v\u00e2rst\u0103 de 25 de ani din Oradea s-a ales cu dosar penal pentru t\u00e2lh\u0103rie la Abrud. Al\u0103turi de alte persoane, acesta a aranjat o lucrare de\" \/>\n<meta name=\"robots\" content=\"index, follow, max-snippet:-1, max-image-preview:large, max-video-preview:-1\" \/>\n<link rel=\"canonical\" href=\"https:\/\/urbeamea.ro\/albaiulia\/familie-din-abrud-talharita-de-doi-barbati-care-trebuiau-sa-schimbe-burlanele-casei\/\" \/>\n<meta name=\"twitter:card\" content=\"summary_large_image\" \/>\n<meta name=\"twitter:title\" content=\"Familie din Abrud, t\u00e2lh\u0103rit\u0103 de doi b\u0103rba\u0163i care trebuiau s\u0103 schimbe burlanele casei - Revista Urbea Mea - Revista de Alba\" \/>\n<meta name=\"twitter:description\" content=\"Un t\u00e2n\u0103r \u00een v\u00e2rst\u0103 de 25 de ani din Oradea s-a ales cu dosar penal pentru t\u00e2lh\u0103rie la Abrud. Al\u0103turi de alte persoane, acesta a aranjat o lucrare de\" \/>\n<meta name=\"twitter:image\" content=\"https:\/\/urbeamea.ro\/albaiulia\/wp-content\/uploads\/2015\/07\/politist-amenda.jpg\" \/>\n<meta name=\"twitter:creator\" content=\"@urbeameaweb\" \/>\n<meta name=\"twitter:site\" content=\"@urbeameaweb\" \/>\n<script type=\"application\/ld+json\" class=\"yoast-schema-graph\">{\"@context\":\"https:\\\/\\\/schema.org\",\"@graph\":[{\"@type\":\"Article\",\"@id\":\"https:\\\/\\\/urbeamea.ro\\\/albaiulia\\\/familie-din-abrud-talharita-de-doi-barbati-care-trebuiau-sa-schimbe-burlanele-casei\\\/#article\",\"isPartOf\":{\"@id\":\"https:\\\/\\\/urbeamea.ro\\\/albaiulia\\\/familie-din-abrud-talharita-de-doi-barbati-care-trebuiau-sa-schimbe-burlanele-casei\\\/\"},\"author\":{\"name\":\"Cristina Ganga\",\"@id\":\"https:\\\/\\\/urbeamea.ro\\\/albaiulia\\\/#\\\/schema\\\/person\\\/9700d21fae21c4f038b0b56f4506264a\"},\"headline\":\"Familie din Abrud, t\u00e2lh\u0103rit\u0103 de doi b\u0103rba\u0163i care trebuiau s\u0103 schimbe burlanele casei\",\"datePublished\":\"2016-02-08T11:54:43+00:00\",\"dateModified\":\"2016-02-08T11:55:21+00:00\",\"mainEntityOfPage\":{\"@id\":\"https:\\\/\\\/urbeamea.ro\\\/albaiulia\\\/familie-din-abrud-talharita-de-doi-barbati-care-trebuiau-sa-schimbe-burlanele-casei\\\/\"},\"wordCount\":309,\"commentCount\":0,\"image\":{\"@id\":\"https:\\\/\\\/urbeamea.ro\\\/albaiulia\\\/familie-din-abrud-talharita-de-doi-barbati-care-trebuiau-sa-schimbe-burlanele-casei\\\/#primaryimage\"},\"thumbnailUrl\":\"https:\\\/\\\/urbeamea.ro\\\/albaiulia\\\/wp-content\\\/uploads\\\/2015\\\/07\\\/politist-amenda.jpg\",\"keywords\":[\"abrud\",\"agresat\",\"alba\",\"amenintare\",\"burlane\",\"dosar penal\",\"inculpat\",\"stiri\",\"talharie\",\"Urbea Mea\",\"victima\"],\"articleSection\":[\"Social\"],\"inLanguage\":\"ro-RO\",\"potentialAction\":[{\"@type\":\"CommentAction\",\"name\":\"Comment\",\"target\":[\"https:\\\/\\\/urbeamea.ro\\\/albaiulia\\\/familie-din-abrud-talharita-de-doi-barbati-care-trebuiau-sa-schimbe-burlanele-casei\\\/#respond\"]}]},{\"@type\":\"WebPage\",\"@id\":\"https:\\\/\\\/urbeamea.ro\\\/albaiulia\\\/familie-din-abrud-talharita-de-doi-barbati-care-trebuiau-sa-schimbe-burlanele-casei\\\/\",\"url\":\"https:\\\/\\\/urbeamea.ro\\\/albaiulia\\\/familie-din-abrud-talharita-de-doi-barbati-care-trebuiau-sa-schimbe-burlanele-casei\\\/\",\"name\":\"Familie din Abrud, t\u00e2lh\u0103rit\u0103 de doi b\u0103rba\u0163i care trebuiau s\u0103 schimbe burlanele casei - Revista Urbea Mea - Revista de Alba\",\"isPartOf\":{\"@id\":\"https:\\\/\\\/urbeamea.ro\\\/albaiulia\\\/#website\"},\"primaryImageOfPage\":{\"@id\":\"https:\\\/\\\/urbeamea.ro\\\/albaiulia\\\/familie-din-abrud-talharita-de-doi-barbati-care-trebuiau-sa-schimbe-burlanele-casei\\\/#primaryimage\"},\"image\":{\"@id\":\"https:\\\/\\\/urbeamea.ro\\\/albaiulia\\\/familie-din-abrud-talharita-de-doi-barbati-care-trebuiau-sa-schimbe-burlanele-casei\\\/#primaryimage\"},\"thumbnailUrl\":\"https:\\\/\\\/urbeamea.ro\\\/albaiulia\\\/wp-content\\\/uploads\\\/2015\\\/07\\\/politist-amenda.jpg\",\"datePublished\":\"2016-02-08T11:54:43+00:00\",\"dateModified\":\"2016-02-08T11:55:21+00:00\",\"author\":{\"@id\":\"https:\\\/\\\/urbeamea.ro\\\/albaiulia\\\/#\\\/schema\\\/person\\\/9700d21fae21c4f038b0b56f4506264a\"},\"description\":\"Un t\u00e2n\u0103r \u00een v\u00e2rst\u0103 de 25 de ani din Oradea s-a ales cu dosar penal pentru t\u00e2lh\u0103rie la Abrud. Al\u0103turi de alte persoane, acesta a aranjat o lucrare de\",\"breadcrumb\":{\"@id\":\"https:\\\/\\\/urbeamea.ro\\\/albaiulia\\\/familie-din-abrud-talharita-de-doi-barbati-care-trebuiau-sa-schimbe-burlanele-casei\\\/#breadcrumb\"},\"inLanguage\":\"ro-RO\",\"potentialAction\":[{\"@type\":\"ReadAction\",\"target\":[\"https:\\\/\\\/urbeamea.ro\\\/albaiulia\\\/familie-din-abrud-talharita-de-doi-barbati-care-trebuiau-sa-schimbe-burlanele-casei\\\/\"]}]},{\"@type\":\"ImageObject\",\"inLanguage\":\"ro-RO\",\"@id\":\"https:\\\/\\\/urbeamea.ro\\\/albaiulia\\\/familie-din-abrud-talharita-de-doi-barbati-care-trebuiau-sa-schimbe-burlanele-casei\\\/#primaryimage\",\"url\":\"https:\\\/\\\/urbeamea.ro\\\/albaiulia\\\/wp-content\\\/uploads\\\/2015\\\/07\\\/politist-amenda.jpg\",\"contentUrl\":\"https:\\\/\\\/urbeamea.ro\\\/albaiulia\\\/wp-content\\\/uploads\\\/2015\\\/07\\\/politist-amenda.jpg\",\"width\":1024,\"height\":733},{\"@type\":\"BreadcrumbList\",\"@id\":\"https:\\\/\\\/urbeamea.ro\\\/albaiulia\\\/familie-din-abrud-talharita-de-doi-barbati-care-trebuiau-sa-schimbe-burlanele-casei\\\/#breadcrumb\",\"itemListElement\":[{\"@type\":\"ListItem\",\"position\":1,\"name\":\"Prima pagin\u0103\",\"item\":\"https:\\\/\\\/urbeamea.ro\\\/albaiulia\\\/\"},{\"@type\":\"ListItem\",\"position\":2,\"name\":\"Familie din Abrud, t\u00e2lh\u0103rit\u0103 de doi b\u0103rba\u0163i care trebuiau s\u0103 schimbe burlanele casei\"}]},{\"@type\":\"WebSite\",\"@id\":\"https:\\\/\\\/urbeamea.ro\\\/albaiulia\\\/#website\",\"url\":\"https:\\\/\\\/urbeamea.ro\\\/albaiulia\\\/\",\"name\":\"Revista Urbea Mea, Stiri urbane\",\"description\":\"Evenimente \u0219i \u0219tiri din Alba Iulia, Sebe\u0219, Aiud, Blaj\",\"potentialAction\":[{\"@type\":\"SearchAction\",\"target\":{\"@type\":\"EntryPoint\",\"urlTemplate\":\"https:\\\/\\\/urbeamea.ro\\\/albaiulia\\\/?s={search_term_string}\"},\"query-input\":{\"@type\":\"PropertyValueSpecification\",\"valueRequired\":true,\"valueName\":\"search_term_string\"}}],\"inLanguage\":\"ro-RO\"},{\"@type\":\"Person\",\"@id\":\"https:\\\/\\\/urbeamea.ro\\\/albaiulia\\\/#\\\/schema\\\/person\\\/9700d21fae21c4f038b0b56f4506264a\",\"name\":\"Cristina Ganga\",\"image\":{\"@type\":\"ImageObject\",\"inLanguage\":\"ro-RO\",\"@id\":\"https:\\\/\\\/secure.gravatar.com\\\/avatar\\\/5a67661041f057b4a8ccaf26f5a8e86e2689372006d01faf3dd9eeb10b654bb4?s=96&d=mm&r=g\",\"url\":\"https:\\\/\\\/secure.gravatar.com\\\/avatar\\\/5a67661041f057b4a8ccaf26f5a8e86e2689372006d01faf3dd9eeb10b654bb4?s=96&d=mm&r=g\",\"contentUrl\":\"https:\\\/\\\/secure.gravatar.com\\\/avatar\\\/5a67661041f057b4a8ccaf26f5a8e86e2689372006d01faf3dd9eeb10b654bb4?s=96&d=mm&r=g\",\"caption\":\"Cristina Ganga\"},\"description\":\"Jurnalist\",\"sameAs\":[\"https:\\\/\\\/www.facebook.com\\\/cristina.nicola.587\"],\"url\":\"https:\\\/\\\/urbeamea.ro\\\/albaiulia\\\/author\\\/cristina-nicola\\\/\"}]}<\/script>\n<!-- \/ Yoast SEO plugin. -->","yoast_head_json":{"title":"Familie din Abrud, t\u00e2lh\u0103rit\u0103 de doi b\u0103rba\u0163i care trebuiau s\u0103 schimbe burlanele casei - Revista Urbea Mea - Revista de Alba","description":"Un t\u00e2n\u0103r \u00een v\u00e2rst\u0103 de 25 de ani din Oradea s-a ales cu dosar penal pentru t\u00e2lh\u0103rie la Abrud. Al\u0103turi de alte persoane, acesta a aranjat o lucrare de","robots":{"index":"index","follow":"follow","max-snippet":"max-snippet:-1","max-image-preview":"max-image-preview:large","max-video-preview":"max-video-preview:-1"},"canonical":"https:\/\/urbeamea.ro\/albaiulia\/familie-din-abrud-talharita-de-doi-barbati-care-trebuiau-sa-schimbe-burlanele-casei\/","twitter_card":"summary_large_image","twitter_title":"Familie din Abrud, t\u00e2lh\u0103rit\u0103 de doi b\u0103rba\u0163i care trebuiau s\u0103 schimbe burlanele casei - Revista Urbea Mea - Revista de Alba","twitter_description":"Un t\u00e2n\u0103r \u00een v\u00e2rst\u0103 de 25 de ani din Oradea s-a ales cu dosar penal pentru t\u00e2lh\u0103rie la Abrud. Al\u0103turi de alte persoane, acesta a aranjat o lucrare de","twitter_image":"https:\/\/urbeamea.ro\/albaiulia\/wp-content\/uploads\/2015\/07\/politist-amenda.jpg","twitter_creator":"@urbeameaweb","twitter_site":"@urbeameaweb","schema":{"@context":"https:\/\/schema.org","@graph":[{"@type":"Article","@id":"https:\/\/urbeamea.ro\/albaiulia\/familie-din-abrud-talharita-de-doi-barbati-care-trebuiau-sa-schimbe-burlanele-casei\/#article","isPartOf":{"@id":"https:\/\/urbeamea.ro\/albaiulia\/familie-din-abrud-talharita-de-doi-barbati-care-trebuiau-sa-schimbe-burlanele-casei\/"},"author":{"name":"Cristina Ganga","@id":"https:\/\/urbeamea.ro\/albaiulia\/#\/schema\/person\/9700d21fae21c4f038b0b56f4506264a"},"headline":"Familie din Abrud, t\u00e2lh\u0103rit\u0103 de doi b\u0103rba\u0163i care trebuiau s\u0103 schimbe burlanele casei","datePublished":"2016-02-08T11:54:43+00:00","dateModified":"2016-02-08T11:55:21+00:00","mainEntityOfPage":{"@id":"https:\/\/urbeamea.ro\/albaiulia\/familie-din-abrud-talharita-de-doi-barbati-care-trebuiau-sa-schimbe-burlanele-casei\/"},"wordCount":309,"commentCount":0,"image":{"@id":"https:\/\/urbeamea.ro\/albaiulia\/familie-din-abrud-talharita-de-doi-barbati-care-trebuiau-sa-schimbe-burlanele-casei\/#primaryimage"},"thumbnailUrl":"https:\/\/urbeamea.ro\/albaiulia\/wp-content\/uploads\/2015\/07\/politist-amenda.jpg","keywords":["abrud","agresat","alba","amenintare","burlane","dosar penal","inculpat","stiri","talharie","Urbea Mea","victima"],"articleSection":["Social"],"inLanguage":"ro-RO","potentialAction":[{"@type":"CommentAction","name":"Comment","target":["https:\/\/urbeamea.ro\/albaiulia\/familie-din-abrud-talharita-de-doi-barbati-care-trebuiau-sa-schimbe-burlanele-casei\/#respond"]}]},{"@type":"WebPage","@id":"https:\/\/urbeamea.ro\/albaiulia\/familie-din-abrud-talharita-de-doi-barbati-care-trebuiau-sa-schimbe-burlanele-casei\/","url":"https:\/\/urbeamea.ro\/albaiulia\/familie-din-abrud-talharita-de-doi-barbati-care-trebuiau-sa-schimbe-burlanele-casei\/","name":"Familie din Abrud, t\u00e2lh\u0103rit\u0103 de doi b\u0103rba\u0163i care trebuiau s\u0103 schimbe burlanele casei - Revista Urbea Mea - Revista de Alba","isPartOf":{"@id":"https:\/\/urbeamea.ro\/albaiulia\/#website"},"primaryImageOfPage":{"@id":"https:\/\/urbeamea.ro\/albaiulia\/familie-din-abrud-talharita-de-doi-barbati-care-trebuiau-sa-schimbe-burlanele-casei\/#primaryimage"},"image":{"@id":"https:\/\/urbeamea.ro\/albaiulia\/familie-din-abrud-talharita-de-doi-barbati-care-trebuiau-sa-schimbe-burlanele-casei\/#primaryimage"},"thumbnailUrl":"https:\/\/urbeamea.ro\/albaiulia\/wp-content\/uploads\/2015\/07\/politist-amenda.jpg","datePublished":"2016-02-08T11:54:43+00:00","dateModified":"2016-02-08T11:55:21+00:00","author":{"@id":"https:\/\/urbeamea.ro\/albaiulia\/#\/schema\/person\/9700d21fae21c4f038b0b56f4506264a"},"description":"Un t\u00e2n\u0103r \u00een v\u00e2rst\u0103 de 25 de ani din Oradea s-a ales cu dosar penal pentru t\u00e2lh\u0103rie la Abrud. Al\u0103turi de alte persoane, acesta a aranjat o lucrare de","breadcrumb":{"@id":"https:\/\/urbeamea.ro\/albaiulia\/familie-din-abrud-talharita-de-doi-barbati-care-trebuiau-sa-schimbe-burlanele-casei\/#breadcrumb"},"inLanguage":"ro-RO","potentialAction":[{"@type":"ReadAction","target":["https:\/\/urbeamea.ro\/albaiulia\/familie-din-abrud-talharita-de-doi-barbati-care-trebuiau-sa-schimbe-burlanele-casei\/"]}]},{"@type":"ImageObject","inLanguage":"ro-RO","@id":"https:\/\/urbeamea.ro\/albaiulia\/familie-din-abrud-talharita-de-doi-barbati-care-trebuiau-sa-schimbe-burlanele-casei\/#primaryimage","url":"https:\/\/urbeamea.ro\/albaiulia\/wp-content\/uploads\/2015\/07\/politist-amenda.jpg","contentUrl":"https:\/\/urbeamea.ro\/albaiulia\/wp-content\/uploads\/2015\/07\/politist-amenda.jpg","width":1024,"height":733},{"@type":"BreadcrumbList","@id":"https:\/\/urbeamea.ro\/albaiulia\/familie-din-abrud-talharita-de-doi-barbati-care-trebuiau-sa-schimbe-burlanele-casei\/#breadcrumb","itemListElement":[{"@type":"ListItem","position":1,"name":"Prima pagin\u0103","item":"https:\/\/urbeamea.ro\/albaiulia\/"},{"@type":"ListItem","position":2,"name":"Familie din Abrud, t\u00e2lh\u0103rit\u0103 de doi b\u0103rba\u0163i care trebuiau s\u0103 schimbe burlanele casei"}]},{"@type":"WebSite","@id":"https:\/\/urbeamea.ro\/albaiulia\/#website","url":"https:\/\/urbeamea.ro\/albaiulia\/","name":"Revista Urbea Mea, Stiri urbane","description":"Evenimente \u0219i \u0219tiri din Alba Iulia, Sebe\u0219, Aiud, Blaj","potentialAction":[{"@type":"SearchAction","target":{"@type":"EntryPoint","urlTemplate":"https:\/\/urbeamea.ro\/albaiulia\/?s={search_term_string}"},"query-input":{"@type":"PropertyValueSpecification","valueRequired":true,"valueName":"search_term_string"}}],"inLanguage":"ro-RO"},{"@type":"Person","@id":"https:\/\/urbeamea.ro\/albaiulia\/#\/schema\/person\/9700d21fae21c4f038b0b56f4506264a","name":"Cristina Ganga","image":{"@type":"ImageObject","inLanguage":"ro-RO","@id":"https:\/\/secure.gravatar.com\/avatar\/5a67661041f057b4a8ccaf26f5a8e86e2689372006d01faf3dd9eeb10b654bb4?s=96&d=mm&r=g","url":"https:\/\/secure.gravatar.com\/avatar\/5a67661041f057b4a8ccaf26f5a8e86e2689372006d01faf3dd9eeb10b654bb4?s=96&d=mm&r=g","contentUrl":"https:\/\/secure.gravatar.com\/avatar\/5a67661041f057b4a8ccaf26f5a8e86e2689372006d01faf3dd9eeb10b654bb4?s=96&d=mm&r=g","caption":"Cristina Ganga"},"description":"Jurnalist","sameAs":["https:\/\/www.facebook.com\/cristina.nicola.587"],"url":"https:\/\/urbeamea.ro\/albaiulia\/author\/cristina-nicola\/"}]}},"_links":{"self":[{"href":"https:\/\/urbeamea.ro\/albaiulia\/wp-json\/wp\/v2\/posts\/17867","targetHints":{"allow":["GET"]}}],"collection":[{"href":"https:\/\/urbeamea.ro\/albaiulia\/wp-json\/wp\/v2\/posts"}],"about":[{"href":"https:\/\/urbeamea.ro\/albaiulia\/wp-json\/wp\/v2\/types\/post"}],"author":[{"embeddable":true,"href":"https:\/\/urbeamea.ro\/albaiulia\/wp-json\/wp\/v2\/users\/17"}],"replies":[{"embeddable":true,"href":"https:\/\/urbeamea.ro\/albaiulia\/wp-json\/wp\/v2\/comments?post=17867"}],"version-history":[{"count":0,"href":"https:\/\/urbeamea.ro\/albaiulia\/wp-json\/wp\/v2\/posts\/17867\/revisions"}],"wp:featuredmedia":[{"embeddable":true,"href":"https:\/\/urbeamea.ro\/albaiulia\/wp-json\/wp\/v2\/media\/6361"}],"wp:attachment":[{"href":"https:\/\/urbeamea.ro\/albaiulia\/wp-json\/wp\/v2\/media?parent=17867"}],"wp:term":[{"taxonomy":"category","embeddable":true,"href":"https:\/\/urbeamea.ro\/albaiulia\/wp-json\/wp\/v2\/categories?post=17867"},{"taxonomy":"post_tag","embeddable":true,"href":"https:\/\/urbeamea.ro\/albaiulia\/wp-json\/wp\/v2\/tags?post=17867"}],"curies":[{"name":"wp","href":"https:\/\/api.w.org\/{rel}","templated":true}]}}