{"id":17870,"date":"2016-02-08T13:59:54","date_gmt":"2016-02-08T11:59:54","guid":{"rendered":"http:\/\/urbeamea.ro\/albaiulia\/?p=17870"},"modified":"2016-02-08T13:59:54","modified_gmt":"2016-02-08T11:59:54","slug":"tanar-de-27-de-ani-din-ighiu-arestat-dupa-ce-l-a-agresat-pe-un-barbat-si-i-a-furat-mai-multe-bunuri","status":"publish","type":"post","link":"https:\/\/urbeamea.ro\/albaiulia\/tanar-de-27-de-ani-din-ighiu-arestat-dupa-ce-l-a-agresat-pe-un-barbat-si-i-a-furat-mai-multe-bunuri\/","title":{"rendered":"T\u00e2n\u0103r de 27 de ani din Ighiu, arestat dup\u0103 ce l-a agresat pe un b\u0103rbat \u015fi i-a furat mai multe bunuri"},"content":{"rendered":"<p><strong><img loading=\"lazy\" decoding=\"async\" class=\"size-medium wp-image-17555 alignleft\" src=\"http:\/\/urbeamea.ro\/albaiulia\/wp-content\/uploads\/2016\/02\/arest-300x217.png\" alt=\"arest\" width=\"300\" height=\"217\" \/>Un t\u00e2n\u0103r \u00een v\u00e2rst\u0103 de 27 de ani din comuna Ighiu a fost arestat preventiv pentru t\u00e2lh\u0103rie calificat\u0103. Aflat \u00eentr-o locuin\u0163\u0103 din comun\u0103, acesta l-a agresat pe un alt b\u0103rbat \u015fi i-a furat telefonul mobil, l\u0103n\u0163i\u015forul de argint \u015fi bocancii. Victima a ajuns la spital.<\/strong><\/p>\n<p>Vineri, 5 februarie 2016, poli\u0163i\u015fti din cadrul Postului de Poli\u0163ie Ighiu au fost sesiza\u0163i prin apel 112, cu privire la faptul c\u0103 la locuin\u0163a unui cet\u0103\u0163ean din comuna Ighiu se afla un b\u0103rbat de 40 de ani, care \u00een noaptea de 4\/5 februarie a fost victima unei agresiuni.<\/p>\n<p>\u00cen urma activit\u0103\u0163ilor desf\u0103\u015furate de poli\u0163i\u015fti s-a stabilit c\u0103, \u00een timp ce b\u0103rbatul de 40 de ani se afla, \u00eempreun\u0103 cu alte trei persoane, la o locuin\u0163\u0103 din comuna Ighiu, unde au consumat b\u0103uturi alcoolice, \u00eentre ace\u015ftia a avut loc un conflict spontan. Acesta a fost agresat fizic de unul dintre cei trei b\u0103rba\u0163i.<\/p>\n<p>La plecare, agresorul \u015fi-a \u00eensu\u015fit un telefon mobil, un lan\u0163 de argint \u015fi o pereche de bocanci, bunuri care apar\u0163ineau persoanei v\u0103t\u0103mate.<\/p>\n<p>Victima a fost transportat\u0103 cu ambulan\u0163a la Spitalul Jude\u0163ean de Urgen\u0163\u0103 Alba \u00een vederea acord\u0103rii de \u00eengrijiri medicale de specialitate.<\/p>\n<p>\u00cen urma activit\u0103\u0163ilor efectuate de poli\u0163i\u015fti s-a reu\u015fit probarea activit\u0103\u0163ii infrac\u0163ionale a lui O. M., de 27 de ani, din comuna Ighiu, jude\u0163ul Alba, \u00een sarcina c\u0103ruia s-a re\u0163inut comiterea infrac\u0163iunii de \u201et\u00e2lh\u0103rie calificat\u0103\u201d.<\/p>\n<p>B\u0103rbatul a fost prezentat Judec\u0103toriei Alba Iulia cu propunere de arestare preventiv\u0103, care a emis pe numele acestuia, un mandat de arestare preventiv\u0103, pentru o perioada de 30 zile, care a fost depus \u00een Centrul de Re\u0163inere \u015fi Arestare Preventiv\u0103 din cadrul IPJ Alba.<\/p>\n","protected":false},"excerpt":{"rendered":"<p>Un t\u00e2n\u0103r \u00een v\u00e2rst\u0103 de 27 de ani din comuna Ighiu a fost arestat preventiv pentru t\u00e2lh\u0103rie calificat\u0103. Aflat \u00eentr-o locuin\u0163\u0103 din comun\u0103, acesta l-a agresat pe un alt b\u0103rbat \u015fi i-a furat telefonul mobil, l\u0103n\u0163i\u015forul de argint \u015fi bocancii. Victima a ajuns la spital. Vineri, 5 februarie 2016, poli\u0163i\u015fti din cadrul Postului de Poli\u0163ie &hellip;<\/p>\n","protected":false},"author":17,"featured_media":17555,"comment_status":"open","ping_status":"open","sticky":false,"template":"","format":"standard","meta":{"inline_featured_image":false,"footnotes":""},"categories":[2034],"tags":[307,2666,2465,2600,458,308,76,2664],"class_list":["post-17870","post","type-post","status-publish","format-standard","has-post-thumbnail","hentry","category-social","tag-alba","tag-arestat","tag-furt","tag-ighiu","tag-politisti","tag-stiri","tag-urbea-mea","tag-victima"],"yoast_head":"<!-- This site is optimized with the Yoast SEO plugin v27.4 - https:\/\/yoast.com\/product\/yoast-seo-wordpress\/ -->\n<title>T\u00e2n\u0103r de 27 de ani din Ighiu, arestat dup\u0103 ce l-a agresat pe un b\u0103rbat \u015fi i-a furat mai multe bunuri - Revista Urbea Mea - Revista de Alba<\/title>\n<meta name=\"description\" content=\"Un t\u00e2n\u0103r \u00een v\u00e2rst\u0103 de 27 de ani din comuna Ighiu a fost arestat preventiv pentru t\u00e2lh\u0103rie calificat\u0103. Aflat \u00eentr-o locuin\u0163\u0103 din comun\u0103, acesta l-a agresat\" \/>\n<meta name=\"robots\" content=\"index, follow, max-snippet:-1, max-image-preview:large, max-video-preview:-1\" \/>\n<link rel=\"canonical\" href=\"https:\/\/urbeamea.ro\/albaiulia\/tanar-de-27-de-ani-din-ighiu-arestat-dupa-ce-l-a-agresat-pe-un-barbat-si-i-a-furat-mai-multe-bunuri\/\" \/>\n<meta name=\"twitter:card\" content=\"summary_large_image\" \/>\n<meta name=\"twitter:title\" content=\"T\u00e2n\u0103r de 27 de ani din Ighiu, arestat dup\u0103 ce l-a agresat pe un b\u0103rbat \u015fi i-a furat mai multe bunuri - Revista Urbea Mea - Revista de Alba\" \/>\n<meta name=\"twitter:description\" content=\"Un t\u00e2n\u0103r \u00een v\u00e2rst\u0103 de 27 de ani din comuna Ighiu a fost arestat preventiv pentru t\u00e2lh\u0103rie calificat\u0103. Aflat \u00eentr-o locuin\u0163\u0103 din comun\u0103, acesta l-a agresat\" \/>\n<meta name=\"twitter:image\" content=\"https:\/\/urbeamea.ro\/albaiulia\/wp-content\/uploads\/2016\/02\/arest.png\" \/>\n<meta name=\"twitter:creator\" content=\"@urbeameaweb\" \/>\n<meta name=\"twitter:site\" content=\"@urbeameaweb\" \/>\n<script type=\"application\/ld+json\" class=\"yoast-schema-graph\">{\"@context\":\"https:\\\/\\\/schema.org\",\"@graph\":[{\"@type\":\"Article\",\"@id\":\"https:\\\/\\\/urbeamea.ro\\\/albaiulia\\\/tanar-de-27-de-ani-din-ighiu-arestat-dupa-ce-l-a-agresat-pe-un-barbat-si-i-a-furat-mai-multe-bunuri\\\/#article\",\"isPartOf\":{\"@id\":\"https:\\\/\\\/urbeamea.ro\\\/albaiulia\\\/tanar-de-27-de-ani-din-ighiu-arestat-dupa-ce-l-a-agresat-pe-un-barbat-si-i-a-furat-mai-multe-bunuri\\\/\"},\"author\":{\"name\":\"Cristina Ganga\",\"@id\":\"https:\\\/\\\/urbeamea.ro\\\/albaiulia\\\/#\\\/schema\\\/person\\\/9700d21fae21c4f038b0b56f4506264a\"},\"headline\":\"T\u00e2n\u0103r de 27 de ani din Ighiu, arestat dup\u0103 ce l-a agresat pe un b\u0103rbat \u015fi i-a furat mai multe bunuri\",\"datePublished\":\"2016-02-08T11:59:54+00:00\",\"mainEntityOfPage\":{\"@id\":\"https:\\\/\\\/urbeamea.ro\\\/albaiulia\\\/tanar-de-27-de-ani-din-ighiu-arestat-dupa-ce-l-a-agresat-pe-un-barbat-si-i-a-furat-mai-multe-bunuri\\\/\"},\"wordCount\":328,\"commentCount\":0,\"image\":{\"@id\":\"https:\\\/\\\/urbeamea.ro\\\/albaiulia\\\/tanar-de-27-de-ani-din-ighiu-arestat-dupa-ce-l-a-agresat-pe-un-barbat-si-i-a-furat-mai-multe-bunuri\\\/#primaryimage\"},\"thumbnailUrl\":\"https:\\\/\\\/urbeamea.ro\\\/albaiulia\\\/wp-content\\\/uploads\\\/2016\\\/02\\\/arest.png\",\"keywords\":[\"alba\",\"arestat\",\"furt\",\"ighiu\",\"politisti\",\"stiri\",\"Urbea Mea\",\"victima\"],\"articleSection\":[\"Social\"],\"inLanguage\":\"ro-RO\",\"potentialAction\":[{\"@type\":\"CommentAction\",\"name\":\"Comment\",\"target\":[\"https:\\\/\\\/urbeamea.ro\\\/albaiulia\\\/tanar-de-27-de-ani-din-ighiu-arestat-dupa-ce-l-a-agresat-pe-un-barbat-si-i-a-furat-mai-multe-bunuri\\\/#respond\"]}]},{\"@type\":\"WebPage\",\"@id\":\"https:\\\/\\\/urbeamea.ro\\\/albaiulia\\\/tanar-de-27-de-ani-din-ighiu-arestat-dupa-ce-l-a-agresat-pe-un-barbat-si-i-a-furat-mai-multe-bunuri\\\/\",\"url\":\"https:\\\/\\\/urbeamea.ro\\\/albaiulia\\\/tanar-de-27-de-ani-din-ighiu-arestat-dupa-ce-l-a-agresat-pe-un-barbat-si-i-a-furat-mai-multe-bunuri\\\/\",\"name\":\"T\u00e2n\u0103r de 27 de ani din Ighiu, arestat dup\u0103 ce l-a agresat pe un b\u0103rbat \u015fi i-a furat mai multe bunuri - Revista Urbea Mea - Revista de Alba\",\"isPartOf\":{\"@id\":\"https:\\\/\\\/urbeamea.ro\\\/albaiulia\\\/#website\"},\"primaryImageOfPage\":{\"@id\":\"https:\\\/\\\/urbeamea.ro\\\/albaiulia\\\/tanar-de-27-de-ani-din-ighiu-arestat-dupa-ce-l-a-agresat-pe-un-barbat-si-i-a-furat-mai-multe-bunuri\\\/#primaryimage\"},\"image\":{\"@id\":\"https:\\\/\\\/urbeamea.ro\\\/albaiulia\\\/tanar-de-27-de-ani-din-ighiu-arestat-dupa-ce-l-a-agresat-pe-un-barbat-si-i-a-furat-mai-multe-bunuri\\\/#primaryimage\"},\"thumbnailUrl\":\"https:\\\/\\\/urbeamea.ro\\\/albaiulia\\\/wp-content\\\/uploads\\\/2016\\\/02\\\/arest.png\",\"datePublished\":\"2016-02-08T11:59:54+00:00\",\"author\":{\"@id\":\"https:\\\/\\\/urbeamea.ro\\\/albaiulia\\\/#\\\/schema\\\/person\\\/9700d21fae21c4f038b0b56f4506264a\"},\"description\":\"Un t\u00e2n\u0103r \u00een v\u00e2rst\u0103 de 27 de ani din comuna Ighiu a fost arestat preventiv pentru t\u00e2lh\u0103rie calificat\u0103. Aflat \u00eentr-o locuin\u0163\u0103 din comun\u0103, acesta l-a agresat\",\"breadcrumb\":{\"@id\":\"https:\\\/\\\/urbeamea.ro\\\/albaiulia\\\/tanar-de-27-de-ani-din-ighiu-arestat-dupa-ce-l-a-agresat-pe-un-barbat-si-i-a-furat-mai-multe-bunuri\\\/#breadcrumb\"},\"inLanguage\":\"ro-RO\",\"potentialAction\":[{\"@type\":\"ReadAction\",\"target\":[\"https:\\\/\\\/urbeamea.ro\\\/albaiulia\\\/tanar-de-27-de-ani-din-ighiu-arestat-dupa-ce-l-a-agresat-pe-un-barbat-si-i-a-furat-mai-multe-bunuri\\\/\"]}]},{\"@type\":\"ImageObject\",\"inLanguage\":\"ro-RO\",\"@id\":\"https:\\\/\\\/urbeamea.ro\\\/albaiulia\\\/tanar-de-27-de-ani-din-ighiu-arestat-dupa-ce-l-a-agresat-pe-un-barbat-si-i-a-furat-mai-multe-bunuri\\\/#primaryimage\",\"url\":\"https:\\\/\\\/urbeamea.ro\\\/albaiulia\\\/wp-content\\\/uploads\\\/2016\\\/02\\\/arest.png\",\"contentUrl\":\"https:\\\/\\\/urbeamea.ro\\\/albaiulia\\\/wp-content\\\/uploads\\\/2016\\\/02\\\/arest.png\",\"width\":700,\"height\":507},{\"@type\":\"BreadcrumbList\",\"@id\":\"https:\\\/\\\/urbeamea.ro\\\/albaiulia\\\/tanar-de-27-de-ani-din-ighiu-arestat-dupa-ce-l-a-agresat-pe-un-barbat-si-i-a-furat-mai-multe-bunuri\\\/#breadcrumb\",\"itemListElement\":[{\"@type\":\"ListItem\",\"position\":1,\"name\":\"Prima pagin\u0103\",\"item\":\"https:\\\/\\\/urbeamea.ro\\\/albaiulia\\\/\"},{\"@type\":\"ListItem\",\"position\":2,\"name\":\"T\u00e2n\u0103r de 27 de ani din Ighiu, arestat dup\u0103 ce l-a agresat pe un b\u0103rbat \u015fi i-a furat mai multe bunuri\"}]},{\"@type\":\"WebSite\",\"@id\":\"https:\\\/\\\/urbeamea.ro\\\/albaiulia\\\/#website\",\"url\":\"https:\\\/\\\/urbeamea.ro\\\/albaiulia\\\/\",\"name\":\"Revista Urbea Mea, Stiri urbane\",\"description\":\"Evenimente \u0219i \u0219tiri din Alba Iulia, Sebe\u0219, Aiud, Blaj\",\"potentialAction\":[{\"@type\":\"SearchAction\",\"target\":{\"@type\":\"EntryPoint\",\"urlTemplate\":\"https:\\\/\\\/urbeamea.ro\\\/albaiulia\\\/?s={search_term_string}\"},\"query-input\":{\"@type\":\"PropertyValueSpecification\",\"valueRequired\":true,\"valueName\":\"search_term_string\"}}],\"inLanguage\":\"ro-RO\"},{\"@type\":\"Person\",\"@id\":\"https:\\\/\\\/urbeamea.ro\\\/albaiulia\\\/#\\\/schema\\\/person\\\/9700d21fae21c4f038b0b56f4506264a\",\"name\":\"Cristina Ganga\",\"image\":{\"@type\":\"ImageObject\",\"inLanguage\":\"ro-RO\",\"@id\":\"https:\\\/\\\/secure.gravatar.com\\\/avatar\\\/5a67661041f057b4a8ccaf26f5a8e86e2689372006d01faf3dd9eeb10b654bb4?s=96&d=mm&r=g\",\"url\":\"https:\\\/\\\/secure.gravatar.com\\\/avatar\\\/5a67661041f057b4a8ccaf26f5a8e86e2689372006d01faf3dd9eeb10b654bb4?s=96&d=mm&r=g\",\"contentUrl\":\"https:\\\/\\\/secure.gravatar.com\\\/avatar\\\/5a67661041f057b4a8ccaf26f5a8e86e2689372006d01faf3dd9eeb10b654bb4?s=96&d=mm&r=g\",\"caption\":\"Cristina Ganga\"},\"description\":\"Jurnalist\",\"sameAs\":[\"https:\\\/\\\/www.facebook.com\\\/cristina.nicola.587\"],\"url\":\"https:\\\/\\\/urbeamea.ro\\\/albaiulia\\\/author\\\/cristina-nicola\\\/\"}]}<\/script>\n<!-- \/ Yoast SEO plugin. -->","yoast_head_json":{"title":"T\u00e2n\u0103r de 27 de ani din Ighiu, arestat dup\u0103 ce l-a agresat pe un b\u0103rbat \u015fi i-a furat mai multe bunuri - Revista Urbea Mea - Revista de Alba","description":"Un t\u00e2n\u0103r \u00een v\u00e2rst\u0103 de 27 de ani din comuna Ighiu a fost arestat preventiv pentru t\u00e2lh\u0103rie calificat\u0103. Aflat \u00eentr-o locuin\u0163\u0103 din comun\u0103, acesta l-a agresat","robots":{"index":"index","follow":"follow","max-snippet":"max-snippet:-1","max-image-preview":"max-image-preview:large","max-video-preview":"max-video-preview:-1"},"canonical":"https:\/\/urbeamea.ro\/albaiulia\/tanar-de-27-de-ani-din-ighiu-arestat-dupa-ce-l-a-agresat-pe-un-barbat-si-i-a-furat-mai-multe-bunuri\/","twitter_card":"summary_large_image","twitter_title":"T\u00e2n\u0103r de 27 de ani din Ighiu, arestat dup\u0103 ce l-a agresat pe un b\u0103rbat \u015fi i-a furat mai multe bunuri - Revista Urbea Mea - Revista de Alba","twitter_description":"Un t\u00e2n\u0103r \u00een v\u00e2rst\u0103 de 27 de ani din comuna Ighiu a fost arestat preventiv pentru t\u00e2lh\u0103rie calificat\u0103. Aflat \u00eentr-o locuin\u0163\u0103 din comun\u0103, acesta l-a agresat","twitter_image":"https:\/\/urbeamea.ro\/albaiulia\/wp-content\/uploads\/2016\/02\/arest.png","twitter_creator":"@urbeameaweb","twitter_site":"@urbeameaweb","schema":{"@context":"https:\/\/schema.org","@graph":[{"@type":"Article","@id":"https:\/\/urbeamea.ro\/albaiulia\/tanar-de-27-de-ani-din-ighiu-arestat-dupa-ce-l-a-agresat-pe-un-barbat-si-i-a-furat-mai-multe-bunuri\/#article","isPartOf":{"@id":"https:\/\/urbeamea.ro\/albaiulia\/tanar-de-27-de-ani-din-ighiu-arestat-dupa-ce-l-a-agresat-pe-un-barbat-si-i-a-furat-mai-multe-bunuri\/"},"author":{"name":"Cristina Ganga","@id":"https:\/\/urbeamea.ro\/albaiulia\/#\/schema\/person\/9700d21fae21c4f038b0b56f4506264a"},"headline":"T\u00e2n\u0103r de 27 de ani din Ighiu, arestat dup\u0103 ce l-a agresat pe un b\u0103rbat \u015fi i-a furat mai multe bunuri","datePublished":"2016-02-08T11:59:54+00:00","mainEntityOfPage":{"@id":"https:\/\/urbeamea.ro\/albaiulia\/tanar-de-27-de-ani-din-ighiu-arestat-dupa-ce-l-a-agresat-pe-un-barbat-si-i-a-furat-mai-multe-bunuri\/"},"wordCount":328,"commentCount":0,"image":{"@id":"https:\/\/urbeamea.ro\/albaiulia\/tanar-de-27-de-ani-din-ighiu-arestat-dupa-ce-l-a-agresat-pe-un-barbat-si-i-a-furat-mai-multe-bunuri\/#primaryimage"},"thumbnailUrl":"https:\/\/urbeamea.ro\/albaiulia\/wp-content\/uploads\/2016\/02\/arest.png","keywords":["alba","arestat","furt","ighiu","politisti","stiri","Urbea Mea","victima"],"articleSection":["Social"],"inLanguage":"ro-RO","potentialAction":[{"@type":"CommentAction","name":"Comment","target":["https:\/\/urbeamea.ro\/albaiulia\/tanar-de-27-de-ani-din-ighiu-arestat-dupa-ce-l-a-agresat-pe-un-barbat-si-i-a-furat-mai-multe-bunuri\/#respond"]}]},{"@type":"WebPage","@id":"https:\/\/urbeamea.ro\/albaiulia\/tanar-de-27-de-ani-din-ighiu-arestat-dupa-ce-l-a-agresat-pe-un-barbat-si-i-a-furat-mai-multe-bunuri\/","url":"https:\/\/urbeamea.ro\/albaiulia\/tanar-de-27-de-ani-din-ighiu-arestat-dupa-ce-l-a-agresat-pe-un-barbat-si-i-a-furat-mai-multe-bunuri\/","name":"T\u00e2n\u0103r de 27 de ani din Ighiu, arestat dup\u0103 ce l-a agresat pe un b\u0103rbat \u015fi i-a furat mai multe bunuri - Revista Urbea Mea - Revista de Alba","isPartOf":{"@id":"https:\/\/urbeamea.ro\/albaiulia\/#website"},"primaryImageOfPage":{"@id":"https:\/\/urbeamea.ro\/albaiulia\/tanar-de-27-de-ani-din-ighiu-arestat-dupa-ce-l-a-agresat-pe-un-barbat-si-i-a-furat-mai-multe-bunuri\/#primaryimage"},"image":{"@id":"https:\/\/urbeamea.ro\/albaiulia\/tanar-de-27-de-ani-din-ighiu-arestat-dupa-ce-l-a-agresat-pe-un-barbat-si-i-a-furat-mai-multe-bunuri\/#primaryimage"},"thumbnailUrl":"https:\/\/urbeamea.ro\/albaiulia\/wp-content\/uploads\/2016\/02\/arest.png","datePublished":"2016-02-08T11:59:54+00:00","author":{"@id":"https:\/\/urbeamea.ro\/albaiulia\/#\/schema\/person\/9700d21fae21c4f038b0b56f4506264a"},"description":"Un t\u00e2n\u0103r \u00een v\u00e2rst\u0103 de 27 de ani din comuna Ighiu a fost arestat preventiv pentru t\u00e2lh\u0103rie calificat\u0103. Aflat \u00eentr-o locuin\u0163\u0103 din comun\u0103, acesta l-a agresat","breadcrumb":{"@id":"https:\/\/urbeamea.ro\/albaiulia\/tanar-de-27-de-ani-din-ighiu-arestat-dupa-ce-l-a-agresat-pe-un-barbat-si-i-a-furat-mai-multe-bunuri\/#breadcrumb"},"inLanguage":"ro-RO","potentialAction":[{"@type":"ReadAction","target":["https:\/\/urbeamea.ro\/albaiulia\/tanar-de-27-de-ani-din-ighiu-arestat-dupa-ce-l-a-agresat-pe-un-barbat-si-i-a-furat-mai-multe-bunuri\/"]}]},{"@type":"ImageObject","inLanguage":"ro-RO","@id":"https:\/\/urbeamea.ro\/albaiulia\/tanar-de-27-de-ani-din-ighiu-arestat-dupa-ce-l-a-agresat-pe-un-barbat-si-i-a-furat-mai-multe-bunuri\/#primaryimage","url":"https:\/\/urbeamea.ro\/albaiulia\/wp-content\/uploads\/2016\/02\/arest.png","contentUrl":"https:\/\/urbeamea.ro\/albaiulia\/wp-content\/uploads\/2016\/02\/arest.png","width":700,"height":507},{"@type":"BreadcrumbList","@id":"https:\/\/urbeamea.ro\/albaiulia\/tanar-de-27-de-ani-din-ighiu-arestat-dupa-ce-l-a-agresat-pe-un-barbat-si-i-a-furat-mai-multe-bunuri\/#breadcrumb","itemListElement":[{"@type":"ListItem","position":1,"name":"Prima pagin\u0103","item":"https:\/\/urbeamea.ro\/albaiulia\/"},{"@type":"ListItem","position":2,"name":"T\u00e2n\u0103r de 27 de ani din Ighiu, arestat dup\u0103 ce l-a agresat pe un b\u0103rbat \u015fi i-a furat mai multe bunuri"}]},{"@type":"WebSite","@id":"https:\/\/urbeamea.ro\/albaiulia\/#website","url":"https:\/\/urbeamea.ro\/albaiulia\/","name":"Revista Urbea Mea, Stiri urbane","description":"Evenimente \u0219i \u0219tiri din Alba Iulia, Sebe\u0219, Aiud, Blaj","potentialAction":[{"@type":"SearchAction","target":{"@type":"EntryPoint","urlTemplate":"https:\/\/urbeamea.ro\/albaiulia\/?s={search_term_string}"},"query-input":{"@type":"PropertyValueSpecification","valueRequired":true,"valueName":"search_term_string"}}],"inLanguage":"ro-RO"},{"@type":"Person","@id":"https:\/\/urbeamea.ro\/albaiulia\/#\/schema\/person\/9700d21fae21c4f038b0b56f4506264a","name":"Cristina Ganga","image":{"@type":"ImageObject","inLanguage":"ro-RO","@id":"https:\/\/secure.gravatar.com\/avatar\/5a67661041f057b4a8ccaf26f5a8e86e2689372006d01faf3dd9eeb10b654bb4?s=96&d=mm&r=g","url":"https:\/\/secure.gravatar.com\/avatar\/5a67661041f057b4a8ccaf26f5a8e86e2689372006d01faf3dd9eeb10b654bb4?s=96&d=mm&r=g","contentUrl":"https:\/\/secure.gravatar.com\/avatar\/5a67661041f057b4a8ccaf26f5a8e86e2689372006d01faf3dd9eeb10b654bb4?s=96&d=mm&r=g","caption":"Cristina Ganga"},"description":"Jurnalist","sameAs":["https:\/\/www.facebook.com\/cristina.nicola.587"],"url":"https:\/\/urbeamea.ro\/albaiulia\/author\/cristina-nicola\/"}]}},"_links":{"self":[{"href":"https:\/\/urbeamea.ro\/albaiulia\/wp-json\/wp\/v2\/posts\/17870","targetHints":{"allow":["GET"]}}],"collection":[{"href":"https:\/\/urbeamea.ro\/albaiulia\/wp-json\/wp\/v2\/posts"}],"about":[{"href":"https:\/\/urbeamea.ro\/albaiulia\/wp-json\/wp\/v2\/types\/post"}],"author":[{"embeddable":true,"href":"https:\/\/urbeamea.ro\/albaiulia\/wp-json\/wp\/v2\/users\/17"}],"replies":[{"embeddable":true,"href":"https:\/\/urbeamea.ro\/albaiulia\/wp-json\/wp\/v2\/comments?post=17870"}],"version-history":[{"count":0,"href":"https:\/\/urbeamea.ro\/albaiulia\/wp-json\/wp\/v2\/posts\/17870\/revisions"}],"wp:featuredmedia":[{"embeddable":true,"href":"https:\/\/urbeamea.ro\/albaiulia\/wp-json\/wp\/v2\/media\/17555"}],"wp:attachment":[{"href":"https:\/\/urbeamea.ro\/albaiulia\/wp-json\/wp\/v2\/media?parent=17870"}],"wp:term":[{"taxonomy":"category","embeddable":true,"href":"https:\/\/urbeamea.ro\/albaiulia\/wp-json\/wp\/v2\/categories?post=17870"},{"taxonomy":"post_tag","embeddable":true,"href":"https:\/\/urbeamea.ro\/albaiulia\/wp-json\/wp\/v2\/tags?post=17870"}],"curies":[{"name":"wp","href":"https:\/\/api.w.org\/{rel}","templated":true}]}}