{"id":17872,"date":"2016-02-08T14:23:59","date_gmt":"2016-02-08T12:23:59","guid":{"rendered":"http:\/\/urbeamea.ro\/albaiulia\/?p=17872"},"modified":"2016-02-08T14:23:59","modified_gmt":"2016-02-08T12:23:59","slug":"dosar-penal-pentru-un-tanar-din-comuna-bistra-pentru-instigare-la-fals","status":"publish","type":"post","link":"https:\/\/urbeamea.ro\/albaiulia\/dosar-penal-pentru-un-tanar-din-comuna-bistra-pentru-instigare-la-fals\/","title":{"rendered":"Dosar penal pentru un t\u00e2n\u0103r din comuna Bistra pentru instigare la fals"},"content":{"rendered":"<p><strong><img loading=\"lazy\" decoding=\"async\" class=\"size-medium wp-image-16562 alignleft\" src=\"http:\/\/urbeamea.ro\/albaiulia\/wp-content\/uploads\/2016\/01\/Masina-de-politie-300x200.jpg\" alt=\"Masina-de-politie\" width=\"300\" height=\"200\" \/>Un t\u00e2n\u0103r \u00een v\u00e2rst\u0103 de 19 ani din comuna Bistra este cercetat de poli\u021bi\u0219ti pentru fals \u015fi instigare la fals dup\u0103 ce i-a \u00eencredin\u0163at ma\u015fina unui localnic de 18 ani, chiar dac\u0103 \u015ftia c\u0103 nu avea permis de conducere. Ulterior, autoturismul a fost implicat \u00eentr-un accident soldat cu pagube materiale.<\/strong><\/p>\n<p>Poli\u0163i\u015ftii Postului de Poli\u0163ie Bistra s-au sesizat din oficiu \u00een acest caz. Potrivit cercet\u0103rilor, B.R. (19 ani), din comuna Bistra, i-a \u00eencredin\u0163at, \u00een 18 decembrie, unui t\u00e2n\u0103r de 18 ani, din aceea\u015fi localitate un autoturism pentru a-l conduce, cunosc\u00e2nd c\u0103 acesta nu posed\u0103 permis de conducere. Ulterior autoturismul a fost implicat \u00eentr-un accident de circula\u0163ie soldat cu pagube materiale.<\/p>\n<p>Evenimentul rutier a fost sesizat de B.R. doar \u00een data de 19 decembrie, c\u00e2nd acesta a declarat \u00een fals c\u0103 el a condus autoturismul \u015fi l-a determinat pe t\u00e2n\u0103r s\u0103 declare c\u0103 a fost pasager \u00een autoturism.<\/p>\n<p>Poli\u0163i\u015ftii continu\u0103 cercet\u0103rile cu privire la comiterea infrac\u0163iunilor de conducerea unui vehicul f\u0103r\u0103 permis de conducere, fals \u00een declara\u0163ii, \u00eencredin\u0163area unui vehicul pentru conducerea pe drumurile publice unei persoane despre care \u015ftie c\u0103 nu posed\u0103 permis de conducere \u015fi a infrac\u0163iunilor de instigare la fals \u00een declara\u0163ii.<\/p>\n","protected":false},"excerpt":{"rendered":"<p>Un t\u00e2n\u0103r \u00een v\u00e2rst\u0103 de 19 ani din comuna Bistra este cercetat de poli\u021bi\u0219ti pentru fals \u015fi instigare la fals dup\u0103 ce i-a \u00eencredin\u0163at ma\u015fina unui localnic de 18 ani, chiar dac\u0103 \u015ftia c\u0103 nu avea permis de conducere. Ulterior, autoturismul a fost implicat \u00eentr-un accident soldat cu pagube materiale. Poli\u0163i\u015ftii Postului de Poli\u0163ie Bistra &hellip;<\/p>\n","protected":false},"author":17,"featured_media":16562,"comment_status":"open","ping_status":"open","sticky":false,"template":"","format":"standard","meta":{"inline_featured_image":false,"footnotes":""},"categories":[2034],"tags":[83,307,2667,2505,401,458,308,76],"class_list":["post-17872","post","type-post","status-publish","format-standard","has-post-thumbnail","hentry","category-social","tag-accident","tag-alba","tag-bistra","tag-infractiune","tag-permis-de-conducere","tag-politisti","tag-stiri","tag-urbea-mea"],"yoast_head":"<!-- This site is optimized with the Yoast SEO plugin v27.4 - https:\/\/yoast.com\/product\/yoast-seo-wordpress\/ -->\n<title>Dosar penal pentru un t\u00e2n\u0103r din comuna Bistra pentru instigare la fals - Revista Urbea Mea - Revista de Alba<\/title>\n<meta name=\"description\" content=\"Un t\u00e2n\u0103r \u00een v\u00e2rst\u0103 de 19 ani din comuna Bistra este cercetat de poli\u021bi\u0219ti pentru fals \u015fi instigare la fals dup\u0103 ce i-a \u00eencredin\u0163at ma\u015fina unui localnic de\" \/>\n<meta name=\"robots\" content=\"index, follow, max-snippet:-1, max-image-preview:large, max-video-preview:-1\" \/>\n<link rel=\"canonical\" href=\"https:\/\/urbeamea.ro\/albaiulia\/dosar-penal-pentru-un-tanar-din-comuna-bistra-pentru-instigare-la-fals\/\" \/>\n<meta name=\"twitter:card\" content=\"summary_large_image\" \/>\n<meta name=\"twitter:title\" content=\"Dosar penal pentru un t\u00e2n\u0103r din comuna Bistra pentru instigare la fals - Revista Urbea Mea - Revista de Alba\" \/>\n<meta name=\"twitter:description\" content=\"Un t\u00e2n\u0103r \u00een v\u00e2rst\u0103 de 19 ani din comuna Bistra este cercetat de poli\u021bi\u0219ti pentru fals \u015fi instigare la fals dup\u0103 ce i-a \u00eencredin\u0163at ma\u015fina unui localnic de\" \/>\n<meta name=\"twitter:image\" content=\"https:\/\/urbeamea.ro\/albaiulia\/wp-content\/uploads\/2016\/01\/Masina-de-politie.jpg\" \/>\n<meta name=\"twitter:creator\" content=\"@urbeameaweb\" \/>\n<meta name=\"twitter:site\" content=\"@urbeameaweb\" \/>\n<script type=\"application\/ld+json\" class=\"yoast-schema-graph\">{\"@context\":\"https:\\\/\\\/schema.org\",\"@graph\":[{\"@type\":\"Article\",\"@id\":\"https:\\\/\\\/urbeamea.ro\\\/albaiulia\\\/dosar-penal-pentru-un-tanar-din-comuna-bistra-pentru-instigare-la-fals\\\/#article\",\"isPartOf\":{\"@id\":\"https:\\\/\\\/urbeamea.ro\\\/albaiulia\\\/dosar-penal-pentru-un-tanar-din-comuna-bistra-pentru-instigare-la-fals\\\/\"},\"author\":{\"name\":\"Cristina Ganga\",\"@id\":\"https:\\\/\\\/urbeamea.ro\\\/albaiulia\\\/#\\\/schema\\\/person\\\/9700d21fae21c4f038b0b56f4506264a\"},\"headline\":\"Dosar penal pentru un t\u00e2n\u0103r din comuna Bistra pentru instigare la fals\",\"datePublished\":\"2016-02-08T12:23:59+00:00\",\"mainEntityOfPage\":{\"@id\":\"https:\\\/\\\/urbeamea.ro\\\/albaiulia\\\/dosar-penal-pentru-un-tanar-din-comuna-bistra-pentru-instigare-la-fals\\\/\"},\"wordCount\":232,\"commentCount\":0,\"image\":{\"@id\":\"https:\\\/\\\/urbeamea.ro\\\/albaiulia\\\/dosar-penal-pentru-un-tanar-din-comuna-bistra-pentru-instigare-la-fals\\\/#primaryimage\"},\"thumbnailUrl\":\"https:\\\/\\\/urbeamea.ro\\\/albaiulia\\\/wp-content\\\/uploads\\\/2016\\\/01\\\/Masina-de-politie.jpg\",\"keywords\":[\"accident\",\"alba\",\"bistra\",\"infractiune\",\"permis de conducere\",\"politisti\",\"stiri\",\"Urbea Mea\"],\"articleSection\":[\"Social\"],\"inLanguage\":\"ro-RO\",\"potentialAction\":[{\"@type\":\"CommentAction\",\"name\":\"Comment\",\"target\":[\"https:\\\/\\\/urbeamea.ro\\\/albaiulia\\\/dosar-penal-pentru-un-tanar-din-comuna-bistra-pentru-instigare-la-fals\\\/#respond\"]}]},{\"@type\":\"WebPage\",\"@id\":\"https:\\\/\\\/urbeamea.ro\\\/albaiulia\\\/dosar-penal-pentru-un-tanar-din-comuna-bistra-pentru-instigare-la-fals\\\/\",\"url\":\"https:\\\/\\\/urbeamea.ro\\\/albaiulia\\\/dosar-penal-pentru-un-tanar-din-comuna-bistra-pentru-instigare-la-fals\\\/\",\"name\":\"Dosar penal pentru un t\u00e2n\u0103r din comuna Bistra pentru instigare la fals - Revista Urbea Mea - Revista de Alba\",\"isPartOf\":{\"@id\":\"https:\\\/\\\/urbeamea.ro\\\/albaiulia\\\/#website\"},\"primaryImageOfPage\":{\"@id\":\"https:\\\/\\\/urbeamea.ro\\\/albaiulia\\\/dosar-penal-pentru-un-tanar-din-comuna-bistra-pentru-instigare-la-fals\\\/#primaryimage\"},\"image\":{\"@id\":\"https:\\\/\\\/urbeamea.ro\\\/albaiulia\\\/dosar-penal-pentru-un-tanar-din-comuna-bistra-pentru-instigare-la-fals\\\/#primaryimage\"},\"thumbnailUrl\":\"https:\\\/\\\/urbeamea.ro\\\/albaiulia\\\/wp-content\\\/uploads\\\/2016\\\/01\\\/Masina-de-politie.jpg\",\"datePublished\":\"2016-02-08T12:23:59+00:00\",\"author\":{\"@id\":\"https:\\\/\\\/urbeamea.ro\\\/albaiulia\\\/#\\\/schema\\\/person\\\/9700d21fae21c4f038b0b56f4506264a\"},\"description\":\"Un t\u00e2n\u0103r \u00een v\u00e2rst\u0103 de 19 ani din comuna Bistra este cercetat de poli\u021bi\u0219ti pentru fals \u015fi instigare la fals dup\u0103 ce i-a \u00eencredin\u0163at ma\u015fina unui localnic de\",\"breadcrumb\":{\"@id\":\"https:\\\/\\\/urbeamea.ro\\\/albaiulia\\\/dosar-penal-pentru-un-tanar-din-comuna-bistra-pentru-instigare-la-fals\\\/#breadcrumb\"},\"inLanguage\":\"ro-RO\",\"potentialAction\":[{\"@type\":\"ReadAction\",\"target\":[\"https:\\\/\\\/urbeamea.ro\\\/albaiulia\\\/dosar-penal-pentru-un-tanar-din-comuna-bistra-pentru-instigare-la-fals\\\/\"]}]},{\"@type\":\"ImageObject\",\"inLanguage\":\"ro-RO\",\"@id\":\"https:\\\/\\\/urbeamea.ro\\\/albaiulia\\\/dosar-penal-pentru-un-tanar-din-comuna-bistra-pentru-instigare-la-fals\\\/#primaryimage\",\"url\":\"https:\\\/\\\/urbeamea.ro\\\/albaiulia\\\/wp-content\\\/uploads\\\/2016\\\/01\\\/Masina-de-politie.jpg\",\"contentUrl\":\"https:\\\/\\\/urbeamea.ro\\\/albaiulia\\\/wp-content\\\/uploads\\\/2016\\\/01\\\/Masina-de-politie.jpg\",\"width\":640,\"height\":426},{\"@type\":\"BreadcrumbList\",\"@id\":\"https:\\\/\\\/urbeamea.ro\\\/albaiulia\\\/dosar-penal-pentru-un-tanar-din-comuna-bistra-pentru-instigare-la-fals\\\/#breadcrumb\",\"itemListElement\":[{\"@type\":\"ListItem\",\"position\":1,\"name\":\"Prima pagin\u0103\",\"item\":\"https:\\\/\\\/urbeamea.ro\\\/albaiulia\\\/\"},{\"@type\":\"ListItem\",\"position\":2,\"name\":\"Dosar penal pentru un t\u00e2n\u0103r din comuna Bistra pentru instigare la fals\"}]},{\"@type\":\"WebSite\",\"@id\":\"https:\\\/\\\/urbeamea.ro\\\/albaiulia\\\/#website\",\"url\":\"https:\\\/\\\/urbeamea.ro\\\/albaiulia\\\/\",\"name\":\"Revista Urbea Mea, Stiri urbane\",\"description\":\"Evenimente \u0219i \u0219tiri din Alba Iulia, Sebe\u0219, Aiud, Blaj\",\"potentialAction\":[{\"@type\":\"SearchAction\",\"target\":{\"@type\":\"EntryPoint\",\"urlTemplate\":\"https:\\\/\\\/urbeamea.ro\\\/albaiulia\\\/?s={search_term_string}\"},\"query-input\":{\"@type\":\"PropertyValueSpecification\",\"valueRequired\":true,\"valueName\":\"search_term_string\"}}],\"inLanguage\":\"ro-RO\"},{\"@type\":\"Person\",\"@id\":\"https:\\\/\\\/urbeamea.ro\\\/albaiulia\\\/#\\\/schema\\\/person\\\/9700d21fae21c4f038b0b56f4506264a\",\"name\":\"Cristina Ganga\",\"image\":{\"@type\":\"ImageObject\",\"inLanguage\":\"ro-RO\",\"@id\":\"https:\\\/\\\/secure.gravatar.com\\\/avatar\\\/5a67661041f057b4a8ccaf26f5a8e86e2689372006d01faf3dd9eeb10b654bb4?s=96&d=mm&r=g\",\"url\":\"https:\\\/\\\/secure.gravatar.com\\\/avatar\\\/5a67661041f057b4a8ccaf26f5a8e86e2689372006d01faf3dd9eeb10b654bb4?s=96&d=mm&r=g\",\"contentUrl\":\"https:\\\/\\\/secure.gravatar.com\\\/avatar\\\/5a67661041f057b4a8ccaf26f5a8e86e2689372006d01faf3dd9eeb10b654bb4?s=96&d=mm&r=g\",\"caption\":\"Cristina Ganga\"},\"description\":\"Jurnalist\",\"sameAs\":[\"https:\\\/\\\/www.facebook.com\\\/cristina.nicola.587\"],\"url\":\"https:\\\/\\\/urbeamea.ro\\\/albaiulia\\\/author\\\/cristina-nicola\\\/\"}]}<\/script>\n<!-- \/ Yoast SEO plugin. -->","yoast_head_json":{"title":"Dosar penal pentru un t\u00e2n\u0103r din comuna Bistra pentru instigare la fals - Revista Urbea Mea - Revista de Alba","description":"Un t\u00e2n\u0103r \u00een v\u00e2rst\u0103 de 19 ani din comuna Bistra este cercetat de poli\u021bi\u0219ti pentru fals \u015fi instigare la fals dup\u0103 ce i-a \u00eencredin\u0163at ma\u015fina unui localnic de","robots":{"index":"index","follow":"follow","max-snippet":"max-snippet:-1","max-image-preview":"max-image-preview:large","max-video-preview":"max-video-preview:-1"},"canonical":"https:\/\/urbeamea.ro\/albaiulia\/dosar-penal-pentru-un-tanar-din-comuna-bistra-pentru-instigare-la-fals\/","twitter_card":"summary_large_image","twitter_title":"Dosar penal pentru un t\u00e2n\u0103r din comuna Bistra pentru instigare la fals - Revista Urbea Mea - Revista de Alba","twitter_description":"Un t\u00e2n\u0103r \u00een v\u00e2rst\u0103 de 19 ani din comuna Bistra este cercetat de poli\u021bi\u0219ti pentru fals \u015fi instigare la fals dup\u0103 ce i-a \u00eencredin\u0163at ma\u015fina unui localnic de","twitter_image":"https:\/\/urbeamea.ro\/albaiulia\/wp-content\/uploads\/2016\/01\/Masina-de-politie.jpg","twitter_creator":"@urbeameaweb","twitter_site":"@urbeameaweb","schema":{"@context":"https:\/\/schema.org","@graph":[{"@type":"Article","@id":"https:\/\/urbeamea.ro\/albaiulia\/dosar-penal-pentru-un-tanar-din-comuna-bistra-pentru-instigare-la-fals\/#article","isPartOf":{"@id":"https:\/\/urbeamea.ro\/albaiulia\/dosar-penal-pentru-un-tanar-din-comuna-bistra-pentru-instigare-la-fals\/"},"author":{"name":"Cristina Ganga","@id":"https:\/\/urbeamea.ro\/albaiulia\/#\/schema\/person\/9700d21fae21c4f038b0b56f4506264a"},"headline":"Dosar penal pentru un t\u00e2n\u0103r din comuna Bistra pentru instigare la fals","datePublished":"2016-02-08T12:23:59+00:00","mainEntityOfPage":{"@id":"https:\/\/urbeamea.ro\/albaiulia\/dosar-penal-pentru-un-tanar-din-comuna-bistra-pentru-instigare-la-fals\/"},"wordCount":232,"commentCount":0,"image":{"@id":"https:\/\/urbeamea.ro\/albaiulia\/dosar-penal-pentru-un-tanar-din-comuna-bistra-pentru-instigare-la-fals\/#primaryimage"},"thumbnailUrl":"https:\/\/urbeamea.ro\/albaiulia\/wp-content\/uploads\/2016\/01\/Masina-de-politie.jpg","keywords":["accident","alba","bistra","infractiune","permis de conducere","politisti","stiri","Urbea Mea"],"articleSection":["Social"],"inLanguage":"ro-RO","potentialAction":[{"@type":"CommentAction","name":"Comment","target":["https:\/\/urbeamea.ro\/albaiulia\/dosar-penal-pentru-un-tanar-din-comuna-bistra-pentru-instigare-la-fals\/#respond"]}]},{"@type":"WebPage","@id":"https:\/\/urbeamea.ro\/albaiulia\/dosar-penal-pentru-un-tanar-din-comuna-bistra-pentru-instigare-la-fals\/","url":"https:\/\/urbeamea.ro\/albaiulia\/dosar-penal-pentru-un-tanar-din-comuna-bistra-pentru-instigare-la-fals\/","name":"Dosar penal pentru un t\u00e2n\u0103r din comuna Bistra pentru instigare la fals - Revista Urbea Mea - Revista de Alba","isPartOf":{"@id":"https:\/\/urbeamea.ro\/albaiulia\/#website"},"primaryImageOfPage":{"@id":"https:\/\/urbeamea.ro\/albaiulia\/dosar-penal-pentru-un-tanar-din-comuna-bistra-pentru-instigare-la-fals\/#primaryimage"},"image":{"@id":"https:\/\/urbeamea.ro\/albaiulia\/dosar-penal-pentru-un-tanar-din-comuna-bistra-pentru-instigare-la-fals\/#primaryimage"},"thumbnailUrl":"https:\/\/urbeamea.ro\/albaiulia\/wp-content\/uploads\/2016\/01\/Masina-de-politie.jpg","datePublished":"2016-02-08T12:23:59+00:00","author":{"@id":"https:\/\/urbeamea.ro\/albaiulia\/#\/schema\/person\/9700d21fae21c4f038b0b56f4506264a"},"description":"Un t\u00e2n\u0103r \u00een v\u00e2rst\u0103 de 19 ani din comuna Bistra este cercetat de poli\u021bi\u0219ti pentru fals \u015fi instigare la fals dup\u0103 ce i-a \u00eencredin\u0163at ma\u015fina unui localnic de","breadcrumb":{"@id":"https:\/\/urbeamea.ro\/albaiulia\/dosar-penal-pentru-un-tanar-din-comuna-bistra-pentru-instigare-la-fals\/#breadcrumb"},"inLanguage":"ro-RO","potentialAction":[{"@type":"ReadAction","target":["https:\/\/urbeamea.ro\/albaiulia\/dosar-penal-pentru-un-tanar-din-comuna-bistra-pentru-instigare-la-fals\/"]}]},{"@type":"ImageObject","inLanguage":"ro-RO","@id":"https:\/\/urbeamea.ro\/albaiulia\/dosar-penal-pentru-un-tanar-din-comuna-bistra-pentru-instigare-la-fals\/#primaryimage","url":"https:\/\/urbeamea.ro\/albaiulia\/wp-content\/uploads\/2016\/01\/Masina-de-politie.jpg","contentUrl":"https:\/\/urbeamea.ro\/albaiulia\/wp-content\/uploads\/2016\/01\/Masina-de-politie.jpg","width":640,"height":426},{"@type":"BreadcrumbList","@id":"https:\/\/urbeamea.ro\/albaiulia\/dosar-penal-pentru-un-tanar-din-comuna-bistra-pentru-instigare-la-fals\/#breadcrumb","itemListElement":[{"@type":"ListItem","position":1,"name":"Prima pagin\u0103","item":"https:\/\/urbeamea.ro\/albaiulia\/"},{"@type":"ListItem","position":2,"name":"Dosar penal pentru un t\u00e2n\u0103r din comuna Bistra pentru instigare la fals"}]},{"@type":"WebSite","@id":"https:\/\/urbeamea.ro\/albaiulia\/#website","url":"https:\/\/urbeamea.ro\/albaiulia\/","name":"Revista Urbea Mea, Stiri urbane","description":"Evenimente \u0219i \u0219tiri din Alba Iulia, Sebe\u0219, Aiud, Blaj","potentialAction":[{"@type":"SearchAction","target":{"@type":"EntryPoint","urlTemplate":"https:\/\/urbeamea.ro\/albaiulia\/?s={search_term_string}"},"query-input":{"@type":"PropertyValueSpecification","valueRequired":true,"valueName":"search_term_string"}}],"inLanguage":"ro-RO"},{"@type":"Person","@id":"https:\/\/urbeamea.ro\/albaiulia\/#\/schema\/person\/9700d21fae21c4f038b0b56f4506264a","name":"Cristina Ganga","image":{"@type":"ImageObject","inLanguage":"ro-RO","@id":"https:\/\/secure.gravatar.com\/avatar\/5a67661041f057b4a8ccaf26f5a8e86e2689372006d01faf3dd9eeb10b654bb4?s=96&d=mm&r=g","url":"https:\/\/secure.gravatar.com\/avatar\/5a67661041f057b4a8ccaf26f5a8e86e2689372006d01faf3dd9eeb10b654bb4?s=96&d=mm&r=g","contentUrl":"https:\/\/secure.gravatar.com\/avatar\/5a67661041f057b4a8ccaf26f5a8e86e2689372006d01faf3dd9eeb10b654bb4?s=96&d=mm&r=g","caption":"Cristina Ganga"},"description":"Jurnalist","sameAs":["https:\/\/www.facebook.com\/cristina.nicola.587"],"url":"https:\/\/urbeamea.ro\/albaiulia\/author\/cristina-nicola\/"}]}},"_links":{"self":[{"href":"https:\/\/urbeamea.ro\/albaiulia\/wp-json\/wp\/v2\/posts\/17872","targetHints":{"allow":["GET"]}}],"collection":[{"href":"https:\/\/urbeamea.ro\/albaiulia\/wp-json\/wp\/v2\/posts"}],"about":[{"href":"https:\/\/urbeamea.ro\/albaiulia\/wp-json\/wp\/v2\/types\/post"}],"author":[{"embeddable":true,"href":"https:\/\/urbeamea.ro\/albaiulia\/wp-json\/wp\/v2\/users\/17"}],"replies":[{"embeddable":true,"href":"https:\/\/urbeamea.ro\/albaiulia\/wp-json\/wp\/v2\/comments?post=17872"}],"version-history":[{"count":0,"href":"https:\/\/urbeamea.ro\/albaiulia\/wp-json\/wp\/v2\/posts\/17872\/revisions"}],"wp:featuredmedia":[{"embeddable":true,"href":"https:\/\/urbeamea.ro\/albaiulia\/wp-json\/wp\/v2\/media\/16562"}],"wp:attachment":[{"href":"https:\/\/urbeamea.ro\/albaiulia\/wp-json\/wp\/v2\/media?parent=17872"}],"wp:term":[{"taxonomy":"category","embeddable":true,"href":"https:\/\/urbeamea.ro\/albaiulia\/wp-json\/wp\/v2\/categories?post=17872"},{"taxonomy":"post_tag","embeddable":true,"href":"https:\/\/urbeamea.ro\/albaiulia\/wp-json\/wp\/v2\/tags?post=17872"}],"curies":[{"name":"wp","href":"https:\/\/api.w.org\/{rel}","templated":true}]}}