{"id":17993,"date":"2016-02-11T13:05:36","date_gmt":"2016-02-11T11:05:36","guid":{"rendered":"http:\/\/urbeamea.ro\/albaiulia\/?p=17993"},"modified":"2016-02-11T13:05:36","modified_gmt":"2016-02-11T11:05:36","slug":"dosare-penale-pentru-doi-barbati-din-cugir-si-teius-in-urma-savaesirii-unor-infractiuni-rutiere","status":"publish","type":"post","link":"https:\/\/urbeamea.ro\/albaiulia\/dosare-penale-pentru-doi-barbati-din-cugir-si-teius-in-urma-savaesirii-unor-infractiuni-rutiere\/","title":{"rendered":"Dosare penale pentru doi b\u0103rba\u021bi din Cugir \u0219i Teiu\u0219 \u00een urma s\u0103v\u00e2e\u0219irii unor infrac\u021biuni rutiere"},"content":{"rendered":"<p><strong><img loading=\"lazy\" decoding=\"async\" class=\"size-medium wp-image-16254 alignleft\" src=\"http:\/\/urbeamea.ro\/albaiulia\/wp-content\/uploads\/2016\/01\/politia-600x452-300x226.jpg\" alt=\"politia-600x452\" width=\"300\" height=\"226\" srcset=\"https:\/\/urbeamea.ro\/albaiulia\/wp-content\/uploads\/2016\/01\/politia-600x452-300x226.jpg 300w, https:\/\/urbeamea.ro\/albaiulia\/wp-content\/uploads\/2016\/01\/politia-600x452-150x113.jpg 150w, https:\/\/urbeamea.ro\/albaiulia\/wp-content\/uploads\/2016\/01\/politia-600x452.jpg 600w\" sizes=\"auto, (max-width: 300px) 100vw, 300px\" \/>Doi tineri, unul de 29 de ani din Cugir, iar cel\u0103lalt de 21 de ani din Teiu\u0219, sunt cerceta\u021bi de poli\u021bi\u0219ti dup\u0103 ce au fost prin\u0219i conduc\u00e2nd f\u0103r\u0103 permis sau un vehicul ne\u00eenmatriculat.<\/strong><\/p>\n<p>Potrivit IPJ Alba, poli\u0163i\u015fti de ordine public\u0103 din cadrul Poli\u0163iei Municipiului Alba Iulia au oprit pentru control, pe strada Republicii, din municipiul Alba Iulia, un autoturism condus de un b\u0103rbat de 29 de ani, din ora\u015ful Cugir. Din verific\u0103rile efectuate s-a stabilit c\u0103 b\u0103rbatul nu de\u0163ine permis de conducere pentru nici o categorie de vehicule.<\/p>\n<p>\u00cen cauz\u0103 se efectueaz\u0103 cercet\u0103ri sub aspectul comiterii infrac\u0163iunii de ,,conducere a unui vehicul f\u0103r\u0103 permis de conducere\u201d.<\/p>\n<p>Miercuri, 10 februarie, poli\u0163i\u015fti din cadrul Sec\u0163iei Poli\u0163ie Rural\u0103 Aiud au oprit pentru control un tractor, condus de un t\u00e2n\u0103r de 21 de ani, din ora\u015ful Teiu\u015f, pe care erau montate pl\u0103cu\u0163e cu numere provizorii de circula\u0163ie.<\/p>\n<p>\u00centruc\u00e2t conduc\u0103torul auto nu avea nici un document asupra sa, s-a procedat la verificarea \u00een bazele de date, ocazie cu care s-a constatat c\u0103 numerele de \u00eenmatriculare erau expirate.<\/p>\n<p>\u00cen cauza se efectueaz\u0103 cercet\u0103ri pentru s\u0103v\u00e2r\u015firea infrac\u021biunii de \u201epunerea \u00een circula\u0163ie sau conducerea pe drumurile publice a unui vehicul ne\u00eenmatriculat\u201d.<\/p>\n","protected":false},"excerpt":{"rendered":"<p>Doi tineri, unul de 29 de ani din Cugir, iar cel\u0103lalt de 21 de ani din Teiu\u0219, sunt cerceta\u021bi de poli\u021bi\u0219ti dup\u0103 ce au fost prin\u0219i conduc\u00e2nd f\u0103r\u0103 permis sau un vehicul ne\u00eenmatriculat. Potrivit IPJ Alba, poli\u0163i\u015fti de ordine public\u0103 din cadrul Poli\u0163iei Municipiului Alba Iulia au oprit pentru control, pe strada Republicii, din municipiul &hellip;<\/p>\n","protected":false},"author":17,"featured_media":16254,"comment_status":"open","ping_status":"open","sticky":false,"template":"","format":"standard","meta":{"inline_featured_image":false,"footnotes":""},"categories":[2034],"tags":[307,2760,1424,2670,2761,401,458,308,2419,76],"class_list":["post-17993","post","type-post","status-publish","format-standard","has-post-thumbnail","hentry","category-social","tag-alba","tag-cercetati","tag-cugir","tag-dosare-penale","tag-numere-provizorii","tag-permis-de-conducere","tag-politisti","tag-stiri","tag-teius","tag-urbea-mea"],"yoast_head":"<!-- This site is optimized with the Yoast SEO plugin v28.3 - https:\/\/yoast.com\/product\/yoast-seo-wordpress\/ -->\n<title>Dosare penale pentru doi b\u0103rba\u021bi din Cugir \u0219i Teiu\u0219 \u00een urma s\u0103v\u00e2e\u0219irii unor infrac\u021biuni rutiere - Revista Urbea Mea - Revista de Alba<\/title>\n<meta name=\"description\" content=\"Doi tineri, unul de 29 de ani din Cugir, iar cel\u0103lalt de 21 de ani din Teiu\u0219, sunt cerceta\u021bi de poli\u021bi\u0219ti dup\u0103 ce au fost prin\u0219i conduc\u00e2nd f\u0103r\u0103 permis sau\" \/>\n<meta name=\"robots\" content=\"index, follow, max-snippet:-1, max-image-preview:large, max-video-preview:-1\" \/>\n<link rel=\"canonical\" href=\"https:\/\/urbeamea.ro\/albaiulia\/dosare-penale-pentru-doi-barbati-din-cugir-si-teius-in-urma-savaesirii-unor-infractiuni-rutiere\/\" \/>\n<meta name=\"twitter:card\" content=\"summary_large_image\" \/>\n<meta name=\"twitter:title\" content=\"Dosare penale pentru doi b\u0103rba\u021bi din Cugir \u0219i Teiu\u0219 \u00een urma s\u0103v\u00e2e\u0219irii unor infrac\u021biuni rutiere - Revista Urbea Mea - Revista de Alba\" \/>\n<meta name=\"twitter:description\" content=\"Doi tineri, unul de 29 de ani din Cugir, iar cel\u0103lalt de 21 de ani din Teiu\u0219, sunt cerceta\u021bi de poli\u021bi\u0219ti dup\u0103 ce au fost prin\u0219i conduc\u00e2nd f\u0103r\u0103 permis sau\" \/>\n<meta name=\"twitter:image\" content=\"https:\/\/urbeamea.ro\/albaiulia\/wp-content\/uploads\/2016\/01\/politia-600x452.jpg\" \/>\n<meta name=\"twitter:creator\" content=\"@urbeameaweb\" \/>\n<meta name=\"twitter:site\" content=\"@urbeameaweb\" \/>\n<script type=\"application\/ld+json\" class=\"yoast-schema-graph\">{\"@context\":\"https:\\\/\\\/schema.org\",\"@graph\":[{\"@type\":\"Article\",\"@id\":\"https:\\\/\\\/urbeamea.ro\\\/albaiulia\\\/dosare-penale-pentru-doi-barbati-din-cugir-si-teius-in-urma-savaesirii-unor-infractiuni-rutiere\\\/#article\",\"isPartOf\":{\"@id\":\"https:\\\/\\\/urbeamea.ro\\\/albaiulia\\\/dosare-penale-pentru-doi-barbati-din-cugir-si-teius-in-urma-savaesirii-unor-infractiuni-rutiere\\\/\"},\"author\":{\"name\":\"Cristina Ganga\",\"@id\":\"https:\\\/\\\/urbeamea.ro\\\/albaiulia\\\/#\\\/schema\\\/person\\\/9700d21fae21c4f038b0b56f4506264a\"},\"headline\":\"Dosare penale pentru doi b\u0103rba\u021bi din Cugir \u0219i Teiu\u0219 \u00een urma s\u0103v\u00e2e\u0219irii unor infrac\u021biuni rutiere\",\"datePublished\":\"2016-02-11T11:05:36+00:00\",\"mainEntityOfPage\":{\"@id\":\"https:\\\/\\\/urbeamea.ro\\\/albaiulia\\\/dosare-penale-pentru-doi-barbati-din-cugir-si-teius-in-urma-savaesirii-unor-infractiuni-rutiere\\\/\"},\"wordCount\":247,\"commentCount\":0,\"image\":{\"@id\":\"https:\\\/\\\/urbeamea.ro\\\/albaiulia\\\/dosare-penale-pentru-doi-barbati-din-cugir-si-teius-in-urma-savaesirii-unor-infractiuni-rutiere\\\/#primaryimage\"},\"thumbnailUrl\":\"https:\\\/\\\/urbeamea.ro\\\/albaiulia\\\/wp-content\\\/uploads\\\/2016\\\/01\\\/politia-600x452.jpg\",\"keywords\":[\"alba\",\"cercetati\",\"cugir\",\"dosare penale\",\"numere provizorii\",\"permis de conducere\",\"politisti\",\"stiri\",\"teius\",\"Urbea Mea\"],\"articleSection\":[\"Social\"],\"inLanguage\":\"ro-RO\",\"potentialAction\":[{\"@type\":\"CommentAction\",\"name\":\"Comment\",\"target\":[\"https:\\\/\\\/urbeamea.ro\\\/albaiulia\\\/dosare-penale-pentru-doi-barbati-din-cugir-si-teius-in-urma-savaesirii-unor-infractiuni-rutiere\\\/#respond\"]}]},{\"@type\":\"WebPage\",\"@id\":\"https:\\\/\\\/urbeamea.ro\\\/albaiulia\\\/dosare-penale-pentru-doi-barbati-din-cugir-si-teius-in-urma-savaesirii-unor-infractiuni-rutiere\\\/\",\"url\":\"https:\\\/\\\/urbeamea.ro\\\/albaiulia\\\/dosare-penale-pentru-doi-barbati-din-cugir-si-teius-in-urma-savaesirii-unor-infractiuni-rutiere\\\/\",\"name\":\"Dosare penale pentru doi b\u0103rba\u021bi din Cugir \u0219i Teiu\u0219 \u00een urma s\u0103v\u00e2e\u0219irii unor infrac\u021biuni rutiere - Revista Urbea Mea - Revista de Alba\",\"isPartOf\":{\"@id\":\"https:\\\/\\\/urbeamea.ro\\\/albaiulia\\\/#website\"},\"primaryImageOfPage\":{\"@id\":\"https:\\\/\\\/urbeamea.ro\\\/albaiulia\\\/dosare-penale-pentru-doi-barbati-din-cugir-si-teius-in-urma-savaesirii-unor-infractiuni-rutiere\\\/#primaryimage\"},\"image\":{\"@id\":\"https:\\\/\\\/urbeamea.ro\\\/albaiulia\\\/dosare-penale-pentru-doi-barbati-din-cugir-si-teius-in-urma-savaesirii-unor-infractiuni-rutiere\\\/#primaryimage\"},\"thumbnailUrl\":\"https:\\\/\\\/urbeamea.ro\\\/albaiulia\\\/wp-content\\\/uploads\\\/2016\\\/01\\\/politia-600x452.jpg\",\"datePublished\":\"2016-02-11T11:05:36+00:00\",\"author\":{\"@id\":\"https:\\\/\\\/urbeamea.ro\\\/albaiulia\\\/#\\\/schema\\\/person\\\/9700d21fae21c4f038b0b56f4506264a\"},\"description\":\"Doi tineri, unul de 29 de ani din Cugir, iar cel\u0103lalt de 21 de ani din Teiu\u0219, sunt cerceta\u021bi de poli\u021bi\u0219ti dup\u0103 ce au fost prin\u0219i conduc\u00e2nd f\u0103r\u0103 permis sau\",\"breadcrumb\":{\"@id\":\"https:\\\/\\\/urbeamea.ro\\\/albaiulia\\\/dosare-penale-pentru-doi-barbati-din-cugir-si-teius-in-urma-savaesirii-unor-infractiuni-rutiere\\\/#breadcrumb\"},\"inLanguage\":\"ro-RO\",\"potentialAction\":[{\"@type\":\"ReadAction\",\"target\":[\"https:\\\/\\\/urbeamea.ro\\\/albaiulia\\\/dosare-penale-pentru-doi-barbati-din-cugir-si-teius-in-urma-savaesirii-unor-infractiuni-rutiere\\\/\"]}]},{\"@type\":\"ImageObject\",\"inLanguage\":\"ro-RO\",\"@id\":\"https:\\\/\\\/urbeamea.ro\\\/albaiulia\\\/dosare-penale-pentru-doi-barbati-din-cugir-si-teius-in-urma-savaesirii-unor-infractiuni-rutiere\\\/#primaryimage\",\"url\":\"https:\\\/\\\/urbeamea.ro\\\/albaiulia\\\/wp-content\\\/uploads\\\/2016\\\/01\\\/politia-600x452.jpg\",\"contentUrl\":\"https:\\\/\\\/urbeamea.ro\\\/albaiulia\\\/wp-content\\\/uploads\\\/2016\\\/01\\\/politia-600x452.jpg\",\"width\":600,\"height\":452},{\"@type\":\"BreadcrumbList\",\"@id\":\"https:\\\/\\\/urbeamea.ro\\\/albaiulia\\\/dosare-penale-pentru-doi-barbati-din-cugir-si-teius-in-urma-savaesirii-unor-infractiuni-rutiere\\\/#breadcrumb\",\"itemListElement\":[{\"@type\":\"ListItem\",\"position\":1,\"name\":\"Prima pagin\u0103\",\"item\":\"https:\\\/\\\/urbeamea.ro\\\/albaiulia\\\/\"},{\"@type\":\"ListItem\",\"position\":2,\"name\":\"Dosare penale pentru doi b\u0103rba\u021bi din Cugir \u0219i Teiu\u0219 \u00een urma s\u0103v\u00e2e\u0219irii unor infrac\u021biuni rutiere\"}]},{\"@type\":\"WebSite\",\"@id\":\"https:\\\/\\\/urbeamea.ro\\\/albaiulia\\\/#website\",\"url\":\"https:\\\/\\\/urbeamea.ro\\\/albaiulia\\\/\",\"name\":\"Revista Urbea Mea, Stiri urbane\",\"description\":\"Evenimente \u0219i \u0219tiri din Alba Iulia, Sebe\u0219, Aiud, Blaj\",\"potentialAction\":[{\"@type\":\"SearchAction\",\"target\":{\"@type\":\"EntryPoint\",\"urlTemplate\":\"https:\\\/\\\/urbeamea.ro\\\/albaiulia\\\/?s={search_term_string}\"},\"query-input\":{\"@type\":\"PropertyValueSpecification\",\"valueRequired\":true,\"valueName\":\"search_term_string\"}}],\"inLanguage\":\"ro-RO\"},{\"@type\":\"Person\",\"@id\":\"https:\\\/\\\/urbeamea.ro\\\/albaiulia\\\/#\\\/schema\\\/person\\\/9700d21fae21c4f038b0b56f4506264a\",\"name\":\"Cristina Ganga\",\"image\":{\"@type\":\"ImageObject\",\"inLanguage\":\"ro-RO\",\"@id\":\"https:\\\/\\\/secure.gravatar.com\\\/avatar\\\/5a67661041f057b4a8ccaf26f5a8e86e2689372006d01faf3dd9eeb10b654bb4?s=96&d=mm&r=g\",\"url\":\"https:\\\/\\\/secure.gravatar.com\\\/avatar\\\/5a67661041f057b4a8ccaf26f5a8e86e2689372006d01faf3dd9eeb10b654bb4?s=96&d=mm&r=g\",\"contentUrl\":\"https:\\\/\\\/secure.gravatar.com\\\/avatar\\\/5a67661041f057b4a8ccaf26f5a8e86e2689372006d01faf3dd9eeb10b654bb4?s=96&d=mm&r=g\",\"caption\":\"Cristina Ganga\"},\"description\":\"Jurnalist\",\"sameAs\":[\"https:\\\/\\\/www.facebook.com\\\/cristina.nicola.587\"],\"url\":\"https:\\\/\\\/urbeamea.ro\\\/albaiulia\\\/author\\\/cristina-nicola\\\/\"}]}<\/script>\n<!-- \/ Yoast SEO plugin. -->","yoast_head_json":{"title":"Dosare penale pentru doi b\u0103rba\u021bi din Cugir \u0219i Teiu\u0219 \u00een urma s\u0103v\u00e2e\u0219irii unor infrac\u021biuni rutiere - Revista Urbea Mea - Revista de Alba","description":"Doi tineri, unul de 29 de ani din Cugir, iar cel\u0103lalt de 21 de ani din Teiu\u0219, sunt cerceta\u021bi de poli\u021bi\u0219ti dup\u0103 ce au fost prin\u0219i conduc\u00e2nd f\u0103r\u0103 permis sau","robots":{"index":"index","follow":"follow","max-snippet":"max-snippet:-1","max-image-preview":"max-image-preview:large","max-video-preview":"max-video-preview:-1"},"canonical":"https:\/\/urbeamea.ro\/albaiulia\/dosare-penale-pentru-doi-barbati-din-cugir-si-teius-in-urma-savaesirii-unor-infractiuni-rutiere\/","twitter_card":"summary_large_image","twitter_title":"Dosare penale pentru doi b\u0103rba\u021bi din Cugir \u0219i Teiu\u0219 \u00een urma s\u0103v\u00e2e\u0219irii unor infrac\u021biuni rutiere - Revista Urbea Mea - Revista de Alba","twitter_description":"Doi tineri, unul de 29 de ani din Cugir, iar cel\u0103lalt de 21 de ani din Teiu\u0219, sunt cerceta\u021bi de poli\u021bi\u0219ti dup\u0103 ce au fost prin\u0219i conduc\u00e2nd f\u0103r\u0103 permis sau","twitter_image":"https:\/\/urbeamea.ro\/albaiulia\/wp-content\/uploads\/2016\/01\/politia-600x452.jpg","twitter_creator":"@urbeameaweb","twitter_site":"@urbeameaweb","schema":{"@context":"https:\/\/schema.org","@graph":[{"@type":"Article","@id":"https:\/\/urbeamea.ro\/albaiulia\/dosare-penale-pentru-doi-barbati-din-cugir-si-teius-in-urma-savaesirii-unor-infractiuni-rutiere\/#article","isPartOf":{"@id":"https:\/\/urbeamea.ro\/albaiulia\/dosare-penale-pentru-doi-barbati-din-cugir-si-teius-in-urma-savaesirii-unor-infractiuni-rutiere\/"},"author":{"name":"Cristina Ganga","@id":"https:\/\/urbeamea.ro\/albaiulia\/#\/schema\/person\/9700d21fae21c4f038b0b56f4506264a"},"headline":"Dosare penale pentru doi b\u0103rba\u021bi din Cugir \u0219i Teiu\u0219 \u00een urma s\u0103v\u00e2e\u0219irii unor infrac\u021biuni rutiere","datePublished":"2016-02-11T11:05:36+00:00","mainEntityOfPage":{"@id":"https:\/\/urbeamea.ro\/albaiulia\/dosare-penale-pentru-doi-barbati-din-cugir-si-teius-in-urma-savaesirii-unor-infractiuni-rutiere\/"},"wordCount":247,"commentCount":0,"image":{"@id":"https:\/\/urbeamea.ro\/albaiulia\/dosare-penale-pentru-doi-barbati-din-cugir-si-teius-in-urma-savaesirii-unor-infractiuni-rutiere\/#primaryimage"},"thumbnailUrl":"https:\/\/urbeamea.ro\/albaiulia\/wp-content\/uploads\/2016\/01\/politia-600x452.jpg","keywords":["alba","cercetati","cugir","dosare penale","numere provizorii","permis de conducere","politisti","stiri","teius","Urbea Mea"],"articleSection":["Social"],"inLanguage":"ro-RO","potentialAction":[{"@type":"CommentAction","name":"Comment","target":["https:\/\/urbeamea.ro\/albaiulia\/dosare-penale-pentru-doi-barbati-din-cugir-si-teius-in-urma-savaesirii-unor-infractiuni-rutiere\/#respond"]}]},{"@type":"WebPage","@id":"https:\/\/urbeamea.ro\/albaiulia\/dosare-penale-pentru-doi-barbati-din-cugir-si-teius-in-urma-savaesirii-unor-infractiuni-rutiere\/","url":"https:\/\/urbeamea.ro\/albaiulia\/dosare-penale-pentru-doi-barbati-din-cugir-si-teius-in-urma-savaesirii-unor-infractiuni-rutiere\/","name":"Dosare penale pentru doi b\u0103rba\u021bi din Cugir \u0219i Teiu\u0219 \u00een urma s\u0103v\u00e2e\u0219irii unor infrac\u021biuni rutiere - Revista Urbea Mea - Revista de Alba","isPartOf":{"@id":"https:\/\/urbeamea.ro\/albaiulia\/#website"},"primaryImageOfPage":{"@id":"https:\/\/urbeamea.ro\/albaiulia\/dosare-penale-pentru-doi-barbati-din-cugir-si-teius-in-urma-savaesirii-unor-infractiuni-rutiere\/#primaryimage"},"image":{"@id":"https:\/\/urbeamea.ro\/albaiulia\/dosare-penale-pentru-doi-barbati-din-cugir-si-teius-in-urma-savaesirii-unor-infractiuni-rutiere\/#primaryimage"},"thumbnailUrl":"https:\/\/urbeamea.ro\/albaiulia\/wp-content\/uploads\/2016\/01\/politia-600x452.jpg","datePublished":"2016-02-11T11:05:36+00:00","author":{"@id":"https:\/\/urbeamea.ro\/albaiulia\/#\/schema\/person\/9700d21fae21c4f038b0b56f4506264a"},"description":"Doi tineri, unul de 29 de ani din Cugir, iar cel\u0103lalt de 21 de ani din Teiu\u0219, sunt cerceta\u021bi de poli\u021bi\u0219ti dup\u0103 ce au fost prin\u0219i conduc\u00e2nd f\u0103r\u0103 permis sau","breadcrumb":{"@id":"https:\/\/urbeamea.ro\/albaiulia\/dosare-penale-pentru-doi-barbati-din-cugir-si-teius-in-urma-savaesirii-unor-infractiuni-rutiere\/#breadcrumb"},"inLanguage":"ro-RO","potentialAction":[{"@type":"ReadAction","target":["https:\/\/urbeamea.ro\/albaiulia\/dosare-penale-pentru-doi-barbati-din-cugir-si-teius-in-urma-savaesirii-unor-infractiuni-rutiere\/"]}]},{"@type":"ImageObject","inLanguage":"ro-RO","@id":"https:\/\/urbeamea.ro\/albaiulia\/dosare-penale-pentru-doi-barbati-din-cugir-si-teius-in-urma-savaesirii-unor-infractiuni-rutiere\/#primaryimage","url":"https:\/\/urbeamea.ro\/albaiulia\/wp-content\/uploads\/2016\/01\/politia-600x452.jpg","contentUrl":"https:\/\/urbeamea.ro\/albaiulia\/wp-content\/uploads\/2016\/01\/politia-600x452.jpg","width":600,"height":452},{"@type":"BreadcrumbList","@id":"https:\/\/urbeamea.ro\/albaiulia\/dosare-penale-pentru-doi-barbati-din-cugir-si-teius-in-urma-savaesirii-unor-infractiuni-rutiere\/#breadcrumb","itemListElement":[{"@type":"ListItem","position":1,"name":"Prima pagin\u0103","item":"https:\/\/urbeamea.ro\/albaiulia\/"},{"@type":"ListItem","position":2,"name":"Dosare penale pentru doi b\u0103rba\u021bi din Cugir \u0219i Teiu\u0219 \u00een urma s\u0103v\u00e2e\u0219irii unor infrac\u021biuni rutiere"}]},{"@type":"WebSite","@id":"https:\/\/urbeamea.ro\/albaiulia\/#website","url":"https:\/\/urbeamea.ro\/albaiulia\/","name":"Revista Urbea Mea, Stiri urbane","description":"Evenimente \u0219i \u0219tiri din Alba Iulia, Sebe\u0219, Aiud, Blaj","potentialAction":[{"@type":"SearchAction","target":{"@type":"EntryPoint","urlTemplate":"https:\/\/urbeamea.ro\/albaiulia\/?s={search_term_string}"},"query-input":{"@type":"PropertyValueSpecification","valueRequired":true,"valueName":"search_term_string"}}],"inLanguage":"ro-RO"},{"@type":"Person","@id":"https:\/\/urbeamea.ro\/albaiulia\/#\/schema\/person\/9700d21fae21c4f038b0b56f4506264a","name":"Cristina Ganga","image":{"@type":"ImageObject","inLanguage":"ro-RO","@id":"https:\/\/secure.gravatar.com\/avatar\/5a67661041f057b4a8ccaf26f5a8e86e2689372006d01faf3dd9eeb10b654bb4?s=96&d=mm&r=g","url":"https:\/\/secure.gravatar.com\/avatar\/5a67661041f057b4a8ccaf26f5a8e86e2689372006d01faf3dd9eeb10b654bb4?s=96&d=mm&r=g","contentUrl":"https:\/\/secure.gravatar.com\/avatar\/5a67661041f057b4a8ccaf26f5a8e86e2689372006d01faf3dd9eeb10b654bb4?s=96&d=mm&r=g","caption":"Cristina Ganga"},"description":"Jurnalist","sameAs":["https:\/\/www.facebook.com\/cristina.nicola.587"],"url":"https:\/\/urbeamea.ro\/albaiulia\/author\/cristina-nicola\/"}]}},"_links":{"self":[{"href":"https:\/\/urbeamea.ro\/albaiulia\/wp-json\/wp\/v2\/posts\/17993","targetHints":{"allow":["GET"]}}],"collection":[{"href":"https:\/\/urbeamea.ro\/albaiulia\/wp-json\/wp\/v2\/posts"}],"about":[{"href":"https:\/\/urbeamea.ro\/albaiulia\/wp-json\/wp\/v2\/types\/post"}],"author":[{"embeddable":true,"href":"https:\/\/urbeamea.ro\/albaiulia\/wp-json\/wp\/v2\/users\/17"}],"replies":[{"embeddable":true,"href":"https:\/\/urbeamea.ro\/albaiulia\/wp-json\/wp\/v2\/comments?post=17993"}],"version-history":[{"count":0,"href":"https:\/\/urbeamea.ro\/albaiulia\/wp-json\/wp\/v2\/posts\/17993\/revisions"}],"wp:featuredmedia":[{"embeddable":true,"href":"https:\/\/urbeamea.ro\/albaiulia\/wp-json\/wp\/v2\/media\/16254"}],"wp:attachment":[{"href":"https:\/\/urbeamea.ro\/albaiulia\/wp-json\/wp\/v2\/media?parent=17993"}],"wp:term":[{"taxonomy":"category","embeddable":true,"href":"https:\/\/urbeamea.ro\/albaiulia\/wp-json\/wp\/v2\/categories?post=17993"},{"taxonomy":"post_tag","embeddable":true,"href":"https:\/\/urbeamea.ro\/albaiulia\/wp-json\/wp\/v2\/tags?post=17993"}],"curies":[{"name":"wp","href":"https:\/\/api.w.org\/{rel}","templated":true}]}}