{"id":18436,"date":"2016-02-25T16:05:21","date_gmt":"2016-02-25T14:05:21","guid":{"rendered":"http:\/\/urbeamea.ro\/albaiulia\/?p=18436"},"modified":"2016-02-25T16:05:54","modified_gmt":"2016-02-25T14:05:54","slug":"foto-editia-de-primavara-a-targului-de-turism-al-romaniei-consiliul-judetean-promoveaza-destinatiile-turistice-din-alba","status":"publish","type":"post","link":"https:\/\/urbeamea.ro\/albaiulia\/foto-editia-de-primavara-a-targului-de-turism-al-romaniei-consiliul-judetean-promoveaza-destinatiile-turistice-din-alba\/","title":{"rendered":"FOTO: Edi\u021bia de prim\u0103var\u0103 a T\u00e2rgului de Turism al Rom\u00e2niei. Consiliul jude\u021bean promoveaz\u0103 destina\u021biile turistice din Alba"},"content":{"rendered":"<p><strong><img loading=\"lazy\" decoding=\"async\" class=\"size-medium wp-image-18438 alignleft\" src=\"http:\/\/urbeamea.ro\/albaiulia\/wp-content\/uploads\/2016\/02\/IMG_2831-300x200.jpg\" alt=\"IMG_2831\" width=\"300\" height=\"200\" \/>\u00cen aceast\u0103 perioad\u0103 se desf\u0103\u0219oar\u0103 edi\u021bia de prim\u0103var\u0103 a T\u00e2rgului de Turism al Rom\u00e2niei, unde sunt promovate \u0219i destina\u0163iile turistice din jude\u0163ul Alba. Reprezentan\u0163ii Serviciului Turism al Consiliului Jude\u0163ean Alba sunt prezen\u0163i cu un stand de prezentare a ofertei de cazare \u015fi activit\u0103\u0163i de profil din zon\u0103.<\/strong><\/p>\n<p>T\u00e2rgul de Turism al Rom\u00e2niei, edi\u0163ia XXXV, s-a deschis joi, \u00eencep\u00e2nd cu ora 11.00, \u00een prezen\u021ba oficialit\u0103\u021bilor Ministerului Dezvolt\u0103rii Regionale \u0219i Administra\u021biei Publice \u0219i a vizitatorilor, la Centrul Expozi\u021bional Romexpo Bucure\u0219ti. P\u00e2n\u0103 duminic\u0103, aici va fi promovat \u015fi poten\u021bialul turistic al jude\u021bului Alba, at\u00e2t prin materialele realizate special pentru aceast\u0103 edi\u021bie, c\u00e2t \u0219i prin contactul direct cu vizitatorii.<\/p>\n<p>Delega\u021bia jude\u021bului Alba, format\u0103 din reprezentan\u0163i ai Consiliului Jude\u021bean Alba \u2013 Serviciul turism \u0219i Centrele de Informare \u2013 Dezvoltare Turistic\u0103 C\u00e2mpeni \u0219i Zlatna, este prezent\u0103 la standul 49-50, din Pavilionul C3. Ace\u015ftia ofer\u0103 at\u00e2t materiale proprii, c\u00e2t \u0219i ale Centrelor de Informare \u0219i Dezvoltare Turistic\u0103 ale jude\u021bului.<\/p>\n<p>Oferta turistic\u0103 a Consiliului Jude\u021bean Alba, pentru aceast\u0103 edi\u021bie a t\u00e2rgului, este valorificat\u0103 prin intermediul unui stand expozi\u021bional, dezvoltat \u0219i \u00een baza experien\u021bei acumulate de-a lungul timpului \u0219i mai ales a experien\u021bei ob\u021binute \u00een cadrul edi\u021biilor anterioare.<\/p>\n<p><img loading=\"lazy\" decoding=\"async\" class=\"size-medium wp-image-18437 alignright\" src=\"http:\/\/urbeamea.ro\/albaiulia\/wp-content\/uploads\/2016\/02\/IMG_2817-300x200.jpg\" alt=\"turism\" width=\"300\" height=\"200\" \/>Materialele de promovare ale centrelor de informare, precum \u0219i ale Serviciului Turism, cuprind bro\u0219uri de prezentare a tuturor unit\u0103\u021bilor de cazare clasificate din jude\u021b, bro\u0219uri cu destina\u021bii \u0219i activit\u0103\u021bi turistice, harta turistic\u0103 a jude\u021bului Alba, flyere \u0219i pliante cu unit\u0103\u021bi de cazare specifice.<\/p>\n<p><em>\u00cen viitor, Consiliul jude\u021bean Alba inten\u021bioneaz\u0103 crearea unei re\u021bele integrate a centrelor de informare \u0219i promovare turistic\u0103 din jude\u021b, apoi corelarea lor la nivel na\u021bional cu restul centrelor de informare din \u021bar\u0103.<\/em><\/p>\n<p>T\u00e2rgul de Turism al Rom\u00e2niei reune\u0219te, timp de patru zile, at\u00e2t profesioni\u0219tii din domeniu, c\u00e2t \u0219i publicul interesat de c\u0103l\u0103torii, vacan\u021be \u0219i programe de recreere. \u00cen acest scop, organizatorii \u0219i-au propus s\u0103 deschid\u0103 por\u021bile tuturor celor implica\u021bi direct pe aceast\u0103 pia\u021b\u0103: tour-operatori \u0219i agen\u021bii de turism; unit\u0103\u021bi de cazare; firme \u0219i autorit\u0103\u021bi care administreaz\u0103 obiective \u0219i atrac\u021bii turistice; administra\u021bii publice locale \u0219i regionale; organiza\u021bii \u0219i asocia\u021bii de turism; firme care ofer\u0103 servicii de transport \u00een scopuri turistice; firme care ofer\u0103 servicii IT \u0219i software \u00een turism; produc\u0103tori de gadget-uri; furnizori de servicii de educa\u021bie \/ training \/ cariere \u00een turism.<\/p>\n<p>T\u00e2rgul de Turism al Rom\u00e2niei este un eveniment organizat \u00een parteneriat cu Camerele de Comer\u0163 \u015fi Industrie din Rom\u00e2nia, cu Federa\u0163ia Patronatelor din Turismul Rom\u00e2nesc \u2013 FPTR, cu Organiza\u0163ia Patronal\u0103 a Turismului Balnear \u2013 OPTBR, cu Asocia\u0163ia Na\u0163ional\u0103 de Turism Rural, Ecologic \u015fi Cultural \u2013 ANTREC \u0219i cu Asocia\u0163ia Na\u0163ional\u0103 a Agen\u0163iilor de Turism \u2013 ANAT.<\/p>\n<div id='gallery-1' class='gallery galleryid-18436 gallery-columns-3 gallery-size-thumbnail'><figure class='gallery-item'>\n\t\t\t<div class='gallery-icon landscape'>\n\t\t\t\t<a href='https:\/\/urbeamea.ro\/albaiulia\/wp-content\/uploads\/2016\/02\/IMG_2817.jpg'><img decoding=\"async\" width=\"150\" height=\"100\" src=\"data:image\/png;base64,iVBORw0KGgoAAAANSUhEUgAAAYYAAADcAQMAAABOLJSDAAAAA1BMVEUAAACnej3aAAAAAXRSTlMAQObYZgAAACJJREFUaIHtwTEBAAAAwqD1T20ND6AAAAAAAAAAAAAA4N8AKvgAAUFIrrEAAAAASUVORK5CYII=\" class=\"attachment-thumbnail size-thumbnail lazy-img\" alt=\"\" srcset=\"https:\/\/urbeamea.ro\/albaiulia\/wp-content\/uploads\/2016\/02\/IMG_2817-150x100.jpg 150w, https:\/\/urbeamea.ro\/albaiulia\/wp-content\/uploads\/2016\/02\/IMG_2817-640x427.jpg 640w, https:\/\/urbeamea.ro\/albaiulia\/wp-content\/uploads\/2016\/02\/IMG_2817-768x512.jpg 768w, https:\/\/urbeamea.ro\/albaiulia\/wp-content\/uploads\/2016\/02\/IMG_2817.jpg 1280w\" sizes=\"auto, (max-width: 150px) 100vw, 150px\" data-src=\"https:\/\/urbeamea.ro\/albaiulia\/wp-content\/uploads\/2016\/02\/IMG_2817-150x100.jpg\" loading=\"lazy\" \/><\/a>\n\t\t\t<\/div><\/figure><figure class='gallery-item'>\n\t\t\t<div class='gallery-icon landscape'>\n\t\t\t\t<a href='https:\/\/urbeamea.ro\/albaiulia\/wp-content\/uploads\/2016\/02\/IMG_2831.jpg'><img decoding=\"async\" width=\"150\" height=\"100\" src=\"data:image\/png;base64,iVBORw0KGgoAAAANSUhEUgAAAYYAAADcAQMAAABOLJSDAAAAA1BMVEUAAACnej3aAAAAAXRSTlMAQObYZgAAACJJREFUaIHtwTEBAAAAwqD1T20ND6AAAAAAAAAAAAAA4N8AKvgAAUFIrrEAAAAASUVORK5CYII=\" class=\"attachment-thumbnail size-thumbnail lazy-img\" alt=\"\" srcset=\"https:\/\/urbeamea.ro\/albaiulia\/wp-content\/uploads\/2016\/02\/IMG_2831-150x100.jpg 150w, https:\/\/urbeamea.ro\/albaiulia\/wp-content\/uploads\/2016\/02\/IMG_2831-640x427.jpg 640w, https:\/\/urbeamea.ro\/albaiulia\/wp-content\/uploads\/2016\/02\/IMG_2831-768x512.jpg 768w, https:\/\/urbeamea.ro\/albaiulia\/wp-content\/uploads\/2016\/02\/IMG_2831-1024x682.jpg 1024w, https:\/\/urbeamea.ro\/albaiulia\/wp-content\/uploads\/2016\/02\/IMG_2831-1200x800.jpg 1200w, https:\/\/urbeamea.ro\/albaiulia\/wp-content\/uploads\/2016\/02\/IMG_2831.jpg 1280w\" sizes=\"auto, (max-width: 150px) 100vw, 150px\" data-src=\"https:\/\/urbeamea.ro\/albaiulia\/wp-content\/uploads\/2016\/02\/IMG_2831-150x100.jpg\" loading=\"lazy\" \/><\/a>\n\t\t\t<\/div><\/figure><figure class='gallery-item'>\n\t\t\t<div class='gallery-icon landscape'>\n\t\t\t\t<a href='https:\/\/urbeamea.ro\/albaiulia\/wp-content\/uploads\/2016\/02\/IMG_2843.jpg'><img decoding=\"async\" width=\"150\" height=\"100\" src=\"data:image\/png;base64,iVBORw0KGgoAAAANSUhEUgAAAYYAAADcAQMAAABOLJSDAAAAA1BMVEUAAACnej3aAAAAAXRSTlMAQObYZgAAACJJREFUaIHtwTEBAAAAwqD1T20ND6AAAAAAAAAAAAAA4N8AKvgAAUFIrrEAAAAASUVORK5CYII=\" class=\"attachment-thumbnail size-thumbnail lazy-img\" alt=\"\" srcset=\"https:\/\/urbeamea.ro\/albaiulia\/wp-content\/uploads\/2016\/02\/IMG_2843-150x100.jpg 150w, https:\/\/urbeamea.ro\/albaiulia\/wp-content\/uploads\/2016\/02\/IMG_2843-300x200.jpg 300w, https:\/\/urbeamea.ro\/albaiulia\/wp-content\/uploads\/2016\/02\/IMG_2843-768x512.jpg 768w, https:\/\/urbeamea.ro\/albaiulia\/wp-content\/uploads\/2016\/02\/IMG_2843-1024x682.jpg 1024w, https:\/\/urbeamea.ro\/albaiulia\/wp-content\/uploads\/2016\/02\/IMG_2843.jpg 1280w\" sizes=\"auto, (max-width: 150px) 100vw, 150px\" data-src=\"https:\/\/urbeamea.ro\/albaiulia\/wp-content\/uploads\/2016\/02\/IMG_2843-150x100.jpg\" loading=\"lazy\" \/><\/a>\n\t\t\t<\/div><\/figure><figure class='gallery-item'>\n\t\t\t<div class='gallery-icon landscape'>\n\t\t\t\t<a href='https:\/\/urbeamea.ro\/albaiulia\/wp-content\/uploads\/2016\/02\/IMG_2846.jpg'><img decoding=\"async\" width=\"150\" height=\"100\" src=\"data:image\/png;base64,iVBORw0KGgoAAAANSUhEUgAAAYYAAADcAQMAAABOLJSDAAAAA1BMVEUAAACnej3aAAAAAXRSTlMAQObYZgAAACJJREFUaIHtwTEBAAAAwqD1T20ND6AAAAAAAAAAAAAA4N8AKvgAAUFIrrEAAAAASUVORK5CYII=\" class=\"attachment-thumbnail size-thumbnail lazy-img\" alt=\"\" srcset=\"https:\/\/urbeamea.ro\/albaiulia\/wp-content\/uploads\/2016\/02\/IMG_2846-150x100.jpg 150w, https:\/\/urbeamea.ro\/albaiulia\/wp-content\/uploads\/2016\/02\/IMG_2846-300x200.jpg 300w, https:\/\/urbeamea.ro\/albaiulia\/wp-content\/uploads\/2016\/02\/IMG_2846-768x512.jpg 768w, https:\/\/urbeamea.ro\/albaiulia\/wp-content\/uploads\/2016\/02\/IMG_2846-1024x682.jpg 1024w, https:\/\/urbeamea.ro\/albaiulia\/wp-content\/uploads\/2016\/02\/IMG_2846.jpg 1280w\" sizes=\"auto, (max-width: 150px) 100vw, 150px\" data-src=\"https:\/\/urbeamea.ro\/albaiulia\/wp-content\/uploads\/2016\/02\/IMG_2846-150x100.jpg\" loading=\"lazy\" \/><\/a>\n\t\t\t<\/div><\/figure><figure class='gallery-item'>\n\t\t\t<div class='gallery-icon landscape'>\n\t\t\t\t<a href='https:\/\/urbeamea.ro\/albaiulia\/wp-content\/uploads\/2016\/02\/IMG_2859.jpg'><img decoding=\"async\" width=\"150\" height=\"100\" src=\"data:image\/png;base64,iVBORw0KGgoAAAANSUhEUgAAAYYAAADcAQMAAABOLJSDAAAAA1BMVEUAAACnej3aAAAAAXRSTlMAQObYZgAAACJJREFUaIHtwTEBAAAAwqD1T20ND6AAAAAAAAAAAAAA4N8AKvgAAUFIrrEAAAAASUVORK5CYII=\" class=\"attachment-thumbnail size-thumbnail lazy-img\" alt=\"\" srcset=\"https:\/\/urbeamea.ro\/albaiulia\/wp-content\/uploads\/2016\/02\/IMG_2859-150x100.jpg 150w, https:\/\/urbeamea.ro\/albaiulia\/wp-content\/uploads\/2016\/02\/IMG_2859-300x200.jpg 300w, https:\/\/urbeamea.ro\/albaiulia\/wp-content\/uploads\/2016\/02\/IMG_2859-768x512.jpg 768w, https:\/\/urbeamea.ro\/albaiulia\/wp-content\/uploads\/2016\/02\/IMG_2859-1024x682.jpg 1024w, https:\/\/urbeamea.ro\/albaiulia\/wp-content\/uploads\/2016\/02\/IMG_2859.jpg 1280w\" sizes=\"auto, (max-width: 150px) 100vw, 150px\" data-src=\"https:\/\/urbeamea.ro\/albaiulia\/wp-content\/uploads\/2016\/02\/IMG_2859-150x100.jpg\" loading=\"lazy\" \/><\/a>\n\t\t\t<\/div><\/figure><figure class='gallery-item'>\n\t\t\t<div class='gallery-icon landscape'>\n\t\t\t\t<a href='https:\/\/urbeamea.ro\/albaiulia\/wp-content\/uploads\/2016\/02\/IMG_2866.jpg'><img decoding=\"async\" width=\"150\" height=\"100\" src=\"data:image\/png;base64,iVBORw0KGgoAAAANSUhEUgAAAYYAAADcAQMAAABOLJSDAAAAA1BMVEUAAACnej3aAAAAAXRSTlMAQObYZgAAACJJREFUaIHtwTEBAAAAwqD1T20ND6AAAAAAAAAAAAAA4N8AKvgAAUFIrrEAAAAASUVORK5CYII=\" class=\"attachment-thumbnail size-thumbnail lazy-img\" alt=\"\" srcset=\"https:\/\/urbeamea.ro\/albaiulia\/wp-content\/uploads\/2016\/02\/IMG_2866-150x100.jpg 150w, https:\/\/urbeamea.ro\/albaiulia\/wp-content\/uploads\/2016\/02\/IMG_2866-300x200.jpg 300w, https:\/\/urbeamea.ro\/albaiulia\/wp-content\/uploads\/2016\/02\/IMG_2866-768x512.jpg 768w, https:\/\/urbeamea.ro\/albaiulia\/wp-content\/uploads\/2016\/02\/IMG_2866-1024x682.jpg 1024w, https:\/\/urbeamea.ro\/albaiulia\/wp-content\/uploads\/2016\/02\/IMG_2866.jpg 1280w\" sizes=\"auto, (max-width: 150px) 100vw, 150px\" data-src=\"https:\/\/urbeamea.ro\/albaiulia\/wp-content\/uploads\/2016\/02\/IMG_2866-150x100.jpg\" loading=\"lazy\" \/><\/a>\n\t\t\t<\/div><\/figure><figure class='gallery-item'>\n\t\t\t<div class='gallery-icon landscape'>\n\t\t\t\t<a href='https:\/\/urbeamea.ro\/albaiulia\/wp-content\/uploads\/2016\/02\/IMG_2870.jpg'><img decoding=\"async\" width=\"150\" height=\"100\" src=\"data:image\/png;base64,iVBORw0KGgoAAAANSUhEUgAAAYYAAADcAQMAAABOLJSDAAAAA1BMVEUAAACnej3aAAAAAXRSTlMAQObYZgAAACJJREFUaIHtwTEBAAAAwqD1T20ND6AAAAAAAAAAAAAA4N8AKvgAAUFIrrEAAAAASUVORK5CYII=\" class=\"attachment-thumbnail size-thumbnail lazy-img\" alt=\"\" srcset=\"https:\/\/urbeamea.ro\/albaiulia\/wp-content\/uploads\/2016\/02\/IMG_2870-150x100.jpg 150w, https:\/\/urbeamea.ro\/albaiulia\/wp-content\/uploads\/2016\/02\/IMG_2870-300x200.jpg 300w, https:\/\/urbeamea.ro\/albaiulia\/wp-content\/uploads\/2016\/02\/IMG_2870-768x512.jpg 768w, https:\/\/urbeamea.ro\/albaiulia\/wp-content\/uploads\/2016\/02\/IMG_2870-1024x682.jpg 1024w, https:\/\/urbeamea.ro\/albaiulia\/wp-content\/uploads\/2016\/02\/IMG_2870.jpg 1280w\" sizes=\"auto, (max-width: 150px) 100vw, 150px\" data-src=\"https:\/\/urbeamea.ro\/albaiulia\/wp-content\/uploads\/2016\/02\/IMG_2870-150x100.jpg\" loading=\"lazy\" \/><\/a>\n\t\t\t<\/div><\/figure><figure class='gallery-item'>\n\t\t\t<div class='gallery-icon landscape'>\n\t\t\t\t<a href='https:\/\/urbeamea.ro\/albaiulia\/wp-content\/uploads\/2016\/02\/IMG_2896.jpg'><img decoding=\"async\" width=\"150\" height=\"100\" src=\"data:image\/png;base64,iVBORw0KGgoAAAANSUhEUgAAAYYAAADcAQMAAABOLJSDAAAAA1BMVEUAAACnej3aAAAAAXRSTlMAQObYZgAAACJJREFUaIHtwTEBAAAAwqD1T20ND6AAAAAAAAAAAAAA4N8AKvgAAUFIrrEAAAAASUVORK5CYII=\" class=\"attachment-thumbnail size-thumbnail lazy-img\" alt=\"\" srcset=\"https:\/\/urbeamea.ro\/albaiulia\/wp-content\/uploads\/2016\/02\/IMG_2896-150x100.jpg 150w, https:\/\/urbeamea.ro\/albaiulia\/wp-content\/uploads\/2016\/02\/IMG_2896-300x200.jpg 300w, https:\/\/urbeamea.ro\/albaiulia\/wp-content\/uploads\/2016\/02\/IMG_2896-768x512.jpg 768w, https:\/\/urbeamea.ro\/albaiulia\/wp-content\/uploads\/2016\/02\/IMG_2896-1024x682.jpg 1024w, https:\/\/urbeamea.ro\/albaiulia\/wp-content\/uploads\/2016\/02\/IMG_2896.jpg 1280w\" sizes=\"auto, (max-width: 150px) 100vw, 150px\" data-src=\"https:\/\/urbeamea.ro\/albaiulia\/wp-content\/uploads\/2016\/02\/IMG_2896-150x100.jpg\" loading=\"lazy\" \/><\/a>\n\t\t\t<\/div><\/figure><figure class='gallery-item'>\n\t\t\t<div class='gallery-icon landscape'>\n\t\t\t\t<a href='https:\/\/urbeamea.ro\/albaiulia\/wp-content\/uploads\/2016\/02\/IMG_2901.jpg'><img decoding=\"async\" width=\"150\" height=\"100\" src=\"data:image\/png;base64,iVBORw0KGgoAAAANSUhEUgAAAYYAAADcAQMAAABOLJSDAAAAA1BMVEUAAACnej3aAAAAAXRSTlMAQObYZgAAACJJREFUaIHtwTEBAAAAwqD1T20ND6AAAAAAAAAAAAAA4N8AKvgAAUFIrrEAAAAASUVORK5CYII=\" class=\"attachment-thumbnail size-thumbnail lazy-img\" alt=\"\" srcset=\"https:\/\/urbeamea.ro\/albaiulia\/wp-content\/uploads\/2016\/02\/IMG_2901-150x100.jpg 150w, https:\/\/urbeamea.ro\/albaiulia\/wp-content\/uploads\/2016\/02\/IMG_2901-300x200.jpg 300w, https:\/\/urbeamea.ro\/albaiulia\/wp-content\/uploads\/2016\/02\/IMG_2901-768x512.jpg 768w, https:\/\/urbeamea.ro\/albaiulia\/wp-content\/uploads\/2016\/02\/IMG_2901-1024x682.jpg 1024w, https:\/\/urbeamea.ro\/albaiulia\/wp-content\/uploads\/2016\/02\/IMG_2901.jpg 1280w\" sizes=\"auto, (max-width: 150px) 100vw, 150px\" data-src=\"https:\/\/urbeamea.ro\/albaiulia\/wp-content\/uploads\/2016\/02\/IMG_2901-150x100.jpg\" loading=\"lazy\" \/><\/a>\n\t\t\t<\/div><\/figure>\n\t\t<\/div>\n\n","protected":false},"excerpt":{"rendered":"<p>\u00cen aceast\u0103 perioad\u0103 se desf\u0103\u0219oar\u0103 edi\u021bia de prim\u0103var\u0103 a T\u00e2rgului de Turism al Rom\u00e2niei, unde sunt promovate \u0219i destina\u0163iile turistice din jude\u0163ul Alba. Reprezentan\u0163ii Serviciului Turism al Consiliului Jude\u0163ean Alba sunt prezen\u0163i cu un stand de prezentare a ofertei de cazare \u015fi activit\u0103\u0163i de profil din zon\u0103. T\u00e2rgul de Turism al Rom\u00e2niei, edi\u0163ia XXXV, s-a &hellip;<\/p>\n","protected":false},"author":17,"featured_media":18438,"comment_status":"open","ping_status":"open","sticky":false,"template":"","format":"standard","meta":{"inline_featured_image":false,"footnotes":""},"categories":[61],"tags":[307,3102,950,525,3101,1024,1023,308,3100,76,836],"class_list":["post-18436","post","type-post","status-publish","format-standard","has-post-thumbnail","hentry","category-turism","tag-alba","tag-centre-de-informare-si-promovare-turistica","tag-consiliul-judetean","tag-delegatie","tag-destinatii-turistice","tag-pliante","tag-promovare","tag-stiri","tag-targ-de-turism","tag-urbea-mea","tag-vizitatori"],"yoast_head":"<!-- This site is optimized with the Yoast SEO plugin v27.4 - https:\/\/yoast.com\/product\/yoast-seo-wordpress\/ -->\n<title>FOTO: Edi\u021bia de prim\u0103var\u0103 a T\u00e2rgului de Turism al Rom\u00e2niei. Consiliul jude\u021bean promoveaz\u0103 destina\u021biile turistice din Alba - Revista Urbea Mea - Revista de Alba<\/title>\n<meta name=\"description\" content=\"\u00cen aceast\u0103 perioad\u0103 se desf\u0103\u0219oar\u0103 edi\u021bia de prim\u0103var\u0103 a T\u00e2rgului de Turism al Rom\u00e2niei, unde sunt promovate \u0219i destina\u0163iile turistice din jude\u0163ul Alba.\" \/>\n<meta name=\"robots\" content=\"index, follow, max-snippet:-1, max-image-preview:large, max-video-preview:-1\" \/>\n<link rel=\"canonical\" href=\"https:\/\/urbeamea.ro\/albaiulia\/foto-editia-de-primavara-a-targului-de-turism-al-romaniei-consiliul-judetean-promoveaza-destinatiile-turistice-din-alba\/\" \/>\n<meta name=\"twitter:card\" content=\"summary_large_image\" \/>\n<meta name=\"twitter:title\" content=\"FOTO: Edi\u021bia de prim\u0103var\u0103 a T\u00e2rgului de Turism al Rom\u00e2niei. Consiliul jude\u021bean promoveaz\u0103 destina\u021biile turistice din Alba - Revista Urbea Mea - Revista de Alba\" \/>\n<meta name=\"twitter:description\" content=\"\u00cen aceast\u0103 perioad\u0103 se desf\u0103\u0219oar\u0103 edi\u021bia de prim\u0103var\u0103 a T\u00e2rgului de Turism al Rom\u00e2niei, unde sunt promovate \u0219i destina\u0163iile turistice din jude\u0163ul Alba.\" \/>\n<meta name=\"twitter:image\" content=\"https:\/\/urbeamea.ro\/albaiulia\/wp-content\/uploads\/2016\/02\/IMG_2831.jpg\" \/>\n<meta name=\"twitter:creator\" content=\"@urbeameaweb\" \/>\n<meta name=\"twitter:site\" content=\"@urbeameaweb\" \/>\n<script type=\"application\/ld+json\" class=\"yoast-schema-graph\">{\"@context\":\"https:\\\/\\\/schema.org\",\"@graph\":[{\"@type\":\"Article\",\"@id\":\"https:\\\/\\\/urbeamea.ro\\\/albaiulia\\\/foto-editia-de-primavara-a-targului-de-turism-al-romaniei-consiliul-judetean-promoveaza-destinatiile-turistice-din-alba\\\/#article\",\"isPartOf\":{\"@id\":\"https:\\\/\\\/urbeamea.ro\\\/albaiulia\\\/foto-editia-de-primavara-a-targului-de-turism-al-romaniei-consiliul-judetean-promoveaza-destinatiile-turistice-din-alba\\\/\"},\"author\":{\"name\":\"Cristina Ganga\",\"@id\":\"https:\\\/\\\/urbeamea.ro\\\/albaiulia\\\/#\\\/schema\\\/person\\\/9700d21fae21c4f038b0b56f4506264a\"},\"headline\":\"FOTO: Edi\u021bia de prim\u0103var\u0103 a T\u00e2rgului de Turism al Rom\u00e2niei. Consiliul jude\u021bean promoveaz\u0103 destina\u021biile turistice din Alba\",\"datePublished\":\"2016-02-25T14:05:21+00:00\",\"dateModified\":\"2016-02-25T14:05:54+00:00\",\"mainEntityOfPage\":{\"@id\":\"https:\\\/\\\/urbeamea.ro\\\/albaiulia\\\/foto-editia-de-primavara-a-targului-de-turism-al-romaniei-consiliul-judetean-promoveaza-destinatiile-turistice-din-alba\\\/\"},\"wordCount\":524,\"commentCount\":0,\"image\":{\"@id\":\"https:\\\/\\\/urbeamea.ro\\\/albaiulia\\\/foto-editia-de-primavara-a-targului-de-turism-al-romaniei-consiliul-judetean-promoveaza-destinatiile-turistice-din-alba\\\/#primaryimage\"},\"thumbnailUrl\":\"https:\\\/\\\/urbeamea.ro\\\/albaiulia\\\/wp-content\\\/uploads\\\/2016\\\/02\\\/IMG_2831.jpg\",\"keywords\":[\"alba\",\"centre de informare si promovare turistica\",\"consiliul judetean\",\"delegatie\",\"destinatii turistice\",\"pliante\",\"promovare\",\"stiri\",\"targ de turism\",\"Urbea Mea\",\"vizitatori\"],\"articleSection\":[\"Turism \u0219i Ghidaj turistic\"],\"inLanguage\":\"ro-RO\",\"potentialAction\":[{\"@type\":\"CommentAction\",\"name\":\"Comment\",\"target\":[\"https:\\\/\\\/urbeamea.ro\\\/albaiulia\\\/foto-editia-de-primavara-a-targului-de-turism-al-romaniei-consiliul-judetean-promoveaza-destinatiile-turistice-din-alba\\\/#respond\"]}]},{\"@type\":\"WebPage\",\"@id\":\"https:\\\/\\\/urbeamea.ro\\\/albaiulia\\\/foto-editia-de-primavara-a-targului-de-turism-al-romaniei-consiliul-judetean-promoveaza-destinatiile-turistice-din-alba\\\/\",\"url\":\"https:\\\/\\\/urbeamea.ro\\\/albaiulia\\\/foto-editia-de-primavara-a-targului-de-turism-al-romaniei-consiliul-judetean-promoveaza-destinatiile-turistice-din-alba\\\/\",\"name\":\"FOTO: Edi\u021bia de prim\u0103var\u0103 a T\u00e2rgului de Turism al Rom\u00e2niei. Consiliul jude\u021bean promoveaz\u0103 destina\u021biile turistice din Alba - Revista Urbea Mea - Revista de Alba\",\"isPartOf\":{\"@id\":\"https:\\\/\\\/urbeamea.ro\\\/albaiulia\\\/#website\"},\"primaryImageOfPage\":{\"@id\":\"https:\\\/\\\/urbeamea.ro\\\/albaiulia\\\/foto-editia-de-primavara-a-targului-de-turism-al-romaniei-consiliul-judetean-promoveaza-destinatiile-turistice-din-alba\\\/#primaryimage\"},\"image\":{\"@id\":\"https:\\\/\\\/urbeamea.ro\\\/albaiulia\\\/foto-editia-de-primavara-a-targului-de-turism-al-romaniei-consiliul-judetean-promoveaza-destinatiile-turistice-din-alba\\\/#primaryimage\"},\"thumbnailUrl\":\"https:\\\/\\\/urbeamea.ro\\\/albaiulia\\\/wp-content\\\/uploads\\\/2016\\\/02\\\/IMG_2831.jpg\",\"datePublished\":\"2016-02-25T14:05:21+00:00\",\"dateModified\":\"2016-02-25T14:05:54+00:00\",\"author\":{\"@id\":\"https:\\\/\\\/urbeamea.ro\\\/albaiulia\\\/#\\\/schema\\\/person\\\/9700d21fae21c4f038b0b56f4506264a\"},\"description\":\"\u00cen aceast\u0103 perioad\u0103 se desf\u0103\u0219oar\u0103 edi\u021bia de prim\u0103var\u0103 a T\u00e2rgului de Turism al Rom\u00e2niei, unde sunt promovate \u0219i destina\u0163iile turistice din jude\u0163ul Alba.\",\"breadcrumb\":{\"@id\":\"https:\\\/\\\/urbeamea.ro\\\/albaiulia\\\/foto-editia-de-primavara-a-targului-de-turism-al-romaniei-consiliul-judetean-promoveaza-destinatiile-turistice-din-alba\\\/#breadcrumb\"},\"inLanguage\":\"ro-RO\",\"potentialAction\":[{\"@type\":\"ReadAction\",\"target\":[\"https:\\\/\\\/urbeamea.ro\\\/albaiulia\\\/foto-editia-de-primavara-a-targului-de-turism-al-romaniei-consiliul-judetean-promoveaza-destinatiile-turistice-din-alba\\\/\"]}]},{\"@type\":\"ImageObject\",\"inLanguage\":\"ro-RO\",\"@id\":\"https:\\\/\\\/urbeamea.ro\\\/albaiulia\\\/foto-editia-de-primavara-a-targului-de-turism-al-romaniei-consiliul-judetean-promoveaza-destinatiile-turistice-din-alba\\\/#primaryimage\",\"url\":\"https:\\\/\\\/urbeamea.ro\\\/albaiulia\\\/wp-content\\\/uploads\\\/2016\\\/02\\\/IMG_2831.jpg\",\"contentUrl\":\"https:\\\/\\\/urbeamea.ro\\\/albaiulia\\\/wp-content\\\/uploads\\\/2016\\\/02\\\/IMG_2831.jpg\",\"width\":1280,\"height\":853},{\"@type\":\"BreadcrumbList\",\"@id\":\"https:\\\/\\\/urbeamea.ro\\\/albaiulia\\\/foto-editia-de-primavara-a-targului-de-turism-al-romaniei-consiliul-judetean-promoveaza-destinatiile-turistice-din-alba\\\/#breadcrumb\",\"itemListElement\":[{\"@type\":\"ListItem\",\"position\":1,\"name\":\"Prima pagin\u0103\",\"item\":\"https:\\\/\\\/urbeamea.ro\\\/albaiulia\\\/\"},{\"@type\":\"ListItem\",\"position\":2,\"name\":\"FOTO: Edi\u021bia de prim\u0103var\u0103 a T\u00e2rgului de Turism al Rom\u00e2niei. Consiliul jude\u021bean promoveaz\u0103 destina\u021biile turistice din Alba\"}]},{\"@type\":\"WebSite\",\"@id\":\"https:\\\/\\\/urbeamea.ro\\\/albaiulia\\\/#website\",\"url\":\"https:\\\/\\\/urbeamea.ro\\\/albaiulia\\\/\",\"name\":\"Revista Urbea Mea, Stiri urbane\",\"description\":\"Evenimente \u0219i \u0219tiri din Alba Iulia, Sebe\u0219, Aiud, Blaj\",\"potentialAction\":[{\"@type\":\"SearchAction\",\"target\":{\"@type\":\"EntryPoint\",\"urlTemplate\":\"https:\\\/\\\/urbeamea.ro\\\/albaiulia\\\/?s={search_term_string}\"},\"query-input\":{\"@type\":\"PropertyValueSpecification\",\"valueRequired\":true,\"valueName\":\"search_term_string\"}}],\"inLanguage\":\"ro-RO\"},{\"@type\":\"Person\",\"@id\":\"https:\\\/\\\/urbeamea.ro\\\/albaiulia\\\/#\\\/schema\\\/person\\\/9700d21fae21c4f038b0b56f4506264a\",\"name\":\"Cristina Ganga\",\"image\":{\"@type\":\"ImageObject\",\"inLanguage\":\"ro-RO\",\"@id\":\"https:\\\/\\\/secure.gravatar.com\\\/avatar\\\/5a67661041f057b4a8ccaf26f5a8e86e2689372006d01faf3dd9eeb10b654bb4?s=96&d=mm&r=g\",\"url\":\"https:\\\/\\\/secure.gravatar.com\\\/avatar\\\/5a67661041f057b4a8ccaf26f5a8e86e2689372006d01faf3dd9eeb10b654bb4?s=96&d=mm&r=g\",\"contentUrl\":\"https:\\\/\\\/secure.gravatar.com\\\/avatar\\\/5a67661041f057b4a8ccaf26f5a8e86e2689372006d01faf3dd9eeb10b654bb4?s=96&d=mm&r=g\",\"caption\":\"Cristina Ganga\"},\"description\":\"Jurnalist\",\"sameAs\":[\"https:\\\/\\\/www.facebook.com\\\/cristina.nicola.587\"],\"url\":\"https:\\\/\\\/urbeamea.ro\\\/albaiulia\\\/author\\\/cristina-nicola\\\/\"}]}<\/script>\n<!-- \/ Yoast SEO plugin. -->","yoast_head_json":{"title":"FOTO: Edi\u021bia de prim\u0103var\u0103 a T\u00e2rgului de Turism al Rom\u00e2niei. Consiliul jude\u021bean promoveaz\u0103 destina\u021biile turistice din Alba - Revista Urbea Mea - Revista de Alba","description":"\u00cen aceast\u0103 perioad\u0103 se desf\u0103\u0219oar\u0103 edi\u021bia de prim\u0103var\u0103 a T\u00e2rgului de Turism al Rom\u00e2niei, unde sunt promovate \u0219i destina\u0163iile turistice din jude\u0163ul Alba.","robots":{"index":"index","follow":"follow","max-snippet":"max-snippet:-1","max-image-preview":"max-image-preview:large","max-video-preview":"max-video-preview:-1"},"canonical":"https:\/\/urbeamea.ro\/albaiulia\/foto-editia-de-primavara-a-targului-de-turism-al-romaniei-consiliul-judetean-promoveaza-destinatiile-turistice-din-alba\/","twitter_card":"summary_large_image","twitter_title":"FOTO: Edi\u021bia de prim\u0103var\u0103 a T\u00e2rgului de Turism al Rom\u00e2niei. Consiliul jude\u021bean promoveaz\u0103 destina\u021biile turistice din Alba - Revista Urbea Mea - Revista de Alba","twitter_description":"\u00cen aceast\u0103 perioad\u0103 se desf\u0103\u0219oar\u0103 edi\u021bia de prim\u0103var\u0103 a T\u00e2rgului de Turism al Rom\u00e2niei, unde sunt promovate \u0219i destina\u0163iile turistice din jude\u0163ul Alba.","twitter_image":"https:\/\/urbeamea.ro\/albaiulia\/wp-content\/uploads\/2016\/02\/IMG_2831.jpg","twitter_creator":"@urbeameaweb","twitter_site":"@urbeameaweb","schema":{"@context":"https:\/\/schema.org","@graph":[{"@type":"Article","@id":"https:\/\/urbeamea.ro\/albaiulia\/foto-editia-de-primavara-a-targului-de-turism-al-romaniei-consiliul-judetean-promoveaza-destinatiile-turistice-din-alba\/#article","isPartOf":{"@id":"https:\/\/urbeamea.ro\/albaiulia\/foto-editia-de-primavara-a-targului-de-turism-al-romaniei-consiliul-judetean-promoveaza-destinatiile-turistice-din-alba\/"},"author":{"name":"Cristina Ganga","@id":"https:\/\/urbeamea.ro\/albaiulia\/#\/schema\/person\/9700d21fae21c4f038b0b56f4506264a"},"headline":"FOTO: Edi\u021bia de prim\u0103var\u0103 a T\u00e2rgului de Turism al Rom\u00e2niei. Consiliul jude\u021bean promoveaz\u0103 destina\u021biile turistice din Alba","datePublished":"2016-02-25T14:05:21+00:00","dateModified":"2016-02-25T14:05:54+00:00","mainEntityOfPage":{"@id":"https:\/\/urbeamea.ro\/albaiulia\/foto-editia-de-primavara-a-targului-de-turism-al-romaniei-consiliul-judetean-promoveaza-destinatiile-turistice-din-alba\/"},"wordCount":524,"commentCount":0,"image":{"@id":"https:\/\/urbeamea.ro\/albaiulia\/foto-editia-de-primavara-a-targului-de-turism-al-romaniei-consiliul-judetean-promoveaza-destinatiile-turistice-din-alba\/#primaryimage"},"thumbnailUrl":"https:\/\/urbeamea.ro\/albaiulia\/wp-content\/uploads\/2016\/02\/IMG_2831.jpg","keywords":["alba","centre de informare si promovare turistica","consiliul judetean","delegatie","destinatii turistice","pliante","promovare","stiri","targ de turism","Urbea Mea","vizitatori"],"articleSection":["Turism \u0219i Ghidaj turistic"],"inLanguage":"ro-RO","potentialAction":[{"@type":"CommentAction","name":"Comment","target":["https:\/\/urbeamea.ro\/albaiulia\/foto-editia-de-primavara-a-targului-de-turism-al-romaniei-consiliul-judetean-promoveaza-destinatiile-turistice-din-alba\/#respond"]}]},{"@type":"WebPage","@id":"https:\/\/urbeamea.ro\/albaiulia\/foto-editia-de-primavara-a-targului-de-turism-al-romaniei-consiliul-judetean-promoveaza-destinatiile-turistice-din-alba\/","url":"https:\/\/urbeamea.ro\/albaiulia\/foto-editia-de-primavara-a-targului-de-turism-al-romaniei-consiliul-judetean-promoveaza-destinatiile-turistice-din-alba\/","name":"FOTO: Edi\u021bia de prim\u0103var\u0103 a T\u00e2rgului de Turism al Rom\u00e2niei. Consiliul jude\u021bean promoveaz\u0103 destina\u021biile turistice din Alba - Revista Urbea Mea - Revista de Alba","isPartOf":{"@id":"https:\/\/urbeamea.ro\/albaiulia\/#website"},"primaryImageOfPage":{"@id":"https:\/\/urbeamea.ro\/albaiulia\/foto-editia-de-primavara-a-targului-de-turism-al-romaniei-consiliul-judetean-promoveaza-destinatiile-turistice-din-alba\/#primaryimage"},"image":{"@id":"https:\/\/urbeamea.ro\/albaiulia\/foto-editia-de-primavara-a-targului-de-turism-al-romaniei-consiliul-judetean-promoveaza-destinatiile-turistice-din-alba\/#primaryimage"},"thumbnailUrl":"https:\/\/urbeamea.ro\/albaiulia\/wp-content\/uploads\/2016\/02\/IMG_2831.jpg","datePublished":"2016-02-25T14:05:21+00:00","dateModified":"2016-02-25T14:05:54+00:00","author":{"@id":"https:\/\/urbeamea.ro\/albaiulia\/#\/schema\/person\/9700d21fae21c4f038b0b56f4506264a"},"description":"\u00cen aceast\u0103 perioad\u0103 se desf\u0103\u0219oar\u0103 edi\u021bia de prim\u0103var\u0103 a T\u00e2rgului de Turism al Rom\u00e2niei, unde sunt promovate \u0219i destina\u0163iile turistice din jude\u0163ul Alba.","breadcrumb":{"@id":"https:\/\/urbeamea.ro\/albaiulia\/foto-editia-de-primavara-a-targului-de-turism-al-romaniei-consiliul-judetean-promoveaza-destinatiile-turistice-din-alba\/#breadcrumb"},"inLanguage":"ro-RO","potentialAction":[{"@type":"ReadAction","target":["https:\/\/urbeamea.ro\/albaiulia\/foto-editia-de-primavara-a-targului-de-turism-al-romaniei-consiliul-judetean-promoveaza-destinatiile-turistice-din-alba\/"]}]},{"@type":"ImageObject","inLanguage":"ro-RO","@id":"https:\/\/urbeamea.ro\/albaiulia\/foto-editia-de-primavara-a-targului-de-turism-al-romaniei-consiliul-judetean-promoveaza-destinatiile-turistice-din-alba\/#primaryimage","url":"https:\/\/urbeamea.ro\/albaiulia\/wp-content\/uploads\/2016\/02\/IMG_2831.jpg","contentUrl":"https:\/\/urbeamea.ro\/albaiulia\/wp-content\/uploads\/2016\/02\/IMG_2831.jpg","width":1280,"height":853},{"@type":"BreadcrumbList","@id":"https:\/\/urbeamea.ro\/albaiulia\/foto-editia-de-primavara-a-targului-de-turism-al-romaniei-consiliul-judetean-promoveaza-destinatiile-turistice-din-alba\/#breadcrumb","itemListElement":[{"@type":"ListItem","position":1,"name":"Prima pagin\u0103","item":"https:\/\/urbeamea.ro\/albaiulia\/"},{"@type":"ListItem","position":2,"name":"FOTO: Edi\u021bia de prim\u0103var\u0103 a T\u00e2rgului de Turism al Rom\u00e2niei. Consiliul jude\u021bean promoveaz\u0103 destina\u021biile turistice din Alba"}]},{"@type":"WebSite","@id":"https:\/\/urbeamea.ro\/albaiulia\/#website","url":"https:\/\/urbeamea.ro\/albaiulia\/","name":"Revista Urbea Mea, Stiri urbane","description":"Evenimente \u0219i \u0219tiri din Alba Iulia, Sebe\u0219, Aiud, Blaj","potentialAction":[{"@type":"SearchAction","target":{"@type":"EntryPoint","urlTemplate":"https:\/\/urbeamea.ro\/albaiulia\/?s={search_term_string}"},"query-input":{"@type":"PropertyValueSpecification","valueRequired":true,"valueName":"search_term_string"}}],"inLanguage":"ro-RO"},{"@type":"Person","@id":"https:\/\/urbeamea.ro\/albaiulia\/#\/schema\/person\/9700d21fae21c4f038b0b56f4506264a","name":"Cristina Ganga","image":{"@type":"ImageObject","inLanguage":"ro-RO","@id":"https:\/\/secure.gravatar.com\/avatar\/5a67661041f057b4a8ccaf26f5a8e86e2689372006d01faf3dd9eeb10b654bb4?s=96&d=mm&r=g","url":"https:\/\/secure.gravatar.com\/avatar\/5a67661041f057b4a8ccaf26f5a8e86e2689372006d01faf3dd9eeb10b654bb4?s=96&d=mm&r=g","contentUrl":"https:\/\/secure.gravatar.com\/avatar\/5a67661041f057b4a8ccaf26f5a8e86e2689372006d01faf3dd9eeb10b654bb4?s=96&d=mm&r=g","caption":"Cristina Ganga"},"description":"Jurnalist","sameAs":["https:\/\/www.facebook.com\/cristina.nicola.587"],"url":"https:\/\/urbeamea.ro\/albaiulia\/author\/cristina-nicola\/"}]}},"_links":{"self":[{"href":"https:\/\/urbeamea.ro\/albaiulia\/wp-json\/wp\/v2\/posts\/18436","targetHints":{"allow":["GET"]}}],"collection":[{"href":"https:\/\/urbeamea.ro\/albaiulia\/wp-json\/wp\/v2\/posts"}],"about":[{"href":"https:\/\/urbeamea.ro\/albaiulia\/wp-json\/wp\/v2\/types\/post"}],"author":[{"embeddable":true,"href":"https:\/\/urbeamea.ro\/albaiulia\/wp-json\/wp\/v2\/users\/17"}],"replies":[{"embeddable":true,"href":"https:\/\/urbeamea.ro\/albaiulia\/wp-json\/wp\/v2\/comments?post=18436"}],"version-history":[{"count":0,"href":"https:\/\/urbeamea.ro\/albaiulia\/wp-json\/wp\/v2\/posts\/18436\/revisions"}],"wp:featuredmedia":[{"embeddable":true,"href":"https:\/\/urbeamea.ro\/albaiulia\/wp-json\/wp\/v2\/media\/18438"}],"wp:attachment":[{"href":"https:\/\/urbeamea.ro\/albaiulia\/wp-json\/wp\/v2\/media?parent=18436"}],"wp:term":[{"taxonomy":"category","embeddable":true,"href":"https:\/\/urbeamea.ro\/albaiulia\/wp-json\/wp\/v2\/categories?post=18436"},{"taxonomy":"post_tag","embeddable":true,"href":"https:\/\/urbeamea.ro\/albaiulia\/wp-json\/wp\/v2\/tags?post=18436"}],"curies":[{"name":"wp","href":"https:\/\/api.w.org\/{rel}","templated":true}]}}