{"id":19047,"date":"2016-03-02T11:57:29","date_gmt":"2016-03-02T09:57:29","guid":{"rendered":"http:\/\/urbeamea.ro\/albaiulia\/?p=19047"},"modified":"2016-03-02T11:57:29","modified_gmt":"2016-03-02T09:57:29","slug":"adr-centru-oportunitate-pentru-tinerii-romani-de-a-face-un-stagiu-de-formare-profesionala-in-germania","status":"publish","type":"post","link":"https:\/\/urbeamea.ro\/albaiulia\/adr-centru-oportunitate-pentru-tinerii-romani-de-a-face-un-stagiu-de-formare-profesionala-in-germania\/","title":{"rendered":"ADR Centru: Oportunitate pentru tinerii rom\u00e2ni de a face un stagiu de formare profesional\u0103 \u00een Germania"},"content":{"rendered":"<p><strong><img loading=\"lazy\" decoding=\"async\" class=\"size-medium wp-image-19051 alignleft\" src=\"http:\/\/urbeamea.ro\/albaiulia\/wp-content\/uploads\/2016\/03\/Foto-4-300x209.jpg\" alt=\"Foto (4)\" width=\"300\" height=\"209\" \/>ADR Centru sus\u021bine activitatea reprezentan\u021bei Landului Brandenburg \u00een Regiunea Centru, Mancom Centru SRL, care, al\u0103turi de Societatea de Formare Profesional\u0103 Pritzwalk, din landul german, recruteaz\u0103 11 tineri cu v\u00e2rsta \u00eentre 18 \u0219i 27 de ani, pentru un stagiu de formare profesional\u0103 \u00een Germania, pe o perioad\u0103 de 3 ani, \u00een cadrul Programului Erasmus+, Subprogramul Mobipro.<\/strong><\/p>\n<p>ADR Centru se implic\u0103 \u00een sprijinirea, pe de o parte, a activit\u0103\u021bii IMM din Regiunea Centru, iar pe de alt\u0103 parte \u00een corelarea dintre cererea de for\u021b\u0103 de munc\u0103 \u0219i oferta concret\u0103 \u00een acest sens. La \u00eentoarcerea lor \u00een \u021bar\u0103, tinerii care \u0219i-au f\u0103cut ucenicia \u00een Germania vor transfera o important\u0103 parte a cuno\u0219tin\u021belor lor teoretice \u0219i tehnice c\u0103tre mediul \u00een care vor evolua profesional.<\/p>\n<p>Meseriile care pot fi alese de c\u0103tre tinerii care doresc s\u0103 beneficieze de acest program sunt cea de electronist, mecanic industrial, mecatronic\u0103 sau tehnician mecanic pentru scule a\u0219chietoare. Cursurile de formare profesional\u0103 sunt certificate la nivel european \u0219i dureaz\u0103 3 ani. La finele stagiului, tinerii vor putea s\u0103 \u00ee\u0219i g\u0103seasc\u0103 un loc de munc\u0103 \u00een Germania, ca muncitori califica\u021bi \u00een industria automobilelor, construc\u021bii de ma\u0219ini sau service-uri auto, precum \u0219i \u00een cadrul firmelor, rom\u00e2ne sau germane, din Rom\u00e2nia. Aceste tipuri de meserii sunt, \u00een Germania, \u00een cele mai multe dintre cazuri, mult mai bine pl\u0103tite dec\u00e2t \u00een cazul absolven\u021bilor cu studii superioare.<\/p>\n<p><strong>Selec\u021bia tinerilor care doresc s\u0103 ob\u021bin\u0103 o calificare profesional\u0103 \u00een Germania are loc \u00een Alba Iulia, p\u00e2n\u0103 \u00een data de 15 martie, iar \u00een perioada aprilie \u2013 august 2016 vor putea participa la cursuri de limba german\u0103<\/strong>. \u00cencep\u00e2nd cu 1 septembrie 2016 cei selecta\u021bi vor urma cursurile de formare profesional\u0103 \u00een sistem dual \u00een Germania, Landul Brandenburg. Tinerii participan\u021bi la acest program, dac\u0103 sunt \u0219i bine motiva\u021bi, vor primi, pe perioada stagiului de formare profesional\u0103 din Germania, o indemniza\u021bie lunar\u0103 de ucenic corespunz\u0103tor meseriei alese. Din aceast\u0103 indemniza\u021bie ace\u0219tia \u00ee\u0219i vor putea pl\u0103ti toate cheltuielile.<\/p>\n<p>Tinerii candida\u021bi interesa\u021bi sunt ruga\u021bi s\u0103 trimit\u0103, p\u00e2n\u0103 la data de 9 martie 2016 urm\u0103toarele documente scanate la adresa de mail <a href=\"mailto:medafiru@yahoo.com\">medafiru@yahoo.com<\/a>: Copie dup\u0103 buletin, CV, Copie a ultimei diplome de studii absolvite. Nu se accept\u0103 absolven\u021bii de \u0219coal\u0103 profesional\u0103 \u00een sistem dual \u0219i absolven\u021bii de Master, indiferent de domeniu, iar cunoa\u0219terea limbii germane, de\u0219i nu este o cerin\u021b\u0103 obligatorie, poate fi un avantaj. \u00cencep\u00e2nd cu data de 10 martie, reprezentan\u021bii Landului Brandenburg \u0219i ai societ\u0103\u021bii de formare profesional\u0103 vor derula interviurile de recrutare. Mai multe informa\u021bii despre aceast\u0103 selec\u021bie de poten\u021biali beneficiari ai programului MobiPro se pot ob\u021bine la Meda Firu \u2013 Mancom Centru SRL \u2013 telefon 0749.25.63.59 sau la adresa de e-mail specificat\u0103.<\/p>\n<div id='gallery-1' class='gallery galleryid-19047 gallery-columns-3 gallery-size-thumbnail'><figure class='gallery-item'>\n\t\t\t<div class='gallery-icon landscape'>\n\t\t\t\t<a href='https:\/\/urbeamea.ro\/albaiulia\/wp-content\/uploads\/2016\/03\/Foto-1-1.jpg'><img decoding=\"async\" width=\"150\" height=\"105\" src=\"data:image\/png;base64,iVBORw0KGgoAAAANSUhEUgAAAYYAAADcAQMAAABOLJSDAAAAA1BMVEUAAACnej3aAAAAAXRSTlMAQObYZgAAACJJREFUaIHtwTEBAAAAwqD1T20ND6AAAAAAAAAAAAAA4N8AKvgAAUFIrrEAAAAASUVORK5CYII=\" class=\"attachment-thumbnail size-thumbnail lazy-img\" alt=\"\" srcset=\"https:\/\/urbeamea.ro\/albaiulia\/wp-content\/uploads\/2016\/03\/Foto-1-1-150x105.jpg 150w, https:\/\/urbeamea.ro\/albaiulia\/wp-content\/uploads\/2016\/03\/Foto-1-1-300x210.jpg 300w, https:\/\/urbeamea.ro\/albaiulia\/wp-content\/uploads\/2016\/03\/Foto-1-1-768x538.jpg 768w, https:\/\/urbeamea.ro\/albaiulia\/wp-content\/uploads\/2016\/03\/Foto-1-1-560x390.jpg 560w, https:\/\/urbeamea.ro\/albaiulia\/wp-content\/uploads\/2016\/03\/Foto-1-1.jpg 851w\" sizes=\"auto, (max-width: 150px) 100vw, 150px\" data-src=\"https:\/\/urbeamea.ro\/albaiulia\/wp-content\/uploads\/2016\/03\/Foto-1-1-150x105.jpg\" loading=\"lazy\" \/><\/a>\n\t\t\t<\/div><\/figure><figure class='gallery-item'>\n\t\t\t<div class='gallery-icon landscape'>\n\t\t\t\t<a href='https:\/\/urbeamea.ro\/albaiulia\/wp-content\/uploads\/2016\/03\/Foto-2.jpg'><img decoding=\"async\" width=\"150\" height=\"123\" src=\"data:image\/png;base64,iVBORw0KGgoAAAANSUhEUgAAAYYAAADcAQMAAABOLJSDAAAAA1BMVEUAAACnej3aAAAAAXRSTlMAQObYZgAAACJJREFUaIHtwTEBAAAAwqD1T20ND6AAAAAAAAAAAAAA4N8AKvgAAUFIrrEAAAAASUVORK5CYII=\" class=\"attachment-thumbnail size-thumbnail lazy-img\" alt=\"\" srcset=\"https:\/\/urbeamea.ro\/albaiulia\/wp-content\/uploads\/2016\/03\/Foto-2-150x123.jpg 150w, https:\/\/urbeamea.ro\/albaiulia\/wp-content\/uploads\/2016\/03\/Foto-2-300x247.jpg 300w, https:\/\/urbeamea.ro\/albaiulia\/wp-content\/uploads\/2016\/03\/Foto-2-768x631.jpg 768w, https:\/\/urbeamea.ro\/albaiulia\/wp-content\/uploads\/2016\/03\/Foto-2.jpg 858w\" sizes=\"auto, (max-width: 150px) 100vw, 150px\" data-src=\"https:\/\/urbeamea.ro\/albaiulia\/wp-content\/uploads\/2016\/03\/Foto-2-150x123.jpg\" loading=\"lazy\" \/><\/a>\n\t\t\t<\/div><\/figure><figure class='gallery-item'>\n\t\t\t<div class='gallery-icon landscape'>\n\t\t\t\t<a href='https:\/\/urbeamea.ro\/albaiulia\/wp-content\/uploads\/2016\/03\/Foto-3.jpg'><img decoding=\"async\" width=\"150\" height=\"119\" src=\"data:image\/png;base64,iVBORw0KGgoAAAANSUhEUgAAAYYAAADcAQMAAABOLJSDAAAAA1BMVEUAAACnej3aAAAAAXRSTlMAQObYZgAAACJJREFUaIHtwTEBAAAAwqD1T20ND6AAAAAAAAAAAAAA4N8AKvgAAUFIrrEAAAAASUVORK5CYII=\" class=\"attachment-thumbnail size-thumbnail lazy-img\" alt=\"\" srcset=\"https:\/\/urbeamea.ro\/albaiulia\/wp-content\/uploads\/2016\/03\/Foto-3-150x119.jpg 150w, https:\/\/urbeamea.ro\/albaiulia\/wp-content\/uploads\/2016\/03\/Foto-3-300x238.jpg 300w, https:\/\/urbeamea.ro\/albaiulia\/wp-content\/uploads\/2016\/03\/Foto-3-768x608.jpg 768w, https:\/\/urbeamea.ro\/albaiulia\/wp-content\/uploads\/2016\/03\/Foto-3-100x80.jpg 100w, https:\/\/urbeamea.ro\/albaiulia\/wp-content\/uploads\/2016\/03\/Foto-3.jpg 937w\" sizes=\"auto, (max-width: 150px) 100vw, 150px\" data-src=\"https:\/\/urbeamea.ro\/albaiulia\/wp-content\/uploads\/2016\/03\/Foto-3-150x119.jpg\" loading=\"lazy\" \/><\/a>\n\t\t\t<\/div><\/figure><figure class='gallery-item'>\n\t\t\t<div class='gallery-icon landscape'>\n\t\t\t\t<a href='https:\/\/urbeamea.ro\/albaiulia\/wp-content\/uploads\/2016\/03\/Foto-4.jpg'><img decoding=\"async\" width=\"150\" height=\"105\" src=\"data:image\/png;base64,iVBORw0KGgoAAAANSUhEUgAAAYYAAADcAQMAAABOLJSDAAAAA1BMVEUAAACnej3aAAAAAXRSTlMAQObYZgAAACJJREFUaIHtwTEBAAAAwqD1T20ND6AAAAAAAAAAAAAA4N8AKvgAAUFIrrEAAAAASUVORK5CYII=\" class=\"attachment-thumbnail size-thumbnail lazy-img\" alt=\"\" srcset=\"https:\/\/urbeamea.ro\/albaiulia\/wp-content\/uploads\/2016\/03\/Foto-4-150x105.jpg 150w, https:\/\/urbeamea.ro\/albaiulia\/wp-content\/uploads\/2016\/03\/Foto-4-640x446.jpg 640w, https:\/\/urbeamea.ro\/albaiulia\/wp-content\/uploads\/2016\/03\/Foto-4-768x536.jpg 768w, https:\/\/urbeamea.ro\/albaiulia\/wp-content\/uploads\/2016\/03\/Foto-4-560x390.jpg 560w, https:\/\/urbeamea.ro\/albaiulia\/wp-content\/uploads\/2016\/03\/Foto-4.jpg 859w\" sizes=\"auto, (max-width: 150px) 100vw, 150px\" data-src=\"https:\/\/urbeamea.ro\/albaiulia\/wp-content\/uploads\/2016\/03\/Foto-4-150x105.jpg\" loading=\"lazy\" \/><\/a>\n\t\t\t<\/div><\/figure><figure class='gallery-item'>\n\t\t\t<div class='gallery-icon landscape'>\n\t\t\t\t<a href='https:\/\/urbeamea.ro\/albaiulia\/wp-content\/uploads\/2016\/03\/Foto-5.jpg'><img decoding=\"async\" width=\"150\" height=\"96\" src=\"data:image\/png;base64,iVBORw0KGgoAAAANSUhEUgAAAYYAAADcAQMAAABOLJSDAAAAA1BMVEUAAACnej3aAAAAAXRSTlMAQObYZgAAACJJREFUaIHtwTEBAAAAwqD1T20ND6AAAAAAAAAAAAAA4N8AKvgAAUFIrrEAAAAASUVORK5CYII=\" class=\"attachment-thumbnail size-thumbnail lazy-img\" alt=\"\" srcset=\"https:\/\/urbeamea.ro\/albaiulia\/wp-content\/uploads\/2016\/03\/Foto-5-150x96.jpg 150w, https:\/\/urbeamea.ro\/albaiulia\/wp-content\/uploads\/2016\/03\/Foto-5-300x193.jpg 300w, https:\/\/urbeamea.ro\/albaiulia\/wp-content\/uploads\/2016\/03\/Foto-5-768x494.jpg 768w, https:\/\/urbeamea.ro\/albaiulia\/wp-content\/uploads\/2016\/03\/Foto-5.jpg 806w\" sizes=\"auto, (max-width: 150px) 100vw, 150px\" data-src=\"https:\/\/urbeamea.ro\/albaiulia\/wp-content\/uploads\/2016\/03\/Foto-5-150x96.jpg\" loading=\"lazy\" \/><\/a>\n\t\t\t<\/div><\/figure><figure class='gallery-item'>\n\t\t\t<div class='gallery-icon landscape'>\n\t\t\t\t<a href='https:\/\/urbeamea.ro\/albaiulia\/wp-content\/uploads\/2016\/03\/Foto-6.jpg'><img decoding=\"async\" width=\"150\" height=\"103\" src=\"data:image\/png;base64,iVBORw0KGgoAAAANSUhEUgAAAYYAAADcAQMAAABOLJSDAAAAA1BMVEUAAACnej3aAAAAAXRSTlMAQObYZgAAACJJREFUaIHtwTEBAAAAwqD1T20ND6AAAAAAAAAAAAAA4N8AKvgAAUFIrrEAAAAASUVORK5CYII=\" class=\"attachment-thumbnail size-thumbnail lazy-img\" alt=\"\" srcset=\"https:\/\/urbeamea.ro\/albaiulia\/wp-content\/uploads\/2016\/03\/Foto-6-150x103.jpg 150w, https:\/\/urbeamea.ro\/albaiulia\/wp-content\/uploads\/2016\/03\/Foto-6-300x205.jpg 300w, https:\/\/urbeamea.ro\/albaiulia\/wp-content\/uploads\/2016\/03\/Foto-6-768x526.jpg 768w, https:\/\/urbeamea.ro\/albaiulia\/wp-content\/uploads\/2016\/03\/Foto-6-560x390.jpg 560w, https:\/\/urbeamea.ro\/albaiulia\/wp-content\/uploads\/2016\/03\/Foto-6.jpg 879w\" sizes=\"auto, (max-width: 150px) 100vw, 150px\" data-src=\"https:\/\/urbeamea.ro\/albaiulia\/wp-content\/uploads\/2016\/03\/Foto-6-150x103.jpg\" loading=\"lazy\" \/><\/a>\n\t\t\t<\/div><\/figure><figure class='gallery-item'>\n\t\t\t<div class='gallery-icon landscape'>\n\t\t\t\t<a href='https:\/\/urbeamea.ro\/albaiulia\/wp-content\/uploads\/2016\/03\/Foto-7.jpg'><img decoding=\"async\" width=\"150\" height=\"111\" src=\"data:image\/png;base64,iVBORw0KGgoAAAANSUhEUgAAAYYAAADcAQMAAABOLJSDAAAAA1BMVEUAAACnej3aAAAAAXRSTlMAQObYZgAAACJJREFUaIHtwTEBAAAAwqD1T20ND6AAAAAAAAAAAAAA4N8AKvgAAUFIrrEAAAAASUVORK5CYII=\" class=\"attachment-thumbnail size-thumbnail lazy-img\" alt=\"\" srcset=\"https:\/\/urbeamea.ro\/albaiulia\/wp-content\/uploads\/2016\/03\/Foto-7-150x111.jpg 150w, https:\/\/urbeamea.ro\/albaiulia\/wp-content\/uploads\/2016\/03\/Foto-7-300x221.jpg 300w, https:\/\/urbeamea.ro\/albaiulia\/wp-content\/uploads\/2016\/03\/Foto-7-768x567.jpg 768w, https:\/\/urbeamea.ro\/albaiulia\/wp-content\/uploads\/2016\/03\/Foto-7.jpg 844w\" sizes=\"auto, (max-width: 150px) 100vw, 150px\" data-src=\"https:\/\/urbeamea.ro\/albaiulia\/wp-content\/uploads\/2016\/03\/Foto-7-150x111.jpg\" loading=\"lazy\" \/><\/a>\n\t\t\t<\/div><\/figure><figure class='gallery-item'>\n\t\t\t<div class='gallery-icon landscape'>\n\t\t\t\t<a href='https:\/\/urbeamea.ro\/albaiulia\/wp-content\/uploads\/2016\/03\/Foto-8.jpg'><img decoding=\"async\" width=\"150\" height=\"108\" src=\"data:image\/png;base64,iVBORw0KGgoAAAANSUhEUgAAAYYAAADcAQMAAABOLJSDAAAAA1BMVEUAAACnej3aAAAAAXRSTlMAQObYZgAAACJJREFUaIHtwTEBAAAAwqD1T20ND6AAAAAAAAAAAAAA4N8AKvgAAUFIrrEAAAAASUVORK5CYII=\" class=\"attachment-thumbnail size-thumbnail lazy-img\" alt=\"\" srcset=\"https:\/\/urbeamea.ro\/albaiulia\/wp-content\/uploads\/2016\/03\/Foto-8-150x108.jpg 150w, https:\/\/urbeamea.ro\/albaiulia\/wp-content\/uploads\/2016\/03\/Foto-8-300x216.jpg 300w, https:\/\/urbeamea.ro\/albaiulia\/wp-content\/uploads\/2016\/03\/Foto-8-768x553.jpg 768w, https:\/\/urbeamea.ro\/albaiulia\/wp-content\/uploads\/2016\/03\/Foto-8.jpg 970w\" sizes=\"auto, (max-width: 150px) 100vw, 150px\" data-src=\"https:\/\/urbeamea.ro\/albaiulia\/wp-content\/uploads\/2016\/03\/Foto-8-150x108.jpg\" loading=\"lazy\" \/><\/a>\n\t\t\t<\/div><\/figure>\n\t\t<\/div>\n\n","protected":false},"excerpt":{"rendered":"<p>ADR Centru sus\u021bine activitatea reprezentan\u021bei Landului Brandenburg \u00een Regiunea Centru, Mancom Centru SRL, care, al\u0103turi de Societatea de Formare Profesional\u0103 Pritzwalk, din landul german, recruteaz\u0103 11 tineri cu v\u00e2rsta \u00eentre 18 \u0219i 27 de ani, pentru un stagiu de formare profesional\u0103 \u00een Germania, pe o perioad\u0103 de 3 ani, \u00een cadrul Programului Erasmus+, Subprogramul Mobipro. &hellip;<\/p>\n","protected":false},"author":17,"featured_media":19051,"comment_status":"open","ping_status":"open","sticky":false,"template":"","format":"standard","meta":{"inline_featured_image":false,"footnotes":""},"categories":[2039],"tags":[343,3280,2354,464,928,1501,3282,3281,308,336,76],"class_list":["post-19047","post","type-post","status-publish","format-standard","has-post-thumbnail","hentry","category-educatie","tag-adr-centru","tag-calificare-profesionala","tag-candidati","tag-cursuri","tag-erasmus","tag-germania","tag-landul-brandenburg-in-regiunea-centru","tag-selectie","tag-stiri","tag-tineri","tag-urbea-mea"],"yoast_head":"<!-- This site is optimized with the Yoast SEO plugin v27.4 - https:\/\/yoast.com\/product\/yoast-seo-wordpress\/ -->\n<title>ADR Centru: Oportunitate pentru tinerii rom\u00e2ni de a face un stagiu de formare profesional\u0103 \u00een Germania - Revista Urbea Mea - Revista de Alba<\/title>\n<meta name=\"description\" content=\"ADR Centru sus\u021bine activitatea reprezentan\u021bei Landului Brandenburg \u00een Regiunea Centru, Mancom Centru SRL, care, al\u0103turi de Societatea de Formare\" \/>\n<meta name=\"robots\" content=\"index, follow, max-snippet:-1, max-image-preview:large, max-video-preview:-1\" \/>\n<link rel=\"canonical\" href=\"https:\/\/urbeamea.ro\/albaiulia\/adr-centru-oportunitate-pentru-tinerii-romani-de-a-face-un-stagiu-de-formare-profesionala-in-germania\/\" \/>\n<meta name=\"twitter:card\" content=\"summary_large_image\" \/>\n<meta name=\"twitter:title\" content=\"ADR Centru: Oportunitate pentru tinerii rom\u00e2ni de a face un stagiu de formare profesional\u0103 \u00een Germania - Revista Urbea Mea - Revista de Alba\" \/>\n<meta name=\"twitter:description\" content=\"ADR Centru sus\u021bine activitatea reprezentan\u021bei Landului Brandenburg \u00een Regiunea Centru, Mancom Centru SRL, care, al\u0103turi de Societatea de Formare\" \/>\n<meta name=\"twitter:image\" content=\"https:\/\/urbeamea.ro\/albaiulia\/wp-content\/uploads\/2016\/03\/Foto-4.jpg\" \/>\n<meta name=\"twitter:creator\" content=\"@urbeameaweb\" \/>\n<meta name=\"twitter:site\" content=\"@urbeameaweb\" \/>\n<script type=\"application\/ld+json\" class=\"yoast-schema-graph\">{\"@context\":\"https:\\\/\\\/schema.org\",\"@graph\":[{\"@type\":\"Article\",\"@id\":\"https:\\\/\\\/urbeamea.ro\\\/albaiulia\\\/adr-centru-oportunitate-pentru-tinerii-romani-de-a-face-un-stagiu-de-formare-profesionala-in-germania\\\/#article\",\"isPartOf\":{\"@id\":\"https:\\\/\\\/urbeamea.ro\\\/albaiulia\\\/adr-centru-oportunitate-pentru-tinerii-romani-de-a-face-un-stagiu-de-formare-profesionala-in-germania\\\/\"},\"author\":{\"name\":\"Cristina Ganga\",\"@id\":\"https:\\\/\\\/urbeamea.ro\\\/albaiulia\\\/#\\\/schema\\\/person\\\/9700d21fae21c4f038b0b56f4506264a\"},\"headline\":\"ADR Centru: Oportunitate pentru tinerii rom\u00e2ni de a face un stagiu de formare profesional\u0103 \u00een Germania\",\"datePublished\":\"2016-03-02T09:57:29+00:00\",\"mainEntityOfPage\":{\"@id\":\"https:\\\/\\\/urbeamea.ro\\\/albaiulia\\\/adr-centru-oportunitate-pentru-tinerii-romani-de-a-face-un-stagiu-de-formare-profesionala-in-germania\\\/\"},\"wordCount\":487,\"commentCount\":0,\"image\":{\"@id\":\"https:\\\/\\\/urbeamea.ro\\\/albaiulia\\\/adr-centru-oportunitate-pentru-tinerii-romani-de-a-face-un-stagiu-de-formare-profesionala-in-germania\\\/#primaryimage\"},\"thumbnailUrl\":\"https:\\\/\\\/urbeamea.ro\\\/albaiulia\\\/wp-content\\\/uploads\\\/2016\\\/03\\\/Foto-4.jpg\",\"keywords\":[\"ADR Centru\",\"calificare profesionala\",\"candidati\",\"cursuri\",\"erasmus\",\"germania\",\"Landul Brandenburg \u00een Regiunea Centru\",\"selectie\",\"stiri\",\"tineri\",\"Urbea Mea\"],\"articleSection\":[\"Educa\u021bie\"],\"inLanguage\":\"ro-RO\",\"potentialAction\":[{\"@type\":\"CommentAction\",\"name\":\"Comment\",\"target\":[\"https:\\\/\\\/urbeamea.ro\\\/albaiulia\\\/adr-centru-oportunitate-pentru-tinerii-romani-de-a-face-un-stagiu-de-formare-profesionala-in-germania\\\/#respond\"]}]},{\"@type\":\"WebPage\",\"@id\":\"https:\\\/\\\/urbeamea.ro\\\/albaiulia\\\/adr-centru-oportunitate-pentru-tinerii-romani-de-a-face-un-stagiu-de-formare-profesionala-in-germania\\\/\",\"url\":\"https:\\\/\\\/urbeamea.ro\\\/albaiulia\\\/adr-centru-oportunitate-pentru-tinerii-romani-de-a-face-un-stagiu-de-formare-profesionala-in-germania\\\/\",\"name\":\"ADR Centru: Oportunitate pentru tinerii rom\u00e2ni de a face un stagiu de formare profesional\u0103 \u00een Germania - Revista Urbea Mea - Revista de Alba\",\"isPartOf\":{\"@id\":\"https:\\\/\\\/urbeamea.ro\\\/albaiulia\\\/#website\"},\"primaryImageOfPage\":{\"@id\":\"https:\\\/\\\/urbeamea.ro\\\/albaiulia\\\/adr-centru-oportunitate-pentru-tinerii-romani-de-a-face-un-stagiu-de-formare-profesionala-in-germania\\\/#primaryimage\"},\"image\":{\"@id\":\"https:\\\/\\\/urbeamea.ro\\\/albaiulia\\\/adr-centru-oportunitate-pentru-tinerii-romani-de-a-face-un-stagiu-de-formare-profesionala-in-germania\\\/#primaryimage\"},\"thumbnailUrl\":\"https:\\\/\\\/urbeamea.ro\\\/albaiulia\\\/wp-content\\\/uploads\\\/2016\\\/03\\\/Foto-4.jpg\",\"datePublished\":\"2016-03-02T09:57:29+00:00\",\"author\":{\"@id\":\"https:\\\/\\\/urbeamea.ro\\\/albaiulia\\\/#\\\/schema\\\/person\\\/9700d21fae21c4f038b0b56f4506264a\"},\"description\":\"ADR Centru sus\u021bine activitatea reprezentan\u021bei Landului Brandenburg \u00een Regiunea Centru, Mancom Centru SRL, care, al\u0103turi de Societatea de Formare\",\"breadcrumb\":{\"@id\":\"https:\\\/\\\/urbeamea.ro\\\/albaiulia\\\/adr-centru-oportunitate-pentru-tinerii-romani-de-a-face-un-stagiu-de-formare-profesionala-in-germania\\\/#breadcrumb\"},\"inLanguage\":\"ro-RO\",\"potentialAction\":[{\"@type\":\"ReadAction\",\"target\":[\"https:\\\/\\\/urbeamea.ro\\\/albaiulia\\\/adr-centru-oportunitate-pentru-tinerii-romani-de-a-face-un-stagiu-de-formare-profesionala-in-germania\\\/\"]}]},{\"@type\":\"ImageObject\",\"inLanguage\":\"ro-RO\",\"@id\":\"https:\\\/\\\/urbeamea.ro\\\/albaiulia\\\/adr-centru-oportunitate-pentru-tinerii-romani-de-a-face-un-stagiu-de-formare-profesionala-in-germania\\\/#primaryimage\",\"url\":\"https:\\\/\\\/urbeamea.ro\\\/albaiulia\\\/wp-content\\\/uploads\\\/2016\\\/03\\\/Foto-4.jpg\",\"contentUrl\":\"https:\\\/\\\/urbeamea.ro\\\/albaiulia\\\/wp-content\\\/uploads\\\/2016\\\/03\\\/Foto-4.jpg\",\"width\":859,\"height\":599},{\"@type\":\"BreadcrumbList\",\"@id\":\"https:\\\/\\\/urbeamea.ro\\\/albaiulia\\\/adr-centru-oportunitate-pentru-tinerii-romani-de-a-face-un-stagiu-de-formare-profesionala-in-germania\\\/#breadcrumb\",\"itemListElement\":[{\"@type\":\"ListItem\",\"position\":1,\"name\":\"Prima pagin\u0103\",\"item\":\"https:\\\/\\\/urbeamea.ro\\\/albaiulia\\\/\"},{\"@type\":\"ListItem\",\"position\":2,\"name\":\"ADR Centru: Oportunitate pentru tinerii rom\u00e2ni de a face un stagiu de formare profesional\u0103 \u00een Germania\"}]},{\"@type\":\"WebSite\",\"@id\":\"https:\\\/\\\/urbeamea.ro\\\/albaiulia\\\/#website\",\"url\":\"https:\\\/\\\/urbeamea.ro\\\/albaiulia\\\/\",\"name\":\"Revista Urbea Mea, Stiri urbane\",\"description\":\"Evenimente \u0219i \u0219tiri din Alba Iulia, Sebe\u0219, Aiud, Blaj\",\"potentialAction\":[{\"@type\":\"SearchAction\",\"target\":{\"@type\":\"EntryPoint\",\"urlTemplate\":\"https:\\\/\\\/urbeamea.ro\\\/albaiulia\\\/?s={search_term_string}\"},\"query-input\":{\"@type\":\"PropertyValueSpecification\",\"valueRequired\":true,\"valueName\":\"search_term_string\"}}],\"inLanguage\":\"ro-RO\"},{\"@type\":\"Person\",\"@id\":\"https:\\\/\\\/urbeamea.ro\\\/albaiulia\\\/#\\\/schema\\\/person\\\/9700d21fae21c4f038b0b56f4506264a\",\"name\":\"Cristina Ganga\",\"image\":{\"@type\":\"ImageObject\",\"inLanguage\":\"ro-RO\",\"@id\":\"https:\\\/\\\/secure.gravatar.com\\\/avatar\\\/5a67661041f057b4a8ccaf26f5a8e86e2689372006d01faf3dd9eeb10b654bb4?s=96&d=mm&r=g\",\"url\":\"https:\\\/\\\/secure.gravatar.com\\\/avatar\\\/5a67661041f057b4a8ccaf26f5a8e86e2689372006d01faf3dd9eeb10b654bb4?s=96&d=mm&r=g\",\"contentUrl\":\"https:\\\/\\\/secure.gravatar.com\\\/avatar\\\/5a67661041f057b4a8ccaf26f5a8e86e2689372006d01faf3dd9eeb10b654bb4?s=96&d=mm&r=g\",\"caption\":\"Cristina Ganga\"},\"description\":\"Jurnalist\",\"sameAs\":[\"https:\\\/\\\/www.facebook.com\\\/cristina.nicola.587\"],\"url\":\"https:\\\/\\\/urbeamea.ro\\\/albaiulia\\\/author\\\/cristina-nicola\\\/\"}]}<\/script>\n<!-- \/ Yoast SEO plugin. -->","yoast_head_json":{"title":"ADR Centru: Oportunitate pentru tinerii rom\u00e2ni de a face un stagiu de formare profesional\u0103 \u00een Germania - Revista Urbea Mea - Revista de Alba","description":"ADR Centru sus\u021bine activitatea reprezentan\u021bei Landului Brandenburg \u00een Regiunea Centru, Mancom Centru SRL, care, al\u0103turi de Societatea de Formare","robots":{"index":"index","follow":"follow","max-snippet":"max-snippet:-1","max-image-preview":"max-image-preview:large","max-video-preview":"max-video-preview:-1"},"canonical":"https:\/\/urbeamea.ro\/albaiulia\/adr-centru-oportunitate-pentru-tinerii-romani-de-a-face-un-stagiu-de-formare-profesionala-in-germania\/","twitter_card":"summary_large_image","twitter_title":"ADR Centru: Oportunitate pentru tinerii rom\u00e2ni de a face un stagiu de formare profesional\u0103 \u00een Germania - Revista Urbea Mea - Revista de Alba","twitter_description":"ADR Centru sus\u021bine activitatea reprezentan\u021bei Landului Brandenburg \u00een Regiunea Centru, Mancom Centru SRL, care, al\u0103turi de Societatea de Formare","twitter_image":"https:\/\/urbeamea.ro\/albaiulia\/wp-content\/uploads\/2016\/03\/Foto-4.jpg","twitter_creator":"@urbeameaweb","twitter_site":"@urbeameaweb","schema":{"@context":"https:\/\/schema.org","@graph":[{"@type":"Article","@id":"https:\/\/urbeamea.ro\/albaiulia\/adr-centru-oportunitate-pentru-tinerii-romani-de-a-face-un-stagiu-de-formare-profesionala-in-germania\/#article","isPartOf":{"@id":"https:\/\/urbeamea.ro\/albaiulia\/adr-centru-oportunitate-pentru-tinerii-romani-de-a-face-un-stagiu-de-formare-profesionala-in-germania\/"},"author":{"name":"Cristina Ganga","@id":"https:\/\/urbeamea.ro\/albaiulia\/#\/schema\/person\/9700d21fae21c4f038b0b56f4506264a"},"headline":"ADR Centru: Oportunitate pentru tinerii rom\u00e2ni de a face un stagiu de formare profesional\u0103 \u00een Germania","datePublished":"2016-03-02T09:57:29+00:00","mainEntityOfPage":{"@id":"https:\/\/urbeamea.ro\/albaiulia\/adr-centru-oportunitate-pentru-tinerii-romani-de-a-face-un-stagiu-de-formare-profesionala-in-germania\/"},"wordCount":487,"commentCount":0,"image":{"@id":"https:\/\/urbeamea.ro\/albaiulia\/adr-centru-oportunitate-pentru-tinerii-romani-de-a-face-un-stagiu-de-formare-profesionala-in-germania\/#primaryimage"},"thumbnailUrl":"https:\/\/urbeamea.ro\/albaiulia\/wp-content\/uploads\/2016\/03\/Foto-4.jpg","keywords":["ADR Centru","calificare profesionala","candidati","cursuri","erasmus","germania","Landul Brandenburg \u00een Regiunea Centru","selectie","stiri","tineri","Urbea Mea"],"articleSection":["Educa\u021bie"],"inLanguage":"ro-RO","potentialAction":[{"@type":"CommentAction","name":"Comment","target":["https:\/\/urbeamea.ro\/albaiulia\/adr-centru-oportunitate-pentru-tinerii-romani-de-a-face-un-stagiu-de-formare-profesionala-in-germania\/#respond"]}]},{"@type":"WebPage","@id":"https:\/\/urbeamea.ro\/albaiulia\/adr-centru-oportunitate-pentru-tinerii-romani-de-a-face-un-stagiu-de-formare-profesionala-in-germania\/","url":"https:\/\/urbeamea.ro\/albaiulia\/adr-centru-oportunitate-pentru-tinerii-romani-de-a-face-un-stagiu-de-formare-profesionala-in-germania\/","name":"ADR Centru: Oportunitate pentru tinerii rom\u00e2ni de a face un stagiu de formare profesional\u0103 \u00een Germania - Revista Urbea Mea - Revista de Alba","isPartOf":{"@id":"https:\/\/urbeamea.ro\/albaiulia\/#website"},"primaryImageOfPage":{"@id":"https:\/\/urbeamea.ro\/albaiulia\/adr-centru-oportunitate-pentru-tinerii-romani-de-a-face-un-stagiu-de-formare-profesionala-in-germania\/#primaryimage"},"image":{"@id":"https:\/\/urbeamea.ro\/albaiulia\/adr-centru-oportunitate-pentru-tinerii-romani-de-a-face-un-stagiu-de-formare-profesionala-in-germania\/#primaryimage"},"thumbnailUrl":"https:\/\/urbeamea.ro\/albaiulia\/wp-content\/uploads\/2016\/03\/Foto-4.jpg","datePublished":"2016-03-02T09:57:29+00:00","author":{"@id":"https:\/\/urbeamea.ro\/albaiulia\/#\/schema\/person\/9700d21fae21c4f038b0b56f4506264a"},"description":"ADR Centru sus\u021bine activitatea reprezentan\u021bei Landului Brandenburg \u00een Regiunea Centru, Mancom Centru SRL, care, al\u0103turi de Societatea de Formare","breadcrumb":{"@id":"https:\/\/urbeamea.ro\/albaiulia\/adr-centru-oportunitate-pentru-tinerii-romani-de-a-face-un-stagiu-de-formare-profesionala-in-germania\/#breadcrumb"},"inLanguage":"ro-RO","potentialAction":[{"@type":"ReadAction","target":["https:\/\/urbeamea.ro\/albaiulia\/adr-centru-oportunitate-pentru-tinerii-romani-de-a-face-un-stagiu-de-formare-profesionala-in-germania\/"]}]},{"@type":"ImageObject","inLanguage":"ro-RO","@id":"https:\/\/urbeamea.ro\/albaiulia\/adr-centru-oportunitate-pentru-tinerii-romani-de-a-face-un-stagiu-de-formare-profesionala-in-germania\/#primaryimage","url":"https:\/\/urbeamea.ro\/albaiulia\/wp-content\/uploads\/2016\/03\/Foto-4.jpg","contentUrl":"https:\/\/urbeamea.ro\/albaiulia\/wp-content\/uploads\/2016\/03\/Foto-4.jpg","width":859,"height":599},{"@type":"BreadcrumbList","@id":"https:\/\/urbeamea.ro\/albaiulia\/adr-centru-oportunitate-pentru-tinerii-romani-de-a-face-un-stagiu-de-formare-profesionala-in-germania\/#breadcrumb","itemListElement":[{"@type":"ListItem","position":1,"name":"Prima pagin\u0103","item":"https:\/\/urbeamea.ro\/albaiulia\/"},{"@type":"ListItem","position":2,"name":"ADR Centru: Oportunitate pentru tinerii rom\u00e2ni de a face un stagiu de formare profesional\u0103 \u00een Germania"}]},{"@type":"WebSite","@id":"https:\/\/urbeamea.ro\/albaiulia\/#website","url":"https:\/\/urbeamea.ro\/albaiulia\/","name":"Revista Urbea Mea, Stiri urbane","description":"Evenimente \u0219i \u0219tiri din Alba Iulia, Sebe\u0219, Aiud, Blaj","potentialAction":[{"@type":"SearchAction","target":{"@type":"EntryPoint","urlTemplate":"https:\/\/urbeamea.ro\/albaiulia\/?s={search_term_string}"},"query-input":{"@type":"PropertyValueSpecification","valueRequired":true,"valueName":"search_term_string"}}],"inLanguage":"ro-RO"},{"@type":"Person","@id":"https:\/\/urbeamea.ro\/albaiulia\/#\/schema\/person\/9700d21fae21c4f038b0b56f4506264a","name":"Cristina Ganga","image":{"@type":"ImageObject","inLanguage":"ro-RO","@id":"https:\/\/secure.gravatar.com\/avatar\/5a67661041f057b4a8ccaf26f5a8e86e2689372006d01faf3dd9eeb10b654bb4?s=96&d=mm&r=g","url":"https:\/\/secure.gravatar.com\/avatar\/5a67661041f057b4a8ccaf26f5a8e86e2689372006d01faf3dd9eeb10b654bb4?s=96&d=mm&r=g","contentUrl":"https:\/\/secure.gravatar.com\/avatar\/5a67661041f057b4a8ccaf26f5a8e86e2689372006d01faf3dd9eeb10b654bb4?s=96&d=mm&r=g","caption":"Cristina Ganga"},"description":"Jurnalist","sameAs":["https:\/\/www.facebook.com\/cristina.nicola.587"],"url":"https:\/\/urbeamea.ro\/albaiulia\/author\/cristina-nicola\/"}]}},"_links":{"self":[{"href":"https:\/\/urbeamea.ro\/albaiulia\/wp-json\/wp\/v2\/posts\/19047","targetHints":{"allow":["GET"]}}],"collection":[{"href":"https:\/\/urbeamea.ro\/albaiulia\/wp-json\/wp\/v2\/posts"}],"about":[{"href":"https:\/\/urbeamea.ro\/albaiulia\/wp-json\/wp\/v2\/types\/post"}],"author":[{"embeddable":true,"href":"https:\/\/urbeamea.ro\/albaiulia\/wp-json\/wp\/v2\/users\/17"}],"replies":[{"embeddable":true,"href":"https:\/\/urbeamea.ro\/albaiulia\/wp-json\/wp\/v2\/comments?post=19047"}],"version-history":[{"count":0,"href":"https:\/\/urbeamea.ro\/albaiulia\/wp-json\/wp\/v2\/posts\/19047\/revisions"}],"wp:featuredmedia":[{"embeddable":true,"href":"https:\/\/urbeamea.ro\/albaiulia\/wp-json\/wp\/v2\/media\/19051"}],"wp:attachment":[{"href":"https:\/\/urbeamea.ro\/albaiulia\/wp-json\/wp\/v2\/media?parent=19047"}],"wp:term":[{"taxonomy":"category","embeddable":true,"href":"https:\/\/urbeamea.ro\/albaiulia\/wp-json\/wp\/v2\/categories?post=19047"},{"taxonomy":"post_tag","embeddable":true,"href":"https:\/\/urbeamea.ro\/albaiulia\/wp-json\/wp\/v2\/tags?post=19047"}],"curies":[{"name":"wp","href":"https:\/\/api.w.org\/{rel}","templated":true}]}}