{"id":19125,"date":"2016-03-03T14:56:52","date_gmt":"2016-03-03T12:56:52","guid":{"rendered":"http:\/\/urbeamea.ro\/albaiulia\/?p=19125"},"modified":"2016-03-03T14:56:52","modified_gmt":"2016-03-03T12:56:52","slug":"foto-actiuni-ale-ipj-alba-pentru-reducerea-riscului-de-victimizare-prin-infractiuni-recomandarile-politistilor","status":"publish","type":"post","link":"https:\/\/urbeamea.ro\/albaiulia\/foto-actiuni-ale-ipj-alba-pentru-reducerea-riscului-de-victimizare-prin-infractiuni-recomandarile-politistilor\/","title":{"rendered":"FOTO: Ac\u021biuni ale IPJ Alba pentru reducerea riscului de victimizare prin infrac\u0163iuni. Recomand\u0103rile poli\u021bi\u0219tilor"},"content":{"rendered":"<p><strong><img loading=\"lazy\" decoding=\"async\" class=\"size-medium wp-image-19126 alignleft\" src=\"http:\/\/urbeamea.ro\/albaiulia\/wp-content\/uploads\/2016\/03\/DSCN5937-300x225.jpg\" alt=\"DSCN5937\" width=\"300\" height=\"225\" \/>\u00cen perioada 1 \u2013 8 Martie, poli\u0163i\u015ftii IPJ Alba desf\u0103\u0219oar\u0103 ac\u0163iuni dedicate femeilor, \u00een scopul promov\u0103rii drepturilor lor \u015fi pentru reducerea riscului de victimizare prin infrac\u0163iuni.\u00a0<\/strong><strong>Joi, o astfel de activitate a avut loc la Centrul de Zi pentru Persoane V\u00e2rstnice din Alba Iulia.<\/strong><\/p>\n<p>Pe 3 martie, poli\u0163i\u015fti din cadrul Compartimentului pentru Analiz\u0103 \u015fi Prevenire a Criminalit\u0103\u0163ii din IJP Alba, al\u0103turi de poli\u0163i\u015fti de proximitate din cadrul Poli\u0163iei Municipiului Alba Iulia au fost prezen\u0163i la Centrul de Zi pentru Persoane V\u00e2rstnice din Alba Iulia, unde au desf\u0103\u015furat o activitate de informare \u015fi prevenire a victimiz\u0103rii femeilor, din infrac\u0163iuni cu violen\u0163\u0103, precum \u015fi din \u00een\u015fel\u0103ciuni \u015fi furturi.<\/p>\n<p>\u00centruc\u00e2t femeile \u015fi \u00een special cele mai \u00een v\u00e2rst\u0103 reprezint\u0103 o categorie vulnerabil\u0103 \u00een a deveni victime ale infrac\u021biunilor comise prin metodele \u201eaccidentul\u201d, \u201ev\u00e2nz\u0103torul ambulant\u201d, \u201e\u00eemprietenire\u201d sau prin metoda \u201ec\u00e2\u015ftigurilor prin telefon\u201d, doamnele au fost sf\u0103tuite s\u0103 acorde un plus de aten\u0163ie atunci c\u00e2nd se confrunt\u0103 cu astfel de situa\u0163ii.<\/p>\n<p><em><img loading=\"lazy\" decoding=\"async\" class=\"size-medium wp-image-19127 alignright\" src=\"http:\/\/urbeamea.ro\/albaiulia\/wp-content\/uploads\/2016\/03\/DSCN5926-300x225.jpg\" alt=\"DSCN5926\" width=\"300\" height=\"225\" srcset=\"https:\/\/urbeamea.ro\/albaiulia\/wp-content\/uploads\/2016\/03\/DSCN5926-300x225.jpg 300w, https:\/\/urbeamea.ro\/albaiulia\/wp-content\/uploads\/2016\/03\/DSCN5926-150x113.jpg 150w, https:\/\/urbeamea.ro\/albaiulia\/wp-content\/uploads\/2016\/03\/DSCN5926-768x576.jpg 768w, https:\/\/urbeamea.ro\/albaiulia\/wp-content\/uploads\/2016\/03\/DSCN5926.jpg 1024w\" sizes=\"auto, (max-width: 300px) 100vw, 300px\" \/>Recomand\u0103rile poli\u0163i\u015ftilor:<\/em><\/p>\n<ul>\n<li>Nu da\u0163i curs instruc\u0163iunilor primite telefonic de la persoane necunoscute, care pretind c\u0103 sunt avoca\u0163i \u015fi reprezint\u0103 rude implicate \u00een accidente rutiere.<\/li>\n<li>Nu efectua\u0163i niciun transfer bancar \u015fi nu \u00eenm\u00e2na\u0163i bani unor persoane necunoscute care se prezint\u0103 la u\u0219a dumneavoastr\u0103.<\/li>\n<li>Fi\u0163i sceptice atunci c\u00e2nd sunte\u0163i anun\u0163ate, prin telefon, c\u0103 a\u0163i c\u00e2\u015ftigat bunuri \u015fi sume importante de bani;<\/li>\n<li>Verifica\u0163i am\u0103nun\u0163it informa\u0163iile primite, la firmele unde se presupune c\u0103 sunte\u0163i c\u00e2\u015ftig\u0103toare, pentru a nu spori contul escrocilor cu sume importante de bani;<\/li>\n<li>Manifesta\u0163i pruden\u0163\u0103 atunci c\u00e2nd un str\u0103in v\u0103 cere date cu caracter personal (nume, adres\u0103, num\u0103r de cont) \u015fi cu at\u00e2t mai mult c\u00e2nd vi se cer sume de bani, pentru a intra \u00een posesia a\u015fa-zisului premiu;<\/li>\n<li>Nu primi\u0163i \u00een cas\u0103 persoane necunoscute, care ofer\u0103 spre v\u00e2nzare diverse bunuri sau propun diverse servicii!<\/li>\n<li>\u00cen cazul \u00een care sunte\u0163i victima unei infrac\u021biuni, suna\u0163i la num\u0103rul de urgen\u0163\u0103 112;<\/li>\n<li>\u00cen semn de pre\u0163uire, \u00een preajma Zilei Interna\u0163ionale a Femeii, 8 Martie, poli\u0163i\u015ftii le-au oferit doamnelor prezente la \u00eent\u00e2lnire, flori \u015fi le-au adresat ur\u0103ri de s\u0103n\u0103tate \u015fi fericire.<\/li>\n<\/ul>\n","protected":false},"excerpt":{"rendered":"<p>\u00cen perioada 1 \u2013 8 Martie, poli\u0163i\u015ftii IPJ Alba desf\u0103\u0219oar\u0103 ac\u0163iuni dedicate femeilor, \u00een scopul promov\u0103rii drepturilor lor \u015fi pentru reducerea riscului de victimizare prin infrac\u0163iuni.\u00a0Joi, o astfel de activitate a avut loc la Centrul de Zi pentru Persoane V\u00e2rstnice din Alba Iulia. Pe 3 martie, poli\u0163i\u015fti din cadrul Compartimentului pentru Analiz\u0103 \u015fi Prevenire a &hellip;<\/p>\n","protected":false},"author":17,"featured_media":19126,"comment_status":"open","ping_status":"open","sticky":false,"template":"","format":"standard","meta":{"inline_featured_image":false,"footnotes":""},"categories":[2034],"tags":[666,307,3322,1045,3321,2907,2757,457,458,1023,470,308,76],"class_list":["post-19125","post","type-post","status-publish","format-standard","has-post-thumbnail","hentry","category-social","tag-actiune","tag-alba","tag-centrul-de-zi-pentru-persoane-varstnice","tag-drepturi","tag-femei","tag-furturi","tag-inselaciune","tag-ipj-alba","tag-politisti","tag-promovare","tag-recomandari","tag-stiri","tag-urbea-mea"],"yoast_head":"<!-- This site is optimized with the Yoast SEO plugin v28.3 - https:\/\/yoast.com\/product\/yoast-seo-wordpress\/ -->\n<title>FOTO: Ac\u021biuni ale IPJ Alba pentru reducerea riscului de victimizare prin infrac\u0163iuni. Recomand\u0103rile poli\u021bi\u0219tilor - Revista Urbea Mea - Revista de Alba<\/title>\n<meta name=\"description\" content=\"\u00cen perioada 1 \u2013 8 Martie, poli\u0163i\u015ftii IPJ Alba desf\u0103\u0219oar\u0103 ac\u0163iuni dedicate femeilor, \u00een scopul promov\u0103rii drepturilor lor \u015fi pentru reducerea riscului de\" \/>\n<meta name=\"robots\" content=\"index, follow, max-snippet:-1, max-image-preview:large, max-video-preview:-1\" \/>\n<link rel=\"canonical\" href=\"https:\/\/urbeamea.ro\/albaiulia\/foto-actiuni-ale-ipj-alba-pentru-reducerea-riscului-de-victimizare-prin-infractiuni-recomandarile-politistilor\/\" \/>\n<meta name=\"twitter:card\" content=\"summary_large_image\" \/>\n<meta name=\"twitter:title\" content=\"FOTO: Ac\u021biuni ale IPJ Alba pentru reducerea riscului de victimizare prin infrac\u0163iuni. Recomand\u0103rile poli\u021bi\u0219tilor - Revista Urbea Mea - Revista de Alba\" \/>\n<meta name=\"twitter:description\" content=\"\u00cen perioada 1 \u2013 8 Martie, poli\u0163i\u015ftii IPJ Alba desf\u0103\u0219oar\u0103 ac\u0163iuni dedicate femeilor, \u00een scopul promov\u0103rii drepturilor lor \u015fi pentru reducerea riscului de\" \/>\n<meta name=\"twitter:image\" content=\"https:\/\/urbeamea.ro\/albaiulia\/wp-content\/uploads\/2016\/03\/DSCN5937.jpg\" \/>\n<meta name=\"twitter:creator\" content=\"@urbeameaweb\" \/>\n<meta name=\"twitter:site\" content=\"@urbeameaweb\" \/>\n<script type=\"application\/ld+json\" class=\"yoast-schema-graph\">{\"@context\":\"https:\\\/\\\/schema.org\",\"@graph\":[{\"@type\":\"Article\",\"@id\":\"https:\\\/\\\/urbeamea.ro\\\/albaiulia\\\/foto-actiuni-ale-ipj-alba-pentru-reducerea-riscului-de-victimizare-prin-infractiuni-recomandarile-politistilor\\\/#article\",\"isPartOf\":{\"@id\":\"https:\\\/\\\/urbeamea.ro\\\/albaiulia\\\/foto-actiuni-ale-ipj-alba-pentru-reducerea-riscului-de-victimizare-prin-infractiuni-recomandarile-politistilor\\\/\"},\"author\":{\"name\":\"Cristina Ganga\",\"@id\":\"https:\\\/\\\/urbeamea.ro\\\/albaiulia\\\/#\\\/schema\\\/person\\\/9700d21fae21c4f038b0b56f4506264a\"},\"headline\":\"FOTO: Ac\u021biuni ale IPJ Alba pentru reducerea riscului de victimizare prin infrac\u0163iuni. Recomand\u0103rile poli\u021bi\u0219tilor\",\"datePublished\":\"2016-03-03T12:56:52+00:00\",\"mainEntityOfPage\":{\"@id\":\"https:\\\/\\\/urbeamea.ro\\\/albaiulia\\\/foto-actiuni-ale-ipj-alba-pentru-reducerea-riscului-de-victimizare-prin-infractiuni-recomandarile-politistilor\\\/\"},\"wordCount\":420,\"commentCount\":0,\"image\":{\"@id\":\"https:\\\/\\\/urbeamea.ro\\\/albaiulia\\\/foto-actiuni-ale-ipj-alba-pentru-reducerea-riscului-de-victimizare-prin-infractiuni-recomandarile-politistilor\\\/#primaryimage\"},\"thumbnailUrl\":\"https:\\\/\\\/urbeamea.ro\\\/albaiulia\\\/wp-content\\\/uploads\\\/2016\\\/03\\\/DSCN5937.jpg\",\"keywords\":[\"actiune\",\"alba\",\"centrul de zi pentru persoane varstnice\",\"drepturi\",\"femei\",\"furturi\",\"inselaciune\",\"IPJ Alba\",\"politisti\",\"promovare\",\"recomandari\",\"stiri\",\"Urbea Mea\"],\"articleSection\":[\"Social\"],\"inLanguage\":\"ro-RO\",\"potentialAction\":[{\"@type\":\"CommentAction\",\"name\":\"Comment\",\"target\":[\"https:\\\/\\\/urbeamea.ro\\\/albaiulia\\\/foto-actiuni-ale-ipj-alba-pentru-reducerea-riscului-de-victimizare-prin-infractiuni-recomandarile-politistilor\\\/#respond\"]}]},{\"@type\":\"WebPage\",\"@id\":\"https:\\\/\\\/urbeamea.ro\\\/albaiulia\\\/foto-actiuni-ale-ipj-alba-pentru-reducerea-riscului-de-victimizare-prin-infractiuni-recomandarile-politistilor\\\/\",\"url\":\"https:\\\/\\\/urbeamea.ro\\\/albaiulia\\\/foto-actiuni-ale-ipj-alba-pentru-reducerea-riscului-de-victimizare-prin-infractiuni-recomandarile-politistilor\\\/\",\"name\":\"FOTO: Ac\u021biuni ale IPJ Alba pentru reducerea riscului de victimizare prin infrac\u0163iuni. Recomand\u0103rile poli\u021bi\u0219tilor - Revista Urbea Mea - Revista de Alba\",\"isPartOf\":{\"@id\":\"https:\\\/\\\/urbeamea.ro\\\/albaiulia\\\/#website\"},\"primaryImageOfPage\":{\"@id\":\"https:\\\/\\\/urbeamea.ro\\\/albaiulia\\\/foto-actiuni-ale-ipj-alba-pentru-reducerea-riscului-de-victimizare-prin-infractiuni-recomandarile-politistilor\\\/#primaryimage\"},\"image\":{\"@id\":\"https:\\\/\\\/urbeamea.ro\\\/albaiulia\\\/foto-actiuni-ale-ipj-alba-pentru-reducerea-riscului-de-victimizare-prin-infractiuni-recomandarile-politistilor\\\/#primaryimage\"},\"thumbnailUrl\":\"https:\\\/\\\/urbeamea.ro\\\/albaiulia\\\/wp-content\\\/uploads\\\/2016\\\/03\\\/DSCN5937.jpg\",\"datePublished\":\"2016-03-03T12:56:52+00:00\",\"author\":{\"@id\":\"https:\\\/\\\/urbeamea.ro\\\/albaiulia\\\/#\\\/schema\\\/person\\\/9700d21fae21c4f038b0b56f4506264a\"},\"description\":\"\u00cen perioada 1 \u2013 8 Martie, poli\u0163i\u015ftii IPJ Alba desf\u0103\u0219oar\u0103 ac\u0163iuni dedicate femeilor, \u00een scopul promov\u0103rii drepturilor lor \u015fi pentru reducerea riscului de\",\"breadcrumb\":{\"@id\":\"https:\\\/\\\/urbeamea.ro\\\/albaiulia\\\/foto-actiuni-ale-ipj-alba-pentru-reducerea-riscului-de-victimizare-prin-infractiuni-recomandarile-politistilor\\\/#breadcrumb\"},\"inLanguage\":\"ro-RO\",\"potentialAction\":[{\"@type\":\"ReadAction\",\"target\":[\"https:\\\/\\\/urbeamea.ro\\\/albaiulia\\\/foto-actiuni-ale-ipj-alba-pentru-reducerea-riscului-de-victimizare-prin-infractiuni-recomandarile-politistilor\\\/\"]}]},{\"@type\":\"ImageObject\",\"inLanguage\":\"ro-RO\",\"@id\":\"https:\\\/\\\/urbeamea.ro\\\/albaiulia\\\/foto-actiuni-ale-ipj-alba-pentru-reducerea-riscului-de-victimizare-prin-infractiuni-recomandarile-politistilor\\\/#primaryimage\",\"url\":\"https:\\\/\\\/urbeamea.ro\\\/albaiulia\\\/wp-content\\\/uploads\\\/2016\\\/03\\\/DSCN5937.jpg\",\"contentUrl\":\"https:\\\/\\\/urbeamea.ro\\\/albaiulia\\\/wp-content\\\/uploads\\\/2016\\\/03\\\/DSCN5937.jpg\",\"width\":1024,\"height\":768},{\"@type\":\"BreadcrumbList\",\"@id\":\"https:\\\/\\\/urbeamea.ro\\\/albaiulia\\\/foto-actiuni-ale-ipj-alba-pentru-reducerea-riscului-de-victimizare-prin-infractiuni-recomandarile-politistilor\\\/#breadcrumb\",\"itemListElement\":[{\"@type\":\"ListItem\",\"position\":1,\"name\":\"Prima pagin\u0103\",\"item\":\"https:\\\/\\\/urbeamea.ro\\\/albaiulia\\\/\"},{\"@type\":\"ListItem\",\"position\":2,\"name\":\"FOTO: Ac\u021biuni ale IPJ Alba pentru reducerea riscului de victimizare prin infrac\u0163iuni. Recomand\u0103rile poli\u021bi\u0219tilor\"}]},{\"@type\":\"WebSite\",\"@id\":\"https:\\\/\\\/urbeamea.ro\\\/albaiulia\\\/#website\",\"url\":\"https:\\\/\\\/urbeamea.ro\\\/albaiulia\\\/\",\"name\":\"Revista Urbea Mea, Stiri urbane\",\"description\":\"Evenimente \u0219i \u0219tiri din Alba Iulia, Sebe\u0219, Aiud, Blaj\",\"potentialAction\":[{\"@type\":\"SearchAction\",\"target\":{\"@type\":\"EntryPoint\",\"urlTemplate\":\"https:\\\/\\\/urbeamea.ro\\\/albaiulia\\\/?s={search_term_string}\"},\"query-input\":{\"@type\":\"PropertyValueSpecification\",\"valueRequired\":true,\"valueName\":\"search_term_string\"}}],\"inLanguage\":\"ro-RO\"},{\"@type\":\"Person\",\"@id\":\"https:\\\/\\\/urbeamea.ro\\\/albaiulia\\\/#\\\/schema\\\/person\\\/9700d21fae21c4f038b0b56f4506264a\",\"name\":\"Cristina Ganga\",\"image\":{\"@type\":\"ImageObject\",\"inLanguage\":\"ro-RO\",\"@id\":\"https:\\\/\\\/secure.gravatar.com\\\/avatar\\\/5a67661041f057b4a8ccaf26f5a8e86e2689372006d01faf3dd9eeb10b654bb4?s=96&d=mm&r=g\",\"url\":\"https:\\\/\\\/secure.gravatar.com\\\/avatar\\\/5a67661041f057b4a8ccaf26f5a8e86e2689372006d01faf3dd9eeb10b654bb4?s=96&d=mm&r=g\",\"contentUrl\":\"https:\\\/\\\/secure.gravatar.com\\\/avatar\\\/5a67661041f057b4a8ccaf26f5a8e86e2689372006d01faf3dd9eeb10b654bb4?s=96&d=mm&r=g\",\"caption\":\"Cristina Ganga\"},\"description\":\"Jurnalist\",\"sameAs\":[\"https:\\\/\\\/www.facebook.com\\\/cristina.nicola.587\"],\"url\":\"https:\\\/\\\/urbeamea.ro\\\/albaiulia\\\/author\\\/cristina-nicola\\\/\"}]}<\/script>\n<!-- \/ Yoast SEO plugin. -->","yoast_head_json":{"title":"FOTO: Ac\u021biuni ale IPJ Alba pentru reducerea riscului de victimizare prin infrac\u0163iuni. Recomand\u0103rile poli\u021bi\u0219tilor - Revista Urbea Mea - Revista de Alba","description":"\u00cen perioada 1 \u2013 8 Martie, poli\u0163i\u015ftii IPJ Alba desf\u0103\u0219oar\u0103 ac\u0163iuni dedicate femeilor, \u00een scopul promov\u0103rii drepturilor lor \u015fi pentru reducerea riscului de","robots":{"index":"index","follow":"follow","max-snippet":"max-snippet:-1","max-image-preview":"max-image-preview:large","max-video-preview":"max-video-preview:-1"},"canonical":"https:\/\/urbeamea.ro\/albaiulia\/foto-actiuni-ale-ipj-alba-pentru-reducerea-riscului-de-victimizare-prin-infractiuni-recomandarile-politistilor\/","twitter_card":"summary_large_image","twitter_title":"FOTO: Ac\u021biuni ale IPJ Alba pentru reducerea riscului de victimizare prin infrac\u0163iuni. Recomand\u0103rile poli\u021bi\u0219tilor - Revista Urbea Mea - Revista de Alba","twitter_description":"\u00cen perioada 1 \u2013 8 Martie, poli\u0163i\u015ftii IPJ Alba desf\u0103\u0219oar\u0103 ac\u0163iuni dedicate femeilor, \u00een scopul promov\u0103rii drepturilor lor \u015fi pentru reducerea riscului de","twitter_image":"https:\/\/urbeamea.ro\/albaiulia\/wp-content\/uploads\/2016\/03\/DSCN5937.jpg","twitter_creator":"@urbeameaweb","twitter_site":"@urbeameaweb","schema":{"@context":"https:\/\/schema.org","@graph":[{"@type":"Article","@id":"https:\/\/urbeamea.ro\/albaiulia\/foto-actiuni-ale-ipj-alba-pentru-reducerea-riscului-de-victimizare-prin-infractiuni-recomandarile-politistilor\/#article","isPartOf":{"@id":"https:\/\/urbeamea.ro\/albaiulia\/foto-actiuni-ale-ipj-alba-pentru-reducerea-riscului-de-victimizare-prin-infractiuni-recomandarile-politistilor\/"},"author":{"name":"Cristina Ganga","@id":"https:\/\/urbeamea.ro\/albaiulia\/#\/schema\/person\/9700d21fae21c4f038b0b56f4506264a"},"headline":"FOTO: Ac\u021biuni ale IPJ Alba pentru reducerea riscului de victimizare prin infrac\u0163iuni. Recomand\u0103rile poli\u021bi\u0219tilor","datePublished":"2016-03-03T12:56:52+00:00","mainEntityOfPage":{"@id":"https:\/\/urbeamea.ro\/albaiulia\/foto-actiuni-ale-ipj-alba-pentru-reducerea-riscului-de-victimizare-prin-infractiuni-recomandarile-politistilor\/"},"wordCount":420,"commentCount":0,"image":{"@id":"https:\/\/urbeamea.ro\/albaiulia\/foto-actiuni-ale-ipj-alba-pentru-reducerea-riscului-de-victimizare-prin-infractiuni-recomandarile-politistilor\/#primaryimage"},"thumbnailUrl":"https:\/\/urbeamea.ro\/albaiulia\/wp-content\/uploads\/2016\/03\/DSCN5937.jpg","keywords":["actiune","alba","centrul de zi pentru persoane varstnice","drepturi","femei","furturi","inselaciune","IPJ Alba","politisti","promovare","recomandari","stiri","Urbea Mea"],"articleSection":["Social"],"inLanguage":"ro-RO","potentialAction":[{"@type":"CommentAction","name":"Comment","target":["https:\/\/urbeamea.ro\/albaiulia\/foto-actiuni-ale-ipj-alba-pentru-reducerea-riscului-de-victimizare-prin-infractiuni-recomandarile-politistilor\/#respond"]}]},{"@type":"WebPage","@id":"https:\/\/urbeamea.ro\/albaiulia\/foto-actiuni-ale-ipj-alba-pentru-reducerea-riscului-de-victimizare-prin-infractiuni-recomandarile-politistilor\/","url":"https:\/\/urbeamea.ro\/albaiulia\/foto-actiuni-ale-ipj-alba-pentru-reducerea-riscului-de-victimizare-prin-infractiuni-recomandarile-politistilor\/","name":"FOTO: Ac\u021biuni ale IPJ Alba pentru reducerea riscului de victimizare prin infrac\u0163iuni. Recomand\u0103rile poli\u021bi\u0219tilor - Revista Urbea Mea - Revista de Alba","isPartOf":{"@id":"https:\/\/urbeamea.ro\/albaiulia\/#website"},"primaryImageOfPage":{"@id":"https:\/\/urbeamea.ro\/albaiulia\/foto-actiuni-ale-ipj-alba-pentru-reducerea-riscului-de-victimizare-prin-infractiuni-recomandarile-politistilor\/#primaryimage"},"image":{"@id":"https:\/\/urbeamea.ro\/albaiulia\/foto-actiuni-ale-ipj-alba-pentru-reducerea-riscului-de-victimizare-prin-infractiuni-recomandarile-politistilor\/#primaryimage"},"thumbnailUrl":"https:\/\/urbeamea.ro\/albaiulia\/wp-content\/uploads\/2016\/03\/DSCN5937.jpg","datePublished":"2016-03-03T12:56:52+00:00","author":{"@id":"https:\/\/urbeamea.ro\/albaiulia\/#\/schema\/person\/9700d21fae21c4f038b0b56f4506264a"},"description":"\u00cen perioada 1 \u2013 8 Martie, poli\u0163i\u015ftii IPJ Alba desf\u0103\u0219oar\u0103 ac\u0163iuni dedicate femeilor, \u00een scopul promov\u0103rii drepturilor lor \u015fi pentru reducerea riscului de","breadcrumb":{"@id":"https:\/\/urbeamea.ro\/albaiulia\/foto-actiuni-ale-ipj-alba-pentru-reducerea-riscului-de-victimizare-prin-infractiuni-recomandarile-politistilor\/#breadcrumb"},"inLanguage":"ro-RO","potentialAction":[{"@type":"ReadAction","target":["https:\/\/urbeamea.ro\/albaiulia\/foto-actiuni-ale-ipj-alba-pentru-reducerea-riscului-de-victimizare-prin-infractiuni-recomandarile-politistilor\/"]}]},{"@type":"ImageObject","inLanguage":"ro-RO","@id":"https:\/\/urbeamea.ro\/albaiulia\/foto-actiuni-ale-ipj-alba-pentru-reducerea-riscului-de-victimizare-prin-infractiuni-recomandarile-politistilor\/#primaryimage","url":"https:\/\/urbeamea.ro\/albaiulia\/wp-content\/uploads\/2016\/03\/DSCN5937.jpg","contentUrl":"https:\/\/urbeamea.ro\/albaiulia\/wp-content\/uploads\/2016\/03\/DSCN5937.jpg","width":1024,"height":768},{"@type":"BreadcrumbList","@id":"https:\/\/urbeamea.ro\/albaiulia\/foto-actiuni-ale-ipj-alba-pentru-reducerea-riscului-de-victimizare-prin-infractiuni-recomandarile-politistilor\/#breadcrumb","itemListElement":[{"@type":"ListItem","position":1,"name":"Prima pagin\u0103","item":"https:\/\/urbeamea.ro\/albaiulia\/"},{"@type":"ListItem","position":2,"name":"FOTO: Ac\u021biuni ale IPJ Alba pentru reducerea riscului de victimizare prin infrac\u0163iuni. Recomand\u0103rile poli\u021bi\u0219tilor"}]},{"@type":"WebSite","@id":"https:\/\/urbeamea.ro\/albaiulia\/#website","url":"https:\/\/urbeamea.ro\/albaiulia\/","name":"Revista Urbea Mea, Stiri urbane","description":"Evenimente \u0219i \u0219tiri din Alba Iulia, Sebe\u0219, Aiud, Blaj","potentialAction":[{"@type":"SearchAction","target":{"@type":"EntryPoint","urlTemplate":"https:\/\/urbeamea.ro\/albaiulia\/?s={search_term_string}"},"query-input":{"@type":"PropertyValueSpecification","valueRequired":true,"valueName":"search_term_string"}}],"inLanguage":"ro-RO"},{"@type":"Person","@id":"https:\/\/urbeamea.ro\/albaiulia\/#\/schema\/person\/9700d21fae21c4f038b0b56f4506264a","name":"Cristina Ganga","image":{"@type":"ImageObject","inLanguage":"ro-RO","@id":"https:\/\/secure.gravatar.com\/avatar\/5a67661041f057b4a8ccaf26f5a8e86e2689372006d01faf3dd9eeb10b654bb4?s=96&d=mm&r=g","url":"https:\/\/secure.gravatar.com\/avatar\/5a67661041f057b4a8ccaf26f5a8e86e2689372006d01faf3dd9eeb10b654bb4?s=96&d=mm&r=g","contentUrl":"https:\/\/secure.gravatar.com\/avatar\/5a67661041f057b4a8ccaf26f5a8e86e2689372006d01faf3dd9eeb10b654bb4?s=96&d=mm&r=g","caption":"Cristina Ganga"},"description":"Jurnalist","sameAs":["https:\/\/www.facebook.com\/cristina.nicola.587"],"url":"https:\/\/urbeamea.ro\/albaiulia\/author\/cristina-nicola\/"}]}},"_links":{"self":[{"href":"https:\/\/urbeamea.ro\/albaiulia\/wp-json\/wp\/v2\/posts\/19125","targetHints":{"allow":["GET"]}}],"collection":[{"href":"https:\/\/urbeamea.ro\/albaiulia\/wp-json\/wp\/v2\/posts"}],"about":[{"href":"https:\/\/urbeamea.ro\/albaiulia\/wp-json\/wp\/v2\/types\/post"}],"author":[{"embeddable":true,"href":"https:\/\/urbeamea.ro\/albaiulia\/wp-json\/wp\/v2\/users\/17"}],"replies":[{"embeddable":true,"href":"https:\/\/urbeamea.ro\/albaiulia\/wp-json\/wp\/v2\/comments?post=19125"}],"version-history":[{"count":0,"href":"https:\/\/urbeamea.ro\/albaiulia\/wp-json\/wp\/v2\/posts\/19125\/revisions"}],"wp:featuredmedia":[{"embeddable":true,"href":"https:\/\/urbeamea.ro\/albaiulia\/wp-json\/wp\/v2\/media\/19126"}],"wp:attachment":[{"href":"https:\/\/urbeamea.ro\/albaiulia\/wp-json\/wp\/v2\/media?parent=19125"}],"wp:term":[{"taxonomy":"category","embeddable":true,"href":"https:\/\/urbeamea.ro\/albaiulia\/wp-json\/wp\/v2\/categories?post=19125"},{"taxonomy":"post_tag","embeddable":true,"href":"https:\/\/urbeamea.ro\/albaiulia\/wp-json\/wp\/v2\/tags?post=19125"}],"curies":[{"name":"wp","href":"https:\/\/api.w.org\/{rel}","templated":true}]}}