{"id":19365,"date":"2016-03-08T12:26:53","date_gmt":"2016-03-08T10:26:53","guid":{"rendered":"http:\/\/urbeamea.ro\/albaiulia\/?p=19365"},"modified":"2016-03-08T12:27:31","modified_gmt":"2016-03-08T10:27:31","slug":"barbat-din-tartaria-cu-dosar-penal-pentru-conducere-fara-permis-a-unui-tractor-neinmatriculat","status":"publish","type":"post","link":"https:\/\/urbeamea.ro\/albaiulia\/barbat-din-tartaria-cu-dosar-penal-pentru-conducere-fara-permis-a-unui-tractor-neinmatriculat\/","title":{"rendered":"B\u0103rbat din T\u0103rt\u0103ria, cu dosar penal pentru conducere f\u0103r\u0103 permis a unui tractor ne\u00eenmatriculat"},"content":{"rendered":"<p><strong><img loading=\"lazy\" decoding=\"async\" class=\"size-medium wp-image-14923 alignleft\" src=\"http:\/\/urbeamea.ro\/albaiulia\/wp-content\/uploads\/2015\/12\/radarpolitie-300x169.jpg\" alt=\"radarpolitie\" width=\"300\" height=\"169\" srcset=\"https:\/\/urbeamea.ro\/albaiulia\/wp-content\/uploads\/2015\/12\/radarpolitie-300x169.jpg 300w, https:\/\/urbeamea.ro\/albaiulia\/wp-content\/uploads\/2015\/12\/radarpolitie-150x85.jpg 150w, https:\/\/urbeamea.ro\/albaiulia\/wp-content\/uploads\/2015\/12\/radarpolitie.jpg 560w\" sizes=\"auto, (max-width: 300px) 100vw, 300px\" \/>Un b\u0103rbat \u00een v\u00e2rst\u0103 de 38 de ani este cercetat\u00a0penal pentru c\u0103 a condus, f\u0103r\u0103 a de\u021bine permis, un tractor ne\u00eenmatriculat, pe un drum jude\u0163ean, la T\u0103rt\u0103ria. Acesta a fost prins \u00een trafic de oamenii legii din S\u0103li\u015ftea \u015fi \u015eibot.<\/strong><\/p>\n<p>Potrivit IPJ Alba, luni, 7 martie, \u00een jurul orei 19.00, poli\u0163i\u015ftii Postului de Poli\u0163ie S\u0103li\u015ftea, \u00een timp ce ac\u0163ionau \u00eempreun\u0103 cu poli\u0163i\u015ftii din \u015eibot, pe DJ705 E, pe raza localit\u0103\u0163ii T\u0103rt\u0103ria, l-au depistat pe un b\u0103rbat de 38 de ani, din comun\u0103, \u00een timp ce conducea un tractor, f\u0103r\u0103 a poseda permis de conducere pentru nicio categorie de autovehicule.<\/p>\n<p>Cu ocazia verific\u0103rilor efectuate, poli\u0163i\u015ftii au constatat c\u0103 tractorul \u015fi remorca ata\u015fate acestuia nu erau \u00eenmatriculate sau \u00eenregistrate \u00een circula\u0163ie.<\/p>\n<p>Fa\u0163\u0103 de P.N.M., cercet\u0103rile sunt continuate sub aspectul comiterii infrac\u021biunilor de conducere f\u0103r\u0103 permis \u015fi conducerea unui autovehicul ne\u00eenmatriculat.<\/p>\n","protected":false},"excerpt":{"rendered":"<p>Un b\u0103rbat \u00een v\u00e2rst\u0103 de 38 de ani este cercetat\u00a0penal pentru c\u0103 a condus, f\u0103r\u0103 a de\u021bine permis, un tractor ne\u00eenmatriculat, pe un drum jude\u0163ean, la T\u0103rt\u0103ria. Acesta a fost prins \u00een trafic de oamenii legii din S\u0103li\u015ftea \u015fi \u015eibot. Potrivit IPJ Alba, luni, 7 martie, \u00een jurul orei 19.00, poli\u0163i\u015ftii Postului de Poli\u0163ie S\u0103li\u015ftea, &hellip;<\/p>\n","protected":false},"author":17,"featured_media":14923,"comment_status":"open","ping_status":"open","sticky":false,"template":"","format":"standard","meta":{"inline_featured_image":false,"footnotes":""},"categories":[2034],"tags":[307,2505,3500,401,458,3499,2444,308,3184,76,1558],"class_list":["post-19365","post","type-post","status-publish","format-standard","has-post-thumbnail","hentry","category-social","tag-alba","tag-infractiune","tag-neinmatriculat","tag-permis-de-conducere","tag-politisti","tag-salistea","tag-sibot","tag-stiri","tag-tractor","tag-urbea-mea","tag-verificari"],"yoast_head":"<!-- This site is optimized with the Yoast SEO plugin v27.4 - https:\/\/yoast.com\/product\/yoast-seo-wordpress\/ -->\n<title>B\u0103rbat din T\u0103rt\u0103ria, cu dosar penal pentru conducere f\u0103r\u0103 permis a unui tractor ne\u00eenmatriculat - Revista Urbea Mea - Revista de Alba<\/title>\n<meta name=\"description\" content=\"Un b\u0103rbat \u00een v\u00e2rst\u0103 de 38 de ani este cercetat\u00a0penal pentru c\u0103 a condus, f\u0103r\u0103 a de\u021bine permis, un tractor ne\u00eenmatriculat, pe un drum jude\u0163ean, la\" \/>\n<meta name=\"robots\" content=\"index, follow, max-snippet:-1, max-image-preview:large, max-video-preview:-1\" \/>\n<link rel=\"canonical\" href=\"https:\/\/urbeamea.ro\/albaiulia\/barbat-din-tartaria-cu-dosar-penal-pentru-conducere-fara-permis-a-unui-tractor-neinmatriculat\/\" \/>\n<meta name=\"twitter:card\" content=\"summary_large_image\" \/>\n<meta name=\"twitter:title\" content=\"B\u0103rbat din T\u0103rt\u0103ria, cu dosar penal pentru conducere f\u0103r\u0103 permis a unui tractor ne\u00eenmatriculat - Revista Urbea Mea - Revista de Alba\" \/>\n<meta name=\"twitter:description\" content=\"Un b\u0103rbat \u00een v\u00e2rst\u0103 de 38 de ani este cercetat\u00a0penal pentru c\u0103 a condus, f\u0103r\u0103 a de\u021bine permis, un tractor ne\u00eenmatriculat, pe un drum jude\u0163ean, la\" \/>\n<meta name=\"twitter:image\" content=\"https:\/\/urbeamea.ro\/albaiulia\/wp-content\/uploads\/2015\/12\/radarpolitie.jpg\" \/>\n<meta name=\"twitter:creator\" content=\"@urbeameaweb\" \/>\n<meta name=\"twitter:site\" content=\"@urbeameaweb\" \/>\n<script type=\"application\/ld+json\" class=\"yoast-schema-graph\">{\"@context\":\"https:\\\/\\\/schema.org\",\"@graph\":[{\"@type\":\"Article\",\"@id\":\"https:\\\/\\\/urbeamea.ro\\\/albaiulia\\\/barbat-din-tartaria-cu-dosar-penal-pentru-conducere-fara-permis-a-unui-tractor-neinmatriculat\\\/#article\",\"isPartOf\":{\"@id\":\"https:\\\/\\\/urbeamea.ro\\\/albaiulia\\\/barbat-din-tartaria-cu-dosar-penal-pentru-conducere-fara-permis-a-unui-tractor-neinmatriculat\\\/\"},\"author\":{\"name\":\"Cristina Ganga\",\"@id\":\"https:\\\/\\\/urbeamea.ro\\\/albaiulia\\\/#\\\/schema\\\/person\\\/9700d21fae21c4f038b0b56f4506264a\"},\"headline\":\"B\u0103rbat din T\u0103rt\u0103ria, cu dosar penal pentru conducere f\u0103r\u0103 permis a unui tractor ne\u00eenmatriculat\",\"datePublished\":\"2016-03-08T10:26:53+00:00\",\"dateModified\":\"2016-03-08T10:27:31+00:00\",\"mainEntityOfPage\":{\"@id\":\"https:\\\/\\\/urbeamea.ro\\\/albaiulia\\\/barbat-din-tartaria-cu-dosar-penal-pentru-conducere-fara-permis-a-unui-tractor-neinmatriculat\\\/\"},\"wordCount\":188,\"commentCount\":0,\"image\":{\"@id\":\"https:\\\/\\\/urbeamea.ro\\\/albaiulia\\\/barbat-din-tartaria-cu-dosar-penal-pentru-conducere-fara-permis-a-unui-tractor-neinmatriculat\\\/#primaryimage\"},\"thumbnailUrl\":\"https:\\\/\\\/urbeamea.ro\\\/albaiulia\\\/wp-content\\\/uploads\\\/2015\\\/12\\\/radarpolitie.jpg\",\"keywords\":[\"alba\",\"infractiune\",\"neinmatriculat\",\"permis de conducere\",\"politisti\",\"salistea\",\"sibot\",\"stiri\",\"tractor\",\"Urbea Mea\",\"verificari\"],\"articleSection\":[\"Social\"],\"inLanguage\":\"ro-RO\",\"potentialAction\":[{\"@type\":\"CommentAction\",\"name\":\"Comment\",\"target\":[\"https:\\\/\\\/urbeamea.ro\\\/albaiulia\\\/barbat-din-tartaria-cu-dosar-penal-pentru-conducere-fara-permis-a-unui-tractor-neinmatriculat\\\/#respond\"]}]},{\"@type\":\"WebPage\",\"@id\":\"https:\\\/\\\/urbeamea.ro\\\/albaiulia\\\/barbat-din-tartaria-cu-dosar-penal-pentru-conducere-fara-permis-a-unui-tractor-neinmatriculat\\\/\",\"url\":\"https:\\\/\\\/urbeamea.ro\\\/albaiulia\\\/barbat-din-tartaria-cu-dosar-penal-pentru-conducere-fara-permis-a-unui-tractor-neinmatriculat\\\/\",\"name\":\"B\u0103rbat din T\u0103rt\u0103ria, cu dosar penal pentru conducere f\u0103r\u0103 permis a unui tractor ne\u00eenmatriculat - Revista Urbea Mea - Revista de Alba\",\"isPartOf\":{\"@id\":\"https:\\\/\\\/urbeamea.ro\\\/albaiulia\\\/#website\"},\"primaryImageOfPage\":{\"@id\":\"https:\\\/\\\/urbeamea.ro\\\/albaiulia\\\/barbat-din-tartaria-cu-dosar-penal-pentru-conducere-fara-permis-a-unui-tractor-neinmatriculat\\\/#primaryimage\"},\"image\":{\"@id\":\"https:\\\/\\\/urbeamea.ro\\\/albaiulia\\\/barbat-din-tartaria-cu-dosar-penal-pentru-conducere-fara-permis-a-unui-tractor-neinmatriculat\\\/#primaryimage\"},\"thumbnailUrl\":\"https:\\\/\\\/urbeamea.ro\\\/albaiulia\\\/wp-content\\\/uploads\\\/2015\\\/12\\\/radarpolitie.jpg\",\"datePublished\":\"2016-03-08T10:26:53+00:00\",\"dateModified\":\"2016-03-08T10:27:31+00:00\",\"author\":{\"@id\":\"https:\\\/\\\/urbeamea.ro\\\/albaiulia\\\/#\\\/schema\\\/person\\\/9700d21fae21c4f038b0b56f4506264a\"},\"description\":\"Un b\u0103rbat \u00een v\u00e2rst\u0103 de 38 de ani este cercetat\u00a0penal pentru c\u0103 a condus, f\u0103r\u0103 a de\u021bine permis, un tractor ne\u00eenmatriculat, pe un drum jude\u0163ean, la\",\"breadcrumb\":{\"@id\":\"https:\\\/\\\/urbeamea.ro\\\/albaiulia\\\/barbat-din-tartaria-cu-dosar-penal-pentru-conducere-fara-permis-a-unui-tractor-neinmatriculat\\\/#breadcrumb\"},\"inLanguage\":\"ro-RO\",\"potentialAction\":[{\"@type\":\"ReadAction\",\"target\":[\"https:\\\/\\\/urbeamea.ro\\\/albaiulia\\\/barbat-din-tartaria-cu-dosar-penal-pentru-conducere-fara-permis-a-unui-tractor-neinmatriculat\\\/\"]}]},{\"@type\":\"ImageObject\",\"inLanguage\":\"ro-RO\",\"@id\":\"https:\\\/\\\/urbeamea.ro\\\/albaiulia\\\/barbat-din-tartaria-cu-dosar-penal-pentru-conducere-fara-permis-a-unui-tractor-neinmatriculat\\\/#primaryimage\",\"url\":\"https:\\\/\\\/urbeamea.ro\\\/albaiulia\\\/wp-content\\\/uploads\\\/2015\\\/12\\\/radarpolitie.jpg\",\"contentUrl\":\"https:\\\/\\\/urbeamea.ro\\\/albaiulia\\\/wp-content\\\/uploads\\\/2015\\\/12\\\/radarpolitie.jpg\",\"width\":560,\"height\":316},{\"@type\":\"BreadcrumbList\",\"@id\":\"https:\\\/\\\/urbeamea.ro\\\/albaiulia\\\/barbat-din-tartaria-cu-dosar-penal-pentru-conducere-fara-permis-a-unui-tractor-neinmatriculat\\\/#breadcrumb\",\"itemListElement\":[{\"@type\":\"ListItem\",\"position\":1,\"name\":\"Prima pagin\u0103\",\"item\":\"https:\\\/\\\/urbeamea.ro\\\/albaiulia\\\/\"},{\"@type\":\"ListItem\",\"position\":2,\"name\":\"B\u0103rbat din T\u0103rt\u0103ria, cu dosar penal pentru conducere f\u0103r\u0103 permis a unui tractor ne\u00eenmatriculat\"}]},{\"@type\":\"WebSite\",\"@id\":\"https:\\\/\\\/urbeamea.ro\\\/albaiulia\\\/#website\",\"url\":\"https:\\\/\\\/urbeamea.ro\\\/albaiulia\\\/\",\"name\":\"Revista Urbea Mea, Stiri urbane\",\"description\":\"Evenimente \u0219i \u0219tiri din Alba Iulia, Sebe\u0219, Aiud, Blaj\",\"potentialAction\":[{\"@type\":\"SearchAction\",\"target\":{\"@type\":\"EntryPoint\",\"urlTemplate\":\"https:\\\/\\\/urbeamea.ro\\\/albaiulia\\\/?s={search_term_string}\"},\"query-input\":{\"@type\":\"PropertyValueSpecification\",\"valueRequired\":true,\"valueName\":\"search_term_string\"}}],\"inLanguage\":\"ro-RO\"},{\"@type\":\"Person\",\"@id\":\"https:\\\/\\\/urbeamea.ro\\\/albaiulia\\\/#\\\/schema\\\/person\\\/9700d21fae21c4f038b0b56f4506264a\",\"name\":\"Cristina Ganga\",\"image\":{\"@type\":\"ImageObject\",\"inLanguage\":\"ro-RO\",\"@id\":\"https:\\\/\\\/secure.gravatar.com\\\/avatar\\\/5a67661041f057b4a8ccaf26f5a8e86e2689372006d01faf3dd9eeb10b654bb4?s=96&d=mm&r=g\",\"url\":\"https:\\\/\\\/secure.gravatar.com\\\/avatar\\\/5a67661041f057b4a8ccaf26f5a8e86e2689372006d01faf3dd9eeb10b654bb4?s=96&d=mm&r=g\",\"contentUrl\":\"https:\\\/\\\/secure.gravatar.com\\\/avatar\\\/5a67661041f057b4a8ccaf26f5a8e86e2689372006d01faf3dd9eeb10b654bb4?s=96&d=mm&r=g\",\"caption\":\"Cristina Ganga\"},\"description\":\"Jurnalist\",\"sameAs\":[\"https:\\\/\\\/www.facebook.com\\\/cristina.nicola.587\"],\"url\":\"https:\\\/\\\/urbeamea.ro\\\/albaiulia\\\/author\\\/cristina-nicola\\\/\"}]}<\/script>\n<!-- \/ Yoast SEO plugin. -->","yoast_head_json":{"title":"B\u0103rbat din T\u0103rt\u0103ria, cu dosar penal pentru conducere f\u0103r\u0103 permis a unui tractor ne\u00eenmatriculat - Revista Urbea Mea - Revista de Alba","description":"Un b\u0103rbat \u00een v\u00e2rst\u0103 de 38 de ani este cercetat\u00a0penal pentru c\u0103 a condus, f\u0103r\u0103 a de\u021bine permis, un tractor ne\u00eenmatriculat, pe un drum jude\u0163ean, la","robots":{"index":"index","follow":"follow","max-snippet":"max-snippet:-1","max-image-preview":"max-image-preview:large","max-video-preview":"max-video-preview:-1"},"canonical":"https:\/\/urbeamea.ro\/albaiulia\/barbat-din-tartaria-cu-dosar-penal-pentru-conducere-fara-permis-a-unui-tractor-neinmatriculat\/","twitter_card":"summary_large_image","twitter_title":"B\u0103rbat din T\u0103rt\u0103ria, cu dosar penal pentru conducere f\u0103r\u0103 permis a unui tractor ne\u00eenmatriculat - Revista Urbea Mea - Revista de Alba","twitter_description":"Un b\u0103rbat \u00een v\u00e2rst\u0103 de 38 de ani este cercetat\u00a0penal pentru c\u0103 a condus, f\u0103r\u0103 a de\u021bine permis, un tractor ne\u00eenmatriculat, pe un drum jude\u0163ean, la","twitter_image":"https:\/\/urbeamea.ro\/albaiulia\/wp-content\/uploads\/2015\/12\/radarpolitie.jpg","twitter_creator":"@urbeameaweb","twitter_site":"@urbeameaweb","schema":{"@context":"https:\/\/schema.org","@graph":[{"@type":"Article","@id":"https:\/\/urbeamea.ro\/albaiulia\/barbat-din-tartaria-cu-dosar-penal-pentru-conducere-fara-permis-a-unui-tractor-neinmatriculat\/#article","isPartOf":{"@id":"https:\/\/urbeamea.ro\/albaiulia\/barbat-din-tartaria-cu-dosar-penal-pentru-conducere-fara-permis-a-unui-tractor-neinmatriculat\/"},"author":{"name":"Cristina Ganga","@id":"https:\/\/urbeamea.ro\/albaiulia\/#\/schema\/person\/9700d21fae21c4f038b0b56f4506264a"},"headline":"B\u0103rbat din T\u0103rt\u0103ria, cu dosar penal pentru conducere f\u0103r\u0103 permis a unui tractor ne\u00eenmatriculat","datePublished":"2016-03-08T10:26:53+00:00","dateModified":"2016-03-08T10:27:31+00:00","mainEntityOfPage":{"@id":"https:\/\/urbeamea.ro\/albaiulia\/barbat-din-tartaria-cu-dosar-penal-pentru-conducere-fara-permis-a-unui-tractor-neinmatriculat\/"},"wordCount":188,"commentCount":0,"image":{"@id":"https:\/\/urbeamea.ro\/albaiulia\/barbat-din-tartaria-cu-dosar-penal-pentru-conducere-fara-permis-a-unui-tractor-neinmatriculat\/#primaryimage"},"thumbnailUrl":"https:\/\/urbeamea.ro\/albaiulia\/wp-content\/uploads\/2015\/12\/radarpolitie.jpg","keywords":["alba","infractiune","neinmatriculat","permis de conducere","politisti","salistea","sibot","stiri","tractor","Urbea Mea","verificari"],"articleSection":["Social"],"inLanguage":"ro-RO","potentialAction":[{"@type":"CommentAction","name":"Comment","target":["https:\/\/urbeamea.ro\/albaiulia\/barbat-din-tartaria-cu-dosar-penal-pentru-conducere-fara-permis-a-unui-tractor-neinmatriculat\/#respond"]}]},{"@type":"WebPage","@id":"https:\/\/urbeamea.ro\/albaiulia\/barbat-din-tartaria-cu-dosar-penal-pentru-conducere-fara-permis-a-unui-tractor-neinmatriculat\/","url":"https:\/\/urbeamea.ro\/albaiulia\/barbat-din-tartaria-cu-dosar-penal-pentru-conducere-fara-permis-a-unui-tractor-neinmatriculat\/","name":"B\u0103rbat din T\u0103rt\u0103ria, cu dosar penal pentru conducere f\u0103r\u0103 permis a unui tractor ne\u00eenmatriculat - Revista Urbea Mea - Revista de Alba","isPartOf":{"@id":"https:\/\/urbeamea.ro\/albaiulia\/#website"},"primaryImageOfPage":{"@id":"https:\/\/urbeamea.ro\/albaiulia\/barbat-din-tartaria-cu-dosar-penal-pentru-conducere-fara-permis-a-unui-tractor-neinmatriculat\/#primaryimage"},"image":{"@id":"https:\/\/urbeamea.ro\/albaiulia\/barbat-din-tartaria-cu-dosar-penal-pentru-conducere-fara-permis-a-unui-tractor-neinmatriculat\/#primaryimage"},"thumbnailUrl":"https:\/\/urbeamea.ro\/albaiulia\/wp-content\/uploads\/2015\/12\/radarpolitie.jpg","datePublished":"2016-03-08T10:26:53+00:00","dateModified":"2016-03-08T10:27:31+00:00","author":{"@id":"https:\/\/urbeamea.ro\/albaiulia\/#\/schema\/person\/9700d21fae21c4f038b0b56f4506264a"},"description":"Un b\u0103rbat \u00een v\u00e2rst\u0103 de 38 de ani este cercetat\u00a0penal pentru c\u0103 a condus, f\u0103r\u0103 a de\u021bine permis, un tractor ne\u00eenmatriculat, pe un drum jude\u0163ean, la","breadcrumb":{"@id":"https:\/\/urbeamea.ro\/albaiulia\/barbat-din-tartaria-cu-dosar-penal-pentru-conducere-fara-permis-a-unui-tractor-neinmatriculat\/#breadcrumb"},"inLanguage":"ro-RO","potentialAction":[{"@type":"ReadAction","target":["https:\/\/urbeamea.ro\/albaiulia\/barbat-din-tartaria-cu-dosar-penal-pentru-conducere-fara-permis-a-unui-tractor-neinmatriculat\/"]}]},{"@type":"ImageObject","inLanguage":"ro-RO","@id":"https:\/\/urbeamea.ro\/albaiulia\/barbat-din-tartaria-cu-dosar-penal-pentru-conducere-fara-permis-a-unui-tractor-neinmatriculat\/#primaryimage","url":"https:\/\/urbeamea.ro\/albaiulia\/wp-content\/uploads\/2015\/12\/radarpolitie.jpg","contentUrl":"https:\/\/urbeamea.ro\/albaiulia\/wp-content\/uploads\/2015\/12\/radarpolitie.jpg","width":560,"height":316},{"@type":"BreadcrumbList","@id":"https:\/\/urbeamea.ro\/albaiulia\/barbat-din-tartaria-cu-dosar-penal-pentru-conducere-fara-permis-a-unui-tractor-neinmatriculat\/#breadcrumb","itemListElement":[{"@type":"ListItem","position":1,"name":"Prima pagin\u0103","item":"https:\/\/urbeamea.ro\/albaiulia\/"},{"@type":"ListItem","position":2,"name":"B\u0103rbat din T\u0103rt\u0103ria, cu dosar penal pentru conducere f\u0103r\u0103 permis a unui tractor ne\u00eenmatriculat"}]},{"@type":"WebSite","@id":"https:\/\/urbeamea.ro\/albaiulia\/#website","url":"https:\/\/urbeamea.ro\/albaiulia\/","name":"Revista Urbea Mea, Stiri urbane","description":"Evenimente \u0219i \u0219tiri din Alba Iulia, Sebe\u0219, Aiud, Blaj","potentialAction":[{"@type":"SearchAction","target":{"@type":"EntryPoint","urlTemplate":"https:\/\/urbeamea.ro\/albaiulia\/?s={search_term_string}"},"query-input":{"@type":"PropertyValueSpecification","valueRequired":true,"valueName":"search_term_string"}}],"inLanguage":"ro-RO"},{"@type":"Person","@id":"https:\/\/urbeamea.ro\/albaiulia\/#\/schema\/person\/9700d21fae21c4f038b0b56f4506264a","name":"Cristina Ganga","image":{"@type":"ImageObject","inLanguage":"ro-RO","@id":"https:\/\/secure.gravatar.com\/avatar\/5a67661041f057b4a8ccaf26f5a8e86e2689372006d01faf3dd9eeb10b654bb4?s=96&d=mm&r=g","url":"https:\/\/secure.gravatar.com\/avatar\/5a67661041f057b4a8ccaf26f5a8e86e2689372006d01faf3dd9eeb10b654bb4?s=96&d=mm&r=g","contentUrl":"https:\/\/secure.gravatar.com\/avatar\/5a67661041f057b4a8ccaf26f5a8e86e2689372006d01faf3dd9eeb10b654bb4?s=96&d=mm&r=g","caption":"Cristina Ganga"},"description":"Jurnalist","sameAs":["https:\/\/www.facebook.com\/cristina.nicola.587"],"url":"https:\/\/urbeamea.ro\/albaiulia\/author\/cristina-nicola\/"}]}},"_links":{"self":[{"href":"https:\/\/urbeamea.ro\/albaiulia\/wp-json\/wp\/v2\/posts\/19365","targetHints":{"allow":["GET"]}}],"collection":[{"href":"https:\/\/urbeamea.ro\/albaiulia\/wp-json\/wp\/v2\/posts"}],"about":[{"href":"https:\/\/urbeamea.ro\/albaiulia\/wp-json\/wp\/v2\/types\/post"}],"author":[{"embeddable":true,"href":"https:\/\/urbeamea.ro\/albaiulia\/wp-json\/wp\/v2\/users\/17"}],"replies":[{"embeddable":true,"href":"https:\/\/urbeamea.ro\/albaiulia\/wp-json\/wp\/v2\/comments?post=19365"}],"version-history":[{"count":0,"href":"https:\/\/urbeamea.ro\/albaiulia\/wp-json\/wp\/v2\/posts\/19365\/revisions"}],"wp:featuredmedia":[{"embeddable":true,"href":"https:\/\/urbeamea.ro\/albaiulia\/wp-json\/wp\/v2\/media\/14923"}],"wp:attachment":[{"href":"https:\/\/urbeamea.ro\/albaiulia\/wp-json\/wp\/v2\/media?parent=19365"}],"wp:term":[{"taxonomy":"category","embeddable":true,"href":"https:\/\/urbeamea.ro\/albaiulia\/wp-json\/wp\/v2\/categories?post=19365"},{"taxonomy":"post_tag","embeddable":true,"href":"https:\/\/urbeamea.ro\/albaiulia\/wp-json\/wp\/v2\/tags?post=19365"}],"curies":[{"name":"wp","href":"https:\/\/api.w.org\/{rel}","templated":true}]}}