{"id":19537,"date":"2016-03-09T18:08:39","date_gmt":"2016-03-09T16:08:39","guid":{"rendered":"http:\/\/urbeamea.ro\/albaiulia\/?p=19537"},"modified":"2016-03-09T18:08:39","modified_gmt":"2016-03-09T16:08:39","slug":"incendiu-in-sebes-subsolul-unui-bloc-a-luat-foc","status":"publish","type":"post","link":"https:\/\/urbeamea.ro\/albaiulia\/incendiu-in-sebes-subsolul-unui-bloc-a-luat-foc\/","title":{"rendered":"Incendiu \u00een Sebe\u0219: Subsolul unui bloc a luat foc"},"content":{"rendered":"<p><strong><img loading=\"lazy\" decoding=\"async\" class=\"size-medium wp-image-6437 alignleft\" src=\"http:\/\/urbeamea.ro\/albaiulia\/wp-content\/uploads\/2015\/07\/masina-interventie-pompieri2-300x176.jpg\" alt=\"masina-interventie-pompieri2\" width=\"300\" height=\"176\" \/>Pompierii din Sebe\u015f au fost solicita\u021bi\u00a0s\u0103 intervin\u0103, miercuri dup\u0103-amiaza, pentru stingerea unui incendiu izbucnit \u00een ora\u015f. Potrivit ISU Alba<\/strong><strong>, este vorba despre un bloc de pe strada Valea Frumoasei.<\/strong><\/p>\n<p>Localnici au chemat ajutorul pompierilor, dup\u0103 ce au observat c\u0103 din subsolul imobilului ie\u015fea fum.<\/p>\n<p>Revenim cu am\u0103nunte.<\/p>\n","protected":false},"excerpt":{"rendered":"<p>Pompierii din Sebe\u015f au fost solicita\u021bi\u00a0s\u0103 intervin\u0103, miercuri dup\u0103-amiaza, pentru stingerea unui incendiu izbucnit \u00een ora\u015f. Potrivit ISU Alba, este vorba despre un bloc de pe strada Valea Frumoasei. Localnici au chemat ajutorul pompierilor, dup\u0103 ce au observat c\u0103 din subsolul imobilului ie\u015fea fum. Revenim cu am\u0103nunte.<\/p>\n","protected":false},"author":17,"featured_media":6437,"comment_status":"open","ping_status":"open","sticky":false,"template":"","format":"standard","meta":{"inline_featured_image":false,"footnotes":""},"categories":[2034],"tags":[3211,2732,3573,312,1223,308,76,3574],"class_list":["post-19537","post","type-post","status-publish","format-standard","has-post-thumbnail","hentry","category-social","tag-bloc","tag-incendiu","tag-localnici","tag-pompieri","tag-sebes","tag-stiri","tag-urbea-mea","tag-valea-frumoasei"],"yoast_head":"<!-- This site is optimized with the Yoast SEO plugin v28.3 - https:\/\/yoast.com\/product\/yoast-seo-wordpress\/ -->\n<title>Incendiu \u00een Sebe\u0219: Subsolul unui bloc a luat foc - Revista Urbea Mea - Revista de Alba<\/title>\n<meta name=\"description\" content=\"Pompierii din Sebe\u015f au fost solicita\u021bi\u00a0s\u0103 intervin\u0103, miercuri dup\u0103-amiaza, pentru stingerea unui incendiu izbucnit \u00een ora\u015f. Potrivit ISU Alba, este vorba\" \/>\n<meta name=\"robots\" content=\"index, follow, max-snippet:-1, max-image-preview:large, max-video-preview:-1\" \/>\n<link rel=\"canonical\" href=\"https:\/\/urbeamea.ro\/albaiulia\/incendiu-in-sebes-subsolul-unui-bloc-a-luat-foc\/\" \/>\n<meta name=\"twitter:card\" content=\"summary_large_image\" \/>\n<meta name=\"twitter:title\" content=\"Incendiu \u00een Sebe\u0219: Subsolul unui bloc a luat foc - Revista Urbea Mea - Revista de Alba\" \/>\n<meta name=\"twitter:description\" content=\"Pompierii din Sebe\u015f au fost solicita\u021bi\u00a0s\u0103 intervin\u0103, miercuri dup\u0103-amiaza, pentru stingerea unui incendiu izbucnit \u00een ora\u015f. Potrivit ISU Alba, este vorba\" \/>\n<meta name=\"twitter:image\" content=\"https:\/\/urbeamea.ro\/albaiulia\/wp-content\/uploads\/2015\/07\/masina-interventie-pompieri2.jpg\" \/>\n<meta name=\"twitter:creator\" content=\"@urbeameaweb\" \/>\n<meta name=\"twitter:site\" content=\"@urbeameaweb\" \/>\n<script type=\"application\/ld+json\" class=\"yoast-schema-graph\">{\"@context\":\"https:\\\/\\\/schema.org\",\"@graph\":[{\"@type\":\"Article\",\"@id\":\"https:\\\/\\\/urbeamea.ro\\\/albaiulia\\\/incendiu-in-sebes-subsolul-unui-bloc-a-luat-foc\\\/#article\",\"isPartOf\":{\"@id\":\"https:\\\/\\\/urbeamea.ro\\\/albaiulia\\\/incendiu-in-sebes-subsolul-unui-bloc-a-luat-foc\\\/\"},\"author\":{\"name\":\"Cristina Ganga\",\"@id\":\"https:\\\/\\\/urbeamea.ro\\\/albaiulia\\\/#\\\/schema\\\/person\\\/9700d21fae21c4f038b0b56f4506264a\"},\"headline\":\"Incendiu \u00een Sebe\u0219: Subsolul unui bloc a luat foc\",\"datePublished\":\"2016-03-09T16:08:39+00:00\",\"mainEntityOfPage\":{\"@id\":\"https:\\\/\\\/urbeamea.ro\\\/albaiulia\\\/incendiu-in-sebes-subsolul-unui-bloc-a-luat-foc\\\/\"},\"wordCount\":61,\"commentCount\":0,\"image\":{\"@id\":\"https:\\\/\\\/urbeamea.ro\\\/albaiulia\\\/incendiu-in-sebes-subsolul-unui-bloc-a-luat-foc\\\/#primaryimage\"},\"thumbnailUrl\":\"https:\\\/\\\/urbeamea.ro\\\/albaiulia\\\/wp-content\\\/uploads\\\/2015\\\/07\\\/masina-interventie-pompieri2.jpg\",\"keywords\":[\"bloc\",\"incendiu\",\"localnici\",\"pompieri\",\"sebes\",\"stiri\",\"Urbea Mea\",\"valea frumoasei\"],\"articleSection\":[\"Social\"],\"inLanguage\":\"ro-RO\",\"potentialAction\":[{\"@type\":\"CommentAction\",\"name\":\"Comment\",\"target\":[\"https:\\\/\\\/urbeamea.ro\\\/albaiulia\\\/incendiu-in-sebes-subsolul-unui-bloc-a-luat-foc\\\/#respond\"]}]},{\"@type\":\"WebPage\",\"@id\":\"https:\\\/\\\/urbeamea.ro\\\/albaiulia\\\/incendiu-in-sebes-subsolul-unui-bloc-a-luat-foc\\\/\",\"url\":\"https:\\\/\\\/urbeamea.ro\\\/albaiulia\\\/incendiu-in-sebes-subsolul-unui-bloc-a-luat-foc\\\/\",\"name\":\"Incendiu \u00een Sebe\u0219: Subsolul unui bloc a luat foc - Revista Urbea Mea - Revista de Alba\",\"isPartOf\":{\"@id\":\"https:\\\/\\\/urbeamea.ro\\\/albaiulia\\\/#website\"},\"primaryImageOfPage\":{\"@id\":\"https:\\\/\\\/urbeamea.ro\\\/albaiulia\\\/incendiu-in-sebes-subsolul-unui-bloc-a-luat-foc\\\/#primaryimage\"},\"image\":{\"@id\":\"https:\\\/\\\/urbeamea.ro\\\/albaiulia\\\/incendiu-in-sebes-subsolul-unui-bloc-a-luat-foc\\\/#primaryimage\"},\"thumbnailUrl\":\"https:\\\/\\\/urbeamea.ro\\\/albaiulia\\\/wp-content\\\/uploads\\\/2015\\\/07\\\/masina-interventie-pompieri2.jpg\",\"datePublished\":\"2016-03-09T16:08:39+00:00\",\"author\":{\"@id\":\"https:\\\/\\\/urbeamea.ro\\\/albaiulia\\\/#\\\/schema\\\/person\\\/9700d21fae21c4f038b0b56f4506264a\"},\"description\":\"Pompierii din Sebe\u015f au fost solicita\u021bi\u00a0s\u0103 intervin\u0103, miercuri dup\u0103-amiaza, pentru stingerea unui incendiu izbucnit \u00een ora\u015f. Potrivit ISU Alba, este vorba\",\"breadcrumb\":{\"@id\":\"https:\\\/\\\/urbeamea.ro\\\/albaiulia\\\/incendiu-in-sebes-subsolul-unui-bloc-a-luat-foc\\\/#breadcrumb\"},\"inLanguage\":\"ro-RO\",\"potentialAction\":[{\"@type\":\"ReadAction\",\"target\":[\"https:\\\/\\\/urbeamea.ro\\\/albaiulia\\\/incendiu-in-sebes-subsolul-unui-bloc-a-luat-foc\\\/\"]}]},{\"@type\":\"ImageObject\",\"inLanguage\":\"ro-RO\",\"@id\":\"https:\\\/\\\/urbeamea.ro\\\/albaiulia\\\/incendiu-in-sebes-subsolul-unui-bloc-a-luat-foc\\\/#primaryimage\",\"url\":\"https:\\\/\\\/urbeamea.ro\\\/albaiulia\\\/wp-content\\\/uploads\\\/2015\\\/07\\\/masina-interventie-pompieri2.jpg\",\"contentUrl\":\"https:\\\/\\\/urbeamea.ro\\\/albaiulia\\\/wp-content\\\/uploads\\\/2015\\\/07\\\/masina-interventie-pompieri2.jpg\",\"width\":717,\"height\":420},{\"@type\":\"BreadcrumbList\",\"@id\":\"https:\\\/\\\/urbeamea.ro\\\/albaiulia\\\/incendiu-in-sebes-subsolul-unui-bloc-a-luat-foc\\\/#breadcrumb\",\"itemListElement\":[{\"@type\":\"ListItem\",\"position\":1,\"name\":\"Prima pagin\u0103\",\"item\":\"https:\\\/\\\/urbeamea.ro\\\/albaiulia\\\/\"},{\"@type\":\"ListItem\",\"position\":2,\"name\":\"Incendiu \u00een Sebe\u0219: Subsolul unui bloc a luat foc\"}]},{\"@type\":\"WebSite\",\"@id\":\"https:\\\/\\\/urbeamea.ro\\\/albaiulia\\\/#website\",\"url\":\"https:\\\/\\\/urbeamea.ro\\\/albaiulia\\\/\",\"name\":\"Revista Urbea Mea, Stiri urbane\",\"description\":\"Evenimente \u0219i \u0219tiri din Alba Iulia, Sebe\u0219, Aiud, Blaj\",\"potentialAction\":[{\"@type\":\"SearchAction\",\"target\":{\"@type\":\"EntryPoint\",\"urlTemplate\":\"https:\\\/\\\/urbeamea.ro\\\/albaiulia\\\/?s={search_term_string}\"},\"query-input\":{\"@type\":\"PropertyValueSpecification\",\"valueRequired\":true,\"valueName\":\"search_term_string\"}}],\"inLanguage\":\"ro-RO\"},{\"@type\":\"Person\",\"@id\":\"https:\\\/\\\/urbeamea.ro\\\/albaiulia\\\/#\\\/schema\\\/person\\\/9700d21fae21c4f038b0b56f4506264a\",\"name\":\"Cristina Ganga\",\"image\":{\"@type\":\"ImageObject\",\"inLanguage\":\"ro-RO\",\"@id\":\"https:\\\/\\\/secure.gravatar.com\\\/avatar\\\/5a67661041f057b4a8ccaf26f5a8e86e2689372006d01faf3dd9eeb10b654bb4?s=96&d=mm&r=g\",\"url\":\"https:\\\/\\\/secure.gravatar.com\\\/avatar\\\/5a67661041f057b4a8ccaf26f5a8e86e2689372006d01faf3dd9eeb10b654bb4?s=96&d=mm&r=g\",\"contentUrl\":\"https:\\\/\\\/secure.gravatar.com\\\/avatar\\\/5a67661041f057b4a8ccaf26f5a8e86e2689372006d01faf3dd9eeb10b654bb4?s=96&d=mm&r=g\",\"caption\":\"Cristina Ganga\"},\"description\":\"Jurnalist\",\"sameAs\":[\"https:\\\/\\\/www.facebook.com\\\/cristina.nicola.587\"],\"url\":\"https:\\\/\\\/urbeamea.ro\\\/albaiulia\\\/author\\\/cristina-nicola\\\/\"}]}<\/script>\n<!-- \/ Yoast SEO plugin. -->","yoast_head_json":{"title":"Incendiu \u00een Sebe\u0219: Subsolul unui bloc a luat foc - Revista Urbea Mea - Revista de Alba","description":"Pompierii din Sebe\u015f au fost solicita\u021bi\u00a0s\u0103 intervin\u0103, miercuri dup\u0103-amiaza, pentru stingerea unui incendiu izbucnit \u00een ora\u015f. Potrivit ISU Alba, este vorba","robots":{"index":"index","follow":"follow","max-snippet":"max-snippet:-1","max-image-preview":"max-image-preview:large","max-video-preview":"max-video-preview:-1"},"canonical":"https:\/\/urbeamea.ro\/albaiulia\/incendiu-in-sebes-subsolul-unui-bloc-a-luat-foc\/","twitter_card":"summary_large_image","twitter_title":"Incendiu \u00een Sebe\u0219: Subsolul unui bloc a luat foc - Revista Urbea Mea - Revista de Alba","twitter_description":"Pompierii din Sebe\u015f au fost solicita\u021bi\u00a0s\u0103 intervin\u0103, miercuri dup\u0103-amiaza, pentru stingerea unui incendiu izbucnit \u00een ora\u015f. Potrivit ISU Alba, este vorba","twitter_image":"https:\/\/urbeamea.ro\/albaiulia\/wp-content\/uploads\/2015\/07\/masina-interventie-pompieri2.jpg","twitter_creator":"@urbeameaweb","twitter_site":"@urbeameaweb","schema":{"@context":"https:\/\/schema.org","@graph":[{"@type":"Article","@id":"https:\/\/urbeamea.ro\/albaiulia\/incendiu-in-sebes-subsolul-unui-bloc-a-luat-foc\/#article","isPartOf":{"@id":"https:\/\/urbeamea.ro\/albaiulia\/incendiu-in-sebes-subsolul-unui-bloc-a-luat-foc\/"},"author":{"name":"Cristina Ganga","@id":"https:\/\/urbeamea.ro\/albaiulia\/#\/schema\/person\/9700d21fae21c4f038b0b56f4506264a"},"headline":"Incendiu \u00een Sebe\u0219: Subsolul unui bloc a luat foc","datePublished":"2016-03-09T16:08:39+00:00","mainEntityOfPage":{"@id":"https:\/\/urbeamea.ro\/albaiulia\/incendiu-in-sebes-subsolul-unui-bloc-a-luat-foc\/"},"wordCount":61,"commentCount":0,"image":{"@id":"https:\/\/urbeamea.ro\/albaiulia\/incendiu-in-sebes-subsolul-unui-bloc-a-luat-foc\/#primaryimage"},"thumbnailUrl":"https:\/\/urbeamea.ro\/albaiulia\/wp-content\/uploads\/2015\/07\/masina-interventie-pompieri2.jpg","keywords":["bloc","incendiu","localnici","pompieri","sebes","stiri","Urbea Mea","valea frumoasei"],"articleSection":["Social"],"inLanguage":"ro-RO","potentialAction":[{"@type":"CommentAction","name":"Comment","target":["https:\/\/urbeamea.ro\/albaiulia\/incendiu-in-sebes-subsolul-unui-bloc-a-luat-foc\/#respond"]}]},{"@type":"WebPage","@id":"https:\/\/urbeamea.ro\/albaiulia\/incendiu-in-sebes-subsolul-unui-bloc-a-luat-foc\/","url":"https:\/\/urbeamea.ro\/albaiulia\/incendiu-in-sebes-subsolul-unui-bloc-a-luat-foc\/","name":"Incendiu \u00een Sebe\u0219: Subsolul unui bloc a luat foc - Revista Urbea Mea - Revista de Alba","isPartOf":{"@id":"https:\/\/urbeamea.ro\/albaiulia\/#website"},"primaryImageOfPage":{"@id":"https:\/\/urbeamea.ro\/albaiulia\/incendiu-in-sebes-subsolul-unui-bloc-a-luat-foc\/#primaryimage"},"image":{"@id":"https:\/\/urbeamea.ro\/albaiulia\/incendiu-in-sebes-subsolul-unui-bloc-a-luat-foc\/#primaryimage"},"thumbnailUrl":"https:\/\/urbeamea.ro\/albaiulia\/wp-content\/uploads\/2015\/07\/masina-interventie-pompieri2.jpg","datePublished":"2016-03-09T16:08:39+00:00","author":{"@id":"https:\/\/urbeamea.ro\/albaiulia\/#\/schema\/person\/9700d21fae21c4f038b0b56f4506264a"},"description":"Pompierii din Sebe\u015f au fost solicita\u021bi\u00a0s\u0103 intervin\u0103, miercuri dup\u0103-amiaza, pentru stingerea unui incendiu izbucnit \u00een ora\u015f. Potrivit ISU Alba, este vorba","breadcrumb":{"@id":"https:\/\/urbeamea.ro\/albaiulia\/incendiu-in-sebes-subsolul-unui-bloc-a-luat-foc\/#breadcrumb"},"inLanguage":"ro-RO","potentialAction":[{"@type":"ReadAction","target":["https:\/\/urbeamea.ro\/albaiulia\/incendiu-in-sebes-subsolul-unui-bloc-a-luat-foc\/"]}]},{"@type":"ImageObject","inLanguage":"ro-RO","@id":"https:\/\/urbeamea.ro\/albaiulia\/incendiu-in-sebes-subsolul-unui-bloc-a-luat-foc\/#primaryimage","url":"https:\/\/urbeamea.ro\/albaiulia\/wp-content\/uploads\/2015\/07\/masina-interventie-pompieri2.jpg","contentUrl":"https:\/\/urbeamea.ro\/albaiulia\/wp-content\/uploads\/2015\/07\/masina-interventie-pompieri2.jpg","width":717,"height":420},{"@type":"BreadcrumbList","@id":"https:\/\/urbeamea.ro\/albaiulia\/incendiu-in-sebes-subsolul-unui-bloc-a-luat-foc\/#breadcrumb","itemListElement":[{"@type":"ListItem","position":1,"name":"Prima pagin\u0103","item":"https:\/\/urbeamea.ro\/albaiulia\/"},{"@type":"ListItem","position":2,"name":"Incendiu \u00een Sebe\u0219: Subsolul unui bloc a luat foc"}]},{"@type":"WebSite","@id":"https:\/\/urbeamea.ro\/albaiulia\/#website","url":"https:\/\/urbeamea.ro\/albaiulia\/","name":"Revista Urbea Mea, Stiri urbane","description":"Evenimente \u0219i \u0219tiri din Alba Iulia, Sebe\u0219, Aiud, Blaj","potentialAction":[{"@type":"SearchAction","target":{"@type":"EntryPoint","urlTemplate":"https:\/\/urbeamea.ro\/albaiulia\/?s={search_term_string}"},"query-input":{"@type":"PropertyValueSpecification","valueRequired":true,"valueName":"search_term_string"}}],"inLanguage":"ro-RO"},{"@type":"Person","@id":"https:\/\/urbeamea.ro\/albaiulia\/#\/schema\/person\/9700d21fae21c4f038b0b56f4506264a","name":"Cristina Ganga","image":{"@type":"ImageObject","inLanguage":"ro-RO","@id":"https:\/\/secure.gravatar.com\/avatar\/5a67661041f057b4a8ccaf26f5a8e86e2689372006d01faf3dd9eeb10b654bb4?s=96&d=mm&r=g","url":"https:\/\/secure.gravatar.com\/avatar\/5a67661041f057b4a8ccaf26f5a8e86e2689372006d01faf3dd9eeb10b654bb4?s=96&d=mm&r=g","contentUrl":"https:\/\/secure.gravatar.com\/avatar\/5a67661041f057b4a8ccaf26f5a8e86e2689372006d01faf3dd9eeb10b654bb4?s=96&d=mm&r=g","caption":"Cristina Ganga"},"description":"Jurnalist","sameAs":["https:\/\/www.facebook.com\/cristina.nicola.587"],"url":"https:\/\/urbeamea.ro\/albaiulia\/author\/cristina-nicola\/"}]}},"_links":{"self":[{"href":"https:\/\/urbeamea.ro\/albaiulia\/wp-json\/wp\/v2\/posts\/19537","targetHints":{"allow":["GET"]}}],"collection":[{"href":"https:\/\/urbeamea.ro\/albaiulia\/wp-json\/wp\/v2\/posts"}],"about":[{"href":"https:\/\/urbeamea.ro\/albaiulia\/wp-json\/wp\/v2\/types\/post"}],"author":[{"embeddable":true,"href":"https:\/\/urbeamea.ro\/albaiulia\/wp-json\/wp\/v2\/users\/17"}],"replies":[{"embeddable":true,"href":"https:\/\/urbeamea.ro\/albaiulia\/wp-json\/wp\/v2\/comments?post=19537"}],"version-history":[{"count":0,"href":"https:\/\/urbeamea.ro\/albaiulia\/wp-json\/wp\/v2\/posts\/19537\/revisions"}],"wp:featuredmedia":[{"embeddable":true,"href":"https:\/\/urbeamea.ro\/albaiulia\/wp-json\/wp\/v2\/media\/6437"}],"wp:attachment":[{"href":"https:\/\/urbeamea.ro\/albaiulia\/wp-json\/wp\/v2\/media?parent=19537"}],"wp:term":[{"taxonomy":"category","embeddable":true,"href":"https:\/\/urbeamea.ro\/albaiulia\/wp-json\/wp\/v2\/categories?post=19537"},{"taxonomy":"post_tag","embeddable":true,"href":"https:\/\/urbeamea.ro\/albaiulia\/wp-json\/wp\/v2\/tags?post=19537"}],"curies":[{"name":"wp","href":"https:\/\/api.w.org\/{rel}","templated":true}]}}