{"id":19609,"date":"2016-03-10T16:31:51","date_gmt":"2016-03-10T14:31:51","guid":{"rendered":"http:\/\/urbeamea.ro\/albaiulia\/?p=19609"},"modified":"2016-03-10T16:31:51","modified_gmt":"2016-03-10T14:31:51","slug":"in-aprilie-noua-unitate-de-productie-a-cutiilor-de-viteza-9g-tronic-inaugurata-de-stc-la-sebes","status":"publish","type":"post","link":"https:\/\/urbeamea.ro\/albaiulia\/in-aprilie-noua-unitate-de-productie-a-cutiilor-de-viteza-9g-tronic-inaugurata-de-stc-la-sebes\/","title":{"rendered":"\u00cen aprilie: Noua  unitate de produc\u0163ie a cutiilor de vitez\u0103 9G Tronic, inaugurat\u0103 de STC la Sebe\u0219"},"content":{"rendered":"<p><strong><img loading=\"lazy\" decoding=\"async\" class=\"size-medium wp-image-19610 alignleft\" src=\"http:\/\/urbeamea.ro\/albaiulia\/wp-content\/uploads\/2016\/03\/stc-300x200.jpg\" alt=\"stc\" width=\"300\" height=\"200\" \/>Dup\u0103 doi ani de la\u00a0\u00eenceperea construc\u0163iei celei de-a treia unit\u0103\u0163i de produc\u0163ie de piese auto\u00a0la Sebe\u015f, Star Transmission \u2013 parte a grupului german \u2013 anun\u021b\u0103 inaugurarea oficial\u0103 a\u00a0<\/strong><strong>produc\u0163iei cutiilor de vitez\u0103 9G Tronic folosite pentru dotarea autovehiculelor Mercedes Benz <\/strong><strong>din cadrul unit\u0103\u0163ii Star Assembly din municipiul Sebe\u015f.<\/strong><\/p>\n<p>Evenimentul de inaugurare a fabricii, va avea loc \u00een 4 aprilie \u0219i va cuprinde o ceremonie special\u0103 de prezentare a primei cutii de vitez\u0103\u00a0produse aici.<\/p>\n<p>Cermonia marcheaz\u0103 \u00eenceputul unei noi etape din investi\u021bia de 300 de milioane de euro derulat\u0103 de concernul Daimler \u00een Rom\u00e2nia, pentru extinderea produc\u0163iei de cutii de vitez\u0103 automate de ultim\u0103 genera\u0163ie pentru automobilele Mercedes Benz. P\u00e2n\u0103 \u00een prezent, a generat peste 500 de locuri de munc\u0103.<\/p>\n<p>&nbsp;<\/p>\n","protected":false},"excerpt":{"rendered":"<p>Dup\u0103 doi ani de la\u00a0\u00eenceperea construc\u0163iei celei de-a treia unit\u0103\u0163i de produc\u0163ie de piese auto\u00a0la Sebe\u015f, Star Transmission \u2013 parte a grupului german \u2013 anun\u021b\u0103 inaugurarea oficial\u0103 a\u00a0produc\u0163iei cutiilor de vitez\u0103 9G Tronic folosite pentru dotarea autovehiculelor Mercedes Benz din cadrul unit\u0103\u0163ii Star Assembly din municipiul Sebe\u015f. Evenimentul de inaugurare a fabricii, va avea loc &hellip;<\/p>\n","protected":false},"author":17,"featured_media":19610,"comment_status":"open","ping_status":"open","sticky":false,"template":"","format":"standard","meta":{"inline_featured_image":false,"footnotes":""},"categories":[2035],"tags":[3620,3619,3618,3621,1223,3622,3617,308,76],"class_list":["post-19609","post","type-post","status-publish","format-standard","has-post-thumbnail","hentry","category-administratie","tag-9g-tronic","tag-cutii-cu-viteza","tag-inaugurare-oficiala","tag-mercedes-benz","tag-sebes","tag-star-assembly","tag-star-transmission","tag-stiri","tag-urbea-mea"],"yoast_head":"<!-- This site is optimized with the Yoast SEO plugin v27.4 - https:\/\/yoast.com\/product\/yoast-seo-wordpress\/ -->\n<title>\u00cen aprilie: Noua unitate de produc\u0163ie a cutiilor de vitez\u0103 9G Tronic, inaugurat\u0103 de STC la Sebe\u0219 - Revista Urbea Mea - Revista de Alba<\/title>\n<meta name=\"description\" content=\"Dup\u0103 doi ani de la\u00a0\u00eenceperea construc\u0163iei celei de-a treia unit\u0103\u0163i de produc\u0163ie de piese auto\u00a0la Sebe\u015f, Star Transmission \u2013 parte a grupului german \u2013\" \/>\n<meta name=\"robots\" content=\"index, follow, max-snippet:-1, max-image-preview:large, max-video-preview:-1\" \/>\n<link rel=\"canonical\" href=\"https:\/\/urbeamea.ro\/albaiulia\/in-aprilie-noua-unitate-de-productie-a-cutiilor-de-viteza-9g-tronic-inaugurata-de-stc-la-sebes\/\" \/>\n<meta name=\"twitter:card\" content=\"summary_large_image\" \/>\n<meta name=\"twitter:title\" content=\"\u00cen aprilie: Noua unitate de produc\u0163ie a cutiilor de vitez\u0103 9G Tronic, inaugurat\u0103 de STC la Sebe\u0219 - Revista Urbea Mea - Revista de Alba\" \/>\n<meta name=\"twitter:description\" content=\"Dup\u0103 doi ani de la\u00a0\u00eenceperea construc\u0163iei celei de-a treia unit\u0103\u0163i de produc\u0163ie de piese auto\u00a0la Sebe\u015f, Star Transmission \u2013 parte a grupului german \u2013\" \/>\n<meta name=\"twitter:image\" content=\"https:\/\/urbeamea.ro\/albaiulia\/wp-content\/uploads\/2016\/03\/stc.jpg\" \/>\n<meta name=\"twitter:creator\" content=\"@urbeameaweb\" \/>\n<meta name=\"twitter:site\" content=\"@urbeameaweb\" \/>\n<script type=\"application\/ld+json\" class=\"yoast-schema-graph\">{\"@context\":\"https:\\\/\\\/schema.org\",\"@graph\":[{\"@type\":\"Article\",\"@id\":\"https:\\\/\\\/urbeamea.ro\\\/albaiulia\\\/in-aprilie-noua-unitate-de-productie-a-cutiilor-de-viteza-9g-tronic-inaugurata-de-stc-la-sebes\\\/#article\",\"isPartOf\":{\"@id\":\"https:\\\/\\\/urbeamea.ro\\\/albaiulia\\\/in-aprilie-noua-unitate-de-productie-a-cutiilor-de-viteza-9g-tronic-inaugurata-de-stc-la-sebes\\\/\"},\"author\":{\"name\":\"Cristina Ganga\",\"@id\":\"https:\\\/\\\/urbeamea.ro\\\/albaiulia\\\/#\\\/schema\\\/person\\\/9700d21fae21c4f038b0b56f4506264a\"},\"headline\":\"\u00cen aprilie: Noua unitate de produc\u0163ie a cutiilor de vitez\u0103 9G Tronic, inaugurat\u0103 de STC la Sebe\u0219\",\"datePublished\":\"2016-03-10T14:31:51+00:00\",\"mainEntityOfPage\":{\"@id\":\"https:\\\/\\\/urbeamea.ro\\\/albaiulia\\\/in-aprilie-noua-unitate-de-productie-a-cutiilor-de-viteza-9g-tronic-inaugurata-de-stc-la-sebes\\\/\"},\"wordCount\":146,\"commentCount\":0,\"image\":{\"@id\":\"https:\\\/\\\/urbeamea.ro\\\/albaiulia\\\/in-aprilie-noua-unitate-de-productie-a-cutiilor-de-viteza-9g-tronic-inaugurata-de-stc-la-sebes\\\/#primaryimage\"},\"thumbnailUrl\":\"https:\\\/\\\/urbeamea.ro\\\/albaiulia\\\/wp-content\\\/uploads\\\/2016\\\/03\\\/stc.jpg\",\"keywords\":[\"9G Tronic\",\"cutii cu viteza\",\"inaugurare oficiala\",\"mercedes benz\",\"sebes\",\"Star Assembly\",\"star transmission\",\"stiri\",\"Urbea Mea\"],\"articleSection\":[\"Administra\u021bie\"],\"inLanguage\":\"ro-RO\",\"potentialAction\":[{\"@type\":\"CommentAction\",\"name\":\"Comment\",\"target\":[\"https:\\\/\\\/urbeamea.ro\\\/albaiulia\\\/in-aprilie-noua-unitate-de-productie-a-cutiilor-de-viteza-9g-tronic-inaugurata-de-stc-la-sebes\\\/#respond\"]}]},{\"@type\":\"WebPage\",\"@id\":\"https:\\\/\\\/urbeamea.ro\\\/albaiulia\\\/in-aprilie-noua-unitate-de-productie-a-cutiilor-de-viteza-9g-tronic-inaugurata-de-stc-la-sebes\\\/\",\"url\":\"https:\\\/\\\/urbeamea.ro\\\/albaiulia\\\/in-aprilie-noua-unitate-de-productie-a-cutiilor-de-viteza-9g-tronic-inaugurata-de-stc-la-sebes\\\/\",\"name\":\"\u00cen aprilie: Noua unitate de produc\u0163ie a cutiilor de vitez\u0103 9G Tronic, inaugurat\u0103 de STC la Sebe\u0219 - Revista Urbea Mea - Revista de Alba\",\"isPartOf\":{\"@id\":\"https:\\\/\\\/urbeamea.ro\\\/albaiulia\\\/#website\"},\"primaryImageOfPage\":{\"@id\":\"https:\\\/\\\/urbeamea.ro\\\/albaiulia\\\/in-aprilie-noua-unitate-de-productie-a-cutiilor-de-viteza-9g-tronic-inaugurata-de-stc-la-sebes\\\/#primaryimage\"},\"image\":{\"@id\":\"https:\\\/\\\/urbeamea.ro\\\/albaiulia\\\/in-aprilie-noua-unitate-de-productie-a-cutiilor-de-viteza-9g-tronic-inaugurata-de-stc-la-sebes\\\/#primaryimage\"},\"thumbnailUrl\":\"https:\\\/\\\/urbeamea.ro\\\/albaiulia\\\/wp-content\\\/uploads\\\/2016\\\/03\\\/stc.jpg\",\"datePublished\":\"2016-03-10T14:31:51+00:00\",\"author\":{\"@id\":\"https:\\\/\\\/urbeamea.ro\\\/albaiulia\\\/#\\\/schema\\\/person\\\/9700d21fae21c4f038b0b56f4506264a\"},\"description\":\"Dup\u0103 doi ani de la\u00a0\u00eenceperea construc\u0163iei celei de-a treia unit\u0103\u0163i de produc\u0163ie de piese auto\u00a0la Sebe\u015f, Star Transmission \u2013 parte a grupului german \u2013\",\"breadcrumb\":{\"@id\":\"https:\\\/\\\/urbeamea.ro\\\/albaiulia\\\/in-aprilie-noua-unitate-de-productie-a-cutiilor-de-viteza-9g-tronic-inaugurata-de-stc-la-sebes\\\/#breadcrumb\"},\"inLanguage\":\"ro-RO\",\"potentialAction\":[{\"@type\":\"ReadAction\",\"target\":[\"https:\\\/\\\/urbeamea.ro\\\/albaiulia\\\/in-aprilie-noua-unitate-de-productie-a-cutiilor-de-viteza-9g-tronic-inaugurata-de-stc-la-sebes\\\/\"]}]},{\"@type\":\"ImageObject\",\"inLanguage\":\"ro-RO\",\"@id\":\"https:\\\/\\\/urbeamea.ro\\\/albaiulia\\\/in-aprilie-noua-unitate-de-productie-a-cutiilor-de-viteza-9g-tronic-inaugurata-de-stc-la-sebes\\\/#primaryimage\",\"url\":\"https:\\\/\\\/urbeamea.ro\\\/albaiulia\\\/wp-content\\\/uploads\\\/2016\\\/03\\\/stc.jpg\",\"contentUrl\":\"https:\\\/\\\/urbeamea.ro\\\/albaiulia\\\/wp-content\\\/uploads\\\/2016\\\/03\\\/stc.jpg\",\"width\":800,\"height\":533},{\"@type\":\"BreadcrumbList\",\"@id\":\"https:\\\/\\\/urbeamea.ro\\\/albaiulia\\\/in-aprilie-noua-unitate-de-productie-a-cutiilor-de-viteza-9g-tronic-inaugurata-de-stc-la-sebes\\\/#breadcrumb\",\"itemListElement\":[{\"@type\":\"ListItem\",\"position\":1,\"name\":\"Prima pagin\u0103\",\"item\":\"https:\\\/\\\/urbeamea.ro\\\/albaiulia\\\/\"},{\"@type\":\"ListItem\",\"position\":2,\"name\":\"\u00cen aprilie: Noua unitate de produc\u0163ie a cutiilor de vitez\u0103 9G Tronic, inaugurat\u0103 de STC la Sebe\u0219\"}]},{\"@type\":\"WebSite\",\"@id\":\"https:\\\/\\\/urbeamea.ro\\\/albaiulia\\\/#website\",\"url\":\"https:\\\/\\\/urbeamea.ro\\\/albaiulia\\\/\",\"name\":\"Revista Urbea Mea, Stiri urbane\",\"description\":\"Evenimente \u0219i \u0219tiri din Alba Iulia, Sebe\u0219, Aiud, Blaj\",\"potentialAction\":[{\"@type\":\"SearchAction\",\"target\":{\"@type\":\"EntryPoint\",\"urlTemplate\":\"https:\\\/\\\/urbeamea.ro\\\/albaiulia\\\/?s={search_term_string}\"},\"query-input\":{\"@type\":\"PropertyValueSpecification\",\"valueRequired\":true,\"valueName\":\"search_term_string\"}}],\"inLanguage\":\"ro-RO\"},{\"@type\":\"Person\",\"@id\":\"https:\\\/\\\/urbeamea.ro\\\/albaiulia\\\/#\\\/schema\\\/person\\\/9700d21fae21c4f038b0b56f4506264a\",\"name\":\"Cristina Ganga\",\"image\":{\"@type\":\"ImageObject\",\"inLanguage\":\"ro-RO\",\"@id\":\"https:\\\/\\\/secure.gravatar.com\\\/avatar\\\/5a67661041f057b4a8ccaf26f5a8e86e2689372006d01faf3dd9eeb10b654bb4?s=96&d=mm&r=g\",\"url\":\"https:\\\/\\\/secure.gravatar.com\\\/avatar\\\/5a67661041f057b4a8ccaf26f5a8e86e2689372006d01faf3dd9eeb10b654bb4?s=96&d=mm&r=g\",\"contentUrl\":\"https:\\\/\\\/secure.gravatar.com\\\/avatar\\\/5a67661041f057b4a8ccaf26f5a8e86e2689372006d01faf3dd9eeb10b654bb4?s=96&d=mm&r=g\",\"caption\":\"Cristina Ganga\"},\"description\":\"Jurnalist\",\"sameAs\":[\"https:\\\/\\\/www.facebook.com\\\/cristina.nicola.587\"],\"url\":\"https:\\\/\\\/urbeamea.ro\\\/albaiulia\\\/author\\\/cristina-nicola\\\/\"}]}<\/script>\n<!-- \/ Yoast SEO plugin. -->","yoast_head_json":{"title":"\u00cen aprilie: Noua unitate de produc\u0163ie a cutiilor de vitez\u0103 9G Tronic, inaugurat\u0103 de STC la Sebe\u0219 - Revista Urbea Mea - Revista de Alba","description":"Dup\u0103 doi ani de la\u00a0\u00eenceperea construc\u0163iei celei de-a treia unit\u0103\u0163i de produc\u0163ie de piese auto\u00a0la Sebe\u015f, Star Transmission \u2013 parte a grupului german \u2013","robots":{"index":"index","follow":"follow","max-snippet":"max-snippet:-1","max-image-preview":"max-image-preview:large","max-video-preview":"max-video-preview:-1"},"canonical":"https:\/\/urbeamea.ro\/albaiulia\/in-aprilie-noua-unitate-de-productie-a-cutiilor-de-viteza-9g-tronic-inaugurata-de-stc-la-sebes\/","twitter_card":"summary_large_image","twitter_title":"\u00cen aprilie: Noua unitate de produc\u0163ie a cutiilor de vitez\u0103 9G Tronic, inaugurat\u0103 de STC la Sebe\u0219 - Revista Urbea Mea - Revista de Alba","twitter_description":"Dup\u0103 doi ani de la\u00a0\u00eenceperea construc\u0163iei celei de-a treia unit\u0103\u0163i de produc\u0163ie de piese auto\u00a0la Sebe\u015f, Star Transmission \u2013 parte a grupului german \u2013","twitter_image":"https:\/\/urbeamea.ro\/albaiulia\/wp-content\/uploads\/2016\/03\/stc.jpg","twitter_creator":"@urbeameaweb","twitter_site":"@urbeameaweb","schema":{"@context":"https:\/\/schema.org","@graph":[{"@type":"Article","@id":"https:\/\/urbeamea.ro\/albaiulia\/in-aprilie-noua-unitate-de-productie-a-cutiilor-de-viteza-9g-tronic-inaugurata-de-stc-la-sebes\/#article","isPartOf":{"@id":"https:\/\/urbeamea.ro\/albaiulia\/in-aprilie-noua-unitate-de-productie-a-cutiilor-de-viteza-9g-tronic-inaugurata-de-stc-la-sebes\/"},"author":{"name":"Cristina Ganga","@id":"https:\/\/urbeamea.ro\/albaiulia\/#\/schema\/person\/9700d21fae21c4f038b0b56f4506264a"},"headline":"\u00cen aprilie: Noua unitate de produc\u0163ie a cutiilor de vitez\u0103 9G Tronic, inaugurat\u0103 de STC la Sebe\u0219","datePublished":"2016-03-10T14:31:51+00:00","mainEntityOfPage":{"@id":"https:\/\/urbeamea.ro\/albaiulia\/in-aprilie-noua-unitate-de-productie-a-cutiilor-de-viteza-9g-tronic-inaugurata-de-stc-la-sebes\/"},"wordCount":146,"commentCount":0,"image":{"@id":"https:\/\/urbeamea.ro\/albaiulia\/in-aprilie-noua-unitate-de-productie-a-cutiilor-de-viteza-9g-tronic-inaugurata-de-stc-la-sebes\/#primaryimage"},"thumbnailUrl":"https:\/\/urbeamea.ro\/albaiulia\/wp-content\/uploads\/2016\/03\/stc.jpg","keywords":["9G Tronic","cutii cu viteza","inaugurare oficiala","mercedes benz","sebes","Star Assembly","star transmission","stiri","Urbea Mea"],"articleSection":["Administra\u021bie"],"inLanguage":"ro-RO","potentialAction":[{"@type":"CommentAction","name":"Comment","target":["https:\/\/urbeamea.ro\/albaiulia\/in-aprilie-noua-unitate-de-productie-a-cutiilor-de-viteza-9g-tronic-inaugurata-de-stc-la-sebes\/#respond"]}]},{"@type":"WebPage","@id":"https:\/\/urbeamea.ro\/albaiulia\/in-aprilie-noua-unitate-de-productie-a-cutiilor-de-viteza-9g-tronic-inaugurata-de-stc-la-sebes\/","url":"https:\/\/urbeamea.ro\/albaiulia\/in-aprilie-noua-unitate-de-productie-a-cutiilor-de-viteza-9g-tronic-inaugurata-de-stc-la-sebes\/","name":"\u00cen aprilie: Noua unitate de produc\u0163ie a cutiilor de vitez\u0103 9G Tronic, inaugurat\u0103 de STC la Sebe\u0219 - Revista Urbea Mea - Revista de Alba","isPartOf":{"@id":"https:\/\/urbeamea.ro\/albaiulia\/#website"},"primaryImageOfPage":{"@id":"https:\/\/urbeamea.ro\/albaiulia\/in-aprilie-noua-unitate-de-productie-a-cutiilor-de-viteza-9g-tronic-inaugurata-de-stc-la-sebes\/#primaryimage"},"image":{"@id":"https:\/\/urbeamea.ro\/albaiulia\/in-aprilie-noua-unitate-de-productie-a-cutiilor-de-viteza-9g-tronic-inaugurata-de-stc-la-sebes\/#primaryimage"},"thumbnailUrl":"https:\/\/urbeamea.ro\/albaiulia\/wp-content\/uploads\/2016\/03\/stc.jpg","datePublished":"2016-03-10T14:31:51+00:00","author":{"@id":"https:\/\/urbeamea.ro\/albaiulia\/#\/schema\/person\/9700d21fae21c4f038b0b56f4506264a"},"description":"Dup\u0103 doi ani de la\u00a0\u00eenceperea construc\u0163iei celei de-a treia unit\u0103\u0163i de produc\u0163ie de piese auto\u00a0la Sebe\u015f, Star Transmission \u2013 parte a grupului german \u2013","breadcrumb":{"@id":"https:\/\/urbeamea.ro\/albaiulia\/in-aprilie-noua-unitate-de-productie-a-cutiilor-de-viteza-9g-tronic-inaugurata-de-stc-la-sebes\/#breadcrumb"},"inLanguage":"ro-RO","potentialAction":[{"@type":"ReadAction","target":["https:\/\/urbeamea.ro\/albaiulia\/in-aprilie-noua-unitate-de-productie-a-cutiilor-de-viteza-9g-tronic-inaugurata-de-stc-la-sebes\/"]}]},{"@type":"ImageObject","inLanguage":"ro-RO","@id":"https:\/\/urbeamea.ro\/albaiulia\/in-aprilie-noua-unitate-de-productie-a-cutiilor-de-viteza-9g-tronic-inaugurata-de-stc-la-sebes\/#primaryimage","url":"https:\/\/urbeamea.ro\/albaiulia\/wp-content\/uploads\/2016\/03\/stc.jpg","contentUrl":"https:\/\/urbeamea.ro\/albaiulia\/wp-content\/uploads\/2016\/03\/stc.jpg","width":800,"height":533},{"@type":"BreadcrumbList","@id":"https:\/\/urbeamea.ro\/albaiulia\/in-aprilie-noua-unitate-de-productie-a-cutiilor-de-viteza-9g-tronic-inaugurata-de-stc-la-sebes\/#breadcrumb","itemListElement":[{"@type":"ListItem","position":1,"name":"Prima pagin\u0103","item":"https:\/\/urbeamea.ro\/albaiulia\/"},{"@type":"ListItem","position":2,"name":"\u00cen aprilie: Noua unitate de produc\u0163ie a cutiilor de vitez\u0103 9G Tronic, inaugurat\u0103 de STC la Sebe\u0219"}]},{"@type":"WebSite","@id":"https:\/\/urbeamea.ro\/albaiulia\/#website","url":"https:\/\/urbeamea.ro\/albaiulia\/","name":"Revista Urbea Mea, Stiri urbane","description":"Evenimente \u0219i \u0219tiri din Alba Iulia, Sebe\u0219, Aiud, Blaj","potentialAction":[{"@type":"SearchAction","target":{"@type":"EntryPoint","urlTemplate":"https:\/\/urbeamea.ro\/albaiulia\/?s={search_term_string}"},"query-input":{"@type":"PropertyValueSpecification","valueRequired":true,"valueName":"search_term_string"}}],"inLanguage":"ro-RO"},{"@type":"Person","@id":"https:\/\/urbeamea.ro\/albaiulia\/#\/schema\/person\/9700d21fae21c4f038b0b56f4506264a","name":"Cristina Ganga","image":{"@type":"ImageObject","inLanguage":"ro-RO","@id":"https:\/\/secure.gravatar.com\/avatar\/5a67661041f057b4a8ccaf26f5a8e86e2689372006d01faf3dd9eeb10b654bb4?s=96&d=mm&r=g","url":"https:\/\/secure.gravatar.com\/avatar\/5a67661041f057b4a8ccaf26f5a8e86e2689372006d01faf3dd9eeb10b654bb4?s=96&d=mm&r=g","contentUrl":"https:\/\/secure.gravatar.com\/avatar\/5a67661041f057b4a8ccaf26f5a8e86e2689372006d01faf3dd9eeb10b654bb4?s=96&d=mm&r=g","caption":"Cristina Ganga"},"description":"Jurnalist","sameAs":["https:\/\/www.facebook.com\/cristina.nicola.587"],"url":"https:\/\/urbeamea.ro\/albaiulia\/author\/cristina-nicola\/"}]}},"_links":{"self":[{"href":"https:\/\/urbeamea.ro\/albaiulia\/wp-json\/wp\/v2\/posts\/19609","targetHints":{"allow":["GET"]}}],"collection":[{"href":"https:\/\/urbeamea.ro\/albaiulia\/wp-json\/wp\/v2\/posts"}],"about":[{"href":"https:\/\/urbeamea.ro\/albaiulia\/wp-json\/wp\/v2\/types\/post"}],"author":[{"embeddable":true,"href":"https:\/\/urbeamea.ro\/albaiulia\/wp-json\/wp\/v2\/users\/17"}],"replies":[{"embeddable":true,"href":"https:\/\/urbeamea.ro\/albaiulia\/wp-json\/wp\/v2\/comments?post=19609"}],"version-history":[{"count":0,"href":"https:\/\/urbeamea.ro\/albaiulia\/wp-json\/wp\/v2\/posts\/19609\/revisions"}],"wp:featuredmedia":[{"embeddable":true,"href":"https:\/\/urbeamea.ro\/albaiulia\/wp-json\/wp\/v2\/media\/19610"}],"wp:attachment":[{"href":"https:\/\/urbeamea.ro\/albaiulia\/wp-json\/wp\/v2\/media?parent=19609"}],"wp:term":[{"taxonomy":"category","embeddable":true,"href":"https:\/\/urbeamea.ro\/albaiulia\/wp-json\/wp\/v2\/categories?post=19609"},{"taxonomy":"post_tag","embeddable":true,"href":"https:\/\/urbeamea.ro\/albaiulia\/wp-json\/wp\/v2\/tags?post=19609"}],"curies":[{"name":"wp","href":"https:\/\/api.w.org\/{rel}","templated":true}]}}