{"id":19697,"date":"2016-03-14T13:42:05","date_gmt":"2016-03-14T11:42:05","guid":{"rendered":"http:\/\/urbeamea.ro\/albaiulia\/?p=19697"},"modified":"2016-03-14T13:46:42","modified_gmt":"2016-03-14T11:46:42","slug":"maine-se-sisteaza-furnizarea-apei-potabile-pe-strada-emil-racovita-si-cartierul-barabant-din-alba-iulia","status":"publish","type":"post","link":"https:\/\/urbeamea.ro\/albaiulia\/maine-se-sisteaza-furnizarea-apei-potabile-pe-strada-emil-racovita-si-cartierul-barabant-din-alba-iulia\/","title":{"rendered":"M\u00c2INE: Se sisteaz\u0103 furnizarea apei potabile pe strada Emil Racovi\u0163\u0103 \u015fi cartierul B\u0103r\u0103ban\u0163 din Alba Iulia"},"content":{"rendered":"<p><strong><img loading=\"lazy\" decoding=\"async\" class=\"size-medium wp-image-19359 alignleft\" src=\"http:\/\/urbeamea.ro\/albaiulia\/wp-content\/uploads\/2016\/03\/lucrari-300x174.jpg\" alt=\"lucrari\" width=\"300\" height=\"174\" srcset=\"https:\/\/urbeamea.ro\/albaiulia\/wp-content\/uploads\/2016\/03\/lucrari-300x174.jpg 300w, https:\/\/urbeamea.ro\/albaiulia\/wp-content\/uploads\/2016\/03\/lucrari-150x87.jpg 150w, https:\/\/urbeamea.ro\/albaiulia\/wp-content\/uploads\/2016\/03\/lucrari.jpg 630w\" sizes=\"auto, (max-width: 300px) 100vw, 300px\" \/>Societatea APA CTTA SA Alba \u2013 sucursala Alba Iulia anun\u021b\u0103 c\u0103 mar\u0163i, 15 martie 2016, \u00eenintervalul orar 10.00-18.00, se sisteaz\u0103 furnizarea apei potabile pe strada Emil Racovi\u021b\u0103 \u0219i \u00een cartierul B\u0103r\u0103ban\u021b.<\/strong><\/p>\n<p>\u00centrerupera furniz\u0103rii apei potabile se face \u00een vederea efectu\u0103rii unor lucr\u0103ri la re\u021beaua de ap\u0103 potabil\u0103 de pe strada Emil Racovi\u021b\u0103.<\/p>\n","protected":false},"excerpt":{"rendered":"<p>Societatea APA CTTA SA Alba \u2013 sucursala Alba Iulia anun\u021b\u0103 c\u0103 mar\u0163i, 15 martie 2016, \u00eenintervalul orar 10.00-18.00, se sisteaz\u0103 furnizarea apei potabile pe strada Emil Racovi\u021b\u0103 \u0219i \u00een cartierul B\u0103r\u0103ban\u021b. \u00centrerupera furniz\u0103rii apei potabile se face \u00een vederea efectu\u0103rii unor lucr\u0103ri la re\u021beaua de ap\u0103 potabil\u0103 de pe strada Emil Racovi\u021b\u0103.<\/p>\n","protected":false},"author":17,"featured_media":19359,"comment_status":"open","ping_status":"open","sticky":false,"template":"","format":"standard","meta":{"inline_featured_image":false,"footnotes":""},"categories":[2034],"tags":[31,2658,2656,3712,3714,605,3493,3715,308,3713,76],"class_list":["post-19697","post","type-post","status-publish","format-standard","has-post-thumbnail","hentry","category-social","tag-alba-iulia","tag-apa-ctta","tag-apa-potabila","tag-barabant","tag-furnizare","tag-lucrari","tag-reteaua-de-apa","tag-sistare","tag-stiri","tag-strada-emil-racovita","tag-urbea-mea"],"yoast_head":"<!-- This site is optimized with the Yoast SEO plugin v27.4 - https:\/\/yoast.com\/product\/yoast-seo-wordpress\/ -->\n<title>M\u00c2INE: Se sisteaz\u0103 furnizarea apei potabile pe strada Emil Racovi\u0163\u0103 \u015fi cartierul B\u0103r\u0103ban\u0163 din Alba Iulia - Revista Urbea Mea - Revista de Alba<\/title>\n<meta name=\"description\" content=\"Societatea APA CTTA SA Alba \u2013 sucursala Alba Iulia anun\u021b\u0103 c\u0103 mar\u0163i, 15 martie 2016, \u00eenintervalul orar 10.00-18.00, se sisteaz\u0103 furnizarea apei potabile pe\" \/>\n<meta name=\"robots\" content=\"index, follow, max-snippet:-1, max-image-preview:large, max-video-preview:-1\" \/>\n<link rel=\"canonical\" href=\"https:\/\/urbeamea.ro\/albaiulia\/maine-se-sisteaza-furnizarea-apei-potabile-pe-strada-emil-racovita-si-cartierul-barabant-din-alba-iulia\/\" \/>\n<meta name=\"twitter:card\" content=\"summary_large_image\" \/>\n<meta name=\"twitter:title\" content=\"M\u00c2INE: Se sisteaz\u0103 furnizarea apei potabile pe strada Emil Racovi\u0163\u0103 \u015fi cartierul B\u0103r\u0103ban\u0163 din Alba Iulia - Revista Urbea Mea - Revista de Alba\" \/>\n<meta name=\"twitter:description\" content=\"Societatea APA CTTA SA Alba \u2013 sucursala Alba Iulia anun\u021b\u0103 c\u0103 mar\u0163i, 15 martie 2016, \u00eenintervalul orar 10.00-18.00, se sisteaz\u0103 furnizarea apei potabile pe\" \/>\n<meta name=\"twitter:image\" content=\"https:\/\/urbeamea.ro\/albaiulia\/wp-content\/uploads\/2016\/03\/lucrari.jpg\" \/>\n<meta name=\"twitter:creator\" content=\"@urbeameaweb\" \/>\n<meta name=\"twitter:site\" content=\"@urbeameaweb\" \/>\n<script type=\"application\/ld+json\" class=\"yoast-schema-graph\">{\"@context\":\"https:\\\/\\\/schema.org\",\"@graph\":[{\"@type\":\"Article\",\"@id\":\"https:\\\/\\\/urbeamea.ro\\\/albaiulia\\\/maine-se-sisteaza-furnizarea-apei-potabile-pe-strada-emil-racovita-si-cartierul-barabant-din-alba-iulia\\\/#article\",\"isPartOf\":{\"@id\":\"https:\\\/\\\/urbeamea.ro\\\/albaiulia\\\/maine-se-sisteaza-furnizarea-apei-potabile-pe-strada-emil-racovita-si-cartierul-barabant-din-alba-iulia\\\/\"},\"author\":{\"name\":\"Cristina Ganga\",\"@id\":\"https:\\\/\\\/urbeamea.ro\\\/albaiulia\\\/#\\\/schema\\\/person\\\/9700d21fae21c4f038b0b56f4506264a\"},\"headline\":\"M\u00c2INE: Se sisteaz\u0103 furnizarea apei potabile pe strada Emil Racovi\u0163\u0103 \u015fi cartierul B\u0103r\u0103ban\u0163 din Alba Iulia\",\"datePublished\":\"2016-03-14T11:42:05+00:00\",\"dateModified\":\"2016-03-14T11:46:42+00:00\",\"mainEntityOfPage\":{\"@id\":\"https:\\\/\\\/urbeamea.ro\\\/albaiulia\\\/maine-se-sisteaza-furnizarea-apei-potabile-pe-strada-emil-racovita-si-cartierul-barabant-din-alba-iulia\\\/\"},\"wordCount\":75,\"commentCount\":0,\"image\":{\"@id\":\"https:\\\/\\\/urbeamea.ro\\\/albaiulia\\\/maine-se-sisteaza-furnizarea-apei-potabile-pe-strada-emil-racovita-si-cartierul-barabant-din-alba-iulia\\\/#primaryimage\"},\"thumbnailUrl\":\"https:\\\/\\\/urbeamea.ro\\\/albaiulia\\\/wp-content\\\/uploads\\\/2016\\\/03\\\/lucrari.jpg\",\"keywords\":[\"Alba Iulia\",\"apa CTTA\",\"apa potabila\",\"barabant\",\"furnizare\",\"lucrari\",\"reteaua de apa\",\"sistare\",\"stiri\",\"strada emil racovita\",\"Urbea Mea\"],\"articleSection\":[\"Social\"],\"inLanguage\":\"ro-RO\",\"potentialAction\":[{\"@type\":\"CommentAction\",\"name\":\"Comment\",\"target\":[\"https:\\\/\\\/urbeamea.ro\\\/albaiulia\\\/maine-se-sisteaza-furnizarea-apei-potabile-pe-strada-emil-racovita-si-cartierul-barabant-din-alba-iulia\\\/#respond\"]}]},{\"@type\":\"WebPage\",\"@id\":\"https:\\\/\\\/urbeamea.ro\\\/albaiulia\\\/maine-se-sisteaza-furnizarea-apei-potabile-pe-strada-emil-racovita-si-cartierul-barabant-din-alba-iulia\\\/\",\"url\":\"https:\\\/\\\/urbeamea.ro\\\/albaiulia\\\/maine-se-sisteaza-furnizarea-apei-potabile-pe-strada-emil-racovita-si-cartierul-barabant-din-alba-iulia\\\/\",\"name\":\"M\u00c2INE: Se sisteaz\u0103 furnizarea apei potabile pe strada Emil Racovi\u0163\u0103 \u015fi cartierul B\u0103r\u0103ban\u0163 din Alba Iulia - Revista Urbea Mea - Revista de Alba\",\"isPartOf\":{\"@id\":\"https:\\\/\\\/urbeamea.ro\\\/albaiulia\\\/#website\"},\"primaryImageOfPage\":{\"@id\":\"https:\\\/\\\/urbeamea.ro\\\/albaiulia\\\/maine-se-sisteaza-furnizarea-apei-potabile-pe-strada-emil-racovita-si-cartierul-barabant-din-alba-iulia\\\/#primaryimage\"},\"image\":{\"@id\":\"https:\\\/\\\/urbeamea.ro\\\/albaiulia\\\/maine-se-sisteaza-furnizarea-apei-potabile-pe-strada-emil-racovita-si-cartierul-barabant-din-alba-iulia\\\/#primaryimage\"},\"thumbnailUrl\":\"https:\\\/\\\/urbeamea.ro\\\/albaiulia\\\/wp-content\\\/uploads\\\/2016\\\/03\\\/lucrari.jpg\",\"datePublished\":\"2016-03-14T11:42:05+00:00\",\"dateModified\":\"2016-03-14T11:46:42+00:00\",\"author\":{\"@id\":\"https:\\\/\\\/urbeamea.ro\\\/albaiulia\\\/#\\\/schema\\\/person\\\/9700d21fae21c4f038b0b56f4506264a\"},\"description\":\"Societatea APA CTTA SA Alba \u2013 sucursala Alba Iulia anun\u021b\u0103 c\u0103 mar\u0163i, 15 martie 2016, \u00eenintervalul orar 10.00-18.00, se sisteaz\u0103 furnizarea apei potabile pe\",\"breadcrumb\":{\"@id\":\"https:\\\/\\\/urbeamea.ro\\\/albaiulia\\\/maine-se-sisteaza-furnizarea-apei-potabile-pe-strada-emil-racovita-si-cartierul-barabant-din-alba-iulia\\\/#breadcrumb\"},\"inLanguage\":\"ro-RO\",\"potentialAction\":[{\"@type\":\"ReadAction\",\"target\":[\"https:\\\/\\\/urbeamea.ro\\\/albaiulia\\\/maine-se-sisteaza-furnizarea-apei-potabile-pe-strada-emil-racovita-si-cartierul-barabant-din-alba-iulia\\\/\"]}]},{\"@type\":\"ImageObject\",\"inLanguage\":\"ro-RO\",\"@id\":\"https:\\\/\\\/urbeamea.ro\\\/albaiulia\\\/maine-se-sisteaza-furnizarea-apei-potabile-pe-strada-emil-racovita-si-cartierul-barabant-din-alba-iulia\\\/#primaryimage\",\"url\":\"https:\\\/\\\/urbeamea.ro\\\/albaiulia\\\/wp-content\\\/uploads\\\/2016\\\/03\\\/lucrari.jpg\",\"contentUrl\":\"https:\\\/\\\/urbeamea.ro\\\/albaiulia\\\/wp-content\\\/uploads\\\/2016\\\/03\\\/lucrari.jpg\",\"width\":630,\"height\":365},{\"@type\":\"BreadcrumbList\",\"@id\":\"https:\\\/\\\/urbeamea.ro\\\/albaiulia\\\/maine-se-sisteaza-furnizarea-apei-potabile-pe-strada-emil-racovita-si-cartierul-barabant-din-alba-iulia\\\/#breadcrumb\",\"itemListElement\":[{\"@type\":\"ListItem\",\"position\":1,\"name\":\"Prima pagin\u0103\",\"item\":\"https:\\\/\\\/urbeamea.ro\\\/albaiulia\\\/\"},{\"@type\":\"ListItem\",\"position\":2,\"name\":\"M\u00c2INE: Se sisteaz\u0103 furnizarea apei potabile pe strada Emil Racovi\u0163\u0103 \u015fi cartierul B\u0103r\u0103ban\u0163 din Alba Iulia\"}]},{\"@type\":\"WebSite\",\"@id\":\"https:\\\/\\\/urbeamea.ro\\\/albaiulia\\\/#website\",\"url\":\"https:\\\/\\\/urbeamea.ro\\\/albaiulia\\\/\",\"name\":\"Revista Urbea Mea, Stiri urbane\",\"description\":\"Evenimente \u0219i \u0219tiri din Alba Iulia, Sebe\u0219, Aiud, Blaj\",\"potentialAction\":[{\"@type\":\"SearchAction\",\"target\":{\"@type\":\"EntryPoint\",\"urlTemplate\":\"https:\\\/\\\/urbeamea.ro\\\/albaiulia\\\/?s={search_term_string}\"},\"query-input\":{\"@type\":\"PropertyValueSpecification\",\"valueRequired\":true,\"valueName\":\"search_term_string\"}}],\"inLanguage\":\"ro-RO\"},{\"@type\":\"Person\",\"@id\":\"https:\\\/\\\/urbeamea.ro\\\/albaiulia\\\/#\\\/schema\\\/person\\\/9700d21fae21c4f038b0b56f4506264a\",\"name\":\"Cristina Ganga\",\"image\":{\"@type\":\"ImageObject\",\"inLanguage\":\"ro-RO\",\"@id\":\"https:\\\/\\\/secure.gravatar.com\\\/avatar\\\/5a67661041f057b4a8ccaf26f5a8e86e2689372006d01faf3dd9eeb10b654bb4?s=96&d=mm&r=g\",\"url\":\"https:\\\/\\\/secure.gravatar.com\\\/avatar\\\/5a67661041f057b4a8ccaf26f5a8e86e2689372006d01faf3dd9eeb10b654bb4?s=96&d=mm&r=g\",\"contentUrl\":\"https:\\\/\\\/secure.gravatar.com\\\/avatar\\\/5a67661041f057b4a8ccaf26f5a8e86e2689372006d01faf3dd9eeb10b654bb4?s=96&d=mm&r=g\",\"caption\":\"Cristina Ganga\"},\"description\":\"Jurnalist\",\"sameAs\":[\"https:\\\/\\\/www.facebook.com\\\/cristina.nicola.587\"],\"url\":\"https:\\\/\\\/urbeamea.ro\\\/albaiulia\\\/author\\\/cristina-nicola\\\/\"}]}<\/script>\n<!-- \/ Yoast SEO plugin. -->","yoast_head_json":{"title":"M\u00c2INE: Se sisteaz\u0103 furnizarea apei potabile pe strada Emil Racovi\u0163\u0103 \u015fi cartierul B\u0103r\u0103ban\u0163 din Alba Iulia - Revista Urbea Mea - Revista de Alba","description":"Societatea APA CTTA SA Alba \u2013 sucursala Alba Iulia anun\u021b\u0103 c\u0103 mar\u0163i, 15 martie 2016, \u00eenintervalul orar 10.00-18.00, se sisteaz\u0103 furnizarea apei potabile pe","robots":{"index":"index","follow":"follow","max-snippet":"max-snippet:-1","max-image-preview":"max-image-preview:large","max-video-preview":"max-video-preview:-1"},"canonical":"https:\/\/urbeamea.ro\/albaiulia\/maine-se-sisteaza-furnizarea-apei-potabile-pe-strada-emil-racovita-si-cartierul-barabant-din-alba-iulia\/","twitter_card":"summary_large_image","twitter_title":"M\u00c2INE: Se sisteaz\u0103 furnizarea apei potabile pe strada Emil Racovi\u0163\u0103 \u015fi cartierul B\u0103r\u0103ban\u0163 din Alba Iulia - Revista Urbea Mea - Revista de Alba","twitter_description":"Societatea APA CTTA SA Alba \u2013 sucursala Alba Iulia anun\u021b\u0103 c\u0103 mar\u0163i, 15 martie 2016, \u00eenintervalul orar 10.00-18.00, se sisteaz\u0103 furnizarea apei potabile pe","twitter_image":"https:\/\/urbeamea.ro\/albaiulia\/wp-content\/uploads\/2016\/03\/lucrari.jpg","twitter_creator":"@urbeameaweb","twitter_site":"@urbeameaweb","schema":{"@context":"https:\/\/schema.org","@graph":[{"@type":"Article","@id":"https:\/\/urbeamea.ro\/albaiulia\/maine-se-sisteaza-furnizarea-apei-potabile-pe-strada-emil-racovita-si-cartierul-barabant-din-alba-iulia\/#article","isPartOf":{"@id":"https:\/\/urbeamea.ro\/albaiulia\/maine-se-sisteaza-furnizarea-apei-potabile-pe-strada-emil-racovita-si-cartierul-barabant-din-alba-iulia\/"},"author":{"name":"Cristina Ganga","@id":"https:\/\/urbeamea.ro\/albaiulia\/#\/schema\/person\/9700d21fae21c4f038b0b56f4506264a"},"headline":"M\u00c2INE: Se sisteaz\u0103 furnizarea apei potabile pe strada Emil Racovi\u0163\u0103 \u015fi cartierul B\u0103r\u0103ban\u0163 din Alba Iulia","datePublished":"2016-03-14T11:42:05+00:00","dateModified":"2016-03-14T11:46:42+00:00","mainEntityOfPage":{"@id":"https:\/\/urbeamea.ro\/albaiulia\/maine-se-sisteaza-furnizarea-apei-potabile-pe-strada-emil-racovita-si-cartierul-barabant-din-alba-iulia\/"},"wordCount":75,"commentCount":0,"image":{"@id":"https:\/\/urbeamea.ro\/albaiulia\/maine-se-sisteaza-furnizarea-apei-potabile-pe-strada-emil-racovita-si-cartierul-barabant-din-alba-iulia\/#primaryimage"},"thumbnailUrl":"https:\/\/urbeamea.ro\/albaiulia\/wp-content\/uploads\/2016\/03\/lucrari.jpg","keywords":["Alba Iulia","apa CTTA","apa potabila","barabant","furnizare","lucrari","reteaua de apa","sistare","stiri","strada emil racovita","Urbea Mea"],"articleSection":["Social"],"inLanguage":"ro-RO","potentialAction":[{"@type":"CommentAction","name":"Comment","target":["https:\/\/urbeamea.ro\/albaiulia\/maine-se-sisteaza-furnizarea-apei-potabile-pe-strada-emil-racovita-si-cartierul-barabant-din-alba-iulia\/#respond"]}]},{"@type":"WebPage","@id":"https:\/\/urbeamea.ro\/albaiulia\/maine-se-sisteaza-furnizarea-apei-potabile-pe-strada-emil-racovita-si-cartierul-barabant-din-alba-iulia\/","url":"https:\/\/urbeamea.ro\/albaiulia\/maine-se-sisteaza-furnizarea-apei-potabile-pe-strada-emil-racovita-si-cartierul-barabant-din-alba-iulia\/","name":"M\u00c2INE: Se sisteaz\u0103 furnizarea apei potabile pe strada Emil Racovi\u0163\u0103 \u015fi cartierul B\u0103r\u0103ban\u0163 din Alba Iulia - Revista Urbea Mea - Revista de Alba","isPartOf":{"@id":"https:\/\/urbeamea.ro\/albaiulia\/#website"},"primaryImageOfPage":{"@id":"https:\/\/urbeamea.ro\/albaiulia\/maine-se-sisteaza-furnizarea-apei-potabile-pe-strada-emil-racovita-si-cartierul-barabant-din-alba-iulia\/#primaryimage"},"image":{"@id":"https:\/\/urbeamea.ro\/albaiulia\/maine-se-sisteaza-furnizarea-apei-potabile-pe-strada-emil-racovita-si-cartierul-barabant-din-alba-iulia\/#primaryimage"},"thumbnailUrl":"https:\/\/urbeamea.ro\/albaiulia\/wp-content\/uploads\/2016\/03\/lucrari.jpg","datePublished":"2016-03-14T11:42:05+00:00","dateModified":"2016-03-14T11:46:42+00:00","author":{"@id":"https:\/\/urbeamea.ro\/albaiulia\/#\/schema\/person\/9700d21fae21c4f038b0b56f4506264a"},"description":"Societatea APA CTTA SA Alba \u2013 sucursala Alba Iulia anun\u021b\u0103 c\u0103 mar\u0163i, 15 martie 2016, \u00eenintervalul orar 10.00-18.00, se sisteaz\u0103 furnizarea apei potabile pe","breadcrumb":{"@id":"https:\/\/urbeamea.ro\/albaiulia\/maine-se-sisteaza-furnizarea-apei-potabile-pe-strada-emil-racovita-si-cartierul-barabant-din-alba-iulia\/#breadcrumb"},"inLanguage":"ro-RO","potentialAction":[{"@type":"ReadAction","target":["https:\/\/urbeamea.ro\/albaiulia\/maine-se-sisteaza-furnizarea-apei-potabile-pe-strada-emil-racovita-si-cartierul-barabant-din-alba-iulia\/"]}]},{"@type":"ImageObject","inLanguage":"ro-RO","@id":"https:\/\/urbeamea.ro\/albaiulia\/maine-se-sisteaza-furnizarea-apei-potabile-pe-strada-emil-racovita-si-cartierul-barabant-din-alba-iulia\/#primaryimage","url":"https:\/\/urbeamea.ro\/albaiulia\/wp-content\/uploads\/2016\/03\/lucrari.jpg","contentUrl":"https:\/\/urbeamea.ro\/albaiulia\/wp-content\/uploads\/2016\/03\/lucrari.jpg","width":630,"height":365},{"@type":"BreadcrumbList","@id":"https:\/\/urbeamea.ro\/albaiulia\/maine-se-sisteaza-furnizarea-apei-potabile-pe-strada-emil-racovita-si-cartierul-barabant-din-alba-iulia\/#breadcrumb","itemListElement":[{"@type":"ListItem","position":1,"name":"Prima pagin\u0103","item":"https:\/\/urbeamea.ro\/albaiulia\/"},{"@type":"ListItem","position":2,"name":"M\u00c2INE: Se sisteaz\u0103 furnizarea apei potabile pe strada Emil Racovi\u0163\u0103 \u015fi cartierul B\u0103r\u0103ban\u0163 din Alba Iulia"}]},{"@type":"WebSite","@id":"https:\/\/urbeamea.ro\/albaiulia\/#website","url":"https:\/\/urbeamea.ro\/albaiulia\/","name":"Revista Urbea Mea, Stiri urbane","description":"Evenimente \u0219i \u0219tiri din Alba Iulia, Sebe\u0219, Aiud, Blaj","potentialAction":[{"@type":"SearchAction","target":{"@type":"EntryPoint","urlTemplate":"https:\/\/urbeamea.ro\/albaiulia\/?s={search_term_string}"},"query-input":{"@type":"PropertyValueSpecification","valueRequired":true,"valueName":"search_term_string"}}],"inLanguage":"ro-RO"},{"@type":"Person","@id":"https:\/\/urbeamea.ro\/albaiulia\/#\/schema\/person\/9700d21fae21c4f038b0b56f4506264a","name":"Cristina Ganga","image":{"@type":"ImageObject","inLanguage":"ro-RO","@id":"https:\/\/secure.gravatar.com\/avatar\/5a67661041f057b4a8ccaf26f5a8e86e2689372006d01faf3dd9eeb10b654bb4?s=96&d=mm&r=g","url":"https:\/\/secure.gravatar.com\/avatar\/5a67661041f057b4a8ccaf26f5a8e86e2689372006d01faf3dd9eeb10b654bb4?s=96&d=mm&r=g","contentUrl":"https:\/\/secure.gravatar.com\/avatar\/5a67661041f057b4a8ccaf26f5a8e86e2689372006d01faf3dd9eeb10b654bb4?s=96&d=mm&r=g","caption":"Cristina Ganga"},"description":"Jurnalist","sameAs":["https:\/\/www.facebook.com\/cristina.nicola.587"],"url":"https:\/\/urbeamea.ro\/albaiulia\/author\/cristina-nicola\/"}]}},"_links":{"self":[{"href":"https:\/\/urbeamea.ro\/albaiulia\/wp-json\/wp\/v2\/posts\/19697","targetHints":{"allow":["GET"]}}],"collection":[{"href":"https:\/\/urbeamea.ro\/albaiulia\/wp-json\/wp\/v2\/posts"}],"about":[{"href":"https:\/\/urbeamea.ro\/albaiulia\/wp-json\/wp\/v2\/types\/post"}],"author":[{"embeddable":true,"href":"https:\/\/urbeamea.ro\/albaiulia\/wp-json\/wp\/v2\/users\/17"}],"replies":[{"embeddable":true,"href":"https:\/\/urbeamea.ro\/albaiulia\/wp-json\/wp\/v2\/comments?post=19697"}],"version-history":[{"count":0,"href":"https:\/\/urbeamea.ro\/albaiulia\/wp-json\/wp\/v2\/posts\/19697\/revisions"}],"wp:featuredmedia":[{"embeddable":true,"href":"https:\/\/urbeamea.ro\/albaiulia\/wp-json\/wp\/v2\/media\/19359"}],"wp:attachment":[{"href":"https:\/\/urbeamea.ro\/albaiulia\/wp-json\/wp\/v2\/media?parent=19697"}],"wp:term":[{"taxonomy":"category","embeddable":true,"href":"https:\/\/urbeamea.ro\/albaiulia\/wp-json\/wp\/v2\/categories?post=19697"},{"taxonomy":"post_tag","embeddable":true,"href":"https:\/\/urbeamea.ro\/albaiulia\/wp-json\/wp\/v2\/tags?post=19697"}],"curies":[{"name":"wp","href":"https:\/\/api.w.org\/{rel}","templated":true}]}}